{"id":58390,"date":"2026-09-06T12:15:38","date_gmt":"2026-09-06T18:15:38","guid":{"rendered":"https:\/\/continuamosmx.com\/?p=58390"},"modified":"2026-09-06T12:15:38","modified_gmt":"2026-09-06T18:15:38","slug":"anuncian-la-feria-del-empleo-innovacion-y-emprendimiento-huixquilucan-2026","status":"publish","type":"post","link":"https:\/\/continuamosmx.com\/index.php\/2026\/09\/06\/anuncian-la-feria-del-empleo-innovacion-y-emprendimiento-huixquilucan-2026\/","title":{"rendered":"ANUNCIAN LA FERIA DEL EMPLEO, INNOVACI\u00d3N Y EMPRENDIMIENTO HUIXQUILUCAN 2026"},"content":{"rendered":"\n<p class=\"wp-block-paragraph\">*El gobierno municipal, impulsa la reactivaci\u00f3n laboral con la participaci\u00f3n de diversas empresas confirmadas<br><\/p>\n\n\n\n<p class=\"wp-block-paragraph\">La administraci\u00f3n del municipio de Huixquilucan, encabezada por la presidenta municipal Romina Contreras, ha anunciado de manera oficial la realizaci\u00f3n de la Feria del Empleo, Innovaci\u00f3n y Emprendimiento Huixquilucan 2026, un evento estrat\u00e9gico dise\u00f1ado para vincular a los buscadores de empleo con oportunidades laborales formales dentro de la regi\u00f3n.<\/p>\n\n\n\n<p class=\"wp-block-paragraph\">La cita est\u00e1 programada para el pr\u00f3ximo 07 de septiembre en un horario de 10:00 a 16:00 horas. La sede elegida para este encuentro de reclutamiento masivo es la Explanada del Auditorio Municipal de San Crist\u00f3bal Texcalucan.<\/p>\n\n\n\n<p class=\"wp-block-paragraph\">Para esta edici\u00f3n, el evento contar\u00e1 con la participaci\u00f3n de m\u00faltiples empresas e instituciones ya confirmadas que ofrecer\u00e1n diversas vacantes, entre las que destacan Hasbro City, CUSAEM, Torrons Vicens, Bres, Thompson, Secusafe.mx, Betel y Grupo Iess. Las autoridades locales invitan a la ciudadan\u00eda a sumarse a esta iniciativa que busca fortalecer el desarrollo econ\u00f3mico y la empleabilidad. Los interesados pueden realizar su registro previo escaneando el c\u00f3digo QR disponible en la convocatoria oficial.<\/p>\n","protected":false},"excerpt":{"rendered":"<p>*El gobierno municipal, impulsa la reactivaci\u00f3n laboral con la participaci\u00f3n de diversas empresas confirmadas La administraci\u00f3n del municipio de Huixquilucan, encabezada por la presidenta municipal Romina Contreras, ha anunciado de manera oficial la realizaci\u00f3n de la Feria del Empleo, Innovaci\u00f3n y Emprendimiento Huixquilucan 2026, un evento estrat\u00e9gico dise\u00f1ado para vincular a los buscadores de empleo [&hellip;]<\/p>\n","protected":false},"author":6,"featured_media":58391,"comment_status":"closed","ping_status":"closed","sticky":false,"template":"","format":"standard","meta":{"footnotes":""},"categories":[4],"tags":[],"class_list":["post-58390","post","type-post","status-publish","format-standard","has-post-thumbnail","hentry","category-locales"],"yoast_head":"<!-- This site is optimized with the Yoast SEO plugin v28.4 - https:\/\/yoast.com\/product\/yoast-seo-wordpress\/ -->\n<title>ANUNCIAN LA FERIA DEL EMPLEO, INNOVACI\u00d3N Y EMPRENDIMIENTO HUIXQUILUCAN 2026 -<\/title>\n<meta name=\"robots\" content=\"index, follow, max-snippet:-1, max-image-preview:large, max-video-preview:-1\" \/>\n<link rel=\"canonical\" href=\"https:\/\/continuamosmx.com\/index.php\/2026\/09\/06\/anuncian-la-feria-del-empleo-innovacion-y-emprendimiento-huixquilucan-2026\/\" \/>\n<meta property=\"og:locale\" content=\"es_ES\" \/>\n<meta property=\"og:type\" content=\"article\" \/>\n<meta property=\"og:title\" content=\"ANUNCIAN LA FERIA DEL EMPLEO, INNOVACI\u00d3N Y EMPRENDIMIENTO HUIXQUILUCAN 2026 -\" \/>\n<meta property=\"og:description\" content=\"*El gobierno municipal, impulsa la reactivaci\u00f3n laboral con la participaci\u00f3n de diversas empresas confirmadas La administraci\u00f3n del municipio de Huixquilucan, encabezada por la presidenta municipal Romina Contreras, ha anunciado de manera oficial la realizaci\u00f3n de la Feria del Empleo, Innovaci\u00f3n y Emprendimiento Huixquilucan 2026, un evento estrat\u00e9gico dise\u00f1ado para vincular a los buscadores de empleo [&hellip;]\" \/>\n<meta property=\"og:url\" content=\"https:\/\/continuamosmx.com\/index.php\/2026\/09\/06\/anuncian-la-feria-del-empleo-innovacion-y-emprendimiento-huixquilucan-2026\/\" \/>\n<meta property=\"article:published_time\" content=\"2026-09-06T18:15:38+00:00\" \/>\n<meta property=\"og:image\" content=\"https:\/\/continuamosmx.com\/wp-content\/uploads\/2026\/09\/huix-em.png\" \/>\n\t<meta property=\"og:image:width\" content=\"428\" \/>\n\t<meta property=\"og:image:height\" content=\"536\" \/>\n\t<meta property=\"og:image:type\" content=\"image\/png\" \/>\n<meta name=\"author\" content=\"Continuamos MX\" \/>\n<meta name=\"twitter:card\" content=\"summary_large_image\" \/>\n<meta name=\"twitter:label1\" content=\"Escrito por\" \/>\n\t<meta name=\"twitter:data1\" content=\"Continuamos MX\" \/>\n\t<meta name=\"twitter:label2\" content=\"Tiempo de lectura\" \/>\n\t<meta name=\"twitter:data2\" content=\"1 minuto\" \/>\n<script type=\"application\/ld+json\" class=\"yoast-schema-graph\">{\"@context\":\"https:\\\/\\\/schema.org\",\"@graph\":[{\"@type\":\"Article\",\"@id\":\"https:\\\/\\\/continuamosmx.com\\\/index.php\\\/2026\\\/09\\\/06\\\/anuncian-la-feria-del-empleo-innovacion-y-emprendimiento-huixquilucan-2026\\\/#article\",\"isPartOf\":{\"@id\":\"https:\\\/\\\/continuamosmx.com\\\/index.php\\\/2026\\\/09\\\/06\\\/anuncian-la-feria-del-empleo-innovacion-y-emprendimiento-huixquilucan-2026\\\/\"},\"author\":{\"name\":\"Continuamos MX\",\"@id\":\"https:\\\/\\\/continuamosmx.com\\\/#\\\/schema\\\/person\\\/5eb5356acb1fad784da407d14f0e8d89\"},\"headline\":\"ANUNCIAN LA FERIA DEL EMPLEO, INNOVACI\u00d3N Y EMPRENDIMIENTO HUIXQUILUCAN 2026\",\"datePublished\":\"2026-09-06T18:15:38+00:00\",\"mainEntityOfPage\":{\"@id\":\"https:\\\/\\\/continuamosmx.com\\\/index.php\\\/2026\\\/09\\\/06\\\/anuncian-la-feria-del-empleo-innovacion-y-emprendimiento-huixquilucan-2026\\\/\"},\"wordCount\":197,\"publisher\":{\"@id\":\"https:\\\/\\\/continuamosmx.com\\\/#organization\"},\"image\":{\"@id\":\"https:\\\/\\\/continuamosmx.com\\\/index.php\\\/2026\\\/09\\\/06\\\/anuncian-la-feria-del-empleo-innovacion-y-emprendimiento-huixquilucan-2026\\\/#primaryimage\"},\"thumbnailUrl\":\"https:\\\/\\\/continuamosmx.com\\\/wp-content\\\/uploads\\\/2026\\\/09\\\/huix-em.png\",\"articleSection\":[\"LOCALES\"],\"inLanguage\":\"es\"},{\"@type\":\"WebPage\",\"@id\":\"https:\\\/\\\/continuamosmx.com\\\/index.php\\\/2026\\\/09\\\/06\\\/anuncian-la-feria-del-empleo-innovacion-y-emprendimiento-huixquilucan-2026\\\/\",\"url\":\"https:\\\/\\\/continuamosmx.com\\\/index.php\\\/2026\\\/09\\\/06\\\/anuncian-la-feria-del-empleo-innovacion-y-emprendimiento-huixquilucan-2026\\\/\",\"name\":\"ANUNCIAN LA FERIA DEL EMPLEO, INNOVACI\u00d3N Y EMPRENDIMIENTO HUIXQUILUCAN 2026 -\",\"isPartOf\":{\"@id\":\"https:\\\/\\\/continuamosmx.com\\\/#website\"},\"primaryImageOfPage\":{\"@id\":\"https:\\\/\\\/continuamosmx.com\\\/index.php\\\/2026\\\/09\\\/06\\\/anuncian-la-feria-del-empleo-innovacion-y-emprendimiento-huixquilucan-2026\\\/#primaryimage\"},\"image\":{\"@id\":\"https:\\\/\\\/continuamosmx.com\\\/index.php\\\/2026\\\/09\\\/06\\\/anuncian-la-feria-del-empleo-innovacion-y-emprendimiento-huixquilucan-2026\\\/#primaryimage\"},\"thumbnailUrl\":\"https:\\\/\\\/continuamosmx.com\\\/wp-content\\\/uploads\\\/2026\\\/09\\\/huix-em.png\",\"datePublished\":\"2026-09-06T18:15:38+00:00\",\"breadcrumb\":{\"@id\":\"https:\\\/\\\/continuamosmx.com\\\/index.php\\\/2026\\\/09\\\/06\\\/anuncian-la-feria-del-empleo-innovacion-y-emprendimiento-huixquilucan-2026\\\/#breadcrumb\"},\"inLanguage\":\"es\",\"potentialAction\":[{\"@type\":\"ReadAction\",\"target\":[\"https:\\\/\\\/continuamosmx.com\\\/index.php\\\/2026\\\/09\\\/06\\\/anuncian-la-feria-del-empleo-innovacion-y-emprendimiento-huixquilucan-2026\\\/\"]}]},{\"@type\":\"ImageObject\",\"inLanguage\":\"es\",\"@id\":\"https:\\\/\\\/continuamosmx.com\\\/index.php\\\/2026\\\/09\\\/06\\\/anuncian-la-feria-del-empleo-innovacion-y-emprendimiento-huixquilucan-2026\\\/#primaryimage\",\"url\":\"https:\\\/\\\/continuamosmx.com\\\/wp-content\\\/uploads\\\/2026\\\/09\\\/huix-em.png\",\"contentUrl\":\"https:\\\/\\\/continuamosmx.com\\\/wp-content\\\/uploads\\\/2026\\\/09\\\/huix-em.png\",\"width\":428,\"height\":536},{\"@type\":\"BreadcrumbList\",\"@id\":\"https:\\\/\\\/continuamosmx.com\\\/index.php\\\/2026\\\/09\\\/06\\\/anuncian-la-feria-del-empleo-innovacion-y-emprendimiento-huixquilucan-2026\\\/#breadcrumb\",\"itemListElement\":[{\"@type\":\"ListItem\",\"position\":1,\"name\":\"Inicio\",\"item\":\"https:\\\/\\\/continuamosmx.com\\\/\"},{\"@type\":\"ListItem\",\"position\":2,\"name\":\"ANUNCIAN LA FERIA DEL EMPLEO, INNOVACI\u00d3N Y EMPRENDIMIENTO HUIXQUILUCAN 2026\"}]},{\"@type\":\"WebSite\",\"@id\":\"https:\\\/\\\/continuamosmx.com\\\/#website\",\"url\":\"https:\\\/\\\/continuamosmx.com\\\/\",\"name\":\"www.continuamosmx.com\",\"description\":\"\",\"publisher\":{\"@id\":\"https:\\\/\\\/continuamosmx.com\\\/#organization\"},\"potentialAction\":[{\"@type\":\"SearchAction\",\"target\":{\"@type\":\"EntryPoint\",\"urlTemplate\":\"https:\\\/\\\/continuamosmx.com\\\/?s={search_term_string}\"},\"query-input\":{\"@type\":\"PropertyValueSpecification\",\"valueRequired\":true,\"valueName\":\"search_term_string\"}}],\"inLanguage\":\"es\"},{\"@type\":\"Organization\",\"@id\":\"https:\\\/\\\/continuamosmx.com\\\/#organization\",\"name\":\"ContinuamosMX\",\"url\":\"https:\\\/\\\/continuamosmx.com\\\/\",\"logo\":{\"@type\":\"ImageObject\",\"inLanguage\":\"es\",\"@id\":\"https:\\\/\\\/continuamosmx.com\\\/#\\\/schema\\\/logo\\\/image\\\/\",\"url\":\"https:\\\/\\\/continuamosmx.com\\\/wp-content\\\/uploads\\\/2023\\\/04\\\/cropped-LOGO-CONTI-NUEVO.png\",\"contentUrl\":\"https:\\\/\\\/continuamosmx.com\\\/wp-content\\\/uploads\\\/2023\\\/04\\\/cropped-LOGO-CONTI-NUEVO.png\",\"width\":1257,\"height\":430,\"caption\":\"ContinuamosMX\"},\"image\":{\"@id\":\"https:\\\/\\\/continuamosmx.com\\\/#\\\/schema\\\/logo\\\/image\\\/\"}},{\"@type\":\"Person\",\"@id\":\"https:\\\/\\\/continuamosmx.com\\\/#\\\/schema\\\/person\\\/5eb5356acb1fad784da407d14f0e8d89\",\"name\":\"Continuamos MX\",\"image\":{\"@type\":\"ImageObject\",\"inLanguage\":\"es\",\"@id\":\"https:\\\/\\\/secure.gravatar.com\\\/avatar\\\/30d4f9723476a15f4da34d35fb3501f08d2357016c76051c6a85c354c7489589?s=96&d=mm&r=g\",\"url\":\"https:\\\/\\\/secure.gravatar.com\\\/avatar\\\/30d4f9723476a15f4da34d35fb3501f08d2357016c76051c6a85c354c7489589?s=96&d=mm&r=g\",\"contentUrl\":\"https:\\\/\\\/secure.gravatar.com\\\/avatar\\\/30d4f9723476a15f4da34d35fb3501f08d2357016c76051c6a85c354c7489589?s=96&d=mm&r=g\",\"caption\":\"Continuamos MX\"},\"sameAs\":[\"http:\\\/\\\/www.continuamos.mx\"],\"url\":\"https:\\\/\\\/continuamosmx.com\\\/index.php\\\/author\\\/continuamos\\\/\"}]}<\/script>\n<!-- \/ Yoast SEO plugin. -->","yoast_head_json":{"title":"ANUNCIAN LA FERIA DEL EMPLEO, INNOVACI\u00d3N Y EMPRENDIMIENTO HUIXQUILUCAN 2026 -","robots":{"index":"index","follow":"follow","max-snippet":"max-snippet:-1","max-image-preview":"max-image-preview:large","max-video-preview":"max-video-preview:-1"},"canonical":"https:\/\/continuamosmx.com\/index.php\/2026\/09\/06\/anuncian-la-feria-del-empleo-innovacion-y-emprendimiento-huixquilucan-2026\/","og_locale":"es_ES","og_type":"article","og_title":"ANUNCIAN LA FERIA DEL EMPLEO, INNOVACI\u00d3N Y EMPRENDIMIENTO HUIXQUILUCAN 2026 -","og_description":"*El gobierno municipal, impulsa la reactivaci\u00f3n laboral con la participaci\u00f3n de diversas empresas confirmadas La administraci\u00f3n del municipio de Huixquilucan, encabezada por la presidenta municipal Romina Contreras, ha anunciado de manera oficial la realizaci\u00f3n de la Feria del Empleo, Innovaci\u00f3n y Emprendimiento Huixquilucan 2026, un evento estrat\u00e9gico dise\u00f1ado para vincular a los buscadores de empleo [&hellip;]","og_url":"https:\/\/continuamosmx.com\/index.php\/2026\/09\/06\/anuncian-la-feria-del-empleo-innovacion-y-emprendimiento-huixquilucan-2026\/","article_published_time":"2026-09-06T18:15:38+00:00","og_image":[{"width":428,"height":536,"url":"https:\/\/continuamosmx.com\/wp-content\/uploads\/2026\/09\/huix-em.png","type":"image\/png"}],"author":"Continuamos MX","twitter_card":"summary_large_image","twitter_misc":{"Escrito por":"Continuamos MX","Tiempo de lectura":"1 minuto"},"schema":{"@context":"https:\/\/schema.org","@graph":[{"@type":"Article","@id":"https:\/\/continuamosmx.com\/index.php\/2026\/09\/06\/anuncian-la-feria-del-empleo-innovacion-y-emprendimiento-huixquilucan-2026\/#article","isPartOf":{"@id":"https:\/\/continuamosmx.com\/index.php\/2026\/09\/06\/anuncian-la-feria-del-empleo-innovacion-y-emprendimiento-huixquilucan-2026\/"},"author":{"name":"Continuamos MX","@id":"https:\/\/continuamosmx.com\/#\/schema\/person\/5eb5356acb1fad784da407d14f0e8d89"},"headline":"ANUNCIAN LA FERIA DEL EMPLEO, INNOVACI\u00d3N Y EMPRENDIMIENTO HUIXQUILUCAN 2026","datePublished":"2026-09-06T18:15:38+00:00","mainEntityOfPage":{"@id":"https:\/\/continuamosmx.com\/index.php\/2026\/09\/06\/anuncian-la-feria-del-empleo-innovacion-y-emprendimiento-huixquilucan-2026\/"},"wordCount":197,"publisher":{"@id":"https:\/\/continuamosmx.com\/#organization"},"image":{"@id":"https:\/\/continuamosmx.com\/index.php\/2026\/09\/06\/anuncian-la-feria-del-empleo-innovacion-y-emprendimiento-huixquilucan-2026\/#primaryimage"},"thumbnailUrl":"https:\/\/continuamosmx.com\/wp-content\/uploads\/2026\/09\/huix-em.png","articleSection":["LOCALES"],"inLanguage":"es"},{"@type":"WebPage","@id":"https:\/\/continuamosmx.com\/index.php\/2026\/09\/06\/anuncian-la-feria-del-empleo-innovacion-y-emprendimiento-huixquilucan-2026\/","url":"https:\/\/continuamosmx.com\/index.php\/2026\/09\/06\/anuncian-la-feria-del-empleo-innovacion-y-emprendimiento-huixquilucan-2026\/","name":"ANUNCIAN LA FERIA DEL EMPLEO, INNOVACI\u00d3N Y EMPRENDIMIENTO HUIXQUILUCAN 2026 -","isPartOf":{"@id":"https:\/\/continuamosmx.com\/#website"},"primaryImageOfPage":{"@id":"https:\/\/continuamosmx.com\/index.php\/2026\/09\/06\/anuncian-la-feria-del-empleo-innovacion-y-emprendimiento-huixquilucan-2026\/#primaryimage"},"image":{"@id":"https:\/\/continuamosmx.com\/index.php\/2026\/09\/06\/anuncian-la-feria-del-empleo-innovacion-y-emprendimiento-huixquilucan-2026\/#primaryimage"},"thumbnailUrl":"https:\/\/continuamosmx.com\/wp-content\/uploads\/2026\/09\/huix-em.png","datePublished":"2026-09-06T18:15:38+00:00","breadcrumb":{"@id":"https:\/\/continuamosmx.com\/index.php\/2026\/09\/06\/anuncian-la-feria-del-empleo-innovacion-y-emprendimiento-huixquilucan-2026\/#breadcrumb"},"inLanguage":"es","potentialAction":[{"@type":"ReadAction","target":["https:\/\/continuamosmx.com\/index.php\/2026\/09\/06\/anuncian-la-feria-del-empleo-innovacion-y-emprendimiento-huixquilucan-2026\/"]}]},{"@type":"ImageObject","inLanguage":"es","@id":"https:\/\/continuamosmx.com\/index.php\/2026\/09\/06\/anuncian-la-feria-del-empleo-innovacion-y-emprendimiento-huixquilucan-2026\/#primaryimage","url":"https:\/\/continuamosmx.com\/wp-content\/uploads\/2026\/09\/huix-em.png","contentUrl":"https:\/\/continuamosmx.com\/wp-content\/uploads\/2026\/09\/huix-em.png","width":428,"height":536},{"@type":"BreadcrumbList","@id":"https:\/\/continuamosmx.com\/index.php\/2026\/09\/06\/anuncian-la-feria-del-empleo-innovacion-y-emprendimiento-huixquilucan-2026\/#breadcrumb","itemListElement":[{"@type":"ListItem","position":1,"name":"Inicio","item":"https:\/\/continuamosmx.com\/"},{"@type":"ListItem","position":2,"name":"ANUNCIAN LA FERIA DEL EMPLEO, INNOVACI\u00d3N Y EMPRENDIMIENTO HUIXQUILUCAN 2026"}]},{"@type":"WebSite","@id":"https:\/\/continuamosmx.com\/#website","url":"https:\/\/continuamosmx.com\/","name":"www.continuamosmx.com","description":"","publisher":{"@id":"https:\/\/continuamosmx.com\/#organization"},"potentialAction":[{"@type":"SearchAction","target":{"@type":"EntryPoint","urlTemplate":"https:\/\/continuamosmx.com\/?s={search_term_string}"},"query-input":{"@type":"PropertyValueSpecification","valueRequired":true,"valueName":"search_term_string"}}],"inLanguage":"es"},{"@type":"Organization","@id":"https:\/\/continuamosmx.com\/#organization","name":"ContinuamosMX","url":"https:\/\/continuamosmx.com\/","logo":{"@type":"ImageObject","inLanguage":"es","@id":"https:\/\/continuamosmx.com\/#\/schema\/logo\/image\/","url":"https:\/\/continuamosmx.com\/wp-content\/uploads\/2023\/04\/cropped-LOGO-CONTI-NUEVO.png","contentUrl":"https:\/\/continuamosmx.com\/wp-content\/uploads\/2023\/04\/cropped-LOGO-CONTI-NUEVO.png","width":1257,"height":430,"caption":"ContinuamosMX"},"image":{"@id":"https:\/\/continuamosmx.com\/#\/schema\/logo\/image\/"}},{"@type":"Person","@id":"https:\/\/continuamosmx.com\/#\/schema\/person\/5eb5356acb1fad784da407d14f0e8d89","name":"Continuamos MX","image":{"@type":"ImageObject","inLanguage":"es","@id":"https:\/\/secure.gravatar.com\/avatar\/30d4f9723476a15f4da34d35fb3501f08d2357016c76051c6a85c354c7489589?s=96&d=mm&r=g","url":"https:\/\/secure.gravatar.com\/avatar\/30d4f9723476a15f4da34d35fb3501f08d2357016c76051c6a85c354c7489589?s=96&d=mm&r=g","contentUrl":"https:\/\/secure.gravatar.com\/avatar\/30d4f9723476a15f4da34d35fb3501f08d2357016c76051c6a85c354c7489589?s=96&d=mm&r=g","caption":"Continuamos MX"},"sameAs":["http:\/\/www.continuamos.mx"],"url":"https:\/\/continuamosmx.com\/index.php\/author\/continuamos\/"}]}},"_links":{"self":[{"href":"https:\/\/continuamosmx.com\/index.php\/wp-json\/wp\/v2\/posts\/58390","targetHints":{"allow":["GET"]}}],"collection":[{"href":"https:\/\/continuamosmx.com\/index.php\/wp-json\/wp\/v2\/posts"}],"about":[{"href":"https:\/\/continuamosmx.com\/index.php\/wp-json\/wp\/v2\/types\/post"}],"author":[{"embeddable":true,"href":"https:\/\/continuamosmx.com\/index.php\/wp-json\/wp\/v2\/users\/6"}],"replies":[{"embeddable":true,"href":"https:\/\/continuamosmx.com\/index.php\/wp-json\/wp\/v2\/comments?post=58390"}],"version-history":[{"count":1,"href":"https:\/\/continuamosmx.com\/index.php\/wp-json\/wp\/v2\/posts\/58390\/revisions"}],"predecessor-version":[{"id":58392,"href":"https:\/\/continuamosmx.com\/index.php\/wp-json\/wp\/v2\/posts\/58390\/revisions\/58392"}],"wp:featuredmedia":[{"embeddable":true,"href":"https:\/\/continuamosmx.com\/index.php\/wp-json\/wp\/v2\/media\/58391"}],"wp:attachment":[{"href":"https:\/\/continuamosmx.com\/index.php\/wp-json\/wp\/v2\/media?parent=58390"}],"wp:term":[{"taxonomy":"category","embeddable":true,"href":"https:\/\/continuamosmx.com\/index.php\/wp-json\/wp\/v2\/categories?post=58390"},{"taxonomy":"post_tag","embeddable":true,"href":"https:\/\/continuamosmx.com\/index.php\/wp-json\/wp\/v2\/tags?post=58390"}],"curies":[{"name":"wp","href":"https:\/\/api.w.org\/{rel}","templated":true}]}}