{"id":58384,"date":"2026-09-06T11:58:50","date_gmt":"2026-09-06T17:58:50","guid":{"rendered":"https:\/\/continuamosmx.com\/?p=58384"},"modified":"2026-09-06T11:58:51","modified_gmt":"2026-09-06T17:58:51","slug":"avanza-al-40-el-plan-oriente-del-edomex-con-obras-historicas-y-justicia-social-para-10-millones-de-habitantes","status":"publish","type":"post","link":"https:\/\/continuamosmx.com\/index.php\/2026\/09\/06\/avanza-al-40-el-plan-oriente-del-edomex-con-obras-historicas-y-justicia-social-para-10-millones-de-habitantes\/","title":{"rendered":"AVANZA AL 40 % EL PLAN ORIENTE DEL EDOM\u00c9X CON OBRAS HIST\u00d3RICAS Y JUSTICIA SOCIAL PARA 10 MILLONES DE HABITANTES"},"content":{"rendered":"\n<h2 class=\"wp-block-heading\">*<strong>La Presidenta Claudia Sheinbaum destaca durante su informe los avances de este proyecto metropolitano para saldar la deuda hist\u00f3rica en diez municipios.<\/strong><\/h2>\n\n\n\n<p class=\"wp-block-paragraph\"><strong>TOLUCA, Estado de M\u00e9xico.<\/strong> \u2013 Al presentar los avances del Plan de la Zona Oriente del Estado de M\u00e9xico, la Presidenta Claudia Sheinbaum Pardo, acompa\u00f1ada por la Gobernadora Delfina G\u00f3mez \u00c1lvarez, inform\u00f3 que este proyecto estrat\u00e9gico registra un avance del 40 por ciento en beneficio de 10 millones de habitantes.<\/p>\n\n\n\n<p class=\"wp-block-paragraph\">Para revertir el rezago hist\u00f3rico de la regi\u00f3n, la estrategia conjunta entre los tres \u00f3rdenes de gobierno contempla una inversi\u00f3n total de 75 mil 786 millones de pesos destinada a 121 programas y acciones prioritarias. Del presupuesto asignado, el 60 por ciento es aportado por la Federaci\u00f3n, el 30 por ciento por el Gobierno estatal y el 10 por ciento restante por los municipios participantes.<\/p>\n\n\n\n<p class=\"wp-block-paragraph\">El plan beneficia directamente a los habitantes de Chalco, Chicoloapan, Chimalhuac\u00e1n, Ecatepec, Ixtapaluca, La Paz, Nezahualc\u00f3yotl, Texcoco, Tlalnepantla y Valle de Chalco, mediante ejes rectores enfocados en:<\/p>\n\n\n\n<ul class=\"wp-block-list\">\n<li><strong>Movilidad y Conectividad:<\/strong> Implementaci\u00f3n del Troleb\u00fas Mexiquense, mejoramiento de vialidades con trenes de pavimentaci\u00f3n y construcci\u00f3n de puentes y senderos seguros.<\/li>\n\n\n\n<li><strong>Seguridad P\u00fablica:<\/strong> Operaci\u00f3n del Mando Unificado con la coordinaci\u00f3n de fuerzas federales, estatales y municipales.<\/li>\n\n\n\n<li><strong>Educaci\u00f3n y Bienestar:<\/strong> Creaci\u00f3n de nuevos espacios educativos, incluyendo planteles de los Bachilleratos Nacionales Margarita Maza y de la Universidad Nacional Rosario Castellanos.<\/li>\n\n\n\n<li><strong>Infraestructura Hidr\u00e1ulica y Vivienda:<\/strong> Desarrollo de 100 obras para optimizar el drenaje y el suministro de agua potable, adem\u00e1s de programas de vivienda que favorecen a 97 mil personas.<\/li>\n<\/ul>\n\n\n\n<p class=\"wp-block-paragraph\">Con estas acciones coordinadas, el Gobierno de M\u00e9xico y la administraci\u00f3n estatal buscan consolidar la justicia social y garantizar mayores oportunidades de desarrollo en una de las regiones m\u00e1s pobladas del pa\u00eds.<\/p>\n\n\n\n<figure class=\"wp-block-gallery has-nested-images columns-default is-cropped wp-block-gallery-1 is-layout-flex wp-block-gallery-is-layout-flex\">\n<figure class=\"wp-block-image size-large\"><img loading=\"lazy\" decoding=\"async\" width=\"1024\" height=\"682\" data-id=\"58386\" src=\"https:\/\/continuamosmx.com\/wp-content\/uploads\/2026\/09\/WhatsApp-Image-2026-09-06-at-11.35.06-AM-2-1024x682.jpeg\" alt=\"\" class=\"wp-image-58386\" srcset=\"https:\/\/continuamosmx.com\/wp-content\/uploads\/2026\/09\/WhatsApp-Image-2026-09-06-at-11.35.06-AM-2-1024x682.jpeg 1024w, https:\/\/continuamosmx.com\/wp-content\/uploads\/2026\/09\/WhatsApp-Image-2026-09-06-at-11.35.06-AM-2-300x200.jpeg 300w, https:\/\/continuamosmx.com\/wp-content\/uploads\/2026\/09\/WhatsApp-Image-2026-09-06-at-11.35.06-AM-2-768x512.jpeg 768w, https:\/\/continuamosmx.com\/wp-content\/uploads\/2026\/09\/WhatsApp-Image-2026-09-06-at-11.35.06-AM-2-1536x1023.jpeg 1536w, https:\/\/continuamosmx.com\/wp-content\/uploads\/2026\/09\/WhatsApp-Image-2026-09-06-at-11.35.06-AM-2.jpeg 1600w\" sizes=\"auto, (max-width: 1024px) 100vw, 1024px\" \/><\/figure>\n\n\n\n<figure class=\"wp-block-image size-large\"><img loading=\"lazy\" decoding=\"async\" width=\"1024\" height=\"682\" data-id=\"58387\" src=\"https:\/\/continuamosmx.com\/wp-content\/uploads\/2026\/09\/WhatsApp-Image-2026-09-06-at-11.35.06-AM-1-1024x682.jpeg\" alt=\"\" class=\"wp-image-58387\" srcset=\"https:\/\/continuamosmx.com\/wp-content\/uploads\/2026\/09\/WhatsApp-Image-2026-09-06-at-11.35.06-AM-1-1024x682.jpeg 1024w, https:\/\/continuamosmx.com\/wp-content\/uploads\/2026\/09\/WhatsApp-Image-2026-09-06-at-11.35.06-AM-1-300x200.jpeg 300w, https:\/\/continuamosmx.com\/wp-content\/uploads\/2026\/09\/WhatsApp-Image-2026-09-06-at-11.35.06-AM-1-768x512.jpeg 768w, https:\/\/continuamosmx.com\/wp-content\/uploads\/2026\/09\/WhatsApp-Image-2026-09-06-at-11.35.06-AM-1-1536x1023.jpeg 1536w, https:\/\/continuamosmx.com\/wp-content\/uploads\/2026\/09\/WhatsApp-Image-2026-09-06-at-11.35.06-AM-1.jpeg 1600w\" sizes=\"auto, (max-width: 1024px) 100vw, 1024px\" \/><\/figure>\n\n\n\n<figure class=\"wp-block-image size-large\"><img loading=\"lazy\" decoding=\"async\" width=\"1024\" height=\"672\" data-id=\"58388\" src=\"https:\/\/continuamosmx.com\/wp-content\/uploads\/2026\/09\/WhatsApp-Image-2026-09-06-at-11.35.06-AM-1024x672.jpeg\" alt=\"\" class=\"wp-image-58388\" srcset=\"https:\/\/continuamosmx.com\/wp-content\/uploads\/2026\/09\/WhatsApp-Image-2026-09-06-at-11.35.06-AM-1024x672.jpeg 1024w, https:\/\/continuamosmx.com\/wp-content\/uploads\/2026\/09\/WhatsApp-Image-2026-09-06-at-11.35.06-AM-300x197.jpeg 300w, https:\/\/continuamosmx.com\/wp-content\/uploads\/2026\/09\/WhatsApp-Image-2026-09-06-at-11.35.06-AM-768x504.jpeg 768w, https:\/\/continuamosmx.com\/wp-content\/uploads\/2026\/09\/WhatsApp-Image-2026-09-06-at-11.35.06-AM.jpeg 1104w\" sizes=\"auto, (max-width: 1024px) 100vw, 1024px\" \/><\/figure>\n<\/figure>\n","protected":false},"excerpt":{"rendered":"<p>*La Presidenta Claudia Sheinbaum destaca durante su informe los avances de este proyecto metropolitano para saldar la deuda hist\u00f3rica en diez municipios. TOLUCA, Estado de M\u00e9xico. \u2013 Al presentar los avances del Plan de la Zona Oriente del Estado de M\u00e9xico, la Presidenta Claudia Sheinbaum Pardo, acompa\u00f1ada por la Gobernadora Delfina G\u00f3mez \u00c1lvarez, inform\u00f3 que [&hellip;]<\/p>\n","protected":false},"author":6,"featured_media":58385,"comment_status":"closed","ping_status":"closed","sticky":false,"template":"","format":"standard","meta":{"footnotes":""},"categories":[4],"tags":[],"class_list":["post-58384","post","type-post","status-publish","format-standard","has-post-thumbnail","hentry","category-locales"],"yoast_head":"<!-- This site is optimized with the Yoast SEO plugin v28.4 - https:\/\/yoast.com\/product\/yoast-seo-wordpress\/ -->\n<title>AVANZA AL 40 % EL PLAN ORIENTE DEL EDOM\u00c9X CON OBRAS HIST\u00d3RICAS Y JUSTICIA SOCIAL PARA 10 MILLONES DE HABITANTES -<\/title>\n<meta name=\"robots\" content=\"index, follow, max-snippet:-1, max-image-preview:large, max-video-preview:-1\" \/>\n<link rel=\"canonical\" href=\"https:\/\/continuamosmx.com\/index.php\/2026\/09\/06\/avanza-al-40-el-plan-oriente-del-edomex-con-obras-historicas-y-justicia-social-para-10-millones-de-habitantes\/\" \/>\n<meta property=\"og:locale\" content=\"es_ES\" \/>\n<meta property=\"og:type\" content=\"article\" \/>\n<meta property=\"og:title\" content=\"AVANZA AL 40 % EL PLAN ORIENTE DEL EDOM\u00c9X CON OBRAS HIST\u00d3RICAS Y JUSTICIA SOCIAL PARA 10 MILLONES DE HABITANTES -\" \/>\n<meta property=\"og:description\" content=\"*La Presidenta Claudia Sheinbaum destaca durante su informe los avances de este proyecto metropolitano para saldar la deuda hist\u00f3rica en diez municipios. TOLUCA, Estado de M\u00e9xico. \u2013 Al presentar los avances del Plan de la Zona Oriente del Estado de M\u00e9xico, la Presidenta Claudia Sheinbaum Pardo, acompa\u00f1ada por la Gobernadora Delfina G\u00f3mez \u00c1lvarez, inform\u00f3 que [&hellip;]\" \/>\n<meta property=\"og:url\" content=\"https:\/\/continuamosmx.com\/index.php\/2026\/09\/06\/avanza-al-40-el-plan-oriente-del-edomex-con-obras-historicas-y-justicia-social-para-10-millones-de-habitantes\/\" \/>\n<meta property=\"article:published_time\" content=\"2026-09-06T17:58:50+00:00\" \/>\n<meta property=\"article:modified_time\" content=\"2026-09-06T17:58:51+00:00\" \/>\n<meta property=\"og:image\" content=\"https:\/\/continuamosmx.com\/wp-content\/uploads\/2026\/09\/WhatsApp-Image-2026-09-06-at-11.35.05-AM.jpeg\" \/>\n\t<meta property=\"og:image:width\" content=\"877\" \/>\n\t<meta property=\"og:image:height\" content=\"606\" \/>\n\t<meta property=\"og:image:type\" content=\"image\/jpeg\" \/>\n<meta name=\"author\" content=\"Continuamos MX\" \/>\n<meta name=\"twitter:card\" content=\"summary_large_image\" \/>\n<meta name=\"twitter:label1\" content=\"Escrito por\" \/>\n\t<meta name=\"twitter:data1\" content=\"Continuamos MX\" \/>\n\t<meta name=\"twitter:label2\" content=\"Tiempo de lectura\" \/>\n\t<meta name=\"twitter:data2\" content=\"3 minutos\" \/>\n<script type=\"application\/ld+json\" class=\"yoast-schema-graph\">{\"@context\":\"https:\\\/\\\/schema.org\",\"@graph\":[{\"@type\":\"Article\",\"@id\":\"https:\\\/\\\/continuamosmx.com\\\/index.php\\\/2026\\\/09\\\/06\\\/avanza-al-40-el-plan-oriente-del-edomex-con-obras-historicas-y-justicia-social-para-10-millones-de-habitantes\\\/#article\",\"isPartOf\":{\"@id\":\"https:\\\/\\\/continuamosmx.com\\\/index.php\\\/2026\\\/09\\\/06\\\/avanza-al-40-el-plan-oriente-del-edomex-con-obras-historicas-y-justicia-social-para-10-millones-de-habitantes\\\/\"},\"author\":{\"name\":\"Continuamos MX\",\"@id\":\"https:\\\/\\\/continuamosmx.com\\\/#\\\/schema\\\/person\\\/5eb5356acb1fad784da407d14f0e8d89\"},\"headline\":\"AVANZA AL 40 % EL PLAN ORIENTE DEL EDOM\u00c9X CON OBRAS HIST\u00d3RICAS Y JUSTICIA SOCIAL PARA 10 MILLONES DE HABITANTES\",\"datePublished\":\"2026-09-06T17:58:50+00:00\",\"dateModified\":\"2026-09-06T17:58:51+00:00\",\"mainEntityOfPage\":{\"@id\":\"https:\\\/\\\/continuamosmx.com\\\/index.php\\\/2026\\\/09\\\/06\\\/avanza-al-40-el-plan-oriente-del-edomex-con-obras-historicas-y-justicia-social-para-10-millones-de-habitantes\\\/\"},\"wordCount\":319,\"publisher\":{\"@id\":\"https:\\\/\\\/continuamosmx.com\\\/#organization\"},\"image\":{\"@id\":\"https:\\\/\\\/continuamosmx.com\\\/index.php\\\/2026\\\/09\\\/06\\\/avanza-al-40-el-plan-oriente-del-edomex-con-obras-historicas-y-justicia-social-para-10-millones-de-habitantes\\\/#primaryimage\"},\"thumbnailUrl\":\"https:\\\/\\\/continuamosmx.com\\\/wp-content\\\/uploads\\\/2026\\\/09\\\/WhatsApp-Image-2026-09-06-at-11.35.05-AM.jpeg\",\"articleSection\":[\"LOCALES\"],\"inLanguage\":\"es\"},{\"@type\":\"WebPage\",\"@id\":\"https:\\\/\\\/continuamosmx.com\\\/index.php\\\/2026\\\/09\\\/06\\\/avanza-al-40-el-plan-oriente-del-edomex-con-obras-historicas-y-justicia-social-para-10-millones-de-habitantes\\\/\",\"url\":\"https:\\\/\\\/continuamosmx.com\\\/index.php\\\/2026\\\/09\\\/06\\\/avanza-al-40-el-plan-oriente-del-edomex-con-obras-historicas-y-justicia-social-para-10-millones-de-habitantes\\\/\",\"name\":\"AVANZA AL 40 % EL PLAN ORIENTE DEL EDOM\u00c9X CON OBRAS HIST\u00d3RICAS Y JUSTICIA SOCIAL PARA 10 MILLONES DE HABITANTES -\",\"isPartOf\":{\"@id\":\"https:\\\/\\\/continuamosmx.com\\\/#website\"},\"primaryImageOfPage\":{\"@id\":\"https:\\\/\\\/continuamosmx.com\\\/index.php\\\/2026\\\/09\\\/06\\\/avanza-al-40-el-plan-oriente-del-edomex-con-obras-historicas-y-justicia-social-para-10-millones-de-habitantes\\\/#primaryimage\"},\"image\":{\"@id\":\"https:\\\/\\\/continuamosmx.com\\\/index.php\\\/2026\\\/09\\\/06\\\/avanza-al-40-el-plan-oriente-del-edomex-con-obras-historicas-y-justicia-social-para-10-millones-de-habitantes\\\/#primaryimage\"},\"thumbnailUrl\":\"https:\\\/\\\/continuamosmx.com\\\/wp-content\\\/uploads\\\/2026\\\/09\\\/WhatsApp-Image-2026-09-06-at-11.35.05-AM.jpeg\",\"datePublished\":\"2026-09-06T17:58:50+00:00\",\"dateModified\":\"2026-09-06T17:58:51+00:00\",\"breadcrumb\":{\"@id\":\"https:\\\/\\\/continuamosmx.com\\\/index.php\\\/2026\\\/09\\\/06\\\/avanza-al-40-el-plan-oriente-del-edomex-con-obras-historicas-y-justicia-social-para-10-millones-de-habitantes\\\/#breadcrumb\"},\"inLanguage\":\"es\",\"potentialAction\":[{\"@type\":\"ReadAction\",\"target\":[\"https:\\\/\\\/continuamosmx.com\\\/index.php\\\/2026\\\/09\\\/06\\\/avanza-al-40-el-plan-oriente-del-edomex-con-obras-historicas-y-justicia-social-para-10-millones-de-habitantes\\\/\"]}]},{\"@type\":\"ImageObject\",\"inLanguage\":\"es\",\"@id\":\"https:\\\/\\\/continuamosmx.com\\\/index.php\\\/2026\\\/09\\\/06\\\/avanza-al-40-el-plan-oriente-del-edomex-con-obras-historicas-y-justicia-social-para-10-millones-de-habitantes\\\/#primaryimage\",\"url\":\"https:\\\/\\\/continuamosmx.com\\\/wp-content\\\/uploads\\\/2026\\\/09\\\/WhatsApp-Image-2026-09-06-at-11.35.05-AM.jpeg\",\"contentUrl\":\"https:\\\/\\\/continuamosmx.com\\\/wp-content\\\/uploads\\\/2026\\\/09\\\/WhatsApp-Image-2026-09-06-at-11.35.05-AM.jpeg\",\"width\":877,\"height\":606},{\"@type\":\"BreadcrumbList\",\"@id\":\"https:\\\/\\\/continuamosmx.com\\\/index.php\\\/2026\\\/09\\\/06\\\/avanza-al-40-el-plan-oriente-del-edomex-con-obras-historicas-y-justicia-social-para-10-millones-de-habitantes\\\/#breadcrumb\",\"itemListElement\":[{\"@type\":\"ListItem\",\"position\":1,\"name\":\"Inicio\",\"item\":\"https:\\\/\\\/continuamosmx.com\\\/\"},{\"@type\":\"ListItem\",\"position\":2,\"name\":\"AVANZA AL 40 % EL PLAN ORIENTE DEL EDOM\u00c9X CON OBRAS HIST\u00d3RICAS Y JUSTICIA SOCIAL PARA 10 MILLONES DE HABITANTES\"}]},{\"@type\":\"WebSite\",\"@id\":\"https:\\\/\\\/continuamosmx.com\\\/#website\",\"url\":\"https:\\\/\\\/continuamosmx.com\\\/\",\"name\":\"www.continuamosmx.com\",\"description\":\"\",\"publisher\":{\"@id\":\"https:\\\/\\\/continuamosmx.com\\\/#organization\"},\"potentialAction\":[{\"@type\":\"SearchAction\",\"target\":{\"@type\":\"EntryPoint\",\"urlTemplate\":\"https:\\\/\\\/continuamosmx.com\\\/?s={search_term_string}\"},\"query-input\":{\"@type\":\"PropertyValueSpecification\",\"valueRequired\":true,\"valueName\":\"search_term_string\"}}],\"inLanguage\":\"es\"},{\"@type\":\"Organization\",\"@id\":\"https:\\\/\\\/continuamosmx.com\\\/#organization\",\"name\":\"ContinuamosMX\",\"url\":\"https:\\\/\\\/continuamosmx.com\\\/\",\"logo\":{\"@type\":\"ImageObject\",\"inLanguage\":\"es\",\"@id\":\"https:\\\/\\\/continuamosmx.com\\\/#\\\/schema\\\/logo\\\/image\\\/\",\"url\":\"https:\\\/\\\/continuamosmx.com\\\/wp-content\\\/uploads\\\/2023\\\/04\\\/cropped-LOGO-CONTI-NUEVO.png\",\"contentUrl\":\"https:\\\/\\\/continuamosmx.com\\\/wp-content\\\/uploads\\\/2023\\\/04\\\/cropped-LOGO-CONTI-NUEVO.png\",\"width\":1257,\"height\":430,\"caption\":\"ContinuamosMX\"},\"image\":{\"@id\":\"https:\\\/\\\/continuamosmx.com\\\/#\\\/schema\\\/logo\\\/image\\\/\"}},{\"@type\":\"Person\",\"@id\":\"https:\\\/\\\/continuamosmx.com\\\/#\\\/schema\\\/person\\\/5eb5356acb1fad784da407d14f0e8d89\",\"name\":\"Continuamos MX\",\"image\":{\"@type\":\"ImageObject\",\"inLanguage\":\"es\",\"@id\":\"https:\\\/\\\/secure.gravatar.com\\\/avatar\\\/30d4f9723476a15f4da34d35fb3501f08d2357016c76051c6a85c354c7489589?s=96&d=mm&r=g\",\"url\":\"https:\\\/\\\/secure.gravatar.com\\\/avatar\\\/30d4f9723476a15f4da34d35fb3501f08d2357016c76051c6a85c354c7489589?s=96&d=mm&r=g\",\"contentUrl\":\"https:\\\/\\\/secure.gravatar.com\\\/avatar\\\/30d4f9723476a15f4da34d35fb3501f08d2357016c76051c6a85c354c7489589?s=96&d=mm&r=g\",\"caption\":\"Continuamos MX\"},\"sameAs\":[\"http:\\\/\\\/www.continuamos.mx\"],\"url\":\"https:\\\/\\\/continuamosmx.com\\\/index.php\\\/author\\\/continuamos\\\/\"}]}<\/script>\n<!-- \/ Yoast SEO plugin. -->","yoast_head_json":{"title":"AVANZA AL 40 % EL PLAN ORIENTE DEL EDOM\u00c9X CON OBRAS HIST\u00d3RICAS Y JUSTICIA SOCIAL PARA 10 MILLONES DE HABITANTES -","robots":{"index":"index","follow":"follow","max-snippet":"max-snippet:-1","max-image-preview":"max-image-preview:large","max-video-preview":"max-video-preview:-1"},"canonical":"https:\/\/continuamosmx.com\/index.php\/2026\/09\/06\/avanza-al-40-el-plan-oriente-del-edomex-con-obras-historicas-y-justicia-social-para-10-millones-de-habitantes\/","og_locale":"es_ES","og_type":"article","og_title":"AVANZA AL 40 % EL PLAN ORIENTE DEL EDOM\u00c9X CON OBRAS HIST\u00d3RICAS Y JUSTICIA SOCIAL PARA 10 MILLONES DE HABITANTES -","og_description":"*La Presidenta Claudia Sheinbaum destaca durante su informe los avances de este proyecto metropolitano para saldar la deuda hist\u00f3rica en diez municipios. TOLUCA, Estado de M\u00e9xico. \u2013 Al presentar los avances del Plan de la Zona Oriente del Estado de M\u00e9xico, la Presidenta Claudia Sheinbaum Pardo, acompa\u00f1ada por la Gobernadora Delfina G\u00f3mez \u00c1lvarez, inform\u00f3 que [&hellip;]","og_url":"https:\/\/continuamosmx.com\/index.php\/2026\/09\/06\/avanza-al-40-el-plan-oriente-del-edomex-con-obras-historicas-y-justicia-social-para-10-millones-de-habitantes\/","article_published_time":"2026-09-06T17:58:50+00:00","article_modified_time":"2026-09-06T17:58:51+00:00","og_image":[{"width":877,"height":606,"url":"https:\/\/continuamosmx.com\/wp-content\/uploads\/2026\/09\/WhatsApp-Image-2026-09-06-at-11.35.05-AM.jpeg","type":"image\/jpeg"}],"author":"Continuamos MX","twitter_card":"summary_large_image","twitter_misc":{"Escrito por":"Continuamos MX","Tiempo de lectura":"3 minutos"},"schema":{"@context":"https:\/\/schema.org","@graph":[{"@type":"Article","@id":"https:\/\/continuamosmx.com\/index.php\/2026\/09\/06\/avanza-al-40-el-plan-oriente-del-edomex-con-obras-historicas-y-justicia-social-para-10-millones-de-habitantes\/#article","isPartOf":{"@id":"https:\/\/continuamosmx.com\/index.php\/2026\/09\/06\/avanza-al-40-el-plan-oriente-del-edomex-con-obras-historicas-y-justicia-social-para-10-millones-de-habitantes\/"},"author":{"name":"Continuamos MX","@id":"https:\/\/continuamosmx.com\/#\/schema\/person\/5eb5356acb1fad784da407d14f0e8d89"},"headline":"AVANZA AL 40 % EL PLAN ORIENTE DEL EDOM\u00c9X CON OBRAS HIST\u00d3RICAS Y JUSTICIA SOCIAL PARA 10 MILLONES DE HABITANTES","datePublished":"2026-09-06T17:58:50+00:00","dateModified":"2026-09-06T17:58:51+00:00","mainEntityOfPage":{"@id":"https:\/\/continuamosmx.com\/index.php\/2026\/09\/06\/avanza-al-40-el-plan-oriente-del-edomex-con-obras-historicas-y-justicia-social-para-10-millones-de-habitantes\/"},"wordCount":319,"publisher":{"@id":"https:\/\/continuamosmx.com\/#organization"},"image":{"@id":"https:\/\/continuamosmx.com\/index.php\/2026\/09\/06\/avanza-al-40-el-plan-oriente-del-edomex-con-obras-historicas-y-justicia-social-para-10-millones-de-habitantes\/#primaryimage"},"thumbnailUrl":"https:\/\/continuamosmx.com\/wp-content\/uploads\/2026\/09\/WhatsApp-Image-2026-09-06-at-11.35.05-AM.jpeg","articleSection":["LOCALES"],"inLanguage":"es"},{"@type":"WebPage","@id":"https:\/\/continuamosmx.com\/index.php\/2026\/09\/06\/avanza-al-40-el-plan-oriente-del-edomex-con-obras-historicas-y-justicia-social-para-10-millones-de-habitantes\/","url":"https:\/\/continuamosmx.com\/index.php\/2026\/09\/06\/avanza-al-40-el-plan-oriente-del-edomex-con-obras-historicas-y-justicia-social-para-10-millones-de-habitantes\/","name":"AVANZA AL 40 % EL PLAN ORIENTE DEL EDOM\u00c9X CON OBRAS HIST\u00d3RICAS Y JUSTICIA SOCIAL PARA 10 MILLONES DE HABITANTES -","isPartOf":{"@id":"https:\/\/continuamosmx.com\/#website"},"primaryImageOfPage":{"@id":"https:\/\/continuamosmx.com\/index.php\/2026\/09\/06\/avanza-al-40-el-plan-oriente-del-edomex-con-obras-historicas-y-justicia-social-para-10-millones-de-habitantes\/#primaryimage"},"image":{"@id":"https:\/\/continuamosmx.com\/index.php\/2026\/09\/06\/avanza-al-40-el-plan-oriente-del-edomex-con-obras-historicas-y-justicia-social-para-10-millones-de-habitantes\/#primaryimage"},"thumbnailUrl":"https:\/\/continuamosmx.com\/wp-content\/uploads\/2026\/09\/WhatsApp-Image-2026-09-06-at-11.35.05-AM.jpeg","datePublished":"2026-09-06T17:58:50+00:00","dateModified":"2026-09-06T17:58:51+00:00","breadcrumb":{"@id":"https:\/\/continuamosmx.com\/index.php\/2026\/09\/06\/avanza-al-40-el-plan-oriente-del-edomex-con-obras-historicas-y-justicia-social-para-10-millones-de-habitantes\/#breadcrumb"},"inLanguage":"es","potentialAction":[{"@type":"ReadAction","target":["https:\/\/continuamosmx.com\/index.php\/2026\/09\/06\/avanza-al-40-el-plan-oriente-del-edomex-con-obras-historicas-y-justicia-social-para-10-millones-de-habitantes\/"]}]},{"@type":"ImageObject","inLanguage":"es","@id":"https:\/\/continuamosmx.com\/index.php\/2026\/09\/06\/avanza-al-40-el-plan-oriente-del-edomex-con-obras-historicas-y-justicia-social-para-10-millones-de-habitantes\/#primaryimage","url":"https:\/\/continuamosmx.com\/wp-content\/uploads\/2026\/09\/WhatsApp-Image-2026-09-06-at-11.35.05-AM.jpeg","contentUrl":"https:\/\/continuamosmx.com\/wp-content\/uploads\/2026\/09\/WhatsApp-Image-2026-09-06-at-11.35.05-AM.jpeg","width":877,"height":606},{"@type":"BreadcrumbList","@id":"https:\/\/continuamosmx.com\/index.php\/2026\/09\/06\/avanza-al-40-el-plan-oriente-del-edomex-con-obras-historicas-y-justicia-social-para-10-millones-de-habitantes\/#breadcrumb","itemListElement":[{"@type":"ListItem","position":1,"name":"Inicio","item":"https:\/\/continuamosmx.com\/"},{"@type":"ListItem","position":2,"name":"AVANZA AL 40 % EL PLAN ORIENTE DEL EDOM\u00c9X CON OBRAS HIST\u00d3RICAS Y JUSTICIA SOCIAL PARA 10 MILLONES DE HABITANTES"}]},{"@type":"WebSite","@id":"https:\/\/continuamosmx.com\/#website","url":"https:\/\/continuamosmx.com\/","name":"www.continuamosmx.com","description":"","publisher":{"@id":"https:\/\/continuamosmx.com\/#organization"},"potentialAction":[{"@type":"SearchAction","target":{"@type":"EntryPoint","urlTemplate":"https:\/\/continuamosmx.com\/?s={search_term_string}"},"query-input":{"@type":"PropertyValueSpecification","valueRequired":true,"valueName":"search_term_string"}}],"inLanguage":"es"},{"@type":"Organization","@id":"https:\/\/continuamosmx.com\/#organization","name":"ContinuamosMX","url":"https:\/\/continuamosmx.com\/","logo":{"@type":"ImageObject","inLanguage":"es","@id":"https:\/\/continuamosmx.com\/#\/schema\/logo\/image\/","url":"https:\/\/continuamosmx.com\/wp-content\/uploads\/2023\/04\/cropped-LOGO-CONTI-NUEVO.png","contentUrl":"https:\/\/continuamosmx.com\/wp-content\/uploads\/2023\/04\/cropped-LOGO-CONTI-NUEVO.png","width":1257,"height":430,"caption":"ContinuamosMX"},"image":{"@id":"https:\/\/continuamosmx.com\/#\/schema\/logo\/image\/"}},{"@type":"Person","@id":"https:\/\/continuamosmx.com\/#\/schema\/person\/5eb5356acb1fad784da407d14f0e8d89","name":"Continuamos MX","image":{"@type":"ImageObject","inLanguage":"es","@id":"https:\/\/secure.gravatar.com\/avatar\/30d4f9723476a15f4da34d35fb3501f08d2357016c76051c6a85c354c7489589?s=96&d=mm&r=g","url":"https:\/\/secure.gravatar.com\/avatar\/30d4f9723476a15f4da34d35fb3501f08d2357016c76051c6a85c354c7489589?s=96&d=mm&r=g","contentUrl":"https:\/\/secure.gravatar.com\/avatar\/30d4f9723476a15f4da34d35fb3501f08d2357016c76051c6a85c354c7489589?s=96&d=mm&r=g","caption":"Continuamos MX"},"sameAs":["http:\/\/www.continuamos.mx"],"url":"https:\/\/continuamosmx.com\/index.php\/author\/continuamos\/"}]}},"_links":{"self":[{"href":"https:\/\/continuamosmx.com\/index.php\/wp-json\/wp\/v2\/posts\/58384","targetHints":{"allow":["GET"]}}],"collection":[{"href":"https:\/\/continuamosmx.com\/index.php\/wp-json\/wp\/v2\/posts"}],"about":[{"href":"https:\/\/continuamosmx.com\/index.php\/wp-json\/wp\/v2\/types\/post"}],"author":[{"embeddable":true,"href":"https:\/\/continuamosmx.com\/index.php\/wp-json\/wp\/v2\/users\/6"}],"replies":[{"embeddable":true,"href":"https:\/\/continuamosmx.com\/index.php\/wp-json\/wp\/v2\/comments?post=58384"}],"version-history":[{"count":1,"href":"https:\/\/continuamosmx.com\/index.php\/wp-json\/wp\/v2\/posts\/58384\/revisions"}],"predecessor-version":[{"id":58389,"href":"https:\/\/continuamosmx.com\/index.php\/wp-json\/wp\/v2\/posts\/58384\/revisions\/58389"}],"wp:featuredmedia":[{"embeddable":true,"href":"https:\/\/continuamosmx.com\/index.php\/wp-json\/wp\/v2\/media\/58385"}],"wp:attachment":[{"href":"https:\/\/continuamosmx.com\/index.php\/wp-json\/wp\/v2\/media?parent=58384"}],"wp:term":[{"taxonomy":"category","embeddable":true,"href":"https:\/\/continuamosmx.com\/index.php\/wp-json\/wp\/v2\/categories?post=58384"},{"taxonomy":"post_tag","embeddable":true,"href":"https:\/\/continuamosmx.com\/index.php\/wp-json\/wp\/v2\/tags?post=58384"}],"curies":[{"name":"wp","href":"https:\/\/api.w.org\/{rel}","templated":true}]}}