{"id":58379,"date":"2026-09-05T19:41:14","date_gmt":"2026-09-06T01:41:14","guid":{"rendered":"https:\/\/continuamosmx.com\/?p=58379"},"modified":"2026-09-05T19:41:17","modified_gmt":"2026-09-06T01:41:17","slug":"destaca-delfina-gomez-trabajo-conjunto-con-legislatura-y-anuncia-donacion-del-recinto-legislativo","status":"publish","type":"post","link":"https:\/\/continuamosmx.com\/index.php\/2026\/09\/05\/destaca-delfina-gomez-trabajo-conjunto-con-legislatura-y-anuncia-donacion-del-recinto-legislativo\/","title":{"rendered":"DESTACA DELFINA G\u00d3MEZ TRABAJO CONJUNTO CON LEGISLATURA Y ANUNCIA DONACI\u00d3N DEL RECINTO LEGISLATIVO"},"content":{"rendered":"\n<p class=\"wp-block-paragraph\"><strong>Ejecutivo logr\u00f3 aprobaci\u00f3n de 183 de 185 iniciativas enviadas; resaltan reformas en salud, protecci\u00f3n a mujeres, bienestar animal y combate a la extorsi\u00f3n<\/strong><\/p>\n\n\n\n<p class=\"wp-block-paragraph\">TOLUCA, M\u00e9x.- La gobernadora Delfina G\u00f3mez \u00c1lvarez destac\u00f3 el trabajo coordinado entre poderes durante la apertura del Primer Periodo Ordinario del Tercer A\u00f1o de Ejercicio de la LXII Legislatura mexiquense, donde asegur\u00f3 que esa colaboraci\u00f3n ha permitido impulsar reformas en beneficio de la poblaci\u00f3n.\u00bbSabemos que los poderes tenemos responsabilidades distintas, pero tambi\u00e9n que compartimos una misma causa: dignificar la confianza de la ciudadan\u00eda\u00bb, afirm\u00f3 ante el Pleno.En el marco de la sesi\u00f3n solemne, la mandataria present\u00f3 la iniciativa para desincorporar del patrimonio estatal el inmueble que alberga el Recinto Legislativo y donarlo formalmente al pueblo mexiquense.<\/p>\n\n\n\n<p class=\"wp-block-paragraph\">De acuerdo con lo expuesto, el Congreso aprob\u00f3 850 temas y 356 decretos en el \u00faltimo a\u00f1o. De las 185 iniciativas enviadas por el Ejecutivo, 183 fueron avaladas, lo que representa 99% de aprobaci\u00f3n, adem\u00e1s del respaldo a las minutas de reforma a la Constituci\u00f3n Federal.Entre las reformas destacadas mencion\u00f3 la nueva Ley de Salud para servicios gratuitos, el blindaje constitucional de programas sociales, la donaci\u00f3n de m\u00e1s de 100 predios para infraestructura m\u00e9dica y educativa, la Ley de Protecci\u00f3n, Cuidado y Bienestar Animal, la despenalizaci\u00f3n de la interrupci\u00f3n legal del embarazo, el combate a la extorsi\u00f3n y el fortalecimiento a la fiscalizaci\u00f3n a trav\u00e9s del OSFEM.<\/p>\n\n\n\n<p class=\"wp-block-paragraph\">En el acto particip\u00f3 la presidenta saliente de la Mesa Directiva, Martha Azucena Camacho Reynoso, quien se\u00f1al\u00f3 que las iniciativas del periodo septiembre 2025 a septiembre 2026 colocan a las personas en el centro de la acci\u00f3n p\u00fablica. Posteriormente se conform\u00f3 la nueva Junta de Coordinaci\u00f3n Pol\u00edtica para el tercer a\u00f1o legislativo.La gobernadora llam\u00f3 a mantener la agenda en seguridad, movilidad, campo, desarrollo econ\u00f3mico, salud y educaci\u00f3n.<\/p>\n","protected":false},"excerpt":{"rendered":"<p>Ejecutivo logr\u00f3 aprobaci\u00f3n de 183 de 185 iniciativas enviadas; resaltan reformas en salud, protecci\u00f3n a mujeres, bienestar animal y combate a la extorsi\u00f3n TOLUCA, M\u00e9x.- La gobernadora Delfina G\u00f3mez \u00c1lvarez destac\u00f3 el trabajo coordinado entre poderes durante la apertura del Primer Periodo Ordinario del Tercer A\u00f1o de Ejercicio de la LXII Legislatura mexiquense, donde asegur\u00f3 [&hellip;]<\/p>\n","protected":false},"author":6,"featured_media":58380,"comment_status":"closed","ping_status":"closed","sticky":false,"template":"","format":"standard","meta":{"footnotes":""},"categories":[2],"tags":[],"class_list":["post-58379","post","type-post","status-publish","format-standard","has-post-thumbnail","hentry","category-edomex"],"yoast_head":"<!-- This site is optimized with the Yoast SEO plugin v28.4 - https:\/\/yoast.com\/product\/yoast-seo-wordpress\/ -->\n<title>DESTACA DELFINA G\u00d3MEZ TRABAJO CONJUNTO CON LEGISLATURA Y ANUNCIA DONACI\u00d3N DEL RECINTO LEGISLATIVO -<\/title>\n<meta name=\"robots\" content=\"index, follow, max-snippet:-1, max-image-preview:large, max-video-preview:-1\" \/>\n<link rel=\"canonical\" href=\"https:\/\/continuamosmx.com\/index.php\/2026\/09\/05\/destaca-delfina-gomez-trabajo-conjunto-con-legislatura-y-anuncia-donacion-del-recinto-legislativo\/\" \/>\n<meta property=\"og:locale\" content=\"es_ES\" \/>\n<meta property=\"og:type\" content=\"article\" \/>\n<meta property=\"og:title\" content=\"DESTACA DELFINA G\u00d3MEZ TRABAJO CONJUNTO CON LEGISLATURA Y ANUNCIA DONACI\u00d3N DEL RECINTO LEGISLATIVO -\" \/>\n<meta property=\"og:description\" content=\"Ejecutivo logr\u00f3 aprobaci\u00f3n de 183 de 185 iniciativas enviadas; resaltan reformas en salud, protecci\u00f3n a mujeres, bienestar animal y combate a la extorsi\u00f3n TOLUCA, M\u00e9x.- La gobernadora Delfina G\u00f3mez \u00c1lvarez destac\u00f3 el trabajo coordinado entre poderes durante la apertura del Primer Periodo Ordinario del Tercer A\u00f1o de Ejercicio de la LXII Legislatura mexiquense, donde asegur\u00f3 [&hellip;]\" \/>\n<meta property=\"og:url\" content=\"https:\/\/continuamosmx.com\/index.php\/2026\/09\/05\/destaca-delfina-gomez-trabajo-conjunto-con-legislatura-y-anuncia-donacion-del-recinto-legislativo\/\" \/>\n<meta property=\"article:published_time\" content=\"2026-09-06T01:41:14+00:00\" \/>\n<meta property=\"article:modified_time\" content=\"2026-09-06T01:41:17+00:00\" \/>\n<meta property=\"og:image\" content=\"https:\/\/continuamosmx.com\/wp-content\/uploads\/2026\/09\/WhatsApp-Image-2026-09-05-at-7.05.43-PM-scaled.jpeg\" \/>\n\t<meta property=\"og:image:width\" content=\"2560\" \/>\n\t<meta property=\"og:image:height\" content=\"1707\" \/>\n\t<meta property=\"og:image:type\" content=\"image\/jpeg\" \/>\n<meta name=\"author\" content=\"Continuamos MX\" \/>\n<meta name=\"twitter:card\" content=\"summary_large_image\" \/>\n<meta name=\"twitter:label1\" content=\"Escrito por\" \/>\n\t<meta name=\"twitter:data1\" content=\"Continuamos MX\" \/>\n\t<meta name=\"twitter:label2\" content=\"Tiempo de lectura\" \/>\n\t<meta name=\"twitter:data2\" content=\"2 minutos\" \/>\n<script type=\"application\/ld+json\" class=\"yoast-schema-graph\">{\"@context\":\"https:\\\/\\\/schema.org\",\"@graph\":[{\"@type\":\"Article\",\"@id\":\"https:\\\/\\\/continuamosmx.com\\\/index.php\\\/2026\\\/09\\\/05\\\/destaca-delfina-gomez-trabajo-conjunto-con-legislatura-y-anuncia-donacion-del-recinto-legislativo\\\/#article\",\"isPartOf\":{\"@id\":\"https:\\\/\\\/continuamosmx.com\\\/index.php\\\/2026\\\/09\\\/05\\\/destaca-delfina-gomez-trabajo-conjunto-con-legislatura-y-anuncia-donacion-del-recinto-legislativo\\\/\"},\"author\":{\"name\":\"Continuamos MX\",\"@id\":\"https:\\\/\\\/continuamosmx.com\\\/#\\\/schema\\\/person\\\/5eb5356acb1fad784da407d14f0e8d89\"},\"headline\":\"DESTACA DELFINA G\u00d3MEZ TRABAJO CONJUNTO CON LEGISLATURA Y ANUNCIA DONACI\u00d3N DEL RECINTO LEGISLATIVO\",\"datePublished\":\"2026-09-06T01:41:14+00:00\",\"dateModified\":\"2026-09-06T01:41:17+00:00\",\"mainEntityOfPage\":{\"@id\":\"https:\\\/\\\/continuamosmx.com\\\/index.php\\\/2026\\\/09\\\/05\\\/destaca-delfina-gomez-trabajo-conjunto-con-legislatura-y-anuncia-donacion-del-recinto-legislativo\\\/\"},\"wordCount\":335,\"publisher\":{\"@id\":\"https:\\\/\\\/continuamosmx.com\\\/#organization\"},\"image\":{\"@id\":\"https:\\\/\\\/continuamosmx.com\\\/index.php\\\/2026\\\/09\\\/05\\\/destaca-delfina-gomez-trabajo-conjunto-con-legislatura-y-anuncia-donacion-del-recinto-legislativo\\\/#primaryimage\"},\"thumbnailUrl\":\"https:\\\/\\\/continuamosmx.com\\\/wp-content\\\/uploads\\\/2026\\\/09\\\/WhatsApp-Image-2026-09-05-at-7.05.43-PM-scaled.jpeg\",\"articleSection\":[\"EDOMEX\"],\"inLanguage\":\"es\"},{\"@type\":\"WebPage\",\"@id\":\"https:\\\/\\\/continuamosmx.com\\\/index.php\\\/2026\\\/09\\\/05\\\/destaca-delfina-gomez-trabajo-conjunto-con-legislatura-y-anuncia-donacion-del-recinto-legislativo\\\/\",\"url\":\"https:\\\/\\\/continuamosmx.com\\\/index.php\\\/2026\\\/09\\\/05\\\/destaca-delfina-gomez-trabajo-conjunto-con-legislatura-y-anuncia-donacion-del-recinto-legislativo\\\/\",\"name\":\"DESTACA DELFINA G\u00d3MEZ TRABAJO CONJUNTO CON LEGISLATURA Y ANUNCIA DONACI\u00d3N DEL RECINTO LEGISLATIVO -\",\"isPartOf\":{\"@id\":\"https:\\\/\\\/continuamosmx.com\\\/#website\"},\"primaryImageOfPage\":{\"@id\":\"https:\\\/\\\/continuamosmx.com\\\/index.php\\\/2026\\\/09\\\/05\\\/destaca-delfina-gomez-trabajo-conjunto-con-legislatura-y-anuncia-donacion-del-recinto-legislativo\\\/#primaryimage\"},\"image\":{\"@id\":\"https:\\\/\\\/continuamosmx.com\\\/index.php\\\/2026\\\/09\\\/05\\\/destaca-delfina-gomez-trabajo-conjunto-con-legislatura-y-anuncia-donacion-del-recinto-legislativo\\\/#primaryimage\"},\"thumbnailUrl\":\"https:\\\/\\\/continuamosmx.com\\\/wp-content\\\/uploads\\\/2026\\\/09\\\/WhatsApp-Image-2026-09-05-at-7.05.43-PM-scaled.jpeg\",\"datePublished\":\"2026-09-06T01:41:14+00:00\",\"dateModified\":\"2026-09-06T01:41:17+00:00\",\"breadcrumb\":{\"@id\":\"https:\\\/\\\/continuamosmx.com\\\/index.php\\\/2026\\\/09\\\/05\\\/destaca-delfina-gomez-trabajo-conjunto-con-legislatura-y-anuncia-donacion-del-recinto-legislativo\\\/#breadcrumb\"},\"inLanguage\":\"es\",\"potentialAction\":[{\"@type\":\"ReadAction\",\"target\":[\"https:\\\/\\\/continuamosmx.com\\\/index.php\\\/2026\\\/09\\\/05\\\/destaca-delfina-gomez-trabajo-conjunto-con-legislatura-y-anuncia-donacion-del-recinto-legislativo\\\/\"]}]},{\"@type\":\"ImageObject\",\"inLanguage\":\"es\",\"@id\":\"https:\\\/\\\/continuamosmx.com\\\/index.php\\\/2026\\\/09\\\/05\\\/destaca-delfina-gomez-trabajo-conjunto-con-legislatura-y-anuncia-donacion-del-recinto-legislativo\\\/#primaryimage\",\"url\":\"https:\\\/\\\/continuamosmx.com\\\/wp-content\\\/uploads\\\/2026\\\/09\\\/WhatsApp-Image-2026-09-05-at-7.05.43-PM-scaled.jpeg\",\"contentUrl\":\"https:\\\/\\\/continuamosmx.com\\\/wp-content\\\/uploads\\\/2026\\\/09\\\/WhatsApp-Image-2026-09-05-at-7.05.43-PM-scaled.jpeg\",\"width\":2560,\"height\":1707},{\"@type\":\"BreadcrumbList\",\"@id\":\"https:\\\/\\\/continuamosmx.com\\\/index.php\\\/2026\\\/09\\\/05\\\/destaca-delfina-gomez-trabajo-conjunto-con-legislatura-y-anuncia-donacion-del-recinto-legislativo\\\/#breadcrumb\",\"itemListElement\":[{\"@type\":\"ListItem\",\"position\":1,\"name\":\"Inicio\",\"item\":\"https:\\\/\\\/continuamosmx.com\\\/\"},{\"@type\":\"ListItem\",\"position\":2,\"name\":\"DESTACA DELFINA G\u00d3MEZ TRABAJO CONJUNTO CON LEGISLATURA Y ANUNCIA DONACI\u00d3N DEL RECINTO LEGISLATIVO\"}]},{\"@type\":\"WebSite\",\"@id\":\"https:\\\/\\\/continuamosmx.com\\\/#website\",\"url\":\"https:\\\/\\\/continuamosmx.com\\\/\",\"name\":\"www.continuamosmx.com\",\"description\":\"\",\"publisher\":{\"@id\":\"https:\\\/\\\/continuamosmx.com\\\/#organization\"},\"potentialAction\":[{\"@type\":\"SearchAction\",\"target\":{\"@type\":\"EntryPoint\",\"urlTemplate\":\"https:\\\/\\\/continuamosmx.com\\\/?s={search_term_string}\"},\"query-input\":{\"@type\":\"PropertyValueSpecification\",\"valueRequired\":true,\"valueName\":\"search_term_string\"}}],\"inLanguage\":\"es\"},{\"@type\":\"Organization\",\"@id\":\"https:\\\/\\\/continuamosmx.com\\\/#organization\",\"name\":\"ContinuamosMX\",\"url\":\"https:\\\/\\\/continuamosmx.com\\\/\",\"logo\":{\"@type\":\"ImageObject\",\"inLanguage\":\"es\",\"@id\":\"https:\\\/\\\/continuamosmx.com\\\/#\\\/schema\\\/logo\\\/image\\\/\",\"url\":\"https:\\\/\\\/continuamosmx.com\\\/wp-content\\\/uploads\\\/2023\\\/04\\\/cropped-LOGO-CONTI-NUEVO.png\",\"contentUrl\":\"https:\\\/\\\/continuamosmx.com\\\/wp-content\\\/uploads\\\/2023\\\/04\\\/cropped-LOGO-CONTI-NUEVO.png\",\"width\":1257,\"height\":430,\"caption\":\"ContinuamosMX\"},\"image\":{\"@id\":\"https:\\\/\\\/continuamosmx.com\\\/#\\\/schema\\\/logo\\\/image\\\/\"}},{\"@type\":\"Person\",\"@id\":\"https:\\\/\\\/continuamosmx.com\\\/#\\\/schema\\\/person\\\/5eb5356acb1fad784da407d14f0e8d89\",\"name\":\"Continuamos MX\",\"image\":{\"@type\":\"ImageObject\",\"inLanguage\":\"es\",\"@id\":\"https:\\\/\\\/secure.gravatar.com\\\/avatar\\\/30d4f9723476a15f4da34d35fb3501f08d2357016c76051c6a85c354c7489589?s=96&d=mm&r=g\",\"url\":\"https:\\\/\\\/secure.gravatar.com\\\/avatar\\\/30d4f9723476a15f4da34d35fb3501f08d2357016c76051c6a85c354c7489589?s=96&d=mm&r=g\",\"contentUrl\":\"https:\\\/\\\/secure.gravatar.com\\\/avatar\\\/30d4f9723476a15f4da34d35fb3501f08d2357016c76051c6a85c354c7489589?s=96&d=mm&r=g\",\"caption\":\"Continuamos MX\"},\"sameAs\":[\"http:\\\/\\\/www.continuamos.mx\"],\"url\":\"https:\\\/\\\/continuamosmx.com\\\/index.php\\\/author\\\/continuamos\\\/\"}]}<\/script>\n<!-- \/ Yoast SEO plugin. -->","yoast_head_json":{"title":"DESTACA DELFINA G\u00d3MEZ TRABAJO CONJUNTO CON LEGISLATURA Y ANUNCIA DONACI\u00d3N DEL RECINTO LEGISLATIVO -","robots":{"index":"index","follow":"follow","max-snippet":"max-snippet:-1","max-image-preview":"max-image-preview:large","max-video-preview":"max-video-preview:-1"},"canonical":"https:\/\/continuamosmx.com\/index.php\/2026\/09\/05\/destaca-delfina-gomez-trabajo-conjunto-con-legislatura-y-anuncia-donacion-del-recinto-legislativo\/","og_locale":"es_ES","og_type":"article","og_title":"DESTACA DELFINA G\u00d3MEZ TRABAJO CONJUNTO CON LEGISLATURA Y ANUNCIA DONACI\u00d3N DEL RECINTO LEGISLATIVO -","og_description":"Ejecutivo logr\u00f3 aprobaci\u00f3n de 183 de 185 iniciativas enviadas; resaltan reformas en salud, protecci\u00f3n a mujeres, bienestar animal y combate a la extorsi\u00f3n TOLUCA, M\u00e9x.- La gobernadora Delfina G\u00f3mez \u00c1lvarez destac\u00f3 el trabajo coordinado entre poderes durante la apertura del Primer Periodo Ordinario del Tercer A\u00f1o de Ejercicio de la LXII Legislatura mexiquense, donde asegur\u00f3 [&hellip;]","og_url":"https:\/\/continuamosmx.com\/index.php\/2026\/09\/05\/destaca-delfina-gomez-trabajo-conjunto-con-legislatura-y-anuncia-donacion-del-recinto-legislativo\/","article_published_time":"2026-09-06T01:41:14+00:00","article_modified_time":"2026-09-06T01:41:17+00:00","og_image":[{"width":2560,"height":1707,"url":"https:\/\/continuamosmx.com\/wp-content\/uploads\/2026\/09\/WhatsApp-Image-2026-09-05-at-7.05.43-PM-scaled.jpeg","type":"image\/jpeg"}],"author":"Continuamos MX","twitter_card":"summary_large_image","twitter_misc":{"Escrito por":"Continuamos MX","Tiempo de lectura":"2 minutos"},"schema":{"@context":"https:\/\/schema.org","@graph":[{"@type":"Article","@id":"https:\/\/continuamosmx.com\/index.php\/2026\/09\/05\/destaca-delfina-gomez-trabajo-conjunto-con-legislatura-y-anuncia-donacion-del-recinto-legislativo\/#article","isPartOf":{"@id":"https:\/\/continuamosmx.com\/index.php\/2026\/09\/05\/destaca-delfina-gomez-trabajo-conjunto-con-legislatura-y-anuncia-donacion-del-recinto-legislativo\/"},"author":{"name":"Continuamos MX","@id":"https:\/\/continuamosmx.com\/#\/schema\/person\/5eb5356acb1fad784da407d14f0e8d89"},"headline":"DESTACA DELFINA G\u00d3MEZ TRABAJO CONJUNTO CON LEGISLATURA Y ANUNCIA DONACI\u00d3N DEL RECINTO LEGISLATIVO","datePublished":"2026-09-06T01:41:14+00:00","dateModified":"2026-09-06T01:41:17+00:00","mainEntityOfPage":{"@id":"https:\/\/continuamosmx.com\/index.php\/2026\/09\/05\/destaca-delfina-gomez-trabajo-conjunto-con-legislatura-y-anuncia-donacion-del-recinto-legislativo\/"},"wordCount":335,"publisher":{"@id":"https:\/\/continuamosmx.com\/#organization"},"image":{"@id":"https:\/\/continuamosmx.com\/index.php\/2026\/09\/05\/destaca-delfina-gomez-trabajo-conjunto-con-legislatura-y-anuncia-donacion-del-recinto-legislativo\/#primaryimage"},"thumbnailUrl":"https:\/\/continuamosmx.com\/wp-content\/uploads\/2026\/09\/WhatsApp-Image-2026-09-05-at-7.05.43-PM-scaled.jpeg","articleSection":["EDOMEX"],"inLanguage":"es"},{"@type":"WebPage","@id":"https:\/\/continuamosmx.com\/index.php\/2026\/09\/05\/destaca-delfina-gomez-trabajo-conjunto-con-legislatura-y-anuncia-donacion-del-recinto-legislativo\/","url":"https:\/\/continuamosmx.com\/index.php\/2026\/09\/05\/destaca-delfina-gomez-trabajo-conjunto-con-legislatura-y-anuncia-donacion-del-recinto-legislativo\/","name":"DESTACA DELFINA G\u00d3MEZ TRABAJO CONJUNTO CON LEGISLATURA Y ANUNCIA DONACI\u00d3N DEL RECINTO LEGISLATIVO -","isPartOf":{"@id":"https:\/\/continuamosmx.com\/#website"},"primaryImageOfPage":{"@id":"https:\/\/continuamosmx.com\/index.php\/2026\/09\/05\/destaca-delfina-gomez-trabajo-conjunto-con-legislatura-y-anuncia-donacion-del-recinto-legislativo\/#primaryimage"},"image":{"@id":"https:\/\/continuamosmx.com\/index.php\/2026\/09\/05\/destaca-delfina-gomez-trabajo-conjunto-con-legislatura-y-anuncia-donacion-del-recinto-legislativo\/#primaryimage"},"thumbnailUrl":"https:\/\/continuamosmx.com\/wp-content\/uploads\/2026\/09\/WhatsApp-Image-2026-09-05-at-7.05.43-PM-scaled.jpeg","datePublished":"2026-09-06T01:41:14+00:00","dateModified":"2026-09-06T01:41:17+00:00","breadcrumb":{"@id":"https:\/\/continuamosmx.com\/index.php\/2026\/09\/05\/destaca-delfina-gomez-trabajo-conjunto-con-legislatura-y-anuncia-donacion-del-recinto-legislativo\/#breadcrumb"},"inLanguage":"es","potentialAction":[{"@type":"ReadAction","target":["https:\/\/continuamosmx.com\/index.php\/2026\/09\/05\/destaca-delfina-gomez-trabajo-conjunto-con-legislatura-y-anuncia-donacion-del-recinto-legislativo\/"]}]},{"@type":"ImageObject","inLanguage":"es","@id":"https:\/\/continuamosmx.com\/index.php\/2026\/09\/05\/destaca-delfina-gomez-trabajo-conjunto-con-legislatura-y-anuncia-donacion-del-recinto-legislativo\/#primaryimage","url":"https:\/\/continuamosmx.com\/wp-content\/uploads\/2026\/09\/WhatsApp-Image-2026-09-05-at-7.05.43-PM-scaled.jpeg","contentUrl":"https:\/\/continuamosmx.com\/wp-content\/uploads\/2026\/09\/WhatsApp-Image-2026-09-05-at-7.05.43-PM-scaled.jpeg","width":2560,"height":1707},{"@type":"BreadcrumbList","@id":"https:\/\/continuamosmx.com\/index.php\/2026\/09\/05\/destaca-delfina-gomez-trabajo-conjunto-con-legislatura-y-anuncia-donacion-del-recinto-legislativo\/#breadcrumb","itemListElement":[{"@type":"ListItem","position":1,"name":"Inicio","item":"https:\/\/continuamosmx.com\/"},{"@type":"ListItem","position":2,"name":"DESTACA DELFINA G\u00d3MEZ TRABAJO CONJUNTO CON LEGISLATURA Y ANUNCIA DONACI\u00d3N DEL RECINTO LEGISLATIVO"}]},{"@type":"WebSite","@id":"https:\/\/continuamosmx.com\/#website","url":"https:\/\/continuamosmx.com\/","name":"www.continuamosmx.com","description":"","publisher":{"@id":"https:\/\/continuamosmx.com\/#organization"},"potentialAction":[{"@type":"SearchAction","target":{"@type":"EntryPoint","urlTemplate":"https:\/\/continuamosmx.com\/?s={search_term_string}"},"query-input":{"@type":"PropertyValueSpecification","valueRequired":true,"valueName":"search_term_string"}}],"inLanguage":"es"},{"@type":"Organization","@id":"https:\/\/continuamosmx.com\/#organization","name":"ContinuamosMX","url":"https:\/\/continuamosmx.com\/","logo":{"@type":"ImageObject","inLanguage":"es","@id":"https:\/\/continuamosmx.com\/#\/schema\/logo\/image\/","url":"https:\/\/continuamosmx.com\/wp-content\/uploads\/2023\/04\/cropped-LOGO-CONTI-NUEVO.png","contentUrl":"https:\/\/continuamosmx.com\/wp-content\/uploads\/2023\/04\/cropped-LOGO-CONTI-NUEVO.png","width":1257,"height":430,"caption":"ContinuamosMX"},"image":{"@id":"https:\/\/continuamosmx.com\/#\/schema\/logo\/image\/"}},{"@type":"Person","@id":"https:\/\/continuamosmx.com\/#\/schema\/person\/5eb5356acb1fad784da407d14f0e8d89","name":"Continuamos MX","image":{"@type":"ImageObject","inLanguage":"es","@id":"https:\/\/secure.gravatar.com\/avatar\/30d4f9723476a15f4da34d35fb3501f08d2357016c76051c6a85c354c7489589?s=96&d=mm&r=g","url":"https:\/\/secure.gravatar.com\/avatar\/30d4f9723476a15f4da34d35fb3501f08d2357016c76051c6a85c354c7489589?s=96&d=mm&r=g","contentUrl":"https:\/\/secure.gravatar.com\/avatar\/30d4f9723476a15f4da34d35fb3501f08d2357016c76051c6a85c354c7489589?s=96&d=mm&r=g","caption":"Continuamos MX"},"sameAs":["http:\/\/www.continuamos.mx"],"url":"https:\/\/continuamosmx.com\/index.php\/author\/continuamos\/"}]}},"_links":{"self":[{"href":"https:\/\/continuamosmx.com\/index.php\/wp-json\/wp\/v2\/posts\/58379","targetHints":{"allow":["GET"]}}],"collection":[{"href":"https:\/\/continuamosmx.com\/index.php\/wp-json\/wp\/v2\/posts"}],"about":[{"href":"https:\/\/continuamosmx.com\/index.php\/wp-json\/wp\/v2\/types\/post"}],"author":[{"embeddable":true,"href":"https:\/\/continuamosmx.com\/index.php\/wp-json\/wp\/v2\/users\/6"}],"replies":[{"embeddable":true,"href":"https:\/\/continuamosmx.com\/index.php\/wp-json\/wp\/v2\/comments?post=58379"}],"version-history":[{"count":1,"href":"https:\/\/continuamosmx.com\/index.php\/wp-json\/wp\/v2\/posts\/58379\/revisions"}],"predecessor-version":[{"id":58381,"href":"https:\/\/continuamosmx.com\/index.php\/wp-json\/wp\/v2\/posts\/58379\/revisions\/58381"}],"wp:featuredmedia":[{"embeddable":true,"href":"https:\/\/continuamosmx.com\/index.php\/wp-json\/wp\/v2\/media\/58380"}],"wp:attachment":[{"href":"https:\/\/continuamosmx.com\/index.php\/wp-json\/wp\/v2\/media?parent=58379"}],"wp:term":[{"taxonomy":"category","embeddable":true,"href":"https:\/\/continuamosmx.com\/index.php\/wp-json\/wp\/v2\/categories?post=58379"},{"taxonomy":"post_tag","embeddable":true,"href":"https:\/\/continuamosmx.com\/index.php\/wp-json\/wp\/v2\/tags?post=58379"}],"curies":[{"name":"wp","href":"https:\/\/api.w.org\/{rel}","templated":true}]}}