{"id":58372,"date":"2026-09-05T16:29:19","date_gmt":"2026-09-05T22:29:19","guid":{"rendered":"https:\/\/continuamosmx.com\/?p=58372"},"modified":"2026-09-05T16:29:20","modified_gmt":"2026-09-05T22:29:20","slug":"cuautitlan-izcalli-consolida-su-compromiso-ambiental-con-la-plantacion-de-10-mil-arboles-en-el-parque-ecologico-pichardo-pagaza","status":"publish","type":"post","link":"https:\/\/continuamosmx.com\/index.php\/2026\/09\/05\/cuautitlan-izcalli-consolida-su-compromiso-ambiental-con-la-plantacion-de-10-mil-arboles-en-el-parque-ecologico-pichardo-pagaza\/","title":{"rendered":"CUAUTITL\u00c1N IZCALLI CONSOLIDA SU COMPROMISO AMBIENTAL CON LA PLANTACI\u00d3N DE 10 MIL \u00c1RBOLES EN EL PARQUE ECOL\u00d3GICO PICHARDO PAGAZA"},"content":{"rendered":"\n<h3 class=\"wp-block-heading\">*<strong>Gobierno municipal y federal unen fuerzas para reforestar 10 mil \u00e1rboles y proteger los recursos h\u00eddricos de la regi\u00f3n.<\/strong><\/h3>\n\n\n\n<p class=\"wp-block-paragraph\">Como parte de las acciones estrat\u00e9gicas para fortalecer la conservaci\u00f3n ambiental y la protecci\u00f3n de los recursos h\u00eddricos en la demarcaci\u00f3n, este s\u00e1bado se llev\u00f3 a cabo una Macro Jornada de Reforestaci\u00f3n en el Parque Ecol\u00f3gico Pichardo Pagaza, donde fueron sembrados 10 mil ejemplares arb\u00f3reos<sup><\/sup>.<\/p>\n\n\n\n<p class=\"wp-block-paragraph\">Durante el evento, el Presidente Municipal, Daniel Serrano, destac\u00f3 que estas labores de reforestaci\u00f3n contribuyen de manera directa a la recuperaci\u00f3n de los ecosistemas y a la preservaci\u00f3n del vital l\u00edquido<sup><\/sup>. Explic\u00f3 que los \u00e1rboles cumplen un papel fundamental al favorecer la infiltraci\u00f3n natural del agua en el suelo<sup><\/sup>.<\/p>\n\n\n\n<blockquote class=\"wp-block-quote is-layout-flow wp-block-quote-is-layout-flow\">\n<p class=\"wp-block-paragraph\"><em>\u00abNecesitamos cuidar el suelo. La principal fuente de infiltraci\u00f3n de agua al suelo son justamente los \u00e1rboles, que no s\u00f3lo van a contribuir al proyecto de la Presa Lago de Guadalupe, sino a materializar tambi\u00e9n las condiciones de preservaci\u00f3n de nuestra \u00c1rea Natural Protegida.\u00bb<\/em><\/p>\n\n\n\n<p class=\"wp-block-paragraph\"><\/p>\n<\/blockquote>\n\n\n\n<p class=\"wp-block-paragraph\">Con esta macro jornada, el municipio alcanza un total de 30 mil \u00e1rboles plantados en lo que va del a\u00f1o<sup><\/sup>, consolidando una pol\u00edtica p\u00fablica sostenida de protecci\u00f3n ecol\u00f3gica<sup><\/sup>. Por su parte, Roberto Capuano Tripp, encargado del Proyecto de Desarrollo Sustentable de CONAGUA para el Estado de M\u00e9xico, Hidalgo y Ciudad de M\u00e9xico, subray\u00f3 la importancia de la colaboraci\u00f3n interinstitucional<sup><\/sup>.<\/p>\n\n\n\n<p class=\"wp-block-paragraph\">El funcionario federal detall\u00f3 que la mitad de los ejemplares fueron aportados por la Comisi\u00f3n Nacional del Agua (CONAGUA) y la otra mitad por el gobierno municipal<sup><\/sup>, demostrando la eficacia del trabajo coordinado entre la federaci\u00f3n, el estado y el municipio<sup><\/sup>.<\/p>\n\n\n\n<p class=\"wp-block-paragraph\">A la jornada se sumaron tambi\u00e9n el Ing. Jaime Ram\u00edrez Rivas, de la Coordinaci\u00f3n General de Conservaci\u00f3n Ecol\u00f3gica del Estado de M\u00e9xico<sup><\/sup>, as\u00ed como diversas organizaciones de la sociedad civil y empresas socialmente responsables<sup><\/sup>, tales como Scouts Cuautitl\u00e1n Izcalli, Fundaci\u00f3n Walmart, FEMSA, Mercado Libre, Red Ambiental y ALPLA M\u00e9xico<sup><\/sup>.<\/p>\n\n\n\n<p class=\"wp-block-paragraph\">Finalmente, el alcalde Daniel Serrano advirti\u00f3 que la administraci\u00f3n actual mantendr\u00e1 una postura firme frente a posibles afectaciones, asegurando que no se permitir\u00e1 la invasi\u00f3n de las \u00c1reas Naturales Protegidas y que se continuar\u00e1 defendiendo el patrimonio ecol\u00f3gico de los izcallenses<sup><\/sup>. Esta iniciativa complementa los trabajos de la Planta Potabilizadora Lago de Guadalupe<sup><\/sup>, garantizando un entorno sustentable para las futuras generaciones<sup><\/sup>.<\/p>\n\n\n\n<figure class=\"wp-block-gallery has-nested-images columns-default is-cropped wp-block-gallery-1 is-layout-flex wp-block-gallery-is-layout-flex\">\n<figure class=\"wp-block-image size-large\"><img loading=\"lazy\" decoding=\"async\" width=\"1024\" height=\"577\" data-id=\"58376\" src=\"https:\/\/continuamosmx.com\/wp-content\/uploads\/2026\/09\/pagaza-2-1024x577.jpeg\" alt=\"\" class=\"wp-image-58376\" srcset=\"https:\/\/continuamosmx.com\/wp-content\/uploads\/2026\/09\/pagaza-2-1024x577.jpeg 1024w, https:\/\/continuamosmx.com\/wp-content\/uploads\/2026\/09\/pagaza-2-300x169.jpeg 300w, https:\/\/continuamosmx.com\/wp-content\/uploads\/2026\/09\/pagaza-2-766x432.jpeg 766w, https:\/\/continuamosmx.com\/wp-content\/uploads\/2026\/09\/pagaza-2-1536x866.jpeg 1536w, https:\/\/continuamosmx.com\/wp-content\/uploads\/2026\/09\/pagaza-2.jpeg 1600w\" sizes=\"auto, (max-width: 1024px) 100vw, 1024px\" \/><\/figure>\n\n\n\n<figure class=\"wp-block-image size-large\"><img loading=\"lazy\" decoding=\"async\" width=\"1024\" height=\"579\" data-id=\"58375\" src=\"https:\/\/continuamosmx.com\/wp-content\/uploads\/2026\/09\/pagaza-3-1024x579.jpeg\" alt=\"\" class=\"wp-image-58375\" srcset=\"https:\/\/continuamosmx.com\/wp-content\/uploads\/2026\/09\/pagaza-3-1024x579.jpeg 1024w, https:\/\/continuamosmx.com\/wp-content\/uploads\/2026\/09\/pagaza-3-300x170.jpeg 300w, https:\/\/continuamosmx.com\/wp-content\/uploads\/2026\/09\/pagaza-3-766x433.jpeg 766w, https:\/\/continuamosmx.com\/wp-content\/uploads\/2026\/09\/pagaza-3-1536x868.jpeg 1536w, https:\/\/continuamosmx.com\/wp-content\/uploads\/2026\/09\/pagaza-3.jpeg 1600w\" sizes=\"auto, (max-width: 1024px) 100vw, 1024px\" \/><\/figure>\n\n\n\n<figure class=\"wp-block-image size-large\"><img loading=\"lazy\" decoding=\"async\" width=\"1024\" height=\"682\" data-id=\"58377\" src=\"https:\/\/continuamosmx.com\/wp-content\/uploads\/2026\/09\/pagaza-4-1024x682.jpeg\" alt=\"\" class=\"wp-image-58377\" srcset=\"https:\/\/continuamosmx.com\/wp-content\/uploads\/2026\/09\/pagaza-4-1024x682.jpeg 1024w, https:\/\/continuamosmx.com\/wp-content\/uploads\/2026\/09\/pagaza-4-300x200.jpeg 300w, https:\/\/continuamosmx.com\/wp-content\/uploads\/2026\/09\/pagaza-4-767x511.jpeg 767w, https:\/\/continuamosmx.com\/wp-content\/uploads\/2026\/09\/pagaza-4-1536x1024.jpeg 1536w, https:\/\/continuamosmx.com\/wp-content\/uploads\/2026\/09\/pagaza-4-2048x1365.jpeg 2048w\" sizes=\"auto, (max-width: 1024px) 100vw, 1024px\" \/><\/figure>\n\n\n\n<figure class=\"wp-block-image size-large\"><img loading=\"lazy\" decoding=\"async\" width=\"1024\" height=\"682\" data-id=\"58374\" src=\"https:\/\/continuamosmx.com\/wp-content\/uploads\/2026\/09\/pagaza-5-1024x682.jpeg\" alt=\"\" class=\"wp-image-58374\" srcset=\"https:\/\/continuamosmx.com\/wp-content\/uploads\/2026\/09\/pagaza-5-1024x682.jpeg 1024w, https:\/\/continuamosmx.com\/wp-content\/uploads\/2026\/09\/pagaza-5-300x200.jpeg 300w, https:\/\/continuamosmx.com\/wp-content\/uploads\/2026\/09\/pagaza-5-767x511.jpeg 767w, https:\/\/continuamosmx.com\/wp-content\/uploads\/2026\/09\/pagaza-5.jpeg 1280w\" sizes=\"auto, (max-width: 1024px) 100vw, 1024px\" \/><\/figure>\n<\/figure>\n","protected":false},"excerpt":{"rendered":"<p>*Gobierno municipal y federal unen fuerzas para reforestar 10 mil \u00e1rboles y proteger los recursos h\u00eddricos de la regi\u00f3n. Como parte de las acciones estrat\u00e9gicas para fortalecer la conservaci\u00f3n ambiental y la protecci\u00f3n de los recursos h\u00eddricos en la demarcaci\u00f3n, este s\u00e1bado se llev\u00f3 a cabo una Macro Jornada de Reforestaci\u00f3n en el Parque Ecol\u00f3gico [&hellip;]<\/p>\n","protected":false},"author":6,"featured_media":58373,"comment_status":"closed","ping_status":"closed","sticky":false,"template":"","format":"standard","meta":{"footnotes":""},"categories":[22,4],"tags":[],"class_list":["post-58372","post","type-post","status-publish","format-standard","has-post-thumbnail","hentry","category-c-izcalli","category-locales"],"yoast_head":"<!-- This site is optimized with the Yoast SEO plugin v28.4 - https:\/\/yoast.com\/product\/yoast-seo-wordpress\/ -->\n<title>CUAUTITL\u00c1N IZCALLI CONSOLIDA SU COMPROMISO AMBIENTAL CON LA PLANTACI\u00d3N DE 10 MIL \u00c1RBOLES EN EL PARQUE ECOL\u00d3GICO PICHARDO PAGAZA -<\/title>\n<meta name=\"robots\" content=\"index, follow, max-snippet:-1, max-image-preview:large, max-video-preview:-1\" \/>\n<link rel=\"canonical\" href=\"https:\/\/continuamosmx.com\/index.php\/2026\/09\/05\/cuautitlan-izcalli-consolida-su-compromiso-ambiental-con-la-plantacion-de-10-mil-arboles-en-el-parque-ecologico-pichardo-pagaza\/\" \/>\n<meta property=\"og:locale\" content=\"es_ES\" \/>\n<meta property=\"og:type\" content=\"article\" \/>\n<meta property=\"og:title\" content=\"CUAUTITL\u00c1N IZCALLI CONSOLIDA SU COMPROMISO AMBIENTAL CON LA PLANTACI\u00d3N DE 10 MIL \u00c1RBOLES EN EL PARQUE ECOL\u00d3GICO PICHARDO PAGAZA -\" \/>\n<meta property=\"og:description\" content=\"*Gobierno municipal y federal unen fuerzas para reforestar 10 mil \u00e1rboles y proteger los recursos h\u00eddricos de la regi\u00f3n. Como parte de las acciones estrat\u00e9gicas para fortalecer la conservaci\u00f3n ambiental y la protecci\u00f3n de los recursos h\u00eddricos en la demarcaci\u00f3n, este s\u00e1bado se llev\u00f3 a cabo una Macro Jornada de Reforestaci\u00f3n en el Parque Ecol\u00f3gico [&hellip;]\" \/>\n<meta property=\"og:url\" content=\"https:\/\/continuamosmx.com\/index.php\/2026\/09\/05\/cuautitlan-izcalli-consolida-su-compromiso-ambiental-con-la-plantacion-de-10-mil-arboles-en-el-parque-ecologico-pichardo-pagaza\/\" \/>\n<meta property=\"article:published_time\" content=\"2026-09-05T22:29:19+00:00\" \/>\n<meta property=\"article:modified_time\" content=\"2026-09-05T22:29:20+00:00\" \/>\n<meta property=\"og:image\" content=\"https:\/\/continuamosmx.com\/wp-content\/uploads\/2026\/09\/pagaza-8.jpeg\" \/>\n\t<meta property=\"og:image:width\" content=\"1280\" \/>\n\t<meta property=\"og:image:height\" content=\"853\" \/>\n\t<meta property=\"og:image:type\" content=\"image\/jpeg\" \/>\n<meta name=\"author\" content=\"Continuamos MX\" \/>\n<meta name=\"twitter:card\" content=\"summary_large_image\" \/>\n<meta name=\"twitter:label1\" content=\"Escrito por\" \/>\n\t<meta name=\"twitter:data1\" content=\"Continuamos MX\" \/>\n\t<meta name=\"twitter:label2\" content=\"Tiempo de lectura\" \/>\n\t<meta name=\"twitter:data2\" content=\"3 minutos\" \/>\n<script type=\"application\/ld+json\" class=\"yoast-schema-graph\">{\"@context\":\"https:\\\/\\\/schema.org\",\"@graph\":[{\"@type\":\"Article\",\"@id\":\"https:\\\/\\\/continuamosmx.com\\\/index.php\\\/2026\\\/09\\\/05\\\/cuautitlan-izcalli-consolida-su-compromiso-ambiental-con-la-plantacion-de-10-mil-arboles-en-el-parque-ecologico-pichardo-pagaza\\\/#article\",\"isPartOf\":{\"@id\":\"https:\\\/\\\/continuamosmx.com\\\/index.php\\\/2026\\\/09\\\/05\\\/cuautitlan-izcalli-consolida-su-compromiso-ambiental-con-la-plantacion-de-10-mil-arboles-en-el-parque-ecologico-pichardo-pagaza\\\/\"},\"author\":{\"name\":\"Continuamos MX\",\"@id\":\"https:\\\/\\\/continuamosmx.com\\\/#\\\/schema\\\/person\\\/5eb5356acb1fad784da407d14f0e8d89\"},\"headline\":\"CUAUTITL\u00c1N IZCALLI CONSOLIDA SU COMPROMISO AMBIENTAL CON LA PLANTACI\u00d3N DE 10 MIL \u00c1RBOLES EN EL PARQUE ECOL\u00d3GICO PICHARDO PAGAZA\",\"datePublished\":\"2026-09-05T22:29:19+00:00\",\"dateModified\":\"2026-09-05T22:29:20+00:00\",\"mainEntityOfPage\":{\"@id\":\"https:\\\/\\\/continuamosmx.com\\\/index.php\\\/2026\\\/09\\\/05\\\/cuautitlan-izcalli-consolida-su-compromiso-ambiental-con-la-plantacion-de-10-mil-arboles-en-el-parque-ecologico-pichardo-pagaza\\\/\"},\"wordCount\":427,\"publisher\":{\"@id\":\"https:\\\/\\\/continuamosmx.com\\\/#organization\"},\"image\":{\"@id\":\"https:\\\/\\\/continuamosmx.com\\\/index.php\\\/2026\\\/09\\\/05\\\/cuautitlan-izcalli-consolida-su-compromiso-ambiental-con-la-plantacion-de-10-mil-arboles-en-el-parque-ecologico-pichardo-pagaza\\\/#primaryimage\"},\"thumbnailUrl\":\"https:\\\/\\\/continuamosmx.com\\\/wp-content\\\/uploads\\\/2026\\\/09\\\/pagaza-8.jpeg\",\"articleSection\":[\"C. IZCALLI\",\"LOCALES\"],\"inLanguage\":\"es\"},{\"@type\":\"WebPage\",\"@id\":\"https:\\\/\\\/continuamosmx.com\\\/index.php\\\/2026\\\/09\\\/05\\\/cuautitlan-izcalli-consolida-su-compromiso-ambiental-con-la-plantacion-de-10-mil-arboles-en-el-parque-ecologico-pichardo-pagaza\\\/\",\"url\":\"https:\\\/\\\/continuamosmx.com\\\/index.php\\\/2026\\\/09\\\/05\\\/cuautitlan-izcalli-consolida-su-compromiso-ambiental-con-la-plantacion-de-10-mil-arboles-en-el-parque-ecologico-pichardo-pagaza\\\/\",\"name\":\"CUAUTITL\u00c1N IZCALLI CONSOLIDA SU COMPROMISO AMBIENTAL CON LA PLANTACI\u00d3N DE 10 MIL \u00c1RBOLES EN EL PARQUE ECOL\u00d3GICO PICHARDO PAGAZA -\",\"isPartOf\":{\"@id\":\"https:\\\/\\\/continuamosmx.com\\\/#website\"},\"primaryImageOfPage\":{\"@id\":\"https:\\\/\\\/continuamosmx.com\\\/index.php\\\/2026\\\/09\\\/05\\\/cuautitlan-izcalli-consolida-su-compromiso-ambiental-con-la-plantacion-de-10-mil-arboles-en-el-parque-ecologico-pichardo-pagaza\\\/#primaryimage\"},\"image\":{\"@id\":\"https:\\\/\\\/continuamosmx.com\\\/index.php\\\/2026\\\/09\\\/05\\\/cuautitlan-izcalli-consolida-su-compromiso-ambiental-con-la-plantacion-de-10-mil-arboles-en-el-parque-ecologico-pichardo-pagaza\\\/#primaryimage\"},\"thumbnailUrl\":\"https:\\\/\\\/continuamosmx.com\\\/wp-content\\\/uploads\\\/2026\\\/09\\\/pagaza-8.jpeg\",\"datePublished\":\"2026-09-05T22:29:19+00:00\",\"dateModified\":\"2026-09-05T22:29:20+00:00\",\"breadcrumb\":{\"@id\":\"https:\\\/\\\/continuamosmx.com\\\/index.php\\\/2026\\\/09\\\/05\\\/cuautitlan-izcalli-consolida-su-compromiso-ambiental-con-la-plantacion-de-10-mil-arboles-en-el-parque-ecologico-pichardo-pagaza\\\/#breadcrumb\"},\"inLanguage\":\"es\",\"potentialAction\":[{\"@type\":\"ReadAction\",\"target\":[\"https:\\\/\\\/continuamosmx.com\\\/index.php\\\/2026\\\/09\\\/05\\\/cuautitlan-izcalli-consolida-su-compromiso-ambiental-con-la-plantacion-de-10-mil-arboles-en-el-parque-ecologico-pichardo-pagaza\\\/\"]}]},{\"@type\":\"ImageObject\",\"inLanguage\":\"es\",\"@id\":\"https:\\\/\\\/continuamosmx.com\\\/index.php\\\/2026\\\/09\\\/05\\\/cuautitlan-izcalli-consolida-su-compromiso-ambiental-con-la-plantacion-de-10-mil-arboles-en-el-parque-ecologico-pichardo-pagaza\\\/#primaryimage\",\"url\":\"https:\\\/\\\/continuamosmx.com\\\/wp-content\\\/uploads\\\/2026\\\/09\\\/pagaza-8.jpeg\",\"contentUrl\":\"https:\\\/\\\/continuamosmx.com\\\/wp-content\\\/uploads\\\/2026\\\/09\\\/pagaza-8.jpeg\",\"width\":1280,\"height\":853},{\"@type\":\"BreadcrumbList\",\"@id\":\"https:\\\/\\\/continuamosmx.com\\\/index.php\\\/2026\\\/09\\\/05\\\/cuautitlan-izcalli-consolida-su-compromiso-ambiental-con-la-plantacion-de-10-mil-arboles-en-el-parque-ecologico-pichardo-pagaza\\\/#breadcrumb\",\"itemListElement\":[{\"@type\":\"ListItem\",\"position\":1,\"name\":\"Inicio\",\"item\":\"https:\\\/\\\/continuamosmx.com\\\/\"},{\"@type\":\"ListItem\",\"position\":2,\"name\":\"CUAUTITL\u00c1N IZCALLI CONSOLIDA SU COMPROMISO AMBIENTAL CON LA PLANTACI\u00d3N DE 10 MIL \u00c1RBOLES EN EL PARQUE ECOL\u00d3GICO PICHARDO PAGAZA\"}]},{\"@type\":\"WebSite\",\"@id\":\"https:\\\/\\\/continuamosmx.com\\\/#website\",\"url\":\"https:\\\/\\\/continuamosmx.com\\\/\",\"name\":\"www.continuamosmx.com\",\"description\":\"\",\"publisher\":{\"@id\":\"https:\\\/\\\/continuamosmx.com\\\/#organization\"},\"potentialAction\":[{\"@type\":\"SearchAction\",\"target\":{\"@type\":\"EntryPoint\",\"urlTemplate\":\"https:\\\/\\\/continuamosmx.com\\\/?s={search_term_string}\"},\"query-input\":{\"@type\":\"PropertyValueSpecification\",\"valueRequired\":true,\"valueName\":\"search_term_string\"}}],\"inLanguage\":\"es\"},{\"@type\":\"Organization\",\"@id\":\"https:\\\/\\\/continuamosmx.com\\\/#organization\",\"name\":\"ContinuamosMX\",\"url\":\"https:\\\/\\\/continuamosmx.com\\\/\",\"logo\":{\"@type\":\"ImageObject\",\"inLanguage\":\"es\",\"@id\":\"https:\\\/\\\/continuamosmx.com\\\/#\\\/schema\\\/logo\\\/image\\\/\",\"url\":\"https:\\\/\\\/continuamosmx.com\\\/wp-content\\\/uploads\\\/2023\\\/04\\\/cropped-LOGO-CONTI-NUEVO.png\",\"contentUrl\":\"https:\\\/\\\/continuamosmx.com\\\/wp-content\\\/uploads\\\/2023\\\/04\\\/cropped-LOGO-CONTI-NUEVO.png\",\"width\":1257,\"height\":430,\"caption\":\"ContinuamosMX\"},\"image\":{\"@id\":\"https:\\\/\\\/continuamosmx.com\\\/#\\\/schema\\\/logo\\\/image\\\/\"}},{\"@type\":\"Person\",\"@id\":\"https:\\\/\\\/continuamosmx.com\\\/#\\\/schema\\\/person\\\/5eb5356acb1fad784da407d14f0e8d89\",\"name\":\"Continuamos MX\",\"image\":{\"@type\":\"ImageObject\",\"inLanguage\":\"es\",\"@id\":\"https:\\\/\\\/secure.gravatar.com\\\/avatar\\\/30d4f9723476a15f4da34d35fb3501f08d2357016c76051c6a85c354c7489589?s=96&d=mm&r=g\",\"url\":\"https:\\\/\\\/secure.gravatar.com\\\/avatar\\\/30d4f9723476a15f4da34d35fb3501f08d2357016c76051c6a85c354c7489589?s=96&d=mm&r=g\",\"contentUrl\":\"https:\\\/\\\/secure.gravatar.com\\\/avatar\\\/30d4f9723476a15f4da34d35fb3501f08d2357016c76051c6a85c354c7489589?s=96&d=mm&r=g\",\"caption\":\"Continuamos MX\"},\"sameAs\":[\"http:\\\/\\\/www.continuamos.mx\"],\"url\":\"https:\\\/\\\/continuamosmx.com\\\/index.php\\\/author\\\/continuamos\\\/\"}]}<\/script>\n<!-- \/ Yoast SEO plugin. -->","yoast_head_json":{"title":"CUAUTITL\u00c1N IZCALLI CONSOLIDA SU COMPROMISO AMBIENTAL CON LA PLANTACI\u00d3N DE 10 MIL \u00c1RBOLES EN EL PARQUE ECOL\u00d3GICO PICHARDO PAGAZA -","robots":{"index":"index","follow":"follow","max-snippet":"max-snippet:-1","max-image-preview":"max-image-preview:large","max-video-preview":"max-video-preview:-1"},"canonical":"https:\/\/continuamosmx.com\/index.php\/2026\/09\/05\/cuautitlan-izcalli-consolida-su-compromiso-ambiental-con-la-plantacion-de-10-mil-arboles-en-el-parque-ecologico-pichardo-pagaza\/","og_locale":"es_ES","og_type":"article","og_title":"CUAUTITL\u00c1N IZCALLI CONSOLIDA SU COMPROMISO AMBIENTAL CON LA PLANTACI\u00d3N DE 10 MIL \u00c1RBOLES EN EL PARQUE ECOL\u00d3GICO PICHARDO PAGAZA -","og_description":"*Gobierno municipal y federal unen fuerzas para reforestar 10 mil \u00e1rboles y proteger los recursos h\u00eddricos de la regi\u00f3n. Como parte de las acciones estrat\u00e9gicas para fortalecer la conservaci\u00f3n ambiental y la protecci\u00f3n de los recursos h\u00eddricos en la demarcaci\u00f3n, este s\u00e1bado se llev\u00f3 a cabo una Macro Jornada de Reforestaci\u00f3n en el Parque Ecol\u00f3gico [&hellip;]","og_url":"https:\/\/continuamosmx.com\/index.php\/2026\/09\/05\/cuautitlan-izcalli-consolida-su-compromiso-ambiental-con-la-plantacion-de-10-mil-arboles-en-el-parque-ecologico-pichardo-pagaza\/","article_published_time":"2026-09-05T22:29:19+00:00","article_modified_time":"2026-09-05T22:29:20+00:00","og_image":[{"width":1280,"height":853,"url":"https:\/\/continuamosmx.com\/wp-content\/uploads\/2026\/09\/pagaza-8.jpeg","type":"image\/jpeg"}],"author":"Continuamos MX","twitter_card":"summary_large_image","twitter_misc":{"Escrito por":"Continuamos MX","Tiempo de lectura":"3 minutos"},"schema":{"@context":"https:\/\/schema.org","@graph":[{"@type":"Article","@id":"https:\/\/continuamosmx.com\/index.php\/2026\/09\/05\/cuautitlan-izcalli-consolida-su-compromiso-ambiental-con-la-plantacion-de-10-mil-arboles-en-el-parque-ecologico-pichardo-pagaza\/#article","isPartOf":{"@id":"https:\/\/continuamosmx.com\/index.php\/2026\/09\/05\/cuautitlan-izcalli-consolida-su-compromiso-ambiental-con-la-plantacion-de-10-mil-arboles-en-el-parque-ecologico-pichardo-pagaza\/"},"author":{"name":"Continuamos MX","@id":"https:\/\/continuamosmx.com\/#\/schema\/person\/5eb5356acb1fad784da407d14f0e8d89"},"headline":"CUAUTITL\u00c1N IZCALLI CONSOLIDA SU COMPROMISO AMBIENTAL CON LA PLANTACI\u00d3N DE 10 MIL \u00c1RBOLES EN EL PARQUE ECOL\u00d3GICO PICHARDO PAGAZA","datePublished":"2026-09-05T22:29:19+00:00","dateModified":"2026-09-05T22:29:20+00:00","mainEntityOfPage":{"@id":"https:\/\/continuamosmx.com\/index.php\/2026\/09\/05\/cuautitlan-izcalli-consolida-su-compromiso-ambiental-con-la-plantacion-de-10-mil-arboles-en-el-parque-ecologico-pichardo-pagaza\/"},"wordCount":427,"publisher":{"@id":"https:\/\/continuamosmx.com\/#organization"},"image":{"@id":"https:\/\/continuamosmx.com\/index.php\/2026\/09\/05\/cuautitlan-izcalli-consolida-su-compromiso-ambiental-con-la-plantacion-de-10-mil-arboles-en-el-parque-ecologico-pichardo-pagaza\/#primaryimage"},"thumbnailUrl":"https:\/\/continuamosmx.com\/wp-content\/uploads\/2026\/09\/pagaza-8.jpeg","articleSection":["C. IZCALLI","LOCALES"],"inLanguage":"es"},{"@type":"WebPage","@id":"https:\/\/continuamosmx.com\/index.php\/2026\/09\/05\/cuautitlan-izcalli-consolida-su-compromiso-ambiental-con-la-plantacion-de-10-mil-arboles-en-el-parque-ecologico-pichardo-pagaza\/","url":"https:\/\/continuamosmx.com\/index.php\/2026\/09\/05\/cuautitlan-izcalli-consolida-su-compromiso-ambiental-con-la-plantacion-de-10-mil-arboles-en-el-parque-ecologico-pichardo-pagaza\/","name":"CUAUTITL\u00c1N IZCALLI CONSOLIDA SU COMPROMISO AMBIENTAL CON LA PLANTACI\u00d3N DE 10 MIL \u00c1RBOLES EN EL PARQUE ECOL\u00d3GICO PICHARDO PAGAZA -","isPartOf":{"@id":"https:\/\/continuamosmx.com\/#website"},"primaryImageOfPage":{"@id":"https:\/\/continuamosmx.com\/index.php\/2026\/09\/05\/cuautitlan-izcalli-consolida-su-compromiso-ambiental-con-la-plantacion-de-10-mil-arboles-en-el-parque-ecologico-pichardo-pagaza\/#primaryimage"},"image":{"@id":"https:\/\/continuamosmx.com\/index.php\/2026\/09\/05\/cuautitlan-izcalli-consolida-su-compromiso-ambiental-con-la-plantacion-de-10-mil-arboles-en-el-parque-ecologico-pichardo-pagaza\/#primaryimage"},"thumbnailUrl":"https:\/\/continuamosmx.com\/wp-content\/uploads\/2026\/09\/pagaza-8.jpeg","datePublished":"2026-09-05T22:29:19+00:00","dateModified":"2026-09-05T22:29:20+00:00","breadcrumb":{"@id":"https:\/\/continuamosmx.com\/index.php\/2026\/09\/05\/cuautitlan-izcalli-consolida-su-compromiso-ambiental-con-la-plantacion-de-10-mil-arboles-en-el-parque-ecologico-pichardo-pagaza\/#breadcrumb"},"inLanguage":"es","potentialAction":[{"@type":"ReadAction","target":["https:\/\/continuamosmx.com\/index.php\/2026\/09\/05\/cuautitlan-izcalli-consolida-su-compromiso-ambiental-con-la-plantacion-de-10-mil-arboles-en-el-parque-ecologico-pichardo-pagaza\/"]}]},{"@type":"ImageObject","inLanguage":"es","@id":"https:\/\/continuamosmx.com\/index.php\/2026\/09\/05\/cuautitlan-izcalli-consolida-su-compromiso-ambiental-con-la-plantacion-de-10-mil-arboles-en-el-parque-ecologico-pichardo-pagaza\/#primaryimage","url":"https:\/\/continuamosmx.com\/wp-content\/uploads\/2026\/09\/pagaza-8.jpeg","contentUrl":"https:\/\/continuamosmx.com\/wp-content\/uploads\/2026\/09\/pagaza-8.jpeg","width":1280,"height":853},{"@type":"BreadcrumbList","@id":"https:\/\/continuamosmx.com\/index.php\/2026\/09\/05\/cuautitlan-izcalli-consolida-su-compromiso-ambiental-con-la-plantacion-de-10-mil-arboles-en-el-parque-ecologico-pichardo-pagaza\/#breadcrumb","itemListElement":[{"@type":"ListItem","position":1,"name":"Inicio","item":"https:\/\/continuamosmx.com\/"},{"@type":"ListItem","position":2,"name":"CUAUTITL\u00c1N IZCALLI CONSOLIDA SU COMPROMISO AMBIENTAL CON LA PLANTACI\u00d3N DE 10 MIL \u00c1RBOLES EN EL PARQUE ECOL\u00d3GICO PICHARDO PAGAZA"}]},{"@type":"WebSite","@id":"https:\/\/continuamosmx.com\/#website","url":"https:\/\/continuamosmx.com\/","name":"www.continuamosmx.com","description":"","publisher":{"@id":"https:\/\/continuamosmx.com\/#organization"},"potentialAction":[{"@type":"SearchAction","target":{"@type":"EntryPoint","urlTemplate":"https:\/\/continuamosmx.com\/?s={search_term_string}"},"query-input":{"@type":"PropertyValueSpecification","valueRequired":true,"valueName":"search_term_string"}}],"inLanguage":"es"},{"@type":"Organization","@id":"https:\/\/continuamosmx.com\/#organization","name":"ContinuamosMX","url":"https:\/\/continuamosmx.com\/","logo":{"@type":"ImageObject","inLanguage":"es","@id":"https:\/\/continuamosmx.com\/#\/schema\/logo\/image\/","url":"https:\/\/continuamosmx.com\/wp-content\/uploads\/2023\/04\/cropped-LOGO-CONTI-NUEVO.png","contentUrl":"https:\/\/continuamosmx.com\/wp-content\/uploads\/2023\/04\/cropped-LOGO-CONTI-NUEVO.png","width":1257,"height":430,"caption":"ContinuamosMX"},"image":{"@id":"https:\/\/continuamosmx.com\/#\/schema\/logo\/image\/"}},{"@type":"Person","@id":"https:\/\/continuamosmx.com\/#\/schema\/person\/5eb5356acb1fad784da407d14f0e8d89","name":"Continuamos MX","image":{"@type":"ImageObject","inLanguage":"es","@id":"https:\/\/secure.gravatar.com\/avatar\/30d4f9723476a15f4da34d35fb3501f08d2357016c76051c6a85c354c7489589?s=96&d=mm&r=g","url":"https:\/\/secure.gravatar.com\/avatar\/30d4f9723476a15f4da34d35fb3501f08d2357016c76051c6a85c354c7489589?s=96&d=mm&r=g","contentUrl":"https:\/\/secure.gravatar.com\/avatar\/30d4f9723476a15f4da34d35fb3501f08d2357016c76051c6a85c354c7489589?s=96&d=mm&r=g","caption":"Continuamos MX"},"sameAs":["http:\/\/www.continuamos.mx"],"url":"https:\/\/continuamosmx.com\/index.php\/author\/continuamos\/"}]}},"_links":{"self":[{"href":"https:\/\/continuamosmx.com\/index.php\/wp-json\/wp\/v2\/posts\/58372","targetHints":{"allow":["GET"]}}],"collection":[{"href":"https:\/\/continuamosmx.com\/index.php\/wp-json\/wp\/v2\/posts"}],"about":[{"href":"https:\/\/continuamosmx.com\/index.php\/wp-json\/wp\/v2\/types\/post"}],"author":[{"embeddable":true,"href":"https:\/\/continuamosmx.com\/index.php\/wp-json\/wp\/v2\/users\/6"}],"replies":[{"embeddable":true,"href":"https:\/\/continuamosmx.com\/index.php\/wp-json\/wp\/v2\/comments?post=58372"}],"version-history":[{"count":1,"href":"https:\/\/continuamosmx.com\/index.php\/wp-json\/wp\/v2\/posts\/58372\/revisions"}],"predecessor-version":[{"id":58378,"href":"https:\/\/continuamosmx.com\/index.php\/wp-json\/wp\/v2\/posts\/58372\/revisions\/58378"}],"wp:featuredmedia":[{"embeddable":true,"href":"https:\/\/continuamosmx.com\/index.php\/wp-json\/wp\/v2\/media\/58373"}],"wp:attachment":[{"href":"https:\/\/continuamosmx.com\/index.php\/wp-json\/wp\/v2\/media?parent=58372"}],"wp:term":[{"taxonomy":"category","embeddable":true,"href":"https:\/\/continuamosmx.com\/index.php\/wp-json\/wp\/v2\/categories?post=58372"},{"taxonomy":"post_tag","embeddable":true,"href":"https:\/\/continuamosmx.com\/index.php\/wp-json\/wp\/v2\/tags?post=58372"}],"curies":[{"name":"wp","href":"https:\/\/api.w.org\/{rel}","templated":true}]}}