{"id":58366,"date":"2026-09-05T12:32:24","date_gmt":"2026-09-05T18:32:24","guid":{"rendered":"https:\/\/continuamosmx.com\/?p=58366"},"modified":"2026-09-05T12:32:25","modified_gmt":"2026-09-05T18:32:25","slug":"fiestas-patrias-2026-gobierno-del-edomex-celebrara-el-grito-de-independencia-con-maria-jose-german-montero-y-aaron-y-su-grupo-ilusion","status":"publish","type":"post","link":"https:\/\/continuamosmx.com\/index.php\/2026\/09\/05\/fiestas-patrias-2026-gobierno-del-edomex-celebrara-el-grito-de-independencia-con-maria-jose-german-montero-y-aaron-y-su-grupo-ilusion\/","title":{"rendered":"FIESTAS PATRIAS 2026: GOBIERNO DEL EDOM\u00c9X CELEBRAR\u00c1 EL GRITO DE INDEPENDENCIA CON MAR\u00cdA JOS\u00c9, GERM\u00c1N MONTERO Y AAR\u00d3N Y SU GRUPO ILUSI\u00d3N"},"content":{"rendered":"\n<h3 class=\"wp-block-heading\">*<strong>La Plaza de los M\u00e1rtires en Toluca ser\u00e1 sede de la gran verbena popular gratuita encabezada por la Gobernadora Delfina G\u00f3mez \u00c1lvarez para conmemorar el 216 Aniversario de la Independencia de M\u00e9xico.<\/strong><\/h3>\n\n\n\n<p class=\"wp-block-paragraph\"><strong>TOLUCA, Estado de M\u00e9xico<\/strong>.\u2014 Con m\u00fasica, baile y un ambiente de profundo orgullo patrio, el Gobierno del Estado de M\u00e9xico alista una celebraci\u00f3n inolvidable para conmemorar el 216 Aniversario de la Independencia de M\u00e9xico. La cita ser\u00e1 el pr\u00f3ximo martes 15 de septiembre, a partir de las 17:30 horas, en la emblem\u00e1tica Plaza de los M\u00e1rtires, ubicada en el coraz\u00f3n de la capital mexiquense.<\/p>\n\n\n\n<p class=\"wp-block-paragraph\">Las festividades patrias, que tendr\u00e1n acceso totalmente libre y gratuito para todas las familias, contar\u00e1n con un programa art\u00edstico estelar dise\u00f1ado para reunir a p\u00fablicos de todas las edades en una gran fiesta popular.<\/p>\n\n\n\n<h3 class=\"wp-block-heading\">Cartelera musical de gala<\/h3>\n\n\n\n<p class=\"wp-block-paragraph\">Para la edici\u00f3n 2026 de esta tradicional verbena, la administraci\u00f3n estatal ha preparado una mezcla de g\u00e9neros que incluye pop, regional mexicano y cumbia:<\/p>\n\n\n\n<ul class=\"wp-block-list\">\n<li><strong>Mar\u00eda Jos\u00e9:<\/strong> La figura estelar de la noche llegar\u00e1 al escenario principal con los grandes \u00e9xitos de su gira <em>Ahora o Nunca<\/em>, prometiendo un recorrido musical lleno de energ\u00eda y romanticismo.<\/li>\n\n\n\n<li><strong>Germ\u00e1n Montero:<\/strong> El reconocido exponente de la m\u00fasica regional mexicana pondr\u00e1 a corear a los asistentes con su talento en la banda sinaloense, la m\u00fasica norte\u00f1a y el g\u00e9nero ranchero.<\/li>\n\n\n\n<li><strong>Aar\u00f3n y su Grupo Ilusi\u00f3n:<\/strong> Directamente desde Nezahualc\u00f3yotl, el talento mexiquense pondr\u00e1 a bailar a todo el p\u00fablico al ritmo inconfundible de la cumbia tropical y sonidera.<\/li>\n<\/ul>\n\n\n\n<h3 class=\"wp-block-heading\">Tradici\u00f3n y ceremonia c\u00edvica<\/h3>\n\n\n\n<p class=\"wp-block-paragraph\">En el marco de esta celebraci\u00f3n, la Gobernadora del Estado de M\u00e9xico, Maestra Delfina G\u00f3mez \u00c1lvarez, saldr\u00e1 al balc\u00f3n principal de Palacio de Gobierno para encabezar la tradicional Ceremonia del Grito de Independencia y vitorear a los h\u00e9roes que nos dieron patria y libertad.<\/p>\n\n\n\n<p class=\"wp-block-paragraph\">Al t\u00e9rmino del acto protocolario, las familias asistentes podr\u00e1n disfrutar de un vistoso espect\u00e1culo de luces y juegos pirot\u00e9cnicos que iluminar\u00e1n el cielo toluque\u00f1o, dando paso a la continuidad de la verbena popular en un entorno seguro y familiar. El Gobierno estatal reitera la invitaci\u00f3n a la ciudadan\u00eda para unirse a esta magna conmemoraci\u00f3n que fortalece nuestra identidad e historia nacional.<\/p>\n","protected":false},"excerpt":{"rendered":"<p>*La Plaza de los M\u00e1rtires en Toluca ser\u00e1 sede de la gran verbena popular gratuita encabezada por la Gobernadora Delfina G\u00f3mez \u00c1lvarez para conmemorar el 216 Aniversario de la Independencia de M\u00e9xico. TOLUCA, Estado de M\u00e9xico.\u2014 Con m\u00fasica, baile y un ambiente de profundo orgullo patrio, el Gobierno del Estado de M\u00e9xico alista una celebraci\u00f3n [&hellip;]<\/p>\n","protected":false},"author":6,"featured_media":58367,"comment_status":"closed","ping_status":"closed","sticky":false,"template":"","format":"standard","meta":{"footnotes":""},"categories":[2],"tags":[],"class_list":["post-58366","post","type-post","status-publish","format-standard","has-post-thumbnail","hentry","category-edomex"],"yoast_head":"<!-- This site is optimized with the Yoast SEO plugin v28.4 - https:\/\/yoast.com\/product\/yoast-seo-wordpress\/ -->\n<title>FIESTAS PATRIAS 2026: GOBIERNO DEL EDOM\u00c9X CELEBRAR\u00c1 EL GRITO DE INDEPENDENCIA CON MAR\u00cdA JOS\u00c9, GERM\u00c1N MONTERO Y AAR\u00d3N Y SU GRUPO ILUSI\u00d3N -<\/title>\n<meta name=\"robots\" content=\"index, follow, max-snippet:-1, max-image-preview:large, max-video-preview:-1\" \/>\n<link rel=\"canonical\" href=\"https:\/\/continuamosmx.com\/index.php\/2026\/09\/05\/fiestas-patrias-2026-gobierno-del-edomex-celebrara-el-grito-de-independencia-con-maria-jose-german-montero-y-aaron-y-su-grupo-ilusion\/\" \/>\n<meta property=\"og:locale\" content=\"es_ES\" \/>\n<meta property=\"og:type\" content=\"article\" \/>\n<meta property=\"og:title\" content=\"FIESTAS PATRIAS 2026: GOBIERNO DEL EDOM\u00c9X CELEBRAR\u00c1 EL GRITO DE INDEPENDENCIA CON MAR\u00cdA JOS\u00c9, GERM\u00c1N MONTERO Y AAR\u00d3N Y SU GRUPO ILUSI\u00d3N -\" \/>\n<meta property=\"og:description\" content=\"*La Plaza de los M\u00e1rtires en Toluca ser\u00e1 sede de la gran verbena popular gratuita encabezada por la Gobernadora Delfina G\u00f3mez \u00c1lvarez para conmemorar el 216 Aniversario de la Independencia de M\u00e9xico. TOLUCA, Estado de M\u00e9xico.\u2014 Con m\u00fasica, baile y un ambiente de profundo orgullo patrio, el Gobierno del Estado de M\u00e9xico alista una celebraci\u00f3n [&hellip;]\" \/>\n<meta property=\"og:url\" content=\"https:\/\/continuamosmx.com\/index.php\/2026\/09\/05\/fiestas-patrias-2026-gobierno-del-edomex-celebrara-el-grito-de-independencia-con-maria-jose-german-montero-y-aaron-y-su-grupo-ilusion\/\" \/>\n<meta property=\"article:published_time\" content=\"2026-09-05T18:32:24+00:00\" \/>\n<meta property=\"article:modified_time\" content=\"2026-09-05T18:32:25+00:00\" \/>\n<meta property=\"og:image\" content=\"https:\/\/continuamosmx.com\/wp-content\/uploads\/2026\/09\/WhatsApp-Image-2026-09-04-at-9.41.26-PM.jpeg\" \/>\n\t<meta property=\"og:image:width\" content=\"1066\" \/>\n\t<meta property=\"og:image:height\" content=\"1600\" \/>\n\t<meta property=\"og:image:type\" content=\"image\/jpeg\" \/>\n<meta name=\"author\" content=\"Continuamos MX\" \/>\n<meta name=\"twitter:card\" content=\"summary_large_image\" \/>\n<meta name=\"twitter:label1\" content=\"Escrito por\" \/>\n\t<meta name=\"twitter:data1\" content=\"Continuamos MX\" \/>\n\t<meta name=\"twitter:label2\" content=\"Tiempo de lectura\" \/>\n\t<meta name=\"twitter:data2\" content=\"2 minutos\" \/>\n<script type=\"application\/ld+json\" class=\"yoast-schema-graph\">{\"@context\":\"https:\\\/\\\/schema.org\",\"@graph\":[{\"@type\":\"Article\",\"@id\":\"https:\\\/\\\/continuamosmx.com\\\/index.php\\\/2026\\\/09\\\/05\\\/fiestas-patrias-2026-gobierno-del-edomex-celebrara-el-grito-de-independencia-con-maria-jose-german-montero-y-aaron-y-su-grupo-ilusion\\\/#article\",\"isPartOf\":{\"@id\":\"https:\\\/\\\/continuamosmx.com\\\/index.php\\\/2026\\\/09\\\/05\\\/fiestas-patrias-2026-gobierno-del-edomex-celebrara-el-grito-de-independencia-con-maria-jose-german-montero-y-aaron-y-su-grupo-ilusion\\\/\"},\"author\":{\"name\":\"Continuamos MX\",\"@id\":\"https:\\\/\\\/continuamosmx.com\\\/#\\\/schema\\\/person\\\/5eb5356acb1fad784da407d14f0e8d89\"},\"headline\":\"FIESTAS PATRIAS 2026: GOBIERNO DEL EDOM\u00c9X CELEBRAR\u00c1 EL GRITO DE INDEPENDENCIA CON MAR\u00cdA JOS\u00c9, GERM\u00c1N MONTERO Y AAR\u00d3N Y SU GRUPO ILUSI\u00d3N\",\"datePublished\":\"2026-09-05T18:32:24+00:00\",\"dateModified\":\"2026-09-05T18:32:25+00:00\",\"mainEntityOfPage\":{\"@id\":\"https:\\\/\\\/continuamosmx.com\\\/index.php\\\/2026\\\/09\\\/05\\\/fiestas-patrias-2026-gobierno-del-edomex-celebrara-el-grito-de-independencia-con-maria-jose-german-montero-y-aaron-y-su-grupo-ilusion\\\/\"},\"wordCount\":423,\"publisher\":{\"@id\":\"https:\\\/\\\/continuamosmx.com\\\/#organization\"},\"image\":{\"@id\":\"https:\\\/\\\/continuamosmx.com\\\/index.php\\\/2026\\\/09\\\/05\\\/fiestas-patrias-2026-gobierno-del-edomex-celebrara-el-grito-de-independencia-con-maria-jose-german-montero-y-aaron-y-su-grupo-ilusion\\\/#primaryimage\"},\"thumbnailUrl\":\"https:\\\/\\\/continuamosmx.com\\\/wp-content\\\/uploads\\\/2026\\\/09\\\/WhatsApp-Image-2026-09-04-at-9.41.26-PM.jpeg\",\"articleSection\":[\"EDOMEX\"],\"inLanguage\":\"es\"},{\"@type\":\"WebPage\",\"@id\":\"https:\\\/\\\/continuamosmx.com\\\/index.php\\\/2026\\\/09\\\/05\\\/fiestas-patrias-2026-gobierno-del-edomex-celebrara-el-grito-de-independencia-con-maria-jose-german-montero-y-aaron-y-su-grupo-ilusion\\\/\",\"url\":\"https:\\\/\\\/continuamosmx.com\\\/index.php\\\/2026\\\/09\\\/05\\\/fiestas-patrias-2026-gobierno-del-edomex-celebrara-el-grito-de-independencia-con-maria-jose-german-montero-y-aaron-y-su-grupo-ilusion\\\/\",\"name\":\"FIESTAS PATRIAS 2026: GOBIERNO DEL EDOM\u00c9X CELEBRAR\u00c1 EL GRITO DE INDEPENDENCIA CON MAR\u00cdA JOS\u00c9, GERM\u00c1N MONTERO Y AAR\u00d3N Y SU GRUPO ILUSI\u00d3N -\",\"isPartOf\":{\"@id\":\"https:\\\/\\\/continuamosmx.com\\\/#website\"},\"primaryImageOfPage\":{\"@id\":\"https:\\\/\\\/continuamosmx.com\\\/index.php\\\/2026\\\/09\\\/05\\\/fiestas-patrias-2026-gobierno-del-edomex-celebrara-el-grito-de-independencia-con-maria-jose-german-montero-y-aaron-y-su-grupo-ilusion\\\/#primaryimage\"},\"image\":{\"@id\":\"https:\\\/\\\/continuamosmx.com\\\/index.php\\\/2026\\\/09\\\/05\\\/fiestas-patrias-2026-gobierno-del-edomex-celebrara-el-grito-de-independencia-con-maria-jose-german-montero-y-aaron-y-su-grupo-ilusion\\\/#primaryimage\"},\"thumbnailUrl\":\"https:\\\/\\\/continuamosmx.com\\\/wp-content\\\/uploads\\\/2026\\\/09\\\/WhatsApp-Image-2026-09-04-at-9.41.26-PM.jpeg\",\"datePublished\":\"2026-09-05T18:32:24+00:00\",\"dateModified\":\"2026-09-05T18:32:25+00:00\",\"breadcrumb\":{\"@id\":\"https:\\\/\\\/continuamosmx.com\\\/index.php\\\/2026\\\/09\\\/05\\\/fiestas-patrias-2026-gobierno-del-edomex-celebrara-el-grito-de-independencia-con-maria-jose-german-montero-y-aaron-y-su-grupo-ilusion\\\/#breadcrumb\"},\"inLanguage\":\"es\",\"potentialAction\":[{\"@type\":\"ReadAction\",\"target\":[\"https:\\\/\\\/continuamosmx.com\\\/index.php\\\/2026\\\/09\\\/05\\\/fiestas-patrias-2026-gobierno-del-edomex-celebrara-el-grito-de-independencia-con-maria-jose-german-montero-y-aaron-y-su-grupo-ilusion\\\/\"]}]},{\"@type\":\"ImageObject\",\"inLanguage\":\"es\",\"@id\":\"https:\\\/\\\/continuamosmx.com\\\/index.php\\\/2026\\\/09\\\/05\\\/fiestas-patrias-2026-gobierno-del-edomex-celebrara-el-grito-de-independencia-con-maria-jose-german-montero-y-aaron-y-su-grupo-ilusion\\\/#primaryimage\",\"url\":\"https:\\\/\\\/continuamosmx.com\\\/wp-content\\\/uploads\\\/2026\\\/09\\\/WhatsApp-Image-2026-09-04-at-9.41.26-PM.jpeg\",\"contentUrl\":\"https:\\\/\\\/continuamosmx.com\\\/wp-content\\\/uploads\\\/2026\\\/09\\\/WhatsApp-Image-2026-09-04-at-9.41.26-PM.jpeg\",\"width\":1066,\"height\":1600},{\"@type\":\"BreadcrumbList\",\"@id\":\"https:\\\/\\\/continuamosmx.com\\\/index.php\\\/2026\\\/09\\\/05\\\/fiestas-patrias-2026-gobierno-del-edomex-celebrara-el-grito-de-independencia-con-maria-jose-german-montero-y-aaron-y-su-grupo-ilusion\\\/#breadcrumb\",\"itemListElement\":[{\"@type\":\"ListItem\",\"position\":1,\"name\":\"Inicio\",\"item\":\"https:\\\/\\\/continuamosmx.com\\\/\"},{\"@type\":\"ListItem\",\"position\":2,\"name\":\"FIESTAS PATRIAS 2026: GOBIERNO DEL EDOM\u00c9X CELEBRAR\u00c1 EL GRITO DE INDEPENDENCIA CON MAR\u00cdA JOS\u00c9, GERM\u00c1N MONTERO Y AAR\u00d3N Y SU GRUPO ILUSI\u00d3N\"}]},{\"@type\":\"WebSite\",\"@id\":\"https:\\\/\\\/continuamosmx.com\\\/#website\",\"url\":\"https:\\\/\\\/continuamosmx.com\\\/\",\"name\":\"www.continuamosmx.com\",\"description\":\"\",\"publisher\":{\"@id\":\"https:\\\/\\\/continuamosmx.com\\\/#organization\"},\"potentialAction\":[{\"@type\":\"SearchAction\",\"target\":{\"@type\":\"EntryPoint\",\"urlTemplate\":\"https:\\\/\\\/continuamosmx.com\\\/?s={search_term_string}\"},\"query-input\":{\"@type\":\"PropertyValueSpecification\",\"valueRequired\":true,\"valueName\":\"search_term_string\"}}],\"inLanguage\":\"es\"},{\"@type\":\"Organization\",\"@id\":\"https:\\\/\\\/continuamosmx.com\\\/#organization\",\"name\":\"ContinuamosMX\",\"url\":\"https:\\\/\\\/continuamosmx.com\\\/\",\"logo\":{\"@type\":\"ImageObject\",\"inLanguage\":\"es\",\"@id\":\"https:\\\/\\\/continuamosmx.com\\\/#\\\/schema\\\/logo\\\/image\\\/\",\"url\":\"https:\\\/\\\/continuamosmx.com\\\/wp-content\\\/uploads\\\/2023\\\/04\\\/cropped-LOGO-CONTI-NUEVO.png\",\"contentUrl\":\"https:\\\/\\\/continuamosmx.com\\\/wp-content\\\/uploads\\\/2023\\\/04\\\/cropped-LOGO-CONTI-NUEVO.png\",\"width\":1257,\"height\":430,\"caption\":\"ContinuamosMX\"},\"image\":{\"@id\":\"https:\\\/\\\/continuamosmx.com\\\/#\\\/schema\\\/logo\\\/image\\\/\"}},{\"@type\":\"Person\",\"@id\":\"https:\\\/\\\/continuamosmx.com\\\/#\\\/schema\\\/person\\\/5eb5356acb1fad784da407d14f0e8d89\",\"name\":\"Continuamos MX\",\"image\":{\"@type\":\"ImageObject\",\"inLanguage\":\"es\",\"@id\":\"https:\\\/\\\/secure.gravatar.com\\\/avatar\\\/30d4f9723476a15f4da34d35fb3501f08d2357016c76051c6a85c354c7489589?s=96&d=mm&r=g\",\"url\":\"https:\\\/\\\/secure.gravatar.com\\\/avatar\\\/30d4f9723476a15f4da34d35fb3501f08d2357016c76051c6a85c354c7489589?s=96&d=mm&r=g\",\"contentUrl\":\"https:\\\/\\\/secure.gravatar.com\\\/avatar\\\/30d4f9723476a15f4da34d35fb3501f08d2357016c76051c6a85c354c7489589?s=96&d=mm&r=g\",\"caption\":\"Continuamos MX\"},\"sameAs\":[\"http:\\\/\\\/www.continuamos.mx\"],\"url\":\"https:\\\/\\\/continuamosmx.com\\\/index.php\\\/author\\\/continuamos\\\/\"}]}<\/script>\n<!-- \/ Yoast SEO plugin. -->","yoast_head_json":{"title":"FIESTAS PATRIAS 2026: GOBIERNO DEL EDOM\u00c9X CELEBRAR\u00c1 EL GRITO DE INDEPENDENCIA CON MAR\u00cdA JOS\u00c9, GERM\u00c1N MONTERO Y AAR\u00d3N Y SU GRUPO ILUSI\u00d3N -","robots":{"index":"index","follow":"follow","max-snippet":"max-snippet:-1","max-image-preview":"max-image-preview:large","max-video-preview":"max-video-preview:-1"},"canonical":"https:\/\/continuamosmx.com\/index.php\/2026\/09\/05\/fiestas-patrias-2026-gobierno-del-edomex-celebrara-el-grito-de-independencia-con-maria-jose-german-montero-y-aaron-y-su-grupo-ilusion\/","og_locale":"es_ES","og_type":"article","og_title":"FIESTAS PATRIAS 2026: GOBIERNO DEL EDOM\u00c9X CELEBRAR\u00c1 EL GRITO DE INDEPENDENCIA CON MAR\u00cdA JOS\u00c9, GERM\u00c1N MONTERO Y AAR\u00d3N Y SU GRUPO ILUSI\u00d3N -","og_description":"*La Plaza de los M\u00e1rtires en Toluca ser\u00e1 sede de la gran verbena popular gratuita encabezada por la Gobernadora Delfina G\u00f3mez \u00c1lvarez para conmemorar el 216 Aniversario de la Independencia de M\u00e9xico. TOLUCA, Estado de M\u00e9xico.\u2014 Con m\u00fasica, baile y un ambiente de profundo orgullo patrio, el Gobierno del Estado de M\u00e9xico alista una celebraci\u00f3n [&hellip;]","og_url":"https:\/\/continuamosmx.com\/index.php\/2026\/09\/05\/fiestas-patrias-2026-gobierno-del-edomex-celebrara-el-grito-de-independencia-con-maria-jose-german-montero-y-aaron-y-su-grupo-ilusion\/","article_published_time":"2026-09-05T18:32:24+00:00","article_modified_time":"2026-09-05T18:32:25+00:00","og_image":[{"width":1066,"height":1600,"url":"https:\/\/continuamosmx.com\/wp-content\/uploads\/2026\/09\/WhatsApp-Image-2026-09-04-at-9.41.26-PM.jpeg","type":"image\/jpeg"}],"author":"Continuamos MX","twitter_card":"summary_large_image","twitter_misc":{"Escrito por":"Continuamos MX","Tiempo de lectura":"2 minutos"},"schema":{"@context":"https:\/\/schema.org","@graph":[{"@type":"Article","@id":"https:\/\/continuamosmx.com\/index.php\/2026\/09\/05\/fiestas-patrias-2026-gobierno-del-edomex-celebrara-el-grito-de-independencia-con-maria-jose-german-montero-y-aaron-y-su-grupo-ilusion\/#article","isPartOf":{"@id":"https:\/\/continuamosmx.com\/index.php\/2026\/09\/05\/fiestas-patrias-2026-gobierno-del-edomex-celebrara-el-grito-de-independencia-con-maria-jose-german-montero-y-aaron-y-su-grupo-ilusion\/"},"author":{"name":"Continuamos MX","@id":"https:\/\/continuamosmx.com\/#\/schema\/person\/5eb5356acb1fad784da407d14f0e8d89"},"headline":"FIESTAS PATRIAS 2026: GOBIERNO DEL EDOM\u00c9X CELEBRAR\u00c1 EL GRITO DE INDEPENDENCIA CON MAR\u00cdA JOS\u00c9, GERM\u00c1N MONTERO Y AAR\u00d3N Y SU GRUPO ILUSI\u00d3N","datePublished":"2026-09-05T18:32:24+00:00","dateModified":"2026-09-05T18:32:25+00:00","mainEntityOfPage":{"@id":"https:\/\/continuamosmx.com\/index.php\/2026\/09\/05\/fiestas-patrias-2026-gobierno-del-edomex-celebrara-el-grito-de-independencia-con-maria-jose-german-montero-y-aaron-y-su-grupo-ilusion\/"},"wordCount":423,"publisher":{"@id":"https:\/\/continuamosmx.com\/#organization"},"image":{"@id":"https:\/\/continuamosmx.com\/index.php\/2026\/09\/05\/fiestas-patrias-2026-gobierno-del-edomex-celebrara-el-grito-de-independencia-con-maria-jose-german-montero-y-aaron-y-su-grupo-ilusion\/#primaryimage"},"thumbnailUrl":"https:\/\/continuamosmx.com\/wp-content\/uploads\/2026\/09\/WhatsApp-Image-2026-09-04-at-9.41.26-PM.jpeg","articleSection":["EDOMEX"],"inLanguage":"es"},{"@type":"WebPage","@id":"https:\/\/continuamosmx.com\/index.php\/2026\/09\/05\/fiestas-patrias-2026-gobierno-del-edomex-celebrara-el-grito-de-independencia-con-maria-jose-german-montero-y-aaron-y-su-grupo-ilusion\/","url":"https:\/\/continuamosmx.com\/index.php\/2026\/09\/05\/fiestas-patrias-2026-gobierno-del-edomex-celebrara-el-grito-de-independencia-con-maria-jose-german-montero-y-aaron-y-su-grupo-ilusion\/","name":"FIESTAS PATRIAS 2026: GOBIERNO DEL EDOM\u00c9X CELEBRAR\u00c1 EL GRITO DE INDEPENDENCIA CON MAR\u00cdA JOS\u00c9, GERM\u00c1N MONTERO Y AAR\u00d3N Y SU GRUPO ILUSI\u00d3N -","isPartOf":{"@id":"https:\/\/continuamosmx.com\/#website"},"primaryImageOfPage":{"@id":"https:\/\/continuamosmx.com\/index.php\/2026\/09\/05\/fiestas-patrias-2026-gobierno-del-edomex-celebrara-el-grito-de-independencia-con-maria-jose-german-montero-y-aaron-y-su-grupo-ilusion\/#primaryimage"},"image":{"@id":"https:\/\/continuamosmx.com\/index.php\/2026\/09\/05\/fiestas-patrias-2026-gobierno-del-edomex-celebrara-el-grito-de-independencia-con-maria-jose-german-montero-y-aaron-y-su-grupo-ilusion\/#primaryimage"},"thumbnailUrl":"https:\/\/continuamosmx.com\/wp-content\/uploads\/2026\/09\/WhatsApp-Image-2026-09-04-at-9.41.26-PM.jpeg","datePublished":"2026-09-05T18:32:24+00:00","dateModified":"2026-09-05T18:32:25+00:00","breadcrumb":{"@id":"https:\/\/continuamosmx.com\/index.php\/2026\/09\/05\/fiestas-patrias-2026-gobierno-del-edomex-celebrara-el-grito-de-independencia-con-maria-jose-german-montero-y-aaron-y-su-grupo-ilusion\/#breadcrumb"},"inLanguage":"es","potentialAction":[{"@type":"ReadAction","target":["https:\/\/continuamosmx.com\/index.php\/2026\/09\/05\/fiestas-patrias-2026-gobierno-del-edomex-celebrara-el-grito-de-independencia-con-maria-jose-german-montero-y-aaron-y-su-grupo-ilusion\/"]}]},{"@type":"ImageObject","inLanguage":"es","@id":"https:\/\/continuamosmx.com\/index.php\/2026\/09\/05\/fiestas-patrias-2026-gobierno-del-edomex-celebrara-el-grito-de-independencia-con-maria-jose-german-montero-y-aaron-y-su-grupo-ilusion\/#primaryimage","url":"https:\/\/continuamosmx.com\/wp-content\/uploads\/2026\/09\/WhatsApp-Image-2026-09-04-at-9.41.26-PM.jpeg","contentUrl":"https:\/\/continuamosmx.com\/wp-content\/uploads\/2026\/09\/WhatsApp-Image-2026-09-04-at-9.41.26-PM.jpeg","width":1066,"height":1600},{"@type":"BreadcrumbList","@id":"https:\/\/continuamosmx.com\/index.php\/2026\/09\/05\/fiestas-patrias-2026-gobierno-del-edomex-celebrara-el-grito-de-independencia-con-maria-jose-german-montero-y-aaron-y-su-grupo-ilusion\/#breadcrumb","itemListElement":[{"@type":"ListItem","position":1,"name":"Inicio","item":"https:\/\/continuamosmx.com\/"},{"@type":"ListItem","position":2,"name":"FIESTAS PATRIAS 2026: GOBIERNO DEL EDOM\u00c9X CELEBRAR\u00c1 EL GRITO DE INDEPENDENCIA CON MAR\u00cdA JOS\u00c9, GERM\u00c1N MONTERO Y AAR\u00d3N Y SU GRUPO ILUSI\u00d3N"}]},{"@type":"WebSite","@id":"https:\/\/continuamosmx.com\/#website","url":"https:\/\/continuamosmx.com\/","name":"www.continuamosmx.com","description":"","publisher":{"@id":"https:\/\/continuamosmx.com\/#organization"},"potentialAction":[{"@type":"SearchAction","target":{"@type":"EntryPoint","urlTemplate":"https:\/\/continuamosmx.com\/?s={search_term_string}"},"query-input":{"@type":"PropertyValueSpecification","valueRequired":true,"valueName":"search_term_string"}}],"inLanguage":"es"},{"@type":"Organization","@id":"https:\/\/continuamosmx.com\/#organization","name":"ContinuamosMX","url":"https:\/\/continuamosmx.com\/","logo":{"@type":"ImageObject","inLanguage":"es","@id":"https:\/\/continuamosmx.com\/#\/schema\/logo\/image\/","url":"https:\/\/continuamosmx.com\/wp-content\/uploads\/2023\/04\/cropped-LOGO-CONTI-NUEVO.png","contentUrl":"https:\/\/continuamosmx.com\/wp-content\/uploads\/2023\/04\/cropped-LOGO-CONTI-NUEVO.png","width":1257,"height":430,"caption":"ContinuamosMX"},"image":{"@id":"https:\/\/continuamosmx.com\/#\/schema\/logo\/image\/"}},{"@type":"Person","@id":"https:\/\/continuamosmx.com\/#\/schema\/person\/5eb5356acb1fad784da407d14f0e8d89","name":"Continuamos MX","image":{"@type":"ImageObject","inLanguage":"es","@id":"https:\/\/secure.gravatar.com\/avatar\/30d4f9723476a15f4da34d35fb3501f08d2357016c76051c6a85c354c7489589?s=96&d=mm&r=g","url":"https:\/\/secure.gravatar.com\/avatar\/30d4f9723476a15f4da34d35fb3501f08d2357016c76051c6a85c354c7489589?s=96&d=mm&r=g","contentUrl":"https:\/\/secure.gravatar.com\/avatar\/30d4f9723476a15f4da34d35fb3501f08d2357016c76051c6a85c354c7489589?s=96&d=mm&r=g","caption":"Continuamos MX"},"sameAs":["http:\/\/www.continuamos.mx"],"url":"https:\/\/continuamosmx.com\/index.php\/author\/continuamos\/"}]}},"_links":{"self":[{"href":"https:\/\/continuamosmx.com\/index.php\/wp-json\/wp\/v2\/posts\/58366","targetHints":{"allow":["GET"]}}],"collection":[{"href":"https:\/\/continuamosmx.com\/index.php\/wp-json\/wp\/v2\/posts"}],"about":[{"href":"https:\/\/continuamosmx.com\/index.php\/wp-json\/wp\/v2\/types\/post"}],"author":[{"embeddable":true,"href":"https:\/\/continuamosmx.com\/index.php\/wp-json\/wp\/v2\/users\/6"}],"replies":[{"embeddable":true,"href":"https:\/\/continuamosmx.com\/index.php\/wp-json\/wp\/v2\/comments?post=58366"}],"version-history":[{"count":1,"href":"https:\/\/continuamosmx.com\/index.php\/wp-json\/wp\/v2\/posts\/58366\/revisions"}],"predecessor-version":[{"id":58368,"href":"https:\/\/continuamosmx.com\/index.php\/wp-json\/wp\/v2\/posts\/58366\/revisions\/58368"}],"wp:featuredmedia":[{"embeddable":true,"href":"https:\/\/continuamosmx.com\/index.php\/wp-json\/wp\/v2\/media\/58367"}],"wp:attachment":[{"href":"https:\/\/continuamosmx.com\/index.php\/wp-json\/wp\/v2\/media?parent=58366"}],"wp:term":[{"taxonomy":"category","embeddable":true,"href":"https:\/\/continuamosmx.com\/index.php\/wp-json\/wp\/v2\/categories?post=58366"},{"taxonomy":"post_tag","embeddable":true,"href":"https:\/\/continuamosmx.com\/index.php\/wp-json\/wp\/v2\/tags?post=58366"}],"curies":[{"name":"wp","href":"https:\/\/api.w.org\/{rel}","templated":true}]}}