{"id":58361,"date":"2026-09-05T12:17:32","date_gmt":"2026-09-05T18:17:32","guid":{"rendered":"https:\/\/continuamosmx.com\/?p=58361"},"modified":"2026-09-05T12:17:33","modified_gmt":"2026-09-05T18:17:33","slug":"gobierno-federal-y-estatal-impulsan-el-saneamiento-historico-del-rio-lerma-en-el-valle-de-toluca","status":"publish","type":"post","link":"https:\/\/continuamosmx.com\/index.php\/2026\/09\/05\/gobierno-federal-y-estatal-impulsan-el-saneamiento-historico-del-rio-lerma-en-el-valle-de-toluca\/","title":{"rendered":"GOBIERNO FEDERAL Y ESTATAL IMPULSAN EL SANEAMIENTO HIST\u00d3RICO DEL R\u00cdO LERMA EN EL VALLE DE TOLUCA"},"content":{"rendered":"\n<h3 class=\"wp-block-heading\">*<strong>La Presidenta Claudia Sheinbaum y la Gobernadora Delfina G\u00f3mez encabezan la primera etapa de rescate de la cuenca, priorizando fuentes h\u00eddricas y plantas de tratamiento en el Estado de M\u00e9xico.<\/strong><\/h3>\n\n\n\n<p class=\"wp-block-paragraph\"><strong>TOLUCA, Estado de M\u00e9xico<\/strong>.\u2014 Durante la presentaci\u00f3n de su Segundo Informe de Gobierno, la Presidenta de la Rep\u00fablica, Claudia Sheinbaum Pardo, inform\u00f3 sobre el avance de la primera etapa del programa nacional de atenci\u00f3n y saneamiento de r\u00edos, destacando de manera prioritaria el rescate del afluente Lerma-Santiago en el Valle de Toluca.<\/p>\n\n\n\n<p class=\"wp-block-paragraph\">En congruencia con esta estrategia federal, el Gobierno del Estado de M\u00e9xico, encabezado por la Maestra Delfina G\u00f3mez \u00c1lvarez, ha dado continuidad a los trabajos de restauraci\u00f3n en la regi\u00f3n del alto Lerma y sus ecosistemas asociados, acciones que se encuentran estrechamente vinculadas con el Programa H\u00eddric\u00f3 Integral del Estado de M\u00e9xico 2024-2029.<\/p>\n\n\n\n<h3 class=\"wp-block-heading\">Acciones integrales en territorio mexiquense<\/h3>\n\n\n\n<p class=\"wp-block-paragraph\">Las labores de rescate implementadas en la entidad abarcan un enfoque metropolitano e incluyente, contemplando ejes clave para la recuperaci\u00f3n ambiental:<\/p>\n\n\n\n<ul class=\"wp-block-list\">\n<li><strong>Infraestructura h\u00eddrica:<\/strong> Intervenci\u00f3n directa en los cuerpos de agua, fuentes de alimentaci\u00f3n y corrientes que abastecen el cauce principal del r\u00edo.<\/li>\n\n\n\n<li><strong>Modernizaci\u00f3n operativa:<\/strong> Rehabilitaci\u00f3n y supervisi\u00f3n de las plantas de tratamiento de aguas residuales ubicadas a lo largo del trayecto del afluente en territorio estatal.<\/li>\n\n\n\n<li><strong>Participaci\u00f3n comunitaria:<\/strong> Involucramiento activo de la ciudadan\u00eda y habitantes de la regi\u00f3n para conocer de cerca las condiciones del entorno y fortalecer la cultura del agua.<\/li>\n<\/ul>\n\n\n\n<p class=\"wp-block-paragraph\">Cabe destacar que el R\u00edo Lerma cruza 43 municipios del Estado de M\u00e9xico y constituye una arteria fundamental de la Cuenca Lerma-Chapala-Santiago. Su recuperaci\u00f3n integral no solo busca sanear el cauce, sino tambi\u00e9n restaurar los equilibrios ecol\u00f3gicos que impactan directamente en la calidad de vida y el bienestar de las familias mexiquenses, consolidando la coordinaci\u00f3n entre la federaci\u00f3n y el gobierno estatal.<\/p>\n\n\n\n<figure class=\"wp-block-gallery has-nested-images columns-default is-cropped wp-block-gallery-1 is-layout-flex wp-block-gallery-is-layout-flex\">\n<figure class=\"wp-block-image size-large\"><img loading=\"lazy\" decoding=\"async\" width=\"1024\" height=\"562\" data-id=\"58363\" src=\"https:\/\/continuamosmx.com\/wp-content\/uploads\/2026\/09\/WhatsApp-Image-2026-09-05-at-10.29.08-AM-2-1024x562.jpeg\" alt=\"\" class=\"wp-image-58363\" srcset=\"https:\/\/continuamosmx.com\/wp-content\/uploads\/2026\/09\/WhatsApp-Image-2026-09-05-at-10.29.08-AM-2-1024x562.jpeg 1024w, https:\/\/continuamosmx.com\/wp-content\/uploads\/2026\/09\/WhatsApp-Image-2026-09-05-at-10.29.08-AM-2-300x165.jpeg 300w, https:\/\/continuamosmx.com\/wp-content\/uploads\/2026\/09\/WhatsApp-Image-2026-09-05-at-10.29.08-AM-2-767x421.jpeg 767w, https:\/\/continuamosmx.com\/wp-content\/uploads\/2026\/09\/WhatsApp-Image-2026-09-05-at-10.29.08-AM-2.jpeg 1280w\" sizes=\"auto, (max-width: 1024px) 100vw, 1024px\" \/><\/figure>\n\n\n\n<figure class=\"wp-block-image size-large\"><img loading=\"lazy\" decoding=\"async\" width=\"1024\" height=\"768\" data-id=\"58364\" src=\"https:\/\/continuamosmx.com\/wp-content\/uploads\/2026\/09\/WhatsApp-Image-2026-09-05-at-10.29.08-AM-1-1024x768.jpeg\" alt=\"\" class=\"wp-image-58364\" srcset=\"https:\/\/continuamosmx.com\/wp-content\/uploads\/2026\/09\/WhatsApp-Image-2026-09-05-at-10.29.08-AM-1-1024x768.jpeg 1024w, https:\/\/continuamosmx.com\/wp-content\/uploads\/2026\/09\/WhatsApp-Image-2026-09-05-at-10.29.08-AM-1-300x225.jpeg 300w, https:\/\/continuamosmx.com\/wp-content\/uploads\/2026\/09\/WhatsApp-Image-2026-09-05-at-10.29.08-AM-1-768x576.jpeg 768w, https:\/\/continuamosmx.com\/wp-content\/uploads\/2026\/09\/WhatsApp-Image-2026-09-05-at-10.29.08-AM-1-1536x1152.jpeg 1536w, https:\/\/continuamosmx.com\/wp-content\/uploads\/2026\/09\/WhatsApp-Image-2026-09-05-at-10.29.08-AM-1.jpeg 1600w\" sizes=\"auto, (max-width: 1024px) 100vw, 1024px\" \/><\/figure>\n<\/figure>\n","protected":false},"excerpt":{"rendered":"<p>*La Presidenta Claudia Sheinbaum y la Gobernadora Delfina G\u00f3mez encabezan la primera etapa de rescate de la cuenca, priorizando fuentes h\u00eddricas y plantas de tratamiento en el Estado de M\u00e9xico. TOLUCA, Estado de M\u00e9xico.\u2014 Durante la presentaci\u00f3n de su Segundo Informe de Gobierno, la Presidenta de la Rep\u00fablica, Claudia Sheinbaum Pardo, inform\u00f3 sobre el avance [&hellip;]<\/p>\n","protected":false},"author":6,"featured_media":58362,"comment_status":"closed","ping_status":"closed","sticky":false,"template":"","format":"standard","meta":{"footnotes":""},"categories":[2],"tags":[],"class_list":["post-58361","post","type-post","status-publish","format-standard","has-post-thumbnail","hentry","category-edomex"],"yoast_head":"<!-- This site is optimized with the Yoast SEO plugin v28.4 - https:\/\/yoast.com\/product\/yoast-seo-wordpress\/ -->\n<title>GOBIERNO FEDERAL Y ESTATAL IMPULSAN EL SANEAMIENTO HIST\u00d3RICO DEL R\u00cdO LERMA EN EL VALLE DE TOLUCA -<\/title>\n<meta name=\"robots\" content=\"index, follow, max-snippet:-1, max-image-preview:large, max-video-preview:-1\" \/>\n<link rel=\"canonical\" href=\"https:\/\/continuamosmx.com\/index.php\/2026\/09\/05\/gobierno-federal-y-estatal-impulsan-el-saneamiento-historico-del-rio-lerma-en-el-valle-de-toluca\/\" \/>\n<meta property=\"og:locale\" content=\"es_ES\" \/>\n<meta property=\"og:type\" content=\"article\" \/>\n<meta property=\"og:title\" content=\"GOBIERNO FEDERAL Y ESTATAL IMPULSAN EL SANEAMIENTO HIST\u00d3RICO DEL R\u00cdO LERMA EN EL VALLE DE TOLUCA -\" \/>\n<meta property=\"og:description\" content=\"*La Presidenta Claudia Sheinbaum y la Gobernadora Delfina G\u00f3mez encabezan la primera etapa de rescate de la cuenca, priorizando fuentes h\u00eddricas y plantas de tratamiento en el Estado de M\u00e9xico. TOLUCA, Estado de M\u00e9xico.\u2014 Durante la presentaci\u00f3n de su Segundo Informe de Gobierno, la Presidenta de la Rep\u00fablica, Claudia Sheinbaum Pardo, inform\u00f3 sobre el avance [&hellip;]\" \/>\n<meta property=\"og:url\" content=\"https:\/\/continuamosmx.com\/index.php\/2026\/09\/05\/gobierno-federal-y-estatal-impulsan-el-saneamiento-historico-del-rio-lerma-en-el-valle-de-toluca\/\" \/>\n<meta property=\"article:published_time\" content=\"2026-09-05T18:17:32+00:00\" \/>\n<meta property=\"article:modified_time\" content=\"2026-09-05T18:17:33+00:00\" \/>\n<meta property=\"og:image\" content=\"https:\/\/continuamosmx.com\/wp-content\/uploads\/2026\/09\/WhatsApp-Image-2026-09-05-at-10.29.08-AM.jpeg\" \/>\n\t<meta property=\"og:image:width\" content=\"1600\" \/>\n\t<meta property=\"og:image:height\" content=\"1155\" \/>\n\t<meta property=\"og:image:type\" content=\"image\/jpeg\" \/>\n<meta name=\"author\" content=\"Continuamos MX\" \/>\n<meta name=\"twitter:card\" content=\"summary_large_image\" \/>\n<meta name=\"twitter:label1\" content=\"Escrito por\" \/>\n\t<meta name=\"twitter:data1\" content=\"Continuamos MX\" \/>\n\t<meta name=\"twitter:label2\" content=\"Tiempo de lectura\" \/>\n\t<meta name=\"twitter:data2\" content=\"2 minutos\" \/>\n<script type=\"application\/ld+json\" class=\"yoast-schema-graph\">{\"@context\":\"https:\\\/\\\/schema.org\",\"@graph\":[{\"@type\":\"Article\",\"@id\":\"https:\\\/\\\/continuamosmx.com\\\/index.php\\\/2026\\\/09\\\/05\\\/gobierno-federal-y-estatal-impulsan-el-saneamiento-historico-del-rio-lerma-en-el-valle-de-toluca\\\/#article\",\"isPartOf\":{\"@id\":\"https:\\\/\\\/continuamosmx.com\\\/index.php\\\/2026\\\/09\\\/05\\\/gobierno-federal-y-estatal-impulsan-el-saneamiento-historico-del-rio-lerma-en-el-valle-de-toluca\\\/\"},\"author\":{\"name\":\"Continuamos MX\",\"@id\":\"https:\\\/\\\/continuamosmx.com\\\/#\\\/schema\\\/person\\\/5eb5356acb1fad784da407d14f0e8d89\"},\"headline\":\"GOBIERNO FEDERAL Y ESTATAL IMPULSAN EL SANEAMIENTO HIST\u00d3RICO DEL R\u00cdO LERMA EN EL VALLE DE TOLUCA\",\"datePublished\":\"2026-09-05T18:17:32+00:00\",\"dateModified\":\"2026-09-05T18:17:33+00:00\",\"mainEntityOfPage\":{\"@id\":\"https:\\\/\\\/continuamosmx.com\\\/index.php\\\/2026\\\/09\\\/05\\\/gobierno-federal-y-estatal-impulsan-el-saneamiento-historico-del-rio-lerma-en-el-valle-de-toluca\\\/\"},\"wordCount\":343,\"publisher\":{\"@id\":\"https:\\\/\\\/continuamosmx.com\\\/#organization\"},\"image\":{\"@id\":\"https:\\\/\\\/continuamosmx.com\\\/index.php\\\/2026\\\/09\\\/05\\\/gobierno-federal-y-estatal-impulsan-el-saneamiento-historico-del-rio-lerma-en-el-valle-de-toluca\\\/#primaryimage\"},\"thumbnailUrl\":\"https:\\\/\\\/continuamosmx.com\\\/wp-content\\\/uploads\\\/2026\\\/09\\\/WhatsApp-Image-2026-09-05-at-10.29.08-AM.jpeg\",\"articleSection\":[\"EDOMEX\"],\"inLanguage\":\"es\"},{\"@type\":\"WebPage\",\"@id\":\"https:\\\/\\\/continuamosmx.com\\\/index.php\\\/2026\\\/09\\\/05\\\/gobierno-federal-y-estatal-impulsan-el-saneamiento-historico-del-rio-lerma-en-el-valle-de-toluca\\\/\",\"url\":\"https:\\\/\\\/continuamosmx.com\\\/index.php\\\/2026\\\/09\\\/05\\\/gobierno-federal-y-estatal-impulsan-el-saneamiento-historico-del-rio-lerma-en-el-valle-de-toluca\\\/\",\"name\":\"GOBIERNO FEDERAL Y ESTATAL IMPULSAN EL SANEAMIENTO HIST\u00d3RICO DEL R\u00cdO LERMA EN EL VALLE DE TOLUCA -\",\"isPartOf\":{\"@id\":\"https:\\\/\\\/continuamosmx.com\\\/#website\"},\"primaryImageOfPage\":{\"@id\":\"https:\\\/\\\/continuamosmx.com\\\/index.php\\\/2026\\\/09\\\/05\\\/gobierno-federal-y-estatal-impulsan-el-saneamiento-historico-del-rio-lerma-en-el-valle-de-toluca\\\/#primaryimage\"},\"image\":{\"@id\":\"https:\\\/\\\/continuamosmx.com\\\/index.php\\\/2026\\\/09\\\/05\\\/gobierno-federal-y-estatal-impulsan-el-saneamiento-historico-del-rio-lerma-en-el-valle-de-toluca\\\/#primaryimage\"},\"thumbnailUrl\":\"https:\\\/\\\/continuamosmx.com\\\/wp-content\\\/uploads\\\/2026\\\/09\\\/WhatsApp-Image-2026-09-05-at-10.29.08-AM.jpeg\",\"datePublished\":\"2026-09-05T18:17:32+00:00\",\"dateModified\":\"2026-09-05T18:17:33+00:00\",\"breadcrumb\":{\"@id\":\"https:\\\/\\\/continuamosmx.com\\\/index.php\\\/2026\\\/09\\\/05\\\/gobierno-federal-y-estatal-impulsan-el-saneamiento-historico-del-rio-lerma-en-el-valle-de-toluca\\\/#breadcrumb\"},\"inLanguage\":\"es\",\"potentialAction\":[{\"@type\":\"ReadAction\",\"target\":[\"https:\\\/\\\/continuamosmx.com\\\/index.php\\\/2026\\\/09\\\/05\\\/gobierno-federal-y-estatal-impulsan-el-saneamiento-historico-del-rio-lerma-en-el-valle-de-toluca\\\/\"]}]},{\"@type\":\"ImageObject\",\"inLanguage\":\"es\",\"@id\":\"https:\\\/\\\/continuamosmx.com\\\/index.php\\\/2026\\\/09\\\/05\\\/gobierno-federal-y-estatal-impulsan-el-saneamiento-historico-del-rio-lerma-en-el-valle-de-toluca\\\/#primaryimage\",\"url\":\"https:\\\/\\\/continuamosmx.com\\\/wp-content\\\/uploads\\\/2026\\\/09\\\/WhatsApp-Image-2026-09-05-at-10.29.08-AM.jpeg\",\"contentUrl\":\"https:\\\/\\\/continuamosmx.com\\\/wp-content\\\/uploads\\\/2026\\\/09\\\/WhatsApp-Image-2026-09-05-at-10.29.08-AM.jpeg\",\"width\":1600,\"height\":1155},{\"@type\":\"BreadcrumbList\",\"@id\":\"https:\\\/\\\/continuamosmx.com\\\/index.php\\\/2026\\\/09\\\/05\\\/gobierno-federal-y-estatal-impulsan-el-saneamiento-historico-del-rio-lerma-en-el-valle-de-toluca\\\/#breadcrumb\",\"itemListElement\":[{\"@type\":\"ListItem\",\"position\":1,\"name\":\"Inicio\",\"item\":\"https:\\\/\\\/continuamosmx.com\\\/\"},{\"@type\":\"ListItem\",\"position\":2,\"name\":\"GOBIERNO FEDERAL Y ESTATAL IMPULSAN EL SANEAMIENTO HIST\u00d3RICO DEL R\u00cdO LERMA EN EL VALLE DE TOLUCA\"}]},{\"@type\":\"WebSite\",\"@id\":\"https:\\\/\\\/continuamosmx.com\\\/#website\",\"url\":\"https:\\\/\\\/continuamosmx.com\\\/\",\"name\":\"www.continuamosmx.com\",\"description\":\"\",\"publisher\":{\"@id\":\"https:\\\/\\\/continuamosmx.com\\\/#organization\"},\"potentialAction\":[{\"@type\":\"SearchAction\",\"target\":{\"@type\":\"EntryPoint\",\"urlTemplate\":\"https:\\\/\\\/continuamosmx.com\\\/?s={search_term_string}\"},\"query-input\":{\"@type\":\"PropertyValueSpecification\",\"valueRequired\":true,\"valueName\":\"search_term_string\"}}],\"inLanguage\":\"es\"},{\"@type\":\"Organization\",\"@id\":\"https:\\\/\\\/continuamosmx.com\\\/#organization\",\"name\":\"ContinuamosMX\",\"url\":\"https:\\\/\\\/continuamosmx.com\\\/\",\"logo\":{\"@type\":\"ImageObject\",\"inLanguage\":\"es\",\"@id\":\"https:\\\/\\\/continuamosmx.com\\\/#\\\/schema\\\/logo\\\/image\\\/\",\"url\":\"https:\\\/\\\/continuamosmx.com\\\/wp-content\\\/uploads\\\/2023\\\/04\\\/cropped-LOGO-CONTI-NUEVO.png\",\"contentUrl\":\"https:\\\/\\\/continuamosmx.com\\\/wp-content\\\/uploads\\\/2023\\\/04\\\/cropped-LOGO-CONTI-NUEVO.png\",\"width\":1257,\"height\":430,\"caption\":\"ContinuamosMX\"},\"image\":{\"@id\":\"https:\\\/\\\/continuamosmx.com\\\/#\\\/schema\\\/logo\\\/image\\\/\"}},{\"@type\":\"Person\",\"@id\":\"https:\\\/\\\/continuamosmx.com\\\/#\\\/schema\\\/person\\\/5eb5356acb1fad784da407d14f0e8d89\",\"name\":\"Continuamos MX\",\"image\":{\"@type\":\"ImageObject\",\"inLanguage\":\"es\",\"@id\":\"https:\\\/\\\/secure.gravatar.com\\\/avatar\\\/30d4f9723476a15f4da34d35fb3501f08d2357016c76051c6a85c354c7489589?s=96&d=mm&r=g\",\"url\":\"https:\\\/\\\/secure.gravatar.com\\\/avatar\\\/30d4f9723476a15f4da34d35fb3501f08d2357016c76051c6a85c354c7489589?s=96&d=mm&r=g\",\"contentUrl\":\"https:\\\/\\\/secure.gravatar.com\\\/avatar\\\/30d4f9723476a15f4da34d35fb3501f08d2357016c76051c6a85c354c7489589?s=96&d=mm&r=g\",\"caption\":\"Continuamos MX\"},\"sameAs\":[\"http:\\\/\\\/www.continuamos.mx\"],\"url\":\"https:\\\/\\\/continuamosmx.com\\\/index.php\\\/author\\\/continuamos\\\/\"}]}<\/script>\n<!-- \/ Yoast SEO plugin. -->","yoast_head_json":{"title":"GOBIERNO FEDERAL Y ESTATAL IMPULSAN EL SANEAMIENTO HIST\u00d3RICO DEL R\u00cdO LERMA EN EL VALLE DE TOLUCA -","robots":{"index":"index","follow":"follow","max-snippet":"max-snippet:-1","max-image-preview":"max-image-preview:large","max-video-preview":"max-video-preview:-1"},"canonical":"https:\/\/continuamosmx.com\/index.php\/2026\/09\/05\/gobierno-federal-y-estatal-impulsan-el-saneamiento-historico-del-rio-lerma-en-el-valle-de-toluca\/","og_locale":"es_ES","og_type":"article","og_title":"GOBIERNO FEDERAL Y ESTATAL IMPULSAN EL SANEAMIENTO HIST\u00d3RICO DEL R\u00cdO LERMA EN EL VALLE DE TOLUCA -","og_description":"*La Presidenta Claudia Sheinbaum y la Gobernadora Delfina G\u00f3mez encabezan la primera etapa de rescate de la cuenca, priorizando fuentes h\u00eddricas y plantas de tratamiento en el Estado de M\u00e9xico. TOLUCA, Estado de M\u00e9xico.\u2014 Durante la presentaci\u00f3n de su Segundo Informe de Gobierno, la Presidenta de la Rep\u00fablica, Claudia Sheinbaum Pardo, inform\u00f3 sobre el avance [&hellip;]","og_url":"https:\/\/continuamosmx.com\/index.php\/2026\/09\/05\/gobierno-federal-y-estatal-impulsan-el-saneamiento-historico-del-rio-lerma-en-el-valle-de-toluca\/","article_published_time":"2026-09-05T18:17:32+00:00","article_modified_time":"2026-09-05T18:17:33+00:00","og_image":[{"width":1600,"height":1155,"url":"https:\/\/continuamosmx.com\/wp-content\/uploads\/2026\/09\/WhatsApp-Image-2026-09-05-at-10.29.08-AM.jpeg","type":"image\/jpeg"}],"author":"Continuamos MX","twitter_card":"summary_large_image","twitter_misc":{"Escrito por":"Continuamos MX","Tiempo de lectura":"2 minutos"},"schema":{"@context":"https:\/\/schema.org","@graph":[{"@type":"Article","@id":"https:\/\/continuamosmx.com\/index.php\/2026\/09\/05\/gobierno-federal-y-estatal-impulsan-el-saneamiento-historico-del-rio-lerma-en-el-valle-de-toluca\/#article","isPartOf":{"@id":"https:\/\/continuamosmx.com\/index.php\/2026\/09\/05\/gobierno-federal-y-estatal-impulsan-el-saneamiento-historico-del-rio-lerma-en-el-valle-de-toluca\/"},"author":{"name":"Continuamos MX","@id":"https:\/\/continuamosmx.com\/#\/schema\/person\/5eb5356acb1fad784da407d14f0e8d89"},"headline":"GOBIERNO FEDERAL Y ESTATAL IMPULSAN EL SANEAMIENTO HIST\u00d3RICO DEL R\u00cdO LERMA EN EL VALLE DE TOLUCA","datePublished":"2026-09-05T18:17:32+00:00","dateModified":"2026-09-05T18:17:33+00:00","mainEntityOfPage":{"@id":"https:\/\/continuamosmx.com\/index.php\/2026\/09\/05\/gobierno-federal-y-estatal-impulsan-el-saneamiento-historico-del-rio-lerma-en-el-valle-de-toluca\/"},"wordCount":343,"publisher":{"@id":"https:\/\/continuamosmx.com\/#organization"},"image":{"@id":"https:\/\/continuamosmx.com\/index.php\/2026\/09\/05\/gobierno-federal-y-estatal-impulsan-el-saneamiento-historico-del-rio-lerma-en-el-valle-de-toluca\/#primaryimage"},"thumbnailUrl":"https:\/\/continuamosmx.com\/wp-content\/uploads\/2026\/09\/WhatsApp-Image-2026-09-05-at-10.29.08-AM.jpeg","articleSection":["EDOMEX"],"inLanguage":"es"},{"@type":"WebPage","@id":"https:\/\/continuamosmx.com\/index.php\/2026\/09\/05\/gobierno-federal-y-estatal-impulsan-el-saneamiento-historico-del-rio-lerma-en-el-valle-de-toluca\/","url":"https:\/\/continuamosmx.com\/index.php\/2026\/09\/05\/gobierno-federal-y-estatal-impulsan-el-saneamiento-historico-del-rio-lerma-en-el-valle-de-toluca\/","name":"GOBIERNO FEDERAL Y ESTATAL IMPULSAN EL SANEAMIENTO HIST\u00d3RICO DEL R\u00cdO LERMA EN EL VALLE DE TOLUCA -","isPartOf":{"@id":"https:\/\/continuamosmx.com\/#website"},"primaryImageOfPage":{"@id":"https:\/\/continuamosmx.com\/index.php\/2026\/09\/05\/gobierno-federal-y-estatal-impulsan-el-saneamiento-historico-del-rio-lerma-en-el-valle-de-toluca\/#primaryimage"},"image":{"@id":"https:\/\/continuamosmx.com\/index.php\/2026\/09\/05\/gobierno-federal-y-estatal-impulsan-el-saneamiento-historico-del-rio-lerma-en-el-valle-de-toluca\/#primaryimage"},"thumbnailUrl":"https:\/\/continuamosmx.com\/wp-content\/uploads\/2026\/09\/WhatsApp-Image-2026-09-05-at-10.29.08-AM.jpeg","datePublished":"2026-09-05T18:17:32+00:00","dateModified":"2026-09-05T18:17:33+00:00","breadcrumb":{"@id":"https:\/\/continuamosmx.com\/index.php\/2026\/09\/05\/gobierno-federal-y-estatal-impulsan-el-saneamiento-historico-del-rio-lerma-en-el-valle-de-toluca\/#breadcrumb"},"inLanguage":"es","potentialAction":[{"@type":"ReadAction","target":["https:\/\/continuamosmx.com\/index.php\/2026\/09\/05\/gobierno-federal-y-estatal-impulsan-el-saneamiento-historico-del-rio-lerma-en-el-valle-de-toluca\/"]}]},{"@type":"ImageObject","inLanguage":"es","@id":"https:\/\/continuamosmx.com\/index.php\/2026\/09\/05\/gobierno-federal-y-estatal-impulsan-el-saneamiento-historico-del-rio-lerma-en-el-valle-de-toluca\/#primaryimage","url":"https:\/\/continuamosmx.com\/wp-content\/uploads\/2026\/09\/WhatsApp-Image-2026-09-05-at-10.29.08-AM.jpeg","contentUrl":"https:\/\/continuamosmx.com\/wp-content\/uploads\/2026\/09\/WhatsApp-Image-2026-09-05-at-10.29.08-AM.jpeg","width":1600,"height":1155},{"@type":"BreadcrumbList","@id":"https:\/\/continuamosmx.com\/index.php\/2026\/09\/05\/gobierno-federal-y-estatal-impulsan-el-saneamiento-historico-del-rio-lerma-en-el-valle-de-toluca\/#breadcrumb","itemListElement":[{"@type":"ListItem","position":1,"name":"Inicio","item":"https:\/\/continuamosmx.com\/"},{"@type":"ListItem","position":2,"name":"GOBIERNO FEDERAL Y ESTATAL IMPULSAN EL SANEAMIENTO HIST\u00d3RICO DEL R\u00cdO LERMA EN EL VALLE DE TOLUCA"}]},{"@type":"WebSite","@id":"https:\/\/continuamosmx.com\/#website","url":"https:\/\/continuamosmx.com\/","name":"www.continuamosmx.com","description":"","publisher":{"@id":"https:\/\/continuamosmx.com\/#organization"},"potentialAction":[{"@type":"SearchAction","target":{"@type":"EntryPoint","urlTemplate":"https:\/\/continuamosmx.com\/?s={search_term_string}"},"query-input":{"@type":"PropertyValueSpecification","valueRequired":true,"valueName":"search_term_string"}}],"inLanguage":"es"},{"@type":"Organization","@id":"https:\/\/continuamosmx.com\/#organization","name":"ContinuamosMX","url":"https:\/\/continuamosmx.com\/","logo":{"@type":"ImageObject","inLanguage":"es","@id":"https:\/\/continuamosmx.com\/#\/schema\/logo\/image\/","url":"https:\/\/continuamosmx.com\/wp-content\/uploads\/2023\/04\/cropped-LOGO-CONTI-NUEVO.png","contentUrl":"https:\/\/continuamosmx.com\/wp-content\/uploads\/2023\/04\/cropped-LOGO-CONTI-NUEVO.png","width":1257,"height":430,"caption":"ContinuamosMX"},"image":{"@id":"https:\/\/continuamosmx.com\/#\/schema\/logo\/image\/"}},{"@type":"Person","@id":"https:\/\/continuamosmx.com\/#\/schema\/person\/5eb5356acb1fad784da407d14f0e8d89","name":"Continuamos MX","image":{"@type":"ImageObject","inLanguage":"es","@id":"https:\/\/secure.gravatar.com\/avatar\/30d4f9723476a15f4da34d35fb3501f08d2357016c76051c6a85c354c7489589?s=96&d=mm&r=g","url":"https:\/\/secure.gravatar.com\/avatar\/30d4f9723476a15f4da34d35fb3501f08d2357016c76051c6a85c354c7489589?s=96&d=mm&r=g","contentUrl":"https:\/\/secure.gravatar.com\/avatar\/30d4f9723476a15f4da34d35fb3501f08d2357016c76051c6a85c354c7489589?s=96&d=mm&r=g","caption":"Continuamos MX"},"sameAs":["http:\/\/www.continuamos.mx"],"url":"https:\/\/continuamosmx.com\/index.php\/author\/continuamos\/"}]}},"_links":{"self":[{"href":"https:\/\/continuamosmx.com\/index.php\/wp-json\/wp\/v2\/posts\/58361","targetHints":{"allow":["GET"]}}],"collection":[{"href":"https:\/\/continuamosmx.com\/index.php\/wp-json\/wp\/v2\/posts"}],"about":[{"href":"https:\/\/continuamosmx.com\/index.php\/wp-json\/wp\/v2\/types\/post"}],"author":[{"embeddable":true,"href":"https:\/\/continuamosmx.com\/index.php\/wp-json\/wp\/v2\/users\/6"}],"replies":[{"embeddable":true,"href":"https:\/\/continuamosmx.com\/index.php\/wp-json\/wp\/v2\/comments?post=58361"}],"version-history":[{"count":1,"href":"https:\/\/continuamosmx.com\/index.php\/wp-json\/wp\/v2\/posts\/58361\/revisions"}],"predecessor-version":[{"id":58365,"href":"https:\/\/continuamosmx.com\/index.php\/wp-json\/wp\/v2\/posts\/58361\/revisions\/58365"}],"wp:featuredmedia":[{"embeddable":true,"href":"https:\/\/continuamosmx.com\/index.php\/wp-json\/wp\/v2\/media\/58362"}],"wp:attachment":[{"href":"https:\/\/continuamosmx.com\/index.php\/wp-json\/wp\/v2\/media?parent=58361"}],"wp:term":[{"taxonomy":"category","embeddable":true,"href":"https:\/\/continuamosmx.com\/index.php\/wp-json\/wp\/v2\/categories?post=58361"},{"taxonomy":"post_tag","embeddable":true,"href":"https:\/\/continuamosmx.com\/index.php\/wp-json\/wp\/v2\/tags?post=58361"}],"curies":[{"name":"wp","href":"https:\/\/api.w.org\/{rel}","templated":true}]}}