{"id":58347,"date":"2026-09-04T22:15:43","date_gmt":"2026-09-05T04:15:43","guid":{"rendered":"https:\/\/continuamosmx.com\/?p=58347"},"modified":"2026-09-04T22:15:44","modified_gmt":"2026-09-05T04:15:44","slug":"texcoco-contara-con-nuevo-bachillerato-nacional-gracias-al-plan-oriente-del-edomex","status":"publish","type":"post","link":"https:\/\/continuamosmx.com\/index.php\/2026\/09\/04\/texcoco-contara-con-nuevo-bachillerato-nacional-gracias-al-plan-oriente-del-edomex\/","title":{"rendered":"TEXCOCO CONTAR\u00c1 CON NUEVO BACHILLERATO NACIONAL GRACIAS AL PLAN ORIENTE DEL EDOMEX"},"content":{"rendered":"\n<h3 class=\"wp-block-heading\">*<strong>Con una inversi\u00f3n de 17.1 millones de pesos, el gobierno de Delfina G\u00f3mez inicia la construcci\u00f3n del plantel \u00abMargarita Maza\u00bb para beneficiar a 300 j\u00f3venes.<\/strong><\/h3>\n\n\n\n<p class=\"wp-block-paragraph\">Texcoco, Estado de M\u00e9xico.\u2014 Como parte de las acciones del Plan Integral de la Zona Oriente del Estado de M\u00e9xico y con el objetivo de ampliar las oportunidades de acceso a la educaci\u00f3n media superior, el Gobierno estatal, encabezado por la Maestra Delfina G\u00f3mez \u00c1lvarez, dio inicio a la construcci\u00f3n del Bachillerato Nacional \u201cMargarita Maza\u201d. El proyecto contempla una inversi\u00f3n federal de 17.1 millones de pesos.<\/p>\n\n\n\n<p class=\"wp-block-paragraph\">La nueva instituci\u00f3n educativa se ubicar\u00e1 en el Callej\u00f3n Zaragoza, Barrio de Santiaguito, y tendr\u00e1 la capacidad de albergar a 300 estudiantes. Este centro forma parte de los 52 planteles de este tipo proyectados para la entidad y de los m\u00e1s de 300 que se planean a nivel nacional.<\/p>\n\n\n\n<p class=\"wp-block-paragraph\">Miguel \u00c1ngel Hern\u00e1ndez Espejel, titular de la Secretar\u00eda de Educaci\u00f3n, Ciencia, Tecnolog\u00eda e Innovaci\u00f3n (SECTI), encabez\u00f3 el arranque de los trabajos y se\u00f1al\u00f3 que la ejecuci\u00f3n de la obra correr\u00e1 a cargo del Instituto Mexiquense de la Infraestructura F\u00edsica Educativa (IMIFE). Asimismo, reconoci\u00f3 la disposici\u00f3n del Ayuntamiento de Texcoco por la donaci\u00f3n del terreno. El funcionario destac\u00f3 que este modelo educativo innovador combinar\u00e1 cuatro horas de formaci\u00f3n acad\u00e9mica con cuatro horas dedicadas a disciplinas art\u00edsticas y deportivas para impulsar el desarrollo integral de la juventud.<\/p>\n\n\n\n<p class=\"wp-block-paragraph\">El nuevo complejo escolar contar\u00e1 con tres aulas did\u00e1cticas, \u00e1rea administrativa, talleres de c\u00f3mputo y arte, m\u00f3dulos sanitarios, bodega y una cancha techada. En tanto concluye la edificaci\u00f3n definitiva \u2014cuya entrega est\u00e1 prevista para antes de que finalice el a\u00f1o\u2014, las actividades acad\u00e9micas iniciar\u00e1n este pr\u00f3ximo 15 de septiembre en el turno vespertino de una escuela secundaria de la localidad.<\/p>\n","protected":false},"excerpt":{"rendered":"<p>*Con una inversi\u00f3n de 17.1 millones de pesos, el gobierno de Delfina G\u00f3mez inicia la construcci\u00f3n del plantel \u00abMargarita Maza\u00bb para beneficiar a 300 j\u00f3venes. Texcoco, Estado de M\u00e9xico.\u2014 Como parte de las acciones del Plan Integral de la Zona Oriente del Estado de M\u00e9xico y con el objetivo de ampliar las oportunidades de acceso [&hellip;]<\/p>\n","protected":false},"author":6,"featured_media":58348,"comment_status":"closed","ping_status":"closed","sticky":false,"template":"","format":"standard","meta":{"footnotes":""},"categories":[4],"tags":[],"class_list":["post-58347","post","type-post","status-publish","format-standard","has-post-thumbnail","hentry","category-locales"],"yoast_head":"<!-- This site is optimized with the Yoast SEO plugin v28.4 - https:\/\/yoast.com\/product\/yoast-seo-wordpress\/ -->\n<title>TEXCOCO CONTAR\u00c1 CON NUEVO BACHILLERATO NACIONAL GRACIAS AL PLAN ORIENTE DEL EDOMEX -<\/title>\n<meta name=\"robots\" content=\"index, follow, max-snippet:-1, max-image-preview:large, max-video-preview:-1\" \/>\n<link rel=\"canonical\" href=\"https:\/\/continuamosmx.com\/index.php\/2026\/09\/04\/texcoco-contara-con-nuevo-bachillerato-nacional-gracias-al-plan-oriente-del-edomex\/\" \/>\n<meta property=\"og:locale\" content=\"es_ES\" \/>\n<meta property=\"og:type\" content=\"article\" \/>\n<meta property=\"og:title\" content=\"TEXCOCO CONTAR\u00c1 CON NUEVO BACHILLERATO NACIONAL GRACIAS AL PLAN ORIENTE DEL EDOMEX -\" \/>\n<meta property=\"og:description\" content=\"*Con una inversi\u00f3n de 17.1 millones de pesos, el gobierno de Delfina G\u00f3mez inicia la construcci\u00f3n del plantel \u00abMargarita Maza\u00bb para beneficiar a 300 j\u00f3venes. Texcoco, Estado de M\u00e9xico.\u2014 Como parte de las acciones del Plan Integral de la Zona Oriente del Estado de M\u00e9xico y con el objetivo de ampliar las oportunidades de acceso [&hellip;]\" \/>\n<meta property=\"og:url\" content=\"https:\/\/continuamosmx.com\/index.php\/2026\/09\/04\/texcoco-contara-con-nuevo-bachillerato-nacional-gracias-al-plan-oriente-del-edomex\/\" \/>\n<meta property=\"article:published_time\" content=\"2026-09-05T04:15:43+00:00\" \/>\n<meta property=\"article:modified_time\" content=\"2026-09-05T04:15:44+00:00\" \/>\n<meta property=\"og:image\" content=\"https:\/\/continuamosmx.com\/wp-content\/uploads\/2026\/09\/WhatsApp-Image-2026-09-04-at-9.41.25-PM-6.jpeg\" \/>\n\t<meta property=\"og:image:width\" content=\"1600\" \/>\n\t<meta property=\"og:image:height\" content=\"1066\" \/>\n\t<meta property=\"og:image:type\" content=\"image\/jpeg\" \/>\n<meta name=\"author\" content=\"Continuamos MX\" \/>\n<meta name=\"twitter:card\" content=\"summary_large_image\" \/>\n<meta name=\"twitter:label1\" content=\"Escrito por\" \/>\n\t<meta name=\"twitter:data1\" content=\"Continuamos MX\" \/>\n\t<meta name=\"twitter:label2\" content=\"Tiempo de lectura\" \/>\n\t<meta name=\"twitter:data2\" content=\"2 minutos\" \/>\n<script type=\"application\/ld+json\" class=\"yoast-schema-graph\">{\"@context\":\"https:\\\/\\\/schema.org\",\"@graph\":[{\"@type\":\"Article\",\"@id\":\"https:\\\/\\\/continuamosmx.com\\\/index.php\\\/2026\\\/09\\\/04\\\/texcoco-contara-con-nuevo-bachillerato-nacional-gracias-al-plan-oriente-del-edomex\\\/#article\",\"isPartOf\":{\"@id\":\"https:\\\/\\\/continuamosmx.com\\\/index.php\\\/2026\\\/09\\\/04\\\/texcoco-contara-con-nuevo-bachillerato-nacional-gracias-al-plan-oriente-del-edomex\\\/\"},\"author\":{\"name\":\"Continuamos MX\",\"@id\":\"https:\\\/\\\/continuamosmx.com\\\/#\\\/schema\\\/person\\\/5eb5356acb1fad784da407d14f0e8d89\"},\"headline\":\"TEXCOCO CONTAR\u00c1 CON NUEVO BACHILLERATO NACIONAL GRACIAS AL PLAN ORIENTE DEL EDOMEX\",\"datePublished\":\"2026-09-05T04:15:43+00:00\",\"dateModified\":\"2026-09-05T04:15:44+00:00\",\"mainEntityOfPage\":{\"@id\":\"https:\\\/\\\/continuamosmx.com\\\/index.php\\\/2026\\\/09\\\/04\\\/texcoco-contara-con-nuevo-bachillerato-nacional-gracias-al-plan-oriente-del-edomex\\\/\"},\"wordCount\":324,\"publisher\":{\"@id\":\"https:\\\/\\\/continuamosmx.com\\\/#organization\"},\"image\":{\"@id\":\"https:\\\/\\\/continuamosmx.com\\\/index.php\\\/2026\\\/09\\\/04\\\/texcoco-contara-con-nuevo-bachillerato-nacional-gracias-al-plan-oriente-del-edomex\\\/#primaryimage\"},\"thumbnailUrl\":\"https:\\\/\\\/continuamosmx.com\\\/wp-content\\\/uploads\\\/2026\\\/09\\\/WhatsApp-Image-2026-09-04-at-9.41.25-PM-6.jpeg\",\"articleSection\":[\"LOCALES\"],\"inLanguage\":\"es\"},{\"@type\":\"WebPage\",\"@id\":\"https:\\\/\\\/continuamosmx.com\\\/index.php\\\/2026\\\/09\\\/04\\\/texcoco-contara-con-nuevo-bachillerato-nacional-gracias-al-plan-oriente-del-edomex\\\/\",\"url\":\"https:\\\/\\\/continuamosmx.com\\\/index.php\\\/2026\\\/09\\\/04\\\/texcoco-contara-con-nuevo-bachillerato-nacional-gracias-al-plan-oriente-del-edomex\\\/\",\"name\":\"TEXCOCO CONTAR\u00c1 CON NUEVO BACHILLERATO NACIONAL GRACIAS AL PLAN ORIENTE DEL EDOMEX -\",\"isPartOf\":{\"@id\":\"https:\\\/\\\/continuamosmx.com\\\/#website\"},\"primaryImageOfPage\":{\"@id\":\"https:\\\/\\\/continuamosmx.com\\\/index.php\\\/2026\\\/09\\\/04\\\/texcoco-contara-con-nuevo-bachillerato-nacional-gracias-al-plan-oriente-del-edomex\\\/#primaryimage\"},\"image\":{\"@id\":\"https:\\\/\\\/continuamosmx.com\\\/index.php\\\/2026\\\/09\\\/04\\\/texcoco-contara-con-nuevo-bachillerato-nacional-gracias-al-plan-oriente-del-edomex\\\/#primaryimage\"},\"thumbnailUrl\":\"https:\\\/\\\/continuamosmx.com\\\/wp-content\\\/uploads\\\/2026\\\/09\\\/WhatsApp-Image-2026-09-04-at-9.41.25-PM-6.jpeg\",\"datePublished\":\"2026-09-05T04:15:43+00:00\",\"dateModified\":\"2026-09-05T04:15:44+00:00\",\"breadcrumb\":{\"@id\":\"https:\\\/\\\/continuamosmx.com\\\/index.php\\\/2026\\\/09\\\/04\\\/texcoco-contara-con-nuevo-bachillerato-nacional-gracias-al-plan-oriente-del-edomex\\\/#breadcrumb\"},\"inLanguage\":\"es\",\"potentialAction\":[{\"@type\":\"ReadAction\",\"target\":[\"https:\\\/\\\/continuamosmx.com\\\/index.php\\\/2026\\\/09\\\/04\\\/texcoco-contara-con-nuevo-bachillerato-nacional-gracias-al-plan-oriente-del-edomex\\\/\"]}]},{\"@type\":\"ImageObject\",\"inLanguage\":\"es\",\"@id\":\"https:\\\/\\\/continuamosmx.com\\\/index.php\\\/2026\\\/09\\\/04\\\/texcoco-contara-con-nuevo-bachillerato-nacional-gracias-al-plan-oriente-del-edomex\\\/#primaryimage\",\"url\":\"https:\\\/\\\/continuamosmx.com\\\/wp-content\\\/uploads\\\/2026\\\/09\\\/WhatsApp-Image-2026-09-04-at-9.41.25-PM-6.jpeg\",\"contentUrl\":\"https:\\\/\\\/continuamosmx.com\\\/wp-content\\\/uploads\\\/2026\\\/09\\\/WhatsApp-Image-2026-09-04-at-9.41.25-PM-6.jpeg\",\"width\":1600,\"height\":1066},{\"@type\":\"BreadcrumbList\",\"@id\":\"https:\\\/\\\/continuamosmx.com\\\/index.php\\\/2026\\\/09\\\/04\\\/texcoco-contara-con-nuevo-bachillerato-nacional-gracias-al-plan-oriente-del-edomex\\\/#breadcrumb\",\"itemListElement\":[{\"@type\":\"ListItem\",\"position\":1,\"name\":\"Inicio\",\"item\":\"https:\\\/\\\/continuamosmx.com\\\/\"},{\"@type\":\"ListItem\",\"position\":2,\"name\":\"TEXCOCO CONTAR\u00c1 CON NUEVO BACHILLERATO NACIONAL GRACIAS AL PLAN ORIENTE DEL EDOMEX\"}]},{\"@type\":\"WebSite\",\"@id\":\"https:\\\/\\\/continuamosmx.com\\\/#website\",\"url\":\"https:\\\/\\\/continuamosmx.com\\\/\",\"name\":\"www.continuamosmx.com\",\"description\":\"\",\"publisher\":{\"@id\":\"https:\\\/\\\/continuamosmx.com\\\/#organization\"},\"potentialAction\":[{\"@type\":\"SearchAction\",\"target\":{\"@type\":\"EntryPoint\",\"urlTemplate\":\"https:\\\/\\\/continuamosmx.com\\\/?s={search_term_string}\"},\"query-input\":{\"@type\":\"PropertyValueSpecification\",\"valueRequired\":true,\"valueName\":\"search_term_string\"}}],\"inLanguage\":\"es\"},{\"@type\":\"Organization\",\"@id\":\"https:\\\/\\\/continuamosmx.com\\\/#organization\",\"name\":\"ContinuamosMX\",\"url\":\"https:\\\/\\\/continuamosmx.com\\\/\",\"logo\":{\"@type\":\"ImageObject\",\"inLanguage\":\"es\",\"@id\":\"https:\\\/\\\/continuamosmx.com\\\/#\\\/schema\\\/logo\\\/image\\\/\",\"url\":\"https:\\\/\\\/continuamosmx.com\\\/wp-content\\\/uploads\\\/2023\\\/04\\\/cropped-LOGO-CONTI-NUEVO.png\",\"contentUrl\":\"https:\\\/\\\/continuamosmx.com\\\/wp-content\\\/uploads\\\/2023\\\/04\\\/cropped-LOGO-CONTI-NUEVO.png\",\"width\":1257,\"height\":430,\"caption\":\"ContinuamosMX\"},\"image\":{\"@id\":\"https:\\\/\\\/continuamosmx.com\\\/#\\\/schema\\\/logo\\\/image\\\/\"}},{\"@type\":\"Person\",\"@id\":\"https:\\\/\\\/continuamosmx.com\\\/#\\\/schema\\\/person\\\/5eb5356acb1fad784da407d14f0e8d89\",\"name\":\"Continuamos MX\",\"image\":{\"@type\":\"ImageObject\",\"inLanguage\":\"es\",\"@id\":\"https:\\\/\\\/secure.gravatar.com\\\/avatar\\\/30d4f9723476a15f4da34d35fb3501f08d2357016c76051c6a85c354c7489589?s=96&d=mm&r=g\",\"url\":\"https:\\\/\\\/secure.gravatar.com\\\/avatar\\\/30d4f9723476a15f4da34d35fb3501f08d2357016c76051c6a85c354c7489589?s=96&d=mm&r=g\",\"contentUrl\":\"https:\\\/\\\/secure.gravatar.com\\\/avatar\\\/30d4f9723476a15f4da34d35fb3501f08d2357016c76051c6a85c354c7489589?s=96&d=mm&r=g\",\"caption\":\"Continuamos MX\"},\"sameAs\":[\"http:\\\/\\\/www.continuamos.mx\"],\"url\":\"https:\\\/\\\/continuamosmx.com\\\/index.php\\\/author\\\/continuamos\\\/\"}]}<\/script>\n<!-- \/ Yoast SEO plugin. -->","yoast_head_json":{"title":"TEXCOCO CONTAR\u00c1 CON NUEVO BACHILLERATO NACIONAL GRACIAS AL PLAN ORIENTE DEL EDOMEX -","robots":{"index":"index","follow":"follow","max-snippet":"max-snippet:-1","max-image-preview":"max-image-preview:large","max-video-preview":"max-video-preview:-1"},"canonical":"https:\/\/continuamosmx.com\/index.php\/2026\/09\/04\/texcoco-contara-con-nuevo-bachillerato-nacional-gracias-al-plan-oriente-del-edomex\/","og_locale":"es_ES","og_type":"article","og_title":"TEXCOCO CONTAR\u00c1 CON NUEVO BACHILLERATO NACIONAL GRACIAS AL PLAN ORIENTE DEL EDOMEX -","og_description":"*Con una inversi\u00f3n de 17.1 millones de pesos, el gobierno de Delfina G\u00f3mez inicia la construcci\u00f3n del plantel \u00abMargarita Maza\u00bb para beneficiar a 300 j\u00f3venes. Texcoco, Estado de M\u00e9xico.\u2014 Como parte de las acciones del Plan Integral de la Zona Oriente del Estado de M\u00e9xico y con el objetivo de ampliar las oportunidades de acceso [&hellip;]","og_url":"https:\/\/continuamosmx.com\/index.php\/2026\/09\/04\/texcoco-contara-con-nuevo-bachillerato-nacional-gracias-al-plan-oriente-del-edomex\/","article_published_time":"2026-09-05T04:15:43+00:00","article_modified_time":"2026-09-05T04:15:44+00:00","og_image":[{"width":1600,"height":1066,"url":"https:\/\/continuamosmx.com\/wp-content\/uploads\/2026\/09\/WhatsApp-Image-2026-09-04-at-9.41.25-PM-6.jpeg","type":"image\/jpeg"}],"author":"Continuamos MX","twitter_card":"summary_large_image","twitter_misc":{"Escrito por":"Continuamos MX","Tiempo de lectura":"2 minutos"},"schema":{"@context":"https:\/\/schema.org","@graph":[{"@type":"Article","@id":"https:\/\/continuamosmx.com\/index.php\/2026\/09\/04\/texcoco-contara-con-nuevo-bachillerato-nacional-gracias-al-plan-oriente-del-edomex\/#article","isPartOf":{"@id":"https:\/\/continuamosmx.com\/index.php\/2026\/09\/04\/texcoco-contara-con-nuevo-bachillerato-nacional-gracias-al-plan-oriente-del-edomex\/"},"author":{"name":"Continuamos MX","@id":"https:\/\/continuamosmx.com\/#\/schema\/person\/5eb5356acb1fad784da407d14f0e8d89"},"headline":"TEXCOCO CONTAR\u00c1 CON NUEVO BACHILLERATO NACIONAL GRACIAS AL PLAN ORIENTE DEL EDOMEX","datePublished":"2026-09-05T04:15:43+00:00","dateModified":"2026-09-05T04:15:44+00:00","mainEntityOfPage":{"@id":"https:\/\/continuamosmx.com\/index.php\/2026\/09\/04\/texcoco-contara-con-nuevo-bachillerato-nacional-gracias-al-plan-oriente-del-edomex\/"},"wordCount":324,"publisher":{"@id":"https:\/\/continuamosmx.com\/#organization"},"image":{"@id":"https:\/\/continuamosmx.com\/index.php\/2026\/09\/04\/texcoco-contara-con-nuevo-bachillerato-nacional-gracias-al-plan-oriente-del-edomex\/#primaryimage"},"thumbnailUrl":"https:\/\/continuamosmx.com\/wp-content\/uploads\/2026\/09\/WhatsApp-Image-2026-09-04-at-9.41.25-PM-6.jpeg","articleSection":["LOCALES"],"inLanguage":"es"},{"@type":"WebPage","@id":"https:\/\/continuamosmx.com\/index.php\/2026\/09\/04\/texcoco-contara-con-nuevo-bachillerato-nacional-gracias-al-plan-oriente-del-edomex\/","url":"https:\/\/continuamosmx.com\/index.php\/2026\/09\/04\/texcoco-contara-con-nuevo-bachillerato-nacional-gracias-al-plan-oriente-del-edomex\/","name":"TEXCOCO CONTAR\u00c1 CON NUEVO BACHILLERATO NACIONAL GRACIAS AL PLAN ORIENTE DEL EDOMEX -","isPartOf":{"@id":"https:\/\/continuamosmx.com\/#website"},"primaryImageOfPage":{"@id":"https:\/\/continuamosmx.com\/index.php\/2026\/09\/04\/texcoco-contara-con-nuevo-bachillerato-nacional-gracias-al-plan-oriente-del-edomex\/#primaryimage"},"image":{"@id":"https:\/\/continuamosmx.com\/index.php\/2026\/09\/04\/texcoco-contara-con-nuevo-bachillerato-nacional-gracias-al-plan-oriente-del-edomex\/#primaryimage"},"thumbnailUrl":"https:\/\/continuamosmx.com\/wp-content\/uploads\/2026\/09\/WhatsApp-Image-2026-09-04-at-9.41.25-PM-6.jpeg","datePublished":"2026-09-05T04:15:43+00:00","dateModified":"2026-09-05T04:15:44+00:00","breadcrumb":{"@id":"https:\/\/continuamosmx.com\/index.php\/2026\/09\/04\/texcoco-contara-con-nuevo-bachillerato-nacional-gracias-al-plan-oriente-del-edomex\/#breadcrumb"},"inLanguage":"es","potentialAction":[{"@type":"ReadAction","target":["https:\/\/continuamosmx.com\/index.php\/2026\/09\/04\/texcoco-contara-con-nuevo-bachillerato-nacional-gracias-al-plan-oriente-del-edomex\/"]}]},{"@type":"ImageObject","inLanguage":"es","@id":"https:\/\/continuamosmx.com\/index.php\/2026\/09\/04\/texcoco-contara-con-nuevo-bachillerato-nacional-gracias-al-plan-oriente-del-edomex\/#primaryimage","url":"https:\/\/continuamosmx.com\/wp-content\/uploads\/2026\/09\/WhatsApp-Image-2026-09-04-at-9.41.25-PM-6.jpeg","contentUrl":"https:\/\/continuamosmx.com\/wp-content\/uploads\/2026\/09\/WhatsApp-Image-2026-09-04-at-9.41.25-PM-6.jpeg","width":1600,"height":1066},{"@type":"BreadcrumbList","@id":"https:\/\/continuamosmx.com\/index.php\/2026\/09\/04\/texcoco-contara-con-nuevo-bachillerato-nacional-gracias-al-plan-oriente-del-edomex\/#breadcrumb","itemListElement":[{"@type":"ListItem","position":1,"name":"Inicio","item":"https:\/\/continuamosmx.com\/"},{"@type":"ListItem","position":2,"name":"TEXCOCO CONTAR\u00c1 CON NUEVO BACHILLERATO NACIONAL GRACIAS AL PLAN ORIENTE DEL EDOMEX"}]},{"@type":"WebSite","@id":"https:\/\/continuamosmx.com\/#website","url":"https:\/\/continuamosmx.com\/","name":"www.continuamosmx.com","description":"","publisher":{"@id":"https:\/\/continuamosmx.com\/#organization"},"potentialAction":[{"@type":"SearchAction","target":{"@type":"EntryPoint","urlTemplate":"https:\/\/continuamosmx.com\/?s={search_term_string}"},"query-input":{"@type":"PropertyValueSpecification","valueRequired":true,"valueName":"search_term_string"}}],"inLanguage":"es"},{"@type":"Organization","@id":"https:\/\/continuamosmx.com\/#organization","name":"ContinuamosMX","url":"https:\/\/continuamosmx.com\/","logo":{"@type":"ImageObject","inLanguage":"es","@id":"https:\/\/continuamosmx.com\/#\/schema\/logo\/image\/","url":"https:\/\/continuamosmx.com\/wp-content\/uploads\/2023\/04\/cropped-LOGO-CONTI-NUEVO.png","contentUrl":"https:\/\/continuamosmx.com\/wp-content\/uploads\/2023\/04\/cropped-LOGO-CONTI-NUEVO.png","width":1257,"height":430,"caption":"ContinuamosMX"},"image":{"@id":"https:\/\/continuamosmx.com\/#\/schema\/logo\/image\/"}},{"@type":"Person","@id":"https:\/\/continuamosmx.com\/#\/schema\/person\/5eb5356acb1fad784da407d14f0e8d89","name":"Continuamos MX","image":{"@type":"ImageObject","inLanguage":"es","@id":"https:\/\/secure.gravatar.com\/avatar\/30d4f9723476a15f4da34d35fb3501f08d2357016c76051c6a85c354c7489589?s=96&d=mm&r=g","url":"https:\/\/secure.gravatar.com\/avatar\/30d4f9723476a15f4da34d35fb3501f08d2357016c76051c6a85c354c7489589?s=96&d=mm&r=g","contentUrl":"https:\/\/secure.gravatar.com\/avatar\/30d4f9723476a15f4da34d35fb3501f08d2357016c76051c6a85c354c7489589?s=96&d=mm&r=g","caption":"Continuamos MX"},"sameAs":["http:\/\/www.continuamos.mx"],"url":"https:\/\/continuamosmx.com\/index.php\/author\/continuamos\/"}]}},"_links":{"self":[{"href":"https:\/\/continuamosmx.com\/index.php\/wp-json\/wp\/v2\/posts\/58347","targetHints":{"allow":["GET"]}}],"collection":[{"href":"https:\/\/continuamosmx.com\/index.php\/wp-json\/wp\/v2\/posts"}],"about":[{"href":"https:\/\/continuamosmx.com\/index.php\/wp-json\/wp\/v2\/types\/post"}],"author":[{"embeddable":true,"href":"https:\/\/continuamosmx.com\/index.php\/wp-json\/wp\/v2\/users\/6"}],"replies":[{"embeddable":true,"href":"https:\/\/continuamosmx.com\/index.php\/wp-json\/wp\/v2\/comments?post=58347"}],"version-history":[{"count":1,"href":"https:\/\/continuamosmx.com\/index.php\/wp-json\/wp\/v2\/posts\/58347\/revisions"}],"predecessor-version":[{"id":58349,"href":"https:\/\/continuamosmx.com\/index.php\/wp-json\/wp\/v2\/posts\/58347\/revisions\/58349"}],"wp:featuredmedia":[{"embeddable":true,"href":"https:\/\/continuamosmx.com\/index.php\/wp-json\/wp\/v2\/media\/58348"}],"wp:attachment":[{"href":"https:\/\/continuamosmx.com\/index.php\/wp-json\/wp\/v2\/media?parent=58347"}],"wp:term":[{"taxonomy":"category","embeddable":true,"href":"https:\/\/continuamosmx.com\/index.php\/wp-json\/wp\/v2\/categories?post=58347"},{"taxonomy":"post_tag","embeddable":true,"href":"https:\/\/continuamosmx.com\/index.php\/wp-json\/wp\/v2\/tags?post=58347"}],"curies":[{"name":"wp","href":"https:\/\/api.w.org\/{rel}","templated":true}]}}