{"id":58344,"date":"2026-09-04T22:12:50","date_gmt":"2026-09-05T04:12:50","guid":{"rendered":"https:\/\/continuamosmx.com\/?p=58344"},"modified":"2026-09-04T22:12:50","modified_gmt":"2026-09-05T04:12:50","slug":"gobierno-de-delfina-gomez-moviliza-a-mas-de-900-escuelas-en-jornada-ambiental-con-la-plantacion-de-80-mil-arboles","status":"publish","type":"post","link":"https:\/\/continuamosmx.com\/index.php\/2026\/09\/04\/gobierno-de-delfina-gomez-moviliza-a-mas-de-900-escuelas-en-jornada-ambiental-con-la-plantacion-de-80-mil-arboles\/","title":{"rendered":"GOBIERNO DE DELFINA G\u00d3MEZ MOVILIZA A M\u00c1S DE 900 ESCUELAS EN JORNADA AMBIENTAL CON LA PLANTACI\u00d3N DE 80 MIL \u00c1RBOLES"},"content":{"rendered":"\n<p class=\"wp-block-paragraph\"><br>A trav\u00e9s del proyecto Bosque Escuela, planteles estatales, federales y particulares, as\u00ed como la UAEM\u00e9x, se suman a la estrategia estatal de restauraci\u00f3n hidrol\u00f3gico-forestal.<\/p>\n\n\n\n<p class=\"wp-block-paragraph\">Toluca, Estado de M\u00e9xico.\u2014 Con la participaci\u00f3n de m\u00e1s de 900 escuelas de diversos niveles educativos y sistemas de ense\u00f1anza, el Gobierno del Estado de M\u00e9xico, encabezado por la Maestra Delfina G\u00f3mez \u00c1lvarez, llev\u00f3 a cabo la Jornada Estatal de Restauraci\u00f3n Hidrol\u00f3gico-Forestal \u201cRegresa a Clases Plantando un \u00c1rbol\u201d. La iniciativa logr\u00f3 la distribuci\u00f3n y plantaci\u00f3n simult\u00e1nea de m\u00e1s de 80 mil ejemplares en todo el territorio mexiquense.<\/p>\n\n\n\n<p class=\"wp-block-paragraph\">El arranque oficial de las actividades se realiz\u00f3 en el plantel Toluca II del CECyTEM, marcando el fortalecimiento del proyecto Bosque Escuela, coordinado por la Protectora de Bosques del Estado de M\u00e9xico (Probosque) y la Secretar\u00eda de Educaci\u00f3n, Ciencia, Tecnolog\u00eda e Innovaci\u00f3n (SECTI). La jornada integr\u00f3 a instituciones estatales, federales, particulares y unidades acad\u00e9micas de la Universidad Aut\u00f3noma del Estado de M\u00e9xico (UAEM\u00e9x).<\/p>\n\n\n\n<p class=\"wp-block-paragraph\">Para garantizar el \u00e9xito de la reforestaci\u00f3n, Probosque suministr\u00f3 plantas producidas en viveros forestales locales y adaptadas a las condiciones de cada regi\u00f3n. Previamente, personal t\u00e9cnico brind\u00f3 capacitaci\u00f3n a las comunidades escolares sobre las t\u00e9cnicas correctas de plantaci\u00f3n y mantenimiento. Alejandro Santiago S\u00e1nchez V\u00e9lez, Director General de Probosque, resalt\u00f3 el entusiasmo de la ni\u00f1ez y la juventud mexiquense, subrayando que la atenci\u00f3n a la educaci\u00f3n y el medio ambiente es una prioridad impostergable.<\/p>\n\n\n\n<p class=\"wp-block-paragraph\">Por su parte, la SECTI incorpor\u00f3 estas acciones bajo los principios de la Nueva Escuela Mexicana, fomentando una responsabilidad colectiva hacia el entorno natural. En tanto, las comunidades escolares asumieron el compromiso formal de adoptar los \u00e1rboles plantados, asegurando su riego, cuidado y desarrollo continuo para transformar los espacios educativos en \u00e1reas verdes sustentables.<\/p>\n","protected":false},"excerpt":{"rendered":"<p>A trav\u00e9s del proyecto Bosque Escuela, planteles estatales, federales y particulares, as\u00ed como la UAEM\u00e9x, se suman a la estrategia estatal de restauraci\u00f3n hidrol\u00f3gico-forestal. Toluca, Estado de M\u00e9xico.\u2014 Con la participaci\u00f3n de m\u00e1s de 900 escuelas de diversos niveles educativos y sistemas de ense\u00f1anza, el Gobierno del Estado de M\u00e9xico, encabezado por la Maestra Delfina [&hellip;]<\/p>\n","protected":false},"author":6,"featured_media":58345,"comment_status":"closed","ping_status":"closed","sticky":false,"template":"","format":"standard","meta":{"footnotes":""},"categories":[2],"tags":[],"class_list":["post-58344","post","type-post","status-publish","format-standard","has-post-thumbnail","hentry","category-edomex"],"yoast_head":"<!-- This site is optimized with the Yoast SEO plugin v28.4 - https:\/\/yoast.com\/product\/yoast-seo-wordpress\/ -->\n<title>GOBIERNO DE DELFINA G\u00d3MEZ MOVILIZA A M\u00c1S DE 900 ESCUELAS EN JORNADA AMBIENTAL CON LA PLANTACI\u00d3N DE 80 MIL \u00c1RBOLES -<\/title>\n<meta name=\"robots\" content=\"index, follow, max-snippet:-1, max-image-preview:large, max-video-preview:-1\" \/>\n<link rel=\"canonical\" href=\"https:\/\/continuamosmx.com\/index.php\/2026\/09\/04\/gobierno-de-delfina-gomez-moviliza-a-mas-de-900-escuelas-en-jornada-ambiental-con-la-plantacion-de-80-mil-arboles\/\" \/>\n<meta property=\"og:locale\" content=\"es_ES\" \/>\n<meta property=\"og:type\" content=\"article\" \/>\n<meta property=\"og:title\" content=\"GOBIERNO DE DELFINA G\u00d3MEZ MOVILIZA A M\u00c1S DE 900 ESCUELAS EN JORNADA AMBIENTAL CON LA PLANTACI\u00d3N DE 80 MIL \u00c1RBOLES -\" \/>\n<meta property=\"og:description\" content=\"A trav\u00e9s del proyecto Bosque Escuela, planteles estatales, federales y particulares, as\u00ed como la UAEM\u00e9x, se suman a la estrategia estatal de restauraci\u00f3n hidrol\u00f3gico-forestal. Toluca, Estado de M\u00e9xico.\u2014 Con la participaci\u00f3n de m\u00e1s de 900 escuelas de diversos niveles educativos y sistemas de ense\u00f1anza, el Gobierno del Estado de M\u00e9xico, encabezado por la Maestra Delfina [&hellip;]\" \/>\n<meta property=\"og:url\" content=\"https:\/\/continuamosmx.com\/index.php\/2026\/09\/04\/gobierno-de-delfina-gomez-moviliza-a-mas-de-900-escuelas-en-jornada-ambiental-con-la-plantacion-de-80-mil-arboles\/\" \/>\n<meta property=\"article:published_time\" content=\"2026-09-05T04:12:50+00:00\" \/>\n<meta property=\"og:image\" content=\"https:\/\/continuamosmx.com\/wp-content\/uploads\/2026\/09\/WhatsApp-Image-2026-09-04-at-9.41.25-PM-2.jpeg\" \/>\n\t<meta property=\"og:image:width\" content=\"906\" \/>\n\t<meta property=\"og:image:height\" content=\"547\" \/>\n\t<meta property=\"og:image:type\" content=\"image\/jpeg\" \/>\n<meta name=\"author\" content=\"Continuamos MX\" \/>\n<meta name=\"twitter:card\" content=\"summary_large_image\" \/>\n<meta name=\"twitter:label1\" content=\"Escrito por\" \/>\n\t<meta name=\"twitter:data1\" content=\"Continuamos MX\" \/>\n\t<meta name=\"twitter:label2\" content=\"Tiempo de lectura\" \/>\n\t<meta name=\"twitter:data2\" content=\"2 minutos\" \/>\n<script type=\"application\/ld+json\" class=\"yoast-schema-graph\">{\"@context\":\"https:\\\/\\\/schema.org\",\"@graph\":[{\"@type\":\"Article\",\"@id\":\"https:\\\/\\\/continuamosmx.com\\\/index.php\\\/2026\\\/09\\\/04\\\/gobierno-de-delfina-gomez-moviliza-a-mas-de-900-escuelas-en-jornada-ambiental-con-la-plantacion-de-80-mil-arboles\\\/#article\",\"isPartOf\":{\"@id\":\"https:\\\/\\\/continuamosmx.com\\\/index.php\\\/2026\\\/09\\\/04\\\/gobierno-de-delfina-gomez-moviliza-a-mas-de-900-escuelas-en-jornada-ambiental-con-la-plantacion-de-80-mil-arboles\\\/\"},\"author\":{\"name\":\"Continuamos MX\",\"@id\":\"https:\\\/\\\/continuamosmx.com\\\/#\\\/schema\\\/person\\\/5eb5356acb1fad784da407d14f0e8d89\"},\"headline\":\"GOBIERNO DE DELFINA G\u00d3MEZ MOVILIZA A M\u00c1S DE 900 ESCUELAS EN JORNADA AMBIENTAL CON LA PLANTACI\u00d3N DE 80 MIL \u00c1RBOLES\",\"datePublished\":\"2026-09-05T04:12:50+00:00\",\"mainEntityOfPage\":{\"@id\":\"https:\\\/\\\/continuamosmx.com\\\/index.php\\\/2026\\\/09\\\/04\\\/gobierno-de-delfina-gomez-moviliza-a-mas-de-900-escuelas-en-jornada-ambiental-con-la-plantacion-de-80-mil-arboles\\\/\"},\"wordCount\":336,\"publisher\":{\"@id\":\"https:\\\/\\\/continuamosmx.com\\\/#organization\"},\"image\":{\"@id\":\"https:\\\/\\\/continuamosmx.com\\\/index.php\\\/2026\\\/09\\\/04\\\/gobierno-de-delfina-gomez-moviliza-a-mas-de-900-escuelas-en-jornada-ambiental-con-la-plantacion-de-80-mil-arboles\\\/#primaryimage\"},\"thumbnailUrl\":\"https:\\\/\\\/continuamosmx.com\\\/wp-content\\\/uploads\\\/2026\\\/09\\\/WhatsApp-Image-2026-09-04-at-9.41.25-PM-2.jpeg\",\"articleSection\":[\"EDOMEX\"],\"inLanguage\":\"es\"},{\"@type\":\"WebPage\",\"@id\":\"https:\\\/\\\/continuamosmx.com\\\/index.php\\\/2026\\\/09\\\/04\\\/gobierno-de-delfina-gomez-moviliza-a-mas-de-900-escuelas-en-jornada-ambiental-con-la-plantacion-de-80-mil-arboles\\\/\",\"url\":\"https:\\\/\\\/continuamosmx.com\\\/index.php\\\/2026\\\/09\\\/04\\\/gobierno-de-delfina-gomez-moviliza-a-mas-de-900-escuelas-en-jornada-ambiental-con-la-plantacion-de-80-mil-arboles\\\/\",\"name\":\"GOBIERNO DE DELFINA G\u00d3MEZ MOVILIZA A M\u00c1S DE 900 ESCUELAS EN JORNADA AMBIENTAL CON LA PLANTACI\u00d3N DE 80 MIL \u00c1RBOLES -\",\"isPartOf\":{\"@id\":\"https:\\\/\\\/continuamosmx.com\\\/#website\"},\"primaryImageOfPage\":{\"@id\":\"https:\\\/\\\/continuamosmx.com\\\/index.php\\\/2026\\\/09\\\/04\\\/gobierno-de-delfina-gomez-moviliza-a-mas-de-900-escuelas-en-jornada-ambiental-con-la-plantacion-de-80-mil-arboles\\\/#primaryimage\"},\"image\":{\"@id\":\"https:\\\/\\\/continuamosmx.com\\\/index.php\\\/2026\\\/09\\\/04\\\/gobierno-de-delfina-gomez-moviliza-a-mas-de-900-escuelas-en-jornada-ambiental-con-la-plantacion-de-80-mil-arboles\\\/#primaryimage\"},\"thumbnailUrl\":\"https:\\\/\\\/continuamosmx.com\\\/wp-content\\\/uploads\\\/2026\\\/09\\\/WhatsApp-Image-2026-09-04-at-9.41.25-PM-2.jpeg\",\"datePublished\":\"2026-09-05T04:12:50+00:00\",\"breadcrumb\":{\"@id\":\"https:\\\/\\\/continuamosmx.com\\\/index.php\\\/2026\\\/09\\\/04\\\/gobierno-de-delfina-gomez-moviliza-a-mas-de-900-escuelas-en-jornada-ambiental-con-la-plantacion-de-80-mil-arboles\\\/#breadcrumb\"},\"inLanguage\":\"es\",\"potentialAction\":[{\"@type\":\"ReadAction\",\"target\":[\"https:\\\/\\\/continuamosmx.com\\\/index.php\\\/2026\\\/09\\\/04\\\/gobierno-de-delfina-gomez-moviliza-a-mas-de-900-escuelas-en-jornada-ambiental-con-la-plantacion-de-80-mil-arboles\\\/\"]}]},{\"@type\":\"ImageObject\",\"inLanguage\":\"es\",\"@id\":\"https:\\\/\\\/continuamosmx.com\\\/index.php\\\/2026\\\/09\\\/04\\\/gobierno-de-delfina-gomez-moviliza-a-mas-de-900-escuelas-en-jornada-ambiental-con-la-plantacion-de-80-mil-arboles\\\/#primaryimage\",\"url\":\"https:\\\/\\\/continuamosmx.com\\\/wp-content\\\/uploads\\\/2026\\\/09\\\/WhatsApp-Image-2026-09-04-at-9.41.25-PM-2.jpeg\",\"contentUrl\":\"https:\\\/\\\/continuamosmx.com\\\/wp-content\\\/uploads\\\/2026\\\/09\\\/WhatsApp-Image-2026-09-04-at-9.41.25-PM-2.jpeg\",\"width\":906,\"height\":547},{\"@type\":\"BreadcrumbList\",\"@id\":\"https:\\\/\\\/continuamosmx.com\\\/index.php\\\/2026\\\/09\\\/04\\\/gobierno-de-delfina-gomez-moviliza-a-mas-de-900-escuelas-en-jornada-ambiental-con-la-plantacion-de-80-mil-arboles\\\/#breadcrumb\",\"itemListElement\":[{\"@type\":\"ListItem\",\"position\":1,\"name\":\"Inicio\",\"item\":\"https:\\\/\\\/continuamosmx.com\\\/\"},{\"@type\":\"ListItem\",\"position\":2,\"name\":\"GOBIERNO DE DELFINA G\u00d3MEZ MOVILIZA A M\u00c1S DE 900 ESCUELAS EN JORNADA AMBIENTAL CON LA PLANTACI\u00d3N DE 80 MIL \u00c1RBOLES\"}]},{\"@type\":\"WebSite\",\"@id\":\"https:\\\/\\\/continuamosmx.com\\\/#website\",\"url\":\"https:\\\/\\\/continuamosmx.com\\\/\",\"name\":\"www.continuamosmx.com\",\"description\":\"\",\"publisher\":{\"@id\":\"https:\\\/\\\/continuamosmx.com\\\/#organization\"},\"potentialAction\":[{\"@type\":\"SearchAction\",\"target\":{\"@type\":\"EntryPoint\",\"urlTemplate\":\"https:\\\/\\\/continuamosmx.com\\\/?s={search_term_string}\"},\"query-input\":{\"@type\":\"PropertyValueSpecification\",\"valueRequired\":true,\"valueName\":\"search_term_string\"}}],\"inLanguage\":\"es\"},{\"@type\":\"Organization\",\"@id\":\"https:\\\/\\\/continuamosmx.com\\\/#organization\",\"name\":\"ContinuamosMX\",\"url\":\"https:\\\/\\\/continuamosmx.com\\\/\",\"logo\":{\"@type\":\"ImageObject\",\"inLanguage\":\"es\",\"@id\":\"https:\\\/\\\/continuamosmx.com\\\/#\\\/schema\\\/logo\\\/image\\\/\",\"url\":\"https:\\\/\\\/continuamosmx.com\\\/wp-content\\\/uploads\\\/2023\\\/04\\\/cropped-LOGO-CONTI-NUEVO.png\",\"contentUrl\":\"https:\\\/\\\/continuamosmx.com\\\/wp-content\\\/uploads\\\/2023\\\/04\\\/cropped-LOGO-CONTI-NUEVO.png\",\"width\":1257,\"height\":430,\"caption\":\"ContinuamosMX\"},\"image\":{\"@id\":\"https:\\\/\\\/continuamosmx.com\\\/#\\\/schema\\\/logo\\\/image\\\/\"}},{\"@type\":\"Person\",\"@id\":\"https:\\\/\\\/continuamosmx.com\\\/#\\\/schema\\\/person\\\/5eb5356acb1fad784da407d14f0e8d89\",\"name\":\"Continuamos MX\",\"image\":{\"@type\":\"ImageObject\",\"inLanguage\":\"es\",\"@id\":\"https:\\\/\\\/secure.gravatar.com\\\/avatar\\\/30d4f9723476a15f4da34d35fb3501f08d2357016c76051c6a85c354c7489589?s=96&d=mm&r=g\",\"url\":\"https:\\\/\\\/secure.gravatar.com\\\/avatar\\\/30d4f9723476a15f4da34d35fb3501f08d2357016c76051c6a85c354c7489589?s=96&d=mm&r=g\",\"contentUrl\":\"https:\\\/\\\/secure.gravatar.com\\\/avatar\\\/30d4f9723476a15f4da34d35fb3501f08d2357016c76051c6a85c354c7489589?s=96&d=mm&r=g\",\"caption\":\"Continuamos MX\"},\"sameAs\":[\"http:\\\/\\\/www.continuamos.mx\"],\"url\":\"https:\\\/\\\/continuamosmx.com\\\/index.php\\\/author\\\/continuamos\\\/\"}]}<\/script>\n<!-- \/ Yoast SEO plugin. -->","yoast_head_json":{"title":"GOBIERNO DE DELFINA G\u00d3MEZ MOVILIZA A M\u00c1S DE 900 ESCUELAS EN JORNADA AMBIENTAL CON LA PLANTACI\u00d3N DE 80 MIL \u00c1RBOLES -","robots":{"index":"index","follow":"follow","max-snippet":"max-snippet:-1","max-image-preview":"max-image-preview:large","max-video-preview":"max-video-preview:-1"},"canonical":"https:\/\/continuamosmx.com\/index.php\/2026\/09\/04\/gobierno-de-delfina-gomez-moviliza-a-mas-de-900-escuelas-en-jornada-ambiental-con-la-plantacion-de-80-mil-arboles\/","og_locale":"es_ES","og_type":"article","og_title":"GOBIERNO DE DELFINA G\u00d3MEZ MOVILIZA A M\u00c1S DE 900 ESCUELAS EN JORNADA AMBIENTAL CON LA PLANTACI\u00d3N DE 80 MIL \u00c1RBOLES -","og_description":"A trav\u00e9s del proyecto Bosque Escuela, planteles estatales, federales y particulares, as\u00ed como la UAEM\u00e9x, se suman a la estrategia estatal de restauraci\u00f3n hidrol\u00f3gico-forestal. Toluca, Estado de M\u00e9xico.\u2014 Con la participaci\u00f3n de m\u00e1s de 900 escuelas de diversos niveles educativos y sistemas de ense\u00f1anza, el Gobierno del Estado de M\u00e9xico, encabezado por la Maestra Delfina [&hellip;]","og_url":"https:\/\/continuamosmx.com\/index.php\/2026\/09\/04\/gobierno-de-delfina-gomez-moviliza-a-mas-de-900-escuelas-en-jornada-ambiental-con-la-plantacion-de-80-mil-arboles\/","article_published_time":"2026-09-05T04:12:50+00:00","og_image":[{"width":906,"height":547,"url":"https:\/\/continuamosmx.com\/wp-content\/uploads\/2026\/09\/WhatsApp-Image-2026-09-04-at-9.41.25-PM-2.jpeg","type":"image\/jpeg"}],"author":"Continuamos MX","twitter_card":"summary_large_image","twitter_misc":{"Escrito por":"Continuamos MX","Tiempo de lectura":"2 minutos"},"schema":{"@context":"https:\/\/schema.org","@graph":[{"@type":"Article","@id":"https:\/\/continuamosmx.com\/index.php\/2026\/09\/04\/gobierno-de-delfina-gomez-moviliza-a-mas-de-900-escuelas-en-jornada-ambiental-con-la-plantacion-de-80-mil-arboles\/#article","isPartOf":{"@id":"https:\/\/continuamosmx.com\/index.php\/2026\/09\/04\/gobierno-de-delfina-gomez-moviliza-a-mas-de-900-escuelas-en-jornada-ambiental-con-la-plantacion-de-80-mil-arboles\/"},"author":{"name":"Continuamos MX","@id":"https:\/\/continuamosmx.com\/#\/schema\/person\/5eb5356acb1fad784da407d14f0e8d89"},"headline":"GOBIERNO DE DELFINA G\u00d3MEZ MOVILIZA A M\u00c1S DE 900 ESCUELAS EN JORNADA AMBIENTAL CON LA PLANTACI\u00d3N DE 80 MIL \u00c1RBOLES","datePublished":"2026-09-05T04:12:50+00:00","mainEntityOfPage":{"@id":"https:\/\/continuamosmx.com\/index.php\/2026\/09\/04\/gobierno-de-delfina-gomez-moviliza-a-mas-de-900-escuelas-en-jornada-ambiental-con-la-plantacion-de-80-mil-arboles\/"},"wordCount":336,"publisher":{"@id":"https:\/\/continuamosmx.com\/#organization"},"image":{"@id":"https:\/\/continuamosmx.com\/index.php\/2026\/09\/04\/gobierno-de-delfina-gomez-moviliza-a-mas-de-900-escuelas-en-jornada-ambiental-con-la-plantacion-de-80-mil-arboles\/#primaryimage"},"thumbnailUrl":"https:\/\/continuamosmx.com\/wp-content\/uploads\/2026\/09\/WhatsApp-Image-2026-09-04-at-9.41.25-PM-2.jpeg","articleSection":["EDOMEX"],"inLanguage":"es"},{"@type":"WebPage","@id":"https:\/\/continuamosmx.com\/index.php\/2026\/09\/04\/gobierno-de-delfina-gomez-moviliza-a-mas-de-900-escuelas-en-jornada-ambiental-con-la-plantacion-de-80-mil-arboles\/","url":"https:\/\/continuamosmx.com\/index.php\/2026\/09\/04\/gobierno-de-delfina-gomez-moviliza-a-mas-de-900-escuelas-en-jornada-ambiental-con-la-plantacion-de-80-mil-arboles\/","name":"GOBIERNO DE DELFINA G\u00d3MEZ MOVILIZA A M\u00c1S DE 900 ESCUELAS EN JORNADA AMBIENTAL CON LA PLANTACI\u00d3N DE 80 MIL \u00c1RBOLES -","isPartOf":{"@id":"https:\/\/continuamosmx.com\/#website"},"primaryImageOfPage":{"@id":"https:\/\/continuamosmx.com\/index.php\/2026\/09\/04\/gobierno-de-delfina-gomez-moviliza-a-mas-de-900-escuelas-en-jornada-ambiental-con-la-plantacion-de-80-mil-arboles\/#primaryimage"},"image":{"@id":"https:\/\/continuamosmx.com\/index.php\/2026\/09\/04\/gobierno-de-delfina-gomez-moviliza-a-mas-de-900-escuelas-en-jornada-ambiental-con-la-plantacion-de-80-mil-arboles\/#primaryimage"},"thumbnailUrl":"https:\/\/continuamosmx.com\/wp-content\/uploads\/2026\/09\/WhatsApp-Image-2026-09-04-at-9.41.25-PM-2.jpeg","datePublished":"2026-09-05T04:12:50+00:00","breadcrumb":{"@id":"https:\/\/continuamosmx.com\/index.php\/2026\/09\/04\/gobierno-de-delfina-gomez-moviliza-a-mas-de-900-escuelas-en-jornada-ambiental-con-la-plantacion-de-80-mil-arboles\/#breadcrumb"},"inLanguage":"es","potentialAction":[{"@type":"ReadAction","target":["https:\/\/continuamosmx.com\/index.php\/2026\/09\/04\/gobierno-de-delfina-gomez-moviliza-a-mas-de-900-escuelas-en-jornada-ambiental-con-la-plantacion-de-80-mil-arboles\/"]}]},{"@type":"ImageObject","inLanguage":"es","@id":"https:\/\/continuamosmx.com\/index.php\/2026\/09\/04\/gobierno-de-delfina-gomez-moviliza-a-mas-de-900-escuelas-en-jornada-ambiental-con-la-plantacion-de-80-mil-arboles\/#primaryimage","url":"https:\/\/continuamosmx.com\/wp-content\/uploads\/2026\/09\/WhatsApp-Image-2026-09-04-at-9.41.25-PM-2.jpeg","contentUrl":"https:\/\/continuamosmx.com\/wp-content\/uploads\/2026\/09\/WhatsApp-Image-2026-09-04-at-9.41.25-PM-2.jpeg","width":906,"height":547},{"@type":"BreadcrumbList","@id":"https:\/\/continuamosmx.com\/index.php\/2026\/09\/04\/gobierno-de-delfina-gomez-moviliza-a-mas-de-900-escuelas-en-jornada-ambiental-con-la-plantacion-de-80-mil-arboles\/#breadcrumb","itemListElement":[{"@type":"ListItem","position":1,"name":"Inicio","item":"https:\/\/continuamosmx.com\/"},{"@type":"ListItem","position":2,"name":"GOBIERNO DE DELFINA G\u00d3MEZ MOVILIZA A M\u00c1S DE 900 ESCUELAS EN JORNADA AMBIENTAL CON LA PLANTACI\u00d3N DE 80 MIL \u00c1RBOLES"}]},{"@type":"WebSite","@id":"https:\/\/continuamosmx.com\/#website","url":"https:\/\/continuamosmx.com\/","name":"www.continuamosmx.com","description":"","publisher":{"@id":"https:\/\/continuamosmx.com\/#organization"},"potentialAction":[{"@type":"SearchAction","target":{"@type":"EntryPoint","urlTemplate":"https:\/\/continuamosmx.com\/?s={search_term_string}"},"query-input":{"@type":"PropertyValueSpecification","valueRequired":true,"valueName":"search_term_string"}}],"inLanguage":"es"},{"@type":"Organization","@id":"https:\/\/continuamosmx.com\/#organization","name":"ContinuamosMX","url":"https:\/\/continuamosmx.com\/","logo":{"@type":"ImageObject","inLanguage":"es","@id":"https:\/\/continuamosmx.com\/#\/schema\/logo\/image\/","url":"https:\/\/continuamosmx.com\/wp-content\/uploads\/2023\/04\/cropped-LOGO-CONTI-NUEVO.png","contentUrl":"https:\/\/continuamosmx.com\/wp-content\/uploads\/2023\/04\/cropped-LOGO-CONTI-NUEVO.png","width":1257,"height":430,"caption":"ContinuamosMX"},"image":{"@id":"https:\/\/continuamosmx.com\/#\/schema\/logo\/image\/"}},{"@type":"Person","@id":"https:\/\/continuamosmx.com\/#\/schema\/person\/5eb5356acb1fad784da407d14f0e8d89","name":"Continuamos MX","image":{"@type":"ImageObject","inLanguage":"es","@id":"https:\/\/secure.gravatar.com\/avatar\/30d4f9723476a15f4da34d35fb3501f08d2357016c76051c6a85c354c7489589?s=96&d=mm&r=g","url":"https:\/\/secure.gravatar.com\/avatar\/30d4f9723476a15f4da34d35fb3501f08d2357016c76051c6a85c354c7489589?s=96&d=mm&r=g","contentUrl":"https:\/\/secure.gravatar.com\/avatar\/30d4f9723476a15f4da34d35fb3501f08d2357016c76051c6a85c354c7489589?s=96&d=mm&r=g","caption":"Continuamos MX"},"sameAs":["http:\/\/www.continuamos.mx"],"url":"https:\/\/continuamosmx.com\/index.php\/author\/continuamos\/"}]}},"_links":{"self":[{"href":"https:\/\/continuamosmx.com\/index.php\/wp-json\/wp\/v2\/posts\/58344","targetHints":{"allow":["GET"]}}],"collection":[{"href":"https:\/\/continuamosmx.com\/index.php\/wp-json\/wp\/v2\/posts"}],"about":[{"href":"https:\/\/continuamosmx.com\/index.php\/wp-json\/wp\/v2\/types\/post"}],"author":[{"embeddable":true,"href":"https:\/\/continuamosmx.com\/index.php\/wp-json\/wp\/v2\/users\/6"}],"replies":[{"embeddable":true,"href":"https:\/\/continuamosmx.com\/index.php\/wp-json\/wp\/v2\/comments?post=58344"}],"version-history":[{"count":1,"href":"https:\/\/continuamosmx.com\/index.php\/wp-json\/wp\/v2\/posts\/58344\/revisions"}],"predecessor-version":[{"id":58346,"href":"https:\/\/continuamosmx.com\/index.php\/wp-json\/wp\/v2\/posts\/58344\/revisions\/58346"}],"wp:featuredmedia":[{"embeddable":true,"href":"https:\/\/continuamosmx.com\/index.php\/wp-json\/wp\/v2\/media\/58345"}],"wp:attachment":[{"href":"https:\/\/continuamosmx.com\/index.php\/wp-json\/wp\/v2\/media?parent=58344"}],"wp:term":[{"taxonomy":"category","embeddable":true,"href":"https:\/\/continuamosmx.com\/index.php\/wp-json\/wp\/v2\/categories?post=58344"},{"taxonomy":"post_tag","embeddable":true,"href":"https:\/\/continuamosmx.com\/index.php\/wp-json\/wp\/v2\/tags?post=58344"}],"curies":[{"name":"wp","href":"https:\/\/api.w.org\/{rel}","templated":true}]}}