{"id":58341,"date":"2026-09-04T21:53:49","date_gmt":"2026-09-05T03:53:49","guid":{"rendered":"https:\/\/continuamosmx.com\/?p=58341"},"modified":"2026-09-04T21:53:50","modified_gmt":"2026-09-05T03:53:50","slug":"la-orquesta-sinfonica-del-estado-de-mexico-celebra-55-anos-con-el-arranque-de-su-temporada-155","status":"publish","type":"post","link":"https:\/\/continuamosmx.com\/index.php\/2026\/09\/04\/la-orquesta-sinfonica-del-estado-de-mexico-celebra-55-anos-con-el-arranque-de-su-temporada-155\/","title":{"rendered":"LA ORQUESTA SINF\u00d3NICA DEL ESTADO DE M\u00c9XICO CELEBRA 55 A\u00d1OS CON EL ARRANQUE DE SU TEMPORADA 155"},"content":{"rendered":"\n<h3 class=\"wp-block-heading\">*<strong>Bajo la direcci\u00f3n de Rodrigo Mac\u00edas, la emblem\u00e1tica agrupaci\u00f3n ofrecer\u00e1 m\u00e1s de 30 conciertos distribuidos en 15 programas por todo el territorio mexiquense.<\/strong><\/h3>\n\n\n\n<p class=\"wp-block-paragraph\">Toluca, Estado de M\u00e9xico.\u2014 Con un ambicioso programa que contempla m\u00e1s de 30 conciertos, el Gobierno del Estado de M\u00e9xico, encabezado por la Maestra Delfina G\u00f3mez \u00c1lvarez, puso en marcha las celebraciones por el 55 aniversario de la Orquesta Sinf\u00f3nica del Estado de M\u00e9xico (OSEM) con el inicio oficial de su Temporada 155.<sup><\/sup><\/p>\n\n\n\n<p class=\"wp-block-paragraph\">La temporada inaugural dio inicio formal en la Sala de Conciertos Felipe Villanueva, en Toluca, bajo la batuta del director general de la orquesta, el maestro Rodrigo Mac\u00edas. Como parte de su misi\u00f3n de descentralizar la cultura y acercar el arte a todas las regiones, la OSEM llevar\u00e1 sus 15 programas a diversos municipios mexiquenses, entre los que destacan Xonacatl\u00e1n, Texcoco, Tultitl\u00e1n, Valle de Bravo, Nicol\u00e1s Romero, Tec\u00e1mac y Otumba.<\/p>\n\n\n\n<p class=\"wp-block-paragraph\">El repertorio de este periodo conmemorativo destaca por su gran variedad y riqueza musical, incluyendo obras maestras de compositores universales como Ludwig van Beethoven, Johannes Brahms, Piotr Ilich Chaikovski y Dmitri Shostak\u00f3vich, adem\u00e1s de incorporar piezas de creadores mexicanos contempor\u00e1neos, estrenos mundiales y propuestas innovadoras como conciertos de rock sinf\u00f3nico y \u00f3pera en un acto.<\/p>\n\n\n\n<p class=\"wp-block-paragraph\">Las celebraciones se extender\u00e1n hasta diciembre, cerrando con tradicionales conciertos navide\u00f1os en colaboraci\u00f3n con el Coro Polif\u00f3nico del Estado de M\u00e9xico. Los detalles de sedes y horarios pueden consultarse a trav\u00e9s de las cuentas oficiales de redes sociales @CulturaEdomex y @OSEMoficial.<\/p>\n","protected":false},"excerpt":{"rendered":"<p>*Bajo la direcci\u00f3n de Rodrigo Mac\u00edas, la emblem\u00e1tica agrupaci\u00f3n ofrecer\u00e1 m\u00e1s de 30 conciertos distribuidos en 15 programas por todo el territorio mexiquense. Toluca, Estado de M\u00e9xico.\u2014 Con un ambicioso programa que contempla m\u00e1s de 30 conciertos, el Gobierno del Estado de M\u00e9xico, encabezado por la Maestra Delfina G\u00f3mez \u00c1lvarez, puso en marcha las celebraciones [&hellip;]<\/p>\n","protected":false},"author":6,"featured_media":58342,"comment_status":"closed","ping_status":"closed","sticky":false,"template":"","format":"standard","meta":{"footnotes":""},"categories":[15,2],"tags":[],"class_list":["post-58341","post","type-post","status-publish","format-standard","has-post-thumbnail","hentry","category-cultura","category-edomex"],"yoast_head":"<!-- This site is optimized with the Yoast SEO plugin v28.4 - https:\/\/yoast.com\/product\/yoast-seo-wordpress\/ -->\n<title>LA ORQUESTA SINF\u00d3NICA DEL ESTADO DE M\u00c9XICO CELEBRA 55 A\u00d1OS CON EL ARRANQUE DE SU TEMPORADA 155 -<\/title>\n<meta name=\"robots\" content=\"index, follow, max-snippet:-1, max-image-preview:large, max-video-preview:-1\" \/>\n<link rel=\"canonical\" href=\"https:\/\/continuamosmx.com\/index.php\/2026\/09\/04\/la-orquesta-sinfonica-del-estado-de-mexico-celebra-55-anos-con-el-arranque-de-su-temporada-155\/\" \/>\n<meta property=\"og:locale\" content=\"es_ES\" \/>\n<meta property=\"og:type\" content=\"article\" \/>\n<meta property=\"og:title\" content=\"LA ORQUESTA SINF\u00d3NICA DEL ESTADO DE M\u00c9XICO CELEBRA 55 A\u00d1OS CON EL ARRANQUE DE SU TEMPORADA 155 -\" \/>\n<meta property=\"og:description\" content=\"*Bajo la direcci\u00f3n de Rodrigo Mac\u00edas, la emblem\u00e1tica agrupaci\u00f3n ofrecer\u00e1 m\u00e1s de 30 conciertos distribuidos en 15 programas por todo el territorio mexiquense. Toluca, Estado de M\u00e9xico.\u2014 Con un ambicioso programa que contempla m\u00e1s de 30 conciertos, el Gobierno del Estado de M\u00e9xico, encabezado por la Maestra Delfina G\u00f3mez \u00c1lvarez, puso en marcha las celebraciones [&hellip;]\" \/>\n<meta property=\"og:url\" content=\"https:\/\/continuamosmx.com\/index.php\/2026\/09\/04\/la-orquesta-sinfonica-del-estado-de-mexico-celebra-55-anos-con-el-arranque-de-su-temporada-155\/\" \/>\n<meta property=\"article:published_time\" content=\"2026-09-05T03:53:49+00:00\" \/>\n<meta property=\"article:modified_time\" content=\"2026-09-05T03:53:50+00:00\" \/>\n<meta property=\"og:image\" content=\"https:\/\/continuamosmx.com\/wp-content\/uploads\/2026\/09\/WhatsApp-Image-2026-09-04-at-9.41.24-PM.jpeg\" \/>\n\t<meta property=\"og:image:width\" content=\"1090\" \/>\n\t<meta property=\"og:image:height\" content=\"726\" \/>\n\t<meta property=\"og:image:type\" content=\"image\/jpeg\" \/>\n<meta name=\"author\" content=\"Continuamos MX\" \/>\n<meta name=\"twitter:card\" content=\"summary_large_image\" \/>\n<meta name=\"twitter:label1\" content=\"Escrito por\" \/>\n\t<meta name=\"twitter:data1\" content=\"Continuamos MX\" \/>\n\t<meta name=\"twitter:label2\" content=\"Tiempo de lectura\" \/>\n\t<meta name=\"twitter:data2\" content=\"2 minutos\" \/>\n<script type=\"application\/ld+json\" class=\"yoast-schema-graph\">{\"@context\":\"https:\\\/\\\/schema.org\",\"@graph\":[{\"@type\":\"Article\",\"@id\":\"https:\\\/\\\/continuamosmx.com\\\/index.php\\\/2026\\\/09\\\/04\\\/la-orquesta-sinfonica-del-estado-de-mexico-celebra-55-anos-con-el-arranque-de-su-temporada-155\\\/#article\",\"isPartOf\":{\"@id\":\"https:\\\/\\\/continuamosmx.com\\\/index.php\\\/2026\\\/09\\\/04\\\/la-orquesta-sinfonica-del-estado-de-mexico-celebra-55-anos-con-el-arranque-de-su-temporada-155\\\/\"},\"author\":{\"name\":\"Continuamos MX\",\"@id\":\"https:\\\/\\\/continuamosmx.com\\\/#\\\/schema\\\/person\\\/5eb5356acb1fad784da407d14f0e8d89\"},\"headline\":\"LA ORQUESTA SINF\u00d3NICA DEL ESTADO DE M\u00c9XICO CELEBRA 55 A\u00d1OS CON EL ARRANQUE DE SU TEMPORADA 155\",\"datePublished\":\"2026-09-05T03:53:49+00:00\",\"dateModified\":\"2026-09-05T03:53:50+00:00\",\"mainEntityOfPage\":{\"@id\":\"https:\\\/\\\/continuamosmx.com\\\/index.php\\\/2026\\\/09\\\/04\\\/la-orquesta-sinfonica-del-estado-de-mexico-celebra-55-anos-con-el-arranque-de-su-temporada-155\\\/\"},\"wordCount\":281,\"publisher\":{\"@id\":\"https:\\\/\\\/continuamosmx.com\\\/#organization\"},\"image\":{\"@id\":\"https:\\\/\\\/continuamosmx.com\\\/index.php\\\/2026\\\/09\\\/04\\\/la-orquesta-sinfonica-del-estado-de-mexico-celebra-55-anos-con-el-arranque-de-su-temporada-155\\\/#primaryimage\"},\"thumbnailUrl\":\"https:\\\/\\\/continuamosmx.com\\\/wp-content\\\/uploads\\\/2026\\\/09\\\/WhatsApp-Image-2026-09-04-at-9.41.24-PM.jpeg\",\"articleSection\":[\"CULTURA\",\"EDOMEX\"],\"inLanguage\":\"es\"},{\"@type\":\"WebPage\",\"@id\":\"https:\\\/\\\/continuamosmx.com\\\/index.php\\\/2026\\\/09\\\/04\\\/la-orquesta-sinfonica-del-estado-de-mexico-celebra-55-anos-con-el-arranque-de-su-temporada-155\\\/\",\"url\":\"https:\\\/\\\/continuamosmx.com\\\/index.php\\\/2026\\\/09\\\/04\\\/la-orquesta-sinfonica-del-estado-de-mexico-celebra-55-anos-con-el-arranque-de-su-temporada-155\\\/\",\"name\":\"LA ORQUESTA SINF\u00d3NICA DEL ESTADO DE M\u00c9XICO CELEBRA 55 A\u00d1OS CON EL ARRANQUE DE SU TEMPORADA 155 -\",\"isPartOf\":{\"@id\":\"https:\\\/\\\/continuamosmx.com\\\/#website\"},\"primaryImageOfPage\":{\"@id\":\"https:\\\/\\\/continuamosmx.com\\\/index.php\\\/2026\\\/09\\\/04\\\/la-orquesta-sinfonica-del-estado-de-mexico-celebra-55-anos-con-el-arranque-de-su-temporada-155\\\/#primaryimage\"},\"image\":{\"@id\":\"https:\\\/\\\/continuamosmx.com\\\/index.php\\\/2026\\\/09\\\/04\\\/la-orquesta-sinfonica-del-estado-de-mexico-celebra-55-anos-con-el-arranque-de-su-temporada-155\\\/#primaryimage\"},\"thumbnailUrl\":\"https:\\\/\\\/continuamosmx.com\\\/wp-content\\\/uploads\\\/2026\\\/09\\\/WhatsApp-Image-2026-09-04-at-9.41.24-PM.jpeg\",\"datePublished\":\"2026-09-05T03:53:49+00:00\",\"dateModified\":\"2026-09-05T03:53:50+00:00\",\"breadcrumb\":{\"@id\":\"https:\\\/\\\/continuamosmx.com\\\/index.php\\\/2026\\\/09\\\/04\\\/la-orquesta-sinfonica-del-estado-de-mexico-celebra-55-anos-con-el-arranque-de-su-temporada-155\\\/#breadcrumb\"},\"inLanguage\":\"es\",\"potentialAction\":[{\"@type\":\"ReadAction\",\"target\":[\"https:\\\/\\\/continuamosmx.com\\\/index.php\\\/2026\\\/09\\\/04\\\/la-orquesta-sinfonica-del-estado-de-mexico-celebra-55-anos-con-el-arranque-de-su-temporada-155\\\/\"]}]},{\"@type\":\"ImageObject\",\"inLanguage\":\"es\",\"@id\":\"https:\\\/\\\/continuamosmx.com\\\/index.php\\\/2026\\\/09\\\/04\\\/la-orquesta-sinfonica-del-estado-de-mexico-celebra-55-anos-con-el-arranque-de-su-temporada-155\\\/#primaryimage\",\"url\":\"https:\\\/\\\/continuamosmx.com\\\/wp-content\\\/uploads\\\/2026\\\/09\\\/WhatsApp-Image-2026-09-04-at-9.41.24-PM.jpeg\",\"contentUrl\":\"https:\\\/\\\/continuamosmx.com\\\/wp-content\\\/uploads\\\/2026\\\/09\\\/WhatsApp-Image-2026-09-04-at-9.41.24-PM.jpeg\",\"width\":1090,\"height\":726},{\"@type\":\"BreadcrumbList\",\"@id\":\"https:\\\/\\\/continuamosmx.com\\\/index.php\\\/2026\\\/09\\\/04\\\/la-orquesta-sinfonica-del-estado-de-mexico-celebra-55-anos-con-el-arranque-de-su-temporada-155\\\/#breadcrumb\",\"itemListElement\":[{\"@type\":\"ListItem\",\"position\":1,\"name\":\"Inicio\",\"item\":\"https:\\\/\\\/continuamosmx.com\\\/\"},{\"@type\":\"ListItem\",\"position\":2,\"name\":\"LA ORQUESTA SINF\u00d3NICA DEL ESTADO DE M\u00c9XICO CELEBRA 55 A\u00d1OS CON EL ARRANQUE DE SU TEMPORADA 155\"}]},{\"@type\":\"WebSite\",\"@id\":\"https:\\\/\\\/continuamosmx.com\\\/#website\",\"url\":\"https:\\\/\\\/continuamosmx.com\\\/\",\"name\":\"www.continuamosmx.com\",\"description\":\"\",\"publisher\":{\"@id\":\"https:\\\/\\\/continuamosmx.com\\\/#organization\"},\"potentialAction\":[{\"@type\":\"SearchAction\",\"target\":{\"@type\":\"EntryPoint\",\"urlTemplate\":\"https:\\\/\\\/continuamosmx.com\\\/?s={search_term_string}\"},\"query-input\":{\"@type\":\"PropertyValueSpecification\",\"valueRequired\":true,\"valueName\":\"search_term_string\"}}],\"inLanguage\":\"es\"},{\"@type\":\"Organization\",\"@id\":\"https:\\\/\\\/continuamosmx.com\\\/#organization\",\"name\":\"ContinuamosMX\",\"url\":\"https:\\\/\\\/continuamosmx.com\\\/\",\"logo\":{\"@type\":\"ImageObject\",\"inLanguage\":\"es\",\"@id\":\"https:\\\/\\\/continuamosmx.com\\\/#\\\/schema\\\/logo\\\/image\\\/\",\"url\":\"https:\\\/\\\/continuamosmx.com\\\/wp-content\\\/uploads\\\/2023\\\/04\\\/cropped-LOGO-CONTI-NUEVO.png\",\"contentUrl\":\"https:\\\/\\\/continuamosmx.com\\\/wp-content\\\/uploads\\\/2023\\\/04\\\/cropped-LOGO-CONTI-NUEVO.png\",\"width\":1257,\"height\":430,\"caption\":\"ContinuamosMX\"},\"image\":{\"@id\":\"https:\\\/\\\/continuamosmx.com\\\/#\\\/schema\\\/logo\\\/image\\\/\"}},{\"@type\":\"Person\",\"@id\":\"https:\\\/\\\/continuamosmx.com\\\/#\\\/schema\\\/person\\\/5eb5356acb1fad784da407d14f0e8d89\",\"name\":\"Continuamos MX\",\"image\":{\"@type\":\"ImageObject\",\"inLanguage\":\"es\",\"@id\":\"https:\\\/\\\/secure.gravatar.com\\\/avatar\\\/30d4f9723476a15f4da34d35fb3501f08d2357016c76051c6a85c354c7489589?s=96&d=mm&r=g\",\"url\":\"https:\\\/\\\/secure.gravatar.com\\\/avatar\\\/30d4f9723476a15f4da34d35fb3501f08d2357016c76051c6a85c354c7489589?s=96&d=mm&r=g\",\"contentUrl\":\"https:\\\/\\\/secure.gravatar.com\\\/avatar\\\/30d4f9723476a15f4da34d35fb3501f08d2357016c76051c6a85c354c7489589?s=96&d=mm&r=g\",\"caption\":\"Continuamos MX\"},\"sameAs\":[\"http:\\\/\\\/www.continuamos.mx\"],\"url\":\"https:\\\/\\\/continuamosmx.com\\\/index.php\\\/author\\\/continuamos\\\/\"}]}<\/script>\n<!-- \/ Yoast SEO plugin. -->","yoast_head_json":{"title":"LA ORQUESTA SINF\u00d3NICA DEL ESTADO DE M\u00c9XICO CELEBRA 55 A\u00d1OS CON EL ARRANQUE DE SU TEMPORADA 155 -","robots":{"index":"index","follow":"follow","max-snippet":"max-snippet:-1","max-image-preview":"max-image-preview:large","max-video-preview":"max-video-preview:-1"},"canonical":"https:\/\/continuamosmx.com\/index.php\/2026\/09\/04\/la-orquesta-sinfonica-del-estado-de-mexico-celebra-55-anos-con-el-arranque-de-su-temporada-155\/","og_locale":"es_ES","og_type":"article","og_title":"LA ORQUESTA SINF\u00d3NICA DEL ESTADO DE M\u00c9XICO CELEBRA 55 A\u00d1OS CON EL ARRANQUE DE SU TEMPORADA 155 -","og_description":"*Bajo la direcci\u00f3n de Rodrigo Mac\u00edas, la emblem\u00e1tica agrupaci\u00f3n ofrecer\u00e1 m\u00e1s de 30 conciertos distribuidos en 15 programas por todo el territorio mexiquense. Toluca, Estado de M\u00e9xico.\u2014 Con un ambicioso programa que contempla m\u00e1s de 30 conciertos, el Gobierno del Estado de M\u00e9xico, encabezado por la Maestra Delfina G\u00f3mez \u00c1lvarez, puso en marcha las celebraciones [&hellip;]","og_url":"https:\/\/continuamosmx.com\/index.php\/2026\/09\/04\/la-orquesta-sinfonica-del-estado-de-mexico-celebra-55-anos-con-el-arranque-de-su-temporada-155\/","article_published_time":"2026-09-05T03:53:49+00:00","article_modified_time":"2026-09-05T03:53:50+00:00","og_image":[{"width":1090,"height":726,"url":"https:\/\/continuamosmx.com\/wp-content\/uploads\/2026\/09\/WhatsApp-Image-2026-09-04-at-9.41.24-PM.jpeg","type":"image\/jpeg"}],"author":"Continuamos MX","twitter_card":"summary_large_image","twitter_misc":{"Escrito por":"Continuamos MX","Tiempo de lectura":"2 minutos"},"schema":{"@context":"https:\/\/schema.org","@graph":[{"@type":"Article","@id":"https:\/\/continuamosmx.com\/index.php\/2026\/09\/04\/la-orquesta-sinfonica-del-estado-de-mexico-celebra-55-anos-con-el-arranque-de-su-temporada-155\/#article","isPartOf":{"@id":"https:\/\/continuamosmx.com\/index.php\/2026\/09\/04\/la-orquesta-sinfonica-del-estado-de-mexico-celebra-55-anos-con-el-arranque-de-su-temporada-155\/"},"author":{"name":"Continuamos MX","@id":"https:\/\/continuamosmx.com\/#\/schema\/person\/5eb5356acb1fad784da407d14f0e8d89"},"headline":"LA ORQUESTA SINF\u00d3NICA DEL ESTADO DE M\u00c9XICO CELEBRA 55 A\u00d1OS CON EL ARRANQUE DE SU TEMPORADA 155","datePublished":"2026-09-05T03:53:49+00:00","dateModified":"2026-09-05T03:53:50+00:00","mainEntityOfPage":{"@id":"https:\/\/continuamosmx.com\/index.php\/2026\/09\/04\/la-orquesta-sinfonica-del-estado-de-mexico-celebra-55-anos-con-el-arranque-de-su-temporada-155\/"},"wordCount":281,"publisher":{"@id":"https:\/\/continuamosmx.com\/#organization"},"image":{"@id":"https:\/\/continuamosmx.com\/index.php\/2026\/09\/04\/la-orquesta-sinfonica-del-estado-de-mexico-celebra-55-anos-con-el-arranque-de-su-temporada-155\/#primaryimage"},"thumbnailUrl":"https:\/\/continuamosmx.com\/wp-content\/uploads\/2026\/09\/WhatsApp-Image-2026-09-04-at-9.41.24-PM.jpeg","articleSection":["CULTURA","EDOMEX"],"inLanguage":"es"},{"@type":"WebPage","@id":"https:\/\/continuamosmx.com\/index.php\/2026\/09\/04\/la-orquesta-sinfonica-del-estado-de-mexico-celebra-55-anos-con-el-arranque-de-su-temporada-155\/","url":"https:\/\/continuamosmx.com\/index.php\/2026\/09\/04\/la-orquesta-sinfonica-del-estado-de-mexico-celebra-55-anos-con-el-arranque-de-su-temporada-155\/","name":"LA ORQUESTA SINF\u00d3NICA DEL ESTADO DE M\u00c9XICO CELEBRA 55 A\u00d1OS CON EL ARRANQUE DE SU TEMPORADA 155 -","isPartOf":{"@id":"https:\/\/continuamosmx.com\/#website"},"primaryImageOfPage":{"@id":"https:\/\/continuamosmx.com\/index.php\/2026\/09\/04\/la-orquesta-sinfonica-del-estado-de-mexico-celebra-55-anos-con-el-arranque-de-su-temporada-155\/#primaryimage"},"image":{"@id":"https:\/\/continuamosmx.com\/index.php\/2026\/09\/04\/la-orquesta-sinfonica-del-estado-de-mexico-celebra-55-anos-con-el-arranque-de-su-temporada-155\/#primaryimage"},"thumbnailUrl":"https:\/\/continuamosmx.com\/wp-content\/uploads\/2026\/09\/WhatsApp-Image-2026-09-04-at-9.41.24-PM.jpeg","datePublished":"2026-09-05T03:53:49+00:00","dateModified":"2026-09-05T03:53:50+00:00","breadcrumb":{"@id":"https:\/\/continuamosmx.com\/index.php\/2026\/09\/04\/la-orquesta-sinfonica-del-estado-de-mexico-celebra-55-anos-con-el-arranque-de-su-temporada-155\/#breadcrumb"},"inLanguage":"es","potentialAction":[{"@type":"ReadAction","target":["https:\/\/continuamosmx.com\/index.php\/2026\/09\/04\/la-orquesta-sinfonica-del-estado-de-mexico-celebra-55-anos-con-el-arranque-de-su-temporada-155\/"]}]},{"@type":"ImageObject","inLanguage":"es","@id":"https:\/\/continuamosmx.com\/index.php\/2026\/09\/04\/la-orquesta-sinfonica-del-estado-de-mexico-celebra-55-anos-con-el-arranque-de-su-temporada-155\/#primaryimage","url":"https:\/\/continuamosmx.com\/wp-content\/uploads\/2026\/09\/WhatsApp-Image-2026-09-04-at-9.41.24-PM.jpeg","contentUrl":"https:\/\/continuamosmx.com\/wp-content\/uploads\/2026\/09\/WhatsApp-Image-2026-09-04-at-9.41.24-PM.jpeg","width":1090,"height":726},{"@type":"BreadcrumbList","@id":"https:\/\/continuamosmx.com\/index.php\/2026\/09\/04\/la-orquesta-sinfonica-del-estado-de-mexico-celebra-55-anos-con-el-arranque-de-su-temporada-155\/#breadcrumb","itemListElement":[{"@type":"ListItem","position":1,"name":"Inicio","item":"https:\/\/continuamosmx.com\/"},{"@type":"ListItem","position":2,"name":"LA ORQUESTA SINF\u00d3NICA DEL ESTADO DE M\u00c9XICO CELEBRA 55 A\u00d1OS CON EL ARRANQUE DE SU TEMPORADA 155"}]},{"@type":"WebSite","@id":"https:\/\/continuamosmx.com\/#website","url":"https:\/\/continuamosmx.com\/","name":"www.continuamosmx.com","description":"","publisher":{"@id":"https:\/\/continuamosmx.com\/#organization"},"potentialAction":[{"@type":"SearchAction","target":{"@type":"EntryPoint","urlTemplate":"https:\/\/continuamosmx.com\/?s={search_term_string}"},"query-input":{"@type":"PropertyValueSpecification","valueRequired":true,"valueName":"search_term_string"}}],"inLanguage":"es"},{"@type":"Organization","@id":"https:\/\/continuamosmx.com\/#organization","name":"ContinuamosMX","url":"https:\/\/continuamosmx.com\/","logo":{"@type":"ImageObject","inLanguage":"es","@id":"https:\/\/continuamosmx.com\/#\/schema\/logo\/image\/","url":"https:\/\/continuamosmx.com\/wp-content\/uploads\/2023\/04\/cropped-LOGO-CONTI-NUEVO.png","contentUrl":"https:\/\/continuamosmx.com\/wp-content\/uploads\/2023\/04\/cropped-LOGO-CONTI-NUEVO.png","width":1257,"height":430,"caption":"ContinuamosMX"},"image":{"@id":"https:\/\/continuamosmx.com\/#\/schema\/logo\/image\/"}},{"@type":"Person","@id":"https:\/\/continuamosmx.com\/#\/schema\/person\/5eb5356acb1fad784da407d14f0e8d89","name":"Continuamos MX","image":{"@type":"ImageObject","inLanguage":"es","@id":"https:\/\/secure.gravatar.com\/avatar\/30d4f9723476a15f4da34d35fb3501f08d2357016c76051c6a85c354c7489589?s=96&d=mm&r=g","url":"https:\/\/secure.gravatar.com\/avatar\/30d4f9723476a15f4da34d35fb3501f08d2357016c76051c6a85c354c7489589?s=96&d=mm&r=g","contentUrl":"https:\/\/secure.gravatar.com\/avatar\/30d4f9723476a15f4da34d35fb3501f08d2357016c76051c6a85c354c7489589?s=96&d=mm&r=g","caption":"Continuamos MX"},"sameAs":["http:\/\/www.continuamos.mx"],"url":"https:\/\/continuamosmx.com\/index.php\/author\/continuamos\/"}]}},"_links":{"self":[{"href":"https:\/\/continuamosmx.com\/index.php\/wp-json\/wp\/v2\/posts\/58341","targetHints":{"allow":["GET"]}}],"collection":[{"href":"https:\/\/continuamosmx.com\/index.php\/wp-json\/wp\/v2\/posts"}],"about":[{"href":"https:\/\/continuamosmx.com\/index.php\/wp-json\/wp\/v2\/types\/post"}],"author":[{"embeddable":true,"href":"https:\/\/continuamosmx.com\/index.php\/wp-json\/wp\/v2\/users\/6"}],"replies":[{"embeddable":true,"href":"https:\/\/continuamosmx.com\/index.php\/wp-json\/wp\/v2\/comments?post=58341"}],"version-history":[{"count":1,"href":"https:\/\/continuamosmx.com\/index.php\/wp-json\/wp\/v2\/posts\/58341\/revisions"}],"predecessor-version":[{"id":58343,"href":"https:\/\/continuamosmx.com\/index.php\/wp-json\/wp\/v2\/posts\/58341\/revisions\/58343"}],"wp:featuredmedia":[{"embeddable":true,"href":"https:\/\/continuamosmx.com\/index.php\/wp-json\/wp\/v2\/media\/58342"}],"wp:attachment":[{"href":"https:\/\/continuamosmx.com\/index.php\/wp-json\/wp\/v2\/media?parent=58341"}],"wp:term":[{"taxonomy":"category","embeddable":true,"href":"https:\/\/continuamosmx.com\/index.php\/wp-json\/wp\/v2\/categories?post=58341"},{"taxonomy":"post_tag","embeddable":true,"href":"https:\/\/continuamosmx.com\/index.php\/wp-json\/wp\/v2\/tags?post=58341"}],"curies":[{"name":"wp","href":"https:\/\/api.w.org\/{rel}","templated":true}]}}