{"id":58334,"date":"2026-09-04T00:24:53","date_gmt":"2026-09-04T06:24:53","guid":{"rendered":"https:\/\/continuamosmx.com\/?p=58334"},"modified":"2026-09-04T00:24:53","modified_gmt":"2026-09-04T06:24:53","slug":"cuautitlan-izcalli-registra-una-baja-historica-del-37-en-homicidios-dolosos","status":"publish","type":"post","link":"https:\/\/continuamosmx.com\/index.php\/2026\/09\/04\/cuautitlan-izcalli-registra-una-baja-historica-del-37-en-homicidios-dolosos\/","title":{"rendered":"CUAUTITL\u00c1N IZCALLI REGISTRA UNA BAJA HIST\u00d3RICA DEL 37% EN HOMICIDIOS DOLOSOS"},"content":{"rendered":"\n<p class=\"wp-block-paragraph\">*<strong>Implementan estrategia integral de seguridad que rinde frutos en el municipio<\/strong><\/p>\n\n\n\n<p class=\"wp-block-paragraph\">El Gobierno Municipal de Cuautitl\u00e1n Izcalli, bajo la administraci\u00f3n del presidente municipal Daniel Serrano, dio a conocer una disminuci\u00f3n del 37% en los homicidios dolosos registrados durante el periodo de enero a julio de 2026, en comparaci\u00f3n con el mismo lapso de 2024, \u00faltimo a\u00f1o del gobierno pasado<sup><\/sup>.<\/p>\n\n\n\n<p class=\"wp-block-paragraph\">De acuerdo con las cifras oficiales emitidas por el Secretariado Ejecutivo del Sistema Nacional de Seguridad P\u00fablica (SESNSP), los casos pasaron de 54 incidencias en 2024 a 34 casos en el presente a\u00f1o<sup><\/sup>. Asimismo, al contrastar las cifras con el periodo enero-julio de 2025, se observa una baja adicional del 29%, descendiendo de 48 a 34 carpetas de investigaci\u00f3n<sup><\/sup>.<\/p>\n\n\n\n<p class=\"wp-block-paragraph\">Estas cifras son el reflejo directo de una estrategia integral de seguridad impulsada por la demarcaci\u00f3n, la cual se sustenta en la coordinaci\u00f3n operativa interinstitucional entre los tres \u00f3rdenes de gobierno<sup><\/sup>. Adem\u00e1s, las autoridades destacaron el despliegue estrat\u00e9gico en zonas prioritarias, el reforzamiento de la prevenci\u00f3n, la atenci\u00f3n ciudadana y una pol\u00edtica de proximidad social enfocada en salvaguardar la integridad de las familias izcallenses<sup><\/sup>.<\/p>\n","protected":false},"excerpt":{"rendered":"<p>*Implementan estrategia integral de seguridad que rinde frutos en el municipio El Gobierno Municipal de Cuautitl\u00e1n Izcalli, bajo la administraci\u00f3n del presidente municipal Daniel Serrano, dio a conocer una disminuci\u00f3n del 37% en los homicidios dolosos registrados durante el periodo de enero a julio de 2026, en comparaci\u00f3n con el mismo lapso de 2024, \u00faltimo [&hellip;]<\/p>\n","protected":false},"author":6,"featured_media":58335,"comment_status":"closed","ping_status":"closed","sticky":false,"template":"","format":"standard","meta":{"footnotes":""},"categories":[22,4],"tags":[],"class_list":["post-58334","post","type-post","status-publish","format-standard","has-post-thumbnail","hentry","category-c-izcalli","category-locales"],"yoast_head":"<!-- This site is optimized with the Yoast SEO plugin v28.4 - https:\/\/yoast.com\/product\/yoast-seo-wordpress\/ -->\n<title>CUAUTITL\u00c1N IZCALLI REGISTRA UNA BAJA HIST\u00d3RICA DEL 37% EN HOMICIDIOS DOLOSOS -<\/title>\n<meta name=\"robots\" content=\"index, follow, max-snippet:-1, max-image-preview:large, max-video-preview:-1\" \/>\n<link rel=\"canonical\" href=\"https:\/\/continuamosmx.com\/index.php\/2026\/09\/04\/cuautitlan-izcalli-registra-una-baja-historica-del-37-en-homicidios-dolosos\/\" \/>\n<meta property=\"og:locale\" content=\"es_ES\" \/>\n<meta property=\"og:type\" content=\"article\" \/>\n<meta property=\"og:title\" content=\"CUAUTITL\u00c1N IZCALLI REGISTRA UNA BAJA HIST\u00d3RICA DEL 37% EN HOMICIDIOS DOLOSOS -\" \/>\n<meta property=\"og:description\" content=\"*Implementan estrategia integral de seguridad que rinde frutos en el municipio El Gobierno Municipal de Cuautitl\u00e1n Izcalli, bajo la administraci\u00f3n del presidente municipal Daniel Serrano, dio a conocer una disminuci\u00f3n del 37% en los homicidios dolosos registrados durante el periodo de enero a julio de 2026, en comparaci\u00f3n con el mismo lapso de 2024, \u00faltimo [&hellip;]\" \/>\n<meta property=\"og:url\" content=\"https:\/\/continuamosmx.com\/index.php\/2026\/09\/04\/cuautitlan-izcalli-registra-una-baja-historica-del-37-en-homicidios-dolosos\/\" \/>\n<meta property=\"article:published_time\" content=\"2026-09-04T06:24:53+00:00\" \/>\n<meta property=\"og:image\" content=\"https:\/\/continuamosmx.com\/wp-content\/uploads\/2026\/09\/WhatsApp-Image-2026-09-03-at-2.15.53-PM-1.jpeg\" \/>\n\t<meta property=\"og:image:width\" content=\"1600\" \/>\n\t<meta property=\"og:image:height\" content=\"1600\" \/>\n\t<meta property=\"og:image:type\" content=\"image\/jpeg\" \/>\n<meta name=\"author\" content=\"Continuamos MX\" \/>\n<meta name=\"twitter:card\" content=\"summary_large_image\" \/>\n<meta name=\"twitter:label1\" content=\"Escrito por\" \/>\n\t<meta name=\"twitter:data1\" content=\"Continuamos MX\" \/>\n\t<meta name=\"twitter:label2\" content=\"Tiempo de lectura\" \/>\n\t<meta name=\"twitter:data2\" content=\"2 minutos\" \/>\n<script type=\"application\/ld+json\" class=\"yoast-schema-graph\">{\"@context\":\"https:\\\/\\\/schema.org\",\"@graph\":[{\"@type\":\"Article\",\"@id\":\"https:\\\/\\\/continuamosmx.com\\\/index.php\\\/2026\\\/09\\\/04\\\/cuautitlan-izcalli-registra-una-baja-historica-del-37-en-homicidios-dolosos\\\/#article\",\"isPartOf\":{\"@id\":\"https:\\\/\\\/continuamosmx.com\\\/index.php\\\/2026\\\/09\\\/04\\\/cuautitlan-izcalli-registra-una-baja-historica-del-37-en-homicidios-dolosos\\\/\"},\"author\":{\"name\":\"Continuamos MX\",\"@id\":\"https:\\\/\\\/continuamosmx.com\\\/#\\\/schema\\\/person\\\/5eb5356acb1fad784da407d14f0e8d89\"},\"headline\":\"CUAUTITL\u00c1N IZCALLI REGISTRA UNA BAJA HIST\u00d3RICA DEL 37% EN HOMICIDIOS DOLOSOS\",\"datePublished\":\"2026-09-04T06:24:53+00:00\",\"mainEntityOfPage\":{\"@id\":\"https:\\\/\\\/continuamosmx.com\\\/index.php\\\/2026\\\/09\\\/04\\\/cuautitlan-izcalli-registra-una-baja-historica-del-37-en-homicidios-dolosos\\\/\"},\"wordCount\":199,\"publisher\":{\"@id\":\"https:\\\/\\\/continuamosmx.com\\\/#organization\"},\"image\":{\"@id\":\"https:\\\/\\\/continuamosmx.com\\\/index.php\\\/2026\\\/09\\\/04\\\/cuautitlan-izcalli-registra-una-baja-historica-del-37-en-homicidios-dolosos\\\/#primaryimage\"},\"thumbnailUrl\":\"https:\\\/\\\/continuamosmx.com\\\/wp-content\\\/uploads\\\/2026\\\/09\\\/WhatsApp-Image-2026-09-03-at-2.15.53-PM-1.jpeg\",\"articleSection\":[\"C. IZCALLI\",\"LOCALES\"],\"inLanguage\":\"es\"},{\"@type\":\"WebPage\",\"@id\":\"https:\\\/\\\/continuamosmx.com\\\/index.php\\\/2026\\\/09\\\/04\\\/cuautitlan-izcalli-registra-una-baja-historica-del-37-en-homicidios-dolosos\\\/\",\"url\":\"https:\\\/\\\/continuamosmx.com\\\/index.php\\\/2026\\\/09\\\/04\\\/cuautitlan-izcalli-registra-una-baja-historica-del-37-en-homicidios-dolosos\\\/\",\"name\":\"CUAUTITL\u00c1N IZCALLI REGISTRA UNA BAJA HIST\u00d3RICA DEL 37% EN HOMICIDIOS DOLOSOS -\",\"isPartOf\":{\"@id\":\"https:\\\/\\\/continuamosmx.com\\\/#website\"},\"primaryImageOfPage\":{\"@id\":\"https:\\\/\\\/continuamosmx.com\\\/index.php\\\/2026\\\/09\\\/04\\\/cuautitlan-izcalli-registra-una-baja-historica-del-37-en-homicidios-dolosos\\\/#primaryimage\"},\"image\":{\"@id\":\"https:\\\/\\\/continuamosmx.com\\\/index.php\\\/2026\\\/09\\\/04\\\/cuautitlan-izcalli-registra-una-baja-historica-del-37-en-homicidios-dolosos\\\/#primaryimage\"},\"thumbnailUrl\":\"https:\\\/\\\/continuamosmx.com\\\/wp-content\\\/uploads\\\/2026\\\/09\\\/WhatsApp-Image-2026-09-03-at-2.15.53-PM-1.jpeg\",\"datePublished\":\"2026-09-04T06:24:53+00:00\",\"breadcrumb\":{\"@id\":\"https:\\\/\\\/continuamosmx.com\\\/index.php\\\/2026\\\/09\\\/04\\\/cuautitlan-izcalli-registra-una-baja-historica-del-37-en-homicidios-dolosos\\\/#breadcrumb\"},\"inLanguage\":\"es\",\"potentialAction\":[{\"@type\":\"ReadAction\",\"target\":[\"https:\\\/\\\/continuamosmx.com\\\/index.php\\\/2026\\\/09\\\/04\\\/cuautitlan-izcalli-registra-una-baja-historica-del-37-en-homicidios-dolosos\\\/\"]}]},{\"@type\":\"ImageObject\",\"inLanguage\":\"es\",\"@id\":\"https:\\\/\\\/continuamosmx.com\\\/index.php\\\/2026\\\/09\\\/04\\\/cuautitlan-izcalli-registra-una-baja-historica-del-37-en-homicidios-dolosos\\\/#primaryimage\",\"url\":\"https:\\\/\\\/continuamosmx.com\\\/wp-content\\\/uploads\\\/2026\\\/09\\\/WhatsApp-Image-2026-09-03-at-2.15.53-PM-1.jpeg\",\"contentUrl\":\"https:\\\/\\\/continuamosmx.com\\\/wp-content\\\/uploads\\\/2026\\\/09\\\/WhatsApp-Image-2026-09-03-at-2.15.53-PM-1.jpeg\",\"width\":1600,\"height\":1600},{\"@type\":\"BreadcrumbList\",\"@id\":\"https:\\\/\\\/continuamosmx.com\\\/index.php\\\/2026\\\/09\\\/04\\\/cuautitlan-izcalli-registra-una-baja-historica-del-37-en-homicidios-dolosos\\\/#breadcrumb\",\"itemListElement\":[{\"@type\":\"ListItem\",\"position\":1,\"name\":\"Inicio\",\"item\":\"https:\\\/\\\/continuamosmx.com\\\/\"},{\"@type\":\"ListItem\",\"position\":2,\"name\":\"CUAUTITL\u00c1N IZCALLI REGISTRA UNA BAJA HIST\u00d3RICA DEL 37% EN HOMICIDIOS DOLOSOS\"}]},{\"@type\":\"WebSite\",\"@id\":\"https:\\\/\\\/continuamosmx.com\\\/#website\",\"url\":\"https:\\\/\\\/continuamosmx.com\\\/\",\"name\":\"www.continuamosmx.com\",\"description\":\"\",\"publisher\":{\"@id\":\"https:\\\/\\\/continuamosmx.com\\\/#organization\"},\"potentialAction\":[{\"@type\":\"SearchAction\",\"target\":{\"@type\":\"EntryPoint\",\"urlTemplate\":\"https:\\\/\\\/continuamosmx.com\\\/?s={search_term_string}\"},\"query-input\":{\"@type\":\"PropertyValueSpecification\",\"valueRequired\":true,\"valueName\":\"search_term_string\"}}],\"inLanguage\":\"es\"},{\"@type\":\"Organization\",\"@id\":\"https:\\\/\\\/continuamosmx.com\\\/#organization\",\"name\":\"ContinuamosMX\",\"url\":\"https:\\\/\\\/continuamosmx.com\\\/\",\"logo\":{\"@type\":\"ImageObject\",\"inLanguage\":\"es\",\"@id\":\"https:\\\/\\\/continuamosmx.com\\\/#\\\/schema\\\/logo\\\/image\\\/\",\"url\":\"https:\\\/\\\/continuamosmx.com\\\/wp-content\\\/uploads\\\/2023\\\/04\\\/cropped-LOGO-CONTI-NUEVO.png\",\"contentUrl\":\"https:\\\/\\\/continuamosmx.com\\\/wp-content\\\/uploads\\\/2023\\\/04\\\/cropped-LOGO-CONTI-NUEVO.png\",\"width\":1257,\"height\":430,\"caption\":\"ContinuamosMX\"},\"image\":{\"@id\":\"https:\\\/\\\/continuamosmx.com\\\/#\\\/schema\\\/logo\\\/image\\\/\"}},{\"@type\":\"Person\",\"@id\":\"https:\\\/\\\/continuamosmx.com\\\/#\\\/schema\\\/person\\\/5eb5356acb1fad784da407d14f0e8d89\",\"name\":\"Continuamos MX\",\"image\":{\"@type\":\"ImageObject\",\"inLanguage\":\"es\",\"@id\":\"https:\\\/\\\/secure.gravatar.com\\\/avatar\\\/30d4f9723476a15f4da34d35fb3501f08d2357016c76051c6a85c354c7489589?s=96&d=mm&r=g\",\"url\":\"https:\\\/\\\/secure.gravatar.com\\\/avatar\\\/30d4f9723476a15f4da34d35fb3501f08d2357016c76051c6a85c354c7489589?s=96&d=mm&r=g\",\"contentUrl\":\"https:\\\/\\\/secure.gravatar.com\\\/avatar\\\/30d4f9723476a15f4da34d35fb3501f08d2357016c76051c6a85c354c7489589?s=96&d=mm&r=g\",\"caption\":\"Continuamos MX\"},\"sameAs\":[\"http:\\\/\\\/www.continuamos.mx\"],\"url\":\"https:\\\/\\\/continuamosmx.com\\\/index.php\\\/author\\\/continuamos\\\/\"}]}<\/script>\n<!-- \/ Yoast SEO plugin. -->","yoast_head_json":{"title":"CUAUTITL\u00c1N IZCALLI REGISTRA UNA BAJA HIST\u00d3RICA DEL 37% EN HOMICIDIOS DOLOSOS -","robots":{"index":"index","follow":"follow","max-snippet":"max-snippet:-1","max-image-preview":"max-image-preview:large","max-video-preview":"max-video-preview:-1"},"canonical":"https:\/\/continuamosmx.com\/index.php\/2026\/09\/04\/cuautitlan-izcalli-registra-una-baja-historica-del-37-en-homicidios-dolosos\/","og_locale":"es_ES","og_type":"article","og_title":"CUAUTITL\u00c1N IZCALLI REGISTRA UNA BAJA HIST\u00d3RICA DEL 37% EN HOMICIDIOS DOLOSOS -","og_description":"*Implementan estrategia integral de seguridad que rinde frutos en el municipio El Gobierno Municipal de Cuautitl\u00e1n Izcalli, bajo la administraci\u00f3n del presidente municipal Daniel Serrano, dio a conocer una disminuci\u00f3n del 37% en los homicidios dolosos registrados durante el periodo de enero a julio de 2026, en comparaci\u00f3n con el mismo lapso de 2024, \u00faltimo [&hellip;]","og_url":"https:\/\/continuamosmx.com\/index.php\/2026\/09\/04\/cuautitlan-izcalli-registra-una-baja-historica-del-37-en-homicidios-dolosos\/","article_published_time":"2026-09-04T06:24:53+00:00","og_image":[{"width":1600,"height":1600,"url":"https:\/\/continuamosmx.com\/wp-content\/uploads\/2026\/09\/WhatsApp-Image-2026-09-03-at-2.15.53-PM-1.jpeg","type":"image\/jpeg"}],"author":"Continuamos MX","twitter_card":"summary_large_image","twitter_misc":{"Escrito por":"Continuamos MX","Tiempo de lectura":"2 minutos"},"schema":{"@context":"https:\/\/schema.org","@graph":[{"@type":"Article","@id":"https:\/\/continuamosmx.com\/index.php\/2026\/09\/04\/cuautitlan-izcalli-registra-una-baja-historica-del-37-en-homicidios-dolosos\/#article","isPartOf":{"@id":"https:\/\/continuamosmx.com\/index.php\/2026\/09\/04\/cuautitlan-izcalli-registra-una-baja-historica-del-37-en-homicidios-dolosos\/"},"author":{"name":"Continuamos MX","@id":"https:\/\/continuamosmx.com\/#\/schema\/person\/5eb5356acb1fad784da407d14f0e8d89"},"headline":"CUAUTITL\u00c1N IZCALLI REGISTRA UNA BAJA HIST\u00d3RICA DEL 37% EN HOMICIDIOS DOLOSOS","datePublished":"2026-09-04T06:24:53+00:00","mainEntityOfPage":{"@id":"https:\/\/continuamosmx.com\/index.php\/2026\/09\/04\/cuautitlan-izcalli-registra-una-baja-historica-del-37-en-homicidios-dolosos\/"},"wordCount":199,"publisher":{"@id":"https:\/\/continuamosmx.com\/#organization"},"image":{"@id":"https:\/\/continuamosmx.com\/index.php\/2026\/09\/04\/cuautitlan-izcalli-registra-una-baja-historica-del-37-en-homicidios-dolosos\/#primaryimage"},"thumbnailUrl":"https:\/\/continuamosmx.com\/wp-content\/uploads\/2026\/09\/WhatsApp-Image-2026-09-03-at-2.15.53-PM-1.jpeg","articleSection":["C. IZCALLI","LOCALES"],"inLanguage":"es"},{"@type":"WebPage","@id":"https:\/\/continuamosmx.com\/index.php\/2026\/09\/04\/cuautitlan-izcalli-registra-una-baja-historica-del-37-en-homicidios-dolosos\/","url":"https:\/\/continuamosmx.com\/index.php\/2026\/09\/04\/cuautitlan-izcalli-registra-una-baja-historica-del-37-en-homicidios-dolosos\/","name":"CUAUTITL\u00c1N IZCALLI REGISTRA UNA BAJA HIST\u00d3RICA DEL 37% EN HOMICIDIOS DOLOSOS -","isPartOf":{"@id":"https:\/\/continuamosmx.com\/#website"},"primaryImageOfPage":{"@id":"https:\/\/continuamosmx.com\/index.php\/2026\/09\/04\/cuautitlan-izcalli-registra-una-baja-historica-del-37-en-homicidios-dolosos\/#primaryimage"},"image":{"@id":"https:\/\/continuamosmx.com\/index.php\/2026\/09\/04\/cuautitlan-izcalli-registra-una-baja-historica-del-37-en-homicidios-dolosos\/#primaryimage"},"thumbnailUrl":"https:\/\/continuamosmx.com\/wp-content\/uploads\/2026\/09\/WhatsApp-Image-2026-09-03-at-2.15.53-PM-1.jpeg","datePublished":"2026-09-04T06:24:53+00:00","breadcrumb":{"@id":"https:\/\/continuamosmx.com\/index.php\/2026\/09\/04\/cuautitlan-izcalli-registra-una-baja-historica-del-37-en-homicidios-dolosos\/#breadcrumb"},"inLanguage":"es","potentialAction":[{"@type":"ReadAction","target":["https:\/\/continuamosmx.com\/index.php\/2026\/09\/04\/cuautitlan-izcalli-registra-una-baja-historica-del-37-en-homicidios-dolosos\/"]}]},{"@type":"ImageObject","inLanguage":"es","@id":"https:\/\/continuamosmx.com\/index.php\/2026\/09\/04\/cuautitlan-izcalli-registra-una-baja-historica-del-37-en-homicidios-dolosos\/#primaryimage","url":"https:\/\/continuamosmx.com\/wp-content\/uploads\/2026\/09\/WhatsApp-Image-2026-09-03-at-2.15.53-PM-1.jpeg","contentUrl":"https:\/\/continuamosmx.com\/wp-content\/uploads\/2026\/09\/WhatsApp-Image-2026-09-03-at-2.15.53-PM-1.jpeg","width":1600,"height":1600},{"@type":"BreadcrumbList","@id":"https:\/\/continuamosmx.com\/index.php\/2026\/09\/04\/cuautitlan-izcalli-registra-una-baja-historica-del-37-en-homicidios-dolosos\/#breadcrumb","itemListElement":[{"@type":"ListItem","position":1,"name":"Inicio","item":"https:\/\/continuamosmx.com\/"},{"@type":"ListItem","position":2,"name":"CUAUTITL\u00c1N IZCALLI REGISTRA UNA BAJA HIST\u00d3RICA DEL 37% EN HOMICIDIOS DOLOSOS"}]},{"@type":"WebSite","@id":"https:\/\/continuamosmx.com\/#website","url":"https:\/\/continuamosmx.com\/","name":"www.continuamosmx.com","description":"","publisher":{"@id":"https:\/\/continuamosmx.com\/#organization"},"potentialAction":[{"@type":"SearchAction","target":{"@type":"EntryPoint","urlTemplate":"https:\/\/continuamosmx.com\/?s={search_term_string}"},"query-input":{"@type":"PropertyValueSpecification","valueRequired":true,"valueName":"search_term_string"}}],"inLanguage":"es"},{"@type":"Organization","@id":"https:\/\/continuamosmx.com\/#organization","name":"ContinuamosMX","url":"https:\/\/continuamosmx.com\/","logo":{"@type":"ImageObject","inLanguage":"es","@id":"https:\/\/continuamosmx.com\/#\/schema\/logo\/image\/","url":"https:\/\/continuamosmx.com\/wp-content\/uploads\/2023\/04\/cropped-LOGO-CONTI-NUEVO.png","contentUrl":"https:\/\/continuamosmx.com\/wp-content\/uploads\/2023\/04\/cropped-LOGO-CONTI-NUEVO.png","width":1257,"height":430,"caption":"ContinuamosMX"},"image":{"@id":"https:\/\/continuamosmx.com\/#\/schema\/logo\/image\/"}},{"@type":"Person","@id":"https:\/\/continuamosmx.com\/#\/schema\/person\/5eb5356acb1fad784da407d14f0e8d89","name":"Continuamos MX","image":{"@type":"ImageObject","inLanguage":"es","@id":"https:\/\/secure.gravatar.com\/avatar\/30d4f9723476a15f4da34d35fb3501f08d2357016c76051c6a85c354c7489589?s=96&d=mm&r=g","url":"https:\/\/secure.gravatar.com\/avatar\/30d4f9723476a15f4da34d35fb3501f08d2357016c76051c6a85c354c7489589?s=96&d=mm&r=g","contentUrl":"https:\/\/secure.gravatar.com\/avatar\/30d4f9723476a15f4da34d35fb3501f08d2357016c76051c6a85c354c7489589?s=96&d=mm&r=g","caption":"Continuamos MX"},"sameAs":["http:\/\/www.continuamos.mx"],"url":"https:\/\/continuamosmx.com\/index.php\/author\/continuamos\/"}]}},"_links":{"self":[{"href":"https:\/\/continuamosmx.com\/index.php\/wp-json\/wp\/v2\/posts\/58334","targetHints":{"allow":["GET"]}}],"collection":[{"href":"https:\/\/continuamosmx.com\/index.php\/wp-json\/wp\/v2\/posts"}],"about":[{"href":"https:\/\/continuamosmx.com\/index.php\/wp-json\/wp\/v2\/types\/post"}],"author":[{"embeddable":true,"href":"https:\/\/continuamosmx.com\/index.php\/wp-json\/wp\/v2\/users\/6"}],"replies":[{"embeddable":true,"href":"https:\/\/continuamosmx.com\/index.php\/wp-json\/wp\/v2\/comments?post=58334"}],"version-history":[{"count":1,"href":"https:\/\/continuamosmx.com\/index.php\/wp-json\/wp\/v2\/posts\/58334\/revisions"}],"predecessor-version":[{"id":58336,"href":"https:\/\/continuamosmx.com\/index.php\/wp-json\/wp\/v2\/posts\/58334\/revisions\/58336"}],"wp:featuredmedia":[{"embeddable":true,"href":"https:\/\/continuamosmx.com\/index.php\/wp-json\/wp\/v2\/media\/58335"}],"wp:attachment":[{"href":"https:\/\/continuamosmx.com\/index.php\/wp-json\/wp\/v2\/media?parent=58334"}],"wp:term":[{"taxonomy":"category","embeddable":true,"href":"https:\/\/continuamosmx.com\/index.php\/wp-json\/wp\/v2\/categories?post=58334"},{"taxonomy":"post_tag","embeddable":true,"href":"https:\/\/continuamosmx.com\/index.php\/wp-json\/wp\/v2\/tags?post=58334"}],"curies":[{"name":"wp","href":"https:\/\/api.w.org\/{rel}","templated":true}]}}