{"id":58328,"date":"2026-09-04T00:15:16","date_gmt":"2026-09-04T06:15:16","guid":{"rendered":"https:\/\/continuamosmx.com\/?p=58328"},"modified":"2026-09-04T00:15:17","modified_gmt":"2026-09-04T06:15:17","slug":"encabeza-raciel-perez-cruz-foro-regional-para-proteger-a-las-personas-mayores-en-tlalnepantla","status":"publish","type":"post","link":"https:\/\/continuamosmx.com\/index.php\/2026\/09\/04\/encabeza-raciel-perez-cruz-foro-regional-para-proteger-a-las-personas-mayores-en-tlalnepantla\/","title":{"rendered":"ENCABEZA RACIEL P\u00c9REZ CRUZ FORO REGIONAL PARA PROTEGER A LAS PERSONAS MAYORES EN TLALNEPANTLA"},"content":{"rendered":"\n<h3 class=\"wp-block-heading\">*<strong>El alcalde de Tlalnepantla lider\u00f3 el foro \u00abEscuchar, Reconocer y Actuar: Personas Mayores Libres de Violencia\u00bb, enfoc\u00e1ndose en impulsar pol\u00edticas p\u00fablicas para un envejecimiento digno y seguro.<\/strong><\/h3>\n\n\n\n<p class=\"wp-block-paragraph\">Tlalnepantla de Baz, Estado de M\u00e9xico.- El presidente municipal de Tlalnepantla, Raciel P\u00e9rez Cruz, encabez\u00f3 los trabajos del Foro Regional \u00abEscuchar, Reconocer y Actuar: Personas Mayores Libres de Violencia\u00bb, llevado a cabo en el Auditorio del DIF Municipal. El encuentro tuvo como prop\u00f3sito principal fortalecer los mecanismos de protecci\u00f3n, garantizar una vida digna e impulsar pol\u00edticas p\u00fablicas orientadas al bienestar integral de las personas de la tercera edad.<\/p>\n\n\n\n<p class=\"wp-block-paragraph\">Durante el evento, en el cual tambi\u00e9n estuvo presente la presidenta honor\u00edfica del Sistema Municipal DIF, Roc\u00edo P\u00e9rez Cruz, el alcalde enfatiz\u00f3 que la administraci\u00f3n local prioriza la creaci\u00f3n de entornos de respeto. Asimismo, destac\u00f3 la necesidad imperativa de asegurar que los derechos de este sector poblacional sean plenamente restituidos y blindados ante cualquier forma de vulneraci\u00f3n o maltrato.<\/p>\n\n\n\n<p class=\"wp-block-paragraph\">En la jornada colaboraron diversas instituciones estrat\u00e9gicas, entre ellas el Consejo Estatal de Poblaci\u00f3n (COESPO), la Comisi\u00f3n de Derechos Humanos del Estado de M\u00e9xico, la Procuradur\u00eda Municipal de Protecci\u00f3n a las Personas Adultas Mayores y la Direcci\u00f3n General del DIF municipal. Los ponentes coincidieron en la urgencia de coordinar capacidades institucionales para erradicar el abandono, la discriminaci\u00f3n y la violencia.<\/p>\n\n\n\n<p class=\"wp-block-paragraph\">Finalmente, el gobierno local reiter\u00f3 que el cuidado integral de los adultos mayores es un eje fundamental de su gesti\u00f3n, promoviendo esquemas multidisciplinarios que faciliten el acceso a la justicia, servicios m\u00e9dicos especializados, acompa\u00f1amiento jur\u00eddico y espacios comunitarios dignos para quienes han contribuido al desarrollo del municipio.<\/p>\n","protected":false},"excerpt":{"rendered":"<p>*El alcalde de Tlalnepantla lider\u00f3 el foro \u00abEscuchar, Reconocer y Actuar: Personas Mayores Libres de Violencia\u00bb, enfoc\u00e1ndose en impulsar pol\u00edticas p\u00fablicas para un envejecimiento digno y seguro. Tlalnepantla de Baz, Estado de M\u00e9xico.- El presidente municipal de Tlalnepantla, Raciel P\u00e9rez Cruz, encabez\u00f3 los trabajos del Foro Regional \u00abEscuchar, Reconocer y Actuar: Personas Mayores Libres de [&hellip;]<\/p>\n","protected":false},"author":6,"featured_media":58329,"comment_status":"closed","ping_status":"closed","sticky":false,"template":"","format":"standard","meta":{"footnotes":""},"categories":[4,79],"tags":[],"class_list":["post-58328","post","type-post","status-publish","format-standard","has-post-thumbnail","hentry","category-locales","category-tlalne"],"yoast_head":"<!-- This site is optimized with the Yoast SEO plugin v28.4 - https:\/\/yoast.com\/product\/yoast-seo-wordpress\/ -->\n<title>ENCABEZA RACIEL P\u00c9REZ CRUZ FORO REGIONAL PARA PROTEGER A LAS PERSONAS MAYORES EN TLALNEPANTLA -<\/title>\n<meta name=\"robots\" content=\"index, follow, max-snippet:-1, max-image-preview:large, max-video-preview:-1\" \/>\n<link rel=\"canonical\" href=\"https:\/\/continuamosmx.com\/index.php\/2026\/09\/04\/encabeza-raciel-perez-cruz-foro-regional-para-proteger-a-las-personas-mayores-en-tlalnepantla\/\" \/>\n<meta property=\"og:locale\" content=\"es_ES\" \/>\n<meta property=\"og:type\" content=\"article\" \/>\n<meta property=\"og:title\" content=\"ENCABEZA RACIEL P\u00c9REZ CRUZ FORO REGIONAL PARA PROTEGER A LAS PERSONAS MAYORES EN TLALNEPANTLA -\" \/>\n<meta property=\"og:description\" content=\"*El alcalde de Tlalnepantla lider\u00f3 el foro \u00abEscuchar, Reconocer y Actuar: Personas Mayores Libres de Violencia\u00bb, enfoc\u00e1ndose en impulsar pol\u00edticas p\u00fablicas para un envejecimiento digno y seguro. Tlalnepantla de Baz, Estado de M\u00e9xico.- El presidente municipal de Tlalnepantla, Raciel P\u00e9rez Cruz, encabez\u00f3 los trabajos del Foro Regional \u00abEscuchar, Reconocer y Actuar: Personas Mayores Libres de [&hellip;]\" \/>\n<meta property=\"og:url\" content=\"https:\/\/continuamosmx.com\/index.php\/2026\/09\/04\/encabeza-raciel-perez-cruz-foro-regional-para-proteger-a-las-personas-mayores-en-tlalnepantla\/\" \/>\n<meta property=\"article:published_time\" content=\"2026-09-04T06:15:16+00:00\" \/>\n<meta property=\"article:modified_time\" content=\"2026-09-04T06:15:17+00:00\" \/>\n<meta property=\"og:image\" content=\"https:\/\/continuamosmx.com\/wp-content\/uploads\/2026\/09\/WhatsApp-Image-2026-09-03-at-8.03.24-PM-2-scaled.jpeg\" \/>\n\t<meta property=\"og:image:width\" content=\"2560\" \/>\n\t<meta property=\"og:image:height\" content=\"1244\" \/>\n\t<meta property=\"og:image:type\" content=\"image\/jpeg\" \/>\n<meta name=\"author\" content=\"Continuamos MX\" \/>\n<meta name=\"twitter:card\" content=\"summary_large_image\" \/>\n<meta name=\"twitter:label1\" content=\"Escrito por\" \/>\n\t<meta name=\"twitter:data1\" content=\"Continuamos MX\" \/>\n\t<meta name=\"twitter:label2\" content=\"Tiempo de lectura\" \/>\n\t<meta name=\"twitter:data2\" content=\"2 minutos\" \/>\n<script type=\"application\/ld+json\" class=\"yoast-schema-graph\">{\"@context\":\"https:\\\/\\\/schema.org\",\"@graph\":[{\"@type\":\"Article\",\"@id\":\"https:\\\/\\\/continuamosmx.com\\\/index.php\\\/2026\\\/09\\\/04\\\/encabeza-raciel-perez-cruz-foro-regional-para-proteger-a-las-personas-mayores-en-tlalnepantla\\\/#article\",\"isPartOf\":{\"@id\":\"https:\\\/\\\/continuamosmx.com\\\/index.php\\\/2026\\\/09\\\/04\\\/encabeza-raciel-perez-cruz-foro-regional-para-proteger-a-las-personas-mayores-en-tlalnepantla\\\/\"},\"author\":{\"name\":\"Continuamos MX\",\"@id\":\"https:\\\/\\\/continuamosmx.com\\\/#\\\/schema\\\/person\\\/5eb5356acb1fad784da407d14f0e8d89\"},\"headline\":\"ENCABEZA RACIEL P\u00c9REZ CRUZ FORO REGIONAL PARA PROTEGER A LAS PERSONAS MAYORES EN TLALNEPANTLA\",\"datePublished\":\"2026-09-04T06:15:16+00:00\",\"dateModified\":\"2026-09-04T06:15:17+00:00\",\"mainEntityOfPage\":{\"@id\":\"https:\\\/\\\/continuamosmx.com\\\/index.php\\\/2026\\\/09\\\/04\\\/encabeza-raciel-perez-cruz-foro-regional-para-proteger-a-las-personas-mayores-en-tlalnepantla\\\/\"},\"wordCount\":305,\"publisher\":{\"@id\":\"https:\\\/\\\/continuamosmx.com\\\/#organization\"},\"image\":{\"@id\":\"https:\\\/\\\/continuamosmx.com\\\/index.php\\\/2026\\\/09\\\/04\\\/encabeza-raciel-perez-cruz-foro-regional-para-proteger-a-las-personas-mayores-en-tlalnepantla\\\/#primaryimage\"},\"thumbnailUrl\":\"https:\\\/\\\/continuamosmx.com\\\/wp-content\\\/uploads\\\/2026\\\/09\\\/WhatsApp-Image-2026-09-03-at-8.03.24-PM-2-scaled.jpeg\",\"articleSection\":[\"LOCALES\",\"TLALNEPANTLA\"],\"inLanguage\":\"es\"},{\"@type\":\"WebPage\",\"@id\":\"https:\\\/\\\/continuamosmx.com\\\/index.php\\\/2026\\\/09\\\/04\\\/encabeza-raciel-perez-cruz-foro-regional-para-proteger-a-las-personas-mayores-en-tlalnepantla\\\/\",\"url\":\"https:\\\/\\\/continuamosmx.com\\\/index.php\\\/2026\\\/09\\\/04\\\/encabeza-raciel-perez-cruz-foro-regional-para-proteger-a-las-personas-mayores-en-tlalnepantla\\\/\",\"name\":\"ENCABEZA RACIEL P\u00c9REZ CRUZ FORO REGIONAL PARA PROTEGER A LAS PERSONAS MAYORES EN TLALNEPANTLA -\",\"isPartOf\":{\"@id\":\"https:\\\/\\\/continuamosmx.com\\\/#website\"},\"primaryImageOfPage\":{\"@id\":\"https:\\\/\\\/continuamosmx.com\\\/index.php\\\/2026\\\/09\\\/04\\\/encabeza-raciel-perez-cruz-foro-regional-para-proteger-a-las-personas-mayores-en-tlalnepantla\\\/#primaryimage\"},\"image\":{\"@id\":\"https:\\\/\\\/continuamosmx.com\\\/index.php\\\/2026\\\/09\\\/04\\\/encabeza-raciel-perez-cruz-foro-regional-para-proteger-a-las-personas-mayores-en-tlalnepantla\\\/#primaryimage\"},\"thumbnailUrl\":\"https:\\\/\\\/continuamosmx.com\\\/wp-content\\\/uploads\\\/2026\\\/09\\\/WhatsApp-Image-2026-09-03-at-8.03.24-PM-2-scaled.jpeg\",\"datePublished\":\"2026-09-04T06:15:16+00:00\",\"dateModified\":\"2026-09-04T06:15:17+00:00\",\"breadcrumb\":{\"@id\":\"https:\\\/\\\/continuamosmx.com\\\/index.php\\\/2026\\\/09\\\/04\\\/encabeza-raciel-perez-cruz-foro-regional-para-proteger-a-las-personas-mayores-en-tlalnepantla\\\/#breadcrumb\"},\"inLanguage\":\"es\",\"potentialAction\":[{\"@type\":\"ReadAction\",\"target\":[\"https:\\\/\\\/continuamosmx.com\\\/index.php\\\/2026\\\/09\\\/04\\\/encabeza-raciel-perez-cruz-foro-regional-para-proteger-a-las-personas-mayores-en-tlalnepantla\\\/\"]}]},{\"@type\":\"ImageObject\",\"inLanguage\":\"es\",\"@id\":\"https:\\\/\\\/continuamosmx.com\\\/index.php\\\/2026\\\/09\\\/04\\\/encabeza-raciel-perez-cruz-foro-regional-para-proteger-a-las-personas-mayores-en-tlalnepantla\\\/#primaryimage\",\"url\":\"https:\\\/\\\/continuamosmx.com\\\/wp-content\\\/uploads\\\/2026\\\/09\\\/WhatsApp-Image-2026-09-03-at-8.03.24-PM-2-scaled.jpeg\",\"contentUrl\":\"https:\\\/\\\/continuamosmx.com\\\/wp-content\\\/uploads\\\/2026\\\/09\\\/WhatsApp-Image-2026-09-03-at-8.03.24-PM-2-scaled.jpeg\",\"width\":2560,\"height\":1244},{\"@type\":\"BreadcrumbList\",\"@id\":\"https:\\\/\\\/continuamosmx.com\\\/index.php\\\/2026\\\/09\\\/04\\\/encabeza-raciel-perez-cruz-foro-regional-para-proteger-a-las-personas-mayores-en-tlalnepantla\\\/#breadcrumb\",\"itemListElement\":[{\"@type\":\"ListItem\",\"position\":1,\"name\":\"Inicio\",\"item\":\"https:\\\/\\\/continuamosmx.com\\\/\"},{\"@type\":\"ListItem\",\"position\":2,\"name\":\"ENCABEZA RACIEL P\u00c9REZ CRUZ FORO REGIONAL PARA PROTEGER A LAS PERSONAS MAYORES EN TLALNEPANTLA\"}]},{\"@type\":\"WebSite\",\"@id\":\"https:\\\/\\\/continuamosmx.com\\\/#website\",\"url\":\"https:\\\/\\\/continuamosmx.com\\\/\",\"name\":\"www.continuamosmx.com\",\"description\":\"\",\"publisher\":{\"@id\":\"https:\\\/\\\/continuamosmx.com\\\/#organization\"},\"potentialAction\":[{\"@type\":\"SearchAction\",\"target\":{\"@type\":\"EntryPoint\",\"urlTemplate\":\"https:\\\/\\\/continuamosmx.com\\\/?s={search_term_string}\"},\"query-input\":{\"@type\":\"PropertyValueSpecification\",\"valueRequired\":true,\"valueName\":\"search_term_string\"}}],\"inLanguage\":\"es\"},{\"@type\":\"Organization\",\"@id\":\"https:\\\/\\\/continuamosmx.com\\\/#organization\",\"name\":\"ContinuamosMX\",\"url\":\"https:\\\/\\\/continuamosmx.com\\\/\",\"logo\":{\"@type\":\"ImageObject\",\"inLanguage\":\"es\",\"@id\":\"https:\\\/\\\/continuamosmx.com\\\/#\\\/schema\\\/logo\\\/image\\\/\",\"url\":\"https:\\\/\\\/continuamosmx.com\\\/wp-content\\\/uploads\\\/2023\\\/04\\\/cropped-LOGO-CONTI-NUEVO.png\",\"contentUrl\":\"https:\\\/\\\/continuamosmx.com\\\/wp-content\\\/uploads\\\/2023\\\/04\\\/cropped-LOGO-CONTI-NUEVO.png\",\"width\":1257,\"height\":430,\"caption\":\"ContinuamosMX\"},\"image\":{\"@id\":\"https:\\\/\\\/continuamosmx.com\\\/#\\\/schema\\\/logo\\\/image\\\/\"}},{\"@type\":\"Person\",\"@id\":\"https:\\\/\\\/continuamosmx.com\\\/#\\\/schema\\\/person\\\/5eb5356acb1fad784da407d14f0e8d89\",\"name\":\"Continuamos MX\",\"image\":{\"@type\":\"ImageObject\",\"inLanguage\":\"es\",\"@id\":\"https:\\\/\\\/secure.gravatar.com\\\/avatar\\\/30d4f9723476a15f4da34d35fb3501f08d2357016c76051c6a85c354c7489589?s=96&d=mm&r=g\",\"url\":\"https:\\\/\\\/secure.gravatar.com\\\/avatar\\\/30d4f9723476a15f4da34d35fb3501f08d2357016c76051c6a85c354c7489589?s=96&d=mm&r=g\",\"contentUrl\":\"https:\\\/\\\/secure.gravatar.com\\\/avatar\\\/30d4f9723476a15f4da34d35fb3501f08d2357016c76051c6a85c354c7489589?s=96&d=mm&r=g\",\"caption\":\"Continuamos MX\"},\"sameAs\":[\"http:\\\/\\\/www.continuamos.mx\"],\"url\":\"https:\\\/\\\/continuamosmx.com\\\/index.php\\\/author\\\/continuamos\\\/\"}]}<\/script>\n<!-- \/ Yoast SEO plugin. -->","yoast_head_json":{"title":"ENCABEZA RACIEL P\u00c9REZ CRUZ FORO REGIONAL PARA PROTEGER A LAS PERSONAS MAYORES EN TLALNEPANTLA -","robots":{"index":"index","follow":"follow","max-snippet":"max-snippet:-1","max-image-preview":"max-image-preview:large","max-video-preview":"max-video-preview:-1"},"canonical":"https:\/\/continuamosmx.com\/index.php\/2026\/09\/04\/encabeza-raciel-perez-cruz-foro-regional-para-proteger-a-las-personas-mayores-en-tlalnepantla\/","og_locale":"es_ES","og_type":"article","og_title":"ENCABEZA RACIEL P\u00c9REZ CRUZ FORO REGIONAL PARA PROTEGER A LAS PERSONAS MAYORES EN TLALNEPANTLA -","og_description":"*El alcalde de Tlalnepantla lider\u00f3 el foro \u00abEscuchar, Reconocer y Actuar: Personas Mayores Libres de Violencia\u00bb, enfoc\u00e1ndose en impulsar pol\u00edticas p\u00fablicas para un envejecimiento digno y seguro. Tlalnepantla de Baz, Estado de M\u00e9xico.- El presidente municipal de Tlalnepantla, Raciel P\u00e9rez Cruz, encabez\u00f3 los trabajos del Foro Regional \u00abEscuchar, Reconocer y Actuar: Personas Mayores Libres de [&hellip;]","og_url":"https:\/\/continuamosmx.com\/index.php\/2026\/09\/04\/encabeza-raciel-perez-cruz-foro-regional-para-proteger-a-las-personas-mayores-en-tlalnepantla\/","article_published_time":"2026-09-04T06:15:16+00:00","article_modified_time":"2026-09-04T06:15:17+00:00","og_image":[{"width":2560,"height":1244,"url":"https:\/\/continuamosmx.com\/wp-content\/uploads\/2026\/09\/WhatsApp-Image-2026-09-03-at-8.03.24-PM-2-scaled.jpeg","type":"image\/jpeg"}],"author":"Continuamos MX","twitter_card":"summary_large_image","twitter_misc":{"Escrito por":"Continuamos MX","Tiempo de lectura":"2 minutos"},"schema":{"@context":"https:\/\/schema.org","@graph":[{"@type":"Article","@id":"https:\/\/continuamosmx.com\/index.php\/2026\/09\/04\/encabeza-raciel-perez-cruz-foro-regional-para-proteger-a-las-personas-mayores-en-tlalnepantla\/#article","isPartOf":{"@id":"https:\/\/continuamosmx.com\/index.php\/2026\/09\/04\/encabeza-raciel-perez-cruz-foro-regional-para-proteger-a-las-personas-mayores-en-tlalnepantla\/"},"author":{"name":"Continuamos MX","@id":"https:\/\/continuamosmx.com\/#\/schema\/person\/5eb5356acb1fad784da407d14f0e8d89"},"headline":"ENCABEZA RACIEL P\u00c9REZ CRUZ FORO REGIONAL PARA PROTEGER A LAS PERSONAS MAYORES EN TLALNEPANTLA","datePublished":"2026-09-04T06:15:16+00:00","dateModified":"2026-09-04T06:15:17+00:00","mainEntityOfPage":{"@id":"https:\/\/continuamosmx.com\/index.php\/2026\/09\/04\/encabeza-raciel-perez-cruz-foro-regional-para-proteger-a-las-personas-mayores-en-tlalnepantla\/"},"wordCount":305,"publisher":{"@id":"https:\/\/continuamosmx.com\/#organization"},"image":{"@id":"https:\/\/continuamosmx.com\/index.php\/2026\/09\/04\/encabeza-raciel-perez-cruz-foro-regional-para-proteger-a-las-personas-mayores-en-tlalnepantla\/#primaryimage"},"thumbnailUrl":"https:\/\/continuamosmx.com\/wp-content\/uploads\/2026\/09\/WhatsApp-Image-2026-09-03-at-8.03.24-PM-2-scaled.jpeg","articleSection":["LOCALES","TLALNEPANTLA"],"inLanguage":"es"},{"@type":"WebPage","@id":"https:\/\/continuamosmx.com\/index.php\/2026\/09\/04\/encabeza-raciel-perez-cruz-foro-regional-para-proteger-a-las-personas-mayores-en-tlalnepantla\/","url":"https:\/\/continuamosmx.com\/index.php\/2026\/09\/04\/encabeza-raciel-perez-cruz-foro-regional-para-proteger-a-las-personas-mayores-en-tlalnepantla\/","name":"ENCABEZA RACIEL P\u00c9REZ CRUZ FORO REGIONAL PARA PROTEGER A LAS PERSONAS MAYORES EN TLALNEPANTLA -","isPartOf":{"@id":"https:\/\/continuamosmx.com\/#website"},"primaryImageOfPage":{"@id":"https:\/\/continuamosmx.com\/index.php\/2026\/09\/04\/encabeza-raciel-perez-cruz-foro-regional-para-proteger-a-las-personas-mayores-en-tlalnepantla\/#primaryimage"},"image":{"@id":"https:\/\/continuamosmx.com\/index.php\/2026\/09\/04\/encabeza-raciel-perez-cruz-foro-regional-para-proteger-a-las-personas-mayores-en-tlalnepantla\/#primaryimage"},"thumbnailUrl":"https:\/\/continuamosmx.com\/wp-content\/uploads\/2026\/09\/WhatsApp-Image-2026-09-03-at-8.03.24-PM-2-scaled.jpeg","datePublished":"2026-09-04T06:15:16+00:00","dateModified":"2026-09-04T06:15:17+00:00","breadcrumb":{"@id":"https:\/\/continuamosmx.com\/index.php\/2026\/09\/04\/encabeza-raciel-perez-cruz-foro-regional-para-proteger-a-las-personas-mayores-en-tlalnepantla\/#breadcrumb"},"inLanguage":"es","potentialAction":[{"@type":"ReadAction","target":["https:\/\/continuamosmx.com\/index.php\/2026\/09\/04\/encabeza-raciel-perez-cruz-foro-regional-para-proteger-a-las-personas-mayores-en-tlalnepantla\/"]}]},{"@type":"ImageObject","inLanguage":"es","@id":"https:\/\/continuamosmx.com\/index.php\/2026\/09\/04\/encabeza-raciel-perez-cruz-foro-regional-para-proteger-a-las-personas-mayores-en-tlalnepantla\/#primaryimage","url":"https:\/\/continuamosmx.com\/wp-content\/uploads\/2026\/09\/WhatsApp-Image-2026-09-03-at-8.03.24-PM-2-scaled.jpeg","contentUrl":"https:\/\/continuamosmx.com\/wp-content\/uploads\/2026\/09\/WhatsApp-Image-2026-09-03-at-8.03.24-PM-2-scaled.jpeg","width":2560,"height":1244},{"@type":"BreadcrumbList","@id":"https:\/\/continuamosmx.com\/index.php\/2026\/09\/04\/encabeza-raciel-perez-cruz-foro-regional-para-proteger-a-las-personas-mayores-en-tlalnepantla\/#breadcrumb","itemListElement":[{"@type":"ListItem","position":1,"name":"Inicio","item":"https:\/\/continuamosmx.com\/"},{"@type":"ListItem","position":2,"name":"ENCABEZA RACIEL P\u00c9REZ CRUZ FORO REGIONAL PARA PROTEGER A LAS PERSONAS MAYORES EN TLALNEPANTLA"}]},{"@type":"WebSite","@id":"https:\/\/continuamosmx.com\/#website","url":"https:\/\/continuamosmx.com\/","name":"www.continuamosmx.com","description":"","publisher":{"@id":"https:\/\/continuamosmx.com\/#organization"},"potentialAction":[{"@type":"SearchAction","target":{"@type":"EntryPoint","urlTemplate":"https:\/\/continuamosmx.com\/?s={search_term_string}"},"query-input":{"@type":"PropertyValueSpecification","valueRequired":true,"valueName":"search_term_string"}}],"inLanguage":"es"},{"@type":"Organization","@id":"https:\/\/continuamosmx.com\/#organization","name":"ContinuamosMX","url":"https:\/\/continuamosmx.com\/","logo":{"@type":"ImageObject","inLanguage":"es","@id":"https:\/\/continuamosmx.com\/#\/schema\/logo\/image\/","url":"https:\/\/continuamosmx.com\/wp-content\/uploads\/2023\/04\/cropped-LOGO-CONTI-NUEVO.png","contentUrl":"https:\/\/continuamosmx.com\/wp-content\/uploads\/2023\/04\/cropped-LOGO-CONTI-NUEVO.png","width":1257,"height":430,"caption":"ContinuamosMX"},"image":{"@id":"https:\/\/continuamosmx.com\/#\/schema\/logo\/image\/"}},{"@type":"Person","@id":"https:\/\/continuamosmx.com\/#\/schema\/person\/5eb5356acb1fad784da407d14f0e8d89","name":"Continuamos MX","image":{"@type":"ImageObject","inLanguage":"es","@id":"https:\/\/secure.gravatar.com\/avatar\/30d4f9723476a15f4da34d35fb3501f08d2357016c76051c6a85c354c7489589?s=96&d=mm&r=g","url":"https:\/\/secure.gravatar.com\/avatar\/30d4f9723476a15f4da34d35fb3501f08d2357016c76051c6a85c354c7489589?s=96&d=mm&r=g","contentUrl":"https:\/\/secure.gravatar.com\/avatar\/30d4f9723476a15f4da34d35fb3501f08d2357016c76051c6a85c354c7489589?s=96&d=mm&r=g","caption":"Continuamos MX"},"sameAs":["http:\/\/www.continuamos.mx"],"url":"https:\/\/continuamosmx.com\/index.php\/author\/continuamos\/"}]}},"_links":{"self":[{"href":"https:\/\/continuamosmx.com\/index.php\/wp-json\/wp\/v2\/posts\/58328","targetHints":{"allow":["GET"]}}],"collection":[{"href":"https:\/\/continuamosmx.com\/index.php\/wp-json\/wp\/v2\/posts"}],"about":[{"href":"https:\/\/continuamosmx.com\/index.php\/wp-json\/wp\/v2\/types\/post"}],"author":[{"embeddable":true,"href":"https:\/\/continuamosmx.com\/index.php\/wp-json\/wp\/v2\/users\/6"}],"replies":[{"embeddable":true,"href":"https:\/\/continuamosmx.com\/index.php\/wp-json\/wp\/v2\/comments?post=58328"}],"version-history":[{"count":1,"href":"https:\/\/continuamosmx.com\/index.php\/wp-json\/wp\/v2\/posts\/58328\/revisions"}],"predecessor-version":[{"id":58330,"href":"https:\/\/continuamosmx.com\/index.php\/wp-json\/wp\/v2\/posts\/58328\/revisions\/58330"}],"wp:featuredmedia":[{"embeddable":true,"href":"https:\/\/continuamosmx.com\/index.php\/wp-json\/wp\/v2\/media\/58329"}],"wp:attachment":[{"href":"https:\/\/continuamosmx.com\/index.php\/wp-json\/wp\/v2\/media?parent=58328"}],"wp:term":[{"taxonomy":"category","embeddable":true,"href":"https:\/\/continuamosmx.com\/index.php\/wp-json\/wp\/v2\/categories?post=58328"},{"taxonomy":"post_tag","embeddable":true,"href":"https:\/\/continuamosmx.com\/index.php\/wp-json\/wp\/v2\/tags?post=58328"}],"curies":[{"name":"wp","href":"https:\/\/api.w.org\/{rel}","templated":true}]}}