{"id":58320,"date":"2026-09-03T20:35:42","date_gmt":"2026-09-04T02:35:42","guid":{"rendered":"https:\/\/continuamosmx.com\/?p=58320"},"modified":"2026-09-03T20:35:42","modified_gmt":"2026-09-04T02:35:42","slug":"gobierno-del-edomex-entrega-protesis-a-103-personas-con-discapacidad-invierte-mas-de-22-millones-de-pesos","status":"publish","type":"post","link":"https:\/\/continuamosmx.com\/index.php\/2026\/09\/03\/gobierno-del-edomex-entrega-protesis-a-103-personas-con-discapacidad-invierte-mas-de-22-millones-de-pesos\/","title":{"rendered":"GOBIERNO DEL EDOM\u00c9X ENTREGA PR\u00d3TESIS A 103 PERSONAS CON DISCAPACIDAD; INVIERTE M\u00c1S DE 22 MILLONES DE PESOS"},"content":{"rendered":"\n<p class=\"wp-block-paragraph\">*<strong>A trav\u00e9s del DIFEM, la administraci\u00f3n estatal benefici\u00f3 a mexiquenses de 37 municipios con ayudas t\u00e9cnicas destinadas a favorecer su rehabilitaci\u00f3n, autonom\u00eda e inclusi\u00f3n en la vida social, laboral y educativa.<\/strong><\/p>\n\n\n\n<p class=\"wp-block-paragraph\"><strong>TOLUCA, Estado de M\u00e9xico.\u2013<\/strong> Con el prop\u00f3sito de impulsar la movilidad, la autonom\u00eda y la inclusi\u00f3n de quienes han perdido alguna extremidad, el Gobierno del Estado de M\u00e9xico destin\u00f3 una inversi\u00f3n superior a los 22 millones de pesos para la entrega regional de ayudas t\u00e9cnicas ortoprot\u00e9sicas a 103 mexiquenses con discapacidad pertenecientes a 37 municipios de la entidad.<\/p>\n\n\n\n<p class=\"wp-block-paragraph\">En coordinaci\u00f3n con el Sistema Nacional DIF, el Sistema para el Desarrollo Integral de la Familia del Estado de M\u00e9xico (DIFEM) concret\u00f3 la entrega de estos dispositivos para contribuir a la rehabilitaci\u00f3n integral de los beneficiarios. Mediante el Programa de Atenci\u00f3n para el Bienestar de Grupos Prioritarios, se facilita el reemplazo de extremidades perdidas a causa de padecimientos como diabetes mellitus, c\u00e1ncer, accidentes o condiciones de nacimiento, un proceso que incluye fases de preparaci\u00f3n, fortalecimiento y adaptaci\u00f3n de pruebas previas a la asignaci\u00f3n definitiva.<\/p>\n\n\n\n<p class=\"wp-block-paragraph\">Durante el acto protocolario, Jorge Juan Villa Mart\u00ednez, Director de Atenci\u00f3n a Personas con Discapacidad del DIFEM, subray\u00f3 el impulso de la administraci\u00f3n estatal para visibilizar la discapacidad y erradicar estereotipos de exclusi\u00f3n. Asimismo, reconoci\u00f3 el papel fundamental de los Sistemas Municipales DIF en la detecci\u00f3n y canalizaci\u00f3n oportuna de los pacientes. Entre los municipios beneficiados figuran Toluca, Nezahualc\u00f3yotl, Naucalpan, Ecatepec, Tlalnepantla, Chimalhuac\u00e1n, Huixquilucan, Atlacomulco, entre otros, consolidando una pol\u00edtica p\u00fablica enfocada en garantizar el pleno desarrollo de los grupos prioritarios en los \u00e1mbitos social, familiar, educativo y laboral.<\/p>\n","protected":false},"excerpt":{"rendered":"<p>*A trav\u00e9s del DIFEM, la administraci\u00f3n estatal benefici\u00f3 a mexiquenses de 37 municipios con ayudas t\u00e9cnicas destinadas a favorecer su rehabilitaci\u00f3n, autonom\u00eda e inclusi\u00f3n en la vida social, laboral y educativa. TOLUCA, Estado de M\u00e9xico.\u2013 Con el prop\u00f3sito de impulsar la movilidad, la autonom\u00eda y la inclusi\u00f3n de quienes han perdido alguna extremidad, el Gobierno [&hellip;]<\/p>\n","protected":false},"author":6,"featured_media":58321,"comment_status":"closed","ping_status":"closed","sticky":false,"template":"","format":"standard","meta":{"footnotes":""},"categories":[2],"tags":[],"class_list":["post-58320","post","type-post","status-publish","format-standard","has-post-thumbnail","hentry","category-edomex"],"yoast_head":"<!-- This site is optimized with the Yoast SEO plugin v28.4 - https:\/\/yoast.com\/product\/yoast-seo-wordpress\/ -->\n<title>GOBIERNO DEL EDOM\u00c9X ENTREGA PR\u00d3TESIS A 103 PERSONAS CON DISCAPACIDAD; INVIERTE M\u00c1S DE 22 MILLONES DE PESOS -<\/title>\n<meta name=\"robots\" content=\"index, follow, max-snippet:-1, max-image-preview:large, max-video-preview:-1\" \/>\n<link rel=\"canonical\" href=\"https:\/\/continuamosmx.com\/index.php\/2026\/09\/03\/gobierno-del-edomex-entrega-protesis-a-103-personas-con-discapacidad-invierte-mas-de-22-millones-de-pesos\/\" \/>\n<meta property=\"og:locale\" content=\"es_ES\" \/>\n<meta property=\"og:type\" content=\"article\" \/>\n<meta property=\"og:title\" content=\"GOBIERNO DEL EDOM\u00c9X ENTREGA PR\u00d3TESIS A 103 PERSONAS CON DISCAPACIDAD; INVIERTE M\u00c1S DE 22 MILLONES DE PESOS -\" \/>\n<meta property=\"og:description\" content=\"*A trav\u00e9s del DIFEM, la administraci\u00f3n estatal benefici\u00f3 a mexiquenses de 37 municipios con ayudas t\u00e9cnicas destinadas a favorecer su rehabilitaci\u00f3n, autonom\u00eda e inclusi\u00f3n en la vida social, laboral y educativa. TOLUCA, Estado de M\u00e9xico.\u2013 Con el prop\u00f3sito de impulsar la movilidad, la autonom\u00eda y la inclusi\u00f3n de quienes han perdido alguna extremidad, el Gobierno [&hellip;]\" \/>\n<meta property=\"og:url\" content=\"https:\/\/continuamosmx.com\/index.php\/2026\/09\/03\/gobierno-del-edomex-entrega-protesis-a-103-personas-con-discapacidad-invierte-mas-de-22-millones-de-pesos\/\" \/>\n<meta property=\"article:published_time\" content=\"2026-09-04T02:35:42+00:00\" \/>\n<meta property=\"og:image\" content=\"https:\/\/continuamosmx.com\/wp-content\/uploads\/2026\/09\/WhatsApp-Image-2026-09-03-at-6.32.57-PM-4.jpeg\" \/>\n\t<meta property=\"og:image:width\" content=\"1165\" \/>\n\t<meta property=\"og:image:height\" content=\"757\" \/>\n\t<meta property=\"og:image:type\" content=\"image\/jpeg\" \/>\n<meta name=\"author\" content=\"Continuamos MX\" \/>\n<meta name=\"twitter:card\" content=\"summary_large_image\" \/>\n<meta name=\"twitter:label1\" content=\"Escrito por\" \/>\n\t<meta name=\"twitter:data1\" content=\"Continuamos MX\" \/>\n\t<meta name=\"twitter:label2\" content=\"Tiempo de lectura\" \/>\n\t<meta name=\"twitter:data2\" content=\"2 minutos\" \/>\n<script type=\"application\/ld+json\" class=\"yoast-schema-graph\">{\"@context\":\"https:\\\/\\\/schema.org\",\"@graph\":[{\"@type\":\"Article\",\"@id\":\"https:\\\/\\\/continuamosmx.com\\\/index.php\\\/2026\\\/09\\\/03\\\/gobierno-del-edomex-entrega-protesis-a-103-personas-con-discapacidad-invierte-mas-de-22-millones-de-pesos\\\/#article\",\"isPartOf\":{\"@id\":\"https:\\\/\\\/continuamosmx.com\\\/index.php\\\/2026\\\/09\\\/03\\\/gobierno-del-edomex-entrega-protesis-a-103-personas-con-discapacidad-invierte-mas-de-22-millones-de-pesos\\\/\"},\"author\":{\"name\":\"Continuamos MX\",\"@id\":\"https:\\\/\\\/continuamosmx.com\\\/#\\\/schema\\\/person\\\/5eb5356acb1fad784da407d14f0e8d89\"},\"headline\":\"GOBIERNO DEL EDOM\u00c9X ENTREGA PR\u00d3TESIS A 103 PERSONAS CON DISCAPACIDAD; INVIERTE M\u00c1S DE 22 MILLONES DE PESOS\",\"datePublished\":\"2026-09-04T02:35:42+00:00\",\"mainEntityOfPage\":{\"@id\":\"https:\\\/\\\/continuamosmx.com\\\/index.php\\\/2026\\\/09\\\/03\\\/gobierno-del-edomex-entrega-protesis-a-103-personas-con-discapacidad-invierte-mas-de-22-millones-de-pesos\\\/\"},\"wordCount\":308,\"publisher\":{\"@id\":\"https:\\\/\\\/continuamosmx.com\\\/#organization\"},\"image\":{\"@id\":\"https:\\\/\\\/continuamosmx.com\\\/index.php\\\/2026\\\/09\\\/03\\\/gobierno-del-edomex-entrega-protesis-a-103-personas-con-discapacidad-invierte-mas-de-22-millones-de-pesos\\\/#primaryimage\"},\"thumbnailUrl\":\"https:\\\/\\\/continuamosmx.com\\\/wp-content\\\/uploads\\\/2026\\\/09\\\/WhatsApp-Image-2026-09-03-at-6.32.57-PM-4.jpeg\",\"articleSection\":[\"EDOMEX\"],\"inLanguage\":\"es\"},{\"@type\":\"WebPage\",\"@id\":\"https:\\\/\\\/continuamosmx.com\\\/index.php\\\/2026\\\/09\\\/03\\\/gobierno-del-edomex-entrega-protesis-a-103-personas-con-discapacidad-invierte-mas-de-22-millones-de-pesos\\\/\",\"url\":\"https:\\\/\\\/continuamosmx.com\\\/index.php\\\/2026\\\/09\\\/03\\\/gobierno-del-edomex-entrega-protesis-a-103-personas-con-discapacidad-invierte-mas-de-22-millones-de-pesos\\\/\",\"name\":\"GOBIERNO DEL EDOM\u00c9X ENTREGA PR\u00d3TESIS A 103 PERSONAS CON DISCAPACIDAD; INVIERTE M\u00c1S DE 22 MILLONES DE PESOS -\",\"isPartOf\":{\"@id\":\"https:\\\/\\\/continuamosmx.com\\\/#website\"},\"primaryImageOfPage\":{\"@id\":\"https:\\\/\\\/continuamosmx.com\\\/index.php\\\/2026\\\/09\\\/03\\\/gobierno-del-edomex-entrega-protesis-a-103-personas-con-discapacidad-invierte-mas-de-22-millones-de-pesos\\\/#primaryimage\"},\"image\":{\"@id\":\"https:\\\/\\\/continuamosmx.com\\\/index.php\\\/2026\\\/09\\\/03\\\/gobierno-del-edomex-entrega-protesis-a-103-personas-con-discapacidad-invierte-mas-de-22-millones-de-pesos\\\/#primaryimage\"},\"thumbnailUrl\":\"https:\\\/\\\/continuamosmx.com\\\/wp-content\\\/uploads\\\/2026\\\/09\\\/WhatsApp-Image-2026-09-03-at-6.32.57-PM-4.jpeg\",\"datePublished\":\"2026-09-04T02:35:42+00:00\",\"breadcrumb\":{\"@id\":\"https:\\\/\\\/continuamosmx.com\\\/index.php\\\/2026\\\/09\\\/03\\\/gobierno-del-edomex-entrega-protesis-a-103-personas-con-discapacidad-invierte-mas-de-22-millones-de-pesos\\\/#breadcrumb\"},\"inLanguage\":\"es\",\"potentialAction\":[{\"@type\":\"ReadAction\",\"target\":[\"https:\\\/\\\/continuamosmx.com\\\/index.php\\\/2026\\\/09\\\/03\\\/gobierno-del-edomex-entrega-protesis-a-103-personas-con-discapacidad-invierte-mas-de-22-millones-de-pesos\\\/\"]}]},{\"@type\":\"ImageObject\",\"inLanguage\":\"es\",\"@id\":\"https:\\\/\\\/continuamosmx.com\\\/index.php\\\/2026\\\/09\\\/03\\\/gobierno-del-edomex-entrega-protesis-a-103-personas-con-discapacidad-invierte-mas-de-22-millones-de-pesos\\\/#primaryimage\",\"url\":\"https:\\\/\\\/continuamosmx.com\\\/wp-content\\\/uploads\\\/2026\\\/09\\\/WhatsApp-Image-2026-09-03-at-6.32.57-PM-4.jpeg\",\"contentUrl\":\"https:\\\/\\\/continuamosmx.com\\\/wp-content\\\/uploads\\\/2026\\\/09\\\/WhatsApp-Image-2026-09-03-at-6.32.57-PM-4.jpeg\",\"width\":1165,\"height\":757},{\"@type\":\"BreadcrumbList\",\"@id\":\"https:\\\/\\\/continuamosmx.com\\\/index.php\\\/2026\\\/09\\\/03\\\/gobierno-del-edomex-entrega-protesis-a-103-personas-con-discapacidad-invierte-mas-de-22-millones-de-pesos\\\/#breadcrumb\",\"itemListElement\":[{\"@type\":\"ListItem\",\"position\":1,\"name\":\"Inicio\",\"item\":\"https:\\\/\\\/continuamosmx.com\\\/\"},{\"@type\":\"ListItem\",\"position\":2,\"name\":\"GOBIERNO DEL EDOM\u00c9X ENTREGA PR\u00d3TESIS A 103 PERSONAS CON DISCAPACIDAD; INVIERTE M\u00c1S DE 22 MILLONES DE PESOS\"}]},{\"@type\":\"WebSite\",\"@id\":\"https:\\\/\\\/continuamosmx.com\\\/#website\",\"url\":\"https:\\\/\\\/continuamosmx.com\\\/\",\"name\":\"www.continuamosmx.com\",\"description\":\"\",\"publisher\":{\"@id\":\"https:\\\/\\\/continuamosmx.com\\\/#organization\"},\"potentialAction\":[{\"@type\":\"SearchAction\",\"target\":{\"@type\":\"EntryPoint\",\"urlTemplate\":\"https:\\\/\\\/continuamosmx.com\\\/?s={search_term_string}\"},\"query-input\":{\"@type\":\"PropertyValueSpecification\",\"valueRequired\":true,\"valueName\":\"search_term_string\"}}],\"inLanguage\":\"es\"},{\"@type\":\"Organization\",\"@id\":\"https:\\\/\\\/continuamosmx.com\\\/#organization\",\"name\":\"ContinuamosMX\",\"url\":\"https:\\\/\\\/continuamosmx.com\\\/\",\"logo\":{\"@type\":\"ImageObject\",\"inLanguage\":\"es\",\"@id\":\"https:\\\/\\\/continuamosmx.com\\\/#\\\/schema\\\/logo\\\/image\\\/\",\"url\":\"https:\\\/\\\/continuamosmx.com\\\/wp-content\\\/uploads\\\/2023\\\/04\\\/cropped-LOGO-CONTI-NUEVO.png\",\"contentUrl\":\"https:\\\/\\\/continuamosmx.com\\\/wp-content\\\/uploads\\\/2023\\\/04\\\/cropped-LOGO-CONTI-NUEVO.png\",\"width\":1257,\"height\":430,\"caption\":\"ContinuamosMX\"},\"image\":{\"@id\":\"https:\\\/\\\/continuamosmx.com\\\/#\\\/schema\\\/logo\\\/image\\\/\"}},{\"@type\":\"Person\",\"@id\":\"https:\\\/\\\/continuamosmx.com\\\/#\\\/schema\\\/person\\\/5eb5356acb1fad784da407d14f0e8d89\",\"name\":\"Continuamos MX\",\"image\":{\"@type\":\"ImageObject\",\"inLanguage\":\"es\",\"@id\":\"https:\\\/\\\/secure.gravatar.com\\\/avatar\\\/30d4f9723476a15f4da34d35fb3501f08d2357016c76051c6a85c354c7489589?s=96&d=mm&r=g\",\"url\":\"https:\\\/\\\/secure.gravatar.com\\\/avatar\\\/30d4f9723476a15f4da34d35fb3501f08d2357016c76051c6a85c354c7489589?s=96&d=mm&r=g\",\"contentUrl\":\"https:\\\/\\\/secure.gravatar.com\\\/avatar\\\/30d4f9723476a15f4da34d35fb3501f08d2357016c76051c6a85c354c7489589?s=96&d=mm&r=g\",\"caption\":\"Continuamos MX\"},\"sameAs\":[\"http:\\\/\\\/www.continuamos.mx\"],\"url\":\"https:\\\/\\\/continuamosmx.com\\\/index.php\\\/author\\\/continuamos\\\/\"}]}<\/script>\n<!-- \/ Yoast SEO plugin. -->","yoast_head_json":{"title":"GOBIERNO DEL EDOM\u00c9X ENTREGA PR\u00d3TESIS A 103 PERSONAS CON DISCAPACIDAD; INVIERTE M\u00c1S DE 22 MILLONES DE PESOS -","robots":{"index":"index","follow":"follow","max-snippet":"max-snippet:-1","max-image-preview":"max-image-preview:large","max-video-preview":"max-video-preview:-1"},"canonical":"https:\/\/continuamosmx.com\/index.php\/2026\/09\/03\/gobierno-del-edomex-entrega-protesis-a-103-personas-con-discapacidad-invierte-mas-de-22-millones-de-pesos\/","og_locale":"es_ES","og_type":"article","og_title":"GOBIERNO DEL EDOM\u00c9X ENTREGA PR\u00d3TESIS A 103 PERSONAS CON DISCAPACIDAD; INVIERTE M\u00c1S DE 22 MILLONES DE PESOS -","og_description":"*A trav\u00e9s del DIFEM, la administraci\u00f3n estatal benefici\u00f3 a mexiquenses de 37 municipios con ayudas t\u00e9cnicas destinadas a favorecer su rehabilitaci\u00f3n, autonom\u00eda e inclusi\u00f3n en la vida social, laboral y educativa. TOLUCA, Estado de M\u00e9xico.\u2013 Con el prop\u00f3sito de impulsar la movilidad, la autonom\u00eda y la inclusi\u00f3n de quienes han perdido alguna extremidad, el Gobierno [&hellip;]","og_url":"https:\/\/continuamosmx.com\/index.php\/2026\/09\/03\/gobierno-del-edomex-entrega-protesis-a-103-personas-con-discapacidad-invierte-mas-de-22-millones-de-pesos\/","article_published_time":"2026-09-04T02:35:42+00:00","og_image":[{"width":1165,"height":757,"url":"https:\/\/continuamosmx.com\/wp-content\/uploads\/2026\/09\/WhatsApp-Image-2026-09-03-at-6.32.57-PM-4.jpeg","type":"image\/jpeg"}],"author":"Continuamos MX","twitter_card":"summary_large_image","twitter_misc":{"Escrito por":"Continuamos MX","Tiempo de lectura":"2 minutos"},"schema":{"@context":"https:\/\/schema.org","@graph":[{"@type":"Article","@id":"https:\/\/continuamosmx.com\/index.php\/2026\/09\/03\/gobierno-del-edomex-entrega-protesis-a-103-personas-con-discapacidad-invierte-mas-de-22-millones-de-pesos\/#article","isPartOf":{"@id":"https:\/\/continuamosmx.com\/index.php\/2026\/09\/03\/gobierno-del-edomex-entrega-protesis-a-103-personas-con-discapacidad-invierte-mas-de-22-millones-de-pesos\/"},"author":{"name":"Continuamos MX","@id":"https:\/\/continuamosmx.com\/#\/schema\/person\/5eb5356acb1fad784da407d14f0e8d89"},"headline":"GOBIERNO DEL EDOM\u00c9X ENTREGA PR\u00d3TESIS A 103 PERSONAS CON DISCAPACIDAD; INVIERTE M\u00c1S DE 22 MILLONES DE PESOS","datePublished":"2026-09-04T02:35:42+00:00","mainEntityOfPage":{"@id":"https:\/\/continuamosmx.com\/index.php\/2026\/09\/03\/gobierno-del-edomex-entrega-protesis-a-103-personas-con-discapacidad-invierte-mas-de-22-millones-de-pesos\/"},"wordCount":308,"publisher":{"@id":"https:\/\/continuamosmx.com\/#organization"},"image":{"@id":"https:\/\/continuamosmx.com\/index.php\/2026\/09\/03\/gobierno-del-edomex-entrega-protesis-a-103-personas-con-discapacidad-invierte-mas-de-22-millones-de-pesos\/#primaryimage"},"thumbnailUrl":"https:\/\/continuamosmx.com\/wp-content\/uploads\/2026\/09\/WhatsApp-Image-2026-09-03-at-6.32.57-PM-4.jpeg","articleSection":["EDOMEX"],"inLanguage":"es"},{"@type":"WebPage","@id":"https:\/\/continuamosmx.com\/index.php\/2026\/09\/03\/gobierno-del-edomex-entrega-protesis-a-103-personas-con-discapacidad-invierte-mas-de-22-millones-de-pesos\/","url":"https:\/\/continuamosmx.com\/index.php\/2026\/09\/03\/gobierno-del-edomex-entrega-protesis-a-103-personas-con-discapacidad-invierte-mas-de-22-millones-de-pesos\/","name":"GOBIERNO DEL EDOM\u00c9X ENTREGA PR\u00d3TESIS A 103 PERSONAS CON DISCAPACIDAD; INVIERTE M\u00c1S DE 22 MILLONES DE PESOS -","isPartOf":{"@id":"https:\/\/continuamosmx.com\/#website"},"primaryImageOfPage":{"@id":"https:\/\/continuamosmx.com\/index.php\/2026\/09\/03\/gobierno-del-edomex-entrega-protesis-a-103-personas-con-discapacidad-invierte-mas-de-22-millones-de-pesos\/#primaryimage"},"image":{"@id":"https:\/\/continuamosmx.com\/index.php\/2026\/09\/03\/gobierno-del-edomex-entrega-protesis-a-103-personas-con-discapacidad-invierte-mas-de-22-millones-de-pesos\/#primaryimage"},"thumbnailUrl":"https:\/\/continuamosmx.com\/wp-content\/uploads\/2026\/09\/WhatsApp-Image-2026-09-03-at-6.32.57-PM-4.jpeg","datePublished":"2026-09-04T02:35:42+00:00","breadcrumb":{"@id":"https:\/\/continuamosmx.com\/index.php\/2026\/09\/03\/gobierno-del-edomex-entrega-protesis-a-103-personas-con-discapacidad-invierte-mas-de-22-millones-de-pesos\/#breadcrumb"},"inLanguage":"es","potentialAction":[{"@type":"ReadAction","target":["https:\/\/continuamosmx.com\/index.php\/2026\/09\/03\/gobierno-del-edomex-entrega-protesis-a-103-personas-con-discapacidad-invierte-mas-de-22-millones-de-pesos\/"]}]},{"@type":"ImageObject","inLanguage":"es","@id":"https:\/\/continuamosmx.com\/index.php\/2026\/09\/03\/gobierno-del-edomex-entrega-protesis-a-103-personas-con-discapacidad-invierte-mas-de-22-millones-de-pesos\/#primaryimage","url":"https:\/\/continuamosmx.com\/wp-content\/uploads\/2026\/09\/WhatsApp-Image-2026-09-03-at-6.32.57-PM-4.jpeg","contentUrl":"https:\/\/continuamosmx.com\/wp-content\/uploads\/2026\/09\/WhatsApp-Image-2026-09-03-at-6.32.57-PM-4.jpeg","width":1165,"height":757},{"@type":"BreadcrumbList","@id":"https:\/\/continuamosmx.com\/index.php\/2026\/09\/03\/gobierno-del-edomex-entrega-protesis-a-103-personas-con-discapacidad-invierte-mas-de-22-millones-de-pesos\/#breadcrumb","itemListElement":[{"@type":"ListItem","position":1,"name":"Inicio","item":"https:\/\/continuamosmx.com\/"},{"@type":"ListItem","position":2,"name":"GOBIERNO DEL EDOM\u00c9X ENTREGA PR\u00d3TESIS A 103 PERSONAS CON DISCAPACIDAD; INVIERTE M\u00c1S DE 22 MILLONES DE PESOS"}]},{"@type":"WebSite","@id":"https:\/\/continuamosmx.com\/#website","url":"https:\/\/continuamosmx.com\/","name":"www.continuamosmx.com","description":"","publisher":{"@id":"https:\/\/continuamosmx.com\/#organization"},"potentialAction":[{"@type":"SearchAction","target":{"@type":"EntryPoint","urlTemplate":"https:\/\/continuamosmx.com\/?s={search_term_string}"},"query-input":{"@type":"PropertyValueSpecification","valueRequired":true,"valueName":"search_term_string"}}],"inLanguage":"es"},{"@type":"Organization","@id":"https:\/\/continuamosmx.com\/#organization","name":"ContinuamosMX","url":"https:\/\/continuamosmx.com\/","logo":{"@type":"ImageObject","inLanguage":"es","@id":"https:\/\/continuamosmx.com\/#\/schema\/logo\/image\/","url":"https:\/\/continuamosmx.com\/wp-content\/uploads\/2023\/04\/cropped-LOGO-CONTI-NUEVO.png","contentUrl":"https:\/\/continuamosmx.com\/wp-content\/uploads\/2023\/04\/cropped-LOGO-CONTI-NUEVO.png","width":1257,"height":430,"caption":"ContinuamosMX"},"image":{"@id":"https:\/\/continuamosmx.com\/#\/schema\/logo\/image\/"}},{"@type":"Person","@id":"https:\/\/continuamosmx.com\/#\/schema\/person\/5eb5356acb1fad784da407d14f0e8d89","name":"Continuamos MX","image":{"@type":"ImageObject","inLanguage":"es","@id":"https:\/\/secure.gravatar.com\/avatar\/30d4f9723476a15f4da34d35fb3501f08d2357016c76051c6a85c354c7489589?s=96&d=mm&r=g","url":"https:\/\/secure.gravatar.com\/avatar\/30d4f9723476a15f4da34d35fb3501f08d2357016c76051c6a85c354c7489589?s=96&d=mm&r=g","contentUrl":"https:\/\/secure.gravatar.com\/avatar\/30d4f9723476a15f4da34d35fb3501f08d2357016c76051c6a85c354c7489589?s=96&d=mm&r=g","caption":"Continuamos MX"},"sameAs":["http:\/\/www.continuamos.mx"],"url":"https:\/\/continuamosmx.com\/index.php\/author\/continuamos\/"}]}},"_links":{"self":[{"href":"https:\/\/continuamosmx.com\/index.php\/wp-json\/wp\/v2\/posts\/58320","targetHints":{"allow":["GET"]}}],"collection":[{"href":"https:\/\/continuamosmx.com\/index.php\/wp-json\/wp\/v2\/posts"}],"about":[{"href":"https:\/\/continuamosmx.com\/index.php\/wp-json\/wp\/v2\/types\/post"}],"author":[{"embeddable":true,"href":"https:\/\/continuamosmx.com\/index.php\/wp-json\/wp\/v2\/users\/6"}],"replies":[{"embeddable":true,"href":"https:\/\/continuamosmx.com\/index.php\/wp-json\/wp\/v2\/comments?post=58320"}],"version-history":[{"count":1,"href":"https:\/\/continuamosmx.com\/index.php\/wp-json\/wp\/v2\/posts\/58320\/revisions"}],"predecessor-version":[{"id":58322,"href":"https:\/\/continuamosmx.com\/index.php\/wp-json\/wp\/v2\/posts\/58320\/revisions\/58322"}],"wp:featuredmedia":[{"embeddable":true,"href":"https:\/\/continuamosmx.com\/index.php\/wp-json\/wp\/v2\/media\/58321"}],"wp:attachment":[{"href":"https:\/\/continuamosmx.com\/index.php\/wp-json\/wp\/v2\/media?parent=58320"}],"wp:term":[{"taxonomy":"category","embeddable":true,"href":"https:\/\/continuamosmx.com\/index.php\/wp-json\/wp\/v2\/categories?post=58320"},{"taxonomy":"post_tag","embeddable":true,"href":"https:\/\/continuamosmx.com\/index.php\/wp-json\/wp\/v2\/tags?post=58320"}],"curies":[{"name":"wp","href":"https:\/\/api.w.org\/{rel}","templated":true}]}}