{"id":58314,"date":"2026-09-03T20:14:09","date_gmt":"2026-09-04T02:14:09","guid":{"rendered":"https:\/\/continuamosmx.com\/?p=58314"},"modified":"2026-09-03T20:21:58","modified_gmt":"2026-09-04T02:21:58","slug":"58314","status":"publish","type":"post","link":"https:\/\/continuamosmx.com\/index.php\/2026\/09\/03\/58314\/","title":{"rendered":"GOBERNADORA DELFINA GOM\u00c9Z RECONOCE TRANSFORMACI\u00d3N DEL PODER JUDICIAL"},"content":{"rendered":"\n<p class=\"wp-block-paragraph\">*<strong>Durante el Primer Informe de Actividades del Presidente del Poder Judicial, H\u00e9ctor Macedo Garc\u00eda, la Mandataria estatal refrend\u00f3 su respaldo institucional para consolidar una impartici\u00f3n de justicia pronta, expedita, imparcial y con pleno respeto a la autonom\u00eda de poderes.<\/strong><\/p>\n\n\n\n<p class=\"wp-block-paragraph\"><strong>TEXCOCO, Estado de M\u00e9xico.\u2013<\/strong> La Gobernadora Delfina G\u00f3mez \u00c1lvarez reconoci\u00f3 la transformaci\u00f3n que vive el Poder Judicial del Estado de M\u00e9xico y refrend\u00f3 el respaldo de su administraci\u00f3n para avanzar hacia una justicia m\u00e1s cercana a la ciudadan\u00eda. En el marco del Primer Informe de Actividades 2025-2026 del Magistrado H\u00e9ctor Macedo Garc\u00eda, Presidente del Tribunal Superior de Justicia, la Mandataria destac\u00f3 que acercar los servicios judiciales, incorporar nuevas tecnolog\u00edas y mantener la coordinaci\u00f3n permite responder eficazmente a las familias mexiquenses.<\/p>\n\n\n\n<p class=\"wp-block-paragraph\">Durante la Sesi\u00f3n Extraordinaria, P\u00fablica, Solemne y Conjunta de los Plenos celebrada en el Centro Cultural Mexiquense Bicentenario, la Gobernadora subray\u00f3 que la rendici\u00f3n de cuentas fortalece el Estado de derecho. Asimismo, resalt\u00f3 resultados clave como el programa \u00abJusticia Casa por Casa\u00bb, que benefici\u00f3 a cerca de 4 mil hogares en Cuautitl\u00e1n Izcalli y Naucalpan, adem\u00e1s de las audiencias ciudadanas, las videoconferencias CONTIGO y la Alianza Pro Bono para asesor\u00eda gratuita.<\/p>\n\n\n\n<p class=\"wp-block-paragraph\">En materia tecnol\u00f3gica, destac\u00f3 que el Tribunal Electr\u00f3nico atendi\u00f3 a m\u00e1s de 170 mil personas usuarias, y valor\u00f3 el uso de herramientas basadas en inteligencia artificial, como el Int\u00e9rprete de Sentencias, que tradujo mil 401 resoluciones a lenguaje ciudadano. G\u00f3mez \u00c1lvarez tambi\u00e9n enfatiz\u00f3 la relevancia de la reforma constitucional del Juzgado LIBRE para proteger a mujeres, ni\u00f1as y adolescentes, as\u00ed como la incidencia de la Mesa de Paz en la disminuci\u00f3n del 30 por ciento en delitos de alto impacto durante el primer semestre de 2026, seg\u00fan report\u00f3 el Magistrado Presidente.<\/p>\n\n\n\n<p class=\"wp-block-paragraph\">Al evento acudieron representantes del Poder Legislativo, integrantes del Gabinete Legal y Ampliado, autoridades municipales y miembros de la Mesa de Paz.<\/p>\n","protected":false},"excerpt":{"rendered":"<p>*Durante el Primer Informe de Actividades del Presidente del Poder Judicial, H\u00e9ctor Macedo Garc\u00eda, la Mandataria estatal refrend\u00f3 su respaldo institucional para consolidar una impartici\u00f3n de justicia pronta, expedita, imparcial y con pleno respeto a la autonom\u00eda de poderes. TEXCOCO, Estado de M\u00e9xico.\u2013 La Gobernadora Delfina G\u00f3mez \u00c1lvarez reconoci\u00f3 la transformaci\u00f3n que vive el Poder [&hellip;]<\/p>\n","protected":false},"author":6,"featured_media":58318,"comment_status":"closed","ping_status":"closed","sticky":false,"template":"","format":"standard","meta":{"footnotes":""},"categories":[2],"tags":[],"class_list":["post-58314","post","type-post","status-publish","format-standard","has-post-thumbnail","hentry","category-edomex"],"yoast_head":"<!-- This site is optimized with the Yoast SEO plugin v28.4 - https:\/\/yoast.com\/product\/yoast-seo-wordpress\/ -->\n<title>GOBERNADORA DELFINA GOM\u00c9Z RECONOCE TRANSFORMACI\u00d3N DEL PODER JUDICIAL -<\/title>\n<meta name=\"robots\" content=\"index, follow, max-snippet:-1, max-image-preview:large, max-video-preview:-1\" \/>\n<link rel=\"canonical\" href=\"https:\/\/continuamosmx.com\/index.php\/2026\/09\/03\/58314\/\" \/>\n<meta property=\"og:locale\" content=\"es_ES\" \/>\n<meta property=\"og:type\" content=\"article\" \/>\n<meta property=\"og:title\" content=\"GOBERNADORA DELFINA GOM\u00c9Z RECONOCE TRANSFORMACI\u00d3N DEL PODER JUDICIAL -\" \/>\n<meta property=\"og:description\" content=\"*Durante el Primer Informe de Actividades del Presidente del Poder Judicial, H\u00e9ctor Macedo Garc\u00eda, la Mandataria estatal refrend\u00f3 su respaldo institucional para consolidar una impartici\u00f3n de justicia pronta, expedita, imparcial y con pleno respeto a la autonom\u00eda de poderes. TEXCOCO, Estado de M\u00e9xico.\u2013 La Gobernadora Delfina G\u00f3mez \u00c1lvarez reconoci\u00f3 la transformaci\u00f3n que vive el Poder [&hellip;]\" \/>\n<meta property=\"og:url\" content=\"https:\/\/continuamosmx.com\/index.php\/2026\/09\/03\/58314\/\" \/>\n<meta property=\"article:published_time\" content=\"2026-09-04T02:14:09+00:00\" \/>\n<meta property=\"article:modified_time\" content=\"2026-09-04T02:21:58+00:00\" \/>\n<meta property=\"og:image\" content=\"https:\/\/continuamosmx.com\/wp-content\/uploads\/2026\/09\/WhatsApp-Image-2026-09-03-at-6.32.57-PM-3.jpeg\" \/>\n\t<meta property=\"og:image:width\" content=\"1279\" \/>\n\t<meta property=\"og:image:height\" content=\"853\" \/>\n\t<meta property=\"og:image:type\" content=\"image\/jpeg\" \/>\n<meta name=\"author\" content=\"Continuamos MX\" \/>\n<meta name=\"twitter:card\" content=\"summary_large_image\" \/>\n<meta name=\"twitter:label1\" content=\"Escrito por\" \/>\n\t<meta name=\"twitter:data1\" content=\"Continuamos MX\" \/>\n\t<meta name=\"twitter:label2\" content=\"Tiempo de lectura\" \/>\n\t<meta name=\"twitter:data2\" content=\"2 minutos\" \/>\n<script type=\"application\/ld+json\" class=\"yoast-schema-graph\">{\"@context\":\"https:\\\/\\\/schema.org\",\"@graph\":[{\"@type\":\"Article\",\"@id\":\"https:\\\/\\\/continuamosmx.com\\\/index.php\\\/2026\\\/09\\\/03\\\/58314\\\/#article\",\"isPartOf\":{\"@id\":\"https:\\\/\\\/continuamosmx.com\\\/index.php\\\/2026\\\/09\\\/03\\\/58314\\\/\"},\"author\":{\"name\":\"Continuamos MX\",\"@id\":\"https:\\\/\\\/continuamosmx.com\\\/#\\\/schema\\\/person\\\/5eb5356acb1fad784da407d14f0e8d89\"},\"headline\":\"GOBERNADORA DELFINA GOM\u00c9Z RECONOCE TRANSFORMACI\u00d3N DEL PODER JUDICIAL\",\"datePublished\":\"2026-09-04T02:14:09+00:00\",\"dateModified\":\"2026-09-04T02:21:58+00:00\",\"mainEntityOfPage\":{\"@id\":\"https:\\\/\\\/continuamosmx.com\\\/index.php\\\/2026\\\/09\\\/03\\\/58314\\\/\"},\"wordCount\":338,\"publisher\":{\"@id\":\"https:\\\/\\\/continuamosmx.com\\\/#organization\"},\"image\":{\"@id\":\"https:\\\/\\\/continuamosmx.com\\\/index.php\\\/2026\\\/09\\\/03\\\/58314\\\/#primaryimage\"},\"thumbnailUrl\":\"https:\\\/\\\/continuamosmx.com\\\/wp-content\\\/uploads\\\/2026\\\/09\\\/WhatsApp-Image-2026-09-03-at-6.32.57-PM-3.jpeg\",\"articleSection\":[\"EDOMEX\"],\"inLanguage\":\"es\"},{\"@type\":\"WebPage\",\"@id\":\"https:\\\/\\\/continuamosmx.com\\\/index.php\\\/2026\\\/09\\\/03\\\/58314\\\/\",\"url\":\"https:\\\/\\\/continuamosmx.com\\\/index.php\\\/2026\\\/09\\\/03\\\/58314\\\/\",\"name\":\"GOBERNADORA DELFINA GOM\u00c9Z RECONOCE TRANSFORMACI\u00d3N DEL PODER JUDICIAL -\",\"isPartOf\":{\"@id\":\"https:\\\/\\\/continuamosmx.com\\\/#website\"},\"primaryImageOfPage\":{\"@id\":\"https:\\\/\\\/continuamosmx.com\\\/index.php\\\/2026\\\/09\\\/03\\\/58314\\\/#primaryimage\"},\"image\":{\"@id\":\"https:\\\/\\\/continuamosmx.com\\\/index.php\\\/2026\\\/09\\\/03\\\/58314\\\/#primaryimage\"},\"thumbnailUrl\":\"https:\\\/\\\/continuamosmx.com\\\/wp-content\\\/uploads\\\/2026\\\/09\\\/WhatsApp-Image-2026-09-03-at-6.32.57-PM-3.jpeg\",\"datePublished\":\"2026-09-04T02:14:09+00:00\",\"dateModified\":\"2026-09-04T02:21:58+00:00\",\"breadcrumb\":{\"@id\":\"https:\\\/\\\/continuamosmx.com\\\/index.php\\\/2026\\\/09\\\/03\\\/58314\\\/#breadcrumb\"},\"inLanguage\":\"es\",\"potentialAction\":[{\"@type\":\"ReadAction\",\"target\":[\"https:\\\/\\\/continuamosmx.com\\\/index.php\\\/2026\\\/09\\\/03\\\/58314\\\/\"]}]},{\"@type\":\"ImageObject\",\"inLanguage\":\"es\",\"@id\":\"https:\\\/\\\/continuamosmx.com\\\/index.php\\\/2026\\\/09\\\/03\\\/58314\\\/#primaryimage\",\"url\":\"https:\\\/\\\/continuamosmx.com\\\/wp-content\\\/uploads\\\/2026\\\/09\\\/WhatsApp-Image-2026-09-03-at-6.32.57-PM-3.jpeg\",\"contentUrl\":\"https:\\\/\\\/continuamosmx.com\\\/wp-content\\\/uploads\\\/2026\\\/09\\\/WhatsApp-Image-2026-09-03-at-6.32.57-PM-3.jpeg\",\"width\":1279,\"height\":853},{\"@type\":\"BreadcrumbList\",\"@id\":\"https:\\\/\\\/continuamosmx.com\\\/index.php\\\/2026\\\/09\\\/03\\\/58314\\\/#breadcrumb\",\"itemListElement\":[{\"@type\":\"ListItem\",\"position\":1,\"name\":\"Inicio\",\"item\":\"https:\\\/\\\/continuamosmx.com\\\/\"},{\"@type\":\"ListItem\",\"position\":2,\"name\":\"GOBERNADORA DELFINA GOM\u00c9Z RECONOCE TRANSFORMACI\u00d3N DEL PODER JUDICIAL\"}]},{\"@type\":\"WebSite\",\"@id\":\"https:\\\/\\\/continuamosmx.com\\\/#website\",\"url\":\"https:\\\/\\\/continuamosmx.com\\\/\",\"name\":\"www.continuamosmx.com\",\"description\":\"\",\"publisher\":{\"@id\":\"https:\\\/\\\/continuamosmx.com\\\/#organization\"},\"potentialAction\":[{\"@type\":\"SearchAction\",\"target\":{\"@type\":\"EntryPoint\",\"urlTemplate\":\"https:\\\/\\\/continuamosmx.com\\\/?s={search_term_string}\"},\"query-input\":{\"@type\":\"PropertyValueSpecification\",\"valueRequired\":true,\"valueName\":\"search_term_string\"}}],\"inLanguage\":\"es\"},{\"@type\":\"Organization\",\"@id\":\"https:\\\/\\\/continuamosmx.com\\\/#organization\",\"name\":\"ContinuamosMX\",\"url\":\"https:\\\/\\\/continuamosmx.com\\\/\",\"logo\":{\"@type\":\"ImageObject\",\"inLanguage\":\"es\",\"@id\":\"https:\\\/\\\/continuamosmx.com\\\/#\\\/schema\\\/logo\\\/image\\\/\",\"url\":\"https:\\\/\\\/continuamosmx.com\\\/wp-content\\\/uploads\\\/2023\\\/04\\\/cropped-LOGO-CONTI-NUEVO.png\",\"contentUrl\":\"https:\\\/\\\/continuamosmx.com\\\/wp-content\\\/uploads\\\/2023\\\/04\\\/cropped-LOGO-CONTI-NUEVO.png\",\"width\":1257,\"height\":430,\"caption\":\"ContinuamosMX\"},\"image\":{\"@id\":\"https:\\\/\\\/continuamosmx.com\\\/#\\\/schema\\\/logo\\\/image\\\/\"}},{\"@type\":\"Person\",\"@id\":\"https:\\\/\\\/continuamosmx.com\\\/#\\\/schema\\\/person\\\/5eb5356acb1fad784da407d14f0e8d89\",\"name\":\"Continuamos MX\",\"image\":{\"@type\":\"ImageObject\",\"inLanguage\":\"es\",\"@id\":\"https:\\\/\\\/secure.gravatar.com\\\/avatar\\\/30d4f9723476a15f4da34d35fb3501f08d2357016c76051c6a85c354c7489589?s=96&d=mm&r=g\",\"url\":\"https:\\\/\\\/secure.gravatar.com\\\/avatar\\\/30d4f9723476a15f4da34d35fb3501f08d2357016c76051c6a85c354c7489589?s=96&d=mm&r=g\",\"contentUrl\":\"https:\\\/\\\/secure.gravatar.com\\\/avatar\\\/30d4f9723476a15f4da34d35fb3501f08d2357016c76051c6a85c354c7489589?s=96&d=mm&r=g\",\"caption\":\"Continuamos MX\"},\"sameAs\":[\"http:\\\/\\\/www.continuamos.mx\"],\"url\":\"https:\\\/\\\/continuamosmx.com\\\/index.php\\\/author\\\/continuamos\\\/\"}]}<\/script>\n<!-- \/ Yoast SEO plugin. -->","yoast_head_json":{"title":"GOBERNADORA DELFINA GOM\u00c9Z RECONOCE TRANSFORMACI\u00d3N DEL PODER JUDICIAL -","robots":{"index":"index","follow":"follow","max-snippet":"max-snippet:-1","max-image-preview":"max-image-preview:large","max-video-preview":"max-video-preview:-1"},"canonical":"https:\/\/continuamosmx.com\/index.php\/2026\/09\/03\/58314\/","og_locale":"es_ES","og_type":"article","og_title":"GOBERNADORA DELFINA GOM\u00c9Z RECONOCE TRANSFORMACI\u00d3N DEL PODER JUDICIAL -","og_description":"*Durante el Primer Informe de Actividades del Presidente del Poder Judicial, H\u00e9ctor Macedo Garc\u00eda, la Mandataria estatal refrend\u00f3 su respaldo institucional para consolidar una impartici\u00f3n de justicia pronta, expedita, imparcial y con pleno respeto a la autonom\u00eda de poderes. TEXCOCO, Estado de M\u00e9xico.\u2013 La Gobernadora Delfina G\u00f3mez \u00c1lvarez reconoci\u00f3 la transformaci\u00f3n que vive el Poder [&hellip;]","og_url":"https:\/\/continuamosmx.com\/index.php\/2026\/09\/03\/58314\/","article_published_time":"2026-09-04T02:14:09+00:00","article_modified_time":"2026-09-04T02:21:58+00:00","og_image":[{"width":1279,"height":853,"url":"https:\/\/continuamosmx.com\/wp-content\/uploads\/2026\/09\/WhatsApp-Image-2026-09-03-at-6.32.57-PM-3.jpeg","type":"image\/jpeg"}],"author":"Continuamos MX","twitter_card":"summary_large_image","twitter_misc":{"Escrito por":"Continuamos MX","Tiempo de lectura":"2 minutos"},"schema":{"@context":"https:\/\/schema.org","@graph":[{"@type":"Article","@id":"https:\/\/continuamosmx.com\/index.php\/2026\/09\/03\/58314\/#article","isPartOf":{"@id":"https:\/\/continuamosmx.com\/index.php\/2026\/09\/03\/58314\/"},"author":{"name":"Continuamos MX","@id":"https:\/\/continuamosmx.com\/#\/schema\/person\/5eb5356acb1fad784da407d14f0e8d89"},"headline":"GOBERNADORA DELFINA GOM\u00c9Z RECONOCE TRANSFORMACI\u00d3N DEL PODER JUDICIAL","datePublished":"2026-09-04T02:14:09+00:00","dateModified":"2026-09-04T02:21:58+00:00","mainEntityOfPage":{"@id":"https:\/\/continuamosmx.com\/index.php\/2026\/09\/03\/58314\/"},"wordCount":338,"publisher":{"@id":"https:\/\/continuamosmx.com\/#organization"},"image":{"@id":"https:\/\/continuamosmx.com\/index.php\/2026\/09\/03\/58314\/#primaryimage"},"thumbnailUrl":"https:\/\/continuamosmx.com\/wp-content\/uploads\/2026\/09\/WhatsApp-Image-2026-09-03-at-6.32.57-PM-3.jpeg","articleSection":["EDOMEX"],"inLanguage":"es"},{"@type":"WebPage","@id":"https:\/\/continuamosmx.com\/index.php\/2026\/09\/03\/58314\/","url":"https:\/\/continuamosmx.com\/index.php\/2026\/09\/03\/58314\/","name":"GOBERNADORA DELFINA GOM\u00c9Z RECONOCE TRANSFORMACI\u00d3N DEL PODER JUDICIAL -","isPartOf":{"@id":"https:\/\/continuamosmx.com\/#website"},"primaryImageOfPage":{"@id":"https:\/\/continuamosmx.com\/index.php\/2026\/09\/03\/58314\/#primaryimage"},"image":{"@id":"https:\/\/continuamosmx.com\/index.php\/2026\/09\/03\/58314\/#primaryimage"},"thumbnailUrl":"https:\/\/continuamosmx.com\/wp-content\/uploads\/2026\/09\/WhatsApp-Image-2026-09-03-at-6.32.57-PM-3.jpeg","datePublished":"2026-09-04T02:14:09+00:00","dateModified":"2026-09-04T02:21:58+00:00","breadcrumb":{"@id":"https:\/\/continuamosmx.com\/index.php\/2026\/09\/03\/58314\/#breadcrumb"},"inLanguage":"es","potentialAction":[{"@type":"ReadAction","target":["https:\/\/continuamosmx.com\/index.php\/2026\/09\/03\/58314\/"]}]},{"@type":"ImageObject","inLanguage":"es","@id":"https:\/\/continuamosmx.com\/index.php\/2026\/09\/03\/58314\/#primaryimage","url":"https:\/\/continuamosmx.com\/wp-content\/uploads\/2026\/09\/WhatsApp-Image-2026-09-03-at-6.32.57-PM-3.jpeg","contentUrl":"https:\/\/continuamosmx.com\/wp-content\/uploads\/2026\/09\/WhatsApp-Image-2026-09-03-at-6.32.57-PM-3.jpeg","width":1279,"height":853},{"@type":"BreadcrumbList","@id":"https:\/\/continuamosmx.com\/index.php\/2026\/09\/03\/58314\/#breadcrumb","itemListElement":[{"@type":"ListItem","position":1,"name":"Inicio","item":"https:\/\/continuamosmx.com\/"},{"@type":"ListItem","position":2,"name":"GOBERNADORA DELFINA GOM\u00c9Z RECONOCE TRANSFORMACI\u00d3N DEL PODER JUDICIAL"}]},{"@type":"WebSite","@id":"https:\/\/continuamosmx.com\/#website","url":"https:\/\/continuamosmx.com\/","name":"www.continuamosmx.com","description":"","publisher":{"@id":"https:\/\/continuamosmx.com\/#organization"},"potentialAction":[{"@type":"SearchAction","target":{"@type":"EntryPoint","urlTemplate":"https:\/\/continuamosmx.com\/?s={search_term_string}"},"query-input":{"@type":"PropertyValueSpecification","valueRequired":true,"valueName":"search_term_string"}}],"inLanguage":"es"},{"@type":"Organization","@id":"https:\/\/continuamosmx.com\/#organization","name":"ContinuamosMX","url":"https:\/\/continuamosmx.com\/","logo":{"@type":"ImageObject","inLanguage":"es","@id":"https:\/\/continuamosmx.com\/#\/schema\/logo\/image\/","url":"https:\/\/continuamosmx.com\/wp-content\/uploads\/2023\/04\/cropped-LOGO-CONTI-NUEVO.png","contentUrl":"https:\/\/continuamosmx.com\/wp-content\/uploads\/2023\/04\/cropped-LOGO-CONTI-NUEVO.png","width":1257,"height":430,"caption":"ContinuamosMX"},"image":{"@id":"https:\/\/continuamosmx.com\/#\/schema\/logo\/image\/"}},{"@type":"Person","@id":"https:\/\/continuamosmx.com\/#\/schema\/person\/5eb5356acb1fad784da407d14f0e8d89","name":"Continuamos MX","image":{"@type":"ImageObject","inLanguage":"es","@id":"https:\/\/secure.gravatar.com\/avatar\/30d4f9723476a15f4da34d35fb3501f08d2357016c76051c6a85c354c7489589?s=96&d=mm&r=g","url":"https:\/\/secure.gravatar.com\/avatar\/30d4f9723476a15f4da34d35fb3501f08d2357016c76051c6a85c354c7489589?s=96&d=mm&r=g","contentUrl":"https:\/\/secure.gravatar.com\/avatar\/30d4f9723476a15f4da34d35fb3501f08d2357016c76051c6a85c354c7489589?s=96&d=mm&r=g","caption":"Continuamos MX"},"sameAs":["http:\/\/www.continuamos.mx"],"url":"https:\/\/continuamosmx.com\/index.php\/author\/continuamos\/"}]}},"_links":{"self":[{"href":"https:\/\/continuamosmx.com\/index.php\/wp-json\/wp\/v2\/posts\/58314","targetHints":{"allow":["GET"]}}],"collection":[{"href":"https:\/\/continuamosmx.com\/index.php\/wp-json\/wp\/v2\/posts"}],"about":[{"href":"https:\/\/continuamosmx.com\/index.php\/wp-json\/wp\/v2\/types\/post"}],"author":[{"embeddable":true,"href":"https:\/\/continuamosmx.com\/index.php\/wp-json\/wp\/v2\/users\/6"}],"replies":[{"embeddable":true,"href":"https:\/\/continuamosmx.com\/index.php\/wp-json\/wp\/v2\/comments?post=58314"}],"version-history":[{"count":2,"href":"https:\/\/continuamosmx.com\/index.php\/wp-json\/wp\/v2\/posts\/58314\/revisions"}],"predecessor-version":[{"id":58319,"href":"https:\/\/continuamosmx.com\/index.php\/wp-json\/wp\/v2\/posts\/58314\/revisions\/58319"}],"wp:featuredmedia":[{"embeddable":true,"href":"https:\/\/continuamosmx.com\/index.php\/wp-json\/wp\/v2\/media\/58318"}],"wp:attachment":[{"href":"https:\/\/continuamosmx.com\/index.php\/wp-json\/wp\/v2\/media?parent=58314"}],"wp:term":[{"taxonomy":"category","embeddable":true,"href":"https:\/\/continuamosmx.com\/index.php\/wp-json\/wp\/v2\/categories?post=58314"},{"taxonomy":"post_tag","embeddable":true,"href":"https:\/\/continuamosmx.com\/index.php\/wp-json\/wp\/v2\/tags?post=58314"}],"curies":[{"name":"wp","href":"https:\/\/api.w.org\/{rel}","templated":true}]}}