{"id":58303,"date":"2026-09-03T14:00:26","date_gmt":"2026-09-03T20:00:26","guid":{"rendered":"https:\/\/continuamosmx.com\/?p=58303"},"modified":"2026-09-03T14:00:27","modified_gmt":"2026-09-03T20:00:27","slug":"gobierno-municipal-y-vecinos-impulsan-la-transformacion-de-rincon-verde-con-pavimentacion-de-calle-colorines","status":"publish","type":"post","link":"https:\/\/continuamosmx.com\/index.php\/2026\/09\/03\/gobierno-municipal-y-vecinos-impulsan-la-transformacion-de-rincon-verde-con-pavimentacion-de-calle-colorines\/","title":{"rendered":"GOBIERNO MUNICIPAL Y VECINOS IMPULSAN LA TRANSFORMACI\u00d3N DE RINC\u00d3N VERDE CON PAVIMENTACI\u00d3N DE CALLE COLORINES"},"content":{"rendered":"\n<p class=\"wp-block-paragraph\">*<strong>El alcalde Isaac Montoya entrega la primera etapa de obras del programa COMUNA en Aguilillas, destacando un incremento hist\u00f3rico superior al 319% en inversi\u00f3n p\u00fablica.<\/strong><\/p>\n\n\n\n<p class=\"wp-block-paragraph\"><strong>NAUCALPAN DE JU\u00c1REZ, M\u00c9X. \u2014 3 DE SEPTIEMBRE DE 2026<\/strong><\/p>\n\n\n\n<p class=\"wp-block-paragraph\">Como parte de la estrategia integral para llevar infraestructura a todas las comunidades de Naucalpan, el Presidente Municipal, Isaac Montoya M\u00e1rquez, entreg\u00f3 este mi\u00e9rcoles la primera etapa de pavimentaci\u00f3n con concreto hidr\u00e1ulico de la calle Colorines, ubicada en la comunidad de Rinc\u00f3n Verde (Aguilillas). La obra, ejecutada mediante el esquema de participaci\u00f3n comunitaria del programa COMUNA (Comunidad Unida y Activa), representa un paso fundamental para mejorar la conectividad y las condiciones de vida de las familias de la zona.<\/p>\n\n\n\n<p class=\"wp-block-paragraph\">La intervenci\u00f3n abarca mil metros cuadrados de superficie e incluy\u00f3 trabajos complejos de nivelaci\u00f3n, retiro y extracci\u00f3n de material previo, as\u00ed como la colocaci\u00f3n de losas de concreto hidr\u00e1ulico de 15 cent\u00edmetros de espesor. Esta infraestructura garantiza una vialidad altamente resistente y durable, facilitando el tr\u00e1nsito seguro tanto de veh\u00edculos particulares como del transporte p\u00fablico.<\/p>\n\n\n\n<p class=\"wp-block-paragraph\">Durante el acto de entrega, Montoya M\u00e1rquez enfatiz\u00f3 que su administraci\u00f3n trabaja de manera simult\u00e1nea en grandes proyectos metropolitanos y en obras de impacto social directo en las colonias que hist\u00f3ricamente padecieron el abandono gubernamental.<\/p>\n\n\n\n<blockquote class=\"wp-block-quote is-layout-flow wp-block-quote-is-layout-flow\">\n<p class=\"wp-block-paragraph\"><em>\u201cEstamos trabajando para que las obras lleguen a todos los rincones de Naucalpan. No queremos que el desarrollo se concentre \u00fanicamente en las zonas c\u00e9ntricas; queremos atender tambi\u00e9n a las comunidades que durante muchos a\u00f1os fueron olvidadas y que hoy est\u00e1n siendo escuchadas\u201d<\/em>, afirm\u00f3 el edil.<\/p>\n<\/blockquote>\n\n\n\n<p class=\"wp-block-paragraph\">El alcalde subray\u00f3 que el programa COMUNA permitir\u00e1 concretar m\u00e1s de 260 obras a lo largo y ancho del municipio, gracias al esfuerzo coordinado y la colaboraci\u00f3n directa entre la ciudadan\u00eda y el gobierno local. Asimismo, record\u00f3 que de acuerdo con cifras del INEGI, Naucalpan registr\u00f3 entre 2024 y 2025 el mayor incremento a nivel nacional en inversi\u00f3n de obra p\u00fablica, superando el 319 por ciento.<\/p>\n\n\n\n<p class=\"wp-block-paragraph\">\u201cYo vengo de las colonias, conozco las necesidades y s\u00e9 lo que significa esperar durante a\u00f1os una obra. Por eso estamos trabajando para saldar esas deudas hist\u00f3ricas\u201d, concluy\u00f3 Montoya M\u00e1rquez ante vecinas y vecinos reunidos en la vialidad renovada.<\/p>\n","protected":false},"excerpt":{"rendered":"<p>*El alcalde Isaac Montoya entrega la primera etapa de obras del programa COMUNA en Aguilillas, destacando un incremento hist\u00f3rico superior al 319% en inversi\u00f3n p\u00fablica. NAUCALPAN DE JU\u00c1REZ, M\u00c9X. \u2014 3 DE SEPTIEMBRE DE 2026 Como parte de la estrategia integral para llevar infraestructura a todas las comunidades de Naucalpan, el Presidente Municipal, Isaac Montoya [&hellip;]<\/p>\n","protected":false},"author":6,"featured_media":58304,"comment_status":"closed","ping_status":"closed","sticky":false,"template":"","format":"standard","meta":{"footnotes":""},"categories":[4,64],"tags":[],"class_list":["post-58303","post","type-post","status-publish","format-standard","has-post-thumbnail","hentry","category-locales","category-naucalpan"],"yoast_head":"<!-- This site is optimized with the Yoast SEO plugin v28.4 - https:\/\/yoast.com\/product\/yoast-seo-wordpress\/ -->\n<title>GOBIERNO MUNICIPAL Y VECINOS IMPULSAN LA TRANSFORMACI\u00d3N DE RINC\u00d3N VERDE CON PAVIMENTACI\u00d3N DE CALLE COLORINES -<\/title>\n<meta name=\"robots\" content=\"index, follow, max-snippet:-1, max-image-preview:large, max-video-preview:-1\" \/>\n<link rel=\"canonical\" href=\"https:\/\/continuamosmx.com\/index.php\/2026\/09\/03\/gobierno-municipal-y-vecinos-impulsan-la-transformacion-de-rincon-verde-con-pavimentacion-de-calle-colorines\/\" \/>\n<meta property=\"og:locale\" content=\"es_ES\" \/>\n<meta property=\"og:type\" content=\"article\" \/>\n<meta property=\"og:title\" content=\"GOBIERNO MUNICIPAL Y VECINOS IMPULSAN LA TRANSFORMACI\u00d3N DE RINC\u00d3N VERDE CON PAVIMENTACI\u00d3N DE CALLE COLORINES -\" \/>\n<meta property=\"og:description\" content=\"*El alcalde Isaac Montoya entrega la primera etapa de obras del programa COMUNA en Aguilillas, destacando un incremento hist\u00f3rico superior al 319% en inversi\u00f3n p\u00fablica. NAUCALPAN DE JU\u00c1REZ, M\u00c9X. \u2014 3 DE SEPTIEMBRE DE 2026 Como parte de la estrategia integral para llevar infraestructura a todas las comunidades de Naucalpan, el Presidente Municipal, Isaac Montoya [&hellip;]\" \/>\n<meta property=\"og:url\" content=\"https:\/\/continuamosmx.com\/index.php\/2026\/09\/03\/gobierno-municipal-y-vecinos-impulsan-la-transformacion-de-rincon-verde-con-pavimentacion-de-calle-colorines\/\" \/>\n<meta property=\"article:published_time\" content=\"2026-09-03T20:00:26+00:00\" \/>\n<meta property=\"article:modified_time\" content=\"2026-09-03T20:00:27+00:00\" \/>\n<meta property=\"og:image\" content=\"https:\/\/continuamosmx.com\/wp-content\/uploads\/2026\/09\/WhatsApp-Image-2026-09-03-at-1.58.17-PM.jpeg\" \/>\n\t<meta property=\"og:image:width\" content=\"1600\" \/>\n\t<meta property=\"og:image:height\" content=\"1067\" \/>\n\t<meta property=\"og:image:type\" content=\"image\/jpeg\" \/>\n<meta name=\"author\" content=\"Continuamos MX\" \/>\n<meta name=\"twitter:card\" content=\"summary_large_image\" \/>\n<meta name=\"twitter:label1\" content=\"Escrito por\" \/>\n\t<meta name=\"twitter:data1\" content=\"Continuamos MX\" \/>\n\t<meta name=\"twitter:label2\" content=\"Tiempo de lectura\" \/>\n\t<meta name=\"twitter:data2\" content=\"2 minutos\" \/>\n<script type=\"application\/ld+json\" class=\"yoast-schema-graph\">{\"@context\":\"https:\\\/\\\/schema.org\",\"@graph\":[{\"@type\":\"Article\",\"@id\":\"https:\\\/\\\/continuamosmx.com\\\/index.php\\\/2026\\\/09\\\/03\\\/gobierno-municipal-y-vecinos-impulsan-la-transformacion-de-rincon-verde-con-pavimentacion-de-calle-colorines\\\/#article\",\"isPartOf\":{\"@id\":\"https:\\\/\\\/continuamosmx.com\\\/index.php\\\/2026\\\/09\\\/03\\\/gobierno-municipal-y-vecinos-impulsan-la-transformacion-de-rincon-verde-con-pavimentacion-de-calle-colorines\\\/\"},\"author\":{\"name\":\"Continuamos MX\",\"@id\":\"https:\\\/\\\/continuamosmx.com\\\/#\\\/schema\\\/person\\\/5eb5356acb1fad784da407d14f0e8d89\"},\"headline\":\"GOBIERNO MUNICIPAL Y VECINOS IMPULSAN LA TRANSFORMACI\u00d3N DE RINC\u00d3N VERDE CON PAVIMENTACI\u00d3N DE CALLE COLORINES\",\"datePublished\":\"2026-09-03T20:00:26+00:00\",\"dateModified\":\"2026-09-03T20:00:27+00:00\",\"mainEntityOfPage\":{\"@id\":\"https:\\\/\\\/continuamosmx.com\\\/index.php\\\/2026\\\/09\\\/03\\\/gobierno-municipal-y-vecinos-impulsan-la-transformacion-de-rincon-verde-con-pavimentacion-de-calle-colorines\\\/\"},\"wordCount\":400,\"publisher\":{\"@id\":\"https:\\\/\\\/continuamosmx.com\\\/#organization\"},\"image\":{\"@id\":\"https:\\\/\\\/continuamosmx.com\\\/index.php\\\/2026\\\/09\\\/03\\\/gobierno-municipal-y-vecinos-impulsan-la-transformacion-de-rincon-verde-con-pavimentacion-de-calle-colorines\\\/#primaryimage\"},\"thumbnailUrl\":\"https:\\\/\\\/continuamosmx.com\\\/wp-content\\\/uploads\\\/2026\\\/09\\\/WhatsApp-Image-2026-09-03-at-1.58.17-PM.jpeg\",\"articleSection\":[\"LOCALES\",\"NAUCALPAN\"],\"inLanguage\":\"es\"},{\"@type\":\"WebPage\",\"@id\":\"https:\\\/\\\/continuamosmx.com\\\/index.php\\\/2026\\\/09\\\/03\\\/gobierno-municipal-y-vecinos-impulsan-la-transformacion-de-rincon-verde-con-pavimentacion-de-calle-colorines\\\/\",\"url\":\"https:\\\/\\\/continuamosmx.com\\\/index.php\\\/2026\\\/09\\\/03\\\/gobierno-municipal-y-vecinos-impulsan-la-transformacion-de-rincon-verde-con-pavimentacion-de-calle-colorines\\\/\",\"name\":\"GOBIERNO MUNICIPAL Y VECINOS IMPULSAN LA TRANSFORMACI\u00d3N DE RINC\u00d3N VERDE CON PAVIMENTACI\u00d3N DE CALLE COLORINES -\",\"isPartOf\":{\"@id\":\"https:\\\/\\\/continuamosmx.com\\\/#website\"},\"primaryImageOfPage\":{\"@id\":\"https:\\\/\\\/continuamosmx.com\\\/index.php\\\/2026\\\/09\\\/03\\\/gobierno-municipal-y-vecinos-impulsan-la-transformacion-de-rincon-verde-con-pavimentacion-de-calle-colorines\\\/#primaryimage\"},\"image\":{\"@id\":\"https:\\\/\\\/continuamosmx.com\\\/index.php\\\/2026\\\/09\\\/03\\\/gobierno-municipal-y-vecinos-impulsan-la-transformacion-de-rincon-verde-con-pavimentacion-de-calle-colorines\\\/#primaryimage\"},\"thumbnailUrl\":\"https:\\\/\\\/continuamosmx.com\\\/wp-content\\\/uploads\\\/2026\\\/09\\\/WhatsApp-Image-2026-09-03-at-1.58.17-PM.jpeg\",\"datePublished\":\"2026-09-03T20:00:26+00:00\",\"dateModified\":\"2026-09-03T20:00:27+00:00\",\"breadcrumb\":{\"@id\":\"https:\\\/\\\/continuamosmx.com\\\/index.php\\\/2026\\\/09\\\/03\\\/gobierno-municipal-y-vecinos-impulsan-la-transformacion-de-rincon-verde-con-pavimentacion-de-calle-colorines\\\/#breadcrumb\"},\"inLanguage\":\"es\",\"potentialAction\":[{\"@type\":\"ReadAction\",\"target\":[\"https:\\\/\\\/continuamosmx.com\\\/index.php\\\/2026\\\/09\\\/03\\\/gobierno-municipal-y-vecinos-impulsan-la-transformacion-de-rincon-verde-con-pavimentacion-de-calle-colorines\\\/\"]}]},{\"@type\":\"ImageObject\",\"inLanguage\":\"es\",\"@id\":\"https:\\\/\\\/continuamosmx.com\\\/index.php\\\/2026\\\/09\\\/03\\\/gobierno-municipal-y-vecinos-impulsan-la-transformacion-de-rincon-verde-con-pavimentacion-de-calle-colorines\\\/#primaryimage\",\"url\":\"https:\\\/\\\/continuamosmx.com\\\/wp-content\\\/uploads\\\/2026\\\/09\\\/WhatsApp-Image-2026-09-03-at-1.58.17-PM.jpeg\",\"contentUrl\":\"https:\\\/\\\/continuamosmx.com\\\/wp-content\\\/uploads\\\/2026\\\/09\\\/WhatsApp-Image-2026-09-03-at-1.58.17-PM.jpeg\",\"width\":1600,\"height\":1067},{\"@type\":\"BreadcrumbList\",\"@id\":\"https:\\\/\\\/continuamosmx.com\\\/index.php\\\/2026\\\/09\\\/03\\\/gobierno-municipal-y-vecinos-impulsan-la-transformacion-de-rincon-verde-con-pavimentacion-de-calle-colorines\\\/#breadcrumb\",\"itemListElement\":[{\"@type\":\"ListItem\",\"position\":1,\"name\":\"Inicio\",\"item\":\"https:\\\/\\\/continuamosmx.com\\\/\"},{\"@type\":\"ListItem\",\"position\":2,\"name\":\"GOBIERNO MUNICIPAL Y VECINOS IMPULSAN LA TRANSFORMACI\u00d3N DE RINC\u00d3N VERDE CON PAVIMENTACI\u00d3N DE CALLE COLORINES\"}]},{\"@type\":\"WebSite\",\"@id\":\"https:\\\/\\\/continuamosmx.com\\\/#website\",\"url\":\"https:\\\/\\\/continuamosmx.com\\\/\",\"name\":\"www.continuamosmx.com\",\"description\":\"\",\"publisher\":{\"@id\":\"https:\\\/\\\/continuamosmx.com\\\/#organization\"},\"potentialAction\":[{\"@type\":\"SearchAction\",\"target\":{\"@type\":\"EntryPoint\",\"urlTemplate\":\"https:\\\/\\\/continuamosmx.com\\\/?s={search_term_string}\"},\"query-input\":{\"@type\":\"PropertyValueSpecification\",\"valueRequired\":true,\"valueName\":\"search_term_string\"}}],\"inLanguage\":\"es\"},{\"@type\":\"Organization\",\"@id\":\"https:\\\/\\\/continuamosmx.com\\\/#organization\",\"name\":\"ContinuamosMX\",\"url\":\"https:\\\/\\\/continuamosmx.com\\\/\",\"logo\":{\"@type\":\"ImageObject\",\"inLanguage\":\"es\",\"@id\":\"https:\\\/\\\/continuamosmx.com\\\/#\\\/schema\\\/logo\\\/image\\\/\",\"url\":\"https:\\\/\\\/continuamosmx.com\\\/wp-content\\\/uploads\\\/2023\\\/04\\\/cropped-LOGO-CONTI-NUEVO.png\",\"contentUrl\":\"https:\\\/\\\/continuamosmx.com\\\/wp-content\\\/uploads\\\/2023\\\/04\\\/cropped-LOGO-CONTI-NUEVO.png\",\"width\":1257,\"height\":430,\"caption\":\"ContinuamosMX\"},\"image\":{\"@id\":\"https:\\\/\\\/continuamosmx.com\\\/#\\\/schema\\\/logo\\\/image\\\/\"}},{\"@type\":\"Person\",\"@id\":\"https:\\\/\\\/continuamosmx.com\\\/#\\\/schema\\\/person\\\/5eb5356acb1fad784da407d14f0e8d89\",\"name\":\"Continuamos MX\",\"image\":{\"@type\":\"ImageObject\",\"inLanguage\":\"es\",\"@id\":\"https:\\\/\\\/secure.gravatar.com\\\/avatar\\\/30d4f9723476a15f4da34d35fb3501f08d2357016c76051c6a85c354c7489589?s=96&d=mm&r=g\",\"url\":\"https:\\\/\\\/secure.gravatar.com\\\/avatar\\\/30d4f9723476a15f4da34d35fb3501f08d2357016c76051c6a85c354c7489589?s=96&d=mm&r=g\",\"contentUrl\":\"https:\\\/\\\/secure.gravatar.com\\\/avatar\\\/30d4f9723476a15f4da34d35fb3501f08d2357016c76051c6a85c354c7489589?s=96&d=mm&r=g\",\"caption\":\"Continuamos MX\"},\"sameAs\":[\"http:\\\/\\\/www.continuamos.mx\"],\"url\":\"https:\\\/\\\/continuamosmx.com\\\/index.php\\\/author\\\/continuamos\\\/\"}]}<\/script>\n<!-- \/ Yoast SEO plugin. -->","yoast_head_json":{"title":"GOBIERNO MUNICIPAL Y VECINOS IMPULSAN LA TRANSFORMACI\u00d3N DE RINC\u00d3N VERDE CON PAVIMENTACI\u00d3N DE CALLE COLORINES -","robots":{"index":"index","follow":"follow","max-snippet":"max-snippet:-1","max-image-preview":"max-image-preview:large","max-video-preview":"max-video-preview:-1"},"canonical":"https:\/\/continuamosmx.com\/index.php\/2026\/09\/03\/gobierno-municipal-y-vecinos-impulsan-la-transformacion-de-rincon-verde-con-pavimentacion-de-calle-colorines\/","og_locale":"es_ES","og_type":"article","og_title":"GOBIERNO MUNICIPAL Y VECINOS IMPULSAN LA TRANSFORMACI\u00d3N DE RINC\u00d3N VERDE CON PAVIMENTACI\u00d3N DE CALLE COLORINES -","og_description":"*El alcalde Isaac Montoya entrega la primera etapa de obras del programa COMUNA en Aguilillas, destacando un incremento hist\u00f3rico superior al 319% en inversi\u00f3n p\u00fablica. NAUCALPAN DE JU\u00c1REZ, M\u00c9X. \u2014 3 DE SEPTIEMBRE DE 2026 Como parte de la estrategia integral para llevar infraestructura a todas las comunidades de Naucalpan, el Presidente Municipal, Isaac Montoya [&hellip;]","og_url":"https:\/\/continuamosmx.com\/index.php\/2026\/09\/03\/gobierno-municipal-y-vecinos-impulsan-la-transformacion-de-rincon-verde-con-pavimentacion-de-calle-colorines\/","article_published_time":"2026-09-03T20:00:26+00:00","article_modified_time":"2026-09-03T20:00:27+00:00","og_image":[{"width":1600,"height":1067,"url":"https:\/\/continuamosmx.com\/wp-content\/uploads\/2026\/09\/WhatsApp-Image-2026-09-03-at-1.58.17-PM.jpeg","type":"image\/jpeg"}],"author":"Continuamos MX","twitter_card":"summary_large_image","twitter_misc":{"Escrito por":"Continuamos MX","Tiempo de lectura":"2 minutos"},"schema":{"@context":"https:\/\/schema.org","@graph":[{"@type":"Article","@id":"https:\/\/continuamosmx.com\/index.php\/2026\/09\/03\/gobierno-municipal-y-vecinos-impulsan-la-transformacion-de-rincon-verde-con-pavimentacion-de-calle-colorines\/#article","isPartOf":{"@id":"https:\/\/continuamosmx.com\/index.php\/2026\/09\/03\/gobierno-municipal-y-vecinos-impulsan-la-transformacion-de-rincon-verde-con-pavimentacion-de-calle-colorines\/"},"author":{"name":"Continuamos MX","@id":"https:\/\/continuamosmx.com\/#\/schema\/person\/5eb5356acb1fad784da407d14f0e8d89"},"headline":"GOBIERNO MUNICIPAL Y VECINOS IMPULSAN LA TRANSFORMACI\u00d3N DE RINC\u00d3N VERDE CON PAVIMENTACI\u00d3N DE CALLE COLORINES","datePublished":"2026-09-03T20:00:26+00:00","dateModified":"2026-09-03T20:00:27+00:00","mainEntityOfPage":{"@id":"https:\/\/continuamosmx.com\/index.php\/2026\/09\/03\/gobierno-municipal-y-vecinos-impulsan-la-transformacion-de-rincon-verde-con-pavimentacion-de-calle-colorines\/"},"wordCount":400,"publisher":{"@id":"https:\/\/continuamosmx.com\/#organization"},"image":{"@id":"https:\/\/continuamosmx.com\/index.php\/2026\/09\/03\/gobierno-municipal-y-vecinos-impulsan-la-transformacion-de-rincon-verde-con-pavimentacion-de-calle-colorines\/#primaryimage"},"thumbnailUrl":"https:\/\/continuamosmx.com\/wp-content\/uploads\/2026\/09\/WhatsApp-Image-2026-09-03-at-1.58.17-PM.jpeg","articleSection":["LOCALES","NAUCALPAN"],"inLanguage":"es"},{"@type":"WebPage","@id":"https:\/\/continuamosmx.com\/index.php\/2026\/09\/03\/gobierno-municipal-y-vecinos-impulsan-la-transformacion-de-rincon-verde-con-pavimentacion-de-calle-colorines\/","url":"https:\/\/continuamosmx.com\/index.php\/2026\/09\/03\/gobierno-municipal-y-vecinos-impulsan-la-transformacion-de-rincon-verde-con-pavimentacion-de-calle-colorines\/","name":"GOBIERNO MUNICIPAL Y VECINOS IMPULSAN LA TRANSFORMACI\u00d3N DE RINC\u00d3N VERDE CON PAVIMENTACI\u00d3N DE CALLE COLORINES -","isPartOf":{"@id":"https:\/\/continuamosmx.com\/#website"},"primaryImageOfPage":{"@id":"https:\/\/continuamosmx.com\/index.php\/2026\/09\/03\/gobierno-municipal-y-vecinos-impulsan-la-transformacion-de-rincon-verde-con-pavimentacion-de-calle-colorines\/#primaryimage"},"image":{"@id":"https:\/\/continuamosmx.com\/index.php\/2026\/09\/03\/gobierno-municipal-y-vecinos-impulsan-la-transformacion-de-rincon-verde-con-pavimentacion-de-calle-colorines\/#primaryimage"},"thumbnailUrl":"https:\/\/continuamosmx.com\/wp-content\/uploads\/2026\/09\/WhatsApp-Image-2026-09-03-at-1.58.17-PM.jpeg","datePublished":"2026-09-03T20:00:26+00:00","dateModified":"2026-09-03T20:00:27+00:00","breadcrumb":{"@id":"https:\/\/continuamosmx.com\/index.php\/2026\/09\/03\/gobierno-municipal-y-vecinos-impulsan-la-transformacion-de-rincon-verde-con-pavimentacion-de-calle-colorines\/#breadcrumb"},"inLanguage":"es","potentialAction":[{"@type":"ReadAction","target":["https:\/\/continuamosmx.com\/index.php\/2026\/09\/03\/gobierno-municipal-y-vecinos-impulsan-la-transformacion-de-rincon-verde-con-pavimentacion-de-calle-colorines\/"]}]},{"@type":"ImageObject","inLanguage":"es","@id":"https:\/\/continuamosmx.com\/index.php\/2026\/09\/03\/gobierno-municipal-y-vecinos-impulsan-la-transformacion-de-rincon-verde-con-pavimentacion-de-calle-colorines\/#primaryimage","url":"https:\/\/continuamosmx.com\/wp-content\/uploads\/2026\/09\/WhatsApp-Image-2026-09-03-at-1.58.17-PM.jpeg","contentUrl":"https:\/\/continuamosmx.com\/wp-content\/uploads\/2026\/09\/WhatsApp-Image-2026-09-03-at-1.58.17-PM.jpeg","width":1600,"height":1067},{"@type":"BreadcrumbList","@id":"https:\/\/continuamosmx.com\/index.php\/2026\/09\/03\/gobierno-municipal-y-vecinos-impulsan-la-transformacion-de-rincon-verde-con-pavimentacion-de-calle-colorines\/#breadcrumb","itemListElement":[{"@type":"ListItem","position":1,"name":"Inicio","item":"https:\/\/continuamosmx.com\/"},{"@type":"ListItem","position":2,"name":"GOBIERNO MUNICIPAL Y VECINOS IMPULSAN LA TRANSFORMACI\u00d3N DE RINC\u00d3N VERDE CON PAVIMENTACI\u00d3N DE CALLE COLORINES"}]},{"@type":"WebSite","@id":"https:\/\/continuamosmx.com\/#website","url":"https:\/\/continuamosmx.com\/","name":"www.continuamosmx.com","description":"","publisher":{"@id":"https:\/\/continuamosmx.com\/#organization"},"potentialAction":[{"@type":"SearchAction","target":{"@type":"EntryPoint","urlTemplate":"https:\/\/continuamosmx.com\/?s={search_term_string}"},"query-input":{"@type":"PropertyValueSpecification","valueRequired":true,"valueName":"search_term_string"}}],"inLanguage":"es"},{"@type":"Organization","@id":"https:\/\/continuamosmx.com\/#organization","name":"ContinuamosMX","url":"https:\/\/continuamosmx.com\/","logo":{"@type":"ImageObject","inLanguage":"es","@id":"https:\/\/continuamosmx.com\/#\/schema\/logo\/image\/","url":"https:\/\/continuamosmx.com\/wp-content\/uploads\/2023\/04\/cropped-LOGO-CONTI-NUEVO.png","contentUrl":"https:\/\/continuamosmx.com\/wp-content\/uploads\/2023\/04\/cropped-LOGO-CONTI-NUEVO.png","width":1257,"height":430,"caption":"ContinuamosMX"},"image":{"@id":"https:\/\/continuamosmx.com\/#\/schema\/logo\/image\/"}},{"@type":"Person","@id":"https:\/\/continuamosmx.com\/#\/schema\/person\/5eb5356acb1fad784da407d14f0e8d89","name":"Continuamos MX","image":{"@type":"ImageObject","inLanguage":"es","@id":"https:\/\/secure.gravatar.com\/avatar\/30d4f9723476a15f4da34d35fb3501f08d2357016c76051c6a85c354c7489589?s=96&d=mm&r=g","url":"https:\/\/secure.gravatar.com\/avatar\/30d4f9723476a15f4da34d35fb3501f08d2357016c76051c6a85c354c7489589?s=96&d=mm&r=g","contentUrl":"https:\/\/secure.gravatar.com\/avatar\/30d4f9723476a15f4da34d35fb3501f08d2357016c76051c6a85c354c7489589?s=96&d=mm&r=g","caption":"Continuamos MX"},"sameAs":["http:\/\/www.continuamos.mx"],"url":"https:\/\/continuamosmx.com\/index.php\/author\/continuamos\/"}]}},"_links":{"self":[{"href":"https:\/\/continuamosmx.com\/index.php\/wp-json\/wp\/v2\/posts\/58303","targetHints":{"allow":["GET"]}}],"collection":[{"href":"https:\/\/continuamosmx.com\/index.php\/wp-json\/wp\/v2\/posts"}],"about":[{"href":"https:\/\/continuamosmx.com\/index.php\/wp-json\/wp\/v2\/types\/post"}],"author":[{"embeddable":true,"href":"https:\/\/continuamosmx.com\/index.php\/wp-json\/wp\/v2\/users\/6"}],"replies":[{"embeddable":true,"href":"https:\/\/continuamosmx.com\/index.php\/wp-json\/wp\/v2\/comments?post=58303"}],"version-history":[{"count":1,"href":"https:\/\/continuamosmx.com\/index.php\/wp-json\/wp\/v2\/posts\/58303\/revisions"}],"predecessor-version":[{"id":58305,"href":"https:\/\/continuamosmx.com\/index.php\/wp-json\/wp\/v2\/posts\/58303\/revisions\/58305"}],"wp:featuredmedia":[{"embeddable":true,"href":"https:\/\/continuamosmx.com\/index.php\/wp-json\/wp\/v2\/media\/58304"}],"wp:attachment":[{"href":"https:\/\/continuamosmx.com\/index.php\/wp-json\/wp\/v2\/media?parent=58303"}],"wp:term":[{"taxonomy":"category","embeddable":true,"href":"https:\/\/continuamosmx.com\/index.php\/wp-json\/wp\/v2\/categories?post=58303"},{"taxonomy":"post_tag","embeddable":true,"href":"https:\/\/continuamosmx.com\/index.php\/wp-json\/wp\/v2\/tags?post=58303"}],"curies":[{"name":"wp","href":"https:\/\/api.w.org\/{rel}","templated":true}]}}