{"id":58291,"date":"2026-09-03T13:31:46","date_gmt":"2026-09-03T19:31:46","guid":{"rendered":"https:\/\/continuamosmx.com\/?p=58291"},"modified":"2026-09-03T13:31:47","modified_gmt":"2026-09-03T19:31:47","slug":"atizapan-de-zaragoza-celebra-152-anos-de-historia-con-inversion-historica-y-unidad-municipal","status":"publish","type":"post","link":"https:\/\/continuamosmx.com\/index.php\/2026\/09\/03\/atizapan-de-zaragoza-celebra-152-anos-de-historia-con-inversion-historica-y-unidad-municipal\/","title":{"rendered":"ATIZAP\u00c1N DE ZARAGOZA CELEBRA 152 A\u00d1OS DE HISTORIA CON INVERSI\u00d3N HIST\u00d3RICA Y UNIDAD MUNICIPAL"},"content":{"rendered":"\n<h2 class=\"wp-block-heading\">*<strong>Durante la ceremonia conmemorativa, el alcalde Pedro Rodr\u00edguez destac\u00f3 obras trascendentes, apoyo a la educaci\u00f3n y el respaldo institucional en beneficio de las familias atizapenses.<\/strong><\/h2>\n\n\n\n<p class=\"wp-block-paragraph\">El municipio de Atizap\u00e1n de Zaragoza conmemor\u00f3 su 152 aniversario de fundaci\u00f3n con una ceremonia encabezada por el presidente municipal, Pedro Rodr\u00edguez, acompa\u00f1ado por integrantes del Cabildo, directores del Ayuntamiento y representantes del gobierno estatal. Durante el evento, el edil reafirm\u00f3 el compromiso de su administraci\u00f3n para consolidar un municipio con desarrollo y visi\u00f3n de futuro.<\/p>\n\n\n\n<h3 class=\"wp-block-heading\">Aspectos clave de la conmemoraci\u00f3n:<\/h3>\n\n\n\n<ul class=\"wp-block-list\">\n<li><strong>Inversi\u00f3n social y educativa:<\/strong> Se destinaron 150 millones de pesos al programa Salario Familiar y 52 millones de pesos a becas educativas 2026, complementados con la entrega de paquetes escolares gratuitos.<\/li>\n\n\n\n<li><strong>Gesti\u00f3n responsable:<\/strong> El alcalde destac\u00f3 el uso eficiente de los recursos p\u00fablicos municipales, retribuyendo los impuestos de la ciudadan\u00eda mediante servicios de calidad y obra p\u00fablica sin precedentes.<\/li>\n\n\n\n<li><strong>Coordinaci\u00f3n institucional:<\/strong> Se subray\u00f3 el trabajo conjunto con el Gobierno del Estado de M\u00e9xico para impulsar obras y acciones que trasciendan para las pr\u00f3ximas generaciones.<\/li>\n\n\n\n<li><strong>Ra\u00edces e identidad:<\/strong> El cronista municipal, Arturo Trueba Urban, record\u00f3 la herencia de los pueblos originarios \u2014Atizap\u00e1n, Calacoaya y Tecoloapan\u2014 como base de una sociedad trabajadora y pujante.<\/li>\n<\/ul>\n\n\n\n<p class=\"wp-block-paragraph\">Por su parte, el representante de la gubernatura estatal refrend\u00f3 la disposici\u00f3n de mantener una estrecha coordinaci\u00f3n para hacer del servicio p\u00fablico un motor de bienestar social.<\/p>\n\n\n\n<figure class=\"wp-block-gallery has-nested-images columns-default is-cropped wp-block-gallery-1 is-layout-flex wp-block-gallery-is-layout-flex\">\n<figure class=\"wp-block-image size-large\"><img loading=\"lazy\" decoding=\"async\" width=\"767\" height=\"1024\" data-id=\"58293\" src=\"https:\/\/continuamosmx.com\/wp-content\/uploads\/2026\/09\/WhatsApp-Image-2026-09-03-at-11.36.18-AM-6-767x1024.jpeg\" alt=\"\" class=\"wp-image-58293\" srcset=\"https:\/\/continuamosmx.com\/wp-content\/uploads\/2026\/09\/WhatsApp-Image-2026-09-03-at-11.36.18-AM-6-767x1024.jpeg 767w, https:\/\/continuamosmx.com\/wp-content\/uploads\/2026\/09\/WhatsApp-Image-2026-09-03-at-11.36.18-AM-6-225x300.jpeg 225w, https:\/\/continuamosmx.com\/wp-content\/uploads\/2026\/09\/WhatsApp-Image-2026-09-03-at-11.36.18-AM-6-768x1025.jpeg 768w, https:\/\/continuamosmx.com\/wp-content\/uploads\/2026\/09\/WhatsApp-Image-2026-09-03-at-11.36.18-AM-6.jpeg 959w\" sizes=\"auto, (max-width: 767px) 100vw, 767px\" \/><\/figure>\n\n\n\n<figure class=\"wp-block-image size-full\"><img loading=\"lazy\" decoding=\"async\" width=\"959\" height=\"1280\" data-id=\"58295\" src=\"https:\/\/continuamosmx.com\/wp-content\/uploads\/2026\/09\/WhatsApp-Image-2026-09-03-at-11.36.18-AM-5.jpeg\" alt=\"\" class=\"wp-image-58295\" srcset=\"https:\/\/continuamosmx.com\/wp-content\/uploads\/2026\/09\/WhatsApp-Image-2026-09-03-at-11.36.18-AM-5.jpeg 959w, https:\/\/continuamosmx.com\/wp-content\/uploads\/2026\/09\/WhatsApp-Image-2026-09-03-at-11.36.18-AM-5-225x300.jpeg 225w\" sizes=\"auto, (max-width: 959px) 100vw, 959px\" \/><\/figure>\n\n\n\n<figure class=\"wp-block-image size-large\"><img loading=\"lazy\" decoding=\"async\" width=\"767\" height=\"1024\" data-id=\"58296\" src=\"https:\/\/continuamosmx.com\/wp-content\/uploads\/2026\/09\/WhatsApp-Image-2026-09-03-at-11.36.18-AM-4-767x1024.jpeg\" alt=\"\" class=\"wp-image-58296\" srcset=\"https:\/\/continuamosmx.com\/wp-content\/uploads\/2026\/09\/WhatsApp-Image-2026-09-03-at-11.36.18-AM-4-767x1024.jpeg 767w, https:\/\/continuamosmx.com\/wp-content\/uploads\/2026\/09\/WhatsApp-Image-2026-09-03-at-11.36.18-AM-4-768x1025.jpeg 768w, https:\/\/continuamosmx.com\/wp-content\/uploads\/2026\/09\/WhatsApp-Image-2026-09-03-at-11.36.18-AM-4.jpeg 959w\" sizes=\"auto, (max-width: 767px) 100vw, 767px\" \/><\/figure>\n\n\n\n<figure class=\"wp-block-image size-large\"><img loading=\"lazy\" decoding=\"async\" width=\"1024\" height=\"768\" data-id=\"58297\" src=\"https:\/\/continuamosmx.com\/wp-content\/uploads\/2026\/09\/WhatsApp-Image-2026-09-03-at-11.36.18-AM-1-1024x768.jpeg\" alt=\"\" class=\"wp-image-58297\" srcset=\"https:\/\/continuamosmx.com\/wp-content\/uploads\/2026\/09\/WhatsApp-Image-2026-09-03-at-11.36.18-AM-1-1024x768.jpeg 1024w, https:\/\/continuamosmx.com\/wp-content\/uploads\/2026\/09\/WhatsApp-Image-2026-09-03-at-11.36.18-AM-1-300x225.jpeg 300w, https:\/\/continuamosmx.com\/wp-content\/uploads\/2026\/09\/WhatsApp-Image-2026-09-03-at-11.36.18-AM-1-768x576.jpeg 768w, https:\/\/continuamosmx.com\/wp-content\/uploads\/2026\/09\/WhatsApp-Image-2026-09-03-at-11.36.18-AM-1.jpeg 1280w\" sizes=\"auto, (max-width: 1024px) 100vw, 1024px\" \/><\/figure>\n\n\n\n<figure class=\"wp-block-image size-large\"><img loading=\"lazy\" decoding=\"async\" width=\"768\" height=\"1024\" data-id=\"58298\" src=\"https:\/\/continuamosmx.com\/wp-content\/uploads\/2026\/09\/WhatsApp-Image-2026-09-03-at-11.36.18-AM-768x1024.jpeg\" alt=\"\" class=\"wp-image-58298\" srcset=\"https:\/\/continuamosmx.com\/wp-content\/uploads\/2026\/09\/WhatsApp-Image-2026-09-03-at-11.36.18-AM-768x1024-1.jpeg 768w, https:\/\/continuamosmx.com\/wp-content\/uploads\/2026\/09\/WhatsApp-Image-2026-09-03-at-11.36.18-AM-225x300.jpeg 225w, https:\/\/continuamosmx.com\/wp-content\/uploads\/2026\/09\/WhatsApp-Image-2026-09-03-at-11.36.18-AM.jpeg 960w\" sizes=\"auto, (max-width: 768px) 100vw, 768px\" \/><\/figure>\n<\/figure>\n","protected":false},"excerpt":{"rendered":"<p>*Durante la ceremonia conmemorativa, el alcalde Pedro Rodr\u00edguez destac\u00f3 obras trascendentes, apoyo a la educaci\u00f3n y el respaldo institucional en beneficio de las familias atizapenses. El municipio de Atizap\u00e1n de Zaragoza conmemor\u00f3 su 152 aniversario de fundaci\u00f3n con una ceremonia encabezada por el presidente municipal, Pedro Rodr\u00edguez, acompa\u00f1ado por integrantes del Cabildo, directores del Ayuntamiento [&hellip;]<\/p>\n","protected":false},"author":6,"featured_media":58292,"comment_status":"closed","ping_status":"closed","sticky":false,"template":"","format":"standard","meta":{"footnotes":""},"categories":[20,4],"tags":[],"class_list":["post-58291","post","type-post","status-publish","format-standard","has-post-thumbnail","hentry","category-atizapan-de-zaragoza","category-locales"],"yoast_head":"<!-- This site is optimized with the Yoast SEO plugin v28.4 - https:\/\/yoast.com\/product\/yoast-seo-wordpress\/ -->\n<title>ATIZAP\u00c1N DE ZARAGOZA CELEBRA 152 A\u00d1OS DE HISTORIA CON INVERSI\u00d3N HIST\u00d3RICA Y UNIDAD MUNICIPAL -<\/title>\n<meta name=\"robots\" content=\"index, follow, max-snippet:-1, max-image-preview:large, max-video-preview:-1\" \/>\n<link rel=\"canonical\" href=\"https:\/\/continuamosmx.com\/index.php\/2026\/09\/03\/atizapan-de-zaragoza-celebra-152-anos-de-historia-con-inversion-historica-y-unidad-municipal\/\" \/>\n<meta property=\"og:locale\" content=\"es_ES\" \/>\n<meta property=\"og:type\" content=\"article\" \/>\n<meta property=\"og:title\" content=\"ATIZAP\u00c1N DE ZARAGOZA CELEBRA 152 A\u00d1OS DE HISTORIA CON INVERSI\u00d3N HIST\u00d3RICA Y UNIDAD MUNICIPAL -\" \/>\n<meta property=\"og:description\" content=\"*Durante la ceremonia conmemorativa, el alcalde Pedro Rodr\u00edguez destac\u00f3 obras trascendentes, apoyo a la educaci\u00f3n y el respaldo institucional en beneficio de las familias atizapenses. El municipio de Atizap\u00e1n de Zaragoza conmemor\u00f3 su 152 aniversario de fundaci\u00f3n con una ceremonia encabezada por el presidente municipal, Pedro Rodr\u00edguez, acompa\u00f1ado por integrantes del Cabildo, directores del Ayuntamiento [&hellip;]\" \/>\n<meta property=\"og:url\" content=\"https:\/\/continuamosmx.com\/index.php\/2026\/09\/03\/atizapan-de-zaragoza-celebra-152-anos-de-historia-con-inversion-historica-y-unidad-municipal\/\" \/>\n<meta property=\"article:published_time\" content=\"2026-09-03T19:31:46+00:00\" \/>\n<meta property=\"article:modified_time\" content=\"2026-09-03T19:31:47+00:00\" \/>\n<meta property=\"og:image\" content=\"https:\/\/continuamosmx.com\/wp-content\/uploads\/2026\/09\/WhatsApp-Image-2026-09-03-at-11.36.18-AM-3.jpeg\" \/>\n\t<meta property=\"og:image:width\" content=\"960\" \/>\n\t<meta property=\"og:image:height\" content=\"1280\" \/>\n\t<meta property=\"og:image:type\" content=\"image\/jpeg\" \/>\n<meta name=\"author\" content=\"Continuamos MX\" \/>\n<meta name=\"twitter:card\" content=\"summary_large_image\" \/>\n<meta name=\"twitter:label1\" content=\"Escrito por\" \/>\n\t<meta name=\"twitter:data1\" content=\"Continuamos MX\" \/>\n\t<meta name=\"twitter:label2\" content=\"Tiempo de lectura\" \/>\n\t<meta name=\"twitter:data2\" content=\"3 minutos\" \/>\n<script type=\"application\/ld+json\" class=\"yoast-schema-graph\">{\"@context\":\"https:\\\/\\\/schema.org\",\"@graph\":[{\"@type\":\"Article\",\"@id\":\"https:\\\/\\\/continuamosmx.com\\\/index.php\\\/2026\\\/09\\\/03\\\/atizapan-de-zaragoza-celebra-152-anos-de-historia-con-inversion-historica-y-unidad-municipal\\\/#article\",\"isPartOf\":{\"@id\":\"https:\\\/\\\/continuamosmx.com\\\/index.php\\\/2026\\\/09\\\/03\\\/atizapan-de-zaragoza-celebra-152-anos-de-historia-con-inversion-historica-y-unidad-municipal\\\/\"},\"author\":{\"name\":\"Continuamos MX\",\"@id\":\"https:\\\/\\\/continuamosmx.com\\\/#\\\/schema\\\/person\\\/5eb5356acb1fad784da407d14f0e8d89\"},\"headline\":\"ATIZAP\u00c1N DE ZARAGOZA CELEBRA 152 A\u00d1OS DE HISTORIA CON INVERSI\u00d3N HIST\u00d3RICA Y UNIDAD MUNICIPAL\",\"datePublished\":\"2026-09-03T19:31:46+00:00\",\"dateModified\":\"2026-09-03T19:31:47+00:00\",\"mainEntityOfPage\":{\"@id\":\"https:\\\/\\\/continuamosmx.com\\\/index.php\\\/2026\\\/09\\\/03\\\/atizapan-de-zaragoza-celebra-152-anos-de-historia-con-inversion-historica-y-unidad-municipal\\\/\"},\"wordCount\":260,\"publisher\":{\"@id\":\"https:\\\/\\\/continuamosmx.com\\\/#organization\"},\"image\":{\"@id\":\"https:\\\/\\\/continuamosmx.com\\\/index.php\\\/2026\\\/09\\\/03\\\/atizapan-de-zaragoza-celebra-152-anos-de-historia-con-inversion-historica-y-unidad-municipal\\\/#primaryimage\"},\"thumbnailUrl\":\"https:\\\/\\\/continuamosmx.com\\\/wp-content\\\/uploads\\\/2026\\\/09\\\/WhatsApp-Image-2026-09-03-at-11.36.18-AM-3.jpeg\",\"articleSection\":[\"ATIZAPAN DE ZARAGOZA\",\"LOCALES\"],\"inLanguage\":\"es\"},{\"@type\":\"WebPage\",\"@id\":\"https:\\\/\\\/continuamosmx.com\\\/index.php\\\/2026\\\/09\\\/03\\\/atizapan-de-zaragoza-celebra-152-anos-de-historia-con-inversion-historica-y-unidad-municipal\\\/\",\"url\":\"https:\\\/\\\/continuamosmx.com\\\/index.php\\\/2026\\\/09\\\/03\\\/atizapan-de-zaragoza-celebra-152-anos-de-historia-con-inversion-historica-y-unidad-municipal\\\/\",\"name\":\"ATIZAP\u00c1N DE ZARAGOZA CELEBRA 152 A\u00d1OS DE HISTORIA CON INVERSI\u00d3N HIST\u00d3RICA Y UNIDAD MUNICIPAL -\",\"isPartOf\":{\"@id\":\"https:\\\/\\\/continuamosmx.com\\\/#website\"},\"primaryImageOfPage\":{\"@id\":\"https:\\\/\\\/continuamosmx.com\\\/index.php\\\/2026\\\/09\\\/03\\\/atizapan-de-zaragoza-celebra-152-anos-de-historia-con-inversion-historica-y-unidad-municipal\\\/#primaryimage\"},\"image\":{\"@id\":\"https:\\\/\\\/continuamosmx.com\\\/index.php\\\/2026\\\/09\\\/03\\\/atizapan-de-zaragoza-celebra-152-anos-de-historia-con-inversion-historica-y-unidad-municipal\\\/#primaryimage\"},\"thumbnailUrl\":\"https:\\\/\\\/continuamosmx.com\\\/wp-content\\\/uploads\\\/2026\\\/09\\\/WhatsApp-Image-2026-09-03-at-11.36.18-AM-3.jpeg\",\"datePublished\":\"2026-09-03T19:31:46+00:00\",\"dateModified\":\"2026-09-03T19:31:47+00:00\",\"breadcrumb\":{\"@id\":\"https:\\\/\\\/continuamosmx.com\\\/index.php\\\/2026\\\/09\\\/03\\\/atizapan-de-zaragoza-celebra-152-anos-de-historia-con-inversion-historica-y-unidad-municipal\\\/#breadcrumb\"},\"inLanguage\":\"es\",\"potentialAction\":[{\"@type\":\"ReadAction\",\"target\":[\"https:\\\/\\\/continuamosmx.com\\\/index.php\\\/2026\\\/09\\\/03\\\/atizapan-de-zaragoza-celebra-152-anos-de-historia-con-inversion-historica-y-unidad-municipal\\\/\"]}]},{\"@type\":\"ImageObject\",\"inLanguage\":\"es\",\"@id\":\"https:\\\/\\\/continuamosmx.com\\\/index.php\\\/2026\\\/09\\\/03\\\/atizapan-de-zaragoza-celebra-152-anos-de-historia-con-inversion-historica-y-unidad-municipal\\\/#primaryimage\",\"url\":\"https:\\\/\\\/continuamosmx.com\\\/wp-content\\\/uploads\\\/2026\\\/09\\\/WhatsApp-Image-2026-09-03-at-11.36.18-AM-3.jpeg\",\"contentUrl\":\"https:\\\/\\\/continuamosmx.com\\\/wp-content\\\/uploads\\\/2026\\\/09\\\/WhatsApp-Image-2026-09-03-at-11.36.18-AM-3.jpeg\",\"width\":960,\"height\":1280},{\"@type\":\"BreadcrumbList\",\"@id\":\"https:\\\/\\\/continuamosmx.com\\\/index.php\\\/2026\\\/09\\\/03\\\/atizapan-de-zaragoza-celebra-152-anos-de-historia-con-inversion-historica-y-unidad-municipal\\\/#breadcrumb\",\"itemListElement\":[{\"@type\":\"ListItem\",\"position\":1,\"name\":\"Inicio\",\"item\":\"https:\\\/\\\/continuamosmx.com\\\/\"},{\"@type\":\"ListItem\",\"position\":2,\"name\":\"ATIZAP\u00c1N DE ZARAGOZA CELEBRA 152 A\u00d1OS DE HISTORIA CON INVERSI\u00d3N HIST\u00d3RICA Y UNIDAD MUNICIPAL\"}]},{\"@type\":\"WebSite\",\"@id\":\"https:\\\/\\\/continuamosmx.com\\\/#website\",\"url\":\"https:\\\/\\\/continuamosmx.com\\\/\",\"name\":\"www.continuamosmx.com\",\"description\":\"\",\"publisher\":{\"@id\":\"https:\\\/\\\/continuamosmx.com\\\/#organization\"},\"potentialAction\":[{\"@type\":\"SearchAction\",\"target\":{\"@type\":\"EntryPoint\",\"urlTemplate\":\"https:\\\/\\\/continuamosmx.com\\\/?s={search_term_string}\"},\"query-input\":{\"@type\":\"PropertyValueSpecification\",\"valueRequired\":true,\"valueName\":\"search_term_string\"}}],\"inLanguage\":\"es\"},{\"@type\":\"Organization\",\"@id\":\"https:\\\/\\\/continuamosmx.com\\\/#organization\",\"name\":\"ContinuamosMX\",\"url\":\"https:\\\/\\\/continuamosmx.com\\\/\",\"logo\":{\"@type\":\"ImageObject\",\"inLanguage\":\"es\",\"@id\":\"https:\\\/\\\/continuamosmx.com\\\/#\\\/schema\\\/logo\\\/image\\\/\",\"url\":\"https:\\\/\\\/continuamosmx.com\\\/wp-content\\\/uploads\\\/2023\\\/04\\\/cropped-LOGO-CONTI-NUEVO.png\",\"contentUrl\":\"https:\\\/\\\/continuamosmx.com\\\/wp-content\\\/uploads\\\/2023\\\/04\\\/cropped-LOGO-CONTI-NUEVO.png\",\"width\":1257,\"height\":430,\"caption\":\"ContinuamosMX\"},\"image\":{\"@id\":\"https:\\\/\\\/continuamosmx.com\\\/#\\\/schema\\\/logo\\\/image\\\/\"}},{\"@type\":\"Person\",\"@id\":\"https:\\\/\\\/continuamosmx.com\\\/#\\\/schema\\\/person\\\/5eb5356acb1fad784da407d14f0e8d89\",\"name\":\"Continuamos MX\",\"image\":{\"@type\":\"ImageObject\",\"inLanguage\":\"es\",\"@id\":\"https:\\\/\\\/secure.gravatar.com\\\/avatar\\\/30d4f9723476a15f4da34d35fb3501f08d2357016c76051c6a85c354c7489589?s=96&d=mm&r=g\",\"url\":\"https:\\\/\\\/secure.gravatar.com\\\/avatar\\\/30d4f9723476a15f4da34d35fb3501f08d2357016c76051c6a85c354c7489589?s=96&d=mm&r=g\",\"contentUrl\":\"https:\\\/\\\/secure.gravatar.com\\\/avatar\\\/30d4f9723476a15f4da34d35fb3501f08d2357016c76051c6a85c354c7489589?s=96&d=mm&r=g\",\"caption\":\"Continuamos MX\"},\"sameAs\":[\"http:\\\/\\\/www.continuamos.mx\"],\"url\":\"https:\\\/\\\/continuamosmx.com\\\/index.php\\\/author\\\/continuamos\\\/\"}]}<\/script>\n<!-- \/ Yoast SEO plugin. -->","yoast_head_json":{"title":"ATIZAP\u00c1N DE ZARAGOZA CELEBRA 152 A\u00d1OS DE HISTORIA CON INVERSI\u00d3N HIST\u00d3RICA Y UNIDAD MUNICIPAL -","robots":{"index":"index","follow":"follow","max-snippet":"max-snippet:-1","max-image-preview":"max-image-preview:large","max-video-preview":"max-video-preview:-1"},"canonical":"https:\/\/continuamosmx.com\/index.php\/2026\/09\/03\/atizapan-de-zaragoza-celebra-152-anos-de-historia-con-inversion-historica-y-unidad-municipal\/","og_locale":"es_ES","og_type":"article","og_title":"ATIZAP\u00c1N DE ZARAGOZA CELEBRA 152 A\u00d1OS DE HISTORIA CON INVERSI\u00d3N HIST\u00d3RICA Y UNIDAD MUNICIPAL -","og_description":"*Durante la ceremonia conmemorativa, el alcalde Pedro Rodr\u00edguez destac\u00f3 obras trascendentes, apoyo a la educaci\u00f3n y el respaldo institucional en beneficio de las familias atizapenses. El municipio de Atizap\u00e1n de Zaragoza conmemor\u00f3 su 152 aniversario de fundaci\u00f3n con una ceremonia encabezada por el presidente municipal, Pedro Rodr\u00edguez, acompa\u00f1ado por integrantes del Cabildo, directores del Ayuntamiento [&hellip;]","og_url":"https:\/\/continuamosmx.com\/index.php\/2026\/09\/03\/atizapan-de-zaragoza-celebra-152-anos-de-historia-con-inversion-historica-y-unidad-municipal\/","article_published_time":"2026-09-03T19:31:46+00:00","article_modified_time":"2026-09-03T19:31:47+00:00","og_image":[{"width":960,"height":1280,"url":"https:\/\/continuamosmx.com\/wp-content\/uploads\/2026\/09\/WhatsApp-Image-2026-09-03-at-11.36.18-AM-3.jpeg","type":"image\/jpeg"}],"author":"Continuamos MX","twitter_card":"summary_large_image","twitter_misc":{"Escrito por":"Continuamos MX","Tiempo de lectura":"3 minutos"},"schema":{"@context":"https:\/\/schema.org","@graph":[{"@type":"Article","@id":"https:\/\/continuamosmx.com\/index.php\/2026\/09\/03\/atizapan-de-zaragoza-celebra-152-anos-de-historia-con-inversion-historica-y-unidad-municipal\/#article","isPartOf":{"@id":"https:\/\/continuamosmx.com\/index.php\/2026\/09\/03\/atizapan-de-zaragoza-celebra-152-anos-de-historia-con-inversion-historica-y-unidad-municipal\/"},"author":{"name":"Continuamos MX","@id":"https:\/\/continuamosmx.com\/#\/schema\/person\/5eb5356acb1fad784da407d14f0e8d89"},"headline":"ATIZAP\u00c1N DE ZARAGOZA CELEBRA 152 A\u00d1OS DE HISTORIA CON INVERSI\u00d3N HIST\u00d3RICA Y UNIDAD MUNICIPAL","datePublished":"2026-09-03T19:31:46+00:00","dateModified":"2026-09-03T19:31:47+00:00","mainEntityOfPage":{"@id":"https:\/\/continuamosmx.com\/index.php\/2026\/09\/03\/atizapan-de-zaragoza-celebra-152-anos-de-historia-con-inversion-historica-y-unidad-municipal\/"},"wordCount":260,"publisher":{"@id":"https:\/\/continuamosmx.com\/#organization"},"image":{"@id":"https:\/\/continuamosmx.com\/index.php\/2026\/09\/03\/atizapan-de-zaragoza-celebra-152-anos-de-historia-con-inversion-historica-y-unidad-municipal\/#primaryimage"},"thumbnailUrl":"https:\/\/continuamosmx.com\/wp-content\/uploads\/2026\/09\/WhatsApp-Image-2026-09-03-at-11.36.18-AM-3.jpeg","articleSection":["ATIZAPAN DE ZARAGOZA","LOCALES"],"inLanguage":"es"},{"@type":"WebPage","@id":"https:\/\/continuamosmx.com\/index.php\/2026\/09\/03\/atizapan-de-zaragoza-celebra-152-anos-de-historia-con-inversion-historica-y-unidad-municipal\/","url":"https:\/\/continuamosmx.com\/index.php\/2026\/09\/03\/atizapan-de-zaragoza-celebra-152-anos-de-historia-con-inversion-historica-y-unidad-municipal\/","name":"ATIZAP\u00c1N DE ZARAGOZA CELEBRA 152 A\u00d1OS DE HISTORIA CON INVERSI\u00d3N HIST\u00d3RICA Y UNIDAD MUNICIPAL -","isPartOf":{"@id":"https:\/\/continuamosmx.com\/#website"},"primaryImageOfPage":{"@id":"https:\/\/continuamosmx.com\/index.php\/2026\/09\/03\/atizapan-de-zaragoza-celebra-152-anos-de-historia-con-inversion-historica-y-unidad-municipal\/#primaryimage"},"image":{"@id":"https:\/\/continuamosmx.com\/index.php\/2026\/09\/03\/atizapan-de-zaragoza-celebra-152-anos-de-historia-con-inversion-historica-y-unidad-municipal\/#primaryimage"},"thumbnailUrl":"https:\/\/continuamosmx.com\/wp-content\/uploads\/2026\/09\/WhatsApp-Image-2026-09-03-at-11.36.18-AM-3.jpeg","datePublished":"2026-09-03T19:31:46+00:00","dateModified":"2026-09-03T19:31:47+00:00","breadcrumb":{"@id":"https:\/\/continuamosmx.com\/index.php\/2026\/09\/03\/atizapan-de-zaragoza-celebra-152-anos-de-historia-con-inversion-historica-y-unidad-municipal\/#breadcrumb"},"inLanguage":"es","potentialAction":[{"@type":"ReadAction","target":["https:\/\/continuamosmx.com\/index.php\/2026\/09\/03\/atizapan-de-zaragoza-celebra-152-anos-de-historia-con-inversion-historica-y-unidad-municipal\/"]}]},{"@type":"ImageObject","inLanguage":"es","@id":"https:\/\/continuamosmx.com\/index.php\/2026\/09\/03\/atizapan-de-zaragoza-celebra-152-anos-de-historia-con-inversion-historica-y-unidad-municipal\/#primaryimage","url":"https:\/\/continuamosmx.com\/wp-content\/uploads\/2026\/09\/WhatsApp-Image-2026-09-03-at-11.36.18-AM-3.jpeg","contentUrl":"https:\/\/continuamosmx.com\/wp-content\/uploads\/2026\/09\/WhatsApp-Image-2026-09-03-at-11.36.18-AM-3.jpeg","width":960,"height":1280},{"@type":"BreadcrumbList","@id":"https:\/\/continuamosmx.com\/index.php\/2026\/09\/03\/atizapan-de-zaragoza-celebra-152-anos-de-historia-con-inversion-historica-y-unidad-municipal\/#breadcrumb","itemListElement":[{"@type":"ListItem","position":1,"name":"Inicio","item":"https:\/\/continuamosmx.com\/"},{"@type":"ListItem","position":2,"name":"ATIZAP\u00c1N DE ZARAGOZA CELEBRA 152 A\u00d1OS DE HISTORIA CON INVERSI\u00d3N HIST\u00d3RICA Y UNIDAD MUNICIPAL"}]},{"@type":"WebSite","@id":"https:\/\/continuamosmx.com\/#website","url":"https:\/\/continuamosmx.com\/","name":"www.continuamosmx.com","description":"","publisher":{"@id":"https:\/\/continuamosmx.com\/#organization"},"potentialAction":[{"@type":"SearchAction","target":{"@type":"EntryPoint","urlTemplate":"https:\/\/continuamosmx.com\/?s={search_term_string}"},"query-input":{"@type":"PropertyValueSpecification","valueRequired":true,"valueName":"search_term_string"}}],"inLanguage":"es"},{"@type":"Organization","@id":"https:\/\/continuamosmx.com\/#organization","name":"ContinuamosMX","url":"https:\/\/continuamosmx.com\/","logo":{"@type":"ImageObject","inLanguage":"es","@id":"https:\/\/continuamosmx.com\/#\/schema\/logo\/image\/","url":"https:\/\/continuamosmx.com\/wp-content\/uploads\/2023\/04\/cropped-LOGO-CONTI-NUEVO.png","contentUrl":"https:\/\/continuamosmx.com\/wp-content\/uploads\/2023\/04\/cropped-LOGO-CONTI-NUEVO.png","width":1257,"height":430,"caption":"ContinuamosMX"},"image":{"@id":"https:\/\/continuamosmx.com\/#\/schema\/logo\/image\/"}},{"@type":"Person","@id":"https:\/\/continuamosmx.com\/#\/schema\/person\/5eb5356acb1fad784da407d14f0e8d89","name":"Continuamos MX","image":{"@type":"ImageObject","inLanguage":"es","@id":"https:\/\/secure.gravatar.com\/avatar\/30d4f9723476a15f4da34d35fb3501f08d2357016c76051c6a85c354c7489589?s=96&d=mm&r=g","url":"https:\/\/secure.gravatar.com\/avatar\/30d4f9723476a15f4da34d35fb3501f08d2357016c76051c6a85c354c7489589?s=96&d=mm&r=g","contentUrl":"https:\/\/secure.gravatar.com\/avatar\/30d4f9723476a15f4da34d35fb3501f08d2357016c76051c6a85c354c7489589?s=96&d=mm&r=g","caption":"Continuamos MX"},"sameAs":["http:\/\/www.continuamos.mx"],"url":"https:\/\/continuamosmx.com\/index.php\/author\/continuamos\/"}]}},"_links":{"self":[{"href":"https:\/\/continuamosmx.com\/index.php\/wp-json\/wp\/v2\/posts\/58291","targetHints":{"allow":["GET"]}}],"collection":[{"href":"https:\/\/continuamosmx.com\/index.php\/wp-json\/wp\/v2\/posts"}],"about":[{"href":"https:\/\/continuamosmx.com\/index.php\/wp-json\/wp\/v2\/types\/post"}],"author":[{"embeddable":true,"href":"https:\/\/continuamosmx.com\/index.php\/wp-json\/wp\/v2\/users\/6"}],"replies":[{"embeddable":true,"href":"https:\/\/continuamosmx.com\/index.php\/wp-json\/wp\/v2\/comments?post=58291"}],"version-history":[{"count":1,"href":"https:\/\/continuamosmx.com\/index.php\/wp-json\/wp\/v2\/posts\/58291\/revisions"}],"predecessor-version":[{"id":58299,"href":"https:\/\/continuamosmx.com\/index.php\/wp-json\/wp\/v2\/posts\/58291\/revisions\/58299"}],"wp:featuredmedia":[{"embeddable":true,"href":"https:\/\/continuamosmx.com\/index.php\/wp-json\/wp\/v2\/media\/58292"}],"wp:attachment":[{"href":"https:\/\/continuamosmx.com\/index.php\/wp-json\/wp\/v2\/media?parent=58291"}],"wp:term":[{"taxonomy":"category","embeddable":true,"href":"https:\/\/continuamosmx.com\/index.php\/wp-json\/wp\/v2\/categories?post=58291"},{"taxonomy":"post_tag","embeddable":true,"href":"https:\/\/continuamosmx.com\/index.php\/wp-json\/wp\/v2\/tags?post=58291"}],"curies":[{"name":"wp","href":"https:\/\/api.w.org\/{rel}","templated":true}]}}