{"id":58286,"date":"2026-09-03T13:21:45","date_gmt":"2026-09-03T19:21:45","guid":{"rendered":"https:\/\/continuamosmx.com\/?p=58286"},"modified":"2026-09-03T13:21:46","modified_gmt":"2026-09-03T19:21:46","slug":"cuautitlan-inicia-la-rehabilitacion-integral-de-la-avenida-ferronales-con-una-inversion-de-20-mdp","status":"publish","type":"post","link":"https:\/\/continuamosmx.com\/index.php\/2026\/09\/03\/cuautitlan-inicia-la-rehabilitacion-integral-de-la-avenida-ferronales-con-una-inversion-de-20-mdp\/","title":{"rendered":"CUAUTITL\u00c1N INICIA LA REHABILITACI\u00d3N INTEGRAL DE LA AVENIDA FERRONALES CON UNA INVERSI\u00d3N DE 20 MDP"},"content":{"rendered":"\n<h3 class=\"wp-block-heading\">*<strong>La obra estrat\u00e9gica contempla la aplicaci\u00f3n de concreto hidr\u00e1ulico, nuevas banquetas y alumbrado para optimizar el acceso a la zona del Tren Suburbano.<\/strong><\/h3>\n\n\n\n<p class=\"wp-block-paragraph\">La administraci\u00f3n municipal de Cuautitl\u00e1n, encabezada por la alcaldesa Juanita Carrillo, puso en marcha los trabajos de modernizaci\u00f3n de la avenida Ferronales, una vialidad clave para la movilidad local y el flujo diario de los usuarios del Tren Suburbano.<\/p>\n\n\n\n<p class=\"wp-block-paragraph\">El proyecto, financiado con recursos propios cercanos a los <strong>20 millones de pesos<\/strong>, abarcar\u00e1 un tramo de <strong>540 metros lineales<\/strong> desde el acceso al sistema de transporte masivo hasta la prolongaci\u00f3n Morelos.<\/p>\n\n\n\n<h3 class=\"wp-block-heading\">Aspectos clave de la intervenci\u00f3n:<\/h3>\n\n\n\n<ul class=\"wp-block-list\">\n<li><strong>Material de alta resistencia:<\/strong> Sustituci\u00f3n de la carpeta asf\u00e1ltica por concreto hidr\u00e1ulico tipo MR-35, dise\u00f1ado para soportar el alto tr\u00e1fico vehicular de la zona.<\/li>\n\n\n\n<li><strong>Infraestructura peatonal:<\/strong> Reconstrucci\u00f3n total de guarniciones y banquetas para garantizar un tr\u00e1nsito seguro a pie.<\/li>\n\n\n\n<li><strong>Seguridad vial:<\/strong> Instalaci\u00f3n de un nuevo sistema de alumbrado p\u00fablico a lo largo de todo el corredor intervenido.<\/li>\n\n\n\n<li><strong>Plazos de ejecuci\u00f3n:<\/strong> La Direcci\u00f3n de Obras P\u00fablicas estim\u00f3 un periodo de <strong>102 d\u00edas<\/strong> para concluir los trabajos.<\/li>\n<\/ul>\n\n\n\n<p class=\"wp-block-paragraph\">Durante el arranque oficial, la presidenta municipal subray\u00f3 que esta intervenci\u00f3n atiende un rezago hist\u00f3rico en una de las arterias con mayor desgaste del municipio.<\/p>\n","protected":false},"excerpt":{"rendered":"<p>*La obra estrat\u00e9gica contempla la aplicaci\u00f3n de concreto hidr\u00e1ulico, nuevas banquetas y alumbrado para optimizar el acceso a la zona del Tren Suburbano. La administraci\u00f3n municipal de Cuautitl\u00e1n, encabezada por la alcaldesa Juanita Carrillo, puso en marcha los trabajos de modernizaci\u00f3n de la avenida Ferronales, una vialidad clave para la movilidad local y el flujo [&hellip;]<\/p>\n","protected":false},"author":6,"featured_media":58287,"comment_status":"closed","ping_status":"closed","sticky":false,"template":"","format":"standard","meta":{"footnotes":""},"categories":[4],"tags":[],"class_list":["post-58286","post","type-post","status-publish","format-standard","has-post-thumbnail","hentry","category-locales"],"yoast_head":"<!-- This site is optimized with the Yoast SEO plugin v28.4 - https:\/\/yoast.com\/product\/yoast-seo-wordpress\/ -->\n<title>CUAUTITL\u00c1N INICIA LA REHABILITACI\u00d3N INTEGRAL DE LA AVENIDA FERRONALES CON UNA INVERSI\u00d3N DE 20 MDP -<\/title>\n<meta name=\"robots\" content=\"index, follow, max-snippet:-1, max-image-preview:large, max-video-preview:-1\" \/>\n<link rel=\"canonical\" href=\"https:\/\/continuamosmx.com\/index.php\/2026\/09\/03\/cuautitlan-inicia-la-rehabilitacion-integral-de-la-avenida-ferronales-con-una-inversion-de-20-mdp\/\" \/>\n<meta property=\"og:locale\" content=\"es_ES\" \/>\n<meta property=\"og:type\" content=\"article\" \/>\n<meta property=\"og:title\" content=\"CUAUTITL\u00c1N INICIA LA REHABILITACI\u00d3N INTEGRAL DE LA AVENIDA FERRONALES CON UNA INVERSI\u00d3N DE 20 MDP -\" \/>\n<meta property=\"og:description\" content=\"*La obra estrat\u00e9gica contempla la aplicaci\u00f3n de concreto hidr\u00e1ulico, nuevas banquetas y alumbrado para optimizar el acceso a la zona del Tren Suburbano. La administraci\u00f3n municipal de Cuautitl\u00e1n, encabezada por la alcaldesa Juanita Carrillo, puso en marcha los trabajos de modernizaci\u00f3n de la avenida Ferronales, una vialidad clave para la movilidad local y el flujo [&hellip;]\" \/>\n<meta property=\"og:url\" content=\"https:\/\/continuamosmx.com\/index.php\/2026\/09\/03\/cuautitlan-inicia-la-rehabilitacion-integral-de-la-avenida-ferronales-con-una-inversion-de-20-mdp\/\" \/>\n<meta property=\"article:published_time\" content=\"2026-09-03T19:21:45+00:00\" \/>\n<meta property=\"article:modified_time\" content=\"2026-09-03T19:21:46+00:00\" \/>\n<meta property=\"og:image\" content=\"https:\/\/continuamosmx.com\/wp-content\/uploads\/2026\/09\/inau.png\" \/>\n\t<meta property=\"og:image:width\" content=\"953\" \/>\n\t<meta property=\"og:image:height\" content=\"535\" \/>\n\t<meta property=\"og:image:type\" content=\"image\/png\" \/>\n<meta name=\"author\" content=\"Continuamos MX\" \/>\n<meta name=\"twitter:card\" content=\"summary_large_image\" \/>\n<meta name=\"twitter:label1\" content=\"Escrito por\" \/>\n\t<meta name=\"twitter:data1\" content=\"Continuamos MX\" \/>\n\t<meta name=\"twitter:label2\" content=\"Tiempo de lectura\" \/>\n\t<meta name=\"twitter:data2\" content=\"2 minutos\" \/>\n<script type=\"application\/ld+json\" class=\"yoast-schema-graph\">{\"@context\":\"https:\\\/\\\/schema.org\",\"@graph\":[{\"@type\":\"Article\",\"@id\":\"https:\\\/\\\/continuamosmx.com\\\/index.php\\\/2026\\\/09\\\/03\\\/cuautitlan-inicia-la-rehabilitacion-integral-de-la-avenida-ferronales-con-una-inversion-de-20-mdp\\\/#article\",\"isPartOf\":{\"@id\":\"https:\\\/\\\/continuamosmx.com\\\/index.php\\\/2026\\\/09\\\/03\\\/cuautitlan-inicia-la-rehabilitacion-integral-de-la-avenida-ferronales-con-una-inversion-de-20-mdp\\\/\"},\"author\":{\"name\":\"Continuamos MX\",\"@id\":\"https:\\\/\\\/continuamosmx.com\\\/#\\\/schema\\\/person\\\/5eb5356acb1fad784da407d14f0e8d89\"},\"headline\":\"CUAUTITL\u00c1N INICIA LA REHABILITACI\u00d3N INTEGRAL DE LA AVENIDA FERRONALES CON UNA INVERSI\u00d3N DE 20 MDP\",\"datePublished\":\"2026-09-03T19:21:45+00:00\",\"dateModified\":\"2026-09-03T19:21:46+00:00\",\"mainEntityOfPage\":{\"@id\":\"https:\\\/\\\/continuamosmx.com\\\/index.php\\\/2026\\\/09\\\/03\\\/cuautitlan-inicia-la-rehabilitacion-integral-de-la-avenida-ferronales-con-una-inversion-de-20-mdp\\\/\"},\"wordCount\":236,\"publisher\":{\"@id\":\"https:\\\/\\\/continuamosmx.com\\\/#organization\"},\"image\":{\"@id\":\"https:\\\/\\\/continuamosmx.com\\\/index.php\\\/2026\\\/09\\\/03\\\/cuautitlan-inicia-la-rehabilitacion-integral-de-la-avenida-ferronales-con-una-inversion-de-20-mdp\\\/#primaryimage\"},\"thumbnailUrl\":\"https:\\\/\\\/continuamosmx.com\\\/wp-content\\\/uploads\\\/2026\\\/09\\\/inau.png\",\"articleSection\":[\"LOCALES\"],\"inLanguage\":\"es\"},{\"@type\":\"WebPage\",\"@id\":\"https:\\\/\\\/continuamosmx.com\\\/index.php\\\/2026\\\/09\\\/03\\\/cuautitlan-inicia-la-rehabilitacion-integral-de-la-avenida-ferronales-con-una-inversion-de-20-mdp\\\/\",\"url\":\"https:\\\/\\\/continuamosmx.com\\\/index.php\\\/2026\\\/09\\\/03\\\/cuautitlan-inicia-la-rehabilitacion-integral-de-la-avenida-ferronales-con-una-inversion-de-20-mdp\\\/\",\"name\":\"CUAUTITL\u00c1N INICIA LA REHABILITACI\u00d3N INTEGRAL DE LA AVENIDA FERRONALES CON UNA INVERSI\u00d3N DE 20 MDP -\",\"isPartOf\":{\"@id\":\"https:\\\/\\\/continuamosmx.com\\\/#website\"},\"primaryImageOfPage\":{\"@id\":\"https:\\\/\\\/continuamosmx.com\\\/index.php\\\/2026\\\/09\\\/03\\\/cuautitlan-inicia-la-rehabilitacion-integral-de-la-avenida-ferronales-con-una-inversion-de-20-mdp\\\/#primaryimage\"},\"image\":{\"@id\":\"https:\\\/\\\/continuamosmx.com\\\/index.php\\\/2026\\\/09\\\/03\\\/cuautitlan-inicia-la-rehabilitacion-integral-de-la-avenida-ferronales-con-una-inversion-de-20-mdp\\\/#primaryimage\"},\"thumbnailUrl\":\"https:\\\/\\\/continuamosmx.com\\\/wp-content\\\/uploads\\\/2026\\\/09\\\/inau.png\",\"datePublished\":\"2026-09-03T19:21:45+00:00\",\"dateModified\":\"2026-09-03T19:21:46+00:00\",\"breadcrumb\":{\"@id\":\"https:\\\/\\\/continuamosmx.com\\\/index.php\\\/2026\\\/09\\\/03\\\/cuautitlan-inicia-la-rehabilitacion-integral-de-la-avenida-ferronales-con-una-inversion-de-20-mdp\\\/#breadcrumb\"},\"inLanguage\":\"es\",\"potentialAction\":[{\"@type\":\"ReadAction\",\"target\":[\"https:\\\/\\\/continuamosmx.com\\\/index.php\\\/2026\\\/09\\\/03\\\/cuautitlan-inicia-la-rehabilitacion-integral-de-la-avenida-ferronales-con-una-inversion-de-20-mdp\\\/\"]}]},{\"@type\":\"ImageObject\",\"inLanguage\":\"es\",\"@id\":\"https:\\\/\\\/continuamosmx.com\\\/index.php\\\/2026\\\/09\\\/03\\\/cuautitlan-inicia-la-rehabilitacion-integral-de-la-avenida-ferronales-con-una-inversion-de-20-mdp\\\/#primaryimage\",\"url\":\"https:\\\/\\\/continuamosmx.com\\\/wp-content\\\/uploads\\\/2026\\\/09\\\/inau.png\",\"contentUrl\":\"https:\\\/\\\/continuamosmx.com\\\/wp-content\\\/uploads\\\/2026\\\/09\\\/inau.png\",\"width\":953,\"height\":535},{\"@type\":\"BreadcrumbList\",\"@id\":\"https:\\\/\\\/continuamosmx.com\\\/index.php\\\/2026\\\/09\\\/03\\\/cuautitlan-inicia-la-rehabilitacion-integral-de-la-avenida-ferronales-con-una-inversion-de-20-mdp\\\/#breadcrumb\",\"itemListElement\":[{\"@type\":\"ListItem\",\"position\":1,\"name\":\"Inicio\",\"item\":\"https:\\\/\\\/continuamosmx.com\\\/\"},{\"@type\":\"ListItem\",\"position\":2,\"name\":\"CUAUTITL\u00c1N INICIA LA REHABILITACI\u00d3N INTEGRAL DE LA AVENIDA FERRONALES CON UNA INVERSI\u00d3N DE 20 MDP\"}]},{\"@type\":\"WebSite\",\"@id\":\"https:\\\/\\\/continuamosmx.com\\\/#website\",\"url\":\"https:\\\/\\\/continuamosmx.com\\\/\",\"name\":\"www.continuamosmx.com\",\"description\":\"\",\"publisher\":{\"@id\":\"https:\\\/\\\/continuamosmx.com\\\/#organization\"},\"potentialAction\":[{\"@type\":\"SearchAction\",\"target\":{\"@type\":\"EntryPoint\",\"urlTemplate\":\"https:\\\/\\\/continuamosmx.com\\\/?s={search_term_string}\"},\"query-input\":{\"@type\":\"PropertyValueSpecification\",\"valueRequired\":true,\"valueName\":\"search_term_string\"}}],\"inLanguage\":\"es\"},{\"@type\":\"Organization\",\"@id\":\"https:\\\/\\\/continuamosmx.com\\\/#organization\",\"name\":\"ContinuamosMX\",\"url\":\"https:\\\/\\\/continuamosmx.com\\\/\",\"logo\":{\"@type\":\"ImageObject\",\"inLanguage\":\"es\",\"@id\":\"https:\\\/\\\/continuamosmx.com\\\/#\\\/schema\\\/logo\\\/image\\\/\",\"url\":\"https:\\\/\\\/continuamosmx.com\\\/wp-content\\\/uploads\\\/2023\\\/04\\\/cropped-LOGO-CONTI-NUEVO.png\",\"contentUrl\":\"https:\\\/\\\/continuamosmx.com\\\/wp-content\\\/uploads\\\/2023\\\/04\\\/cropped-LOGO-CONTI-NUEVO.png\",\"width\":1257,\"height\":430,\"caption\":\"ContinuamosMX\"},\"image\":{\"@id\":\"https:\\\/\\\/continuamosmx.com\\\/#\\\/schema\\\/logo\\\/image\\\/\"}},{\"@type\":\"Person\",\"@id\":\"https:\\\/\\\/continuamosmx.com\\\/#\\\/schema\\\/person\\\/5eb5356acb1fad784da407d14f0e8d89\",\"name\":\"Continuamos MX\",\"image\":{\"@type\":\"ImageObject\",\"inLanguage\":\"es\",\"@id\":\"https:\\\/\\\/secure.gravatar.com\\\/avatar\\\/30d4f9723476a15f4da34d35fb3501f08d2357016c76051c6a85c354c7489589?s=96&d=mm&r=g\",\"url\":\"https:\\\/\\\/secure.gravatar.com\\\/avatar\\\/30d4f9723476a15f4da34d35fb3501f08d2357016c76051c6a85c354c7489589?s=96&d=mm&r=g\",\"contentUrl\":\"https:\\\/\\\/secure.gravatar.com\\\/avatar\\\/30d4f9723476a15f4da34d35fb3501f08d2357016c76051c6a85c354c7489589?s=96&d=mm&r=g\",\"caption\":\"Continuamos MX\"},\"sameAs\":[\"http:\\\/\\\/www.continuamos.mx\"],\"url\":\"https:\\\/\\\/continuamosmx.com\\\/index.php\\\/author\\\/continuamos\\\/\"}]}<\/script>\n<!-- \/ Yoast SEO plugin. -->","yoast_head_json":{"title":"CUAUTITL\u00c1N INICIA LA REHABILITACI\u00d3N INTEGRAL DE LA AVENIDA FERRONALES CON UNA INVERSI\u00d3N DE 20 MDP -","robots":{"index":"index","follow":"follow","max-snippet":"max-snippet:-1","max-image-preview":"max-image-preview:large","max-video-preview":"max-video-preview:-1"},"canonical":"https:\/\/continuamosmx.com\/index.php\/2026\/09\/03\/cuautitlan-inicia-la-rehabilitacion-integral-de-la-avenida-ferronales-con-una-inversion-de-20-mdp\/","og_locale":"es_ES","og_type":"article","og_title":"CUAUTITL\u00c1N INICIA LA REHABILITACI\u00d3N INTEGRAL DE LA AVENIDA FERRONALES CON UNA INVERSI\u00d3N DE 20 MDP -","og_description":"*La obra estrat\u00e9gica contempla la aplicaci\u00f3n de concreto hidr\u00e1ulico, nuevas banquetas y alumbrado para optimizar el acceso a la zona del Tren Suburbano. La administraci\u00f3n municipal de Cuautitl\u00e1n, encabezada por la alcaldesa Juanita Carrillo, puso en marcha los trabajos de modernizaci\u00f3n de la avenida Ferronales, una vialidad clave para la movilidad local y el flujo [&hellip;]","og_url":"https:\/\/continuamosmx.com\/index.php\/2026\/09\/03\/cuautitlan-inicia-la-rehabilitacion-integral-de-la-avenida-ferronales-con-una-inversion-de-20-mdp\/","article_published_time":"2026-09-03T19:21:45+00:00","article_modified_time":"2026-09-03T19:21:46+00:00","og_image":[{"width":953,"height":535,"url":"https:\/\/continuamosmx.com\/wp-content\/uploads\/2026\/09\/inau.png","type":"image\/png"}],"author":"Continuamos MX","twitter_card":"summary_large_image","twitter_misc":{"Escrito por":"Continuamos MX","Tiempo de lectura":"2 minutos"},"schema":{"@context":"https:\/\/schema.org","@graph":[{"@type":"Article","@id":"https:\/\/continuamosmx.com\/index.php\/2026\/09\/03\/cuautitlan-inicia-la-rehabilitacion-integral-de-la-avenida-ferronales-con-una-inversion-de-20-mdp\/#article","isPartOf":{"@id":"https:\/\/continuamosmx.com\/index.php\/2026\/09\/03\/cuautitlan-inicia-la-rehabilitacion-integral-de-la-avenida-ferronales-con-una-inversion-de-20-mdp\/"},"author":{"name":"Continuamos MX","@id":"https:\/\/continuamosmx.com\/#\/schema\/person\/5eb5356acb1fad784da407d14f0e8d89"},"headline":"CUAUTITL\u00c1N INICIA LA REHABILITACI\u00d3N INTEGRAL DE LA AVENIDA FERRONALES CON UNA INVERSI\u00d3N DE 20 MDP","datePublished":"2026-09-03T19:21:45+00:00","dateModified":"2026-09-03T19:21:46+00:00","mainEntityOfPage":{"@id":"https:\/\/continuamosmx.com\/index.php\/2026\/09\/03\/cuautitlan-inicia-la-rehabilitacion-integral-de-la-avenida-ferronales-con-una-inversion-de-20-mdp\/"},"wordCount":236,"publisher":{"@id":"https:\/\/continuamosmx.com\/#organization"},"image":{"@id":"https:\/\/continuamosmx.com\/index.php\/2026\/09\/03\/cuautitlan-inicia-la-rehabilitacion-integral-de-la-avenida-ferronales-con-una-inversion-de-20-mdp\/#primaryimage"},"thumbnailUrl":"https:\/\/continuamosmx.com\/wp-content\/uploads\/2026\/09\/inau.png","articleSection":["LOCALES"],"inLanguage":"es"},{"@type":"WebPage","@id":"https:\/\/continuamosmx.com\/index.php\/2026\/09\/03\/cuautitlan-inicia-la-rehabilitacion-integral-de-la-avenida-ferronales-con-una-inversion-de-20-mdp\/","url":"https:\/\/continuamosmx.com\/index.php\/2026\/09\/03\/cuautitlan-inicia-la-rehabilitacion-integral-de-la-avenida-ferronales-con-una-inversion-de-20-mdp\/","name":"CUAUTITL\u00c1N INICIA LA REHABILITACI\u00d3N INTEGRAL DE LA AVENIDA FERRONALES CON UNA INVERSI\u00d3N DE 20 MDP -","isPartOf":{"@id":"https:\/\/continuamosmx.com\/#website"},"primaryImageOfPage":{"@id":"https:\/\/continuamosmx.com\/index.php\/2026\/09\/03\/cuautitlan-inicia-la-rehabilitacion-integral-de-la-avenida-ferronales-con-una-inversion-de-20-mdp\/#primaryimage"},"image":{"@id":"https:\/\/continuamosmx.com\/index.php\/2026\/09\/03\/cuautitlan-inicia-la-rehabilitacion-integral-de-la-avenida-ferronales-con-una-inversion-de-20-mdp\/#primaryimage"},"thumbnailUrl":"https:\/\/continuamosmx.com\/wp-content\/uploads\/2026\/09\/inau.png","datePublished":"2026-09-03T19:21:45+00:00","dateModified":"2026-09-03T19:21:46+00:00","breadcrumb":{"@id":"https:\/\/continuamosmx.com\/index.php\/2026\/09\/03\/cuautitlan-inicia-la-rehabilitacion-integral-de-la-avenida-ferronales-con-una-inversion-de-20-mdp\/#breadcrumb"},"inLanguage":"es","potentialAction":[{"@type":"ReadAction","target":["https:\/\/continuamosmx.com\/index.php\/2026\/09\/03\/cuautitlan-inicia-la-rehabilitacion-integral-de-la-avenida-ferronales-con-una-inversion-de-20-mdp\/"]}]},{"@type":"ImageObject","inLanguage":"es","@id":"https:\/\/continuamosmx.com\/index.php\/2026\/09\/03\/cuautitlan-inicia-la-rehabilitacion-integral-de-la-avenida-ferronales-con-una-inversion-de-20-mdp\/#primaryimage","url":"https:\/\/continuamosmx.com\/wp-content\/uploads\/2026\/09\/inau.png","contentUrl":"https:\/\/continuamosmx.com\/wp-content\/uploads\/2026\/09\/inau.png","width":953,"height":535},{"@type":"BreadcrumbList","@id":"https:\/\/continuamosmx.com\/index.php\/2026\/09\/03\/cuautitlan-inicia-la-rehabilitacion-integral-de-la-avenida-ferronales-con-una-inversion-de-20-mdp\/#breadcrumb","itemListElement":[{"@type":"ListItem","position":1,"name":"Inicio","item":"https:\/\/continuamosmx.com\/"},{"@type":"ListItem","position":2,"name":"CUAUTITL\u00c1N INICIA LA REHABILITACI\u00d3N INTEGRAL DE LA AVENIDA FERRONALES CON UNA INVERSI\u00d3N DE 20 MDP"}]},{"@type":"WebSite","@id":"https:\/\/continuamosmx.com\/#website","url":"https:\/\/continuamosmx.com\/","name":"www.continuamosmx.com","description":"","publisher":{"@id":"https:\/\/continuamosmx.com\/#organization"},"potentialAction":[{"@type":"SearchAction","target":{"@type":"EntryPoint","urlTemplate":"https:\/\/continuamosmx.com\/?s={search_term_string}"},"query-input":{"@type":"PropertyValueSpecification","valueRequired":true,"valueName":"search_term_string"}}],"inLanguage":"es"},{"@type":"Organization","@id":"https:\/\/continuamosmx.com\/#organization","name":"ContinuamosMX","url":"https:\/\/continuamosmx.com\/","logo":{"@type":"ImageObject","inLanguage":"es","@id":"https:\/\/continuamosmx.com\/#\/schema\/logo\/image\/","url":"https:\/\/continuamosmx.com\/wp-content\/uploads\/2023\/04\/cropped-LOGO-CONTI-NUEVO.png","contentUrl":"https:\/\/continuamosmx.com\/wp-content\/uploads\/2023\/04\/cropped-LOGO-CONTI-NUEVO.png","width":1257,"height":430,"caption":"ContinuamosMX"},"image":{"@id":"https:\/\/continuamosmx.com\/#\/schema\/logo\/image\/"}},{"@type":"Person","@id":"https:\/\/continuamosmx.com\/#\/schema\/person\/5eb5356acb1fad784da407d14f0e8d89","name":"Continuamos MX","image":{"@type":"ImageObject","inLanguage":"es","@id":"https:\/\/secure.gravatar.com\/avatar\/30d4f9723476a15f4da34d35fb3501f08d2357016c76051c6a85c354c7489589?s=96&d=mm&r=g","url":"https:\/\/secure.gravatar.com\/avatar\/30d4f9723476a15f4da34d35fb3501f08d2357016c76051c6a85c354c7489589?s=96&d=mm&r=g","contentUrl":"https:\/\/secure.gravatar.com\/avatar\/30d4f9723476a15f4da34d35fb3501f08d2357016c76051c6a85c354c7489589?s=96&d=mm&r=g","caption":"Continuamos MX"},"sameAs":["http:\/\/www.continuamos.mx"],"url":"https:\/\/continuamosmx.com\/index.php\/author\/continuamos\/"}]}},"_links":{"self":[{"href":"https:\/\/continuamosmx.com\/index.php\/wp-json\/wp\/v2\/posts\/58286","targetHints":{"allow":["GET"]}}],"collection":[{"href":"https:\/\/continuamosmx.com\/index.php\/wp-json\/wp\/v2\/posts"}],"about":[{"href":"https:\/\/continuamosmx.com\/index.php\/wp-json\/wp\/v2\/types\/post"}],"author":[{"embeddable":true,"href":"https:\/\/continuamosmx.com\/index.php\/wp-json\/wp\/v2\/users\/6"}],"replies":[{"embeddable":true,"href":"https:\/\/continuamosmx.com\/index.php\/wp-json\/wp\/v2\/comments?post=58286"}],"version-history":[{"count":1,"href":"https:\/\/continuamosmx.com\/index.php\/wp-json\/wp\/v2\/posts\/58286\/revisions"}],"predecessor-version":[{"id":58288,"href":"https:\/\/continuamosmx.com\/index.php\/wp-json\/wp\/v2\/posts\/58286\/revisions\/58288"}],"wp:featuredmedia":[{"embeddable":true,"href":"https:\/\/continuamosmx.com\/index.php\/wp-json\/wp\/v2\/media\/58287"}],"wp:attachment":[{"href":"https:\/\/continuamosmx.com\/index.php\/wp-json\/wp\/v2\/media?parent=58286"}],"wp:term":[{"taxonomy":"category","embeddable":true,"href":"https:\/\/continuamosmx.com\/index.php\/wp-json\/wp\/v2\/categories?post=58286"},{"taxonomy":"post_tag","embeddable":true,"href":"https:\/\/continuamosmx.com\/index.php\/wp-json\/wp\/v2\/tags?post=58286"}],"curies":[{"name":"wp","href":"https:\/\/api.w.org\/{rel}","templated":true}]}}