{"id":58283,"date":"2026-09-03T13:27:41","date_gmt":"2026-09-03T19:27:41","guid":{"rendered":"https:\/\/continuamosmx.com\/?p=58283"},"modified":"2026-09-03T13:27:42","modified_gmt":"2026-09-03T19:27:42","slug":"inauguran-nueva-cocina-del-bienestar-en-el-arenal-para-garantizar-alimentacion-saludable-en-tlalnepantla","status":"publish","type":"post","link":"https:\/\/continuamosmx.com\/index.php\/2026\/09\/03\/inauguran-nueva-cocina-del-bienestar-en-el-arenal-para-garantizar-alimentacion-saludable-en-tlalnepantla\/","title":{"rendered":"INAUGURAN NUEVA COCINA DEL BIENESTAR EN EL ARENAL PARA GARANTIZAR ALIMENTACI\u00d3N SALUDABLE EN TLALNEPANTLA"},"content":{"rendered":"\n<h3 class=\"wp-block-heading\">*<strong>El alcalde Raciel P\u00e9rez Cruz encabez\u00f3 la apertura de este espacio destinado a fortalecer la salud nutricional y proteger la econom\u00eda de las familias del municipio.<\/strong><\/h3>\n\n\n\n<p class=\"wp-block-paragraph\">El Gobierno Municipal de Tlalnepantla puso en marcha una nueva Cocina del Bienestar en la colonia El Arenal, consolidando as\u00ed su estrategia de asistencia social y combate a la carencia alimentaria. La inauguraci\u00f3n estuvo a cargo del presidente municipal, Raciel P\u00e9rez Cruz, quien destac\u00f3 que el proyecto busca asegurar el acceso a platillos nutritivos y de alta calidad a precios accesibles.<\/p>\n\n\n\n<h3 class=\"wp-block-heading\">Puntos clave de la inauguraci\u00f3n:<\/h3>\n\n\n\n<ul class=\"wp-block-list\">\n<li><strong>Enfoque social:<\/strong> El programa prioriza el apoyo a sectores vulnerables como ni\u00f1as, ni\u00f1os, adultos mayores y trabajadores de comunidades con mayor rezago.<\/li>\n\n\n\n<li><strong>Est\u00e1ndares de calidad:<\/strong> Los men\u00fas ofrecidos son variados, supervisados por especialistas en nutrici\u00f3n y elaborados bajo estrictas normas de higiene.<\/li>\n\n\n\n<li><strong>Justicia social:<\/strong> Esta apertura forma parte de una red institucional en expansi\u00f3n que busca transformar el presupuesto p\u00fablico en beneficios directos para los habitantes.<\/li>\n\n\n\n<li><strong>Econom\u00eda familiar:<\/strong> La iniciativa mitiga el impacto inflacionario en la alimentaci\u00f3n diaria de los hogares tlalnepantlenses.<\/li>\n<\/ul>\n\n\n\n<p class=\"wp-block-paragraph\">Durante el evento, el edil reafirm\u00f3 que su administraci\u00f3n mantendr\u00e1 una pol\u00edtica integral enfocada en garantizar que la alimentaci\u00f3n digna sea un derecho efectivo para toda la ciudadan\u00eda.<\/p>\n","protected":false},"excerpt":{"rendered":"<p>*El alcalde Raciel P\u00e9rez Cruz encabez\u00f3 la apertura de este espacio destinado a fortalecer la salud nutricional y proteger la econom\u00eda de las familias del municipio. El Gobierno Municipal de Tlalnepantla puso en marcha una nueva Cocina del Bienestar en la colonia El Arenal, consolidando as\u00ed su estrategia de asistencia social y combate a la [&hellip;]<\/p>\n","protected":false},"author":6,"featured_media":58289,"comment_status":"closed","ping_status":"closed","sticky":false,"template":"","format":"standard","meta":{"footnotes":""},"categories":[4,79],"tags":[],"class_list":["post-58283","post","type-post","status-publish","format-standard","has-post-thumbnail","hentry","category-locales","category-tlalne"],"yoast_head":"<!-- This site is optimized with the Yoast SEO plugin v28.4 - https:\/\/yoast.com\/product\/yoast-seo-wordpress\/ -->\n<title>INAUGURAN NUEVA COCINA DEL BIENESTAR EN EL ARENAL PARA GARANTIZAR ALIMENTACI\u00d3N SALUDABLE EN TLALNEPANTLA -<\/title>\n<meta name=\"robots\" content=\"index, follow, max-snippet:-1, max-image-preview:large, max-video-preview:-1\" \/>\n<link rel=\"canonical\" href=\"https:\/\/continuamosmx.com\/index.php\/2026\/09\/03\/inauguran-nueva-cocina-del-bienestar-en-el-arenal-para-garantizar-alimentacion-saludable-en-tlalnepantla\/\" \/>\n<meta property=\"og:locale\" content=\"es_ES\" \/>\n<meta property=\"og:type\" content=\"article\" \/>\n<meta property=\"og:title\" content=\"INAUGURAN NUEVA COCINA DEL BIENESTAR EN EL ARENAL PARA GARANTIZAR ALIMENTACI\u00d3N SALUDABLE EN TLALNEPANTLA -\" \/>\n<meta property=\"og:description\" content=\"*El alcalde Raciel P\u00e9rez Cruz encabez\u00f3 la apertura de este espacio destinado a fortalecer la salud nutricional y proteger la econom\u00eda de las familias del municipio. El Gobierno Municipal de Tlalnepantla puso en marcha una nueva Cocina del Bienestar en la colonia El Arenal, consolidando as\u00ed su estrategia de asistencia social y combate a la [&hellip;]\" \/>\n<meta property=\"og:url\" content=\"https:\/\/continuamosmx.com\/index.php\/2026\/09\/03\/inauguran-nueva-cocina-del-bienestar-en-el-arenal-para-garantizar-alimentacion-saludable-en-tlalnepantla\/\" \/>\n<meta property=\"article:published_time\" content=\"2026-09-03T19:27:41+00:00\" \/>\n<meta property=\"article:modified_time\" content=\"2026-09-03T19:27:42+00:00\" \/>\n<meta property=\"og:image\" content=\"https:\/\/continuamosmx.com\/wp-content\/uploads\/2026\/09\/WhatsApp-Image-2026-09-03-at-11.35.23-AM-2.jpeg\" \/>\n\t<meta property=\"og:image:width\" content=\"1280\" \/>\n\t<meta property=\"og:image:height\" content=\"854\" \/>\n\t<meta property=\"og:image:type\" content=\"image\/jpeg\" \/>\n<meta name=\"author\" content=\"Continuamos MX\" \/>\n<meta name=\"twitter:card\" content=\"summary_large_image\" \/>\n<meta name=\"twitter:label1\" content=\"Escrito por\" \/>\n\t<meta name=\"twitter:data1\" content=\"Continuamos MX\" \/>\n\t<meta name=\"twitter:label2\" content=\"Tiempo de lectura\" \/>\n\t<meta name=\"twitter:data2\" content=\"2 minutos\" \/>\n<script type=\"application\/ld+json\" class=\"yoast-schema-graph\">{\"@context\":\"https:\\\/\\\/schema.org\",\"@graph\":[{\"@type\":\"Article\",\"@id\":\"https:\\\/\\\/continuamosmx.com\\\/index.php\\\/2026\\\/09\\\/03\\\/inauguran-nueva-cocina-del-bienestar-en-el-arenal-para-garantizar-alimentacion-saludable-en-tlalnepantla\\\/#article\",\"isPartOf\":{\"@id\":\"https:\\\/\\\/continuamosmx.com\\\/index.php\\\/2026\\\/09\\\/03\\\/inauguran-nueva-cocina-del-bienestar-en-el-arenal-para-garantizar-alimentacion-saludable-en-tlalnepantla\\\/\"},\"author\":{\"name\":\"Continuamos MX\",\"@id\":\"https:\\\/\\\/continuamosmx.com\\\/#\\\/schema\\\/person\\\/5eb5356acb1fad784da407d14f0e8d89\"},\"headline\":\"INAUGURAN NUEVA COCINA DEL BIENESTAR EN EL ARENAL PARA GARANTIZAR ALIMENTACI\u00d3N SALUDABLE EN TLALNEPANTLA\",\"datePublished\":\"2026-09-03T19:27:41+00:00\",\"dateModified\":\"2026-09-03T19:27:42+00:00\",\"mainEntityOfPage\":{\"@id\":\"https:\\\/\\\/continuamosmx.com\\\/index.php\\\/2026\\\/09\\\/03\\\/inauguran-nueva-cocina-del-bienestar-en-el-arenal-para-garantizar-alimentacion-saludable-en-tlalnepantla\\\/\"},\"wordCount\":235,\"publisher\":{\"@id\":\"https:\\\/\\\/continuamosmx.com\\\/#organization\"},\"image\":{\"@id\":\"https:\\\/\\\/continuamosmx.com\\\/index.php\\\/2026\\\/09\\\/03\\\/inauguran-nueva-cocina-del-bienestar-en-el-arenal-para-garantizar-alimentacion-saludable-en-tlalnepantla\\\/#primaryimage\"},\"thumbnailUrl\":\"https:\\\/\\\/continuamosmx.com\\\/wp-content\\\/uploads\\\/2026\\\/09\\\/WhatsApp-Image-2026-09-03-at-11.35.23-AM-2.jpeg\",\"articleSection\":[\"LOCALES\",\"TLALNEPANTLA\"],\"inLanguage\":\"es\"},{\"@type\":\"WebPage\",\"@id\":\"https:\\\/\\\/continuamosmx.com\\\/index.php\\\/2026\\\/09\\\/03\\\/inauguran-nueva-cocina-del-bienestar-en-el-arenal-para-garantizar-alimentacion-saludable-en-tlalnepantla\\\/\",\"url\":\"https:\\\/\\\/continuamosmx.com\\\/index.php\\\/2026\\\/09\\\/03\\\/inauguran-nueva-cocina-del-bienestar-en-el-arenal-para-garantizar-alimentacion-saludable-en-tlalnepantla\\\/\",\"name\":\"INAUGURAN NUEVA COCINA DEL BIENESTAR EN EL ARENAL PARA GARANTIZAR ALIMENTACI\u00d3N SALUDABLE EN TLALNEPANTLA -\",\"isPartOf\":{\"@id\":\"https:\\\/\\\/continuamosmx.com\\\/#website\"},\"primaryImageOfPage\":{\"@id\":\"https:\\\/\\\/continuamosmx.com\\\/index.php\\\/2026\\\/09\\\/03\\\/inauguran-nueva-cocina-del-bienestar-en-el-arenal-para-garantizar-alimentacion-saludable-en-tlalnepantla\\\/#primaryimage\"},\"image\":{\"@id\":\"https:\\\/\\\/continuamosmx.com\\\/index.php\\\/2026\\\/09\\\/03\\\/inauguran-nueva-cocina-del-bienestar-en-el-arenal-para-garantizar-alimentacion-saludable-en-tlalnepantla\\\/#primaryimage\"},\"thumbnailUrl\":\"https:\\\/\\\/continuamosmx.com\\\/wp-content\\\/uploads\\\/2026\\\/09\\\/WhatsApp-Image-2026-09-03-at-11.35.23-AM-2.jpeg\",\"datePublished\":\"2026-09-03T19:27:41+00:00\",\"dateModified\":\"2026-09-03T19:27:42+00:00\",\"breadcrumb\":{\"@id\":\"https:\\\/\\\/continuamosmx.com\\\/index.php\\\/2026\\\/09\\\/03\\\/inauguran-nueva-cocina-del-bienestar-en-el-arenal-para-garantizar-alimentacion-saludable-en-tlalnepantla\\\/#breadcrumb\"},\"inLanguage\":\"es\",\"potentialAction\":[{\"@type\":\"ReadAction\",\"target\":[\"https:\\\/\\\/continuamosmx.com\\\/index.php\\\/2026\\\/09\\\/03\\\/inauguran-nueva-cocina-del-bienestar-en-el-arenal-para-garantizar-alimentacion-saludable-en-tlalnepantla\\\/\"]}]},{\"@type\":\"ImageObject\",\"inLanguage\":\"es\",\"@id\":\"https:\\\/\\\/continuamosmx.com\\\/index.php\\\/2026\\\/09\\\/03\\\/inauguran-nueva-cocina-del-bienestar-en-el-arenal-para-garantizar-alimentacion-saludable-en-tlalnepantla\\\/#primaryimage\",\"url\":\"https:\\\/\\\/continuamosmx.com\\\/wp-content\\\/uploads\\\/2026\\\/09\\\/WhatsApp-Image-2026-09-03-at-11.35.23-AM-2.jpeg\",\"contentUrl\":\"https:\\\/\\\/continuamosmx.com\\\/wp-content\\\/uploads\\\/2026\\\/09\\\/WhatsApp-Image-2026-09-03-at-11.35.23-AM-2.jpeg\",\"width\":1280,\"height\":854},{\"@type\":\"BreadcrumbList\",\"@id\":\"https:\\\/\\\/continuamosmx.com\\\/index.php\\\/2026\\\/09\\\/03\\\/inauguran-nueva-cocina-del-bienestar-en-el-arenal-para-garantizar-alimentacion-saludable-en-tlalnepantla\\\/#breadcrumb\",\"itemListElement\":[{\"@type\":\"ListItem\",\"position\":1,\"name\":\"Inicio\",\"item\":\"https:\\\/\\\/continuamosmx.com\\\/\"},{\"@type\":\"ListItem\",\"position\":2,\"name\":\"INAUGURAN NUEVA COCINA DEL BIENESTAR EN EL ARENAL PARA GARANTIZAR ALIMENTACI\u00d3N SALUDABLE EN TLALNEPANTLA\"}]},{\"@type\":\"WebSite\",\"@id\":\"https:\\\/\\\/continuamosmx.com\\\/#website\",\"url\":\"https:\\\/\\\/continuamosmx.com\\\/\",\"name\":\"www.continuamosmx.com\",\"description\":\"\",\"publisher\":{\"@id\":\"https:\\\/\\\/continuamosmx.com\\\/#organization\"},\"potentialAction\":[{\"@type\":\"SearchAction\",\"target\":{\"@type\":\"EntryPoint\",\"urlTemplate\":\"https:\\\/\\\/continuamosmx.com\\\/?s={search_term_string}\"},\"query-input\":{\"@type\":\"PropertyValueSpecification\",\"valueRequired\":true,\"valueName\":\"search_term_string\"}}],\"inLanguage\":\"es\"},{\"@type\":\"Organization\",\"@id\":\"https:\\\/\\\/continuamosmx.com\\\/#organization\",\"name\":\"ContinuamosMX\",\"url\":\"https:\\\/\\\/continuamosmx.com\\\/\",\"logo\":{\"@type\":\"ImageObject\",\"inLanguage\":\"es\",\"@id\":\"https:\\\/\\\/continuamosmx.com\\\/#\\\/schema\\\/logo\\\/image\\\/\",\"url\":\"https:\\\/\\\/continuamosmx.com\\\/wp-content\\\/uploads\\\/2023\\\/04\\\/cropped-LOGO-CONTI-NUEVO.png\",\"contentUrl\":\"https:\\\/\\\/continuamosmx.com\\\/wp-content\\\/uploads\\\/2023\\\/04\\\/cropped-LOGO-CONTI-NUEVO.png\",\"width\":1257,\"height\":430,\"caption\":\"ContinuamosMX\"},\"image\":{\"@id\":\"https:\\\/\\\/continuamosmx.com\\\/#\\\/schema\\\/logo\\\/image\\\/\"}},{\"@type\":\"Person\",\"@id\":\"https:\\\/\\\/continuamosmx.com\\\/#\\\/schema\\\/person\\\/5eb5356acb1fad784da407d14f0e8d89\",\"name\":\"Continuamos MX\",\"image\":{\"@type\":\"ImageObject\",\"inLanguage\":\"es\",\"@id\":\"https:\\\/\\\/secure.gravatar.com\\\/avatar\\\/30d4f9723476a15f4da34d35fb3501f08d2357016c76051c6a85c354c7489589?s=96&d=mm&r=g\",\"url\":\"https:\\\/\\\/secure.gravatar.com\\\/avatar\\\/30d4f9723476a15f4da34d35fb3501f08d2357016c76051c6a85c354c7489589?s=96&d=mm&r=g\",\"contentUrl\":\"https:\\\/\\\/secure.gravatar.com\\\/avatar\\\/30d4f9723476a15f4da34d35fb3501f08d2357016c76051c6a85c354c7489589?s=96&d=mm&r=g\",\"caption\":\"Continuamos MX\"},\"sameAs\":[\"http:\\\/\\\/www.continuamos.mx\"],\"url\":\"https:\\\/\\\/continuamosmx.com\\\/index.php\\\/author\\\/continuamos\\\/\"}]}<\/script>\n<!-- \/ Yoast SEO plugin. -->","yoast_head_json":{"title":"INAUGURAN NUEVA COCINA DEL BIENESTAR EN EL ARENAL PARA GARANTIZAR ALIMENTACI\u00d3N SALUDABLE EN TLALNEPANTLA -","robots":{"index":"index","follow":"follow","max-snippet":"max-snippet:-1","max-image-preview":"max-image-preview:large","max-video-preview":"max-video-preview:-1"},"canonical":"https:\/\/continuamosmx.com\/index.php\/2026\/09\/03\/inauguran-nueva-cocina-del-bienestar-en-el-arenal-para-garantizar-alimentacion-saludable-en-tlalnepantla\/","og_locale":"es_ES","og_type":"article","og_title":"INAUGURAN NUEVA COCINA DEL BIENESTAR EN EL ARENAL PARA GARANTIZAR ALIMENTACI\u00d3N SALUDABLE EN TLALNEPANTLA -","og_description":"*El alcalde Raciel P\u00e9rez Cruz encabez\u00f3 la apertura de este espacio destinado a fortalecer la salud nutricional y proteger la econom\u00eda de las familias del municipio. El Gobierno Municipal de Tlalnepantla puso en marcha una nueva Cocina del Bienestar en la colonia El Arenal, consolidando as\u00ed su estrategia de asistencia social y combate a la [&hellip;]","og_url":"https:\/\/continuamosmx.com\/index.php\/2026\/09\/03\/inauguran-nueva-cocina-del-bienestar-en-el-arenal-para-garantizar-alimentacion-saludable-en-tlalnepantla\/","article_published_time":"2026-09-03T19:27:41+00:00","article_modified_time":"2026-09-03T19:27:42+00:00","og_image":[{"width":1280,"height":854,"url":"https:\/\/continuamosmx.com\/wp-content\/uploads\/2026\/09\/WhatsApp-Image-2026-09-03-at-11.35.23-AM-2.jpeg","type":"image\/jpeg"}],"author":"Continuamos MX","twitter_card":"summary_large_image","twitter_misc":{"Escrito por":"Continuamos MX","Tiempo de lectura":"2 minutos"},"schema":{"@context":"https:\/\/schema.org","@graph":[{"@type":"Article","@id":"https:\/\/continuamosmx.com\/index.php\/2026\/09\/03\/inauguran-nueva-cocina-del-bienestar-en-el-arenal-para-garantizar-alimentacion-saludable-en-tlalnepantla\/#article","isPartOf":{"@id":"https:\/\/continuamosmx.com\/index.php\/2026\/09\/03\/inauguran-nueva-cocina-del-bienestar-en-el-arenal-para-garantizar-alimentacion-saludable-en-tlalnepantla\/"},"author":{"name":"Continuamos MX","@id":"https:\/\/continuamosmx.com\/#\/schema\/person\/5eb5356acb1fad784da407d14f0e8d89"},"headline":"INAUGURAN NUEVA COCINA DEL BIENESTAR EN EL ARENAL PARA GARANTIZAR ALIMENTACI\u00d3N SALUDABLE EN TLALNEPANTLA","datePublished":"2026-09-03T19:27:41+00:00","dateModified":"2026-09-03T19:27:42+00:00","mainEntityOfPage":{"@id":"https:\/\/continuamosmx.com\/index.php\/2026\/09\/03\/inauguran-nueva-cocina-del-bienestar-en-el-arenal-para-garantizar-alimentacion-saludable-en-tlalnepantla\/"},"wordCount":235,"publisher":{"@id":"https:\/\/continuamosmx.com\/#organization"},"image":{"@id":"https:\/\/continuamosmx.com\/index.php\/2026\/09\/03\/inauguran-nueva-cocina-del-bienestar-en-el-arenal-para-garantizar-alimentacion-saludable-en-tlalnepantla\/#primaryimage"},"thumbnailUrl":"https:\/\/continuamosmx.com\/wp-content\/uploads\/2026\/09\/WhatsApp-Image-2026-09-03-at-11.35.23-AM-2.jpeg","articleSection":["LOCALES","TLALNEPANTLA"],"inLanguage":"es"},{"@type":"WebPage","@id":"https:\/\/continuamosmx.com\/index.php\/2026\/09\/03\/inauguran-nueva-cocina-del-bienestar-en-el-arenal-para-garantizar-alimentacion-saludable-en-tlalnepantla\/","url":"https:\/\/continuamosmx.com\/index.php\/2026\/09\/03\/inauguran-nueva-cocina-del-bienestar-en-el-arenal-para-garantizar-alimentacion-saludable-en-tlalnepantla\/","name":"INAUGURAN NUEVA COCINA DEL BIENESTAR EN EL ARENAL PARA GARANTIZAR ALIMENTACI\u00d3N SALUDABLE EN TLALNEPANTLA -","isPartOf":{"@id":"https:\/\/continuamosmx.com\/#website"},"primaryImageOfPage":{"@id":"https:\/\/continuamosmx.com\/index.php\/2026\/09\/03\/inauguran-nueva-cocina-del-bienestar-en-el-arenal-para-garantizar-alimentacion-saludable-en-tlalnepantla\/#primaryimage"},"image":{"@id":"https:\/\/continuamosmx.com\/index.php\/2026\/09\/03\/inauguran-nueva-cocina-del-bienestar-en-el-arenal-para-garantizar-alimentacion-saludable-en-tlalnepantla\/#primaryimage"},"thumbnailUrl":"https:\/\/continuamosmx.com\/wp-content\/uploads\/2026\/09\/WhatsApp-Image-2026-09-03-at-11.35.23-AM-2.jpeg","datePublished":"2026-09-03T19:27:41+00:00","dateModified":"2026-09-03T19:27:42+00:00","breadcrumb":{"@id":"https:\/\/continuamosmx.com\/index.php\/2026\/09\/03\/inauguran-nueva-cocina-del-bienestar-en-el-arenal-para-garantizar-alimentacion-saludable-en-tlalnepantla\/#breadcrumb"},"inLanguage":"es","potentialAction":[{"@type":"ReadAction","target":["https:\/\/continuamosmx.com\/index.php\/2026\/09\/03\/inauguran-nueva-cocina-del-bienestar-en-el-arenal-para-garantizar-alimentacion-saludable-en-tlalnepantla\/"]}]},{"@type":"ImageObject","inLanguage":"es","@id":"https:\/\/continuamosmx.com\/index.php\/2026\/09\/03\/inauguran-nueva-cocina-del-bienestar-en-el-arenal-para-garantizar-alimentacion-saludable-en-tlalnepantla\/#primaryimage","url":"https:\/\/continuamosmx.com\/wp-content\/uploads\/2026\/09\/WhatsApp-Image-2026-09-03-at-11.35.23-AM-2.jpeg","contentUrl":"https:\/\/continuamosmx.com\/wp-content\/uploads\/2026\/09\/WhatsApp-Image-2026-09-03-at-11.35.23-AM-2.jpeg","width":1280,"height":854},{"@type":"BreadcrumbList","@id":"https:\/\/continuamosmx.com\/index.php\/2026\/09\/03\/inauguran-nueva-cocina-del-bienestar-en-el-arenal-para-garantizar-alimentacion-saludable-en-tlalnepantla\/#breadcrumb","itemListElement":[{"@type":"ListItem","position":1,"name":"Inicio","item":"https:\/\/continuamosmx.com\/"},{"@type":"ListItem","position":2,"name":"INAUGURAN NUEVA COCINA DEL BIENESTAR EN EL ARENAL PARA GARANTIZAR ALIMENTACI\u00d3N SALUDABLE EN TLALNEPANTLA"}]},{"@type":"WebSite","@id":"https:\/\/continuamosmx.com\/#website","url":"https:\/\/continuamosmx.com\/","name":"www.continuamosmx.com","description":"","publisher":{"@id":"https:\/\/continuamosmx.com\/#organization"},"potentialAction":[{"@type":"SearchAction","target":{"@type":"EntryPoint","urlTemplate":"https:\/\/continuamosmx.com\/?s={search_term_string}"},"query-input":{"@type":"PropertyValueSpecification","valueRequired":true,"valueName":"search_term_string"}}],"inLanguage":"es"},{"@type":"Organization","@id":"https:\/\/continuamosmx.com\/#organization","name":"ContinuamosMX","url":"https:\/\/continuamosmx.com\/","logo":{"@type":"ImageObject","inLanguage":"es","@id":"https:\/\/continuamosmx.com\/#\/schema\/logo\/image\/","url":"https:\/\/continuamosmx.com\/wp-content\/uploads\/2023\/04\/cropped-LOGO-CONTI-NUEVO.png","contentUrl":"https:\/\/continuamosmx.com\/wp-content\/uploads\/2023\/04\/cropped-LOGO-CONTI-NUEVO.png","width":1257,"height":430,"caption":"ContinuamosMX"},"image":{"@id":"https:\/\/continuamosmx.com\/#\/schema\/logo\/image\/"}},{"@type":"Person","@id":"https:\/\/continuamosmx.com\/#\/schema\/person\/5eb5356acb1fad784da407d14f0e8d89","name":"Continuamos MX","image":{"@type":"ImageObject","inLanguage":"es","@id":"https:\/\/secure.gravatar.com\/avatar\/30d4f9723476a15f4da34d35fb3501f08d2357016c76051c6a85c354c7489589?s=96&d=mm&r=g","url":"https:\/\/secure.gravatar.com\/avatar\/30d4f9723476a15f4da34d35fb3501f08d2357016c76051c6a85c354c7489589?s=96&d=mm&r=g","contentUrl":"https:\/\/secure.gravatar.com\/avatar\/30d4f9723476a15f4da34d35fb3501f08d2357016c76051c6a85c354c7489589?s=96&d=mm&r=g","caption":"Continuamos MX"},"sameAs":["http:\/\/www.continuamos.mx"],"url":"https:\/\/continuamosmx.com\/index.php\/author\/continuamos\/"}]}},"_links":{"self":[{"href":"https:\/\/continuamosmx.com\/index.php\/wp-json\/wp\/v2\/posts\/58283","targetHints":{"allow":["GET"]}}],"collection":[{"href":"https:\/\/continuamosmx.com\/index.php\/wp-json\/wp\/v2\/posts"}],"about":[{"href":"https:\/\/continuamosmx.com\/index.php\/wp-json\/wp\/v2\/types\/post"}],"author":[{"embeddable":true,"href":"https:\/\/continuamosmx.com\/index.php\/wp-json\/wp\/v2\/users\/6"}],"replies":[{"embeddable":true,"href":"https:\/\/continuamosmx.com\/index.php\/wp-json\/wp\/v2\/comments?post=58283"}],"version-history":[{"count":1,"href":"https:\/\/continuamosmx.com\/index.php\/wp-json\/wp\/v2\/posts\/58283\/revisions"}],"predecessor-version":[{"id":58290,"href":"https:\/\/continuamosmx.com\/index.php\/wp-json\/wp\/v2\/posts\/58283\/revisions\/58290"}],"wp:featuredmedia":[{"embeddable":true,"href":"https:\/\/continuamosmx.com\/index.php\/wp-json\/wp\/v2\/media\/58289"}],"wp:attachment":[{"href":"https:\/\/continuamosmx.com\/index.php\/wp-json\/wp\/v2\/media?parent=58283"}],"wp:term":[{"taxonomy":"category","embeddable":true,"href":"https:\/\/continuamosmx.com\/index.php\/wp-json\/wp\/v2\/categories?post=58283"},{"taxonomy":"post_tag","embeddable":true,"href":"https:\/\/continuamosmx.com\/index.php\/wp-json\/wp\/v2\/tags?post=58283"}],"curies":[{"name":"wp","href":"https:\/\/api.w.org\/{rel}","templated":true}]}}