{"id":58276,"date":"2026-09-03T09:25:00","date_gmt":"2026-09-03T15:25:00","guid":{"rendered":"https:\/\/continuamosmx.com\/?p=58276"},"modified":"2026-09-03T09:25:01","modified_gmt":"2026-09-03T15:25:01","slug":"dif-coyotepec-sale-a-las-comunidades-noe-tellez-garcia-apuesta-por-atencion-directa-a-familias","status":"publish","type":"post","link":"https:\/\/continuamosmx.com\/index.php\/2026\/09\/03\/dif-coyotepec-sale-a-las-comunidades-noe-tellez-garcia-apuesta-por-atencion-directa-a-familias\/","title":{"rendered":"DIF COYOTEPEC SALE A LAS COMUNIDADES: NO\u00c9 T\u00c9LLEZ GARC\u00cdA APUESTA POR ATENCI\u00d3N DIRECTA A FAMILIAS"},"content":{"rendered":"\n<p class=\"wp-block-paragraph\"><strong>El presidente honor\u00edfico del organismo impulsa apoyos alimentarios, jornadas de salud y acciones de asistencia social; el reto ser\u00e1 ampliar cobertura y convertir la cercan\u00eda en resultados permanentes.<\/strong><\/p>\n\n\n\n<p class=\"wp-block-paragraph\">Coyotepec, Estado de M\u00e9xico.\u2014 El Sistema Municipal DIF de Coyotepec busca reforzar su presencia fuera de oficina y llevar apoyos directamente a las comunidades, bajo una estrategia encabezada por su presidente honor\u00edfico, No\u00e9 T\u00e9llez Garc\u00eda, enfocada en alimentaci\u00f3n, salud y atenci\u00f3n a sectores en condici\u00f3n de vulnerabilidad.<\/p>\n\n\n\n<p class=\"wp-block-paragraph\">Entre las acciones recientes destacan jornadas de entrega de productos b\u00e1sicos, frutas y verduras dirigidas a familias del municipio, con el prop\u00f3sito de aliviar parte del gasto cotidiano y acercar los programas asistenciales a quienes m\u00e1s los requieren.<\/p>\n\n\n\n<p class=\"wp-block-paragraph\">El organismo tambi\u00e9n ha desarrollado actividades relacionadas con salud, bienestar y asistencia social, adem\u00e1s de recorridos y encuentros con habitantes para identificar necesidades de manera directa.<\/p>\n\n\n\n<p class=\"wp-block-paragraph\">La participaci\u00f3n de T\u00e9llez Garc\u00eda se ha concentrado precisamente en ese modelo de proximidad: presencia en comunidades, acompa\u00f1amiento durante entregas y contacto con distintos grupos de la poblaci\u00f3n.<\/p>\n\n\n\n<p class=\"wp-block-paragraph\">El trabajo del DIF Coyotepec incluye atenci\u00f3n para ni\u00f1as, ni\u00f1os, personas adultas mayores, personas con discapacidad y familias que atraviesan situaciones de vulnerabilidad, sectores que dependen en buena medida de la capacidad municipal para acercar servicios y canalizar apoyos oportunamente.<\/p>\n\n\n\n<p class=\"wp-block-paragraph\">Estas acciones se desarrollan en coordinaci\u00f3n con el Gobierno Municipal de Coyotepec, encabezado por la presidenta municipal Marisol Luna Cruz, con quien T\u00e9llez Garc\u00eda ha participado en diversas actividades p\u00fablicas de car\u00e1cter social.<\/p>\n\n\n\n<p class=\"wp-block-paragraph\">M\u00e1s all\u00e1 de la entrega de apoyos materiales, el desaf\u00edo para el DIF ser\u00e1 lograr que estas jornadas tengan continuidad y que la presencia territorial se traduzca en una cobertura mayor y en mecanismos de seguimiento para las familias atendidas.<\/p>\n\n\n\n<p class=\"wp-block-paragraph\">La cercan\u00eda puede ser un primer paso, pero la eficacia de la pol\u00edtica social municipal depender\u00e1 tambi\u00e9n de medir resultados, ampliar servicios y garantizar que los apoyos lleguen de manera constante a quienes realmente los necesitan.<\/p>\n","protected":false},"excerpt":{"rendered":"<p>El presidente honor\u00edfico del organismo impulsa apoyos alimentarios, jornadas de salud y acciones de asistencia social; el reto ser\u00e1 ampliar cobertura y convertir la cercan\u00eda en resultados permanentes. Coyotepec, Estado de M\u00e9xico.\u2014 El Sistema Municipal DIF de Coyotepec busca reforzar su presencia fuera de oficina y llevar apoyos directamente a las comunidades, bajo una estrategia [&hellip;]<\/p>\n","protected":false},"author":6,"featured_media":58277,"comment_status":"closed","ping_status":"closed","sticky":false,"template":"","format":"standard","meta":{"footnotes":""},"categories":[234,4],"tags":[],"class_list":["post-58276","post","type-post","status-publish","format-standard","has-post-thumbnail","hentry","category-coyotepec","category-locales"],"yoast_head":"<!-- This site is optimized with the Yoast SEO plugin v28.4 - https:\/\/yoast.com\/product\/yoast-seo-wordpress\/ -->\n<title>DIF COYOTEPEC SALE A LAS COMUNIDADES: NO\u00c9 T\u00c9LLEZ GARC\u00cdA APUESTA POR ATENCI\u00d3N DIRECTA A FAMILIAS -<\/title>\n<meta name=\"robots\" content=\"index, follow, max-snippet:-1, max-image-preview:large, max-video-preview:-1\" \/>\n<link rel=\"canonical\" href=\"https:\/\/continuamosmx.com\/index.php\/2026\/09\/03\/dif-coyotepec-sale-a-las-comunidades-noe-tellez-garcia-apuesta-por-atencion-directa-a-familias\/\" \/>\n<meta property=\"og:locale\" content=\"es_ES\" \/>\n<meta property=\"og:type\" content=\"article\" \/>\n<meta property=\"og:title\" content=\"DIF COYOTEPEC SALE A LAS COMUNIDADES: NO\u00c9 T\u00c9LLEZ GARC\u00cdA APUESTA POR ATENCI\u00d3N DIRECTA A FAMILIAS -\" \/>\n<meta property=\"og:description\" content=\"El presidente honor\u00edfico del organismo impulsa apoyos alimentarios, jornadas de salud y acciones de asistencia social; el reto ser\u00e1 ampliar cobertura y convertir la cercan\u00eda en resultados permanentes. Coyotepec, Estado de M\u00e9xico.\u2014 El Sistema Municipal DIF de Coyotepec busca reforzar su presencia fuera de oficina y llevar apoyos directamente a las comunidades, bajo una estrategia [&hellip;]\" \/>\n<meta property=\"og:url\" content=\"https:\/\/continuamosmx.com\/index.php\/2026\/09\/03\/dif-coyotepec-sale-a-las-comunidades-noe-tellez-garcia-apuesta-por-atencion-directa-a-familias\/\" \/>\n<meta property=\"article:published_time\" content=\"2026-09-03T15:25:00+00:00\" \/>\n<meta property=\"article:modified_time\" content=\"2026-09-03T15:25:01+00:00\" \/>\n<meta property=\"og:image\" content=\"https:\/\/continuamosmx.com\/wp-content\/uploads\/2026\/09\/coyotepec.jpg\" \/>\n\t<meta property=\"og:image:width\" content=\"1080\" \/>\n\t<meta property=\"og:image:height\" content=\"607\" \/>\n\t<meta property=\"og:image:type\" content=\"image\/jpeg\" \/>\n<meta name=\"author\" content=\"Continuamos MX\" \/>\n<meta name=\"twitter:card\" content=\"summary_large_image\" \/>\n<meta name=\"twitter:label1\" content=\"Escrito por\" \/>\n\t<meta name=\"twitter:data1\" content=\"Continuamos MX\" \/>\n\t<meta name=\"twitter:label2\" content=\"Tiempo de lectura\" \/>\n\t<meta name=\"twitter:data2\" content=\"2 minutos\" \/>\n<script type=\"application\/ld+json\" class=\"yoast-schema-graph\">{\"@context\":\"https:\\\/\\\/schema.org\",\"@graph\":[{\"@type\":\"Article\",\"@id\":\"https:\\\/\\\/continuamosmx.com\\\/index.php\\\/2026\\\/09\\\/03\\\/dif-coyotepec-sale-a-las-comunidades-noe-tellez-garcia-apuesta-por-atencion-directa-a-familias\\\/#article\",\"isPartOf\":{\"@id\":\"https:\\\/\\\/continuamosmx.com\\\/index.php\\\/2026\\\/09\\\/03\\\/dif-coyotepec-sale-a-las-comunidades-noe-tellez-garcia-apuesta-por-atencion-directa-a-familias\\\/\"},\"author\":{\"name\":\"Continuamos MX\",\"@id\":\"https:\\\/\\\/continuamosmx.com\\\/#\\\/schema\\\/person\\\/5eb5356acb1fad784da407d14f0e8d89\"},\"headline\":\"DIF COYOTEPEC SALE A LAS COMUNIDADES: NO\u00c9 T\u00c9LLEZ GARC\u00cdA APUESTA POR ATENCI\u00d3N DIRECTA A FAMILIAS\",\"datePublished\":\"2026-09-03T15:25:00+00:00\",\"dateModified\":\"2026-09-03T15:25:01+00:00\",\"mainEntityOfPage\":{\"@id\":\"https:\\\/\\\/continuamosmx.com\\\/index.php\\\/2026\\\/09\\\/03\\\/dif-coyotepec-sale-a-las-comunidades-noe-tellez-garcia-apuesta-por-atencion-directa-a-familias\\\/\"},\"wordCount\":366,\"publisher\":{\"@id\":\"https:\\\/\\\/continuamosmx.com\\\/#organization\"},\"image\":{\"@id\":\"https:\\\/\\\/continuamosmx.com\\\/index.php\\\/2026\\\/09\\\/03\\\/dif-coyotepec-sale-a-las-comunidades-noe-tellez-garcia-apuesta-por-atencion-directa-a-familias\\\/#primaryimage\"},\"thumbnailUrl\":\"https:\\\/\\\/continuamosmx.com\\\/wp-content\\\/uploads\\\/2026\\\/09\\\/coyotepec.jpg\",\"articleSection\":[\"COYOTEPEC\",\"LOCALES\"],\"inLanguage\":\"es\"},{\"@type\":\"WebPage\",\"@id\":\"https:\\\/\\\/continuamosmx.com\\\/index.php\\\/2026\\\/09\\\/03\\\/dif-coyotepec-sale-a-las-comunidades-noe-tellez-garcia-apuesta-por-atencion-directa-a-familias\\\/\",\"url\":\"https:\\\/\\\/continuamosmx.com\\\/index.php\\\/2026\\\/09\\\/03\\\/dif-coyotepec-sale-a-las-comunidades-noe-tellez-garcia-apuesta-por-atencion-directa-a-familias\\\/\",\"name\":\"DIF COYOTEPEC SALE A LAS COMUNIDADES: NO\u00c9 T\u00c9LLEZ GARC\u00cdA APUESTA POR ATENCI\u00d3N DIRECTA A FAMILIAS -\",\"isPartOf\":{\"@id\":\"https:\\\/\\\/continuamosmx.com\\\/#website\"},\"primaryImageOfPage\":{\"@id\":\"https:\\\/\\\/continuamosmx.com\\\/index.php\\\/2026\\\/09\\\/03\\\/dif-coyotepec-sale-a-las-comunidades-noe-tellez-garcia-apuesta-por-atencion-directa-a-familias\\\/#primaryimage\"},\"image\":{\"@id\":\"https:\\\/\\\/continuamosmx.com\\\/index.php\\\/2026\\\/09\\\/03\\\/dif-coyotepec-sale-a-las-comunidades-noe-tellez-garcia-apuesta-por-atencion-directa-a-familias\\\/#primaryimage\"},\"thumbnailUrl\":\"https:\\\/\\\/continuamosmx.com\\\/wp-content\\\/uploads\\\/2026\\\/09\\\/coyotepec.jpg\",\"datePublished\":\"2026-09-03T15:25:00+00:00\",\"dateModified\":\"2026-09-03T15:25:01+00:00\",\"breadcrumb\":{\"@id\":\"https:\\\/\\\/continuamosmx.com\\\/index.php\\\/2026\\\/09\\\/03\\\/dif-coyotepec-sale-a-las-comunidades-noe-tellez-garcia-apuesta-por-atencion-directa-a-familias\\\/#breadcrumb\"},\"inLanguage\":\"es\",\"potentialAction\":[{\"@type\":\"ReadAction\",\"target\":[\"https:\\\/\\\/continuamosmx.com\\\/index.php\\\/2026\\\/09\\\/03\\\/dif-coyotepec-sale-a-las-comunidades-noe-tellez-garcia-apuesta-por-atencion-directa-a-familias\\\/\"]}]},{\"@type\":\"ImageObject\",\"inLanguage\":\"es\",\"@id\":\"https:\\\/\\\/continuamosmx.com\\\/index.php\\\/2026\\\/09\\\/03\\\/dif-coyotepec-sale-a-las-comunidades-noe-tellez-garcia-apuesta-por-atencion-directa-a-familias\\\/#primaryimage\",\"url\":\"https:\\\/\\\/continuamosmx.com\\\/wp-content\\\/uploads\\\/2026\\\/09\\\/coyotepec.jpg\",\"contentUrl\":\"https:\\\/\\\/continuamosmx.com\\\/wp-content\\\/uploads\\\/2026\\\/09\\\/coyotepec.jpg\",\"width\":1080,\"height\":607},{\"@type\":\"BreadcrumbList\",\"@id\":\"https:\\\/\\\/continuamosmx.com\\\/index.php\\\/2026\\\/09\\\/03\\\/dif-coyotepec-sale-a-las-comunidades-noe-tellez-garcia-apuesta-por-atencion-directa-a-familias\\\/#breadcrumb\",\"itemListElement\":[{\"@type\":\"ListItem\",\"position\":1,\"name\":\"Inicio\",\"item\":\"https:\\\/\\\/continuamosmx.com\\\/\"},{\"@type\":\"ListItem\",\"position\":2,\"name\":\"DIF COYOTEPEC SALE A LAS COMUNIDADES: NO\u00c9 T\u00c9LLEZ GARC\u00cdA APUESTA POR ATENCI\u00d3N DIRECTA A FAMILIAS\"}]},{\"@type\":\"WebSite\",\"@id\":\"https:\\\/\\\/continuamosmx.com\\\/#website\",\"url\":\"https:\\\/\\\/continuamosmx.com\\\/\",\"name\":\"www.continuamosmx.com\",\"description\":\"\",\"publisher\":{\"@id\":\"https:\\\/\\\/continuamosmx.com\\\/#organization\"},\"potentialAction\":[{\"@type\":\"SearchAction\",\"target\":{\"@type\":\"EntryPoint\",\"urlTemplate\":\"https:\\\/\\\/continuamosmx.com\\\/?s={search_term_string}\"},\"query-input\":{\"@type\":\"PropertyValueSpecification\",\"valueRequired\":true,\"valueName\":\"search_term_string\"}}],\"inLanguage\":\"es\"},{\"@type\":\"Organization\",\"@id\":\"https:\\\/\\\/continuamosmx.com\\\/#organization\",\"name\":\"ContinuamosMX\",\"url\":\"https:\\\/\\\/continuamosmx.com\\\/\",\"logo\":{\"@type\":\"ImageObject\",\"inLanguage\":\"es\",\"@id\":\"https:\\\/\\\/continuamosmx.com\\\/#\\\/schema\\\/logo\\\/image\\\/\",\"url\":\"https:\\\/\\\/continuamosmx.com\\\/wp-content\\\/uploads\\\/2023\\\/04\\\/cropped-LOGO-CONTI-NUEVO.png\",\"contentUrl\":\"https:\\\/\\\/continuamosmx.com\\\/wp-content\\\/uploads\\\/2023\\\/04\\\/cropped-LOGO-CONTI-NUEVO.png\",\"width\":1257,\"height\":430,\"caption\":\"ContinuamosMX\"},\"image\":{\"@id\":\"https:\\\/\\\/continuamosmx.com\\\/#\\\/schema\\\/logo\\\/image\\\/\"}},{\"@type\":\"Person\",\"@id\":\"https:\\\/\\\/continuamosmx.com\\\/#\\\/schema\\\/person\\\/5eb5356acb1fad784da407d14f0e8d89\",\"name\":\"Continuamos MX\",\"image\":{\"@type\":\"ImageObject\",\"inLanguage\":\"es\",\"@id\":\"https:\\\/\\\/secure.gravatar.com\\\/avatar\\\/30d4f9723476a15f4da34d35fb3501f08d2357016c76051c6a85c354c7489589?s=96&d=mm&r=g\",\"url\":\"https:\\\/\\\/secure.gravatar.com\\\/avatar\\\/30d4f9723476a15f4da34d35fb3501f08d2357016c76051c6a85c354c7489589?s=96&d=mm&r=g\",\"contentUrl\":\"https:\\\/\\\/secure.gravatar.com\\\/avatar\\\/30d4f9723476a15f4da34d35fb3501f08d2357016c76051c6a85c354c7489589?s=96&d=mm&r=g\",\"caption\":\"Continuamos MX\"},\"sameAs\":[\"http:\\\/\\\/www.continuamos.mx\"],\"url\":\"https:\\\/\\\/continuamosmx.com\\\/index.php\\\/author\\\/continuamos\\\/\"}]}<\/script>\n<!-- \/ Yoast SEO plugin. -->","yoast_head_json":{"title":"DIF COYOTEPEC SALE A LAS COMUNIDADES: NO\u00c9 T\u00c9LLEZ GARC\u00cdA APUESTA POR ATENCI\u00d3N DIRECTA A FAMILIAS -","robots":{"index":"index","follow":"follow","max-snippet":"max-snippet:-1","max-image-preview":"max-image-preview:large","max-video-preview":"max-video-preview:-1"},"canonical":"https:\/\/continuamosmx.com\/index.php\/2026\/09\/03\/dif-coyotepec-sale-a-las-comunidades-noe-tellez-garcia-apuesta-por-atencion-directa-a-familias\/","og_locale":"es_ES","og_type":"article","og_title":"DIF COYOTEPEC SALE A LAS COMUNIDADES: NO\u00c9 T\u00c9LLEZ GARC\u00cdA APUESTA POR ATENCI\u00d3N DIRECTA A FAMILIAS -","og_description":"El presidente honor\u00edfico del organismo impulsa apoyos alimentarios, jornadas de salud y acciones de asistencia social; el reto ser\u00e1 ampliar cobertura y convertir la cercan\u00eda en resultados permanentes. Coyotepec, Estado de M\u00e9xico.\u2014 El Sistema Municipal DIF de Coyotepec busca reforzar su presencia fuera de oficina y llevar apoyos directamente a las comunidades, bajo una estrategia [&hellip;]","og_url":"https:\/\/continuamosmx.com\/index.php\/2026\/09\/03\/dif-coyotepec-sale-a-las-comunidades-noe-tellez-garcia-apuesta-por-atencion-directa-a-familias\/","article_published_time":"2026-09-03T15:25:00+00:00","article_modified_time":"2026-09-03T15:25:01+00:00","og_image":[{"width":1080,"height":607,"url":"https:\/\/continuamosmx.com\/wp-content\/uploads\/2026\/09\/coyotepec.jpg","type":"image\/jpeg"}],"author":"Continuamos MX","twitter_card":"summary_large_image","twitter_misc":{"Escrito por":"Continuamos MX","Tiempo de lectura":"2 minutos"},"schema":{"@context":"https:\/\/schema.org","@graph":[{"@type":"Article","@id":"https:\/\/continuamosmx.com\/index.php\/2026\/09\/03\/dif-coyotepec-sale-a-las-comunidades-noe-tellez-garcia-apuesta-por-atencion-directa-a-familias\/#article","isPartOf":{"@id":"https:\/\/continuamosmx.com\/index.php\/2026\/09\/03\/dif-coyotepec-sale-a-las-comunidades-noe-tellez-garcia-apuesta-por-atencion-directa-a-familias\/"},"author":{"name":"Continuamos MX","@id":"https:\/\/continuamosmx.com\/#\/schema\/person\/5eb5356acb1fad784da407d14f0e8d89"},"headline":"DIF COYOTEPEC SALE A LAS COMUNIDADES: NO\u00c9 T\u00c9LLEZ GARC\u00cdA APUESTA POR ATENCI\u00d3N DIRECTA A FAMILIAS","datePublished":"2026-09-03T15:25:00+00:00","dateModified":"2026-09-03T15:25:01+00:00","mainEntityOfPage":{"@id":"https:\/\/continuamosmx.com\/index.php\/2026\/09\/03\/dif-coyotepec-sale-a-las-comunidades-noe-tellez-garcia-apuesta-por-atencion-directa-a-familias\/"},"wordCount":366,"publisher":{"@id":"https:\/\/continuamosmx.com\/#organization"},"image":{"@id":"https:\/\/continuamosmx.com\/index.php\/2026\/09\/03\/dif-coyotepec-sale-a-las-comunidades-noe-tellez-garcia-apuesta-por-atencion-directa-a-familias\/#primaryimage"},"thumbnailUrl":"https:\/\/continuamosmx.com\/wp-content\/uploads\/2026\/09\/coyotepec.jpg","articleSection":["COYOTEPEC","LOCALES"],"inLanguage":"es"},{"@type":"WebPage","@id":"https:\/\/continuamosmx.com\/index.php\/2026\/09\/03\/dif-coyotepec-sale-a-las-comunidades-noe-tellez-garcia-apuesta-por-atencion-directa-a-familias\/","url":"https:\/\/continuamosmx.com\/index.php\/2026\/09\/03\/dif-coyotepec-sale-a-las-comunidades-noe-tellez-garcia-apuesta-por-atencion-directa-a-familias\/","name":"DIF COYOTEPEC SALE A LAS COMUNIDADES: NO\u00c9 T\u00c9LLEZ GARC\u00cdA APUESTA POR ATENCI\u00d3N DIRECTA A FAMILIAS -","isPartOf":{"@id":"https:\/\/continuamosmx.com\/#website"},"primaryImageOfPage":{"@id":"https:\/\/continuamosmx.com\/index.php\/2026\/09\/03\/dif-coyotepec-sale-a-las-comunidades-noe-tellez-garcia-apuesta-por-atencion-directa-a-familias\/#primaryimage"},"image":{"@id":"https:\/\/continuamosmx.com\/index.php\/2026\/09\/03\/dif-coyotepec-sale-a-las-comunidades-noe-tellez-garcia-apuesta-por-atencion-directa-a-familias\/#primaryimage"},"thumbnailUrl":"https:\/\/continuamosmx.com\/wp-content\/uploads\/2026\/09\/coyotepec.jpg","datePublished":"2026-09-03T15:25:00+00:00","dateModified":"2026-09-03T15:25:01+00:00","breadcrumb":{"@id":"https:\/\/continuamosmx.com\/index.php\/2026\/09\/03\/dif-coyotepec-sale-a-las-comunidades-noe-tellez-garcia-apuesta-por-atencion-directa-a-familias\/#breadcrumb"},"inLanguage":"es","potentialAction":[{"@type":"ReadAction","target":["https:\/\/continuamosmx.com\/index.php\/2026\/09\/03\/dif-coyotepec-sale-a-las-comunidades-noe-tellez-garcia-apuesta-por-atencion-directa-a-familias\/"]}]},{"@type":"ImageObject","inLanguage":"es","@id":"https:\/\/continuamosmx.com\/index.php\/2026\/09\/03\/dif-coyotepec-sale-a-las-comunidades-noe-tellez-garcia-apuesta-por-atencion-directa-a-familias\/#primaryimage","url":"https:\/\/continuamosmx.com\/wp-content\/uploads\/2026\/09\/coyotepec.jpg","contentUrl":"https:\/\/continuamosmx.com\/wp-content\/uploads\/2026\/09\/coyotepec.jpg","width":1080,"height":607},{"@type":"BreadcrumbList","@id":"https:\/\/continuamosmx.com\/index.php\/2026\/09\/03\/dif-coyotepec-sale-a-las-comunidades-noe-tellez-garcia-apuesta-por-atencion-directa-a-familias\/#breadcrumb","itemListElement":[{"@type":"ListItem","position":1,"name":"Inicio","item":"https:\/\/continuamosmx.com\/"},{"@type":"ListItem","position":2,"name":"DIF COYOTEPEC SALE A LAS COMUNIDADES: NO\u00c9 T\u00c9LLEZ GARC\u00cdA APUESTA POR ATENCI\u00d3N DIRECTA A FAMILIAS"}]},{"@type":"WebSite","@id":"https:\/\/continuamosmx.com\/#website","url":"https:\/\/continuamosmx.com\/","name":"www.continuamosmx.com","description":"","publisher":{"@id":"https:\/\/continuamosmx.com\/#organization"},"potentialAction":[{"@type":"SearchAction","target":{"@type":"EntryPoint","urlTemplate":"https:\/\/continuamosmx.com\/?s={search_term_string}"},"query-input":{"@type":"PropertyValueSpecification","valueRequired":true,"valueName":"search_term_string"}}],"inLanguage":"es"},{"@type":"Organization","@id":"https:\/\/continuamosmx.com\/#organization","name":"ContinuamosMX","url":"https:\/\/continuamosmx.com\/","logo":{"@type":"ImageObject","inLanguage":"es","@id":"https:\/\/continuamosmx.com\/#\/schema\/logo\/image\/","url":"https:\/\/continuamosmx.com\/wp-content\/uploads\/2023\/04\/cropped-LOGO-CONTI-NUEVO.png","contentUrl":"https:\/\/continuamosmx.com\/wp-content\/uploads\/2023\/04\/cropped-LOGO-CONTI-NUEVO.png","width":1257,"height":430,"caption":"ContinuamosMX"},"image":{"@id":"https:\/\/continuamosmx.com\/#\/schema\/logo\/image\/"}},{"@type":"Person","@id":"https:\/\/continuamosmx.com\/#\/schema\/person\/5eb5356acb1fad784da407d14f0e8d89","name":"Continuamos MX","image":{"@type":"ImageObject","inLanguage":"es","@id":"https:\/\/secure.gravatar.com\/avatar\/30d4f9723476a15f4da34d35fb3501f08d2357016c76051c6a85c354c7489589?s=96&d=mm&r=g","url":"https:\/\/secure.gravatar.com\/avatar\/30d4f9723476a15f4da34d35fb3501f08d2357016c76051c6a85c354c7489589?s=96&d=mm&r=g","contentUrl":"https:\/\/secure.gravatar.com\/avatar\/30d4f9723476a15f4da34d35fb3501f08d2357016c76051c6a85c354c7489589?s=96&d=mm&r=g","caption":"Continuamos MX"},"sameAs":["http:\/\/www.continuamos.mx"],"url":"https:\/\/continuamosmx.com\/index.php\/author\/continuamos\/"}]}},"_links":{"self":[{"href":"https:\/\/continuamosmx.com\/index.php\/wp-json\/wp\/v2\/posts\/58276","targetHints":{"allow":["GET"]}}],"collection":[{"href":"https:\/\/continuamosmx.com\/index.php\/wp-json\/wp\/v2\/posts"}],"about":[{"href":"https:\/\/continuamosmx.com\/index.php\/wp-json\/wp\/v2\/types\/post"}],"author":[{"embeddable":true,"href":"https:\/\/continuamosmx.com\/index.php\/wp-json\/wp\/v2\/users\/6"}],"replies":[{"embeddable":true,"href":"https:\/\/continuamosmx.com\/index.php\/wp-json\/wp\/v2\/comments?post=58276"}],"version-history":[{"count":1,"href":"https:\/\/continuamosmx.com\/index.php\/wp-json\/wp\/v2\/posts\/58276\/revisions"}],"predecessor-version":[{"id":58278,"href":"https:\/\/continuamosmx.com\/index.php\/wp-json\/wp\/v2\/posts\/58276\/revisions\/58278"}],"wp:featuredmedia":[{"embeddable":true,"href":"https:\/\/continuamosmx.com\/index.php\/wp-json\/wp\/v2\/media\/58277"}],"wp:attachment":[{"href":"https:\/\/continuamosmx.com\/index.php\/wp-json\/wp\/v2\/media?parent=58276"}],"wp:term":[{"taxonomy":"category","embeddable":true,"href":"https:\/\/continuamosmx.com\/index.php\/wp-json\/wp\/v2\/categories?post=58276"},{"taxonomy":"post_tag","embeddable":true,"href":"https:\/\/continuamosmx.com\/index.php\/wp-json\/wp\/v2\/tags?post=58276"}],"curies":[{"name":"wp","href":"https:\/\/api.w.org\/{rel}","templated":true}]}}