{"id":58273,"date":"2026-09-02T21:21:00","date_gmt":"2026-09-03T03:21:00","guid":{"rendered":"https:\/\/continuamosmx.com\/?p=58273"},"modified":"2026-09-03T09:22:42","modified_gmt":"2026-09-03T15:22:42","slug":"naucalpan-corta-casi-a-la-mitad-el-robo-de-autos-asegurados-suma-52-dias-sin-un-solo-caso","status":"publish","type":"post","link":"https:\/\/continuamosmx.com\/index.php\/2026\/09\/02\/naucalpan-corta-casi-a-la-mitad-el-robo-de-autos-asegurados-suma-52-dias-sin-un-solo-caso\/","title":{"rendered":"NAUCALPAN CORTA CASI A LA MITAD EL ROBO DE AUTOS ASEGURADOS: SUMA 52 D\u00cdAS SIN UN SOLO CASO"},"content":{"rendered":"\n<p class=\"wp-block-paragraph\">*Datos de OCRA reportan una reducci\u00f3n de 47% a julio de 2026; el gobierno de Isaac Montoya pas\u00f3 de escenarios de hasta 30 veh\u00edculos robados en una jornada a registrar d\u00edas completos en cero.<\/p>\n\n\n\n<p class=\"wp-block-paragraph\">Naucalpan de Ju\u00e1rez, Estado de M\u00e9xico, 2 de septiembre de 2026.\u2014 El robo de veh\u00edculos asegurados muestra una reducci\u00f3n significativa en Naucalpan. De acuerdo con cifras de la Oficina Coordinadora de Riesgos Asegurados (OCRA), el municipio acumul\u00f3 una disminuci\u00f3n de 47% a julio de 2026, comportamiento que el organismo coloca como el descenso m\u00e1s pronunciado entre los municipios evaluados.<\/p>\n\n\n\n<p class=\"wp-block-paragraph\">El Gobierno de Naucalpan, encabezado por el presidente municipal Isaac Montoya, atribuye estos resultados al trabajo de la Guardia Municipal, en coordinaci\u00f3n con corporaciones estatales y federales dentro de la Estrategia Operativa Oriente.<\/p>\n\n\n\n<p class=\"wp-block-paragraph\">Uno de los contrastes m\u00e1s relevantes est\u00e1 en los d\u00edas sin denuncias por este delito. Durante 2025 y 2026 se acumularon 52 jornadas con cero robos de veh\u00edculos asegurados, mientras que en periodos equivalentes de 2023 y 2024 \u00fanicamente se registr\u00f3 un d\u00eda sin casos.<\/p>\n\n\n\n<p class=\"wp-block-paragraph\">El hist\u00f3rico de OCRA muestra otra dimensi\u00f3n: entre enero y mayo de 2022 fueron robados 593 veh\u00edculos, frente a 284 en el mismo periodo de 2026. Actualmente, el promedio reportado es de 1.9 unidades robadas por d\u00eda.<\/p>\n\n\n\n<p class=\"wp-block-paragraph\">La comparaci\u00f3n alcanza su punto m\u00e1s extremo al recordar que durante la administraci\u00f3n anterior lleg\u00f3 a registrarse una jornada con 30 veh\u00edculos robados en 24 horas.<\/p>\n\n\n\n<p class=\"wp-block-paragraph\">La estrategia municipal combina an\u00e1lisis delictivo, patrullajes en zonas prioritarias, prevenci\u00f3n, despliegue territorial y reacci\u00f3n inmediata.<\/p>\n\n\n\n<p class=\"wp-block-paragraph\">Sin embargo, las cifras requieren una precisi\u00f3n importante: OCRA contabiliza veh\u00edculos asegurados, por lo que sus registros no representan necesariamente la totalidad de autom\u00f3viles robados en el municipio.<\/p>\n\n\n\n<p class=\"wp-block-paragraph\">Aun con esa salvedad, la tendencia marca un cambio relevante para Naucalpan. El desaf\u00edo para la administraci\u00f3n de Isaac Montoya ser\u00e1 sostener la reducci\u00f3n y trasladarla al conjunto de indicadores oficiales de seguridad y percepci\u00f3n ciudadana.<\/p>\n","protected":false},"excerpt":{"rendered":"<p>*Datos de OCRA reportan una reducci\u00f3n de 47% a julio de 2026; el gobierno de Isaac Montoya pas\u00f3 de escenarios de hasta 30 veh\u00edculos robados en una jornada a registrar d\u00edas completos en cero. Naucalpan de Ju\u00e1rez, Estado de M\u00e9xico, 2 de septiembre de 2026.\u2014 El robo de veh\u00edculos asegurados muestra una reducci\u00f3n significativa en [&hellip;]<\/p>\n","protected":false},"author":6,"featured_media":58274,"comment_status":"closed","ping_status":"closed","sticky":false,"template":"","format":"standard","meta":{"footnotes":""},"categories":[4,64],"tags":[],"class_list":["post-58273","post","type-post","status-publish","format-standard","has-post-thumbnail","hentry","category-locales","category-naucalpan"],"yoast_head":"<!-- This site is optimized with the Yoast SEO plugin v28.4 - https:\/\/yoast.com\/product\/yoast-seo-wordpress\/ -->\n<title>NAUCALPAN CORTA CASI A LA MITAD EL ROBO DE AUTOS ASEGURADOS: SUMA 52 D\u00cdAS SIN UN SOLO CASO -<\/title>\n<meta name=\"robots\" content=\"index, follow, max-snippet:-1, max-image-preview:large, max-video-preview:-1\" \/>\n<link rel=\"canonical\" href=\"https:\/\/continuamosmx.com\/index.php\/2026\/09\/02\/naucalpan-corta-casi-a-la-mitad-el-robo-de-autos-asegurados-suma-52-dias-sin-un-solo-caso\/\" \/>\n<meta property=\"og:locale\" content=\"es_ES\" \/>\n<meta property=\"og:type\" content=\"article\" \/>\n<meta property=\"og:title\" content=\"NAUCALPAN CORTA CASI A LA MITAD EL ROBO DE AUTOS ASEGURADOS: SUMA 52 D\u00cdAS SIN UN SOLO CASO -\" \/>\n<meta property=\"og:description\" content=\"*Datos de OCRA reportan una reducci\u00f3n de 47% a julio de 2026; el gobierno de Isaac Montoya pas\u00f3 de escenarios de hasta 30 veh\u00edculos robados en una jornada a registrar d\u00edas completos en cero. Naucalpan de Ju\u00e1rez, Estado de M\u00e9xico, 2 de septiembre de 2026.\u2014 El robo de veh\u00edculos asegurados muestra una reducci\u00f3n significativa en [&hellip;]\" \/>\n<meta property=\"og:url\" content=\"https:\/\/continuamosmx.com\/index.php\/2026\/09\/02\/naucalpan-corta-casi-a-la-mitad-el-robo-de-autos-asegurados-suma-52-dias-sin-un-solo-caso\/\" \/>\n<meta property=\"article:published_time\" content=\"2026-09-03T03:21:00+00:00\" \/>\n<meta property=\"article:modified_time\" content=\"2026-09-03T15:22:42+00:00\" \/>\n<meta property=\"og:image\" content=\"https:\/\/continuamosmx.com\/wp-content\/uploads\/2026\/09\/nauca.jpg\" \/>\n\t<meta property=\"og:image:width\" content=\"1600\" \/>\n\t<meta property=\"og:image:height\" content=\"1200\" \/>\n\t<meta property=\"og:image:type\" content=\"image\/jpeg\" \/>\n<meta name=\"author\" content=\"Continuamos MX\" \/>\n<meta name=\"twitter:card\" content=\"summary_large_image\" \/>\n<meta name=\"twitter:label1\" content=\"Escrito por\" \/>\n\t<meta name=\"twitter:data1\" content=\"Continuamos MX\" \/>\n\t<meta name=\"twitter:label2\" content=\"Tiempo de lectura\" \/>\n\t<meta name=\"twitter:data2\" content=\"2 minutos\" \/>\n<script type=\"application\/ld+json\" class=\"yoast-schema-graph\">{\"@context\":\"https:\\\/\\\/schema.org\",\"@graph\":[{\"@type\":\"Article\",\"@id\":\"https:\\\/\\\/continuamosmx.com\\\/index.php\\\/2026\\\/09\\\/02\\\/naucalpan-corta-casi-a-la-mitad-el-robo-de-autos-asegurados-suma-52-dias-sin-un-solo-caso\\\/#article\",\"isPartOf\":{\"@id\":\"https:\\\/\\\/continuamosmx.com\\\/index.php\\\/2026\\\/09\\\/02\\\/naucalpan-corta-casi-a-la-mitad-el-robo-de-autos-asegurados-suma-52-dias-sin-un-solo-caso\\\/\"},\"author\":{\"name\":\"Continuamos MX\",\"@id\":\"https:\\\/\\\/continuamosmx.com\\\/#\\\/schema\\\/person\\\/5eb5356acb1fad784da407d14f0e8d89\"},\"headline\":\"NAUCALPAN CORTA CASI A LA MITAD EL ROBO DE AUTOS ASEGURADOS: SUMA 52 D\u00cdAS SIN UN SOLO CASO\",\"datePublished\":\"2026-09-03T03:21:00+00:00\",\"dateModified\":\"2026-09-03T15:22:42+00:00\",\"mainEntityOfPage\":{\"@id\":\"https:\\\/\\\/continuamosmx.com\\\/index.php\\\/2026\\\/09\\\/02\\\/naucalpan-corta-casi-a-la-mitad-el-robo-de-autos-asegurados-suma-52-dias-sin-un-solo-caso\\\/\"},\"wordCount\":345,\"publisher\":{\"@id\":\"https:\\\/\\\/continuamosmx.com\\\/#organization\"},\"image\":{\"@id\":\"https:\\\/\\\/continuamosmx.com\\\/index.php\\\/2026\\\/09\\\/02\\\/naucalpan-corta-casi-a-la-mitad-el-robo-de-autos-asegurados-suma-52-dias-sin-un-solo-caso\\\/#primaryimage\"},\"thumbnailUrl\":\"https:\\\/\\\/continuamosmx.com\\\/wp-content\\\/uploads\\\/2026\\\/09\\\/nauca.jpg\",\"articleSection\":[\"LOCALES\",\"NAUCALPAN\"],\"inLanguage\":\"es\"},{\"@type\":\"WebPage\",\"@id\":\"https:\\\/\\\/continuamosmx.com\\\/index.php\\\/2026\\\/09\\\/02\\\/naucalpan-corta-casi-a-la-mitad-el-robo-de-autos-asegurados-suma-52-dias-sin-un-solo-caso\\\/\",\"url\":\"https:\\\/\\\/continuamosmx.com\\\/index.php\\\/2026\\\/09\\\/02\\\/naucalpan-corta-casi-a-la-mitad-el-robo-de-autos-asegurados-suma-52-dias-sin-un-solo-caso\\\/\",\"name\":\"NAUCALPAN CORTA CASI A LA MITAD EL ROBO DE AUTOS ASEGURADOS: SUMA 52 D\u00cdAS SIN UN SOLO CASO -\",\"isPartOf\":{\"@id\":\"https:\\\/\\\/continuamosmx.com\\\/#website\"},\"primaryImageOfPage\":{\"@id\":\"https:\\\/\\\/continuamosmx.com\\\/index.php\\\/2026\\\/09\\\/02\\\/naucalpan-corta-casi-a-la-mitad-el-robo-de-autos-asegurados-suma-52-dias-sin-un-solo-caso\\\/#primaryimage\"},\"image\":{\"@id\":\"https:\\\/\\\/continuamosmx.com\\\/index.php\\\/2026\\\/09\\\/02\\\/naucalpan-corta-casi-a-la-mitad-el-robo-de-autos-asegurados-suma-52-dias-sin-un-solo-caso\\\/#primaryimage\"},\"thumbnailUrl\":\"https:\\\/\\\/continuamosmx.com\\\/wp-content\\\/uploads\\\/2026\\\/09\\\/nauca.jpg\",\"datePublished\":\"2026-09-03T03:21:00+00:00\",\"dateModified\":\"2026-09-03T15:22:42+00:00\",\"breadcrumb\":{\"@id\":\"https:\\\/\\\/continuamosmx.com\\\/index.php\\\/2026\\\/09\\\/02\\\/naucalpan-corta-casi-a-la-mitad-el-robo-de-autos-asegurados-suma-52-dias-sin-un-solo-caso\\\/#breadcrumb\"},\"inLanguage\":\"es\",\"potentialAction\":[{\"@type\":\"ReadAction\",\"target\":[\"https:\\\/\\\/continuamosmx.com\\\/index.php\\\/2026\\\/09\\\/02\\\/naucalpan-corta-casi-a-la-mitad-el-robo-de-autos-asegurados-suma-52-dias-sin-un-solo-caso\\\/\"]}]},{\"@type\":\"ImageObject\",\"inLanguage\":\"es\",\"@id\":\"https:\\\/\\\/continuamosmx.com\\\/index.php\\\/2026\\\/09\\\/02\\\/naucalpan-corta-casi-a-la-mitad-el-robo-de-autos-asegurados-suma-52-dias-sin-un-solo-caso\\\/#primaryimage\",\"url\":\"https:\\\/\\\/continuamosmx.com\\\/wp-content\\\/uploads\\\/2026\\\/09\\\/nauca.jpg\",\"contentUrl\":\"https:\\\/\\\/continuamosmx.com\\\/wp-content\\\/uploads\\\/2026\\\/09\\\/nauca.jpg\",\"width\":1600,\"height\":1200},{\"@type\":\"BreadcrumbList\",\"@id\":\"https:\\\/\\\/continuamosmx.com\\\/index.php\\\/2026\\\/09\\\/02\\\/naucalpan-corta-casi-a-la-mitad-el-robo-de-autos-asegurados-suma-52-dias-sin-un-solo-caso\\\/#breadcrumb\",\"itemListElement\":[{\"@type\":\"ListItem\",\"position\":1,\"name\":\"Inicio\",\"item\":\"https:\\\/\\\/continuamosmx.com\\\/\"},{\"@type\":\"ListItem\",\"position\":2,\"name\":\"NAUCALPAN CORTA CASI A LA MITAD EL ROBO DE AUTOS ASEGURADOS: SUMA 52 D\u00cdAS SIN UN SOLO CASO\"}]},{\"@type\":\"WebSite\",\"@id\":\"https:\\\/\\\/continuamosmx.com\\\/#website\",\"url\":\"https:\\\/\\\/continuamosmx.com\\\/\",\"name\":\"www.continuamosmx.com\",\"description\":\"\",\"publisher\":{\"@id\":\"https:\\\/\\\/continuamosmx.com\\\/#organization\"},\"potentialAction\":[{\"@type\":\"SearchAction\",\"target\":{\"@type\":\"EntryPoint\",\"urlTemplate\":\"https:\\\/\\\/continuamosmx.com\\\/?s={search_term_string}\"},\"query-input\":{\"@type\":\"PropertyValueSpecification\",\"valueRequired\":true,\"valueName\":\"search_term_string\"}}],\"inLanguage\":\"es\"},{\"@type\":\"Organization\",\"@id\":\"https:\\\/\\\/continuamosmx.com\\\/#organization\",\"name\":\"ContinuamosMX\",\"url\":\"https:\\\/\\\/continuamosmx.com\\\/\",\"logo\":{\"@type\":\"ImageObject\",\"inLanguage\":\"es\",\"@id\":\"https:\\\/\\\/continuamosmx.com\\\/#\\\/schema\\\/logo\\\/image\\\/\",\"url\":\"https:\\\/\\\/continuamosmx.com\\\/wp-content\\\/uploads\\\/2023\\\/04\\\/cropped-LOGO-CONTI-NUEVO.png\",\"contentUrl\":\"https:\\\/\\\/continuamosmx.com\\\/wp-content\\\/uploads\\\/2023\\\/04\\\/cropped-LOGO-CONTI-NUEVO.png\",\"width\":1257,\"height\":430,\"caption\":\"ContinuamosMX\"},\"image\":{\"@id\":\"https:\\\/\\\/continuamosmx.com\\\/#\\\/schema\\\/logo\\\/image\\\/\"}},{\"@type\":\"Person\",\"@id\":\"https:\\\/\\\/continuamosmx.com\\\/#\\\/schema\\\/person\\\/5eb5356acb1fad784da407d14f0e8d89\",\"name\":\"Continuamos MX\",\"image\":{\"@type\":\"ImageObject\",\"inLanguage\":\"es\",\"@id\":\"https:\\\/\\\/secure.gravatar.com\\\/avatar\\\/30d4f9723476a15f4da34d35fb3501f08d2357016c76051c6a85c354c7489589?s=96&d=mm&r=g\",\"url\":\"https:\\\/\\\/secure.gravatar.com\\\/avatar\\\/30d4f9723476a15f4da34d35fb3501f08d2357016c76051c6a85c354c7489589?s=96&d=mm&r=g\",\"contentUrl\":\"https:\\\/\\\/secure.gravatar.com\\\/avatar\\\/30d4f9723476a15f4da34d35fb3501f08d2357016c76051c6a85c354c7489589?s=96&d=mm&r=g\",\"caption\":\"Continuamos MX\"},\"sameAs\":[\"http:\\\/\\\/www.continuamos.mx\"],\"url\":\"https:\\\/\\\/continuamosmx.com\\\/index.php\\\/author\\\/continuamos\\\/\"}]}<\/script>\n<!-- \/ Yoast SEO plugin. -->","yoast_head_json":{"title":"NAUCALPAN CORTA CASI A LA MITAD EL ROBO DE AUTOS ASEGURADOS: SUMA 52 D\u00cdAS SIN UN SOLO CASO -","robots":{"index":"index","follow":"follow","max-snippet":"max-snippet:-1","max-image-preview":"max-image-preview:large","max-video-preview":"max-video-preview:-1"},"canonical":"https:\/\/continuamosmx.com\/index.php\/2026\/09\/02\/naucalpan-corta-casi-a-la-mitad-el-robo-de-autos-asegurados-suma-52-dias-sin-un-solo-caso\/","og_locale":"es_ES","og_type":"article","og_title":"NAUCALPAN CORTA CASI A LA MITAD EL ROBO DE AUTOS ASEGURADOS: SUMA 52 D\u00cdAS SIN UN SOLO CASO -","og_description":"*Datos de OCRA reportan una reducci\u00f3n de 47% a julio de 2026; el gobierno de Isaac Montoya pas\u00f3 de escenarios de hasta 30 veh\u00edculos robados en una jornada a registrar d\u00edas completos en cero. Naucalpan de Ju\u00e1rez, Estado de M\u00e9xico, 2 de septiembre de 2026.\u2014 El robo de veh\u00edculos asegurados muestra una reducci\u00f3n significativa en [&hellip;]","og_url":"https:\/\/continuamosmx.com\/index.php\/2026\/09\/02\/naucalpan-corta-casi-a-la-mitad-el-robo-de-autos-asegurados-suma-52-dias-sin-un-solo-caso\/","article_published_time":"2026-09-03T03:21:00+00:00","article_modified_time":"2026-09-03T15:22:42+00:00","og_image":[{"width":1600,"height":1200,"url":"https:\/\/continuamosmx.com\/wp-content\/uploads\/2026\/09\/nauca.jpg","type":"image\/jpeg"}],"author":"Continuamos MX","twitter_card":"summary_large_image","twitter_misc":{"Escrito por":"Continuamos MX","Tiempo de lectura":"2 minutos"},"schema":{"@context":"https:\/\/schema.org","@graph":[{"@type":"Article","@id":"https:\/\/continuamosmx.com\/index.php\/2026\/09\/02\/naucalpan-corta-casi-a-la-mitad-el-robo-de-autos-asegurados-suma-52-dias-sin-un-solo-caso\/#article","isPartOf":{"@id":"https:\/\/continuamosmx.com\/index.php\/2026\/09\/02\/naucalpan-corta-casi-a-la-mitad-el-robo-de-autos-asegurados-suma-52-dias-sin-un-solo-caso\/"},"author":{"name":"Continuamos MX","@id":"https:\/\/continuamosmx.com\/#\/schema\/person\/5eb5356acb1fad784da407d14f0e8d89"},"headline":"NAUCALPAN CORTA CASI A LA MITAD EL ROBO DE AUTOS ASEGURADOS: SUMA 52 D\u00cdAS SIN UN SOLO CASO","datePublished":"2026-09-03T03:21:00+00:00","dateModified":"2026-09-03T15:22:42+00:00","mainEntityOfPage":{"@id":"https:\/\/continuamosmx.com\/index.php\/2026\/09\/02\/naucalpan-corta-casi-a-la-mitad-el-robo-de-autos-asegurados-suma-52-dias-sin-un-solo-caso\/"},"wordCount":345,"publisher":{"@id":"https:\/\/continuamosmx.com\/#organization"},"image":{"@id":"https:\/\/continuamosmx.com\/index.php\/2026\/09\/02\/naucalpan-corta-casi-a-la-mitad-el-robo-de-autos-asegurados-suma-52-dias-sin-un-solo-caso\/#primaryimage"},"thumbnailUrl":"https:\/\/continuamosmx.com\/wp-content\/uploads\/2026\/09\/nauca.jpg","articleSection":["LOCALES","NAUCALPAN"],"inLanguage":"es"},{"@type":"WebPage","@id":"https:\/\/continuamosmx.com\/index.php\/2026\/09\/02\/naucalpan-corta-casi-a-la-mitad-el-robo-de-autos-asegurados-suma-52-dias-sin-un-solo-caso\/","url":"https:\/\/continuamosmx.com\/index.php\/2026\/09\/02\/naucalpan-corta-casi-a-la-mitad-el-robo-de-autos-asegurados-suma-52-dias-sin-un-solo-caso\/","name":"NAUCALPAN CORTA CASI A LA MITAD EL ROBO DE AUTOS ASEGURADOS: SUMA 52 D\u00cdAS SIN UN SOLO CASO -","isPartOf":{"@id":"https:\/\/continuamosmx.com\/#website"},"primaryImageOfPage":{"@id":"https:\/\/continuamosmx.com\/index.php\/2026\/09\/02\/naucalpan-corta-casi-a-la-mitad-el-robo-de-autos-asegurados-suma-52-dias-sin-un-solo-caso\/#primaryimage"},"image":{"@id":"https:\/\/continuamosmx.com\/index.php\/2026\/09\/02\/naucalpan-corta-casi-a-la-mitad-el-robo-de-autos-asegurados-suma-52-dias-sin-un-solo-caso\/#primaryimage"},"thumbnailUrl":"https:\/\/continuamosmx.com\/wp-content\/uploads\/2026\/09\/nauca.jpg","datePublished":"2026-09-03T03:21:00+00:00","dateModified":"2026-09-03T15:22:42+00:00","breadcrumb":{"@id":"https:\/\/continuamosmx.com\/index.php\/2026\/09\/02\/naucalpan-corta-casi-a-la-mitad-el-robo-de-autos-asegurados-suma-52-dias-sin-un-solo-caso\/#breadcrumb"},"inLanguage":"es","potentialAction":[{"@type":"ReadAction","target":["https:\/\/continuamosmx.com\/index.php\/2026\/09\/02\/naucalpan-corta-casi-a-la-mitad-el-robo-de-autos-asegurados-suma-52-dias-sin-un-solo-caso\/"]}]},{"@type":"ImageObject","inLanguage":"es","@id":"https:\/\/continuamosmx.com\/index.php\/2026\/09\/02\/naucalpan-corta-casi-a-la-mitad-el-robo-de-autos-asegurados-suma-52-dias-sin-un-solo-caso\/#primaryimage","url":"https:\/\/continuamosmx.com\/wp-content\/uploads\/2026\/09\/nauca.jpg","contentUrl":"https:\/\/continuamosmx.com\/wp-content\/uploads\/2026\/09\/nauca.jpg","width":1600,"height":1200},{"@type":"BreadcrumbList","@id":"https:\/\/continuamosmx.com\/index.php\/2026\/09\/02\/naucalpan-corta-casi-a-la-mitad-el-robo-de-autos-asegurados-suma-52-dias-sin-un-solo-caso\/#breadcrumb","itemListElement":[{"@type":"ListItem","position":1,"name":"Inicio","item":"https:\/\/continuamosmx.com\/"},{"@type":"ListItem","position":2,"name":"NAUCALPAN CORTA CASI A LA MITAD EL ROBO DE AUTOS ASEGURADOS: SUMA 52 D\u00cdAS SIN UN SOLO CASO"}]},{"@type":"WebSite","@id":"https:\/\/continuamosmx.com\/#website","url":"https:\/\/continuamosmx.com\/","name":"www.continuamosmx.com","description":"","publisher":{"@id":"https:\/\/continuamosmx.com\/#organization"},"potentialAction":[{"@type":"SearchAction","target":{"@type":"EntryPoint","urlTemplate":"https:\/\/continuamosmx.com\/?s={search_term_string}"},"query-input":{"@type":"PropertyValueSpecification","valueRequired":true,"valueName":"search_term_string"}}],"inLanguage":"es"},{"@type":"Organization","@id":"https:\/\/continuamosmx.com\/#organization","name":"ContinuamosMX","url":"https:\/\/continuamosmx.com\/","logo":{"@type":"ImageObject","inLanguage":"es","@id":"https:\/\/continuamosmx.com\/#\/schema\/logo\/image\/","url":"https:\/\/continuamosmx.com\/wp-content\/uploads\/2023\/04\/cropped-LOGO-CONTI-NUEVO.png","contentUrl":"https:\/\/continuamosmx.com\/wp-content\/uploads\/2023\/04\/cropped-LOGO-CONTI-NUEVO.png","width":1257,"height":430,"caption":"ContinuamosMX"},"image":{"@id":"https:\/\/continuamosmx.com\/#\/schema\/logo\/image\/"}},{"@type":"Person","@id":"https:\/\/continuamosmx.com\/#\/schema\/person\/5eb5356acb1fad784da407d14f0e8d89","name":"Continuamos MX","image":{"@type":"ImageObject","inLanguage":"es","@id":"https:\/\/secure.gravatar.com\/avatar\/30d4f9723476a15f4da34d35fb3501f08d2357016c76051c6a85c354c7489589?s=96&d=mm&r=g","url":"https:\/\/secure.gravatar.com\/avatar\/30d4f9723476a15f4da34d35fb3501f08d2357016c76051c6a85c354c7489589?s=96&d=mm&r=g","contentUrl":"https:\/\/secure.gravatar.com\/avatar\/30d4f9723476a15f4da34d35fb3501f08d2357016c76051c6a85c354c7489589?s=96&d=mm&r=g","caption":"Continuamos MX"},"sameAs":["http:\/\/www.continuamos.mx"],"url":"https:\/\/continuamosmx.com\/index.php\/author\/continuamos\/"}]}},"_links":{"self":[{"href":"https:\/\/continuamosmx.com\/index.php\/wp-json\/wp\/v2\/posts\/58273","targetHints":{"allow":["GET"]}}],"collection":[{"href":"https:\/\/continuamosmx.com\/index.php\/wp-json\/wp\/v2\/posts"}],"about":[{"href":"https:\/\/continuamosmx.com\/index.php\/wp-json\/wp\/v2\/types\/post"}],"author":[{"embeddable":true,"href":"https:\/\/continuamosmx.com\/index.php\/wp-json\/wp\/v2\/users\/6"}],"replies":[{"embeddable":true,"href":"https:\/\/continuamosmx.com\/index.php\/wp-json\/wp\/v2\/comments?post=58273"}],"version-history":[{"count":1,"href":"https:\/\/continuamosmx.com\/index.php\/wp-json\/wp\/v2\/posts\/58273\/revisions"}],"predecessor-version":[{"id":58275,"href":"https:\/\/continuamosmx.com\/index.php\/wp-json\/wp\/v2\/posts\/58273\/revisions\/58275"}],"wp:featuredmedia":[{"embeddable":true,"href":"https:\/\/continuamosmx.com\/index.php\/wp-json\/wp\/v2\/media\/58274"}],"wp:attachment":[{"href":"https:\/\/continuamosmx.com\/index.php\/wp-json\/wp\/v2\/media?parent=58273"}],"wp:term":[{"taxonomy":"category","embeddable":true,"href":"https:\/\/continuamosmx.com\/index.php\/wp-json\/wp\/v2\/categories?post=58273"},{"taxonomy":"post_tag","embeddable":true,"href":"https:\/\/continuamosmx.com\/index.php\/wp-json\/wp\/v2\/tags?post=58273"}],"curies":[{"name":"wp","href":"https:\/\/api.w.org\/{rel}","templated":true}]}}