{"id":58263,"date":"2026-09-02T12:40:00","date_gmt":"2026-09-02T18:40:00","guid":{"rendered":"https:\/\/continuamosmx.com\/?p=58263"},"modified":"2026-09-03T02:41:35","modified_gmt":"2026-09-03T08:41:35","slug":"el-parque-de-las-esculturas-mantendra-abierta-su-muestra-visual-en-el-encuentro-nacional-de-arte-del-tesci","status":"publish","type":"post","link":"https:\/\/continuamosmx.com\/index.php\/2026\/09\/02\/el-parque-de-las-esculturas-mantendra-abierta-su-muestra-visual-en-el-encuentro-nacional-de-arte-del-tesci\/","title":{"rendered":"EL PARQUE DE LAS ESCULTURAS MANTENDR\u00c1 ABIERTA SU MUESTRA VISUAL EN EL ENCUENTRO NACIONAL DE ARTE DEL TESCI"},"content":{"rendered":"\n<h2 class=\"wp-block-heading\">*<strong>Estudiantes de institutos tecnol\u00f3gicos de todo el pa\u00eds participan en las actividades de artes pl\u00e1sticas y fotograf\u00eda que contin\u00faan este mi\u00e9rcoles con entrada abierta al p\u00fablico.<\/strong><\/h2>\n\n\n\n<p class=\"wp-block-paragraph\"><strong>CUAUTITL\u00c1N IZCALLI, Estado de M\u00e9xico.\u2013<\/strong> Como parte de las actividades del Encuentro Nacional de Arte y Cultura, el Parque de las Esculturas se mantiene como sede de una nutrida muestra visual que re\u00fane talento de diversos estados de la Rep\u00fablica. Las exposiciones y talleres de artes pl\u00e1sticas y fotograf\u00eda contin\u00faan activas durante la tarde de este mi\u00e9rcoles hasta las 18:00 horas.<\/p>\n\n\n\n<p class=\"wp-block-paragraph\">El evento convoca a la comunidad estudiantil de distintos tecnol\u00f3gicos del pa\u00eds, destacando la presencia de representaciones provenientes de Acapulco, Apizaco, Celaya, Ciudad Guzm\u00e1n, Ciudad Ju\u00e1rez, Colima, Durango, Huimanguillo, Los Mochis y Matamoros. Asimismo, se cuenta con la participaci\u00f3n anfitriona del Tecnol\u00f2gico de Estudios Superiores de Cuautitl\u00e1n Izcalli (TESCI), adem\u00e1s de delegaciones de Jocotitl\u00e1n y otras entidades.<\/p>\n\n\n\n<p class=\"wp-block-paragraph\">En el rubro de fotograf\u00eda, la exposici\u00f3n exhibe trabajos elaborados por alumnos de Ciudad Ju\u00e1rez, Colima, Costa Grande, Cuautla, La Laguna, Nuevo Le\u00f3n, Pachuca y Quer\u00e9taro, ofreciendo una amplia perspectiva creativa a trav\u00e9s de la lente.<\/p>\n\n\n\n<p class=\"wp-block-paragraph\">Esta muestra visual complementa la programaci\u00f3n art\u00edstica programada en el escenario principal del recinto, permitiendo que las y los asistentes disfruten de manera simult\u00e1nea de expresiones como la danza, la m\u00fasica, la pintura y la fotograf\u00eda en un mismo espacio de convivencia cultural.<\/p>\n","protected":false},"excerpt":{"rendered":"<p>*Estudiantes de institutos tecnol\u00f3gicos de todo el pa\u00eds participan en las actividades de artes pl\u00e1sticas y fotograf\u00eda que contin\u00faan este mi\u00e9rcoles con entrada abierta al p\u00fablico. CUAUTITL\u00c1N IZCALLI, Estado de M\u00e9xico.\u2013 Como parte de las actividades del Encuentro Nacional de Arte y Cultura, el Parque de las Esculturas se mantiene como sede de una nutrida [&hellip;]<\/p>\n","protected":false},"author":6,"featured_media":58264,"comment_status":"closed","ping_status":"closed","sticky":false,"template":"","format":"standard","meta":{"footnotes":""},"categories":[22,4],"tags":[],"class_list":["post-58263","post","type-post","status-publish","format-standard","has-post-thumbnail","hentry","category-c-izcalli","category-locales"],"yoast_head":"<!-- This site is optimized with the Yoast SEO plugin v28.4 - https:\/\/yoast.com\/product\/yoast-seo-wordpress\/ -->\n<title>EL PARQUE DE LAS ESCULTURAS MANTENDR\u00c1 ABIERTA SU MUESTRA VISUAL EN EL ENCUENTRO NACIONAL DE ARTE DEL TESCI -<\/title>\n<meta name=\"robots\" content=\"index, follow, max-snippet:-1, max-image-preview:large, max-video-preview:-1\" \/>\n<link rel=\"canonical\" href=\"https:\/\/continuamosmx.com\/index.php\/2026\/09\/02\/el-parque-de-las-esculturas-mantendra-abierta-su-muestra-visual-en-el-encuentro-nacional-de-arte-del-tesci\/\" \/>\n<meta property=\"og:locale\" content=\"es_ES\" \/>\n<meta property=\"og:type\" content=\"article\" \/>\n<meta property=\"og:title\" content=\"EL PARQUE DE LAS ESCULTURAS MANTENDR\u00c1 ABIERTA SU MUESTRA VISUAL EN EL ENCUENTRO NACIONAL DE ARTE DEL TESCI -\" \/>\n<meta property=\"og:description\" content=\"*Estudiantes de institutos tecnol\u00f3gicos de todo el pa\u00eds participan en las actividades de artes pl\u00e1sticas y fotograf\u00eda que contin\u00faan este mi\u00e9rcoles con entrada abierta al p\u00fablico. CUAUTITL\u00c1N IZCALLI, Estado de M\u00e9xico.\u2013 Como parte de las actividades del Encuentro Nacional de Arte y Cultura, el Parque de las Esculturas se mantiene como sede de una nutrida [&hellip;]\" \/>\n<meta property=\"og:url\" content=\"https:\/\/continuamosmx.com\/index.php\/2026\/09\/02\/el-parque-de-las-esculturas-mantendra-abierta-su-muestra-visual-en-el-encuentro-nacional-de-arte-del-tesci\/\" \/>\n<meta property=\"article:published_time\" content=\"2026-09-02T18:40:00+00:00\" \/>\n<meta property=\"article:modified_time\" content=\"2026-09-03T08:41:35+00:00\" \/>\n<meta property=\"og:image\" content=\"https:\/\/continuamosmx.com\/wp-content\/uploads\/2026\/09\/WhatsApp-Image-2026-09-02-at-2.53.32-PM-scaled.jpeg\" \/>\n\t<meta property=\"og:image:width\" content=\"2560\" \/>\n\t<meta property=\"og:image:height\" content=\"1706\" \/>\n\t<meta property=\"og:image:type\" content=\"image\/jpeg\" \/>\n<meta name=\"author\" content=\"Continuamos MX\" \/>\n<meta name=\"twitter:card\" content=\"summary_large_image\" \/>\n<meta name=\"twitter:label1\" content=\"Escrito por\" \/>\n\t<meta name=\"twitter:data1\" content=\"Continuamos MX\" \/>\n\t<meta name=\"twitter:label2\" content=\"Tiempo de lectura\" \/>\n\t<meta name=\"twitter:data2\" content=\"2 minutos\" \/>\n<script type=\"application\/ld+json\" class=\"yoast-schema-graph\">{\"@context\":\"https:\\\/\\\/schema.org\",\"@graph\":[{\"@type\":\"Article\",\"@id\":\"https:\\\/\\\/continuamosmx.com\\\/index.php\\\/2026\\\/09\\\/02\\\/el-parque-de-las-esculturas-mantendra-abierta-su-muestra-visual-en-el-encuentro-nacional-de-arte-del-tesci\\\/#article\",\"isPartOf\":{\"@id\":\"https:\\\/\\\/continuamosmx.com\\\/index.php\\\/2026\\\/09\\\/02\\\/el-parque-de-las-esculturas-mantendra-abierta-su-muestra-visual-en-el-encuentro-nacional-de-arte-del-tesci\\\/\"},\"author\":{\"name\":\"Continuamos MX\",\"@id\":\"https:\\\/\\\/continuamosmx.com\\\/#\\\/schema\\\/person\\\/5eb5356acb1fad784da407d14f0e8d89\"},\"headline\":\"EL PARQUE DE LAS ESCULTURAS MANTENDR\u00c1 ABIERTA SU MUESTRA VISUAL EN EL ENCUENTRO NACIONAL DE ARTE DEL TESCI\",\"datePublished\":\"2026-09-02T18:40:00+00:00\",\"dateModified\":\"2026-09-03T08:41:35+00:00\",\"mainEntityOfPage\":{\"@id\":\"https:\\\/\\\/continuamosmx.com\\\/index.php\\\/2026\\\/09\\\/02\\\/el-parque-de-las-esculturas-mantendra-abierta-su-muestra-visual-en-el-encuentro-nacional-de-arte-del-tesci\\\/\"},\"wordCount\":275,\"publisher\":{\"@id\":\"https:\\\/\\\/continuamosmx.com\\\/#organization\"},\"image\":{\"@id\":\"https:\\\/\\\/continuamosmx.com\\\/index.php\\\/2026\\\/09\\\/02\\\/el-parque-de-las-esculturas-mantendra-abierta-su-muestra-visual-en-el-encuentro-nacional-de-arte-del-tesci\\\/#primaryimage\"},\"thumbnailUrl\":\"https:\\\/\\\/continuamosmx.com\\\/wp-content\\\/uploads\\\/2026\\\/09\\\/WhatsApp-Image-2026-09-02-at-2.53.32-PM-scaled.jpeg\",\"articleSection\":[\"C. IZCALLI\",\"LOCALES\"],\"inLanguage\":\"es\"},{\"@type\":\"WebPage\",\"@id\":\"https:\\\/\\\/continuamosmx.com\\\/index.php\\\/2026\\\/09\\\/02\\\/el-parque-de-las-esculturas-mantendra-abierta-su-muestra-visual-en-el-encuentro-nacional-de-arte-del-tesci\\\/\",\"url\":\"https:\\\/\\\/continuamosmx.com\\\/index.php\\\/2026\\\/09\\\/02\\\/el-parque-de-las-esculturas-mantendra-abierta-su-muestra-visual-en-el-encuentro-nacional-de-arte-del-tesci\\\/\",\"name\":\"EL PARQUE DE LAS ESCULTURAS MANTENDR\u00c1 ABIERTA SU MUESTRA VISUAL EN EL ENCUENTRO NACIONAL DE ARTE DEL TESCI -\",\"isPartOf\":{\"@id\":\"https:\\\/\\\/continuamosmx.com\\\/#website\"},\"primaryImageOfPage\":{\"@id\":\"https:\\\/\\\/continuamosmx.com\\\/index.php\\\/2026\\\/09\\\/02\\\/el-parque-de-las-esculturas-mantendra-abierta-su-muestra-visual-en-el-encuentro-nacional-de-arte-del-tesci\\\/#primaryimage\"},\"image\":{\"@id\":\"https:\\\/\\\/continuamosmx.com\\\/index.php\\\/2026\\\/09\\\/02\\\/el-parque-de-las-esculturas-mantendra-abierta-su-muestra-visual-en-el-encuentro-nacional-de-arte-del-tesci\\\/#primaryimage\"},\"thumbnailUrl\":\"https:\\\/\\\/continuamosmx.com\\\/wp-content\\\/uploads\\\/2026\\\/09\\\/WhatsApp-Image-2026-09-02-at-2.53.32-PM-scaled.jpeg\",\"datePublished\":\"2026-09-02T18:40:00+00:00\",\"dateModified\":\"2026-09-03T08:41:35+00:00\",\"breadcrumb\":{\"@id\":\"https:\\\/\\\/continuamosmx.com\\\/index.php\\\/2026\\\/09\\\/02\\\/el-parque-de-las-esculturas-mantendra-abierta-su-muestra-visual-en-el-encuentro-nacional-de-arte-del-tesci\\\/#breadcrumb\"},\"inLanguage\":\"es\",\"potentialAction\":[{\"@type\":\"ReadAction\",\"target\":[\"https:\\\/\\\/continuamosmx.com\\\/index.php\\\/2026\\\/09\\\/02\\\/el-parque-de-las-esculturas-mantendra-abierta-su-muestra-visual-en-el-encuentro-nacional-de-arte-del-tesci\\\/\"]}]},{\"@type\":\"ImageObject\",\"inLanguage\":\"es\",\"@id\":\"https:\\\/\\\/continuamosmx.com\\\/index.php\\\/2026\\\/09\\\/02\\\/el-parque-de-las-esculturas-mantendra-abierta-su-muestra-visual-en-el-encuentro-nacional-de-arte-del-tesci\\\/#primaryimage\",\"url\":\"https:\\\/\\\/continuamosmx.com\\\/wp-content\\\/uploads\\\/2026\\\/09\\\/WhatsApp-Image-2026-09-02-at-2.53.32-PM-scaled.jpeg\",\"contentUrl\":\"https:\\\/\\\/continuamosmx.com\\\/wp-content\\\/uploads\\\/2026\\\/09\\\/WhatsApp-Image-2026-09-02-at-2.53.32-PM-scaled.jpeg\",\"width\":2560,\"height\":1706},{\"@type\":\"BreadcrumbList\",\"@id\":\"https:\\\/\\\/continuamosmx.com\\\/index.php\\\/2026\\\/09\\\/02\\\/el-parque-de-las-esculturas-mantendra-abierta-su-muestra-visual-en-el-encuentro-nacional-de-arte-del-tesci\\\/#breadcrumb\",\"itemListElement\":[{\"@type\":\"ListItem\",\"position\":1,\"name\":\"Inicio\",\"item\":\"https:\\\/\\\/continuamosmx.com\\\/\"},{\"@type\":\"ListItem\",\"position\":2,\"name\":\"EL PARQUE DE LAS ESCULTURAS MANTENDR\u00c1 ABIERTA SU MUESTRA VISUAL EN EL ENCUENTRO NACIONAL DE ARTE DEL TESCI\"}]},{\"@type\":\"WebSite\",\"@id\":\"https:\\\/\\\/continuamosmx.com\\\/#website\",\"url\":\"https:\\\/\\\/continuamosmx.com\\\/\",\"name\":\"www.continuamosmx.com\",\"description\":\"\",\"publisher\":{\"@id\":\"https:\\\/\\\/continuamosmx.com\\\/#organization\"},\"potentialAction\":[{\"@type\":\"SearchAction\",\"target\":{\"@type\":\"EntryPoint\",\"urlTemplate\":\"https:\\\/\\\/continuamosmx.com\\\/?s={search_term_string}\"},\"query-input\":{\"@type\":\"PropertyValueSpecification\",\"valueRequired\":true,\"valueName\":\"search_term_string\"}}],\"inLanguage\":\"es\"},{\"@type\":\"Organization\",\"@id\":\"https:\\\/\\\/continuamosmx.com\\\/#organization\",\"name\":\"ContinuamosMX\",\"url\":\"https:\\\/\\\/continuamosmx.com\\\/\",\"logo\":{\"@type\":\"ImageObject\",\"inLanguage\":\"es\",\"@id\":\"https:\\\/\\\/continuamosmx.com\\\/#\\\/schema\\\/logo\\\/image\\\/\",\"url\":\"https:\\\/\\\/continuamosmx.com\\\/wp-content\\\/uploads\\\/2023\\\/04\\\/cropped-LOGO-CONTI-NUEVO.png\",\"contentUrl\":\"https:\\\/\\\/continuamosmx.com\\\/wp-content\\\/uploads\\\/2023\\\/04\\\/cropped-LOGO-CONTI-NUEVO.png\",\"width\":1257,\"height\":430,\"caption\":\"ContinuamosMX\"},\"image\":{\"@id\":\"https:\\\/\\\/continuamosmx.com\\\/#\\\/schema\\\/logo\\\/image\\\/\"}},{\"@type\":\"Person\",\"@id\":\"https:\\\/\\\/continuamosmx.com\\\/#\\\/schema\\\/person\\\/5eb5356acb1fad784da407d14f0e8d89\",\"name\":\"Continuamos MX\",\"image\":{\"@type\":\"ImageObject\",\"inLanguage\":\"es\",\"@id\":\"https:\\\/\\\/secure.gravatar.com\\\/avatar\\\/30d4f9723476a15f4da34d35fb3501f08d2357016c76051c6a85c354c7489589?s=96&d=mm&r=g\",\"url\":\"https:\\\/\\\/secure.gravatar.com\\\/avatar\\\/30d4f9723476a15f4da34d35fb3501f08d2357016c76051c6a85c354c7489589?s=96&d=mm&r=g\",\"contentUrl\":\"https:\\\/\\\/secure.gravatar.com\\\/avatar\\\/30d4f9723476a15f4da34d35fb3501f08d2357016c76051c6a85c354c7489589?s=96&d=mm&r=g\",\"caption\":\"Continuamos MX\"},\"sameAs\":[\"http:\\\/\\\/www.continuamos.mx\"],\"url\":\"https:\\\/\\\/continuamosmx.com\\\/index.php\\\/author\\\/continuamos\\\/\"}]}<\/script>\n<!-- \/ Yoast SEO plugin. -->","yoast_head_json":{"title":"EL PARQUE DE LAS ESCULTURAS MANTENDR\u00c1 ABIERTA SU MUESTRA VISUAL EN EL ENCUENTRO NACIONAL DE ARTE DEL TESCI -","robots":{"index":"index","follow":"follow","max-snippet":"max-snippet:-1","max-image-preview":"max-image-preview:large","max-video-preview":"max-video-preview:-1"},"canonical":"https:\/\/continuamosmx.com\/index.php\/2026\/09\/02\/el-parque-de-las-esculturas-mantendra-abierta-su-muestra-visual-en-el-encuentro-nacional-de-arte-del-tesci\/","og_locale":"es_ES","og_type":"article","og_title":"EL PARQUE DE LAS ESCULTURAS MANTENDR\u00c1 ABIERTA SU MUESTRA VISUAL EN EL ENCUENTRO NACIONAL DE ARTE DEL TESCI -","og_description":"*Estudiantes de institutos tecnol\u00f3gicos de todo el pa\u00eds participan en las actividades de artes pl\u00e1sticas y fotograf\u00eda que contin\u00faan este mi\u00e9rcoles con entrada abierta al p\u00fablico. CUAUTITL\u00c1N IZCALLI, Estado de M\u00e9xico.\u2013 Como parte de las actividades del Encuentro Nacional de Arte y Cultura, el Parque de las Esculturas se mantiene como sede de una nutrida [&hellip;]","og_url":"https:\/\/continuamosmx.com\/index.php\/2026\/09\/02\/el-parque-de-las-esculturas-mantendra-abierta-su-muestra-visual-en-el-encuentro-nacional-de-arte-del-tesci\/","article_published_time":"2026-09-02T18:40:00+00:00","article_modified_time":"2026-09-03T08:41:35+00:00","og_image":[{"width":2560,"height":1706,"url":"https:\/\/continuamosmx.com\/wp-content\/uploads\/2026\/09\/WhatsApp-Image-2026-09-02-at-2.53.32-PM-scaled.jpeg","type":"image\/jpeg"}],"author":"Continuamos MX","twitter_card":"summary_large_image","twitter_misc":{"Escrito por":"Continuamos MX","Tiempo de lectura":"2 minutos"},"schema":{"@context":"https:\/\/schema.org","@graph":[{"@type":"Article","@id":"https:\/\/continuamosmx.com\/index.php\/2026\/09\/02\/el-parque-de-las-esculturas-mantendra-abierta-su-muestra-visual-en-el-encuentro-nacional-de-arte-del-tesci\/#article","isPartOf":{"@id":"https:\/\/continuamosmx.com\/index.php\/2026\/09\/02\/el-parque-de-las-esculturas-mantendra-abierta-su-muestra-visual-en-el-encuentro-nacional-de-arte-del-tesci\/"},"author":{"name":"Continuamos MX","@id":"https:\/\/continuamosmx.com\/#\/schema\/person\/5eb5356acb1fad784da407d14f0e8d89"},"headline":"EL PARQUE DE LAS ESCULTURAS MANTENDR\u00c1 ABIERTA SU MUESTRA VISUAL EN EL ENCUENTRO NACIONAL DE ARTE DEL TESCI","datePublished":"2026-09-02T18:40:00+00:00","dateModified":"2026-09-03T08:41:35+00:00","mainEntityOfPage":{"@id":"https:\/\/continuamosmx.com\/index.php\/2026\/09\/02\/el-parque-de-las-esculturas-mantendra-abierta-su-muestra-visual-en-el-encuentro-nacional-de-arte-del-tesci\/"},"wordCount":275,"publisher":{"@id":"https:\/\/continuamosmx.com\/#organization"},"image":{"@id":"https:\/\/continuamosmx.com\/index.php\/2026\/09\/02\/el-parque-de-las-esculturas-mantendra-abierta-su-muestra-visual-en-el-encuentro-nacional-de-arte-del-tesci\/#primaryimage"},"thumbnailUrl":"https:\/\/continuamosmx.com\/wp-content\/uploads\/2026\/09\/WhatsApp-Image-2026-09-02-at-2.53.32-PM-scaled.jpeg","articleSection":["C. IZCALLI","LOCALES"],"inLanguage":"es"},{"@type":"WebPage","@id":"https:\/\/continuamosmx.com\/index.php\/2026\/09\/02\/el-parque-de-las-esculturas-mantendra-abierta-su-muestra-visual-en-el-encuentro-nacional-de-arte-del-tesci\/","url":"https:\/\/continuamosmx.com\/index.php\/2026\/09\/02\/el-parque-de-las-esculturas-mantendra-abierta-su-muestra-visual-en-el-encuentro-nacional-de-arte-del-tesci\/","name":"EL PARQUE DE LAS ESCULTURAS MANTENDR\u00c1 ABIERTA SU MUESTRA VISUAL EN EL ENCUENTRO NACIONAL DE ARTE DEL TESCI -","isPartOf":{"@id":"https:\/\/continuamosmx.com\/#website"},"primaryImageOfPage":{"@id":"https:\/\/continuamosmx.com\/index.php\/2026\/09\/02\/el-parque-de-las-esculturas-mantendra-abierta-su-muestra-visual-en-el-encuentro-nacional-de-arte-del-tesci\/#primaryimage"},"image":{"@id":"https:\/\/continuamosmx.com\/index.php\/2026\/09\/02\/el-parque-de-las-esculturas-mantendra-abierta-su-muestra-visual-en-el-encuentro-nacional-de-arte-del-tesci\/#primaryimage"},"thumbnailUrl":"https:\/\/continuamosmx.com\/wp-content\/uploads\/2026\/09\/WhatsApp-Image-2026-09-02-at-2.53.32-PM-scaled.jpeg","datePublished":"2026-09-02T18:40:00+00:00","dateModified":"2026-09-03T08:41:35+00:00","breadcrumb":{"@id":"https:\/\/continuamosmx.com\/index.php\/2026\/09\/02\/el-parque-de-las-esculturas-mantendra-abierta-su-muestra-visual-en-el-encuentro-nacional-de-arte-del-tesci\/#breadcrumb"},"inLanguage":"es","potentialAction":[{"@type":"ReadAction","target":["https:\/\/continuamosmx.com\/index.php\/2026\/09\/02\/el-parque-de-las-esculturas-mantendra-abierta-su-muestra-visual-en-el-encuentro-nacional-de-arte-del-tesci\/"]}]},{"@type":"ImageObject","inLanguage":"es","@id":"https:\/\/continuamosmx.com\/index.php\/2026\/09\/02\/el-parque-de-las-esculturas-mantendra-abierta-su-muestra-visual-en-el-encuentro-nacional-de-arte-del-tesci\/#primaryimage","url":"https:\/\/continuamosmx.com\/wp-content\/uploads\/2026\/09\/WhatsApp-Image-2026-09-02-at-2.53.32-PM-scaled.jpeg","contentUrl":"https:\/\/continuamosmx.com\/wp-content\/uploads\/2026\/09\/WhatsApp-Image-2026-09-02-at-2.53.32-PM-scaled.jpeg","width":2560,"height":1706},{"@type":"BreadcrumbList","@id":"https:\/\/continuamosmx.com\/index.php\/2026\/09\/02\/el-parque-de-las-esculturas-mantendra-abierta-su-muestra-visual-en-el-encuentro-nacional-de-arte-del-tesci\/#breadcrumb","itemListElement":[{"@type":"ListItem","position":1,"name":"Inicio","item":"https:\/\/continuamosmx.com\/"},{"@type":"ListItem","position":2,"name":"EL PARQUE DE LAS ESCULTURAS MANTENDR\u00c1 ABIERTA SU MUESTRA VISUAL EN EL ENCUENTRO NACIONAL DE ARTE DEL TESCI"}]},{"@type":"WebSite","@id":"https:\/\/continuamosmx.com\/#website","url":"https:\/\/continuamosmx.com\/","name":"www.continuamosmx.com","description":"","publisher":{"@id":"https:\/\/continuamosmx.com\/#organization"},"potentialAction":[{"@type":"SearchAction","target":{"@type":"EntryPoint","urlTemplate":"https:\/\/continuamosmx.com\/?s={search_term_string}"},"query-input":{"@type":"PropertyValueSpecification","valueRequired":true,"valueName":"search_term_string"}}],"inLanguage":"es"},{"@type":"Organization","@id":"https:\/\/continuamosmx.com\/#organization","name":"ContinuamosMX","url":"https:\/\/continuamosmx.com\/","logo":{"@type":"ImageObject","inLanguage":"es","@id":"https:\/\/continuamosmx.com\/#\/schema\/logo\/image\/","url":"https:\/\/continuamosmx.com\/wp-content\/uploads\/2023\/04\/cropped-LOGO-CONTI-NUEVO.png","contentUrl":"https:\/\/continuamosmx.com\/wp-content\/uploads\/2023\/04\/cropped-LOGO-CONTI-NUEVO.png","width":1257,"height":430,"caption":"ContinuamosMX"},"image":{"@id":"https:\/\/continuamosmx.com\/#\/schema\/logo\/image\/"}},{"@type":"Person","@id":"https:\/\/continuamosmx.com\/#\/schema\/person\/5eb5356acb1fad784da407d14f0e8d89","name":"Continuamos MX","image":{"@type":"ImageObject","inLanguage":"es","@id":"https:\/\/secure.gravatar.com\/avatar\/30d4f9723476a15f4da34d35fb3501f08d2357016c76051c6a85c354c7489589?s=96&d=mm&r=g","url":"https:\/\/secure.gravatar.com\/avatar\/30d4f9723476a15f4da34d35fb3501f08d2357016c76051c6a85c354c7489589?s=96&d=mm&r=g","contentUrl":"https:\/\/secure.gravatar.com\/avatar\/30d4f9723476a15f4da34d35fb3501f08d2357016c76051c6a85c354c7489589?s=96&d=mm&r=g","caption":"Continuamos MX"},"sameAs":["http:\/\/www.continuamos.mx"],"url":"https:\/\/continuamosmx.com\/index.php\/author\/continuamos\/"}]}},"_links":{"self":[{"href":"https:\/\/continuamosmx.com\/index.php\/wp-json\/wp\/v2\/posts\/58263","targetHints":{"allow":["GET"]}}],"collection":[{"href":"https:\/\/continuamosmx.com\/index.php\/wp-json\/wp\/v2\/posts"}],"about":[{"href":"https:\/\/continuamosmx.com\/index.php\/wp-json\/wp\/v2\/types\/post"}],"author":[{"embeddable":true,"href":"https:\/\/continuamosmx.com\/index.php\/wp-json\/wp\/v2\/users\/6"}],"replies":[{"embeddable":true,"href":"https:\/\/continuamosmx.com\/index.php\/wp-json\/wp\/v2\/comments?post=58263"}],"version-history":[{"count":1,"href":"https:\/\/continuamosmx.com\/index.php\/wp-json\/wp\/v2\/posts\/58263\/revisions"}],"predecessor-version":[{"id":58265,"href":"https:\/\/continuamosmx.com\/index.php\/wp-json\/wp\/v2\/posts\/58263\/revisions\/58265"}],"wp:featuredmedia":[{"embeddable":true,"href":"https:\/\/continuamosmx.com\/index.php\/wp-json\/wp\/v2\/media\/58264"}],"wp:attachment":[{"href":"https:\/\/continuamosmx.com\/index.php\/wp-json\/wp\/v2\/media?parent=58263"}],"wp:term":[{"taxonomy":"category","embeddable":true,"href":"https:\/\/continuamosmx.com\/index.php\/wp-json\/wp\/v2\/categories?post=58263"},{"taxonomy":"post_tag","embeddable":true,"href":"https:\/\/continuamosmx.com\/index.php\/wp-json\/wp\/v2\/tags?post=58263"}],"curies":[{"name":"wp","href":"https:\/\/api.w.org\/{rel}","templated":true}]}}