{"id":58259,"date":"2026-09-03T02:38:03","date_gmt":"2026-09-03T08:38:03","guid":{"rendered":"https:\/\/continuamosmx.com\/?p=58259"},"modified":"2026-09-03T02:38:03","modified_gmt":"2026-09-03T08:38:03","slug":"agua-calles-y-seguridad-comunidad-de-san-lorenzo-expone-prioridades-al-alcalde-daniel-serrano-en-el-dia-del-pueblo","status":"publish","type":"post","link":"https:\/\/continuamosmx.com\/index.php\/2026\/09\/03\/agua-calles-y-seguridad-comunidad-de-san-lorenzo-expone-prioridades-al-alcalde-daniel-serrano-en-el-dia-del-pueblo\/","title":{"rendered":"AGUA, CALLES Y SEGURIDAD: COMUNIDAD DE SAN LORENZO EXPONE PRIORIDADES AL ALCALDE DANIEL SERRANO EN \u201cEL D\u00cdA DEL PUEBLO\u201d"},"content":{"rendered":"\n<h2 class=\"wp-block-heading\">*<strong>Durante una nueva jornada de atenci\u00f3n directa en Cuautitl\u00e1n Izcalli, el gobierno municipal acerc\u00f3 los servicios de distintas \u00e1reas del Ayuntamiento para atender las demandas prioritarias de los habitantes.<\/strong><\/h2>\n\n\n\n<p class=\"wp-block-paragraph\"><strong>CUAUTITL\u00c1N IZCALLI, Estado de M\u00e9xico.\u2013<\/strong> Con el objetivo de mantener un gobierno cercano a la ciudadan\u00eda, el presidente municipal Daniel Serrano encabez\u00f3 una nueva edici\u00f3n de \u201cEl D\u00eda del Pueblo\u201d en la comunidad de San Lorenzo, donde vecinas y vecinos plantearon de manera directa sus principales necesidades en materia de servicios p\u00fablicos y seguridad.<\/p>\n\n\n\n<p class=\"wp-block-paragraph\">Durante el encuentro, los pobladores expusieron solicitudes relacionadas con el suministro de agua potable, bacheo, alumbrado p\u00fablico, mantenimiento urbano, as\u00ed como refuerzo en seguridad ciudadana, protecci\u00f3n civil y prevenci\u00f3n de riesgos. Para dar respuesta inmediata, la administraci\u00f3n local despleg\u00f3 a diversas \u00e1reas del Ayuntamiento con el fin de facilitar la gesti\u00f3n de tr\u00e1mites y canalizar los reportes con los titulares de cada dependencia.<\/p>\n\n\n\n<p class=\"wp-block-paragraph\">En la jornada participaron dependencias clave como Operagua, Seguridad Ciudadana, Protecci\u00f3n Civil y Bomberos, Desarrollo Urbano, Infraestructura y Servicios P\u00fablicos. Asimismo, se sumaron \u00e1reas de asistencia social y desarrollo integral como el DIF Municipal, Bienestar para la Comunidad, Igualdad, Juventud, Deporte y Bienestar Animal.<\/p>\n\n\n\n<p class=\"wp-block-paragraph\">El despliegue institucional tambi\u00e9n incluy\u00f3 a las direcciones de Desarrollo Econ\u00f3mico, Sustentabilidad y Medio Ambiente, Democracia Participativa, Jur\u00eddico, Tesorer\u00eda, Administraci\u00f3n y Contralor\u00eda. Mediante este esquema de atenci\u00f3n directa, el alcalde Daniel Serrano di\u00e1logo de cerca con la comunidad para escuchar las peticiones y refrendar el compromiso de su administraci\u00f3n con la soluci\u00f3n de las problem\u00e1ticas locales.<\/p>\n","protected":false},"excerpt":{"rendered":"<p>*Durante una nueva jornada de atenci\u00f3n directa en Cuautitl\u00e1n Izcalli, el gobierno municipal acerc\u00f3 los servicios de distintas \u00e1reas del Ayuntamiento para atender las demandas prioritarias de los habitantes. CUAUTITL\u00c1N IZCALLI, Estado de M\u00e9xico.\u2013 Con el objetivo de mantener un gobierno cercano a la ciudadan\u00eda, el presidente municipal Daniel Serrano encabez\u00f3 una nueva edici\u00f3n de [&hellip;]<\/p>\n","protected":false},"author":6,"featured_media":58261,"comment_status":"closed","ping_status":"closed","sticky":false,"template":"","format":"standard","meta":{"footnotes":""},"categories":[22],"tags":[],"class_list":["post-58259","post","type-post","status-publish","format-standard","has-post-thumbnail","hentry","category-c-izcalli"],"yoast_head":"<!-- This site is optimized with the Yoast SEO plugin v28.4 - https:\/\/yoast.com\/product\/yoast-seo-wordpress\/ -->\n<title>AGUA, CALLES Y SEGURIDAD: COMUNIDAD DE SAN LORENZO EXPONE PRIORIDADES AL ALCALDE DANIEL SERRANO EN \u201cEL D\u00cdA DEL PUEBLO\u201d -<\/title>\n<meta name=\"robots\" content=\"index, follow, max-snippet:-1, max-image-preview:large, max-video-preview:-1\" \/>\n<link rel=\"canonical\" href=\"https:\/\/continuamosmx.com\/index.php\/2026\/09\/03\/agua-calles-y-seguridad-comunidad-de-san-lorenzo-expone-prioridades-al-alcalde-daniel-serrano-en-el-dia-del-pueblo\/\" \/>\n<meta property=\"og:locale\" content=\"es_ES\" \/>\n<meta property=\"og:type\" content=\"article\" \/>\n<meta property=\"og:title\" content=\"AGUA, CALLES Y SEGURIDAD: COMUNIDAD DE SAN LORENZO EXPONE PRIORIDADES AL ALCALDE DANIEL SERRANO EN \u201cEL D\u00cdA DEL PUEBLO\u201d -\" \/>\n<meta property=\"og:description\" content=\"*Durante una nueva jornada de atenci\u00f3n directa en Cuautitl\u00e1n Izcalli, el gobierno municipal acerc\u00f3 los servicios de distintas \u00e1reas del Ayuntamiento para atender las demandas prioritarias de los habitantes. CUAUTITL\u00c1N IZCALLI, Estado de M\u00e9xico.\u2013 Con el objetivo de mantener un gobierno cercano a la ciudadan\u00eda, el presidente municipal Daniel Serrano encabez\u00f3 una nueva edici\u00f3n de [&hellip;]\" \/>\n<meta property=\"og:url\" content=\"https:\/\/continuamosmx.com\/index.php\/2026\/09\/03\/agua-calles-y-seguridad-comunidad-de-san-lorenzo-expone-prioridades-al-alcalde-daniel-serrano-en-el-dia-del-pueblo\/\" \/>\n<meta property=\"article:published_time\" content=\"2026-09-03T08:38:03+00:00\" \/>\n<meta property=\"og:image\" content=\"https:\/\/continuamosmx.com\/wp-content\/uploads\/2026\/09\/WhatsApp-Image-2026-09-02-at-2.53.45-PM-scaled.jpeg\" \/>\n\t<meta property=\"og:image:width\" content=\"2560\" \/>\n\t<meta property=\"og:image:height\" content=\"1706\" \/>\n\t<meta property=\"og:image:type\" content=\"image\/jpeg\" \/>\n<meta name=\"author\" content=\"Continuamos MX\" \/>\n<meta name=\"twitter:card\" content=\"summary_large_image\" \/>\n<meta name=\"twitter:label1\" content=\"Escrito por\" \/>\n\t<meta name=\"twitter:data1\" content=\"Continuamos MX\" \/>\n\t<meta name=\"twitter:label2\" content=\"Tiempo de lectura\" \/>\n\t<meta name=\"twitter:data2\" content=\"2 minutos\" \/>\n<script type=\"application\/ld+json\" class=\"yoast-schema-graph\">{\"@context\":\"https:\\\/\\\/schema.org\",\"@graph\":[{\"@type\":\"Article\",\"@id\":\"https:\\\/\\\/continuamosmx.com\\\/index.php\\\/2026\\\/09\\\/03\\\/agua-calles-y-seguridad-comunidad-de-san-lorenzo-expone-prioridades-al-alcalde-daniel-serrano-en-el-dia-del-pueblo\\\/#article\",\"isPartOf\":{\"@id\":\"https:\\\/\\\/continuamosmx.com\\\/index.php\\\/2026\\\/09\\\/03\\\/agua-calles-y-seguridad-comunidad-de-san-lorenzo-expone-prioridades-al-alcalde-daniel-serrano-en-el-dia-del-pueblo\\\/\"},\"author\":{\"name\":\"Continuamos MX\",\"@id\":\"https:\\\/\\\/continuamosmx.com\\\/#\\\/schema\\\/person\\\/5eb5356acb1fad784da407d14f0e8d89\"},\"headline\":\"AGUA, CALLES Y SEGURIDAD: COMUNIDAD DE SAN LORENZO EXPONE PRIORIDADES AL ALCALDE DANIEL SERRANO EN \u201cEL D\u00cdA DEL PUEBLO\u201d\",\"datePublished\":\"2026-09-03T08:38:03+00:00\",\"mainEntityOfPage\":{\"@id\":\"https:\\\/\\\/continuamosmx.com\\\/index.php\\\/2026\\\/09\\\/03\\\/agua-calles-y-seguridad-comunidad-de-san-lorenzo-expone-prioridades-al-alcalde-daniel-serrano-en-el-dia-del-pueblo\\\/\"},\"wordCount\":293,\"publisher\":{\"@id\":\"https:\\\/\\\/continuamosmx.com\\\/#organization\"},\"image\":{\"@id\":\"https:\\\/\\\/continuamosmx.com\\\/index.php\\\/2026\\\/09\\\/03\\\/agua-calles-y-seguridad-comunidad-de-san-lorenzo-expone-prioridades-al-alcalde-daniel-serrano-en-el-dia-del-pueblo\\\/#primaryimage\"},\"thumbnailUrl\":\"https:\\\/\\\/continuamosmx.com\\\/wp-content\\\/uploads\\\/2026\\\/09\\\/WhatsApp-Image-2026-09-02-at-2.53.45-PM-scaled.jpeg\",\"articleSection\":[\"C. IZCALLI\"],\"inLanguage\":\"es\"},{\"@type\":\"WebPage\",\"@id\":\"https:\\\/\\\/continuamosmx.com\\\/index.php\\\/2026\\\/09\\\/03\\\/agua-calles-y-seguridad-comunidad-de-san-lorenzo-expone-prioridades-al-alcalde-daniel-serrano-en-el-dia-del-pueblo\\\/\",\"url\":\"https:\\\/\\\/continuamosmx.com\\\/index.php\\\/2026\\\/09\\\/03\\\/agua-calles-y-seguridad-comunidad-de-san-lorenzo-expone-prioridades-al-alcalde-daniel-serrano-en-el-dia-del-pueblo\\\/\",\"name\":\"AGUA, CALLES Y SEGURIDAD: COMUNIDAD DE SAN LORENZO EXPONE PRIORIDADES AL ALCALDE DANIEL SERRANO EN \u201cEL D\u00cdA DEL PUEBLO\u201d -\",\"isPartOf\":{\"@id\":\"https:\\\/\\\/continuamosmx.com\\\/#website\"},\"primaryImageOfPage\":{\"@id\":\"https:\\\/\\\/continuamosmx.com\\\/index.php\\\/2026\\\/09\\\/03\\\/agua-calles-y-seguridad-comunidad-de-san-lorenzo-expone-prioridades-al-alcalde-daniel-serrano-en-el-dia-del-pueblo\\\/#primaryimage\"},\"image\":{\"@id\":\"https:\\\/\\\/continuamosmx.com\\\/index.php\\\/2026\\\/09\\\/03\\\/agua-calles-y-seguridad-comunidad-de-san-lorenzo-expone-prioridades-al-alcalde-daniel-serrano-en-el-dia-del-pueblo\\\/#primaryimage\"},\"thumbnailUrl\":\"https:\\\/\\\/continuamosmx.com\\\/wp-content\\\/uploads\\\/2026\\\/09\\\/WhatsApp-Image-2026-09-02-at-2.53.45-PM-scaled.jpeg\",\"datePublished\":\"2026-09-03T08:38:03+00:00\",\"breadcrumb\":{\"@id\":\"https:\\\/\\\/continuamosmx.com\\\/index.php\\\/2026\\\/09\\\/03\\\/agua-calles-y-seguridad-comunidad-de-san-lorenzo-expone-prioridades-al-alcalde-daniel-serrano-en-el-dia-del-pueblo\\\/#breadcrumb\"},\"inLanguage\":\"es\",\"potentialAction\":[{\"@type\":\"ReadAction\",\"target\":[\"https:\\\/\\\/continuamosmx.com\\\/index.php\\\/2026\\\/09\\\/03\\\/agua-calles-y-seguridad-comunidad-de-san-lorenzo-expone-prioridades-al-alcalde-daniel-serrano-en-el-dia-del-pueblo\\\/\"]}]},{\"@type\":\"ImageObject\",\"inLanguage\":\"es\",\"@id\":\"https:\\\/\\\/continuamosmx.com\\\/index.php\\\/2026\\\/09\\\/03\\\/agua-calles-y-seguridad-comunidad-de-san-lorenzo-expone-prioridades-al-alcalde-daniel-serrano-en-el-dia-del-pueblo\\\/#primaryimage\",\"url\":\"https:\\\/\\\/continuamosmx.com\\\/wp-content\\\/uploads\\\/2026\\\/09\\\/WhatsApp-Image-2026-09-02-at-2.53.45-PM-scaled.jpeg\",\"contentUrl\":\"https:\\\/\\\/continuamosmx.com\\\/wp-content\\\/uploads\\\/2026\\\/09\\\/WhatsApp-Image-2026-09-02-at-2.53.45-PM-scaled.jpeg\",\"width\":2560,\"height\":1706},{\"@type\":\"BreadcrumbList\",\"@id\":\"https:\\\/\\\/continuamosmx.com\\\/index.php\\\/2026\\\/09\\\/03\\\/agua-calles-y-seguridad-comunidad-de-san-lorenzo-expone-prioridades-al-alcalde-daniel-serrano-en-el-dia-del-pueblo\\\/#breadcrumb\",\"itemListElement\":[{\"@type\":\"ListItem\",\"position\":1,\"name\":\"Inicio\",\"item\":\"https:\\\/\\\/continuamosmx.com\\\/\"},{\"@type\":\"ListItem\",\"position\":2,\"name\":\"AGUA, CALLES Y SEGURIDAD: COMUNIDAD DE SAN LORENZO EXPONE PRIORIDADES AL ALCALDE DANIEL SERRANO EN \u201cEL D\u00cdA DEL PUEBLO\u201d\"}]},{\"@type\":\"WebSite\",\"@id\":\"https:\\\/\\\/continuamosmx.com\\\/#website\",\"url\":\"https:\\\/\\\/continuamosmx.com\\\/\",\"name\":\"www.continuamosmx.com\",\"description\":\"\",\"publisher\":{\"@id\":\"https:\\\/\\\/continuamosmx.com\\\/#organization\"},\"potentialAction\":[{\"@type\":\"SearchAction\",\"target\":{\"@type\":\"EntryPoint\",\"urlTemplate\":\"https:\\\/\\\/continuamosmx.com\\\/?s={search_term_string}\"},\"query-input\":{\"@type\":\"PropertyValueSpecification\",\"valueRequired\":true,\"valueName\":\"search_term_string\"}}],\"inLanguage\":\"es\"},{\"@type\":\"Organization\",\"@id\":\"https:\\\/\\\/continuamosmx.com\\\/#organization\",\"name\":\"ContinuamosMX\",\"url\":\"https:\\\/\\\/continuamosmx.com\\\/\",\"logo\":{\"@type\":\"ImageObject\",\"inLanguage\":\"es\",\"@id\":\"https:\\\/\\\/continuamosmx.com\\\/#\\\/schema\\\/logo\\\/image\\\/\",\"url\":\"https:\\\/\\\/continuamosmx.com\\\/wp-content\\\/uploads\\\/2023\\\/04\\\/cropped-LOGO-CONTI-NUEVO.png\",\"contentUrl\":\"https:\\\/\\\/continuamosmx.com\\\/wp-content\\\/uploads\\\/2023\\\/04\\\/cropped-LOGO-CONTI-NUEVO.png\",\"width\":1257,\"height\":430,\"caption\":\"ContinuamosMX\"},\"image\":{\"@id\":\"https:\\\/\\\/continuamosmx.com\\\/#\\\/schema\\\/logo\\\/image\\\/\"}},{\"@type\":\"Person\",\"@id\":\"https:\\\/\\\/continuamosmx.com\\\/#\\\/schema\\\/person\\\/5eb5356acb1fad784da407d14f0e8d89\",\"name\":\"Continuamos MX\",\"image\":{\"@type\":\"ImageObject\",\"inLanguage\":\"es\",\"@id\":\"https:\\\/\\\/secure.gravatar.com\\\/avatar\\\/30d4f9723476a15f4da34d35fb3501f08d2357016c76051c6a85c354c7489589?s=96&d=mm&r=g\",\"url\":\"https:\\\/\\\/secure.gravatar.com\\\/avatar\\\/30d4f9723476a15f4da34d35fb3501f08d2357016c76051c6a85c354c7489589?s=96&d=mm&r=g\",\"contentUrl\":\"https:\\\/\\\/secure.gravatar.com\\\/avatar\\\/30d4f9723476a15f4da34d35fb3501f08d2357016c76051c6a85c354c7489589?s=96&d=mm&r=g\",\"caption\":\"Continuamos MX\"},\"sameAs\":[\"http:\\\/\\\/www.continuamos.mx\"],\"url\":\"https:\\\/\\\/continuamosmx.com\\\/index.php\\\/author\\\/continuamos\\\/\"}]}<\/script>\n<!-- \/ Yoast SEO plugin. -->","yoast_head_json":{"title":"AGUA, CALLES Y SEGURIDAD: COMUNIDAD DE SAN LORENZO EXPONE PRIORIDADES AL ALCALDE DANIEL SERRANO EN \u201cEL D\u00cdA DEL PUEBLO\u201d -","robots":{"index":"index","follow":"follow","max-snippet":"max-snippet:-1","max-image-preview":"max-image-preview:large","max-video-preview":"max-video-preview:-1"},"canonical":"https:\/\/continuamosmx.com\/index.php\/2026\/09\/03\/agua-calles-y-seguridad-comunidad-de-san-lorenzo-expone-prioridades-al-alcalde-daniel-serrano-en-el-dia-del-pueblo\/","og_locale":"es_ES","og_type":"article","og_title":"AGUA, CALLES Y SEGURIDAD: COMUNIDAD DE SAN LORENZO EXPONE PRIORIDADES AL ALCALDE DANIEL SERRANO EN \u201cEL D\u00cdA DEL PUEBLO\u201d -","og_description":"*Durante una nueva jornada de atenci\u00f3n directa en Cuautitl\u00e1n Izcalli, el gobierno municipal acerc\u00f3 los servicios de distintas \u00e1reas del Ayuntamiento para atender las demandas prioritarias de los habitantes. CUAUTITL\u00c1N IZCALLI, Estado de M\u00e9xico.\u2013 Con el objetivo de mantener un gobierno cercano a la ciudadan\u00eda, el presidente municipal Daniel Serrano encabez\u00f3 una nueva edici\u00f3n de [&hellip;]","og_url":"https:\/\/continuamosmx.com\/index.php\/2026\/09\/03\/agua-calles-y-seguridad-comunidad-de-san-lorenzo-expone-prioridades-al-alcalde-daniel-serrano-en-el-dia-del-pueblo\/","article_published_time":"2026-09-03T08:38:03+00:00","og_image":[{"width":2560,"height":1706,"url":"https:\/\/continuamosmx.com\/wp-content\/uploads\/2026\/09\/WhatsApp-Image-2026-09-02-at-2.53.45-PM-scaled.jpeg","type":"image\/jpeg"}],"author":"Continuamos MX","twitter_card":"summary_large_image","twitter_misc":{"Escrito por":"Continuamos MX","Tiempo de lectura":"2 minutos"},"schema":{"@context":"https:\/\/schema.org","@graph":[{"@type":"Article","@id":"https:\/\/continuamosmx.com\/index.php\/2026\/09\/03\/agua-calles-y-seguridad-comunidad-de-san-lorenzo-expone-prioridades-al-alcalde-daniel-serrano-en-el-dia-del-pueblo\/#article","isPartOf":{"@id":"https:\/\/continuamosmx.com\/index.php\/2026\/09\/03\/agua-calles-y-seguridad-comunidad-de-san-lorenzo-expone-prioridades-al-alcalde-daniel-serrano-en-el-dia-del-pueblo\/"},"author":{"name":"Continuamos MX","@id":"https:\/\/continuamosmx.com\/#\/schema\/person\/5eb5356acb1fad784da407d14f0e8d89"},"headline":"AGUA, CALLES Y SEGURIDAD: COMUNIDAD DE SAN LORENZO EXPONE PRIORIDADES AL ALCALDE DANIEL SERRANO EN \u201cEL D\u00cdA DEL PUEBLO\u201d","datePublished":"2026-09-03T08:38:03+00:00","mainEntityOfPage":{"@id":"https:\/\/continuamosmx.com\/index.php\/2026\/09\/03\/agua-calles-y-seguridad-comunidad-de-san-lorenzo-expone-prioridades-al-alcalde-daniel-serrano-en-el-dia-del-pueblo\/"},"wordCount":293,"publisher":{"@id":"https:\/\/continuamosmx.com\/#organization"},"image":{"@id":"https:\/\/continuamosmx.com\/index.php\/2026\/09\/03\/agua-calles-y-seguridad-comunidad-de-san-lorenzo-expone-prioridades-al-alcalde-daniel-serrano-en-el-dia-del-pueblo\/#primaryimage"},"thumbnailUrl":"https:\/\/continuamosmx.com\/wp-content\/uploads\/2026\/09\/WhatsApp-Image-2026-09-02-at-2.53.45-PM-scaled.jpeg","articleSection":["C. IZCALLI"],"inLanguage":"es"},{"@type":"WebPage","@id":"https:\/\/continuamosmx.com\/index.php\/2026\/09\/03\/agua-calles-y-seguridad-comunidad-de-san-lorenzo-expone-prioridades-al-alcalde-daniel-serrano-en-el-dia-del-pueblo\/","url":"https:\/\/continuamosmx.com\/index.php\/2026\/09\/03\/agua-calles-y-seguridad-comunidad-de-san-lorenzo-expone-prioridades-al-alcalde-daniel-serrano-en-el-dia-del-pueblo\/","name":"AGUA, CALLES Y SEGURIDAD: COMUNIDAD DE SAN LORENZO EXPONE PRIORIDADES AL ALCALDE DANIEL SERRANO EN \u201cEL D\u00cdA DEL PUEBLO\u201d -","isPartOf":{"@id":"https:\/\/continuamosmx.com\/#website"},"primaryImageOfPage":{"@id":"https:\/\/continuamosmx.com\/index.php\/2026\/09\/03\/agua-calles-y-seguridad-comunidad-de-san-lorenzo-expone-prioridades-al-alcalde-daniel-serrano-en-el-dia-del-pueblo\/#primaryimage"},"image":{"@id":"https:\/\/continuamosmx.com\/index.php\/2026\/09\/03\/agua-calles-y-seguridad-comunidad-de-san-lorenzo-expone-prioridades-al-alcalde-daniel-serrano-en-el-dia-del-pueblo\/#primaryimage"},"thumbnailUrl":"https:\/\/continuamosmx.com\/wp-content\/uploads\/2026\/09\/WhatsApp-Image-2026-09-02-at-2.53.45-PM-scaled.jpeg","datePublished":"2026-09-03T08:38:03+00:00","breadcrumb":{"@id":"https:\/\/continuamosmx.com\/index.php\/2026\/09\/03\/agua-calles-y-seguridad-comunidad-de-san-lorenzo-expone-prioridades-al-alcalde-daniel-serrano-en-el-dia-del-pueblo\/#breadcrumb"},"inLanguage":"es","potentialAction":[{"@type":"ReadAction","target":["https:\/\/continuamosmx.com\/index.php\/2026\/09\/03\/agua-calles-y-seguridad-comunidad-de-san-lorenzo-expone-prioridades-al-alcalde-daniel-serrano-en-el-dia-del-pueblo\/"]}]},{"@type":"ImageObject","inLanguage":"es","@id":"https:\/\/continuamosmx.com\/index.php\/2026\/09\/03\/agua-calles-y-seguridad-comunidad-de-san-lorenzo-expone-prioridades-al-alcalde-daniel-serrano-en-el-dia-del-pueblo\/#primaryimage","url":"https:\/\/continuamosmx.com\/wp-content\/uploads\/2026\/09\/WhatsApp-Image-2026-09-02-at-2.53.45-PM-scaled.jpeg","contentUrl":"https:\/\/continuamosmx.com\/wp-content\/uploads\/2026\/09\/WhatsApp-Image-2026-09-02-at-2.53.45-PM-scaled.jpeg","width":2560,"height":1706},{"@type":"BreadcrumbList","@id":"https:\/\/continuamosmx.com\/index.php\/2026\/09\/03\/agua-calles-y-seguridad-comunidad-de-san-lorenzo-expone-prioridades-al-alcalde-daniel-serrano-en-el-dia-del-pueblo\/#breadcrumb","itemListElement":[{"@type":"ListItem","position":1,"name":"Inicio","item":"https:\/\/continuamosmx.com\/"},{"@type":"ListItem","position":2,"name":"AGUA, CALLES Y SEGURIDAD: COMUNIDAD DE SAN LORENZO EXPONE PRIORIDADES AL ALCALDE DANIEL SERRANO EN \u201cEL D\u00cdA DEL PUEBLO\u201d"}]},{"@type":"WebSite","@id":"https:\/\/continuamosmx.com\/#website","url":"https:\/\/continuamosmx.com\/","name":"www.continuamosmx.com","description":"","publisher":{"@id":"https:\/\/continuamosmx.com\/#organization"},"potentialAction":[{"@type":"SearchAction","target":{"@type":"EntryPoint","urlTemplate":"https:\/\/continuamosmx.com\/?s={search_term_string}"},"query-input":{"@type":"PropertyValueSpecification","valueRequired":true,"valueName":"search_term_string"}}],"inLanguage":"es"},{"@type":"Organization","@id":"https:\/\/continuamosmx.com\/#organization","name":"ContinuamosMX","url":"https:\/\/continuamosmx.com\/","logo":{"@type":"ImageObject","inLanguage":"es","@id":"https:\/\/continuamosmx.com\/#\/schema\/logo\/image\/","url":"https:\/\/continuamosmx.com\/wp-content\/uploads\/2023\/04\/cropped-LOGO-CONTI-NUEVO.png","contentUrl":"https:\/\/continuamosmx.com\/wp-content\/uploads\/2023\/04\/cropped-LOGO-CONTI-NUEVO.png","width":1257,"height":430,"caption":"ContinuamosMX"},"image":{"@id":"https:\/\/continuamosmx.com\/#\/schema\/logo\/image\/"}},{"@type":"Person","@id":"https:\/\/continuamosmx.com\/#\/schema\/person\/5eb5356acb1fad784da407d14f0e8d89","name":"Continuamos MX","image":{"@type":"ImageObject","inLanguage":"es","@id":"https:\/\/secure.gravatar.com\/avatar\/30d4f9723476a15f4da34d35fb3501f08d2357016c76051c6a85c354c7489589?s=96&d=mm&r=g","url":"https:\/\/secure.gravatar.com\/avatar\/30d4f9723476a15f4da34d35fb3501f08d2357016c76051c6a85c354c7489589?s=96&d=mm&r=g","contentUrl":"https:\/\/secure.gravatar.com\/avatar\/30d4f9723476a15f4da34d35fb3501f08d2357016c76051c6a85c354c7489589?s=96&d=mm&r=g","caption":"Continuamos MX"},"sameAs":["http:\/\/www.continuamos.mx"],"url":"https:\/\/continuamosmx.com\/index.php\/author\/continuamos\/"}]}},"_links":{"self":[{"href":"https:\/\/continuamosmx.com\/index.php\/wp-json\/wp\/v2\/posts\/58259","targetHints":{"allow":["GET"]}}],"collection":[{"href":"https:\/\/continuamosmx.com\/index.php\/wp-json\/wp\/v2\/posts"}],"about":[{"href":"https:\/\/continuamosmx.com\/index.php\/wp-json\/wp\/v2\/types\/post"}],"author":[{"embeddable":true,"href":"https:\/\/continuamosmx.com\/index.php\/wp-json\/wp\/v2\/users\/6"}],"replies":[{"embeddable":true,"href":"https:\/\/continuamosmx.com\/index.php\/wp-json\/wp\/v2\/comments?post=58259"}],"version-history":[{"count":1,"href":"https:\/\/continuamosmx.com\/index.php\/wp-json\/wp\/v2\/posts\/58259\/revisions"}],"predecessor-version":[{"id":58262,"href":"https:\/\/continuamosmx.com\/index.php\/wp-json\/wp\/v2\/posts\/58259\/revisions\/58262"}],"wp:featuredmedia":[{"embeddable":true,"href":"https:\/\/continuamosmx.com\/index.php\/wp-json\/wp\/v2\/media\/58261"}],"wp:attachment":[{"href":"https:\/\/continuamosmx.com\/index.php\/wp-json\/wp\/v2\/media?parent=58259"}],"wp:term":[{"taxonomy":"category","embeddable":true,"href":"https:\/\/continuamosmx.com\/index.php\/wp-json\/wp\/v2\/categories?post=58259"},{"taxonomy":"post_tag","embeddable":true,"href":"https:\/\/continuamosmx.com\/index.php\/wp-json\/wp\/v2\/tags?post=58259"}],"curies":[{"name":"wp","href":"https:\/\/api.w.org\/{rel}","templated":true}]}}