{"id":58253,"date":"2026-09-02T23:19:00","date_gmt":"2026-09-03T05:19:00","guid":{"rendered":"https:\/\/continuamosmx.com\/?p=58253"},"modified":"2026-09-03T02:20:53","modified_gmt":"2026-09-03T08:20:53","slug":"de-afectaciones-por-sismo-a-aulas-dignas-rostros-de-la-transformacion-retrata-la-renovacion-escolar-en-nezahualcoyotl","status":"publish","type":"post","link":"https:\/\/continuamosmx.com\/index.php\/2026\/09\/02\/de-afectaciones-por-sismo-a-aulas-dignas-rostros-de-la-transformacion-retrata-la-renovacion-escolar-en-nezahualcoyotl\/","title":{"rendered":"DE AFECTACIONES POR SISMO A AULAS DIGNAS: \u201cROSTROS DE LA TRANSFORMACI\u00d3N\u201d RETRATA LA RENOVACI\u00d3N ESCOLAR EN NEZAHUALC\u00d3YOTL"},"content":{"rendered":"\n<h3 class=\"wp-block-heading\">*<strong>A trav\u00e9s de la serie documental, madres de familia comparten el impacto de la entrega de mobiliario y la inversi\u00f3n estatal superior a los 57 millones de pesos en beneficio de la comunidad estudiantil.<\/strong><\/h3>\n\n\n\n<p class=\"wp-block-paragraph\"><strong>NEZAHUALC\u00d3YOTL, Estado de M\u00e9xico.\u2013<\/strong> Con el objetivo de garantizar espacios educativos seguros y equipados, el Gobierno del Estado de M\u00e9xico contin\u00faa transformando la infraestructura escolar en los 125 municipios. La serie documental \u201cRostros de la Transformaci\u00f3n\u201d documenta este esfuerzo a trav\u00e9s de la voz de Jaqueline Aid\u00e9 Vel\u00e1zquez Gardu\u00f1o, madre de familia y presidenta de la Asociaci\u00f3n de Padres de Familia de la Escuela Secundaria General No. 0425 \u201cJes\u00fas Reyes Heroles\u201d.<\/p>\n\n\n\n<p class=\"wp-block-paragraph\">En esta entrega, Vel\u00e1zquez Gardu\u00f1o relata los retos que enfrent\u00f3 la comunidad tras el sismo de 2017, siniestro que oblig\u00f3 a demoler dos de los tres edificios del plantel, dejando a las y los estudiantes sin las condiciones \u00f3ptimas para el aprendizaje. Gracias a las gestiones y al respaldo de la administraci\u00f3n estatal encabezada por la Gobernadora Delfina G\u00f3mez \u00c1lvarez, la escuela ha recuperado su funcionalidad.<\/p>\n\n\n\n<p class=\"wp-block-paragraph\">\u201cCuando nos entregaron la escuela no ten\u00eda las condiciones adecuadas ya que faltaba mobiliario como escritorios y asientos para profesores, pero con el apoyo que se les brind\u00f3, ahora las y los estudiantes toman clases con normalidad\u201d, destac\u00f3 la representante de los padres de familia, agradeciendo la dotaci\u00f3n de mesas, escritorios, pupitres, lockers y material did\u00e1ctico especializado en matem\u00e1ticas.<\/p>\n\n\n\n<p class=\"wp-block-paragraph\">Por su parte, la Gobernadora Delfina G\u00f3mez ha enfatizado que la educaci\u00f3n es un pilar fundamental bajo los principios de la Nueva Escuela Mexicana. En el caso espec\u00edfico de Nezahualc\u00f3yotl, se han destinado 57.21 millones de pesos para beneficiar a 134 planteles de educaci\u00f3n b\u00e1sica, media superior, superior y especial mediante mejoras en infraestructura, colocaci\u00f3n de sistemas de captaci\u00f3n de agua pluvial y equipamiento integral.<\/p>\n\n\n\n<p class=\"wp-block-paragraph\">La serie \u201cRostros de la Transformaci\u00f3n\u201d busca visibilizar el impacto real de estas obras a trav\u00e9s de historias de vida y se transmite mediante las redes sociales institucionales, las pantallas de atenci\u00f3n ciudadana y TV Mexiquense. La historia completa puede consultarse a trav\u00e9s del siguiente enlace: <a target=\"_blank\" rel=\"noopener\" href=\"https:\/\/youtu.be\/oaioROVvW-M\">https:\/\/youtu.be\/oaioROVvW-M<\/a>.<\/p>\n","protected":false},"excerpt":{"rendered":"<p>*A trav\u00e9s de la serie documental, madres de familia comparten el impacto de la entrega de mobiliario y la inversi\u00f3n estatal superior a los 57 millones de pesos en beneficio de la comunidad estudiantil. NEZAHUALC\u00d3YOTL, Estado de M\u00e9xico.\u2013 Con el objetivo de garantizar espacios educativos seguros y equipados, el Gobierno del Estado de M\u00e9xico contin\u00faa [&hellip;]<\/p>\n","protected":false},"author":6,"featured_media":58254,"comment_status":"closed","ping_status":"closed","sticky":false,"template":"","format":"standard","meta":{"footnotes":""},"categories":[4],"tags":[],"class_list":["post-58253","post","type-post","status-publish","format-standard","has-post-thumbnail","hentry","category-locales"],"yoast_head":"<!-- This site is optimized with the Yoast SEO plugin v28.4 - https:\/\/yoast.com\/product\/yoast-seo-wordpress\/ -->\n<title>DE AFECTACIONES POR SISMO A AULAS DIGNAS: \u201cROSTROS DE LA TRANSFORMACI\u00d3N\u201d RETRATA LA RENOVACI\u00d3N ESCOLAR EN NEZAHUALC\u00d3YOTL -<\/title>\n<meta name=\"robots\" content=\"index, follow, max-snippet:-1, max-image-preview:large, max-video-preview:-1\" \/>\n<link rel=\"canonical\" href=\"https:\/\/continuamosmx.com\/index.php\/2026\/09\/02\/de-afectaciones-por-sismo-a-aulas-dignas-rostros-de-la-transformacion-retrata-la-renovacion-escolar-en-nezahualcoyotl\/\" \/>\n<meta property=\"og:locale\" content=\"es_ES\" \/>\n<meta property=\"og:type\" content=\"article\" \/>\n<meta property=\"og:title\" content=\"DE AFECTACIONES POR SISMO A AULAS DIGNAS: \u201cROSTROS DE LA TRANSFORMACI\u00d3N\u201d RETRATA LA RENOVACI\u00d3N ESCOLAR EN NEZAHUALC\u00d3YOTL -\" \/>\n<meta property=\"og:description\" content=\"*A trav\u00e9s de la serie documental, madres de familia comparten el impacto de la entrega de mobiliario y la inversi\u00f3n estatal superior a los 57 millones de pesos en beneficio de la comunidad estudiantil. NEZAHUALC\u00d3YOTL, Estado de M\u00e9xico.\u2013 Con el objetivo de garantizar espacios educativos seguros y equipados, el Gobierno del Estado de M\u00e9xico contin\u00faa [&hellip;]\" \/>\n<meta property=\"og:url\" content=\"https:\/\/continuamosmx.com\/index.php\/2026\/09\/02\/de-afectaciones-por-sismo-a-aulas-dignas-rostros-de-la-transformacion-retrata-la-renovacion-escolar-en-nezahualcoyotl\/\" \/>\n<meta property=\"article:published_time\" content=\"2026-09-03T05:19:00+00:00\" \/>\n<meta property=\"article:modified_time\" content=\"2026-09-03T08:20:53+00:00\" \/>\n<meta property=\"og:image\" content=\"https:\/\/continuamosmx.com\/wp-content\/uploads\/2026\/09\/WhatsApp-Image-2026-09-02-at-9.44.20-PM.jpeg\" \/>\n\t<meta property=\"og:image:width\" content=\"1600\" \/>\n\t<meta property=\"og:image:height\" content=\"900\" \/>\n\t<meta property=\"og:image:type\" content=\"image\/jpeg\" \/>\n<meta name=\"author\" content=\"Continuamos MX\" \/>\n<meta name=\"twitter:card\" content=\"summary_large_image\" \/>\n<meta name=\"twitter:label1\" content=\"Escrito por\" \/>\n\t<meta name=\"twitter:data1\" content=\"Continuamos MX\" \/>\n\t<meta name=\"twitter:label2\" content=\"Tiempo de lectura\" \/>\n\t<meta name=\"twitter:data2\" content=\"2 minutos\" \/>\n<script type=\"application\/ld+json\" class=\"yoast-schema-graph\">{\"@context\":\"https:\\\/\\\/schema.org\",\"@graph\":[{\"@type\":\"Article\",\"@id\":\"https:\\\/\\\/continuamosmx.com\\\/index.php\\\/2026\\\/09\\\/02\\\/de-afectaciones-por-sismo-a-aulas-dignas-rostros-de-la-transformacion-retrata-la-renovacion-escolar-en-nezahualcoyotl\\\/#article\",\"isPartOf\":{\"@id\":\"https:\\\/\\\/continuamosmx.com\\\/index.php\\\/2026\\\/09\\\/02\\\/de-afectaciones-por-sismo-a-aulas-dignas-rostros-de-la-transformacion-retrata-la-renovacion-escolar-en-nezahualcoyotl\\\/\"},\"author\":{\"name\":\"Continuamos MX\",\"@id\":\"https:\\\/\\\/continuamosmx.com\\\/#\\\/schema\\\/person\\\/5eb5356acb1fad784da407d14f0e8d89\"},\"headline\":\"DE AFECTACIONES POR SISMO A AULAS DIGNAS: \u201cROSTROS DE LA TRANSFORMACI\u00d3N\u201d RETRATA LA RENOVACI\u00d3N ESCOLAR EN NEZAHUALC\u00d3YOTL\",\"datePublished\":\"2026-09-03T05:19:00+00:00\",\"dateModified\":\"2026-09-03T08:20:53+00:00\",\"mainEntityOfPage\":{\"@id\":\"https:\\\/\\\/continuamosmx.com\\\/index.php\\\/2026\\\/09\\\/02\\\/de-afectaciones-por-sismo-a-aulas-dignas-rostros-de-la-transformacion-retrata-la-renovacion-escolar-en-nezahualcoyotl\\\/\"},\"wordCount\":391,\"publisher\":{\"@id\":\"https:\\\/\\\/continuamosmx.com\\\/#organization\"},\"image\":{\"@id\":\"https:\\\/\\\/continuamosmx.com\\\/index.php\\\/2026\\\/09\\\/02\\\/de-afectaciones-por-sismo-a-aulas-dignas-rostros-de-la-transformacion-retrata-la-renovacion-escolar-en-nezahualcoyotl\\\/#primaryimage\"},\"thumbnailUrl\":\"https:\\\/\\\/continuamosmx.com\\\/wp-content\\\/uploads\\\/2026\\\/09\\\/WhatsApp-Image-2026-09-02-at-9.44.20-PM.jpeg\",\"articleSection\":[\"LOCALES\"],\"inLanguage\":\"es\"},{\"@type\":\"WebPage\",\"@id\":\"https:\\\/\\\/continuamosmx.com\\\/index.php\\\/2026\\\/09\\\/02\\\/de-afectaciones-por-sismo-a-aulas-dignas-rostros-de-la-transformacion-retrata-la-renovacion-escolar-en-nezahualcoyotl\\\/\",\"url\":\"https:\\\/\\\/continuamosmx.com\\\/index.php\\\/2026\\\/09\\\/02\\\/de-afectaciones-por-sismo-a-aulas-dignas-rostros-de-la-transformacion-retrata-la-renovacion-escolar-en-nezahualcoyotl\\\/\",\"name\":\"DE AFECTACIONES POR SISMO A AULAS DIGNAS: \u201cROSTROS DE LA TRANSFORMACI\u00d3N\u201d RETRATA LA RENOVACI\u00d3N ESCOLAR EN NEZAHUALC\u00d3YOTL -\",\"isPartOf\":{\"@id\":\"https:\\\/\\\/continuamosmx.com\\\/#website\"},\"primaryImageOfPage\":{\"@id\":\"https:\\\/\\\/continuamosmx.com\\\/index.php\\\/2026\\\/09\\\/02\\\/de-afectaciones-por-sismo-a-aulas-dignas-rostros-de-la-transformacion-retrata-la-renovacion-escolar-en-nezahualcoyotl\\\/#primaryimage\"},\"image\":{\"@id\":\"https:\\\/\\\/continuamosmx.com\\\/index.php\\\/2026\\\/09\\\/02\\\/de-afectaciones-por-sismo-a-aulas-dignas-rostros-de-la-transformacion-retrata-la-renovacion-escolar-en-nezahualcoyotl\\\/#primaryimage\"},\"thumbnailUrl\":\"https:\\\/\\\/continuamosmx.com\\\/wp-content\\\/uploads\\\/2026\\\/09\\\/WhatsApp-Image-2026-09-02-at-9.44.20-PM.jpeg\",\"datePublished\":\"2026-09-03T05:19:00+00:00\",\"dateModified\":\"2026-09-03T08:20:53+00:00\",\"breadcrumb\":{\"@id\":\"https:\\\/\\\/continuamosmx.com\\\/index.php\\\/2026\\\/09\\\/02\\\/de-afectaciones-por-sismo-a-aulas-dignas-rostros-de-la-transformacion-retrata-la-renovacion-escolar-en-nezahualcoyotl\\\/#breadcrumb\"},\"inLanguage\":\"es\",\"potentialAction\":[{\"@type\":\"ReadAction\",\"target\":[\"https:\\\/\\\/continuamosmx.com\\\/index.php\\\/2026\\\/09\\\/02\\\/de-afectaciones-por-sismo-a-aulas-dignas-rostros-de-la-transformacion-retrata-la-renovacion-escolar-en-nezahualcoyotl\\\/\"]}]},{\"@type\":\"ImageObject\",\"inLanguage\":\"es\",\"@id\":\"https:\\\/\\\/continuamosmx.com\\\/index.php\\\/2026\\\/09\\\/02\\\/de-afectaciones-por-sismo-a-aulas-dignas-rostros-de-la-transformacion-retrata-la-renovacion-escolar-en-nezahualcoyotl\\\/#primaryimage\",\"url\":\"https:\\\/\\\/continuamosmx.com\\\/wp-content\\\/uploads\\\/2026\\\/09\\\/WhatsApp-Image-2026-09-02-at-9.44.20-PM.jpeg\",\"contentUrl\":\"https:\\\/\\\/continuamosmx.com\\\/wp-content\\\/uploads\\\/2026\\\/09\\\/WhatsApp-Image-2026-09-02-at-9.44.20-PM.jpeg\",\"width\":1600,\"height\":900},{\"@type\":\"BreadcrumbList\",\"@id\":\"https:\\\/\\\/continuamosmx.com\\\/index.php\\\/2026\\\/09\\\/02\\\/de-afectaciones-por-sismo-a-aulas-dignas-rostros-de-la-transformacion-retrata-la-renovacion-escolar-en-nezahualcoyotl\\\/#breadcrumb\",\"itemListElement\":[{\"@type\":\"ListItem\",\"position\":1,\"name\":\"Inicio\",\"item\":\"https:\\\/\\\/continuamosmx.com\\\/\"},{\"@type\":\"ListItem\",\"position\":2,\"name\":\"DE AFECTACIONES POR SISMO A AULAS DIGNAS: \u201cROSTROS DE LA TRANSFORMACI\u00d3N\u201d RETRATA LA RENOVACI\u00d3N ESCOLAR EN NEZAHUALC\u00d3YOTL\"}]},{\"@type\":\"WebSite\",\"@id\":\"https:\\\/\\\/continuamosmx.com\\\/#website\",\"url\":\"https:\\\/\\\/continuamosmx.com\\\/\",\"name\":\"www.continuamosmx.com\",\"description\":\"\",\"publisher\":{\"@id\":\"https:\\\/\\\/continuamosmx.com\\\/#organization\"},\"potentialAction\":[{\"@type\":\"SearchAction\",\"target\":{\"@type\":\"EntryPoint\",\"urlTemplate\":\"https:\\\/\\\/continuamosmx.com\\\/?s={search_term_string}\"},\"query-input\":{\"@type\":\"PropertyValueSpecification\",\"valueRequired\":true,\"valueName\":\"search_term_string\"}}],\"inLanguage\":\"es\"},{\"@type\":\"Organization\",\"@id\":\"https:\\\/\\\/continuamosmx.com\\\/#organization\",\"name\":\"ContinuamosMX\",\"url\":\"https:\\\/\\\/continuamosmx.com\\\/\",\"logo\":{\"@type\":\"ImageObject\",\"inLanguage\":\"es\",\"@id\":\"https:\\\/\\\/continuamosmx.com\\\/#\\\/schema\\\/logo\\\/image\\\/\",\"url\":\"https:\\\/\\\/continuamosmx.com\\\/wp-content\\\/uploads\\\/2023\\\/04\\\/cropped-LOGO-CONTI-NUEVO.png\",\"contentUrl\":\"https:\\\/\\\/continuamosmx.com\\\/wp-content\\\/uploads\\\/2023\\\/04\\\/cropped-LOGO-CONTI-NUEVO.png\",\"width\":1257,\"height\":430,\"caption\":\"ContinuamosMX\"},\"image\":{\"@id\":\"https:\\\/\\\/continuamosmx.com\\\/#\\\/schema\\\/logo\\\/image\\\/\"}},{\"@type\":\"Person\",\"@id\":\"https:\\\/\\\/continuamosmx.com\\\/#\\\/schema\\\/person\\\/5eb5356acb1fad784da407d14f0e8d89\",\"name\":\"Continuamos MX\",\"image\":{\"@type\":\"ImageObject\",\"inLanguage\":\"es\",\"@id\":\"https:\\\/\\\/secure.gravatar.com\\\/avatar\\\/30d4f9723476a15f4da34d35fb3501f08d2357016c76051c6a85c354c7489589?s=96&d=mm&r=g\",\"url\":\"https:\\\/\\\/secure.gravatar.com\\\/avatar\\\/30d4f9723476a15f4da34d35fb3501f08d2357016c76051c6a85c354c7489589?s=96&d=mm&r=g\",\"contentUrl\":\"https:\\\/\\\/secure.gravatar.com\\\/avatar\\\/30d4f9723476a15f4da34d35fb3501f08d2357016c76051c6a85c354c7489589?s=96&d=mm&r=g\",\"caption\":\"Continuamos MX\"},\"sameAs\":[\"http:\\\/\\\/www.continuamos.mx\"],\"url\":\"https:\\\/\\\/continuamosmx.com\\\/index.php\\\/author\\\/continuamos\\\/\"}]}<\/script>\n<!-- \/ Yoast SEO plugin. -->","yoast_head_json":{"title":"DE AFECTACIONES POR SISMO A AULAS DIGNAS: \u201cROSTROS DE LA TRANSFORMACI\u00d3N\u201d RETRATA LA RENOVACI\u00d3N ESCOLAR EN NEZAHUALC\u00d3YOTL -","robots":{"index":"index","follow":"follow","max-snippet":"max-snippet:-1","max-image-preview":"max-image-preview:large","max-video-preview":"max-video-preview:-1"},"canonical":"https:\/\/continuamosmx.com\/index.php\/2026\/09\/02\/de-afectaciones-por-sismo-a-aulas-dignas-rostros-de-la-transformacion-retrata-la-renovacion-escolar-en-nezahualcoyotl\/","og_locale":"es_ES","og_type":"article","og_title":"DE AFECTACIONES POR SISMO A AULAS DIGNAS: \u201cROSTROS DE LA TRANSFORMACI\u00d3N\u201d RETRATA LA RENOVACI\u00d3N ESCOLAR EN NEZAHUALC\u00d3YOTL -","og_description":"*A trav\u00e9s de la serie documental, madres de familia comparten el impacto de la entrega de mobiliario y la inversi\u00f3n estatal superior a los 57 millones de pesos en beneficio de la comunidad estudiantil. NEZAHUALC\u00d3YOTL, Estado de M\u00e9xico.\u2013 Con el objetivo de garantizar espacios educativos seguros y equipados, el Gobierno del Estado de M\u00e9xico contin\u00faa [&hellip;]","og_url":"https:\/\/continuamosmx.com\/index.php\/2026\/09\/02\/de-afectaciones-por-sismo-a-aulas-dignas-rostros-de-la-transformacion-retrata-la-renovacion-escolar-en-nezahualcoyotl\/","article_published_time":"2026-09-03T05:19:00+00:00","article_modified_time":"2026-09-03T08:20:53+00:00","og_image":[{"width":1600,"height":900,"url":"https:\/\/continuamosmx.com\/wp-content\/uploads\/2026\/09\/WhatsApp-Image-2026-09-02-at-9.44.20-PM.jpeg","type":"image\/jpeg"}],"author":"Continuamos MX","twitter_card":"summary_large_image","twitter_misc":{"Escrito por":"Continuamos MX","Tiempo de lectura":"2 minutos"},"schema":{"@context":"https:\/\/schema.org","@graph":[{"@type":"Article","@id":"https:\/\/continuamosmx.com\/index.php\/2026\/09\/02\/de-afectaciones-por-sismo-a-aulas-dignas-rostros-de-la-transformacion-retrata-la-renovacion-escolar-en-nezahualcoyotl\/#article","isPartOf":{"@id":"https:\/\/continuamosmx.com\/index.php\/2026\/09\/02\/de-afectaciones-por-sismo-a-aulas-dignas-rostros-de-la-transformacion-retrata-la-renovacion-escolar-en-nezahualcoyotl\/"},"author":{"name":"Continuamos MX","@id":"https:\/\/continuamosmx.com\/#\/schema\/person\/5eb5356acb1fad784da407d14f0e8d89"},"headline":"DE AFECTACIONES POR SISMO A AULAS DIGNAS: \u201cROSTROS DE LA TRANSFORMACI\u00d3N\u201d RETRATA LA RENOVACI\u00d3N ESCOLAR EN NEZAHUALC\u00d3YOTL","datePublished":"2026-09-03T05:19:00+00:00","dateModified":"2026-09-03T08:20:53+00:00","mainEntityOfPage":{"@id":"https:\/\/continuamosmx.com\/index.php\/2026\/09\/02\/de-afectaciones-por-sismo-a-aulas-dignas-rostros-de-la-transformacion-retrata-la-renovacion-escolar-en-nezahualcoyotl\/"},"wordCount":391,"publisher":{"@id":"https:\/\/continuamosmx.com\/#organization"},"image":{"@id":"https:\/\/continuamosmx.com\/index.php\/2026\/09\/02\/de-afectaciones-por-sismo-a-aulas-dignas-rostros-de-la-transformacion-retrata-la-renovacion-escolar-en-nezahualcoyotl\/#primaryimage"},"thumbnailUrl":"https:\/\/continuamosmx.com\/wp-content\/uploads\/2026\/09\/WhatsApp-Image-2026-09-02-at-9.44.20-PM.jpeg","articleSection":["LOCALES"],"inLanguage":"es"},{"@type":"WebPage","@id":"https:\/\/continuamosmx.com\/index.php\/2026\/09\/02\/de-afectaciones-por-sismo-a-aulas-dignas-rostros-de-la-transformacion-retrata-la-renovacion-escolar-en-nezahualcoyotl\/","url":"https:\/\/continuamosmx.com\/index.php\/2026\/09\/02\/de-afectaciones-por-sismo-a-aulas-dignas-rostros-de-la-transformacion-retrata-la-renovacion-escolar-en-nezahualcoyotl\/","name":"DE AFECTACIONES POR SISMO A AULAS DIGNAS: \u201cROSTROS DE LA TRANSFORMACI\u00d3N\u201d RETRATA LA RENOVACI\u00d3N ESCOLAR EN NEZAHUALC\u00d3YOTL -","isPartOf":{"@id":"https:\/\/continuamosmx.com\/#website"},"primaryImageOfPage":{"@id":"https:\/\/continuamosmx.com\/index.php\/2026\/09\/02\/de-afectaciones-por-sismo-a-aulas-dignas-rostros-de-la-transformacion-retrata-la-renovacion-escolar-en-nezahualcoyotl\/#primaryimage"},"image":{"@id":"https:\/\/continuamosmx.com\/index.php\/2026\/09\/02\/de-afectaciones-por-sismo-a-aulas-dignas-rostros-de-la-transformacion-retrata-la-renovacion-escolar-en-nezahualcoyotl\/#primaryimage"},"thumbnailUrl":"https:\/\/continuamosmx.com\/wp-content\/uploads\/2026\/09\/WhatsApp-Image-2026-09-02-at-9.44.20-PM.jpeg","datePublished":"2026-09-03T05:19:00+00:00","dateModified":"2026-09-03T08:20:53+00:00","breadcrumb":{"@id":"https:\/\/continuamosmx.com\/index.php\/2026\/09\/02\/de-afectaciones-por-sismo-a-aulas-dignas-rostros-de-la-transformacion-retrata-la-renovacion-escolar-en-nezahualcoyotl\/#breadcrumb"},"inLanguage":"es","potentialAction":[{"@type":"ReadAction","target":["https:\/\/continuamosmx.com\/index.php\/2026\/09\/02\/de-afectaciones-por-sismo-a-aulas-dignas-rostros-de-la-transformacion-retrata-la-renovacion-escolar-en-nezahualcoyotl\/"]}]},{"@type":"ImageObject","inLanguage":"es","@id":"https:\/\/continuamosmx.com\/index.php\/2026\/09\/02\/de-afectaciones-por-sismo-a-aulas-dignas-rostros-de-la-transformacion-retrata-la-renovacion-escolar-en-nezahualcoyotl\/#primaryimage","url":"https:\/\/continuamosmx.com\/wp-content\/uploads\/2026\/09\/WhatsApp-Image-2026-09-02-at-9.44.20-PM.jpeg","contentUrl":"https:\/\/continuamosmx.com\/wp-content\/uploads\/2026\/09\/WhatsApp-Image-2026-09-02-at-9.44.20-PM.jpeg","width":1600,"height":900},{"@type":"BreadcrumbList","@id":"https:\/\/continuamosmx.com\/index.php\/2026\/09\/02\/de-afectaciones-por-sismo-a-aulas-dignas-rostros-de-la-transformacion-retrata-la-renovacion-escolar-en-nezahualcoyotl\/#breadcrumb","itemListElement":[{"@type":"ListItem","position":1,"name":"Inicio","item":"https:\/\/continuamosmx.com\/"},{"@type":"ListItem","position":2,"name":"DE AFECTACIONES POR SISMO A AULAS DIGNAS: \u201cROSTROS DE LA TRANSFORMACI\u00d3N\u201d RETRATA LA RENOVACI\u00d3N ESCOLAR EN NEZAHUALC\u00d3YOTL"}]},{"@type":"WebSite","@id":"https:\/\/continuamosmx.com\/#website","url":"https:\/\/continuamosmx.com\/","name":"www.continuamosmx.com","description":"","publisher":{"@id":"https:\/\/continuamosmx.com\/#organization"},"potentialAction":[{"@type":"SearchAction","target":{"@type":"EntryPoint","urlTemplate":"https:\/\/continuamosmx.com\/?s={search_term_string}"},"query-input":{"@type":"PropertyValueSpecification","valueRequired":true,"valueName":"search_term_string"}}],"inLanguage":"es"},{"@type":"Organization","@id":"https:\/\/continuamosmx.com\/#organization","name":"ContinuamosMX","url":"https:\/\/continuamosmx.com\/","logo":{"@type":"ImageObject","inLanguage":"es","@id":"https:\/\/continuamosmx.com\/#\/schema\/logo\/image\/","url":"https:\/\/continuamosmx.com\/wp-content\/uploads\/2023\/04\/cropped-LOGO-CONTI-NUEVO.png","contentUrl":"https:\/\/continuamosmx.com\/wp-content\/uploads\/2023\/04\/cropped-LOGO-CONTI-NUEVO.png","width":1257,"height":430,"caption":"ContinuamosMX"},"image":{"@id":"https:\/\/continuamosmx.com\/#\/schema\/logo\/image\/"}},{"@type":"Person","@id":"https:\/\/continuamosmx.com\/#\/schema\/person\/5eb5356acb1fad784da407d14f0e8d89","name":"Continuamos MX","image":{"@type":"ImageObject","inLanguage":"es","@id":"https:\/\/secure.gravatar.com\/avatar\/30d4f9723476a15f4da34d35fb3501f08d2357016c76051c6a85c354c7489589?s=96&d=mm&r=g","url":"https:\/\/secure.gravatar.com\/avatar\/30d4f9723476a15f4da34d35fb3501f08d2357016c76051c6a85c354c7489589?s=96&d=mm&r=g","contentUrl":"https:\/\/secure.gravatar.com\/avatar\/30d4f9723476a15f4da34d35fb3501f08d2357016c76051c6a85c354c7489589?s=96&d=mm&r=g","caption":"Continuamos MX"},"sameAs":["http:\/\/www.continuamos.mx"],"url":"https:\/\/continuamosmx.com\/index.php\/author\/continuamos\/"}]}},"_links":{"self":[{"href":"https:\/\/continuamosmx.com\/index.php\/wp-json\/wp\/v2\/posts\/58253","targetHints":{"allow":["GET"]}}],"collection":[{"href":"https:\/\/continuamosmx.com\/index.php\/wp-json\/wp\/v2\/posts"}],"about":[{"href":"https:\/\/continuamosmx.com\/index.php\/wp-json\/wp\/v2\/types\/post"}],"author":[{"embeddable":true,"href":"https:\/\/continuamosmx.com\/index.php\/wp-json\/wp\/v2\/users\/6"}],"replies":[{"embeddable":true,"href":"https:\/\/continuamosmx.com\/index.php\/wp-json\/wp\/v2\/comments?post=58253"}],"version-history":[{"count":1,"href":"https:\/\/continuamosmx.com\/index.php\/wp-json\/wp\/v2\/posts\/58253\/revisions"}],"predecessor-version":[{"id":58255,"href":"https:\/\/continuamosmx.com\/index.php\/wp-json\/wp\/v2\/posts\/58253\/revisions\/58255"}],"wp:featuredmedia":[{"embeddable":true,"href":"https:\/\/continuamosmx.com\/index.php\/wp-json\/wp\/v2\/media\/58254"}],"wp:attachment":[{"href":"https:\/\/continuamosmx.com\/index.php\/wp-json\/wp\/v2\/media?parent=58253"}],"wp:term":[{"taxonomy":"category","embeddable":true,"href":"https:\/\/continuamosmx.com\/index.php\/wp-json\/wp\/v2\/categories?post=58253"},{"taxonomy":"post_tag","embeddable":true,"href":"https:\/\/continuamosmx.com\/index.php\/wp-json\/wp\/v2\/tags?post=58253"}],"curies":[{"name":"wp","href":"https:\/\/api.w.org\/{rel}","templated":true}]}}