{"id":58247,"date":"2026-09-02T14:11:00","date_gmt":"2026-09-02T20:11:00","guid":{"rendered":"https:\/\/continuamosmx.com\/?p=58247"},"modified":"2026-09-03T02:13:11","modified_gmt":"2026-09-03T08:13:11","slug":"gobierno-del-edomex-e-incorpora-asesoria-empresarial-y-capacitacion-gratuita-a-caravanas-itinerantes-en-el-oriente","status":"publish","type":"post","link":"https:\/\/continuamosmx.com\/index.php\/2026\/09\/02\/gobierno-del-edomex-e-incorpora-asesoria-empresarial-y-capacitacion-gratuita-a-caravanas-itinerantes-en-el-oriente\/","title":{"rendered":"GOBIERNO DEL EDOMEX E INCORPORA ASESOR\u00cdA EMPRESARIAL Y CAPACITACI\u00d3N GRATUITA A CARAVANAS ITINERANTES EN EL ORIENTE"},"content":{"rendered":"\n<h2 class=\"wp-block-heading\">*<strong>La Consejer\u00eda Jur\u00eddica firm\u00f3 un convenio hist\u00f3rico con la Coparmex Estado de M\u00e9xico Oriente para impulsar el emprendimiento y la formalizaci\u00f3n de negocios mediante esta estrategia.<\/strong><\/h2>\n\n\n\n<p class=\"wp-block-paragraph\"><strong>HUEHUETOCA, Estado de M\u00e9xico.-<\/strong> En un esfuerzo por fortalecer el desarrollo econ\u00f3mico local, el Gobierno estatal encabezado por la Maestra Delfina G\u00f3mez \u00c1lvarez, a trav\u00e9s de la Consejer\u00eda Jur\u00eddica, concret\u00f3 una alianza estrat\u00e9gica con la Confederaci\u00f3n Patronal de la Rep\u00fablica Mexicana (Coparmex) Estado de M\u00e9xico Oriente. Este convenio suma por primera vez a una organizaci\u00f3n empresarial a las Caravanas Itinerantes por la Justicia Social.<\/p>\n\n\n\n<p class=\"wp-block-paragraph\">Durante el arranque de la estrategia en Huehuetoca, el Consejero Jur\u00eddico, Jes\u00fas George Zamora, resalt\u00f3 que la integraci\u00f3n del sector privado ampl\u00eda el impacto de estas caravanas, las cuales ya congregan a m\u00e1s de 33 dependencias e instituciones para ofrecer m\u00e1s de 125 tr\u00e1mites y servicios gratuitos o a bajo costo.<\/p>\n\n\n\n<p class=\"wp-block-paragraph\">Por su parte, \u00c1ngel de Jes\u00fas Barbosa G\u00f3mez, Presidente de Coparmex Edomex Oriente, detall\u00f3 que los asistentes podr\u00e1n acceder a herramientas como el Sistema Mi COPARMEX Digital, cursos de capacitaci\u00f3n, orientaci\u00f3n para iniciar un negocio y asesor\u00eda especializada para lograr la formalizaci\u00f3n y consolidaci\u00f3n de proyectos productivos.<\/p>\n\n\n\n<p class=\"wp-block-paragraph\">Con esta incorporaci\u00f3n, las Caravanas Itinerantes no solo acercan servicios gubernamentales a las comunidades, sino que se consolidan como un motor para impulsar la econom\u00eda familiar y la generaci\u00f3n de empleos formales en la regi\u00f3n.<\/p>\n","protected":false},"excerpt":{"rendered":"<p>*La Consejer\u00eda Jur\u00eddica firm\u00f3 un convenio hist\u00f3rico con la Coparmex Estado de M\u00e9xico Oriente para impulsar el emprendimiento y la formalizaci\u00f3n de negocios mediante esta estrategia. HUEHUETOCA, Estado de M\u00e9xico.- En un esfuerzo por fortalecer el desarrollo econ\u00f3mico local, el Gobierno estatal encabezado por la Maestra Delfina G\u00f3mez \u00c1lvarez, a trav\u00e9s de la Consejer\u00eda Jur\u00eddica, [&hellip;]<\/p>\n","protected":false},"author":6,"featured_media":58249,"comment_status":"closed","ping_status":"closed","sticky":false,"template":"","format":"standard","meta":{"footnotes":""},"categories":[2],"tags":[],"class_list":["post-58247","post","type-post","status-publish","format-standard","has-post-thumbnail","hentry","category-edomex"],"yoast_head":"<!-- This site is optimized with the Yoast SEO plugin v28.4 - https:\/\/yoast.com\/product\/yoast-seo-wordpress\/ -->\n<title>GOBIERNO DEL EDOMEX E INCORPORA ASESOR\u00cdA EMPRESARIAL Y CAPACITACI\u00d3N GRATUITA A CARAVANAS ITINERANTES EN EL ORIENTE -<\/title>\n<meta name=\"robots\" content=\"index, follow, max-snippet:-1, max-image-preview:large, max-video-preview:-1\" \/>\n<link rel=\"canonical\" href=\"https:\/\/continuamosmx.com\/index.php\/2026\/09\/02\/gobierno-del-edomex-e-incorpora-asesoria-empresarial-y-capacitacion-gratuita-a-caravanas-itinerantes-en-el-oriente\/\" \/>\n<meta property=\"og:locale\" content=\"es_ES\" \/>\n<meta property=\"og:type\" content=\"article\" \/>\n<meta property=\"og:title\" content=\"GOBIERNO DEL EDOMEX E INCORPORA ASESOR\u00cdA EMPRESARIAL Y CAPACITACI\u00d3N GRATUITA A CARAVANAS ITINERANTES EN EL ORIENTE -\" \/>\n<meta property=\"og:description\" content=\"*La Consejer\u00eda Jur\u00eddica firm\u00f3 un convenio hist\u00f3rico con la Coparmex Estado de M\u00e9xico Oriente para impulsar el emprendimiento y la formalizaci\u00f3n de negocios mediante esta estrategia. HUEHUETOCA, Estado de M\u00e9xico.- En un esfuerzo por fortalecer el desarrollo econ\u00f3mico local, el Gobierno estatal encabezado por la Maestra Delfina G\u00f3mez \u00c1lvarez, a trav\u00e9s de la Consejer\u00eda Jur\u00eddica, [&hellip;]\" \/>\n<meta property=\"og:url\" content=\"https:\/\/continuamosmx.com\/index.php\/2026\/09\/02\/gobierno-del-edomex-e-incorpora-asesoria-empresarial-y-capacitacion-gratuita-a-caravanas-itinerantes-en-el-oriente\/\" \/>\n<meta property=\"article:published_time\" content=\"2026-09-02T20:11:00+00:00\" \/>\n<meta property=\"article:modified_time\" content=\"2026-09-03T08:13:11+00:00\" \/>\n<meta property=\"og:image\" content=\"https:\/\/continuamosmx.com\/wp-content\/uploads\/2026\/09\/WhatsApp-Image-2026-09-02-at-9.41.03-PM-5.jpeg\" \/>\n\t<meta property=\"og:image:width\" content=\"1600\" \/>\n\t<meta property=\"og:image:height\" content=\"1066\" \/>\n\t<meta property=\"og:image:type\" content=\"image\/jpeg\" \/>\n<meta name=\"author\" content=\"Continuamos MX\" \/>\n<meta name=\"twitter:card\" content=\"summary_large_image\" \/>\n<meta name=\"twitter:label1\" content=\"Escrito por\" \/>\n\t<meta name=\"twitter:data1\" content=\"Continuamos MX\" \/>\n\t<meta name=\"twitter:label2\" content=\"Tiempo de lectura\" \/>\n\t<meta name=\"twitter:data2\" content=\"2 minutos\" \/>\n<script type=\"application\/ld+json\" class=\"yoast-schema-graph\">{\"@context\":\"https:\\\/\\\/schema.org\",\"@graph\":[{\"@type\":\"Article\",\"@id\":\"https:\\\/\\\/continuamosmx.com\\\/index.php\\\/2026\\\/09\\\/02\\\/gobierno-del-edomex-e-incorpora-asesoria-empresarial-y-capacitacion-gratuita-a-caravanas-itinerantes-en-el-oriente\\\/#article\",\"isPartOf\":{\"@id\":\"https:\\\/\\\/continuamosmx.com\\\/index.php\\\/2026\\\/09\\\/02\\\/gobierno-del-edomex-e-incorpora-asesoria-empresarial-y-capacitacion-gratuita-a-caravanas-itinerantes-en-el-oriente\\\/\"},\"author\":{\"name\":\"Continuamos MX\",\"@id\":\"https:\\\/\\\/continuamosmx.com\\\/#\\\/schema\\\/person\\\/5eb5356acb1fad784da407d14f0e8d89\"},\"headline\":\"GOBIERNO DEL EDOMEX E INCORPORA ASESOR\u00cdA EMPRESARIAL Y CAPACITACI\u00d3N GRATUITA A CARAVANAS ITINERANTES EN EL ORIENTE\",\"datePublished\":\"2026-09-02T20:11:00+00:00\",\"dateModified\":\"2026-09-03T08:13:11+00:00\",\"mainEntityOfPage\":{\"@id\":\"https:\\\/\\\/continuamosmx.com\\\/index.php\\\/2026\\\/09\\\/02\\\/gobierno-del-edomex-e-incorpora-asesoria-empresarial-y-capacitacion-gratuita-a-caravanas-itinerantes-en-el-oriente\\\/\"},\"wordCount\":275,\"publisher\":{\"@id\":\"https:\\\/\\\/continuamosmx.com\\\/#organization\"},\"image\":{\"@id\":\"https:\\\/\\\/continuamosmx.com\\\/index.php\\\/2026\\\/09\\\/02\\\/gobierno-del-edomex-e-incorpora-asesoria-empresarial-y-capacitacion-gratuita-a-caravanas-itinerantes-en-el-oriente\\\/#primaryimage\"},\"thumbnailUrl\":\"https:\\\/\\\/continuamosmx.com\\\/wp-content\\\/uploads\\\/2026\\\/09\\\/WhatsApp-Image-2026-09-02-at-9.41.03-PM-5.jpeg\",\"articleSection\":[\"EDOMEX\"],\"inLanguage\":\"es\"},{\"@type\":\"WebPage\",\"@id\":\"https:\\\/\\\/continuamosmx.com\\\/index.php\\\/2026\\\/09\\\/02\\\/gobierno-del-edomex-e-incorpora-asesoria-empresarial-y-capacitacion-gratuita-a-caravanas-itinerantes-en-el-oriente\\\/\",\"url\":\"https:\\\/\\\/continuamosmx.com\\\/index.php\\\/2026\\\/09\\\/02\\\/gobierno-del-edomex-e-incorpora-asesoria-empresarial-y-capacitacion-gratuita-a-caravanas-itinerantes-en-el-oriente\\\/\",\"name\":\"GOBIERNO DEL EDOMEX E INCORPORA ASESOR\u00cdA EMPRESARIAL Y CAPACITACI\u00d3N GRATUITA A CARAVANAS ITINERANTES EN EL ORIENTE -\",\"isPartOf\":{\"@id\":\"https:\\\/\\\/continuamosmx.com\\\/#website\"},\"primaryImageOfPage\":{\"@id\":\"https:\\\/\\\/continuamosmx.com\\\/index.php\\\/2026\\\/09\\\/02\\\/gobierno-del-edomex-e-incorpora-asesoria-empresarial-y-capacitacion-gratuita-a-caravanas-itinerantes-en-el-oriente\\\/#primaryimage\"},\"image\":{\"@id\":\"https:\\\/\\\/continuamosmx.com\\\/index.php\\\/2026\\\/09\\\/02\\\/gobierno-del-edomex-e-incorpora-asesoria-empresarial-y-capacitacion-gratuita-a-caravanas-itinerantes-en-el-oriente\\\/#primaryimage\"},\"thumbnailUrl\":\"https:\\\/\\\/continuamosmx.com\\\/wp-content\\\/uploads\\\/2026\\\/09\\\/WhatsApp-Image-2026-09-02-at-9.41.03-PM-5.jpeg\",\"datePublished\":\"2026-09-02T20:11:00+00:00\",\"dateModified\":\"2026-09-03T08:13:11+00:00\",\"breadcrumb\":{\"@id\":\"https:\\\/\\\/continuamosmx.com\\\/index.php\\\/2026\\\/09\\\/02\\\/gobierno-del-edomex-e-incorpora-asesoria-empresarial-y-capacitacion-gratuita-a-caravanas-itinerantes-en-el-oriente\\\/#breadcrumb\"},\"inLanguage\":\"es\",\"potentialAction\":[{\"@type\":\"ReadAction\",\"target\":[\"https:\\\/\\\/continuamosmx.com\\\/index.php\\\/2026\\\/09\\\/02\\\/gobierno-del-edomex-e-incorpora-asesoria-empresarial-y-capacitacion-gratuita-a-caravanas-itinerantes-en-el-oriente\\\/\"]}]},{\"@type\":\"ImageObject\",\"inLanguage\":\"es\",\"@id\":\"https:\\\/\\\/continuamosmx.com\\\/index.php\\\/2026\\\/09\\\/02\\\/gobierno-del-edomex-e-incorpora-asesoria-empresarial-y-capacitacion-gratuita-a-caravanas-itinerantes-en-el-oriente\\\/#primaryimage\",\"url\":\"https:\\\/\\\/continuamosmx.com\\\/wp-content\\\/uploads\\\/2026\\\/09\\\/WhatsApp-Image-2026-09-02-at-9.41.03-PM-5.jpeg\",\"contentUrl\":\"https:\\\/\\\/continuamosmx.com\\\/wp-content\\\/uploads\\\/2026\\\/09\\\/WhatsApp-Image-2026-09-02-at-9.41.03-PM-5.jpeg\",\"width\":1600,\"height\":1066},{\"@type\":\"BreadcrumbList\",\"@id\":\"https:\\\/\\\/continuamosmx.com\\\/index.php\\\/2026\\\/09\\\/02\\\/gobierno-del-edomex-e-incorpora-asesoria-empresarial-y-capacitacion-gratuita-a-caravanas-itinerantes-en-el-oriente\\\/#breadcrumb\",\"itemListElement\":[{\"@type\":\"ListItem\",\"position\":1,\"name\":\"Inicio\",\"item\":\"https:\\\/\\\/continuamosmx.com\\\/\"},{\"@type\":\"ListItem\",\"position\":2,\"name\":\"GOBIERNO DEL EDOMEX E INCORPORA ASESOR\u00cdA EMPRESARIAL Y CAPACITACI\u00d3N GRATUITA A CARAVANAS ITINERANTES EN EL ORIENTE\"}]},{\"@type\":\"WebSite\",\"@id\":\"https:\\\/\\\/continuamosmx.com\\\/#website\",\"url\":\"https:\\\/\\\/continuamosmx.com\\\/\",\"name\":\"www.continuamosmx.com\",\"description\":\"\",\"publisher\":{\"@id\":\"https:\\\/\\\/continuamosmx.com\\\/#organization\"},\"potentialAction\":[{\"@type\":\"SearchAction\",\"target\":{\"@type\":\"EntryPoint\",\"urlTemplate\":\"https:\\\/\\\/continuamosmx.com\\\/?s={search_term_string}\"},\"query-input\":{\"@type\":\"PropertyValueSpecification\",\"valueRequired\":true,\"valueName\":\"search_term_string\"}}],\"inLanguage\":\"es\"},{\"@type\":\"Organization\",\"@id\":\"https:\\\/\\\/continuamosmx.com\\\/#organization\",\"name\":\"ContinuamosMX\",\"url\":\"https:\\\/\\\/continuamosmx.com\\\/\",\"logo\":{\"@type\":\"ImageObject\",\"inLanguage\":\"es\",\"@id\":\"https:\\\/\\\/continuamosmx.com\\\/#\\\/schema\\\/logo\\\/image\\\/\",\"url\":\"https:\\\/\\\/continuamosmx.com\\\/wp-content\\\/uploads\\\/2023\\\/04\\\/cropped-LOGO-CONTI-NUEVO.png\",\"contentUrl\":\"https:\\\/\\\/continuamosmx.com\\\/wp-content\\\/uploads\\\/2023\\\/04\\\/cropped-LOGO-CONTI-NUEVO.png\",\"width\":1257,\"height\":430,\"caption\":\"ContinuamosMX\"},\"image\":{\"@id\":\"https:\\\/\\\/continuamosmx.com\\\/#\\\/schema\\\/logo\\\/image\\\/\"}},{\"@type\":\"Person\",\"@id\":\"https:\\\/\\\/continuamosmx.com\\\/#\\\/schema\\\/person\\\/5eb5356acb1fad784da407d14f0e8d89\",\"name\":\"Continuamos MX\",\"image\":{\"@type\":\"ImageObject\",\"inLanguage\":\"es\",\"@id\":\"https:\\\/\\\/secure.gravatar.com\\\/avatar\\\/30d4f9723476a15f4da34d35fb3501f08d2357016c76051c6a85c354c7489589?s=96&d=mm&r=g\",\"url\":\"https:\\\/\\\/secure.gravatar.com\\\/avatar\\\/30d4f9723476a15f4da34d35fb3501f08d2357016c76051c6a85c354c7489589?s=96&d=mm&r=g\",\"contentUrl\":\"https:\\\/\\\/secure.gravatar.com\\\/avatar\\\/30d4f9723476a15f4da34d35fb3501f08d2357016c76051c6a85c354c7489589?s=96&d=mm&r=g\",\"caption\":\"Continuamos MX\"},\"sameAs\":[\"http:\\\/\\\/www.continuamos.mx\"],\"url\":\"https:\\\/\\\/continuamosmx.com\\\/index.php\\\/author\\\/continuamos\\\/\"}]}<\/script>\n<!-- \/ Yoast SEO plugin. -->","yoast_head_json":{"title":"GOBIERNO DEL EDOMEX E INCORPORA ASESOR\u00cdA EMPRESARIAL Y CAPACITACI\u00d3N GRATUITA A CARAVANAS ITINERANTES EN EL ORIENTE -","robots":{"index":"index","follow":"follow","max-snippet":"max-snippet:-1","max-image-preview":"max-image-preview:large","max-video-preview":"max-video-preview:-1"},"canonical":"https:\/\/continuamosmx.com\/index.php\/2026\/09\/02\/gobierno-del-edomex-e-incorpora-asesoria-empresarial-y-capacitacion-gratuita-a-caravanas-itinerantes-en-el-oriente\/","og_locale":"es_ES","og_type":"article","og_title":"GOBIERNO DEL EDOMEX E INCORPORA ASESOR\u00cdA EMPRESARIAL Y CAPACITACI\u00d3N GRATUITA A CARAVANAS ITINERANTES EN EL ORIENTE -","og_description":"*La Consejer\u00eda Jur\u00eddica firm\u00f3 un convenio hist\u00f3rico con la Coparmex Estado de M\u00e9xico Oriente para impulsar el emprendimiento y la formalizaci\u00f3n de negocios mediante esta estrategia. HUEHUETOCA, Estado de M\u00e9xico.- En un esfuerzo por fortalecer el desarrollo econ\u00f3mico local, el Gobierno estatal encabezado por la Maestra Delfina G\u00f3mez \u00c1lvarez, a trav\u00e9s de la Consejer\u00eda Jur\u00eddica, [&hellip;]","og_url":"https:\/\/continuamosmx.com\/index.php\/2026\/09\/02\/gobierno-del-edomex-e-incorpora-asesoria-empresarial-y-capacitacion-gratuita-a-caravanas-itinerantes-en-el-oriente\/","article_published_time":"2026-09-02T20:11:00+00:00","article_modified_time":"2026-09-03T08:13:11+00:00","og_image":[{"width":1600,"height":1066,"url":"https:\/\/continuamosmx.com\/wp-content\/uploads\/2026\/09\/WhatsApp-Image-2026-09-02-at-9.41.03-PM-5.jpeg","type":"image\/jpeg"}],"author":"Continuamos MX","twitter_card":"summary_large_image","twitter_misc":{"Escrito por":"Continuamos MX","Tiempo de lectura":"2 minutos"},"schema":{"@context":"https:\/\/schema.org","@graph":[{"@type":"Article","@id":"https:\/\/continuamosmx.com\/index.php\/2026\/09\/02\/gobierno-del-edomex-e-incorpora-asesoria-empresarial-y-capacitacion-gratuita-a-caravanas-itinerantes-en-el-oriente\/#article","isPartOf":{"@id":"https:\/\/continuamosmx.com\/index.php\/2026\/09\/02\/gobierno-del-edomex-e-incorpora-asesoria-empresarial-y-capacitacion-gratuita-a-caravanas-itinerantes-en-el-oriente\/"},"author":{"name":"Continuamos MX","@id":"https:\/\/continuamosmx.com\/#\/schema\/person\/5eb5356acb1fad784da407d14f0e8d89"},"headline":"GOBIERNO DEL EDOMEX E INCORPORA ASESOR\u00cdA EMPRESARIAL Y CAPACITACI\u00d3N GRATUITA A CARAVANAS ITINERANTES EN EL ORIENTE","datePublished":"2026-09-02T20:11:00+00:00","dateModified":"2026-09-03T08:13:11+00:00","mainEntityOfPage":{"@id":"https:\/\/continuamosmx.com\/index.php\/2026\/09\/02\/gobierno-del-edomex-e-incorpora-asesoria-empresarial-y-capacitacion-gratuita-a-caravanas-itinerantes-en-el-oriente\/"},"wordCount":275,"publisher":{"@id":"https:\/\/continuamosmx.com\/#organization"},"image":{"@id":"https:\/\/continuamosmx.com\/index.php\/2026\/09\/02\/gobierno-del-edomex-e-incorpora-asesoria-empresarial-y-capacitacion-gratuita-a-caravanas-itinerantes-en-el-oriente\/#primaryimage"},"thumbnailUrl":"https:\/\/continuamosmx.com\/wp-content\/uploads\/2026\/09\/WhatsApp-Image-2026-09-02-at-9.41.03-PM-5.jpeg","articleSection":["EDOMEX"],"inLanguage":"es"},{"@type":"WebPage","@id":"https:\/\/continuamosmx.com\/index.php\/2026\/09\/02\/gobierno-del-edomex-e-incorpora-asesoria-empresarial-y-capacitacion-gratuita-a-caravanas-itinerantes-en-el-oriente\/","url":"https:\/\/continuamosmx.com\/index.php\/2026\/09\/02\/gobierno-del-edomex-e-incorpora-asesoria-empresarial-y-capacitacion-gratuita-a-caravanas-itinerantes-en-el-oriente\/","name":"GOBIERNO DEL EDOMEX E INCORPORA ASESOR\u00cdA EMPRESARIAL Y CAPACITACI\u00d3N GRATUITA A CARAVANAS ITINERANTES EN EL ORIENTE -","isPartOf":{"@id":"https:\/\/continuamosmx.com\/#website"},"primaryImageOfPage":{"@id":"https:\/\/continuamosmx.com\/index.php\/2026\/09\/02\/gobierno-del-edomex-e-incorpora-asesoria-empresarial-y-capacitacion-gratuita-a-caravanas-itinerantes-en-el-oriente\/#primaryimage"},"image":{"@id":"https:\/\/continuamosmx.com\/index.php\/2026\/09\/02\/gobierno-del-edomex-e-incorpora-asesoria-empresarial-y-capacitacion-gratuita-a-caravanas-itinerantes-en-el-oriente\/#primaryimage"},"thumbnailUrl":"https:\/\/continuamosmx.com\/wp-content\/uploads\/2026\/09\/WhatsApp-Image-2026-09-02-at-9.41.03-PM-5.jpeg","datePublished":"2026-09-02T20:11:00+00:00","dateModified":"2026-09-03T08:13:11+00:00","breadcrumb":{"@id":"https:\/\/continuamosmx.com\/index.php\/2026\/09\/02\/gobierno-del-edomex-e-incorpora-asesoria-empresarial-y-capacitacion-gratuita-a-caravanas-itinerantes-en-el-oriente\/#breadcrumb"},"inLanguage":"es","potentialAction":[{"@type":"ReadAction","target":["https:\/\/continuamosmx.com\/index.php\/2026\/09\/02\/gobierno-del-edomex-e-incorpora-asesoria-empresarial-y-capacitacion-gratuita-a-caravanas-itinerantes-en-el-oriente\/"]}]},{"@type":"ImageObject","inLanguage":"es","@id":"https:\/\/continuamosmx.com\/index.php\/2026\/09\/02\/gobierno-del-edomex-e-incorpora-asesoria-empresarial-y-capacitacion-gratuita-a-caravanas-itinerantes-en-el-oriente\/#primaryimage","url":"https:\/\/continuamosmx.com\/wp-content\/uploads\/2026\/09\/WhatsApp-Image-2026-09-02-at-9.41.03-PM-5.jpeg","contentUrl":"https:\/\/continuamosmx.com\/wp-content\/uploads\/2026\/09\/WhatsApp-Image-2026-09-02-at-9.41.03-PM-5.jpeg","width":1600,"height":1066},{"@type":"BreadcrumbList","@id":"https:\/\/continuamosmx.com\/index.php\/2026\/09\/02\/gobierno-del-edomex-e-incorpora-asesoria-empresarial-y-capacitacion-gratuita-a-caravanas-itinerantes-en-el-oriente\/#breadcrumb","itemListElement":[{"@type":"ListItem","position":1,"name":"Inicio","item":"https:\/\/continuamosmx.com\/"},{"@type":"ListItem","position":2,"name":"GOBIERNO DEL EDOMEX E INCORPORA ASESOR\u00cdA EMPRESARIAL Y CAPACITACI\u00d3N GRATUITA A CARAVANAS ITINERANTES EN EL ORIENTE"}]},{"@type":"WebSite","@id":"https:\/\/continuamosmx.com\/#website","url":"https:\/\/continuamosmx.com\/","name":"www.continuamosmx.com","description":"","publisher":{"@id":"https:\/\/continuamosmx.com\/#organization"},"potentialAction":[{"@type":"SearchAction","target":{"@type":"EntryPoint","urlTemplate":"https:\/\/continuamosmx.com\/?s={search_term_string}"},"query-input":{"@type":"PropertyValueSpecification","valueRequired":true,"valueName":"search_term_string"}}],"inLanguage":"es"},{"@type":"Organization","@id":"https:\/\/continuamosmx.com\/#organization","name":"ContinuamosMX","url":"https:\/\/continuamosmx.com\/","logo":{"@type":"ImageObject","inLanguage":"es","@id":"https:\/\/continuamosmx.com\/#\/schema\/logo\/image\/","url":"https:\/\/continuamosmx.com\/wp-content\/uploads\/2023\/04\/cropped-LOGO-CONTI-NUEVO.png","contentUrl":"https:\/\/continuamosmx.com\/wp-content\/uploads\/2023\/04\/cropped-LOGO-CONTI-NUEVO.png","width":1257,"height":430,"caption":"ContinuamosMX"},"image":{"@id":"https:\/\/continuamosmx.com\/#\/schema\/logo\/image\/"}},{"@type":"Person","@id":"https:\/\/continuamosmx.com\/#\/schema\/person\/5eb5356acb1fad784da407d14f0e8d89","name":"Continuamos MX","image":{"@type":"ImageObject","inLanguage":"es","@id":"https:\/\/secure.gravatar.com\/avatar\/30d4f9723476a15f4da34d35fb3501f08d2357016c76051c6a85c354c7489589?s=96&d=mm&r=g","url":"https:\/\/secure.gravatar.com\/avatar\/30d4f9723476a15f4da34d35fb3501f08d2357016c76051c6a85c354c7489589?s=96&d=mm&r=g","contentUrl":"https:\/\/secure.gravatar.com\/avatar\/30d4f9723476a15f4da34d35fb3501f08d2357016c76051c6a85c354c7489589?s=96&d=mm&r=g","caption":"Continuamos MX"},"sameAs":["http:\/\/www.continuamos.mx"],"url":"https:\/\/continuamosmx.com\/index.php\/author\/continuamos\/"}]}},"_links":{"self":[{"href":"https:\/\/continuamosmx.com\/index.php\/wp-json\/wp\/v2\/posts\/58247","targetHints":{"allow":["GET"]}}],"collection":[{"href":"https:\/\/continuamosmx.com\/index.php\/wp-json\/wp\/v2\/posts"}],"about":[{"href":"https:\/\/continuamosmx.com\/index.php\/wp-json\/wp\/v2\/types\/post"}],"author":[{"embeddable":true,"href":"https:\/\/continuamosmx.com\/index.php\/wp-json\/wp\/v2\/users\/6"}],"replies":[{"embeddable":true,"href":"https:\/\/continuamosmx.com\/index.php\/wp-json\/wp\/v2\/comments?post=58247"}],"version-history":[{"count":1,"href":"https:\/\/continuamosmx.com\/index.php\/wp-json\/wp\/v2\/posts\/58247\/revisions"}],"predecessor-version":[{"id":58248,"href":"https:\/\/continuamosmx.com\/index.php\/wp-json\/wp\/v2\/posts\/58247\/revisions\/58248"}],"wp:featuredmedia":[{"embeddable":true,"href":"https:\/\/continuamosmx.com\/index.php\/wp-json\/wp\/v2\/media\/58249"}],"wp:attachment":[{"href":"https:\/\/continuamosmx.com\/index.php\/wp-json\/wp\/v2\/media?parent=58247"}],"wp:term":[{"taxonomy":"category","embeddable":true,"href":"https:\/\/continuamosmx.com\/index.php\/wp-json\/wp\/v2\/categories?post=58247"},{"taxonomy":"post_tag","embeddable":true,"href":"https:\/\/continuamosmx.com\/index.php\/wp-json\/wp\/v2\/tags?post=58247"}],"curies":[{"name":"wp","href":"https:\/\/api.w.org\/{rel}","templated":true}]}}