{"id":58244,"date":"2026-09-03T02:09:07","date_gmt":"2026-09-03T08:09:07","guid":{"rendered":"https:\/\/continuamosmx.com\/?p=58244"},"modified":"2026-09-03T02:09:07","modified_gmt":"2026-09-03T08:09:07","slug":"gobierno-del-edomex-lanza-ultimo-llamado-a-docentes-para-cursos-de-actualizacion-con-validez-oficial-ante-la-usicamm","status":"publish","type":"post","link":"https:\/\/continuamosmx.com\/index.php\/2026\/09\/03\/gobierno-del-edomex-lanza-ultimo-llamado-a-docentes-para-cursos-de-actualizacion-con-validez-oficial-ante-la-usicamm\/","title":{"rendered":"GOBIERNO DEL EDOMEX LANZA \u00daLTIMO LLAMADO A DOCENTES PARA CURSOS DE ACTUALIZACI\u00d3N CON VALIDEZ OFICIAL ANTE LA USICAMM"},"content":{"rendered":"\n<h2 class=\"wp-block-heading\">*<strong>La Secretar\u00eda de Educaci\u00f3n estatal convoca al magisterio mexiquense a aprovechar esta capacitaci\u00f3n gratuita que concluye su periodo de inscripci\u00f3n este 4 de septiembre.<\/strong><\/h2>\n\n\n\n<p class=\"wp-block-paragraph\"><strong>TOLUCA, Estado de M\u00e9xico.-<\/strong> A pocas horas de que concluya el plazo, la administraci\u00f3n estatal encabezada por la Maestra Delfina G\u00f3mez \u00c1lvarez, a trav\u00e9s de la Secretar\u00eda de Educaci\u00f3n, Ciencia, Tecnolog\u00eda e Innovaci\u00f3n (SECTI), record\u00f3 al personal docente, directivo, t\u00e9cnico y de supervisi\u00f3n que el registro para la Oferta Formativa agosto-noviembre 2026 cierra este jueves.<\/p>\n\n\n\n<p class=\"wp-block-paragraph\">La iniciativa busca fortalecer la pr\u00e1ctica profesional del magisterio de Educaci\u00f3n B\u00e1sica mediante cursos y diplomados extracurriculares totalmente gratuitos. Estas actividades cuentan con validez oficial ante la Unidad del Sistema para la Carrera de las Maestras y los Maestros (USICAMM) y se impartir\u00e1n en modalidades a distancia, presencial y mixta, adapt\u00e1ndose a horarios matutinos, vespertinos y sabatinos.<\/p>\n\n\n\n<p class=\"wp-block-paragraph\">Los interesados deben realizar su inscripci\u00f3n a trav\u00e9s del Sistema Integral de Formaci\u00f3n Continua (SIFC) en el sitio oficial <a target=\"_blank\" rel=\"noopener\" href=\"https:\/\/sisfc.edugem.gob.mx\">https:\/\/sisfc.edugem.gob.mx<\/a>. El desarrollo de las acciones formativas tendr\u00e1 lugar del 5 de septiembre al 14 de noviembre.<\/p>\n\n\n\n<p class=\"wp-block-paragraph\">Las autoridades educativas recordaron que para obtener la constancia digital es indispensable cumplir con ciertos lineamientos: seleccionar la oferta adecuada a su funci\u00f3n y nivel educativo, asistir al 100% de las sesiones \u2014con justificaci\u00f3n v\u00e1lida \u00fanicamente por licencia m\u00e9dica del ISSEMyM o comisi\u00f3n oficial\u2014, y acreditar los criterios de evaluaci\u00f3n establecidos.<\/p>\n","protected":false},"excerpt":{"rendered":"<p>*La Secretar\u00eda de Educaci\u00f3n estatal convoca al magisterio mexiquense a aprovechar esta capacitaci\u00f3n gratuita que concluye su periodo de inscripci\u00f3n este 4 de septiembre. TOLUCA, Estado de M\u00e9xico.- A pocas horas de que concluya el plazo, la administraci\u00f3n estatal encabezada por la Maestra Delfina G\u00f3mez \u00c1lvarez, a trav\u00e9s de la Secretar\u00eda de Educaci\u00f3n, Ciencia, Tecnolog\u00eda [&hellip;]<\/p>\n","protected":false},"author":6,"featured_media":58245,"comment_status":"closed","ping_status":"closed","sticky":false,"template":"","format":"standard","meta":{"footnotes":""},"categories":[2],"tags":[],"class_list":["post-58244","post","type-post","status-publish","format-standard","has-post-thumbnail","hentry","category-edomex"],"yoast_head":"<!-- This site is optimized with the Yoast SEO plugin v28.4 - https:\/\/yoast.com\/product\/yoast-seo-wordpress\/ -->\n<title>GOBIERNO DEL EDOMEX LANZA \u00daLTIMO LLAMADO A DOCENTES PARA CURSOS DE ACTUALIZACI\u00d3N CON VALIDEZ OFICIAL ANTE LA USICAMM -<\/title>\n<meta name=\"robots\" content=\"index, follow, max-snippet:-1, max-image-preview:large, max-video-preview:-1\" \/>\n<link rel=\"canonical\" href=\"https:\/\/continuamosmx.com\/index.php\/2026\/09\/03\/gobierno-del-edomex-lanza-ultimo-llamado-a-docentes-para-cursos-de-actualizacion-con-validez-oficial-ante-la-usicamm\/\" \/>\n<meta property=\"og:locale\" content=\"es_ES\" \/>\n<meta property=\"og:type\" content=\"article\" \/>\n<meta property=\"og:title\" content=\"GOBIERNO DEL EDOMEX LANZA \u00daLTIMO LLAMADO A DOCENTES PARA CURSOS DE ACTUALIZACI\u00d3N CON VALIDEZ OFICIAL ANTE LA USICAMM -\" \/>\n<meta property=\"og:description\" content=\"*La Secretar\u00eda de Educaci\u00f3n estatal convoca al magisterio mexiquense a aprovechar esta capacitaci\u00f3n gratuita que concluye su periodo de inscripci\u00f3n este 4 de septiembre. TOLUCA, Estado de M\u00e9xico.- A pocas horas de que concluya el plazo, la administraci\u00f3n estatal encabezada por la Maestra Delfina G\u00f3mez \u00c1lvarez, a trav\u00e9s de la Secretar\u00eda de Educaci\u00f3n, Ciencia, Tecnolog\u00eda [&hellip;]\" \/>\n<meta property=\"og:url\" content=\"https:\/\/continuamosmx.com\/index.php\/2026\/09\/03\/gobierno-del-edomex-lanza-ultimo-llamado-a-docentes-para-cursos-de-actualizacion-con-validez-oficial-ante-la-usicamm\/\" \/>\n<meta property=\"article:published_time\" content=\"2026-09-03T08:09:07+00:00\" \/>\n<meta property=\"og:image\" content=\"https:\/\/continuamosmx.com\/wp-content\/uploads\/2026\/09\/WhatsApp-Image-2026-09-02-at-9.41.03-PM-1.jpeg\" \/>\n\t<meta property=\"og:image:width\" content=\"1600\" \/>\n\t<meta property=\"og:image:height\" content=\"1066\" \/>\n\t<meta property=\"og:image:type\" content=\"image\/jpeg\" \/>\n<meta name=\"author\" content=\"Continuamos MX\" \/>\n<meta name=\"twitter:card\" content=\"summary_large_image\" \/>\n<meta name=\"twitter:label1\" content=\"Escrito por\" \/>\n\t<meta name=\"twitter:data1\" content=\"Continuamos MX\" \/>\n\t<meta name=\"twitter:label2\" content=\"Tiempo de lectura\" \/>\n\t<meta name=\"twitter:data2\" content=\"2 minutos\" \/>\n<script type=\"application\/ld+json\" class=\"yoast-schema-graph\">{\"@context\":\"https:\\\/\\\/schema.org\",\"@graph\":[{\"@type\":\"Article\",\"@id\":\"https:\\\/\\\/continuamosmx.com\\\/index.php\\\/2026\\\/09\\\/03\\\/gobierno-del-edomex-lanza-ultimo-llamado-a-docentes-para-cursos-de-actualizacion-con-validez-oficial-ante-la-usicamm\\\/#article\",\"isPartOf\":{\"@id\":\"https:\\\/\\\/continuamosmx.com\\\/index.php\\\/2026\\\/09\\\/03\\\/gobierno-del-edomex-lanza-ultimo-llamado-a-docentes-para-cursos-de-actualizacion-con-validez-oficial-ante-la-usicamm\\\/\"},\"author\":{\"name\":\"Continuamos MX\",\"@id\":\"https:\\\/\\\/continuamosmx.com\\\/#\\\/schema\\\/person\\\/5eb5356acb1fad784da407d14f0e8d89\"},\"headline\":\"GOBIERNO DEL EDOMEX LANZA \u00daLTIMO LLAMADO A DOCENTES PARA CURSOS DE ACTUALIZACI\u00d3N CON VALIDEZ OFICIAL ANTE LA USICAMM\",\"datePublished\":\"2026-09-03T08:09:07+00:00\",\"mainEntityOfPage\":{\"@id\":\"https:\\\/\\\/continuamosmx.com\\\/index.php\\\/2026\\\/09\\\/03\\\/gobierno-del-edomex-lanza-ultimo-llamado-a-docentes-para-cursos-de-actualizacion-con-validez-oficial-ante-la-usicamm\\\/\"},\"wordCount\":270,\"publisher\":{\"@id\":\"https:\\\/\\\/continuamosmx.com\\\/#organization\"},\"image\":{\"@id\":\"https:\\\/\\\/continuamosmx.com\\\/index.php\\\/2026\\\/09\\\/03\\\/gobierno-del-edomex-lanza-ultimo-llamado-a-docentes-para-cursos-de-actualizacion-con-validez-oficial-ante-la-usicamm\\\/#primaryimage\"},\"thumbnailUrl\":\"https:\\\/\\\/continuamosmx.com\\\/wp-content\\\/uploads\\\/2026\\\/09\\\/WhatsApp-Image-2026-09-02-at-9.41.03-PM-1.jpeg\",\"articleSection\":[\"EDOMEX\"],\"inLanguage\":\"es\"},{\"@type\":\"WebPage\",\"@id\":\"https:\\\/\\\/continuamosmx.com\\\/index.php\\\/2026\\\/09\\\/03\\\/gobierno-del-edomex-lanza-ultimo-llamado-a-docentes-para-cursos-de-actualizacion-con-validez-oficial-ante-la-usicamm\\\/\",\"url\":\"https:\\\/\\\/continuamosmx.com\\\/index.php\\\/2026\\\/09\\\/03\\\/gobierno-del-edomex-lanza-ultimo-llamado-a-docentes-para-cursos-de-actualizacion-con-validez-oficial-ante-la-usicamm\\\/\",\"name\":\"GOBIERNO DEL EDOMEX LANZA \u00daLTIMO LLAMADO A DOCENTES PARA CURSOS DE ACTUALIZACI\u00d3N CON VALIDEZ OFICIAL ANTE LA USICAMM -\",\"isPartOf\":{\"@id\":\"https:\\\/\\\/continuamosmx.com\\\/#website\"},\"primaryImageOfPage\":{\"@id\":\"https:\\\/\\\/continuamosmx.com\\\/index.php\\\/2026\\\/09\\\/03\\\/gobierno-del-edomex-lanza-ultimo-llamado-a-docentes-para-cursos-de-actualizacion-con-validez-oficial-ante-la-usicamm\\\/#primaryimage\"},\"image\":{\"@id\":\"https:\\\/\\\/continuamosmx.com\\\/index.php\\\/2026\\\/09\\\/03\\\/gobierno-del-edomex-lanza-ultimo-llamado-a-docentes-para-cursos-de-actualizacion-con-validez-oficial-ante-la-usicamm\\\/#primaryimage\"},\"thumbnailUrl\":\"https:\\\/\\\/continuamosmx.com\\\/wp-content\\\/uploads\\\/2026\\\/09\\\/WhatsApp-Image-2026-09-02-at-9.41.03-PM-1.jpeg\",\"datePublished\":\"2026-09-03T08:09:07+00:00\",\"breadcrumb\":{\"@id\":\"https:\\\/\\\/continuamosmx.com\\\/index.php\\\/2026\\\/09\\\/03\\\/gobierno-del-edomex-lanza-ultimo-llamado-a-docentes-para-cursos-de-actualizacion-con-validez-oficial-ante-la-usicamm\\\/#breadcrumb\"},\"inLanguage\":\"es\",\"potentialAction\":[{\"@type\":\"ReadAction\",\"target\":[\"https:\\\/\\\/continuamosmx.com\\\/index.php\\\/2026\\\/09\\\/03\\\/gobierno-del-edomex-lanza-ultimo-llamado-a-docentes-para-cursos-de-actualizacion-con-validez-oficial-ante-la-usicamm\\\/\"]}]},{\"@type\":\"ImageObject\",\"inLanguage\":\"es\",\"@id\":\"https:\\\/\\\/continuamosmx.com\\\/index.php\\\/2026\\\/09\\\/03\\\/gobierno-del-edomex-lanza-ultimo-llamado-a-docentes-para-cursos-de-actualizacion-con-validez-oficial-ante-la-usicamm\\\/#primaryimage\",\"url\":\"https:\\\/\\\/continuamosmx.com\\\/wp-content\\\/uploads\\\/2026\\\/09\\\/WhatsApp-Image-2026-09-02-at-9.41.03-PM-1.jpeg\",\"contentUrl\":\"https:\\\/\\\/continuamosmx.com\\\/wp-content\\\/uploads\\\/2026\\\/09\\\/WhatsApp-Image-2026-09-02-at-9.41.03-PM-1.jpeg\",\"width\":1600,\"height\":1066},{\"@type\":\"BreadcrumbList\",\"@id\":\"https:\\\/\\\/continuamosmx.com\\\/index.php\\\/2026\\\/09\\\/03\\\/gobierno-del-edomex-lanza-ultimo-llamado-a-docentes-para-cursos-de-actualizacion-con-validez-oficial-ante-la-usicamm\\\/#breadcrumb\",\"itemListElement\":[{\"@type\":\"ListItem\",\"position\":1,\"name\":\"Inicio\",\"item\":\"https:\\\/\\\/continuamosmx.com\\\/\"},{\"@type\":\"ListItem\",\"position\":2,\"name\":\"GOBIERNO DEL EDOMEX LANZA \u00daLTIMO LLAMADO A DOCENTES PARA CURSOS DE ACTUALIZACI\u00d3N CON VALIDEZ OFICIAL ANTE LA USICAMM\"}]},{\"@type\":\"WebSite\",\"@id\":\"https:\\\/\\\/continuamosmx.com\\\/#website\",\"url\":\"https:\\\/\\\/continuamosmx.com\\\/\",\"name\":\"www.continuamosmx.com\",\"description\":\"\",\"publisher\":{\"@id\":\"https:\\\/\\\/continuamosmx.com\\\/#organization\"},\"potentialAction\":[{\"@type\":\"SearchAction\",\"target\":{\"@type\":\"EntryPoint\",\"urlTemplate\":\"https:\\\/\\\/continuamosmx.com\\\/?s={search_term_string}\"},\"query-input\":{\"@type\":\"PropertyValueSpecification\",\"valueRequired\":true,\"valueName\":\"search_term_string\"}}],\"inLanguage\":\"es\"},{\"@type\":\"Organization\",\"@id\":\"https:\\\/\\\/continuamosmx.com\\\/#organization\",\"name\":\"ContinuamosMX\",\"url\":\"https:\\\/\\\/continuamosmx.com\\\/\",\"logo\":{\"@type\":\"ImageObject\",\"inLanguage\":\"es\",\"@id\":\"https:\\\/\\\/continuamosmx.com\\\/#\\\/schema\\\/logo\\\/image\\\/\",\"url\":\"https:\\\/\\\/continuamosmx.com\\\/wp-content\\\/uploads\\\/2023\\\/04\\\/cropped-LOGO-CONTI-NUEVO.png\",\"contentUrl\":\"https:\\\/\\\/continuamosmx.com\\\/wp-content\\\/uploads\\\/2023\\\/04\\\/cropped-LOGO-CONTI-NUEVO.png\",\"width\":1257,\"height\":430,\"caption\":\"ContinuamosMX\"},\"image\":{\"@id\":\"https:\\\/\\\/continuamosmx.com\\\/#\\\/schema\\\/logo\\\/image\\\/\"}},{\"@type\":\"Person\",\"@id\":\"https:\\\/\\\/continuamosmx.com\\\/#\\\/schema\\\/person\\\/5eb5356acb1fad784da407d14f0e8d89\",\"name\":\"Continuamos MX\",\"image\":{\"@type\":\"ImageObject\",\"inLanguage\":\"es\",\"@id\":\"https:\\\/\\\/secure.gravatar.com\\\/avatar\\\/30d4f9723476a15f4da34d35fb3501f08d2357016c76051c6a85c354c7489589?s=96&d=mm&r=g\",\"url\":\"https:\\\/\\\/secure.gravatar.com\\\/avatar\\\/30d4f9723476a15f4da34d35fb3501f08d2357016c76051c6a85c354c7489589?s=96&d=mm&r=g\",\"contentUrl\":\"https:\\\/\\\/secure.gravatar.com\\\/avatar\\\/30d4f9723476a15f4da34d35fb3501f08d2357016c76051c6a85c354c7489589?s=96&d=mm&r=g\",\"caption\":\"Continuamos MX\"},\"sameAs\":[\"http:\\\/\\\/www.continuamos.mx\"],\"url\":\"https:\\\/\\\/continuamosmx.com\\\/index.php\\\/author\\\/continuamos\\\/\"}]}<\/script>\n<!-- \/ Yoast SEO plugin. -->","yoast_head_json":{"title":"GOBIERNO DEL EDOMEX LANZA \u00daLTIMO LLAMADO A DOCENTES PARA CURSOS DE ACTUALIZACI\u00d3N CON VALIDEZ OFICIAL ANTE LA USICAMM -","robots":{"index":"index","follow":"follow","max-snippet":"max-snippet:-1","max-image-preview":"max-image-preview:large","max-video-preview":"max-video-preview:-1"},"canonical":"https:\/\/continuamosmx.com\/index.php\/2026\/09\/03\/gobierno-del-edomex-lanza-ultimo-llamado-a-docentes-para-cursos-de-actualizacion-con-validez-oficial-ante-la-usicamm\/","og_locale":"es_ES","og_type":"article","og_title":"GOBIERNO DEL EDOMEX LANZA \u00daLTIMO LLAMADO A DOCENTES PARA CURSOS DE ACTUALIZACI\u00d3N CON VALIDEZ OFICIAL ANTE LA USICAMM -","og_description":"*La Secretar\u00eda de Educaci\u00f3n estatal convoca al magisterio mexiquense a aprovechar esta capacitaci\u00f3n gratuita que concluye su periodo de inscripci\u00f3n este 4 de septiembre. TOLUCA, Estado de M\u00e9xico.- A pocas horas de que concluya el plazo, la administraci\u00f3n estatal encabezada por la Maestra Delfina G\u00f3mez \u00c1lvarez, a trav\u00e9s de la Secretar\u00eda de Educaci\u00f3n, Ciencia, Tecnolog\u00eda [&hellip;]","og_url":"https:\/\/continuamosmx.com\/index.php\/2026\/09\/03\/gobierno-del-edomex-lanza-ultimo-llamado-a-docentes-para-cursos-de-actualizacion-con-validez-oficial-ante-la-usicamm\/","article_published_time":"2026-09-03T08:09:07+00:00","og_image":[{"width":1600,"height":1066,"url":"https:\/\/continuamosmx.com\/wp-content\/uploads\/2026\/09\/WhatsApp-Image-2026-09-02-at-9.41.03-PM-1.jpeg","type":"image\/jpeg"}],"author":"Continuamos MX","twitter_card":"summary_large_image","twitter_misc":{"Escrito por":"Continuamos MX","Tiempo de lectura":"2 minutos"},"schema":{"@context":"https:\/\/schema.org","@graph":[{"@type":"Article","@id":"https:\/\/continuamosmx.com\/index.php\/2026\/09\/03\/gobierno-del-edomex-lanza-ultimo-llamado-a-docentes-para-cursos-de-actualizacion-con-validez-oficial-ante-la-usicamm\/#article","isPartOf":{"@id":"https:\/\/continuamosmx.com\/index.php\/2026\/09\/03\/gobierno-del-edomex-lanza-ultimo-llamado-a-docentes-para-cursos-de-actualizacion-con-validez-oficial-ante-la-usicamm\/"},"author":{"name":"Continuamos MX","@id":"https:\/\/continuamosmx.com\/#\/schema\/person\/5eb5356acb1fad784da407d14f0e8d89"},"headline":"GOBIERNO DEL EDOMEX LANZA \u00daLTIMO LLAMADO A DOCENTES PARA CURSOS DE ACTUALIZACI\u00d3N CON VALIDEZ OFICIAL ANTE LA USICAMM","datePublished":"2026-09-03T08:09:07+00:00","mainEntityOfPage":{"@id":"https:\/\/continuamosmx.com\/index.php\/2026\/09\/03\/gobierno-del-edomex-lanza-ultimo-llamado-a-docentes-para-cursos-de-actualizacion-con-validez-oficial-ante-la-usicamm\/"},"wordCount":270,"publisher":{"@id":"https:\/\/continuamosmx.com\/#organization"},"image":{"@id":"https:\/\/continuamosmx.com\/index.php\/2026\/09\/03\/gobierno-del-edomex-lanza-ultimo-llamado-a-docentes-para-cursos-de-actualizacion-con-validez-oficial-ante-la-usicamm\/#primaryimage"},"thumbnailUrl":"https:\/\/continuamosmx.com\/wp-content\/uploads\/2026\/09\/WhatsApp-Image-2026-09-02-at-9.41.03-PM-1.jpeg","articleSection":["EDOMEX"],"inLanguage":"es"},{"@type":"WebPage","@id":"https:\/\/continuamosmx.com\/index.php\/2026\/09\/03\/gobierno-del-edomex-lanza-ultimo-llamado-a-docentes-para-cursos-de-actualizacion-con-validez-oficial-ante-la-usicamm\/","url":"https:\/\/continuamosmx.com\/index.php\/2026\/09\/03\/gobierno-del-edomex-lanza-ultimo-llamado-a-docentes-para-cursos-de-actualizacion-con-validez-oficial-ante-la-usicamm\/","name":"GOBIERNO DEL EDOMEX LANZA \u00daLTIMO LLAMADO A DOCENTES PARA CURSOS DE ACTUALIZACI\u00d3N CON VALIDEZ OFICIAL ANTE LA USICAMM -","isPartOf":{"@id":"https:\/\/continuamosmx.com\/#website"},"primaryImageOfPage":{"@id":"https:\/\/continuamosmx.com\/index.php\/2026\/09\/03\/gobierno-del-edomex-lanza-ultimo-llamado-a-docentes-para-cursos-de-actualizacion-con-validez-oficial-ante-la-usicamm\/#primaryimage"},"image":{"@id":"https:\/\/continuamosmx.com\/index.php\/2026\/09\/03\/gobierno-del-edomex-lanza-ultimo-llamado-a-docentes-para-cursos-de-actualizacion-con-validez-oficial-ante-la-usicamm\/#primaryimage"},"thumbnailUrl":"https:\/\/continuamosmx.com\/wp-content\/uploads\/2026\/09\/WhatsApp-Image-2026-09-02-at-9.41.03-PM-1.jpeg","datePublished":"2026-09-03T08:09:07+00:00","breadcrumb":{"@id":"https:\/\/continuamosmx.com\/index.php\/2026\/09\/03\/gobierno-del-edomex-lanza-ultimo-llamado-a-docentes-para-cursos-de-actualizacion-con-validez-oficial-ante-la-usicamm\/#breadcrumb"},"inLanguage":"es","potentialAction":[{"@type":"ReadAction","target":["https:\/\/continuamosmx.com\/index.php\/2026\/09\/03\/gobierno-del-edomex-lanza-ultimo-llamado-a-docentes-para-cursos-de-actualizacion-con-validez-oficial-ante-la-usicamm\/"]}]},{"@type":"ImageObject","inLanguage":"es","@id":"https:\/\/continuamosmx.com\/index.php\/2026\/09\/03\/gobierno-del-edomex-lanza-ultimo-llamado-a-docentes-para-cursos-de-actualizacion-con-validez-oficial-ante-la-usicamm\/#primaryimage","url":"https:\/\/continuamosmx.com\/wp-content\/uploads\/2026\/09\/WhatsApp-Image-2026-09-02-at-9.41.03-PM-1.jpeg","contentUrl":"https:\/\/continuamosmx.com\/wp-content\/uploads\/2026\/09\/WhatsApp-Image-2026-09-02-at-9.41.03-PM-1.jpeg","width":1600,"height":1066},{"@type":"BreadcrumbList","@id":"https:\/\/continuamosmx.com\/index.php\/2026\/09\/03\/gobierno-del-edomex-lanza-ultimo-llamado-a-docentes-para-cursos-de-actualizacion-con-validez-oficial-ante-la-usicamm\/#breadcrumb","itemListElement":[{"@type":"ListItem","position":1,"name":"Inicio","item":"https:\/\/continuamosmx.com\/"},{"@type":"ListItem","position":2,"name":"GOBIERNO DEL EDOMEX LANZA \u00daLTIMO LLAMADO A DOCENTES PARA CURSOS DE ACTUALIZACI\u00d3N CON VALIDEZ OFICIAL ANTE LA USICAMM"}]},{"@type":"WebSite","@id":"https:\/\/continuamosmx.com\/#website","url":"https:\/\/continuamosmx.com\/","name":"www.continuamosmx.com","description":"","publisher":{"@id":"https:\/\/continuamosmx.com\/#organization"},"potentialAction":[{"@type":"SearchAction","target":{"@type":"EntryPoint","urlTemplate":"https:\/\/continuamosmx.com\/?s={search_term_string}"},"query-input":{"@type":"PropertyValueSpecification","valueRequired":true,"valueName":"search_term_string"}}],"inLanguage":"es"},{"@type":"Organization","@id":"https:\/\/continuamosmx.com\/#organization","name":"ContinuamosMX","url":"https:\/\/continuamosmx.com\/","logo":{"@type":"ImageObject","inLanguage":"es","@id":"https:\/\/continuamosmx.com\/#\/schema\/logo\/image\/","url":"https:\/\/continuamosmx.com\/wp-content\/uploads\/2023\/04\/cropped-LOGO-CONTI-NUEVO.png","contentUrl":"https:\/\/continuamosmx.com\/wp-content\/uploads\/2023\/04\/cropped-LOGO-CONTI-NUEVO.png","width":1257,"height":430,"caption":"ContinuamosMX"},"image":{"@id":"https:\/\/continuamosmx.com\/#\/schema\/logo\/image\/"}},{"@type":"Person","@id":"https:\/\/continuamosmx.com\/#\/schema\/person\/5eb5356acb1fad784da407d14f0e8d89","name":"Continuamos MX","image":{"@type":"ImageObject","inLanguage":"es","@id":"https:\/\/secure.gravatar.com\/avatar\/30d4f9723476a15f4da34d35fb3501f08d2357016c76051c6a85c354c7489589?s=96&d=mm&r=g","url":"https:\/\/secure.gravatar.com\/avatar\/30d4f9723476a15f4da34d35fb3501f08d2357016c76051c6a85c354c7489589?s=96&d=mm&r=g","contentUrl":"https:\/\/secure.gravatar.com\/avatar\/30d4f9723476a15f4da34d35fb3501f08d2357016c76051c6a85c354c7489589?s=96&d=mm&r=g","caption":"Continuamos MX"},"sameAs":["http:\/\/www.continuamos.mx"],"url":"https:\/\/continuamosmx.com\/index.php\/author\/continuamos\/"}]}},"_links":{"self":[{"href":"https:\/\/continuamosmx.com\/index.php\/wp-json\/wp\/v2\/posts\/58244","targetHints":{"allow":["GET"]}}],"collection":[{"href":"https:\/\/continuamosmx.com\/index.php\/wp-json\/wp\/v2\/posts"}],"about":[{"href":"https:\/\/continuamosmx.com\/index.php\/wp-json\/wp\/v2\/types\/post"}],"author":[{"embeddable":true,"href":"https:\/\/continuamosmx.com\/index.php\/wp-json\/wp\/v2\/users\/6"}],"replies":[{"embeddable":true,"href":"https:\/\/continuamosmx.com\/index.php\/wp-json\/wp\/v2\/comments?post=58244"}],"version-history":[{"count":1,"href":"https:\/\/continuamosmx.com\/index.php\/wp-json\/wp\/v2\/posts\/58244\/revisions"}],"predecessor-version":[{"id":58246,"href":"https:\/\/continuamosmx.com\/index.php\/wp-json\/wp\/v2\/posts\/58244\/revisions\/58246"}],"wp:featuredmedia":[{"embeddable":true,"href":"https:\/\/continuamosmx.com\/index.php\/wp-json\/wp\/v2\/media\/58245"}],"wp:attachment":[{"href":"https:\/\/continuamosmx.com\/index.php\/wp-json\/wp\/v2\/media?parent=58244"}],"wp:term":[{"taxonomy":"category","embeddable":true,"href":"https:\/\/continuamosmx.com\/index.php\/wp-json\/wp\/v2\/categories?post=58244"},{"taxonomy":"post_tag","embeddable":true,"href":"https:\/\/continuamosmx.com\/index.php\/wp-json\/wp\/v2\/tags?post=58244"}],"curies":[{"name":"wp","href":"https:\/\/api.w.org\/{rel}","templated":true}]}}