{"id":58227,"date":"2026-09-01T16:55:40","date_gmt":"2026-09-01T22:55:40","guid":{"rendered":"https:\/\/continuamosmx.com\/?p=58227"},"modified":"2026-09-01T16:55:41","modified_gmt":"2026-09-01T22:55:41","slug":"llevara-cuautitlan-mega-jornada-de-servicios-gratuitos-al-fraccionamiento-parque-san-mateo","status":"publish","type":"post","link":"https:\/\/continuamosmx.com\/index.php\/2026\/09\/01\/llevara-cuautitlan-mega-jornada-de-servicios-gratuitos-al-fraccionamiento-parque-san-mateo\/","title":{"rendered":"LLEVAR\u00c1 CUAUTITL\u00c1N \u00abMEGA JORNADA\u00bb DE SERVICIOS GRATUITOS AL FRACCIONAMIENTO PARQUE SAN MATEO"},"content":{"rendered":"\n<h3 class=\"wp-block-heading\">*<strong>La presidenta municipal Juanita Carrillo destac\u00f3 que este tipo de acciones forman parte de un modelo de gobierno humanista y cercano, enfocado en atender las necesidades de las familias directamente en sus comunidades.<\/strong><\/h3>\n\n\n\n<p class=\"wp-block-paragraph\"><strong>CUAUTITL\u00c1N, Estado de M\u00e9xico.<\/strong> \u2014 Con el prop\u00f3sito de acercar la administraci\u00f3n p\u00fablica a la ciudadan\u00eda y evitar traslados prolongados, el Gobierno Municipal de Cuautitl\u00e1n anunci\u00f3 la realizaci\u00f3n de una \u00abMega Jornada\u00bb de atenci\u00f3n directa en el Parque San Mateo, programada para el pr\u00f3ximo s\u00e1bado 5 de septiembre.<\/p>\n\n\n\n<p class=\"wp-block-paragraph\">De acuerdo con la informaci\u00f3n oficial, el evento se llevar\u00e1 a cabo en un horario de 10:00 a 13:00 horas a un costado de la Escuela Secundaria 1063 \u201cLuis Nishizawa Flores\u201d, ubicada en la Manzana 021 del Fraccionamiento Parque San Mateo.<\/p>\n\n\n\n<p class=\"wp-block-paragraph\">La alcaldesa Juanita Carrillo se\u00f1al\u00f3 que este esquema responde a una visi\u00f3n de gobierno sensible y territorial.<\/p>\n\n\n\n<blockquote class=\"wp-block-quote is-layout-flow wp-block-quote-is-layout-flow\">\n<p class=\"wp-block-paragraph\">\u201cUn gobierno humanista no puede permanecer detr\u00e1s de un escritorio; tiene que estar en las calles, en las colonias y cerca de las familias\u201d, enfatiz\u00f3 la edil al subrayar la importancia de escuchar y resolver las problem\u00e1ticas cotidianas de la poblaci\u00f3n.<\/p>\n<\/blockquote>\n\n\n\n<h3 class=\"wp-block-heading\">M\u00f3dulos de atenci\u00f3n y servicios disponibles<\/h3>\n\n\n\n<p class=\"wp-block-paragraph\">Durante la jornada, diversas dependencias municipales instalar\u00e1n m\u00f3dulos para ofrecer tr\u00e1mites y asesor\u00edas sin costo. Entre las \u00e1reas participantes destacan:<\/p>\n\n\n\n<ul class=\"wp-block-list\">\n<li><strong>Salud y Bienestar:<\/strong> Servicios del DIF-Bienestar, optometr\u00eda, cortes de cabello y venta de productos de carnicer\u00eda a bajo costo a cargo de la Coordinaci\u00f3n de Bienestar.<\/li>\n\n\n\n<li><strong>Asesor\u00eda Legal y Social:<\/strong> Apoyo en materia civil, mercantil y amparo penal por parte de la Consejer\u00eda Jur\u00eddica, adem\u00e1s de atenci\u00f3n psicol\u00f3gica y jur\u00eddica de la Direcci\u00f3n de la Mujer y la Juventud.<\/li>\n\n\n\n<li><strong>Tr\u00e1mites Patrimoniales y Urbanos:<\/strong> Orientaci\u00f3n sobre escrituraci\u00f3n, t\u00edtulos de propiedad y juicios de inmatriculaci\u00f3n brindada por la Sindicatura Municipal, junto con gestiones de desarrollo metropolitano y tenencia de la tierra.<\/li>\n\n\n\n<li><strong>Servicios Comunitarios:<\/strong> La Direcci\u00f3n de Medio Ambiente ofrecer\u00e1 campa\u00f1as de desparasitaci\u00f3n para perros y gatos, as\u00ed como donaci\u00f3n de \u00e1rboles y plantas.<\/li>\n<\/ul>\n\n\n\n<p class=\"wp-block-paragraph\">Asimismo, participar\u00e1n la Tesorer\u00eda Municipal, la Direcci\u00f3n de Desarrollo Econ\u00f3mico con promoci\u00f3n de empleo y licencias de funcionamiento, y el organismo de Agua Potable y Saneamiento. Con estas acciones, el gobierno local busca consolidar un modelo donde la gesti\u00f3n p\u00fablica se traduzca en respuestas directas para los habitantes de Cuautitl\u00e1n.<\/p>\n","protected":false},"excerpt":{"rendered":"<p>*La presidenta municipal Juanita Carrillo destac\u00f3 que este tipo de acciones forman parte de un modelo de gobierno humanista y cercano, enfocado en atender las necesidades de las familias directamente en sus comunidades. CUAUTITL\u00c1N, Estado de M\u00e9xico. \u2014 Con el prop\u00f3sito de acercar la administraci\u00f3n p\u00fablica a la ciudadan\u00eda y evitar traslados prolongados, el Gobierno [&hellip;]<\/p>\n","protected":false},"author":6,"featured_media":58228,"comment_status":"closed","ping_status":"closed","sticky":false,"template":"","format":"standard","meta":{"footnotes":""},"categories":[29,4],"tags":[],"class_list":["post-58227","post","type-post","status-publish","format-standard","has-post-thumbnail","hentry","category-cuautitlan","category-locales"],"yoast_head":"<!-- This site is optimized with the Yoast SEO plugin v28.3 - https:\/\/yoast.com\/product\/yoast-seo-wordpress\/ -->\n<title>LLEVAR\u00c1 CUAUTITL\u00c1N &quot;MEGA JORNADA&quot; DE SERVICIOS GRATUITOS AL FRACCIONAMIENTO PARQUE SAN MATEO -<\/title>\n<meta name=\"robots\" content=\"index, follow, max-snippet:-1, max-image-preview:large, max-video-preview:-1\" \/>\n<link rel=\"canonical\" href=\"https:\/\/continuamosmx.com\/index.php\/2026\/09\/01\/llevara-cuautitlan-mega-jornada-de-servicios-gratuitos-al-fraccionamiento-parque-san-mateo\/\" \/>\n<meta property=\"og:locale\" content=\"es_ES\" \/>\n<meta property=\"og:type\" content=\"article\" \/>\n<meta property=\"og:title\" content=\"LLEVAR\u00c1 CUAUTITL\u00c1N &quot;MEGA JORNADA&quot; DE SERVICIOS GRATUITOS AL FRACCIONAMIENTO PARQUE SAN MATEO -\" \/>\n<meta property=\"og:description\" content=\"*La presidenta municipal Juanita Carrillo destac\u00f3 que este tipo de acciones forman parte de un modelo de gobierno humanista y cercano, enfocado en atender las necesidades de las familias directamente en sus comunidades. CUAUTITL\u00c1N, Estado de M\u00e9xico. \u2014 Con el prop\u00f3sito de acercar la administraci\u00f3n p\u00fablica a la ciudadan\u00eda y evitar traslados prolongados, el Gobierno [&hellip;]\" \/>\n<meta property=\"og:url\" content=\"https:\/\/continuamosmx.com\/index.php\/2026\/09\/01\/llevara-cuautitlan-mega-jornada-de-servicios-gratuitos-al-fraccionamiento-parque-san-mateo\/\" \/>\n<meta property=\"article:published_time\" content=\"2026-09-01T22:55:40+00:00\" \/>\n<meta property=\"article:modified_time\" content=\"2026-09-01T22:55:41+00:00\" \/>\n<meta property=\"og:image\" content=\"https:\/\/continuamosmx.com\/wp-content\/uploads\/2026\/09\/MEGA-JORNADA-PARQUE-SAN-MATEO.jpg-scaled.jpeg\" \/>\n\t<meta property=\"og:image:width\" content=\"2048\" \/>\n\t<meta property=\"og:image:height\" content=\"2560\" \/>\n\t<meta property=\"og:image:type\" content=\"image\/jpeg\" \/>\n<meta name=\"author\" content=\"Continuamos MX\" \/>\n<meta name=\"twitter:card\" content=\"summary_large_image\" \/>\n<meta name=\"twitter:label1\" content=\"Escrito por\" \/>\n\t<meta name=\"twitter:data1\" content=\"Continuamos MX\" \/>\n\t<meta name=\"twitter:label2\" content=\"Tiempo de lectura\" \/>\n\t<meta name=\"twitter:data2\" content=\"2 minutos\" \/>\n<script type=\"application\/ld+json\" class=\"yoast-schema-graph\">{\"@context\":\"https:\\\/\\\/schema.org\",\"@graph\":[{\"@type\":\"Article\",\"@id\":\"https:\\\/\\\/continuamosmx.com\\\/index.php\\\/2026\\\/09\\\/01\\\/llevara-cuautitlan-mega-jornada-de-servicios-gratuitos-al-fraccionamiento-parque-san-mateo\\\/#article\",\"isPartOf\":{\"@id\":\"https:\\\/\\\/continuamosmx.com\\\/index.php\\\/2026\\\/09\\\/01\\\/llevara-cuautitlan-mega-jornada-de-servicios-gratuitos-al-fraccionamiento-parque-san-mateo\\\/\"},\"author\":{\"name\":\"Continuamos MX\",\"@id\":\"https:\\\/\\\/continuamosmx.com\\\/#\\\/schema\\\/person\\\/5eb5356acb1fad784da407d14f0e8d89\"},\"headline\":\"LLEVAR\u00c1 CUAUTITL\u00c1N \u00abMEGA JORNADA\u00bb DE SERVICIOS GRATUITOS AL FRACCIONAMIENTO PARQUE SAN MATEO\",\"datePublished\":\"2026-09-01T22:55:40+00:00\",\"dateModified\":\"2026-09-01T22:55:41+00:00\",\"mainEntityOfPage\":{\"@id\":\"https:\\\/\\\/continuamosmx.com\\\/index.php\\\/2026\\\/09\\\/01\\\/llevara-cuautitlan-mega-jornada-de-servicios-gratuitos-al-fraccionamiento-parque-san-mateo\\\/\"},\"wordCount\":425,\"publisher\":{\"@id\":\"https:\\\/\\\/continuamosmx.com\\\/#organization\"},\"image\":{\"@id\":\"https:\\\/\\\/continuamosmx.com\\\/index.php\\\/2026\\\/09\\\/01\\\/llevara-cuautitlan-mega-jornada-de-servicios-gratuitos-al-fraccionamiento-parque-san-mateo\\\/#primaryimage\"},\"thumbnailUrl\":\"https:\\\/\\\/continuamosmx.com\\\/wp-content\\\/uploads\\\/2026\\\/09\\\/MEGA-JORNADA-PARQUE-SAN-MATEO.jpg-scaled.jpeg\",\"articleSection\":[\"CUAUTITL\u00c1N\",\"LOCALES\"],\"inLanguage\":\"es\"},{\"@type\":\"WebPage\",\"@id\":\"https:\\\/\\\/continuamosmx.com\\\/index.php\\\/2026\\\/09\\\/01\\\/llevara-cuautitlan-mega-jornada-de-servicios-gratuitos-al-fraccionamiento-parque-san-mateo\\\/\",\"url\":\"https:\\\/\\\/continuamosmx.com\\\/index.php\\\/2026\\\/09\\\/01\\\/llevara-cuautitlan-mega-jornada-de-servicios-gratuitos-al-fraccionamiento-parque-san-mateo\\\/\",\"name\":\"LLEVAR\u00c1 CUAUTITL\u00c1N \\\"MEGA JORNADA\\\" DE SERVICIOS GRATUITOS AL FRACCIONAMIENTO PARQUE SAN MATEO -\",\"isPartOf\":{\"@id\":\"https:\\\/\\\/continuamosmx.com\\\/#website\"},\"primaryImageOfPage\":{\"@id\":\"https:\\\/\\\/continuamosmx.com\\\/index.php\\\/2026\\\/09\\\/01\\\/llevara-cuautitlan-mega-jornada-de-servicios-gratuitos-al-fraccionamiento-parque-san-mateo\\\/#primaryimage\"},\"image\":{\"@id\":\"https:\\\/\\\/continuamosmx.com\\\/index.php\\\/2026\\\/09\\\/01\\\/llevara-cuautitlan-mega-jornada-de-servicios-gratuitos-al-fraccionamiento-parque-san-mateo\\\/#primaryimage\"},\"thumbnailUrl\":\"https:\\\/\\\/continuamosmx.com\\\/wp-content\\\/uploads\\\/2026\\\/09\\\/MEGA-JORNADA-PARQUE-SAN-MATEO.jpg-scaled.jpeg\",\"datePublished\":\"2026-09-01T22:55:40+00:00\",\"dateModified\":\"2026-09-01T22:55:41+00:00\",\"breadcrumb\":{\"@id\":\"https:\\\/\\\/continuamosmx.com\\\/index.php\\\/2026\\\/09\\\/01\\\/llevara-cuautitlan-mega-jornada-de-servicios-gratuitos-al-fraccionamiento-parque-san-mateo\\\/#breadcrumb\"},\"inLanguage\":\"es\",\"potentialAction\":[{\"@type\":\"ReadAction\",\"target\":[\"https:\\\/\\\/continuamosmx.com\\\/index.php\\\/2026\\\/09\\\/01\\\/llevara-cuautitlan-mega-jornada-de-servicios-gratuitos-al-fraccionamiento-parque-san-mateo\\\/\"]}]},{\"@type\":\"ImageObject\",\"inLanguage\":\"es\",\"@id\":\"https:\\\/\\\/continuamosmx.com\\\/index.php\\\/2026\\\/09\\\/01\\\/llevara-cuautitlan-mega-jornada-de-servicios-gratuitos-al-fraccionamiento-parque-san-mateo\\\/#primaryimage\",\"url\":\"https:\\\/\\\/continuamosmx.com\\\/wp-content\\\/uploads\\\/2026\\\/09\\\/MEGA-JORNADA-PARQUE-SAN-MATEO.jpg-scaled.jpeg\",\"contentUrl\":\"https:\\\/\\\/continuamosmx.com\\\/wp-content\\\/uploads\\\/2026\\\/09\\\/MEGA-JORNADA-PARQUE-SAN-MATEO.jpg-scaled.jpeg\",\"width\":2048,\"height\":2560},{\"@type\":\"BreadcrumbList\",\"@id\":\"https:\\\/\\\/continuamosmx.com\\\/index.php\\\/2026\\\/09\\\/01\\\/llevara-cuautitlan-mega-jornada-de-servicios-gratuitos-al-fraccionamiento-parque-san-mateo\\\/#breadcrumb\",\"itemListElement\":[{\"@type\":\"ListItem\",\"position\":1,\"name\":\"Inicio\",\"item\":\"https:\\\/\\\/continuamosmx.com\\\/\"},{\"@type\":\"ListItem\",\"position\":2,\"name\":\"LLEVAR\u00c1 CUAUTITL\u00c1N \u00abMEGA JORNADA\u00bb DE SERVICIOS GRATUITOS AL FRACCIONAMIENTO PARQUE SAN MATEO\"}]},{\"@type\":\"WebSite\",\"@id\":\"https:\\\/\\\/continuamosmx.com\\\/#website\",\"url\":\"https:\\\/\\\/continuamosmx.com\\\/\",\"name\":\"www.continuamosmx.com\",\"description\":\"\",\"publisher\":{\"@id\":\"https:\\\/\\\/continuamosmx.com\\\/#organization\"},\"potentialAction\":[{\"@type\":\"SearchAction\",\"target\":{\"@type\":\"EntryPoint\",\"urlTemplate\":\"https:\\\/\\\/continuamosmx.com\\\/?s={search_term_string}\"},\"query-input\":{\"@type\":\"PropertyValueSpecification\",\"valueRequired\":true,\"valueName\":\"search_term_string\"}}],\"inLanguage\":\"es\"},{\"@type\":\"Organization\",\"@id\":\"https:\\\/\\\/continuamosmx.com\\\/#organization\",\"name\":\"ContinuamosMX\",\"url\":\"https:\\\/\\\/continuamosmx.com\\\/\",\"logo\":{\"@type\":\"ImageObject\",\"inLanguage\":\"es\",\"@id\":\"https:\\\/\\\/continuamosmx.com\\\/#\\\/schema\\\/logo\\\/image\\\/\",\"url\":\"https:\\\/\\\/continuamosmx.com\\\/wp-content\\\/uploads\\\/2023\\\/04\\\/cropped-LOGO-CONTI-NUEVO.png\",\"contentUrl\":\"https:\\\/\\\/continuamosmx.com\\\/wp-content\\\/uploads\\\/2023\\\/04\\\/cropped-LOGO-CONTI-NUEVO.png\",\"width\":1257,\"height\":430,\"caption\":\"ContinuamosMX\"},\"image\":{\"@id\":\"https:\\\/\\\/continuamosmx.com\\\/#\\\/schema\\\/logo\\\/image\\\/\"}},{\"@type\":\"Person\",\"@id\":\"https:\\\/\\\/continuamosmx.com\\\/#\\\/schema\\\/person\\\/5eb5356acb1fad784da407d14f0e8d89\",\"name\":\"Continuamos MX\",\"image\":{\"@type\":\"ImageObject\",\"inLanguage\":\"es\",\"@id\":\"https:\\\/\\\/secure.gravatar.com\\\/avatar\\\/30d4f9723476a15f4da34d35fb3501f08d2357016c76051c6a85c354c7489589?s=96&d=mm&r=g\",\"url\":\"https:\\\/\\\/secure.gravatar.com\\\/avatar\\\/30d4f9723476a15f4da34d35fb3501f08d2357016c76051c6a85c354c7489589?s=96&d=mm&r=g\",\"contentUrl\":\"https:\\\/\\\/secure.gravatar.com\\\/avatar\\\/30d4f9723476a15f4da34d35fb3501f08d2357016c76051c6a85c354c7489589?s=96&d=mm&r=g\",\"caption\":\"Continuamos MX\"},\"sameAs\":[\"http:\\\/\\\/www.continuamos.mx\"],\"url\":\"https:\\\/\\\/continuamosmx.com\\\/index.php\\\/author\\\/continuamos\\\/\"}]}<\/script>\n<!-- \/ Yoast SEO plugin. -->","yoast_head_json":{"title":"LLEVAR\u00c1 CUAUTITL\u00c1N \"MEGA JORNADA\" DE SERVICIOS GRATUITOS AL FRACCIONAMIENTO PARQUE SAN MATEO -","robots":{"index":"index","follow":"follow","max-snippet":"max-snippet:-1","max-image-preview":"max-image-preview:large","max-video-preview":"max-video-preview:-1"},"canonical":"https:\/\/continuamosmx.com\/index.php\/2026\/09\/01\/llevara-cuautitlan-mega-jornada-de-servicios-gratuitos-al-fraccionamiento-parque-san-mateo\/","og_locale":"es_ES","og_type":"article","og_title":"LLEVAR\u00c1 CUAUTITL\u00c1N \"MEGA JORNADA\" DE SERVICIOS GRATUITOS AL FRACCIONAMIENTO PARQUE SAN MATEO -","og_description":"*La presidenta municipal Juanita Carrillo destac\u00f3 que este tipo de acciones forman parte de un modelo de gobierno humanista y cercano, enfocado en atender las necesidades de las familias directamente en sus comunidades. CUAUTITL\u00c1N, Estado de M\u00e9xico. \u2014 Con el prop\u00f3sito de acercar la administraci\u00f3n p\u00fablica a la ciudadan\u00eda y evitar traslados prolongados, el Gobierno [&hellip;]","og_url":"https:\/\/continuamosmx.com\/index.php\/2026\/09\/01\/llevara-cuautitlan-mega-jornada-de-servicios-gratuitos-al-fraccionamiento-parque-san-mateo\/","article_published_time":"2026-09-01T22:55:40+00:00","article_modified_time":"2026-09-01T22:55:41+00:00","og_image":[{"width":2048,"height":2560,"url":"https:\/\/continuamosmx.com\/wp-content\/uploads\/2026\/09\/MEGA-JORNADA-PARQUE-SAN-MATEO.jpg-scaled.jpeg","type":"image\/jpeg"}],"author":"Continuamos MX","twitter_card":"summary_large_image","twitter_misc":{"Escrito por":"Continuamos MX","Tiempo de lectura":"2 minutos"},"schema":{"@context":"https:\/\/schema.org","@graph":[{"@type":"Article","@id":"https:\/\/continuamosmx.com\/index.php\/2026\/09\/01\/llevara-cuautitlan-mega-jornada-de-servicios-gratuitos-al-fraccionamiento-parque-san-mateo\/#article","isPartOf":{"@id":"https:\/\/continuamosmx.com\/index.php\/2026\/09\/01\/llevara-cuautitlan-mega-jornada-de-servicios-gratuitos-al-fraccionamiento-parque-san-mateo\/"},"author":{"name":"Continuamos MX","@id":"https:\/\/continuamosmx.com\/#\/schema\/person\/5eb5356acb1fad784da407d14f0e8d89"},"headline":"LLEVAR\u00c1 CUAUTITL\u00c1N \u00abMEGA JORNADA\u00bb DE SERVICIOS GRATUITOS AL FRACCIONAMIENTO PARQUE SAN MATEO","datePublished":"2026-09-01T22:55:40+00:00","dateModified":"2026-09-01T22:55:41+00:00","mainEntityOfPage":{"@id":"https:\/\/continuamosmx.com\/index.php\/2026\/09\/01\/llevara-cuautitlan-mega-jornada-de-servicios-gratuitos-al-fraccionamiento-parque-san-mateo\/"},"wordCount":425,"publisher":{"@id":"https:\/\/continuamosmx.com\/#organization"},"image":{"@id":"https:\/\/continuamosmx.com\/index.php\/2026\/09\/01\/llevara-cuautitlan-mega-jornada-de-servicios-gratuitos-al-fraccionamiento-parque-san-mateo\/#primaryimage"},"thumbnailUrl":"https:\/\/continuamosmx.com\/wp-content\/uploads\/2026\/09\/MEGA-JORNADA-PARQUE-SAN-MATEO.jpg-scaled.jpeg","articleSection":["CUAUTITL\u00c1N","LOCALES"],"inLanguage":"es"},{"@type":"WebPage","@id":"https:\/\/continuamosmx.com\/index.php\/2026\/09\/01\/llevara-cuautitlan-mega-jornada-de-servicios-gratuitos-al-fraccionamiento-parque-san-mateo\/","url":"https:\/\/continuamosmx.com\/index.php\/2026\/09\/01\/llevara-cuautitlan-mega-jornada-de-servicios-gratuitos-al-fraccionamiento-parque-san-mateo\/","name":"LLEVAR\u00c1 CUAUTITL\u00c1N \"MEGA JORNADA\" DE SERVICIOS GRATUITOS AL FRACCIONAMIENTO PARQUE SAN MATEO -","isPartOf":{"@id":"https:\/\/continuamosmx.com\/#website"},"primaryImageOfPage":{"@id":"https:\/\/continuamosmx.com\/index.php\/2026\/09\/01\/llevara-cuautitlan-mega-jornada-de-servicios-gratuitos-al-fraccionamiento-parque-san-mateo\/#primaryimage"},"image":{"@id":"https:\/\/continuamosmx.com\/index.php\/2026\/09\/01\/llevara-cuautitlan-mega-jornada-de-servicios-gratuitos-al-fraccionamiento-parque-san-mateo\/#primaryimage"},"thumbnailUrl":"https:\/\/continuamosmx.com\/wp-content\/uploads\/2026\/09\/MEGA-JORNADA-PARQUE-SAN-MATEO.jpg-scaled.jpeg","datePublished":"2026-09-01T22:55:40+00:00","dateModified":"2026-09-01T22:55:41+00:00","breadcrumb":{"@id":"https:\/\/continuamosmx.com\/index.php\/2026\/09\/01\/llevara-cuautitlan-mega-jornada-de-servicios-gratuitos-al-fraccionamiento-parque-san-mateo\/#breadcrumb"},"inLanguage":"es","potentialAction":[{"@type":"ReadAction","target":["https:\/\/continuamosmx.com\/index.php\/2026\/09\/01\/llevara-cuautitlan-mega-jornada-de-servicios-gratuitos-al-fraccionamiento-parque-san-mateo\/"]}]},{"@type":"ImageObject","inLanguage":"es","@id":"https:\/\/continuamosmx.com\/index.php\/2026\/09\/01\/llevara-cuautitlan-mega-jornada-de-servicios-gratuitos-al-fraccionamiento-parque-san-mateo\/#primaryimage","url":"https:\/\/continuamosmx.com\/wp-content\/uploads\/2026\/09\/MEGA-JORNADA-PARQUE-SAN-MATEO.jpg-scaled.jpeg","contentUrl":"https:\/\/continuamosmx.com\/wp-content\/uploads\/2026\/09\/MEGA-JORNADA-PARQUE-SAN-MATEO.jpg-scaled.jpeg","width":2048,"height":2560},{"@type":"BreadcrumbList","@id":"https:\/\/continuamosmx.com\/index.php\/2026\/09\/01\/llevara-cuautitlan-mega-jornada-de-servicios-gratuitos-al-fraccionamiento-parque-san-mateo\/#breadcrumb","itemListElement":[{"@type":"ListItem","position":1,"name":"Inicio","item":"https:\/\/continuamosmx.com\/"},{"@type":"ListItem","position":2,"name":"LLEVAR\u00c1 CUAUTITL\u00c1N \u00abMEGA JORNADA\u00bb DE SERVICIOS GRATUITOS AL FRACCIONAMIENTO PARQUE SAN MATEO"}]},{"@type":"WebSite","@id":"https:\/\/continuamosmx.com\/#website","url":"https:\/\/continuamosmx.com\/","name":"www.continuamosmx.com","description":"","publisher":{"@id":"https:\/\/continuamosmx.com\/#organization"},"potentialAction":[{"@type":"SearchAction","target":{"@type":"EntryPoint","urlTemplate":"https:\/\/continuamosmx.com\/?s={search_term_string}"},"query-input":{"@type":"PropertyValueSpecification","valueRequired":true,"valueName":"search_term_string"}}],"inLanguage":"es"},{"@type":"Organization","@id":"https:\/\/continuamosmx.com\/#organization","name":"ContinuamosMX","url":"https:\/\/continuamosmx.com\/","logo":{"@type":"ImageObject","inLanguage":"es","@id":"https:\/\/continuamosmx.com\/#\/schema\/logo\/image\/","url":"https:\/\/continuamosmx.com\/wp-content\/uploads\/2023\/04\/cropped-LOGO-CONTI-NUEVO.png","contentUrl":"https:\/\/continuamosmx.com\/wp-content\/uploads\/2023\/04\/cropped-LOGO-CONTI-NUEVO.png","width":1257,"height":430,"caption":"ContinuamosMX"},"image":{"@id":"https:\/\/continuamosmx.com\/#\/schema\/logo\/image\/"}},{"@type":"Person","@id":"https:\/\/continuamosmx.com\/#\/schema\/person\/5eb5356acb1fad784da407d14f0e8d89","name":"Continuamos MX","image":{"@type":"ImageObject","inLanguage":"es","@id":"https:\/\/secure.gravatar.com\/avatar\/30d4f9723476a15f4da34d35fb3501f08d2357016c76051c6a85c354c7489589?s=96&d=mm&r=g","url":"https:\/\/secure.gravatar.com\/avatar\/30d4f9723476a15f4da34d35fb3501f08d2357016c76051c6a85c354c7489589?s=96&d=mm&r=g","contentUrl":"https:\/\/secure.gravatar.com\/avatar\/30d4f9723476a15f4da34d35fb3501f08d2357016c76051c6a85c354c7489589?s=96&d=mm&r=g","caption":"Continuamos MX"},"sameAs":["http:\/\/www.continuamos.mx"],"url":"https:\/\/continuamosmx.com\/index.php\/author\/continuamos\/"}]}},"_links":{"self":[{"href":"https:\/\/continuamosmx.com\/index.php\/wp-json\/wp\/v2\/posts\/58227","targetHints":{"allow":["GET"]}}],"collection":[{"href":"https:\/\/continuamosmx.com\/index.php\/wp-json\/wp\/v2\/posts"}],"about":[{"href":"https:\/\/continuamosmx.com\/index.php\/wp-json\/wp\/v2\/types\/post"}],"author":[{"embeddable":true,"href":"https:\/\/continuamosmx.com\/index.php\/wp-json\/wp\/v2\/users\/6"}],"replies":[{"embeddable":true,"href":"https:\/\/continuamosmx.com\/index.php\/wp-json\/wp\/v2\/comments?post=58227"}],"version-history":[{"count":1,"href":"https:\/\/continuamosmx.com\/index.php\/wp-json\/wp\/v2\/posts\/58227\/revisions"}],"predecessor-version":[{"id":58229,"href":"https:\/\/continuamosmx.com\/index.php\/wp-json\/wp\/v2\/posts\/58227\/revisions\/58229"}],"wp:featuredmedia":[{"embeddable":true,"href":"https:\/\/continuamosmx.com\/index.php\/wp-json\/wp\/v2\/media\/58228"}],"wp:attachment":[{"href":"https:\/\/continuamosmx.com\/index.php\/wp-json\/wp\/v2\/media?parent=58227"}],"wp:term":[{"taxonomy":"category","embeddable":true,"href":"https:\/\/continuamosmx.com\/index.php\/wp-json\/wp\/v2\/categories?post=58227"},{"taxonomy":"post_tag","embeddable":true,"href":"https:\/\/continuamosmx.com\/index.php\/wp-json\/wp\/v2\/tags?post=58227"}],"curies":[{"name":"wp","href":"https:\/\/api.w.org\/{rel}","templated":true}]}}