{"id":58195,"date":"2026-09-01T12:09:31","date_gmt":"2026-09-01T18:09:31","guid":{"rendered":"https:\/\/continuamosmx.com\/?p=58195"},"modified":"2026-09-01T12:09:32","modified_gmt":"2026-09-01T18:09:32","slug":"agua-movilidad-y-servicios-publicos-ejes-de-la-nueva-planeacion-metropolitana-en-el-edomex","status":"publish","type":"post","link":"https:\/\/continuamosmx.com\/index.php\/2026\/09\/01\/agua-movilidad-y-servicios-publicos-ejes-de-la-nueva-planeacion-metropolitana-en-el-edomex\/","title":{"rendered":"AGUA, MOVILIDAD Y SERVICIOS P\u00daBLICOS, EJES DE LA NUEVA PLANEACI\u00d3N METROPOLITANA EN EL EDOM\u00c9X"},"content":{"rendered":"\n<h3 class=\"wp-block-heading\">*<strong>Con 59 municipios y m\u00e1s de 12.4 millones de habitantes integrados en el POZMVM, el Gobierno estatal impulsa soluciones regionales conjuntas con la CDMX, Hidalgo y Morelos.<\/strong><\/h3>\n\n\n\n<p class=\"wp-block-paragraph\"><strong>METEPEC, Estado de M\u00e9xico.<\/strong> \u2014 Al concentrar <strong>59 de las 84 demarcaciones<\/strong> y a m\u00e1s de <strong>12.4 millones de mexiquenses<\/strong>, el Estado de M\u00e9xico asumi\u00f3 un papel fundamental en la nueva configuraci\u00f3n y actualizaci\u00f3n de la Zona Metropolitana del Valle de M\u00e9xico (ZMVM). Por instrucci\u00f3n de la Gobernadora Delfina G\u00f3mez \u00c1lvarez, la administraci\u00f3n estatal participa activamente en el Programa de Ordenaci\u00f3n de la Zona Metropolitana del Valle de M\u00e9xico (POZMVM) para atender retos comunes de los casi 23 millones de habitantes que conforman esta regi\u00f3n junto con la Ciudad de M\u00e9xico, Hidalgo y Morelos.<\/p>\n\n\n\n<p class=\"wp-block-paragraph\">A trav\u00e9s de la Secretar\u00eda de Desarrollo Urbano e Infraestructura (Sedui), y bajo la coordinaci\u00f3n de la Secretar\u00eda de Desarrollo Agrario, Territorial y Urbano (Sedatu), se busca consolidar una visi\u00f3n compartida y herramientas regionales para solucionar problem\u00e1ticas que rebasan los l\u00edmites territoriales.<\/p>\n\n\n\n<p class=\"wp-block-paragraph\">Las <strong>prioridades estrat\u00e9gicas<\/strong> establecidas en la planeaci\u00f3n incluyen:<\/p>\n\n\n\n<ul class=\"wp-block-list\">\n<li>Gesti\u00f3n sustentable de las cuencas de agua.<\/li>\n\n\n\n<li>Sistemas integrados de movilidad regional.<\/li>\n\n\n\n<li>Cobertura equitativa de servicios p\u00fablicos.<\/li>\n\n\n\n<li>Gesti\u00f3n integral de riesgos.<\/li>\n\n\n\n<li>Impulso al desarrollo econ\u00f3mico.<\/li>\n<\/ul>\n\n\n\n<p class=\"wp-block-paragraph\">El titular de la Sedui, Carlos Maza Lara, subray\u00f3 que la participaci\u00f3n del Estado de M\u00e9xico permite integrar las necesidades espec\u00edficas de sus municipios en la estrategia metropolitana, orientando el crecimiento hacia la equidad, el bienestar y la justicia social.<\/p>\n\n\n\n<h3 class=\"wp-block-heading\">Proceso participativo y de consulta<\/h3>\n\n\n\n<p class=\"wp-block-paragraph\">Para la construcci\u00f3n de este programa, la entidad ha tenido un rol central mediante:<\/p>\n\n\n\n<ul class=\"wp-block-list\">\n<li><strong>175 reuniones<\/strong> con enlaces estatales.<\/li>\n\n\n\n<li><strong>17 recorridos<\/strong> por sitios estrat\u00e9gicos metropolitanos.<\/li>\n\n\n\n<li><strong>40 sesiones<\/strong> del Secretariado T\u00e9cnico Conjunto.<\/li>\n\n\n\n<li><strong>19 de 24 talleres de consulta<\/strong> realizados en territorio mexiquense, con m\u00e1s de 2 mil 300 asistentes en total.<\/li>\n\n\n\n<li><strong>59 entrevistas<\/strong> con gobiernos municipales y <strong>12 recorridos<\/strong> de diagn\u00f3stico regional.<\/li>\n\n\n\n<li><strong>72 reuniones de consulta<\/strong> previas con comunidades ind\u00edgenas mexiquenses de las 100 previstas para toda la regi\u00f3n.<\/li>\n<\/ul>\n","protected":false},"excerpt":{"rendered":"<p>*Con 59 municipios y m\u00e1s de 12.4 millones de habitantes integrados en el POZMVM, el Gobierno estatal impulsa soluciones regionales conjuntas con la CDMX, Hidalgo y Morelos. METEPEC, Estado de M\u00e9xico. \u2014 Al concentrar 59 de las 84 demarcaciones y a m\u00e1s de 12.4 millones de mexiquenses, el Estado de M\u00e9xico asumi\u00f3 un papel fundamental [&hellip;]<\/p>\n","protected":false},"author":6,"featured_media":58196,"comment_status":"closed","ping_status":"closed","sticky":false,"template":"","format":"standard","meta":{"footnotes":""},"categories":[2],"tags":[],"class_list":["post-58195","post","type-post","status-publish","format-standard","has-post-thumbnail","hentry","category-edomex"],"yoast_head":"<!-- This site is optimized with the Yoast SEO plugin v28.3 - https:\/\/yoast.com\/product\/yoast-seo-wordpress\/ -->\n<title>AGUA, MOVILIDAD Y SERVICIOS P\u00daBLICOS, EJES DE LA NUEVA PLANEACI\u00d3N METROPOLITANA EN EL EDOM\u00c9X -<\/title>\n<meta name=\"robots\" content=\"index, follow, max-snippet:-1, max-image-preview:large, max-video-preview:-1\" \/>\n<link rel=\"canonical\" href=\"https:\/\/continuamosmx.com\/index.php\/2026\/09\/01\/agua-movilidad-y-servicios-publicos-ejes-de-la-nueva-planeacion-metropolitana-en-el-edomex\/\" \/>\n<meta property=\"og:locale\" content=\"es_ES\" \/>\n<meta property=\"og:type\" content=\"article\" \/>\n<meta property=\"og:title\" content=\"AGUA, MOVILIDAD Y SERVICIOS P\u00daBLICOS, EJES DE LA NUEVA PLANEACI\u00d3N METROPOLITANA EN EL EDOM\u00c9X -\" \/>\n<meta property=\"og:description\" content=\"*Con 59 municipios y m\u00e1s de 12.4 millones de habitantes integrados en el POZMVM, el Gobierno estatal impulsa soluciones regionales conjuntas con la CDMX, Hidalgo y Morelos. METEPEC, Estado de M\u00e9xico. \u2014 Al concentrar 59 de las 84 demarcaciones y a m\u00e1s de 12.4 millones de mexiquenses, el Estado de M\u00e9xico asumi\u00f3 un papel fundamental [&hellip;]\" \/>\n<meta property=\"og:url\" content=\"https:\/\/continuamosmx.com\/index.php\/2026\/09\/01\/agua-movilidad-y-servicios-publicos-ejes-de-la-nueva-planeacion-metropolitana-en-el-edomex\/\" \/>\n<meta property=\"article:published_time\" content=\"2026-09-01T18:09:31+00:00\" \/>\n<meta property=\"article:modified_time\" content=\"2026-09-01T18:09:32+00:00\" \/>\n<meta property=\"og:image\" content=\"https:\/\/continuamosmx.com\/wp-content\/uploads\/2026\/09\/WhatsApp-Image-2026-09-01-at-10.59.07-AM-5.jpeg\" \/>\n\t<meta property=\"og:image:width\" content=\"1600\" \/>\n\t<meta property=\"og:image:height\" content=\"871\" \/>\n\t<meta property=\"og:image:type\" content=\"image\/jpeg\" \/>\n<meta name=\"author\" content=\"Continuamos MX\" \/>\n<meta name=\"twitter:card\" content=\"summary_large_image\" \/>\n<meta name=\"twitter:label1\" content=\"Escrito por\" \/>\n\t<meta name=\"twitter:data1\" content=\"Continuamos MX\" \/>\n\t<meta name=\"twitter:label2\" content=\"Tiempo de lectura\" \/>\n\t<meta name=\"twitter:data2\" content=\"2 minutos\" \/>\n<script type=\"application\/ld+json\" class=\"yoast-schema-graph\">{\"@context\":\"https:\\\/\\\/schema.org\",\"@graph\":[{\"@type\":\"Article\",\"@id\":\"https:\\\/\\\/continuamosmx.com\\\/index.php\\\/2026\\\/09\\\/01\\\/agua-movilidad-y-servicios-publicos-ejes-de-la-nueva-planeacion-metropolitana-en-el-edomex\\\/#article\",\"isPartOf\":{\"@id\":\"https:\\\/\\\/continuamosmx.com\\\/index.php\\\/2026\\\/09\\\/01\\\/agua-movilidad-y-servicios-publicos-ejes-de-la-nueva-planeacion-metropolitana-en-el-edomex\\\/\"},\"author\":{\"name\":\"Continuamos MX\",\"@id\":\"https:\\\/\\\/continuamosmx.com\\\/#\\\/schema\\\/person\\\/5eb5356acb1fad784da407d14f0e8d89\"},\"headline\":\"AGUA, MOVILIDAD Y SERVICIOS P\u00daBLICOS, EJES DE LA NUEVA PLANEACI\u00d3N METROPOLITANA EN EL EDOM\u00c9X\",\"datePublished\":\"2026-09-01T18:09:31+00:00\",\"dateModified\":\"2026-09-01T18:09:32+00:00\",\"mainEntityOfPage\":{\"@id\":\"https:\\\/\\\/continuamosmx.com\\\/index.php\\\/2026\\\/09\\\/01\\\/agua-movilidad-y-servicios-publicos-ejes-de-la-nueva-planeacion-metropolitana-en-el-edomex\\\/\"},\"wordCount\":355,\"publisher\":{\"@id\":\"https:\\\/\\\/continuamosmx.com\\\/#organization\"},\"image\":{\"@id\":\"https:\\\/\\\/continuamosmx.com\\\/index.php\\\/2026\\\/09\\\/01\\\/agua-movilidad-y-servicios-publicos-ejes-de-la-nueva-planeacion-metropolitana-en-el-edomex\\\/#primaryimage\"},\"thumbnailUrl\":\"https:\\\/\\\/continuamosmx.com\\\/wp-content\\\/uploads\\\/2026\\\/09\\\/WhatsApp-Image-2026-09-01-at-10.59.07-AM-5.jpeg\",\"articleSection\":[\"EDOMEX\"],\"inLanguage\":\"es\"},{\"@type\":\"WebPage\",\"@id\":\"https:\\\/\\\/continuamosmx.com\\\/index.php\\\/2026\\\/09\\\/01\\\/agua-movilidad-y-servicios-publicos-ejes-de-la-nueva-planeacion-metropolitana-en-el-edomex\\\/\",\"url\":\"https:\\\/\\\/continuamosmx.com\\\/index.php\\\/2026\\\/09\\\/01\\\/agua-movilidad-y-servicios-publicos-ejes-de-la-nueva-planeacion-metropolitana-en-el-edomex\\\/\",\"name\":\"AGUA, MOVILIDAD Y SERVICIOS P\u00daBLICOS, EJES DE LA NUEVA PLANEACI\u00d3N METROPOLITANA EN EL EDOM\u00c9X -\",\"isPartOf\":{\"@id\":\"https:\\\/\\\/continuamosmx.com\\\/#website\"},\"primaryImageOfPage\":{\"@id\":\"https:\\\/\\\/continuamosmx.com\\\/index.php\\\/2026\\\/09\\\/01\\\/agua-movilidad-y-servicios-publicos-ejes-de-la-nueva-planeacion-metropolitana-en-el-edomex\\\/#primaryimage\"},\"image\":{\"@id\":\"https:\\\/\\\/continuamosmx.com\\\/index.php\\\/2026\\\/09\\\/01\\\/agua-movilidad-y-servicios-publicos-ejes-de-la-nueva-planeacion-metropolitana-en-el-edomex\\\/#primaryimage\"},\"thumbnailUrl\":\"https:\\\/\\\/continuamosmx.com\\\/wp-content\\\/uploads\\\/2026\\\/09\\\/WhatsApp-Image-2026-09-01-at-10.59.07-AM-5.jpeg\",\"datePublished\":\"2026-09-01T18:09:31+00:00\",\"dateModified\":\"2026-09-01T18:09:32+00:00\",\"breadcrumb\":{\"@id\":\"https:\\\/\\\/continuamosmx.com\\\/index.php\\\/2026\\\/09\\\/01\\\/agua-movilidad-y-servicios-publicos-ejes-de-la-nueva-planeacion-metropolitana-en-el-edomex\\\/#breadcrumb\"},\"inLanguage\":\"es\",\"potentialAction\":[{\"@type\":\"ReadAction\",\"target\":[\"https:\\\/\\\/continuamosmx.com\\\/index.php\\\/2026\\\/09\\\/01\\\/agua-movilidad-y-servicios-publicos-ejes-de-la-nueva-planeacion-metropolitana-en-el-edomex\\\/\"]}]},{\"@type\":\"ImageObject\",\"inLanguage\":\"es\",\"@id\":\"https:\\\/\\\/continuamosmx.com\\\/index.php\\\/2026\\\/09\\\/01\\\/agua-movilidad-y-servicios-publicos-ejes-de-la-nueva-planeacion-metropolitana-en-el-edomex\\\/#primaryimage\",\"url\":\"https:\\\/\\\/continuamosmx.com\\\/wp-content\\\/uploads\\\/2026\\\/09\\\/WhatsApp-Image-2026-09-01-at-10.59.07-AM-5.jpeg\",\"contentUrl\":\"https:\\\/\\\/continuamosmx.com\\\/wp-content\\\/uploads\\\/2026\\\/09\\\/WhatsApp-Image-2026-09-01-at-10.59.07-AM-5.jpeg\",\"width\":1600,\"height\":871},{\"@type\":\"BreadcrumbList\",\"@id\":\"https:\\\/\\\/continuamosmx.com\\\/index.php\\\/2026\\\/09\\\/01\\\/agua-movilidad-y-servicios-publicos-ejes-de-la-nueva-planeacion-metropolitana-en-el-edomex\\\/#breadcrumb\",\"itemListElement\":[{\"@type\":\"ListItem\",\"position\":1,\"name\":\"Inicio\",\"item\":\"https:\\\/\\\/continuamosmx.com\\\/\"},{\"@type\":\"ListItem\",\"position\":2,\"name\":\"AGUA, MOVILIDAD Y SERVICIOS P\u00daBLICOS, EJES DE LA NUEVA PLANEACI\u00d3N METROPOLITANA EN EL EDOM\u00c9X\"}]},{\"@type\":\"WebSite\",\"@id\":\"https:\\\/\\\/continuamosmx.com\\\/#website\",\"url\":\"https:\\\/\\\/continuamosmx.com\\\/\",\"name\":\"www.continuamosmx.com\",\"description\":\"\",\"publisher\":{\"@id\":\"https:\\\/\\\/continuamosmx.com\\\/#organization\"},\"potentialAction\":[{\"@type\":\"SearchAction\",\"target\":{\"@type\":\"EntryPoint\",\"urlTemplate\":\"https:\\\/\\\/continuamosmx.com\\\/?s={search_term_string}\"},\"query-input\":{\"@type\":\"PropertyValueSpecification\",\"valueRequired\":true,\"valueName\":\"search_term_string\"}}],\"inLanguage\":\"es\"},{\"@type\":\"Organization\",\"@id\":\"https:\\\/\\\/continuamosmx.com\\\/#organization\",\"name\":\"ContinuamosMX\",\"url\":\"https:\\\/\\\/continuamosmx.com\\\/\",\"logo\":{\"@type\":\"ImageObject\",\"inLanguage\":\"es\",\"@id\":\"https:\\\/\\\/continuamosmx.com\\\/#\\\/schema\\\/logo\\\/image\\\/\",\"url\":\"https:\\\/\\\/continuamosmx.com\\\/wp-content\\\/uploads\\\/2023\\\/04\\\/cropped-LOGO-CONTI-NUEVO.png\",\"contentUrl\":\"https:\\\/\\\/continuamosmx.com\\\/wp-content\\\/uploads\\\/2023\\\/04\\\/cropped-LOGO-CONTI-NUEVO.png\",\"width\":1257,\"height\":430,\"caption\":\"ContinuamosMX\"},\"image\":{\"@id\":\"https:\\\/\\\/continuamosmx.com\\\/#\\\/schema\\\/logo\\\/image\\\/\"}},{\"@type\":\"Person\",\"@id\":\"https:\\\/\\\/continuamosmx.com\\\/#\\\/schema\\\/person\\\/5eb5356acb1fad784da407d14f0e8d89\",\"name\":\"Continuamos MX\",\"image\":{\"@type\":\"ImageObject\",\"inLanguage\":\"es\",\"@id\":\"https:\\\/\\\/secure.gravatar.com\\\/avatar\\\/30d4f9723476a15f4da34d35fb3501f08d2357016c76051c6a85c354c7489589?s=96&d=mm&r=g\",\"url\":\"https:\\\/\\\/secure.gravatar.com\\\/avatar\\\/30d4f9723476a15f4da34d35fb3501f08d2357016c76051c6a85c354c7489589?s=96&d=mm&r=g\",\"contentUrl\":\"https:\\\/\\\/secure.gravatar.com\\\/avatar\\\/30d4f9723476a15f4da34d35fb3501f08d2357016c76051c6a85c354c7489589?s=96&d=mm&r=g\",\"caption\":\"Continuamos MX\"},\"sameAs\":[\"http:\\\/\\\/www.continuamos.mx\"],\"url\":\"https:\\\/\\\/continuamosmx.com\\\/index.php\\\/author\\\/continuamos\\\/\"}]}<\/script>\n<!-- \/ Yoast SEO plugin. -->","yoast_head_json":{"title":"AGUA, MOVILIDAD Y SERVICIOS P\u00daBLICOS, EJES DE LA NUEVA PLANEACI\u00d3N METROPOLITANA EN EL EDOM\u00c9X -","robots":{"index":"index","follow":"follow","max-snippet":"max-snippet:-1","max-image-preview":"max-image-preview:large","max-video-preview":"max-video-preview:-1"},"canonical":"https:\/\/continuamosmx.com\/index.php\/2026\/09\/01\/agua-movilidad-y-servicios-publicos-ejes-de-la-nueva-planeacion-metropolitana-en-el-edomex\/","og_locale":"es_ES","og_type":"article","og_title":"AGUA, MOVILIDAD Y SERVICIOS P\u00daBLICOS, EJES DE LA NUEVA PLANEACI\u00d3N METROPOLITANA EN EL EDOM\u00c9X -","og_description":"*Con 59 municipios y m\u00e1s de 12.4 millones de habitantes integrados en el POZMVM, el Gobierno estatal impulsa soluciones regionales conjuntas con la CDMX, Hidalgo y Morelos. METEPEC, Estado de M\u00e9xico. \u2014 Al concentrar 59 de las 84 demarcaciones y a m\u00e1s de 12.4 millones de mexiquenses, el Estado de M\u00e9xico asumi\u00f3 un papel fundamental [&hellip;]","og_url":"https:\/\/continuamosmx.com\/index.php\/2026\/09\/01\/agua-movilidad-y-servicios-publicos-ejes-de-la-nueva-planeacion-metropolitana-en-el-edomex\/","article_published_time":"2026-09-01T18:09:31+00:00","article_modified_time":"2026-09-01T18:09:32+00:00","og_image":[{"width":1600,"height":871,"url":"https:\/\/continuamosmx.com\/wp-content\/uploads\/2026\/09\/WhatsApp-Image-2026-09-01-at-10.59.07-AM-5.jpeg","type":"image\/jpeg"}],"author":"Continuamos MX","twitter_card":"summary_large_image","twitter_misc":{"Escrito por":"Continuamos MX","Tiempo de lectura":"2 minutos"},"schema":{"@context":"https:\/\/schema.org","@graph":[{"@type":"Article","@id":"https:\/\/continuamosmx.com\/index.php\/2026\/09\/01\/agua-movilidad-y-servicios-publicos-ejes-de-la-nueva-planeacion-metropolitana-en-el-edomex\/#article","isPartOf":{"@id":"https:\/\/continuamosmx.com\/index.php\/2026\/09\/01\/agua-movilidad-y-servicios-publicos-ejes-de-la-nueva-planeacion-metropolitana-en-el-edomex\/"},"author":{"name":"Continuamos MX","@id":"https:\/\/continuamosmx.com\/#\/schema\/person\/5eb5356acb1fad784da407d14f0e8d89"},"headline":"AGUA, MOVILIDAD Y SERVICIOS P\u00daBLICOS, EJES DE LA NUEVA PLANEACI\u00d3N METROPOLITANA EN EL EDOM\u00c9X","datePublished":"2026-09-01T18:09:31+00:00","dateModified":"2026-09-01T18:09:32+00:00","mainEntityOfPage":{"@id":"https:\/\/continuamosmx.com\/index.php\/2026\/09\/01\/agua-movilidad-y-servicios-publicos-ejes-de-la-nueva-planeacion-metropolitana-en-el-edomex\/"},"wordCount":355,"publisher":{"@id":"https:\/\/continuamosmx.com\/#organization"},"image":{"@id":"https:\/\/continuamosmx.com\/index.php\/2026\/09\/01\/agua-movilidad-y-servicios-publicos-ejes-de-la-nueva-planeacion-metropolitana-en-el-edomex\/#primaryimage"},"thumbnailUrl":"https:\/\/continuamosmx.com\/wp-content\/uploads\/2026\/09\/WhatsApp-Image-2026-09-01-at-10.59.07-AM-5.jpeg","articleSection":["EDOMEX"],"inLanguage":"es"},{"@type":"WebPage","@id":"https:\/\/continuamosmx.com\/index.php\/2026\/09\/01\/agua-movilidad-y-servicios-publicos-ejes-de-la-nueva-planeacion-metropolitana-en-el-edomex\/","url":"https:\/\/continuamosmx.com\/index.php\/2026\/09\/01\/agua-movilidad-y-servicios-publicos-ejes-de-la-nueva-planeacion-metropolitana-en-el-edomex\/","name":"AGUA, MOVILIDAD Y SERVICIOS P\u00daBLICOS, EJES DE LA NUEVA PLANEACI\u00d3N METROPOLITANA EN EL EDOM\u00c9X -","isPartOf":{"@id":"https:\/\/continuamosmx.com\/#website"},"primaryImageOfPage":{"@id":"https:\/\/continuamosmx.com\/index.php\/2026\/09\/01\/agua-movilidad-y-servicios-publicos-ejes-de-la-nueva-planeacion-metropolitana-en-el-edomex\/#primaryimage"},"image":{"@id":"https:\/\/continuamosmx.com\/index.php\/2026\/09\/01\/agua-movilidad-y-servicios-publicos-ejes-de-la-nueva-planeacion-metropolitana-en-el-edomex\/#primaryimage"},"thumbnailUrl":"https:\/\/continuamosmx.com\/wp-content\/uploads\/2026\/09\/WhatsApp-Image-2026-09-01-at-10.59.07-AM-5.jpeg","datePublished":"2026-09-01T18:09:31+00:00","dateModified":"2026-09-01T18:09:32+00:00","breadcrumb":{"@id":"https:\/\/continuamosmx.com\/index.php\/2026\/09\/01\/agua-movilidad-y-servicios-publicos-ejes-de-la-nueva-planeacion-metropolitana-en-el-edomex\/#breadcrumb"},"inLanguage":"es","potentialAction":[{"@type":"ReadAction","target":["https:\/\/continuamosmx.com\/index.php\/2026\/09\/01\/agua-movilidad-y-servicios-publicos-ejes-de-la-nueva-planeacion-metropolitana-en-el-edomex\/"]}]},{"@type":"ImageObject","inLanguage":"es","@id":"https:\/\/continuamosmx.com\/index.php\/2026\/09\/01\/agua-movilidad-y-servicios-publicos-ejes-de-la-nueva-planeacion-metropolitana-en-el-edomex\/#primaryimage","url":"https:\/\/continuamosmx.com\/wp-content\/uploads\/2026\/09\/WhatsApp-Image-2026-09-01-at-10.59.07-AM-5.jpeg","contentUrl":"https:\/\/continuamosmx.com\/wp-content\/uploads\/2026\/09\/WhatsApp-Image-2026-09-01-at-10.59.07-AM-5.jpeg","width":1600,"height":871},{"@type":"BreadcrumbList","@id":"https:\/\/continuamosmx.com\/index.php\/2026\/09\/01\/agua-movilidad-y-servicios-publicos-ejes-de-la-nueva-planeacion-metropolitana-en-el-edomex\/#breadcrumb","itemListElement":[{"@type":"ListItem","position":1,"name":"Inicio","item":"https:\/\/continuamosmx.com\/"},{"@type":"ListItem","position":2,"name":"AGUA, MOVILIDAD Y SERVICIOS P\u00daBLICOS, EJES DE LA NUEVA PLANEACI\u00d3N METROPOLITANA EN EL EDOM\u00c9X"}]},{"@type":"WebSite","@id":"https:\/\/continuamosmx.com\/#website","url":"https:\/\/continuamosmx.com\/","name":"www.continuamosmx.com","description":"","publisher":{"@id":"https:\/\/continuamosmx.com\/#organization"},"potentialAction":[{"@type":"SearchAction","target":{"@type":"EntryPoint","urlTemplate":"https:\/\/continuamosmx.com\/?s={search_term_string}"},"query-input":{"@type":"PropertyValueSpecification","valueRequired":true,"valueName":"search_term_string"}}],"inLanguage":"es"},{"@type":"Organization","@id":"https:\/\/continuamosmx.com\/#organization","name":"ContinuamosMX","url":"https:\/\/continuamosmx.com\/","logo":{"@type":"ImageObject","inLanguage":"es","@id":"https:\/\/continuamosmx.com\/#\/schema\/logo\/image\/","url":"https:\/\/continuamosmx.com\/wp-content\/uploads\/2023\/04\/cropped-LOGO-CONTI-NUEVO.png","contentUrl":"https:\/\/continuamosmx.com\/wp-content\/uploads\/2023\/04\/cropped-LOGO-CONTI-NUEVO.png","width":1257,"height":430,"caption":"ContinuamosMX"},"image":{"@id":"https:\/\/continuamosmx.com\/#\/schema\/logo\/image\/"}},{"@type":"Person","@id":"https:\/\/continuamosmx.com\/#\/schema\/person\/5eb5356acb1fad784da407d14f0e8d89","name":"Continuamos MX","image":{"@type":"ImageObject","inLanguage":"es","@id":"https:\/\/secure.gravatar.com\/avatar\/30d4f9723476a15f4da34d35fb3501f08d2357016c76051c6a85c354c7489589?s=96&d=mm&r=g","url":"https:\/\/secure.gravatar.com\/avatar\/30d4f9723476a15f4da34d35fb3501f08d2357016c76051c6a85c354c7489589?s=96&d=mm&r=g","contentUrl":"https:\/\/secure.gravatar.com\/avatar\/30d4f9723476a15f4da34d35fb3501f08d2357016c76051c6a85c354c7489589?s=96&d=mm&r=g","caption":"Continuamos MX"},"sameAs":["http:\/\/www.continuamos.mx"],"url":"https:\/\/continuamosmx.com\/index.php\/author\/continuamos\/"}]}},"_links":{"self":[{"href":"https:\/\/continuamosmx.com\/index.php\/wp-json\/wp\/v2\/posts\/58195","targetHints":{"allow":["GET"]}}],"collection":[{"href":"https:\/\/continuamosmx.com\/index.php\/wp-json\/wp\/v2\/posts"}],"about":[{"href":"https:\/\/continuamosmx.com\/index.php\/wp-json\/wp\/v2\/types\/post"}],"author":[{"embeddable":true,"href":"https:\/\/continuamosmx.com\/index.php\/wp-json\/wp\/v2\/users\/6"}],"replies":[{"embeddable":true,"href":"https:\/\/continuamosmx.com\/index.php\/wp-json\/wp\/v2\/comments?post=58195"}],"version-history":[{"count":1,"href":"https:\/\/continuamosmx.com\/index.php\/wp-json\/wp\/v2\/posts\/58195\/revisions"}],"predecessor-version":[{"id":58197,"href":"https:\/\/continuamosmx.com\/index.php\/wp-json\/wp\/v2\/posts\/58195\/revisions\/58197"}],"wp:featuredmedia":[{"embeddable":true,"href":"https:\/\/continuamosmx.com\/index.php\/wp-json\/wp\/v2\/media\/58196"}],"wp:attachment":[{"href":"https:\/\/continuamosmx.com\/index.php\/wp-json\/wp\/v2\/media?parent=58195"}],"wp:term":[{"taxonomy":"category","embeddable":true,"href":"https:\/\/continuamosmx.com\/index.php\/wp-json\/wp\/v2\/categories?post=58195"},{"taxonomy":"post_tag","embeddable":true,"href":"https:\/\/continuamosmx.com\/index.php\/wp-json\/wp\/v2\/tags?post=58195"}],"curies":[{"name":"wp","href":"https:\/\/api.w.org\/{rel}","templated":true}]}}