{"id":58192,"date":"2026-09-01T12:04:56","date_gmt":"2026-09-01T18:04:56","guid":{"rendered":"https:\/\/continuamosmx.com\/?p=58192"},"modified":"2026-09-01T12:04:57","modified_gmt":"2026-09-01T18:04:57","slug":"caravanas-por-la-justicia-social-ofrecen-tramite-gratuito-para-regularizar-la-identidad-en-el-edomex","status":"publish","type":"post","link":"https:\/\/continuamosmx.com\/index.php\/2026\/09\/01\/caravanas-por-la-justicia-social-ofrecen-tramite-gratuito-para-regularizar-la-identidad-en-el-edomex\/","title":{"rendered":"CARAVANAS POR LA JUSTICIA SOCIAL OFRECEN TR\u00c1MITE GRATUITO PARA REGULARIZAR LA IDENTIDAD EN EL EDOM\u00c9X"},"content":{"rendered":"\n<h3 class=\"wp-block-heading\">*<strong>A trav\u00e9s de un procedimiento judicial no contencioso, el Gobierno estatal y el Poder Judicial auxilian a quienes han utilizado distintos nombres o apellidos, garantizando certeza jur\u00eddica y acceso a derechos.<\/strong><\/h3>\n\n\n\n<p class=\"wp-block-paragraph\"><strong>TOLUCA, Estado de M\u00e9xico.<\/strong> \u2014 Para resolver problem\u00e1ticas legales derivadas de la discrepancia en documentos oficiales, el Gobierno de la Maestra Delfina G\u00f3mez \u00c1lvarez, mediante las Caravanas Itinerantes por la Justicia Social y en coordinaci\u00f3n con el Poder Judicial del Estado de M\u00e9xico, ofrece de manera completamente gratuita el <strong>Procedimiento Judicial no Contencioso de Identidad de Persona<\/strong>.<\/p>\n\n\n\n<p class=\"wp-block-paragraph\">Esta acci\u00f3n est\u00e1 dirigida a todas aquellas personas que, por situaciones sociales o familiares del pasado, han utilizado distintos nombres o apellidos a lo largo de su vida. La falta de uniformidad en los datos suele impedir la obtenci\u00f3n de tr\u00e1mites esenciales como la CURP o la credencial para votar, adem\u00e1s de generar graves complicaciones legales al momento de heredar bienes a sus familias.<\/p>\n\n\n\n<p class=\"wp-block-paragraph\">Un ejemplo de esta labor es el caso de \u00c1ngela Armeaga Fr\u00edas, de 83 a\u00f1os, quien durante d\u00e9cadas utiliz\u00f3 diferentes nombres basados en su fe de bautismo e incluso adoptando el apellido de su esposo. Gracias al acercamiento de las Caravanas, pudo iniciar su proceso legal para brindar certeza jur\u00eddica a sus nueve hijos respecto a una propiedad.<\/p>\n\n\n\n<p class=\"wp-block-paragraph\">\u201cPara el que no tiene, es mucho sacrificio juntar mucho dinero para que arregle uno las cosas bien&#8230; se le agradece a la Gobernadora Delfina lo que est\u00e1 haciendo porque para quien no tiene dinero es mucha ayuda\u201d, expres\u00f3 Do\u00f1a \u00c1ngela.<\/p>\n\n\n\n<p class=\"wp-block-paragraph\">Marco Antonio Vergara D\u00edaz, adscrito al Juzgado Primero Familiar del Distrito Judicial de Ecatepec, detall\u00f3 que el objetivo central es emitir una sentencia judicial que declare fehacientemente que los distintos nombres utilizados corresponden a una misma persona.<\/p>\n\n\n\n<p class=\"wp-block-paragraph\">Bajo el lema <em>El Poder de Servir<\/em>, las Caravanas Itinerantes se encuentran esta semana en los municipios de <strong>Tenango del Valle, Huehuetoca y Coacalco<\/strong>, brindando m\u00e1s de 125 tr\u00e1mites y servicios gratuitos o a bajo costo. La ciudadan\u00eda interesada en conocer las sedes y fechas detalladas puede consultar el portal oficial en <a target=\"_blank\" rel=\"noopener\" href=\"https:\/\/caravanas.edomex.gob.mx\/caravanas-municipio\">caravanas.edomex.gob.mx\/caravanas-municipio<\/a>.<\/p>\n","protected":false},"excerpt":{"rendered":"<p>*A trav\u00e9s de un procedimiento judicial no contencioso, el Gobierno estatal y el Poder Judicial auxilian a quienes han utilizado distintos nombres o apellidos, garantizando certeza jur\u00eddica y acceso a derechos. TOLUCA, Estado de M\u00e9xico. \u2014 Para resolver problem\u00e1ticas legales derivadas de la discrepancia en documentos oficiales, el Gobierno de la Maestra Delfina G\u00f3mez \u00c1lvarez, [&hellip;]<\/p>\n","protected":false},"author":6,"featured_media":58193,"comment_status":"closed","ping_status":"closed","sticky":false,"template":"","format":"standard","meta":{"footnotes":""},"categories":[2],"tags":[],"class_list":["post-58192","post","type-post","status-publish","format-standard","has-post-thumbnail","hentry","category-edomex"],"yoast_head":"<!-- This site is optimized with the Yoast SEO plugin v28.3 - https:\/\/yoast.com\/product\/yoast-seo-wordpress\/ -->\n<title>CARAVANAS POR LA JUSTICIA SOCIAL OFRECEN TR\u00c1MITE GRATUITO PARA REGULARIZAR LA IDENTIDAD EN EL EDOM\u00c9X -<\/title>\n<meta name=\"robots\" content=\"index, follow, max-snippet:-1, max-image-preview:large, max-video-preview:-1\" \/>\n<link rel=\"canonical\" href=\"https:\/\/continuamosmx.com\/index.php\/2026\/09\/01\/caravanas-por-la-justicia-social-ofrecen-tramite-gratuito-para-regularizar-la-identidad-en-el-edomex\/\" \/>\n<meta property=\"og:locale\" content=\"es_ES\" \/>\n<meta property=\"og:type\" content=\"article\" \/>\n<meta property=\"og:title\" content=\"CARAVANAS POR LA JUSTICIA SOCIAL OFRECEN TR\u00c1MITE GRATUITO PARA REGULARIZAR LA IDENTIDAD EN EL EDOM\u00c9X -\" \/>\n<meta property=\"og:description\" content=\"*A trav\u00e9s de un procedimiento judicial no contencioso, el Gobierno estatal y el Poder Judicial auxilian a quienes han utilizado distintos nombres o apellidos, garantizando certeza jur\u00eddica y acceso a derechos. TOLUCA, Estado de M\u00e9xico. \u2014 Para resolver problem\u00e1ticas legales derivadas de la discrepancia en documentos oficiales, el Gobierno de la Maestra Delfina G\u00f3mez \u00c1lvarez, [&hellip;]\" \/>\n<meta property=\"og:url\" content=\"https:\/\/continuamosmx.com\/index.php\/2026\/09\/01\/caravanas-por-la-justicia-social-ofrecen-tramite-gratuito-para-regularizar-la-identidad-en-el-edomex\/\" \/>\n<meta property=\"article:published_time\" content=\"2026-09-01T18:04:56+00:00\" \/>\n<meta property=\"article:modified_time\" content=\"2026-09-01T18:04:57+00:00\" \/>\n<meta property=\"og:image\" content=\"https:\/\/continuamosmx.com\/wp-content\/uploads\/2026\/09\/WhatsApp-Image-2026-09-01-at-10.59.07-AM-1.jpeg\" \/>\n\t<meta property=\"og:image:width\" content=\"1600\" \/>\n\t<meta property=\"og:image:height\" content=\"1066\" \/>\n\t<meta property=\"og:image:type\" content=\"image\/jpeg\" \/>\n<meta name=\"author\" content=\"Continuamos MX\" \/>\n<meta name=\"twitter:card\" content=\"summary_large_image\" \/>\n<meta name=\"twitter:label1\" content=\"Escrito por\" \/>\n\t<meta name=\"twitter:data1\" content=\"Continuamos MX\" \/>\n\t<meta name=\"twitter:label2\" content=\"Tiempo de lectura\" \/>\n\t<meta name=\"twitter:data2\" content=\"2 minutos\" \/>\n<script type=\"application\/ld+json\" class=\"yoast-schema-graph\">{\"@context\":\"https:\\\/\\\/schema.org\",\"@graph\":[{\"@type\":\"Article\",\"@id\":\"https:\\\/\\\/continuamosmx.com\\\/index.php\\\/2026\\\/09\\\/01\\\/caravanas-por-la-justicia-social-ofrecen-tramite-gratuito-para-regularizar-la-identidad-en-el-edomex\\\/#article\",\"isPartOf\":{\"@id\":\"https:\\\/\\\/continuamosmx.com\\\/index.php\\\/2026\\\/09\\\/01\\\/caravanas-por-la-justicia-social-ofrecen-tramite-gratuito-para-regularizar-la-identidad-en-el-edomex\\\/\"},\"author\":{\"name\":\"Continuamos MX\",\"@id\":\"https:\\\/\\\/continuamosmx.com\\\/#\\\/schema\\\/person\\\/5eb5356acb1fad784da407d14f0e8d89\"},\"headline\":\"CARAVANAS POR LA JUSTICIA SOCIAL OFRECEN TR\u00c1MITE GRATUITO PARA REGULARIZAR LA IDENTIDAD EN EL EDOM\u00c9X\",\"datePublished\":\"2026-09-01T18:04:56+00:00\",\"dateModified\":\"2026-09-01T18:04:57+00:00\",\"mainEntityOfPage\":{\"@id\":\"https:\\\/\\\/continuamosmx.com\\\/index.php\\\/2026\\\/09\\\/01\\\/caravanas-por-la-justicia-social-ofrecen-tramite-gratuito-para-regularizar-la-identidad-en-el-edomex\\\/\"},\"wordCount\":379,\"publisher\":{\"@id\":\"https:\\\/\\\/continuamosmx.com\\\/#organization\"},\"image\":{\"@id\":\"https:\\\/\\\/continuamosmx.com\\\/index.php\\\/2026\\\/09\\\/01\\\/caravanas-por-la-justicia-social-ofrecen-tramite-gratuito-para-regularizar-la-identidad-en-el-edomex\\\/#primaryimage\"},\"thumbnailUrl\":\"https:\\\/\\\/continuamosmx.com\\\/wp-content\\\/uploads\\\/2026\\\/09\\\/WhatsApp-Image-2026-09-01-at-10.59.07-AM-1.jpeg\",\"articleSection\":[\"EDOMEX\"],\"inLanguage\":\"es\"},{\"@type\":\"WebPage\",\"@id\":\"https:\\\/\\\/continuamosmx.com\\\/index.php\\\/2026\\\/09\\\/01\\\/caravanas-por-la-justicia-social-ofrecen-tramite-gratuito-para-regularizar-la-identidad-en-el-edomex\\\/\",\"url\":\"https:\\\/\\\/continuamosmx.com\\\/index.php\\\/2026\\\/09\\\/01\\\/caravanas-por-la-justicia-social-ofrecen-tramite-gratuito-para-regularizar-la-identidad-en-el-edomex\\\/\",\"name\":\"CARAVANAS POR LA JUSTICIA SOCIAL OFRECEN TR\u00c1MITE GRATUITO PARA REGULARIZAR LA IDENTIDAD EN EL EDOM\u00c9X -\",\"isPartOf\":{\"@id\":\"https:\\\/\\\/continuamosmx.com\\\/#website\"},\"primaryImageOfPage\":{\"@id\":\"https:\\\/\\\/continuamosmx.com\\\/index.php\\\/2026\\\/09\\\/01\\\/caravanas-por-la-justicia-social-ofrecen-tramite-gratuito-para-regularizar-la-identidad-en-el-edomex\\\/#primaryimage\"},\"image\":{\"@id\":\"https:\\\/\\\/continuamosmx.com\\\/index.php\\\/2026\\\/09\\\/01\\\/caravanas-por-la-justicia-social-ofrecen-tramite-gratuito-para-regularizar-la-identidad-en-el-edomex\\\/#primaryimage\"},\"thumbnailUrl\":\"https:\\\/\\\/continuamosmx.com\\\/wp-content\\\/uploads\\\/2026\\\/09\\\/WhatsApp-Image-2026-09-01-at-10.59.07-AM-1.jpeg\",\"datePublished\":\"2026-09-01T18:04:56+00:00\",\"dateModified\":\"2026-09-01T18:04:57+00:00\",\"breadcrumb\":{\"@id\":\"https:\\\/\\\/continuamosmx.com\\\/index.php\\\/2026\\\/09\\\/01\\\/caravanas-por-la-justicia-social-ofrecen-tramite-gratuito-para-regularizar-la-identidad-en-el-edomex\\\/#breadcrumb\"},\"inLanguage\":\"es\",\"potentialAction\":[{\"@type\":\"ReadAction\",\"target\":[\"https:\\\/\\\/continuamosmx.com\\\/index.php\\\/2026\\\/09\\\/01\\\/caravanas-por-la-justicia-social-ofrecen-tramite-gratuito-para-regularizar-la-identidad-en-el-edomex\\\/\"]}]},{\"@type\":\"ImageObject\",\"inLanguage\":\"es\",\"@id\":\"https:\\\/\\\/continuamosmx.com\\\/index.php\\\/2026\\\/09\\\/01\\\/caravanas-por-la-justicia-social-ofrecen-tramite-gratuito-para-regularizar-la-identidad-en-el-edomex\\\/#primaryimage\",\"url\":\"https:\\\/\\\/continuamosmx.com\\\/wp-content\\\/uploads\\\/2026\\\/09\\\/WhatsApp-Image-2026-09-01-at-10.59.07-AM-1.jpeg\",\"contentUrl\":\"https:\\\/\\\/continuamosmx.com\\\/wp-content\\\/uploads\\\/2026\\\/09\\\/WhatsApp-Image-2026-09-01-at-10.59.07-AM-1.jpeg\",\"width\":1600,\"height\":1066},{\"@type\":\"BreadcrumbList\",\"@id\":\"https:\\\/\\\/continuamosmx.com\\\/index.php\\\/2026\\\/09\\\/01\\\/caravanas-por-la-justicia-social-ofrecen-tramite-gratuito-para-regularizar-la-identidad-en-el-edomex\\\/#breadcrumb\",\"itemListElement\":[{\"@type\":\"ListItem\",\"position\":1,\"name\":\"Inicio\",\"item\":\"https:\\\/\\\/continuamosmx.com\\\/\"},{\"@type\":\"ListItem\",\"position\":2,\"name\":\"CARAVANAS POR LA JUSTICIA SOCIAL OFRECEN TR\u00c1MITE GRATUITO PARA REGULARIZAR LA IDENTIDAD EN EL EDOM\u00c9X\"}]},{\"@type\":\"WebSite\",\"@id\":\"https:\\\/\\\/continuamosmx.com\\\/#website\",\"url\":\"https:\\\/\\\/continuamosmx.com\\\/\",\"name\":\"www.continuamosmx.com\",\"description\":\"\",\"publisher\":{\"@id\":\"https:\\\/\\\/continuamosmx.com\\\/#organization\"},\"potentialAction\":[{\"@type\":\"SearchAction\",\"target\":{\"@type\":\"EntryPoint\",\"urlTemplate\":\"https:\\\/\\\/continuamosmx.com\\\/?s={search_term_string}\"},\"query-input\":{\"@type\":\"PropertyValueSpecification\",\"valueRequired\":true,\"valueName\":\"search_term_string\"}}],\"inLanguage\":\"es\"},{\"@type\":\"Organization\",\"@id\":\"https:\\\/\\\/continuamosmx.com\\\/#organization\",\"name\":\"ContinuamosMX\",\"url\":\"https:\\\/\\\/continuamosmx.com\\\/\",\"logo\":{\"@type\":\"ImageObject\",\"inLanguage\":\"es\",\"@id\":\"https:\\\/\\\/continuamosmx.com\\\/#\\\/schema\\\/logo\\\/image\\\/\",\"url\":\"https:\\\/\\\/continuamosmx.com\\\/wp-content\\\/uploads\\\/2023\\\/04\\\/cropped-LOGO-CONTI-NUEVO.png\",\"contentUrl\":\"https:\\\/\\\/continuamosmx.com\\\/wp-content\\\/uploads\\\/2023\\\/04\\\/cropped-LOGO-CONTI-NUEVO.png\",\"width\":1257,\"height\":430,\"caption\":\"ContinuamosMX\"},\"image\":{\"@id\":\"https:\\\/\\\/continuamosmx.com\\\/#\\\/schema\\\/logo\\\/image\\\/\"}},{\"@type\":\"Person\",\"@id\":\"https:\\\/\\\/continuamosmx.com\\\/#\\\/schema\\\/person\\\/5eb5356acb1fad784da407d14f0e8d89\",\"name\":\"Continuamos MX\",\"image\":{\"@type\":\"ImageObject\",\"inLanguage\":\"es\",\"@id\":\"https:\\\/\\\/secure.gravatar.com\\\/avatar\\\/30d4f9723476a15f4da34d35fb3501f08d2357016c76051c6a85c354c7489589?s=96&d=mm&r=g\",\"url\":\"https:\\\/\\\/secure.gravatar.com\\\/avatar\\\/30d4f9723476a15f4da34d35fb3501f08d2357016c76051c6a85c354c7489589?s=96&d=mm&r=g\",\"contentUrl\":\"https:\\\/\\\/secure.gravatar.com\\\/avatar\\\/30d4f9723476a15f4da34d35fb3501f08d2357016c76051c6a85c354c7489589?s=96&d=mm&r=g\",\"caption\":\"Continuamos MX\"},\"sameAs\":[\"http:\\\/\\\/www.continuamos.mx\"],\"url\":\"https:\\\/\\\/continuamosmx.com\\\/index.php\\\/author\\\/continuamos\\\/\"}]}<\/script>\n<!-- \/ Yoast SEO plugin. -->","yoast_head_json":{"title":"CARAVANAS POR LA JUSTICIA SOCIAL OFRECEN TR\u00c1MITE GRATUITO PARA REGULARIZAR LA IDENTIDAD EN EL EDOM\u00c9X -","robots":{"index":"index","follow":"follow","max-snippet":"max-snippet:-1","max-image-preview":"max-image-preview:large","max-video-preview":"max-video-preview:-1"},"canonical":"https:\/\/continuamosmx.com\/index.php\/2026\/09\/01\/caravanas-por-la-justicia-social-ofrecen-tramite-gratuito-para-regularizar-la-identidad-en-el-edomex\/","og_locale":"es_ES","og_type":"article","og_title":"CARAVANAS POR LA JUSTICIA SOCIAL OFRECEN TR\u00c1MITE GRATUITO PARA REGULARIZAR LA IDENTIDAD EN EL EDOM\u00c9X -","og_description":"*A trav\u00e9s de un procedimiento judicial no contencioso, el Gobierno estatal y el Poder Judicial auxilian a quienes han utilizado distintos nombres o apellidos, garantizando certeza jur\u00eddica y acceso a derechos. TOLUCA, Estado de M\u00e9xico. \u2014 Para resolver problem\u00e1ticas legales derivadas de la discrepancia en documentos oficiales, el Gobierno de la Maestra Delfina G\u00f3mez \u00c1lvarez, [&hellip;]","og_url":"https:\/\/continuamosmx.com\/index.php\/2026\/09\/01\/caravanas-por-la-justicia-social-ofrecen-tramite-gratuito-para-regularizar-la-identidad-en-el-edomex\/","article_published_time":"2026-09-01T18:04:56+00:00","article_modified_time":"2026-09-01T18:04:57+00:00","og_image":[{"width":1600,"height":1066,"url":"https:\/\/continuamosmx.com\/wp-content\/uploads\/2026\/09\/WhatsApp-Image-2026-09-01-at-10.59.07-AM-1.jpeg","type":"image\/jpeg"}],"author":"Continuamos MX","twitter_card":"summary_large_image","twitter_misc":{"Escrito por":"Continuamos MX","Tiempo de lectura":"2 minutos"},"schema":{"@context":"https:\/\/schema.org","@graph":[{"@type":"Article","@id":"https:\/\/continuamosmx.com\/index.php\/2026\/09\/01\/caravanas-por-la-justicia-social-ofrecen-tramite-gratuito-para-regularizar-la-identidad-en-el-edomex\/#article","isPartOf":{"@id":"https:\/\/continuamosmx.com\/index.php\/2026\/09\/01\/caravanas-por-la-justicia-social-ofrecen-tramite-gratuito-para-regularizar-la-identidad-en-el-edomex\/"},"author":{"name":"Continuamos MX","@id":"https:\/\/continuamosmx.com\/#\/schema\/person\/5eb5356acb1fad784da407d14f0e8d89"},"headline":"CARAVANAS POR LA JUSTICIA SOCIAL OFRECEN TR\u00c1MITE GRATUITO PARA REGULARIZAR LA IDENTIDAD EN EL EDOM\u00c9X","datePublished":"2026-09-01T18:04:56+00:00","dateModified":"2026-09-01T18:04:57+00:00","mainEntityOfPage":{"@id":"https:\/\/continuamosmx.com\/index.php\/2026\/09\/01\/caravanas-por-la-justicia-social-ofrecen-tramite-gratuito-para-regularizar-la-identidad-en-el-edomex\/"},"wordCount":379,"publisher":{"@id":"https:\/\/continuamosmx.com\/#organization"},"image":{"@id":"https:\/\/continuamosmx.com\/index.php\/2026\/09\/01\/caravanas-por-la-justicia-social-ofrecen-tramite-gratuito-para-regularizar-la-identidad-en-el-edomex\/#primaryimage"},"thumbnailUrl":"https:\/\/continuamosmx.com\/wp-content\/uploads\/2026\/09\/WhatsApp-Image-2026-09-01-at-10.59.07-AM-1.jpeg","articleSection":["EDOMEX"],"inLanguage":"es"},{"@type":"WebPage","@id":"https:\/\/continuamosmx.com\/index.php\/2026\/09\/01\/caravanas-por-la-justicia-social-ofrecen-tramite-gratuito-para-regularizar-la-identidad-en-el-edomex\/","url":"https:\/\/continuamosmx.com\/index.php\/2026\/09\/01\/caravanas-por-la-justicia-social-ofrecen-tramite-gratuito-para-regularizar-la-identidad-en-el-edomex\/","name":"CARAVANAS POR LA JUSTICIA SOCIAL OFRECEN TR\u00c1MITE GRATUITO PARA REGULARIZAR LA IDENTIDAD EN EL EDOM\u00c9X -","isPartOf":{"@id":"https:\/\/continuamosmx.com\/#website"},"primaryImageOfPage":{"@id":"https:\/\/continuamosmx.com\/index.php\/2026\/09\/01\/caravanas-por-la-justicia-social-ofrecen-tramite-gratuito-para-regularizar-la-identidad-en-el-edomex\/#primaryimage"},"image":{"@id":"https:\/\/continuamosmx.com\/index.php\/2026\/09\/01\/caravanas-por-la-justicia-social-ofrecen-tramite-gratuito-para-regularizar-la-identidad-en-el-edomex\/#primaryimage"},"thumbnailUrl":"https:\/\/continuamosmx.com\/wp-content\/uploads\/2026\/09\/WhatsApp-Image-2026-09-01-at-10.59.07-AM-1.jpeg","datePublished":"2026-09-01T18:04:56+00:00","dateModified":"2026-09-01T18:04:57+00:00","breadcrumb":{"@id":"https:\/\/continuamosmx.com\/index.php\/2026\/09\/01\/caravanas-por-la-justicia-social-ofrecen-tramite-gratuito-para-regularizar-la-identidad-en-el-edomex\/#breadcrumb"},"inLanguage":"es","potentialAction":[{"@type":"ReadAction","target":["https:\/\/continuamosmx.com\/index.php\/2026\/09\/01\/caravanas-por-la-justicia-social-ofrecen-tramite-gratuito-para-regularizar-la-identidad-en-el-edomex\/"]}]},{"@type":"ImageObject","inLanguage":"es","@id":"https:\/\/continuamosmx.com\/index.php\/2026\/09\/01\/caravanas-por-la-justicia-social-ofrecen-tramite-gratuito-para-regularizar-la-identidad-en-el-edomex\/#primaryimage","url":"https:\/\/continuamosmx.com\/wp-content\/uploads\/2026\/09\/WhatsApp-Image-2026-09-01-at-10.59.07-AM-1.jpeg","contentUrl":"https:\/\/continuamosmx.com\/wp-content\/uploads\/2026\/09\/WhatsApp-Image-2026-09-01-at-10.59.07-AM-1.jpeg","width":1600,"height":1066},{"@type":"BreadcrumbList","@id":"https:\/\/continuamosmx.com\/index.php\/2026\/09\/01\/caravanas-por-la-justicia-social-ofrecen-tramite-gratuito-para-regularizar-la-identidad-en-el-edomex\/#breadcrumb","itemListElement":[{"@type":"ListItem","position":1,"name":"Inicio","item":"https:\/\/continuamosmx.com\/"},{"@type":"ListItem","position":2,"name":"CARAVANAS POR LA JUSTICIA SOCIAL OFRECEN TR\u00c1MITE GRATUITO PARA REGULARIZAR LA IDENTIDAD EN EL EDOM\u00c9X"}]},{"@type":"WebSite","@id":"https:\/\/continuamosmx.com\/#website","url":"https:\/\/continuamosmx.com\/","name":"www.continuamosmx.com","description":"","publisher":{"@id":"https:\/\/continuamosmx.com\/#organization"},"potentialAction":[{"@type":"SearchAction","target":{"@type":"EntryPoint","urlTemplate":"https:\/\/continuamosmx.com\/?s={search_term_string}"},"query-input":{"@type":"PropertyValueSpecification","valueRequired":true,"valueName":"search_term_string"}}],"inLanguage":"es"},{"@type":"Organization","@id":"https:\/\/continuamosmx.com\/#organization","name":"ContinuamosMX","url":"https:\/\/continuamosmx.com\/","logo":{"@type":"ImageObject","inLanguage":"es","@id":"https:\/\/continuamosmx.com\/#\/schema\/logo\/image\/","url":"https:\/\/continuamosmx.com\/wp-content\/uploads\/2023\/04\/cropped-LOGO-CONTI-NUEVO.png","contentUrl":"https:\/\/continuamosmx.com\/wp-content\/uploads\/2023\/04\/cropped-LOGO-CONTI-NUEVO.png","width":1257,"height":430,"caption":"ContinuamosMX"},"image":{"@id":"https:\/\/continuamosmx.com\/#\/schema\/logo\/image\/"}},{"@type":"Person","@id":"https:\/\/continuamosmx.com\/#\/schema\/person\/5eb5356acb1fad784da407d14f0e8d89","name":"Continuamos MX","image":{"@type":"ImageObject","inLanguage":"es","@id":"https:\/\/secure.gravatar.com\/avatar\/30d4f9723476a15f4da34d35fb3501f08d2357016c76051c6a85c354c7489589?s=96&d=mm&r=g","url":"https:\/\/secure.gravatar.com\/avatar\/30d4f9723476a15f4da34d35fb3501f08d2357016c76051c6a85c354c7489589?s=96&d=mm&r=g","contentUrl":"https:\/\/secure.gravatar.com\/avatar\/30d4f9723476a15f4da34d35fb3501f08d2357016c76051c6a85c354c7489589?s=96&d=mm&r=g","caption":"Continuamos MX"},"sameAs":["http:\/\/www.continuamos.mx"],"url":"https:\/\/continuamosmx.com\/index.php\/author\/continuamos\/"}]}},"_links":{"self":[{"href":"https:\/\/continuamosmx.com\/index.php\/wp-json\/wp\/v2\/posts\/58192","targetHints":{"allow":["GET"]}}],"collection":[{"href":"https:\/\/continuamosmx.com\/index.php\/wp-json\/wp\/v2\/posts"}],"about":[{"href":"https:\/\/continuamosmx.com\/index.php\/wp-json\/wp\/v2\/types\/post"}],"author":[{"embeddable":true,"href":"https:\/\/continuamosmx.com\/index.php\/wp-json\/wp\/v2\/users\/6"}],"replies":[{"embeddable":true,"href":"https:\/\/continuamosmx.com\/index.php\/wp-json\/wp\/v2\/comments?post=58192"}],"version-history":[{"count":1,"href":"https:\/\/continuamosmx.com\/index.php\/wp-json\/wp\/v2\/posts\/58192\/revisions"}],"predecessor-version":[{"id":58194,"href":"https:\/\/continuamosmx.com\/index.php\/wp-json\/wp\/v2\/posts\/58192\/revisions\/58194"}],"wp:featuredmedia":[{"embeddable":true,"href":"https:\/\/continuamosmx.com\/index.php\/wp-json\/wp\/v2\/media\/58193"}],"wp:attachment":[{"href":"https:\/\/continuamosmx.com\/index.php\/wp-json\/wp\/v2\/media?parent=58192"}],"wp:term":[{"taxonomy":"category","embeddable":true,"href":"https:\/\/continuamosmx.com\/index.php\/wp-json\/wp\/v2\/categories?post=58192"},{"taxonomy":"post_tag","embeddable":true,"href":"https:\/\/continuamosmx.com\/index.php\/wp-json\/wp\/v2\/tags?post=58192"}],"curies":[{"name":"wp","href":"https:\/\/api.w.org\/{rel}","templated":true}]}}