{"id":58189,"date":"2026-09-01T12:01:49","date_gmt":"2026-09-01T18:01:49","guid":{"rendered":"https:\/\/continuamosmx.com\/?p=58189"},"modified":"2026-09-01T12:01:50","modified_gmt":"2026-09-01T18:01:50","slug":"gobierno-del-edomex-anuncia-a-ganadores-del-premio-estatal-de-contraloria-social-2026","status":"publish","type":"post","link":"https:\/\/continuamosmx.com\/index.php\/2026\/09\/01\/gobierno-del-edomex-anuncia-a-ganadores-del-premio-estatal-de-contraloria-social-2026\/","title":{"rendered":"GOBIERNO DEL EDOM\u00c9X ANUNCIA A GANADORES DEL PREMIO ESTATAL DE CONTRALOR\u00cdA SOCIAL 2026"},"content":{"rendered":"\n<h3 class=\"wp-block-heading\">*<strong>A trav\u00e9s de la Secretar\u00eda de la Contralor\u00eda, se premiaron iniciativas ciudadanas enfocadas en la transparencia y supervisi\u00f3n de recursos; los proyectos ganadores representar\u00e1n a la entidad a nivel nacional.<\/strong><\/h3>\n\n\n\n<p class=\"wp-block-paragraph\"><strong>TOLUCA, Estado de M\u00e9xico.<\/strong> \u2014 Para fomentar la participaci\u00f3n ciudadana en la supervisi\u00f3n de obras, programas y acciones gubernamentales, el Gobierno del Estado de M\u00e9xico, mediante la Secretar\u00eda de la Contralor\u00eda, dio a conocer los resultados del <strong>XVIII Premio Estatal de Contralor\u00eda Social 2026<\/strong>.<\/p>\n\n\n\n<p class=\"wp-block-paragraph\">La administraci\u00f3n encabezada por la Gobernadora Delfina G\u00f3mez \u00c1lvarez destac\u00f3 que esta iniciativa consolida un gobierno transparente, honesto y cercano a la gente, donde la vigilancia de los recursos p\u00fablicos se realiza de la mano con la sociedad.<\/p>\n\n\n\n<p class=\"wp-block-paragraph\">Un jurado evaluador conformado por representantes del sector p\u00fablico, social y acad\u00e9mico analiz\u00f3 un total de <strong>42 proyectos<\/strong>, calificando aspectos como impacto social, innovaci\u00f3n y aportaci\u00f3n a la rendici\u00f3n de cuentas. Los trabajos galardonados en sus respectivas modalidades son:<\/p>\n\n\n\n<h3 class=\"wp-block-heading\">Categor\u00eda 1: Acciones de los Comit\u00e9s<\/h3>\n\n\n\n<ul class=\"wp-block-list\">\n<li><strong>Primer lugar:<\/strong> Construcci\u00f3n de andadores urbanos y gimnasio al aire libre en la Plaza C\u00edvica de Santa Ana Jilotzingo, Otzolotepec.<\/li>\n\n\n\n<li><strong>Segundo lugar:<\/strong> Construcci\u00f3n de techado en \u00e1rea de educaci\u00f3n f\u00edsica en el CBT Donato Alarc\u00f3n Segovia, Tepexpan, Acolman.<\/li>\n\n\n\n<li><strong>Tercer lugar:<\/strong> Construcci\u00f3n de pavimentaci\u00f3n con concreto hidr\u00e1ulico en la localidad Dexcani Bajo, Jilotepec.<\/li>\n<\/ul>\n\n\n\n<h3 class=\"wp-block-heading\">Categor\u00eda 2: Acciones de Vigilancia Ciudadana en la Gesti\u00f3n P\u00fablica<\/h3>\n\n\n\n<ul class=\"wp-block-list\">\n<li><strong>Primer lugar:<\/strong> APP Reporte Ciudadano, Plataforma Digital para Fortalecer la Vigilancia Ciudadana en la Gesti\u00f3n P\u00fablica, Metepec.<\/li>\n\n\n\n<li><strong>Segundo lugar:<\/strong> El arrendamiento de inmuebles por entes p\u00fablicos, una asignatura pendiente de la Contralor\u00eda Social: Propuesta de un Sistema Mexiquense de Consulta de Arrendamiento, Toluca.<\/li>\n\n\n\n<li><strong>Tercer lugar:<\/strong> Chat Contralor, Toluca.<\/li>\n<\/ul>\n\n\n\n<p class=\"wp-block-paragraph\">Los galardonados recibir\u00e1n est\u00edmulos econ\u00f3micos de <strong>15 mil pesos<\/strong> (primer lugar), <strong>10 mil pesos<\/strong> (segundo lugar) y <strong>5 mil pesos<\/strong> (tercer lugar), adem\u00e1s de un reconocimiento oficial. La ceremonia de premiaci\u00f3n se celebrar\u00e1 durante este mes de septiembre. Asimismo, los proyectos que obtuvieron el primer sitio representar\u00e1n al Estado de M\u00e9xico en el <strong>Certamen Nacional de Contralor\u00eda Social 2026<\/strong>.<\/p>\n\n\n\n<p class=\"wp-block-paragraph\">Para consultar la lista completa y los detalles de la convocatoria, la ciudadan\u00eda puede ingresar al portal oficial de la Secretar\u00eda de la Contralor\u00eda en <a target=\"_blank\" rel=\"noopener\" href=\"https:\/\/portal.secogem.gob.mx\">portal.secogem.gob.mx<\/a>.<\/p>\n","protected":false},"excerpt":{"rendered":"<p>*A trav\u00e9s de la Secretar\u00eda de la Contralor\u00eda, se premiaron iniciativas ciudadanas enfocadas en la transparencia y supervisi\u00f3n de recursos; los proyectos ganadores representar\u00e1n a la entidad a nivel nacional. TOLUCA, Estado de M\u00e9xico. \u2014 Para fomentar la participaci\u00f3n ciudadana en la supervisi\u00f3n de obras, programas y acciones gubernamentales, el Gobierno del Estado de M\u00e9xico, [&hellip;]<\/p>\n","protected":false},"author":6,"featured_media":58190,"comment_status":"closed","ping_status":"closed","sticky":false,"template":"","format":"standard","meta":{"footnotes":""},"categories":[4],"tags":[],"class_list":["post-58189","post","type-post","status-publish","format-standard","has-post-thumbnail","hentry","category-locales"],"yoast_head":"<!-- This site is optimized with the Yoast SEO plugin v28.3 - https:\/\/yoast.com\/product\/yoast-seo-wordpress\/ -->\n<title>GOBIERNO DEL EDOM\u00c9X ANUNCIA A GANADORES DEL PREMIO ESTATAL DE CONTRALOR\u00cdA SOCIAL 2026 -<\/title>\n<meta name=\"robots\" content=\"index, follow, max-snippet:-1, max-image-preview:large, max-video-preview:-1\" \/>\n<link rel=\"canonical\" href=\"https:\/\/continuamosmx.com\/index.php\/2026\/09\/01\/gobierno-del-edomex-anuncia-a-ganadores-del-premio-estatal-de-contraloria-social-2026\/\" \/>\n<meta property=\"og:locale\" content=\"es_ES\" \/>\n<meta property=\"og:type\" content=\"article\" \/>\n<meta property=\"og:title\" content=\"GOBIERNO DEL EDOM\u00c9X ANUNCIA A GANADORES DEL PREMIO ESTATAL DE CONTRALOR\u00cdA SOCIAL 2026 -\" \/>\n<meta property=\"og:description\" content=\"*A trav\u00e9s de la Secretar\u00eda de la Contralor\u00eda, se premiaron iniciativas ciudadanas enfocadas en la transparencia y supervisi\u00f3n de recursos; los proyectos ganadores representar\u00e1n a la entidad a nivel nacional. TOLUCA, Estado de M\u00e9xico. \u2014 Para fomentar la participaci\u00f3n ciudadana en la supervisi\u00f3n de obras, programas y acciones gubernamentales, el Gobierno del Estado de M\u00e9xico, [&hellip;]\" \/>\n<meta property=\"og:url\" content=\"https:\/\/continuamosmx.com\/index.php\/2026\/09\/01\/gobierno-del-edomex-anuncia-a-ganadores-del-premio-estatal-de-contraloria-social-2026\/\" \/>\n<meta property=\"article:published_time\" content=\"2026-09-01T18:01:49+00:00\" \/>\n<meta property=\"article:modified_time\" content=\"2026-09-01T18:01:50+00:00\" \/>\n<meta property=\"og:image\" content=\"https:\/\/continuamosmx.com\/wp-content\/uploads\/2026\/09\/WhatsApp-Image-2026-09-01-at-10.59.07-AM.jpeg\" \/>\n\t<meta property=\"og:image:width\" content=\"1600\" \/>\n\t<meta property=\"og:image:height\" content=\"720\" \/>\n\t<meta property=\"og:image:type\" content=\"image\/jpeg\" \/>\n<meta name=\"author\" content=\"Continuamos MX\" \/>\n<meta name=\"twitter:card\" content=\"summary_large_image\" \/>\n<meta name=\"twitter:label1\" content=\"Escrito por\" \/>\n\t<meta name=\"twitter:data1\" content=\"Continuamos MX\" \/>\n\t<meta name=\"twitter:label2\" content=\"Tiempo de lectura\" \/>\n\t<meta name=\"twitter:data2\" content=\"2 minutos\" \/>\n<script type=\"application\/ld+json\" class=\"yoast-schema-graph\">{\"@context\":\"https:\\\/\\\/schema.org\",\"@graph\":[{\"@type\":\"Article\",\"@id\":\"https:\\\/\\\/continuamosmx.com\\\/index.php\\\/2026\\\/09\\\/01\\\/gobierno-del-edomex-anuncia-a-ganadores-del-premio-estatal-de-contraloria-social-2026\\\/#article\",\"isPartOf\":{\"@id\":\"https:\\\/\\\/continuamosmx.com\\\/index.php\\\/2026\\\/09\\\/01\\\/gobierno-del-edomex-anuncia-a-ganadores-del-premio-estatal-de-contraloria-social-2026\\\/\"},\"author\":{\"name\":\"Continuamos MX\",\"@id\":\"https:\\\/\\\/continuamosmx.com\\\/#\\\/schema\\\/person\\\/5eb5356acb1fad784da407d14f0e8d89\"},\"headline\":\"GOBIERNO DEL EDOM\u00c9X ANUNCIA A GANADORES DEL PREMIO ESTATAL DE CONTRALOR\u00cdA SOCIAL 2026\",\"datePublished\":\"2026-09-01T18:01:49+00:00\",\"dateModified\":\"2026-09-01T18:01:50+00:00\",\"mainEntityOfPage\":{\"@id\":\"https:\\\/\\\/continuamosmx.com\\\/index.php\\\/2026\\\/09\\\/01\\\/gobierno-del-edomex-anuncia-a-ganadores-del-premio-estatal-de-contraloria-social-2026\\\/\"},\"wordCount\":409,\"publisher\":{\"@id\":\"https:\\\/\\\/continuamosmx.com\\\/#organization\"},\"image\":{\"@id\":\"https:\\\/\\\/continuamosmx.com\\\/index.php\\\/2026\\\/09\\\/01\\\/gobierno-del-edomex-anuncia-a-ganadores-del-premio-estatal-de-contraloria-social-2026\\\/#primaryimage\"},\"thumbnailUrl\":\"https:\\\/\\\/continuamosmx.com\\\/wp-content\\\/uploads\\\/2026\\\/09\\\/WhatsApp-Image-2026-09-01-at-10.59.07-AM.jpeg\",\"articleSection\":[\"LOCALES\"],\"inLanguage\":\"es\"},{\"@type\":\"WebPage\",\"@id\":\"https:\\\/\\\/continuamosmx.com\\\/index.php\\\/2026\\\/09\\\/01\\\/gobierno-del-edomex-anuncia-a-ganadores-del-premio-estatal-de-contraloria-social-2026\\\/\",\"url\":\"https:\\\/\\\/continuamosmx.com\\\/index.php\\\/2026\\\/09\\\/01\\\/gobierno-del-edomex-anuncia-a-ganadores-del-premio-estatal-de-contraloria-social-2026\\\/\",\"name\":\"GOBIERNO DEL EDOM\u00c9X ANUNCIA A GANADORES DEL PREMIO ESTATAL DE CONTRALOR\u00cdA SOCIAL 2026 -\",\"isPartOf\":{\"@id\":\"https:\\\/\\\/continuamosmx.com\\\/#website\"},\"primaryImageOfPage\":{\"@id\":\"https:\\\/\\\/continuamosmx.com\\\/index.php\\\/2026\\\/09\\\/01\\\/gobierno-del-edomex-anuncia-a-ganadores-del-premio-estatal-de-contraloria-social-2026\\\/#primaryimage\"},\"image\":{\"@id\":\"https:\\\/\\\/continuamosmx.com\\\/index.php\\\/2026\\\/09\\\/01\\\/gobierno-del-edomex-anuncia-a-ganadores-del-premio-estatal-de-contraloria-social-2026\\\/#primaryimage\"},\"thumbnailUrl\":\"https:\\\/\\\/continuamosmx.com\\\/wp-content\\\/uploads\\\/2026\\\/09\\\/WhatsApp-Image-2026-09-01-at-10.59.07-AM.jpeg\",\"datePublished\":\"2026-09-01T18:01:49+00:00\",\"dateModified\":\"2026-09-01T18:01:50+00:00\",\"breadcrumb\":{\"@id\":\"https:\\\/\\\/continuamosmx.com\\\/index.php\\\/2026\\\/09\\\/01\\\/gobierno-del-edomex-anuncia-a-ganadores-del-premio-estatal-de-contraloria-social-2026\\\/#breadcrumb\"},\"inLanguage\":\"es\",\"potentialAction\":[{\"@type\":\"ReadAction\",\"target\":[\"https:\\\/\\\/continuamosmx.com\\\/index.php\\\/2026\\\/09\\\/01\\\/gobierno-del-edomex-anuncia-a-ganadores-del-premio-estatal-de-contraloria-social-2026\\\/\"]}]},{\"@type\":\"ImageObject\",\"inLanguage\":\"es\",\"@id\":\"https:\\\/\\\/continuamosmx.com\\\/index.php\\\/2026\\\/09\\\/01\\\/gobierno-del-edomex-anuncia-a-ganadores-del-premio-estatal-de-contraloria-social-2026\\\/#primaryimage\",\"url\":\"https:\\\/\\\/continuamosmx.com\\\/wp-content\\\/uploads\\\/2026\\\/09\\\/WhatsApp-Image-2026-09-01-at-10.59.07-AM.jpeg\",\"contentUrl\":\"https:\\\/\\\/continuamosmx.com\\\/wp-content\\\/uploads\\\/2026\\\/09\\\/WhatsApp-Image-2026-09-01-at-10.59.07-AM.jpeg\",\"width\":1600,\"height\":720},{\"@type\":\"BreadcrumbList\",\"@id\":\"https:\\\/\\\/continuamosmx.com\\\/index.php\\\/2026\\\/09\\\/01\\\/gobierno-del-edomex-anuncia-a-ganadores-del-premio-estatal-de-contraloria-social-2026\\\/#breadcrumb\",\"itemListElement\":[{\"@type\":\"ListItem\",\"position\":1,\"name\":\"Inicio\",\"item\":\"https:\\\/\\\/continuamosmx.com\\\/\"},{\"@type\":\"ListItem\",\"position\":2,\"name\":\"GOBIERNO DEL EDOM\u00c9X ANUNCIA A GANADORES DEL PREMIO ESTATAL DE CONTRALOR\u00cdA SOCIAL 2026\"}]},{\"@type\":\"WebSite\",\"@id\":\"https:\\\/\\\/continuamosmx.com\\\/#website\",\"url\":\"https:\\\/\\\/continuamosmx.com\\\/\",\"name\":\"www.continuamosmx.com\",\"description\":\"\",\"publisher\":{\"@id\":\"https:\\\/\\\/continuamosmx.com\\\/#organization\"},\"potentialAction\":[{\"@type\":\"SearchAction\",\"target\":{\"@type\":\"EntryPoint\",\"urlTemplate\":\"https:\\\/\\\/continuamosmx.com\\\/?s={search_term_string}\"},\"query-input\":{\"@type\":\"PropertyValueSpecification\",\"valueRequired\":true,\"valueName\":\"search_term_string\"}}],\"inLanguage\":\"es\"},{\"@type\":\"Organization\",\"@id\":\"https:\\\/\\\/continuamosmx.com\\\/#organization\",\"name\":\"ContinuamosMX\",\"url\":\"https:\\\/\\\/continuamosmx.com\\\/\",\"logo\":{\"@type\":\"ImageObject\",\"inLanguage\":\"es\",\"@id\":\"https:\\\/\\\/continuamosmx.com\\\/#\\\/schema\\\/logo\\\/image\\\/\",\"url\":\"https:\\\/\\\/continuamosmx.com\\\/wp-content\\\/uploads\\\/2023\\\/04\\\/cropped-LOGO-CONTI-NUEVO.png\",\"contentUrl\":\"https:\\\/\\\/continuamosmx.com\\\/wp-content\\\/uploads\\\/2023\\\/04\\\/cropped-LOGO-CONTI-NUEVO.png\",\"width\":1257,\"height\":430,\"caption\":\"ContinuamosMX\"},\"image\":{\"@id\":\"https:\\\/\\\/continuamosmx.com\\\/#\\\/schema\\\/logo\\\/image\\\/\"}},{\"@type\":\"Person\",\"@id\":\"https:\\\/\\\/continuamosmx.com\\\/#\\\/schema\\\/person\\\/5eb5356acb1fad784da407d14f0e8d89\",\"name\":\"Continuamos MX\",\"image\":{\"@type\":\"ImageObject\",\"inLanguage\":\"es\",\"@id\":\"https:\\\/\\\/secure.gravatar.com\\\/avatar\\\/30d4f9723476a15f4da34d35fb3501f08d2357016c76051c6a85c354c7489589?s=96&d=mm&r=g\",\"url\":\"https:\\\/\\\/secure.gravatar.com\\\/avatar\\\/30d4f9723476a15f4da34d35fb3501f08d2357016c76051c6a85c354c7489589?s=96&d=mm&r=g\",\"contentUrl\":\"https:\\\/\\\/secure.gravatar.com\\\/avatar\\\/30d4f9723476a15f4da34d35fb3501f08d2357016c76051c6a85c354c7489589?s=96&d=mm&r=g\",\"caption\":\"Continuamos MX\"},\"sameAs\":[\"http:\\\/\\\/www.continuamos.mx\"],\"url\":\"https:\\\/\\\/continuamosmx.com\\\/index.php\\\/author\\\/continuamos\\\/\"}]}<\/script>\n<!-- \/ Yoast SEO plugin. -->","yoast_head_json":{"title":"GOBIERNO DEL EDOM\u00c9X ANUNCIA A GANADORES DEL PREMIO ESTATAL DE CONTRALOR\u00cdA SOCIAL 2026 -","robots":{"index":"index","follow":"follow","max-snippet":"max-snippet:-1","max-image-preview":"max-image-preview:large","max-video-preview":"max-video-preview:-1"},"canonical":"https:\/\/continuamosmx.com\/index.php\/2026\/09\/01\/gobierno-del-edomex-anuncia-a-ganadores-del-premio-estatal-de-contraloria-social-2026\/","og_locale":"es_ES","og_type":"article","og_title":"GOBIERNO DEL EDOM\u00c9X ANUNCIA A GANADORES DEL PREMIO ESTATAL DE CONTRALOR\u00cdA SOCIAL 2026 -","og_description":"*A trav\u00e9s de la Secretar\u00eda de la Contralor\u00eda, se premiaron iniciativas ciudadanas enfocadas en la transparencia y supervisi\u00f3n de recursos; los proyectos ganadores representar\u00e1n a la entidad a nivel nacional. TOLUCA, Estado de M\u00e9xico. \u2014 Para fomentar la participaci\u00f3n ciudadana en la supervisi\u00f3n de obras, programas y acciones gubernamentales, el Gobierno del Estado de M\u00e9xico, [&hellip;]","og_url":"https:\/\/continuamosmx.com\/index.php\/2026\/09\/01\/gobierno-del-edomex-anuncia-a-ganadores-del-premio-estatal-de-contraloria-social-2026\/","article_published_time":"2026-09-01T18:01:49+00:00","article_modified_time":"2026-09-01T18:01:50+00:00","og_image":[{"width":1600,"height":720,"url":"https:\/\/continuamosmx.com\/wp-content\/uploads\/2026\/09\/WhatsApp-Image-2026-09-01-at-10.59.07-AM.jpeg","type":"image\/jpeg"}],"author":"Continuamos MX","twitter_card":"summary_large_image","twitter_misc":{"Escrito por":"Continuamos MX","Tiempo de lectura":"2 minutos"},"schema":{"@context":"https:\/\/schema.org","@graph":[{"@type":"Article","@id":"https:\/\/continuamosmx.com\/index.php\/2026\/09\/01\/gobierno-del-edomex-anuncia-a-ganadores-del-premio-estatal-de-contraloria-social-2026\/#article","isPartOf":{"@id":"https:\/\/continuamosmx.com\/index.php\/2026\/09\/01\/gobierno-del-edomex-anuncia-a-ganadores-del-premio-estatal-de-contraloria-social-2026\/"},"author":{"name":"Continuamos MX","@id":"https:\/\/continuamosmx.com\/#\/schema\/person\/5eb5356acb1fad784da407d14f0e8d89"},"headline":"GOBIERNO DEL EDOM\u00c9X ANUNCIA A GANADORES DEL PREMIO ESTATAL DE CONTRALOR\u00cdA SOCIAL 2026","datePublished":"2026-09-01T18:01:49+00:00","dateModified":"2026-09-01T18:01:50+00:00","mainEntityOfPage":{"@id":"https:\/\/continuamosmx.com\/index.php\/2026\/09\/01\/gobierno-del-edomex-anuncia-a-ganadores-del-premio-estatal-de-contraloria-social-2026\/"},"wordCount":409,"publisher":{"@id":"https:\/\/continuamosmx.com\/#organization"},"image":{"@id":"https:\/\/continuamosmx.com\/index.php\/2026\/09\/01\/gobierno-del-edomex-anuncia-a-ganadores-del-premio-estatal-de-contraloria-social-2026\/#primaryimage"},"thumbnailUrl":"https:\/\/continuamosmx.com\/wp-content\/uploads\/2026\/09\/WhatsApp-Image-2026-09-01-at-10.59.07-AM.jpeg","articleSection":["LOCALES"],"inLanguage":"es"},{"@type":"WebPage","@id":"https:\/\/continuamosmx.com\/index.php\/2026\/09\/01\/gobierno-del-edomex-anuncia-a-ganadores-del-premio-estatal-de-contraloria-social-2026\/","url":"https:\/\/continuamosmx.com\/index.php\/2026\/09\/01\/gobierno-del-edomex-anuncia-a-ganadores-del-premio-estatal-de-contraloria-social-2026\/","name":"GOBIERNO DEL EDOM\u00c9X ANUNCIA A GANADORES DEL PREMIO ESTATAL DE CONTRALOR\u00cdA SOCIAL 2026 -","isPartOf":{"@id":"https:\/\/continuamosmx.com\/#website"},"primaryImageOfPage":{"@id":"https:\/\/continuamosmx.com\/index.php\/2026\/09\/01\/gobierno-del-edomex-anuncia-a-ganadores-del-premio-estatal-de-contraloria-social-2026\/#primaryimage"},"image":{"@id":"https:\/\/continuamosmx.com\/index.php\/2026\/09\/01\/gobierno-del-edomex-anuncia-a-ganadores-del-premio-estatal-de-contraloria-social-2026\/#primaryimage"},"thumbnailUrl":"https:\/\/continuamosmx.com\/wp-content\/uploads\/2026\/09\/WhatsApp-Image-2026-09-01-at-10.59.07-AM.jpeg","datePublished":"2026-09-01T18:01:49+00:00","dateModified":"2026-09-01T18:01:50+00:00","breadcrumb":{"@id":"https:\/\/continuamosmx.com\/index.php\/2026\/09\/01\/gobierno-del-edomex-anuncia-a-ganadores-del-premio-estatal-de-contraloria-social-2026\/#breadcrumb"},"inLanguage":"es","potentialAction":[{"@type":"ReadAction","target":["https:\/\/continuamosmx.com\/index.php\/2026\/09\/01\/gobierno-del-edomex-anuncia-a-ganadores-del-premio-estatal-de-contraloria-social-2026\/"]}]},{"@type":"ImageObject","inLanguage":"es","@id":"https:\/\/continuamosmx.com\/index.php\/2026\/09\/01\/gobierno-del-edomex-anuncia-a-ganadores-del-premio-estatal-de-contraloria-social-2026\/#primaryimage","url":"https:\/\/continuamosmx.com\/wp-content\/uploads\/2026\/09\/WhatsApp-Image-2026-09-01-at-10.59.07-AM.jpeg","contentUrl":"https:\/\/continuamosmx.com\/wp-content\/uploads\/2026\/09\/WhatsApp-Image-2026-09-01-at-10.59.07-AM.jpeg","width":1600,"height":720},{"@type":"BreadcrumbList","@id":"https:\/\/continuamosmx.com\/index.php\/2026\/09\/01\/gobierno-del-edomex-anuncia-a-ganadores-del-premio-estatal-de-contraloria-social-2026\/#breadcrumb","itemListElement":[{"@type":"ListItem","position":1,"name":"Inicio","item":"https:\/\/continuamosmx.com\/"},{"@type":"ListItem","position":2,"name":"GOBIERNO DEL EDOM\u00c9X ANUNCIA A GANADORES DEL PREMIO ESTATAL DE CONTRALOR\u00cdA SOCIAL 2026"}]},{"@type":"WebSite","@id":"https:\/\/continuamosmx.com\/#website","url":"https:\/\/continuamosmx.com\/","name":"www.continuamosmx.com","description":"","publisher":{"@id":"https:\/\/continuamosmx.com\/#organization"},"potentialAction":[{"@type":"SearchAction","target":{"@type":"EntryPoint","urlTemplate":"https:\/\/continuamosmx.com\/?s={search_term_string}"},"query-input":{"@type":"PropertyValueSpecification","valueRequired":true,"valueName":"search_term_string"}}],"inLanguage":"es"},{"@type":"Organization","@id":"https:\/\/continuamosmx.com\/#organization","name":"ContinuamosMX","url":"https:\/\/continuamosmx.com\/","logo":{"@type":"ImageObject","inLanguage":"es","@id":"https:\/\/continuamosmx.com\/#\/schema\/logo\/image\/","url":"https:\/\/continuamosmx.com\/wp-content\/uploads\/2023\/04\/cropped-LOGO-CONTI-NUEVO.png","contentUrl":"https:\/\/continuamosmx.com\/wp-content\/uploads\/2023\/04\/cropped-LOGO-CONTI-NUEVO.png","width":1257,"height":430,"caption":"ContinuamosMX"},"image":{"@id":"https:\/\/continuamosmx.com\/#\/schema\/logo\/image\/"}},{"@type":"Person","@id":"https:\/\/continuamosmx.com\/#\/schema\/person\/5eb5356acb1fad784da407d14f0e8d89","name":"Continuamos MX","image":{"@type":"ImageObject","inLanguage":"es","@id":"https:\/\/secure.gravatar.com\/avatar\/30d4f9723476a15f4da34d35fb3501f08d2357016c76051c6a85c354c7489589?s=96&d=mm&r=g","url":"https:\/\/secure.gravatar.com\/avatar\/30d4f9723476a15f4da34d35fb3501f08d2357016c76051c6a85c354c7489589?s=96&d=mm&r=g","contentUrl":"https:\/\/secure.gravatar.com\/avatar\/30d4f9723476a15f4da34d35fb3501f08d2357016c76051c6a85c354c7489589?s=96&d=mm&r=g","caption":"Continuamos MX"},"sameAs":["http:\/\/www.continuamos.mx"],"url":"https:\/\/continuamosmx.com\/index.php\/author\/continuamos\/"}]}},"_links":{"self":[{"href":"https:\/\/continuamosmx.com\/index.php\/wp-json\/wp\/v2\/posts\/58189","targetHints":{"allow":["GET"]}}],"collection":[{"href":"https:\/\/continuamosmx.com\/index.php\/wp-json\/wp\/v2\/posts"}],"about":[{"href":"https:\/\/continuamosmx.com\/index.php\/wp-json\/wp\/v2\/types\/post"}],"author":[{"embeddable":true,"href":"https:\/\/continuamosmx.com\/index.php\/wp-json\/wp\/v2\/users\/6"}],"replies":[{"embeddable":true,"href":"https:\/\/continuamosmx.com\/index.php\/wp-json\/wp\/v2\/comments?post=58189"}],"version-history":[{"count":1,"href":"https:\/\/continuamosmx.com\/index.php\/wp-json\/wp\/v2\/posts\/58189\/revisions"}],"predecessor-version":[{"id":58191,"href":"https:\/\/continuamosmx.com\/index.php\/wp-json\/wp\/v2\/posts\/58189\/revisions\/58191"}],"wp:featuredmedia":[{"embeddable":true,"href":"https:\/\/continuamosmx.com\/index.php\/wp-json\/wp\/v2\/media\/58190"}],"wp:attachment":[{"href":"https:\/\/continuamosmx.com\/index.php\/wp-json\/wp\/v2\/media?parent=58189"}],"wp:term":[{"taxonomy":"category","embeddable":true,"href":"https:\/\/continuamosmx.com\/index.php\/wp-json\/wp\/v2\/categories?post=58189"},{"taxonomy":"post_tag","embeddable":true,"href":"https:\/\/continuamosmx.com\/index.php\/wp-json\/wp\/v2\/tags?post=58189"}],"curies":[{"name":"wp","href":"https:\/\/api.w.org\/{rel}","templated":true}]}}