{"id":58186,"date":"2026-09-01T11:59:28","date_gmt":"2026-09-01T17:59:28","guid":{"rendered":"https:\/\/continuamosmx.com\/?p=58186"},"modified":"2026-09-01T11:59:28","modified_gmt":"2026-09-01T17:59:28","slug":"gobierno-del-edomex-capacita-y-certifica-a-servidores-publicos-para-una-atencion-humana-contra-la-violencia","status":"publish","type":"post","link":"https:\/\/continuamosmx.com\/index.php\/2026\/09\/01\/gobierno-del-edomex-capacita-y-certifica-a-servidores-publicos-para-una-atencion-humana-contra-la-violencia\/","title":{"rendered":"GOBIERNO DEL EDOM\u00c9X CAPACITA Y CERTIFICA A SERVIDORES P\u00daBLICOS PARA UNA ATENCI\u00d3N HUMANA CONTRA LA VIOLENCIA"},"content":{"rendered":"\n<h3 class=\"wp-block-heading\">*<strong>Un total de 600 servidoras y servidores p\u00fablicos obtuvieron certificaciones en 15 est\u00e1ndares de competencia laboral para garantizar un primer contacto profesional y con perspectiva de g\u00e9nero.<\/strong><\/h3>\n\n\n\n<p class=\"wp-block-paragraph\"><strong>TOLUCA, Estado de M\u00e9xico.<\/strong> \u2014 Con el firme prop\u00f3sito de ofrecer una atenci\u00f3n profesional, emp\u00e1tica, respetuosa y con estricto apego a los derechos humanos, el Gobierno del Estado de M\u00e9xico \u2014bajo el liderazgo de la Gobernadora Delfina G\u00f3mez \u00c1lvarez\u2014 capacit\u00f3 y certific\u00f3 a <strong>600 servidoras y servidores p\u00fablicos<\/strong> en 15 est\u00e1ndares de competencia laboral orientados a la protecci\u00f3n ciudadana.<\/p>\n\n\n\n<p class=\"wp-block-paragraph\">Durante el proceso de formaci\u00f3n y entrega de acreditaciones, la Secretaria de las Mujeres, Mar\u00eda Esther Rodr\u00edguez Hern\u00e1ndez, subray\u00f3 que la profesionalizaci\u00f3n va m\u00e1s all\u00e1 de la instrucci\u00f3n t\u00e9cnica: busca construir instituciones altamente sensibles y preparadas para responder de forma oportuna ante situaciones de vulnerabilidad.<\/p>\n\n\n\n<p class=\"wp-block-paragraph\">Entre los principales rubros y protocolos en los que se especializ\u00f3 al personal destacan:<\/p>\n\n\n\n<ul class=\"wp-block-list\">\n<li>Atenci\u00f3n de primer contacto a mujeres v\u00edctimas de violencia de g\u00e9nero.<\/li>\n\n\n\n<li>Protocolos para la b\u00fasqueda de personas desaparecidas y no localizadas.<\/li>\n\n\n\n<li>Actuaci\u00f3n en los \u00e1mbitos p\u00fablico y privado para la salvaguarda de ni\u00f1as, ni\u00f1os y adolescentes posibles v\u00edctimas de violencia.<\/li>\n\n\n\n<li>Orientaci\u00f3n telef\u00f3nica especializada a mujeres en situaci\u00f3n de riesgo.<\/li>\n\n\n\n<li>Gesti\u00f3n y atenci\u00f3n de denuncias con enfoque de g\u00e9nero.<\/li>\n<\/ul>\n\n\n\n<p class=\"wp-block-paragraph\">Por su parte, el Presidente de la Comisi\u00f3n de Derechos Humanos del Estado de M\u00e9xico (CODHEM), V\u00edctor Leopoldo Delgado P\u00e9rez, enfatiz\u00f3 que la calidad del primer contacto institucional puede marcar una diferencia decisiva en la vida de quienes solicitan ayuda.<\/p>\n\n\n\n<p class=\"wp-block-paragraph\">A esta iniciativa se sumaron las declaraciones de Avelino Blanco Guido, titular de la Comisi\u00f3n de B\u00fasqueda de Personas del Estado de M\u00e9xico, e Ivonne Pablo Mart\u00ednez, encargada del Despacho de la Unidad de G\u00e9nero y Derechos Humanos de la Comisi\u00f3n Ejecutiva de Atenci\u00f3n a V\u00edctimas, quienes coincidieron en que la capacitaci\u00f3n permanente coloca a la ciudadan\u00eda en el centro de la labor gubernamental.<\/p>\n\n\n\n<p class=\"wp-block-paragraph\">Con estas acciones, la administraci\u00f3n estatal refrenda su compromiso de erradicar la violencia y consolidar un servicio p\u00fablico caracterizado por la cercan\u00eda, la calidez y el sentido humanista.<\/p>\n","protected":false},"excerpt":{"rendered":"<p>*Un total de 600 servidoras y servidores p\u00fablicos obtuvieron certificaciones en 15 est\u00e1ndares de competencia laboral para garantizar un primer contacto profesional y con perspectiva de g\u00e9nero. TOLUCA, Estado de M\u00e9xico. \u2014 Con el firme prop\u00f3sito de ofrecer una atenci\u00f3n profesional, emp\u00e1tica, respetuosa y con estricto apego a los derechos humanos, el Gobierno del Estado [&hellip;]<\/p>\n","protected":false},"author":6,"featured_media":58187,"comment_status":"closed","ping_status":"closed","sticky":false,"template":"","format":"standard","meta":{"footnotes":""},"categories":[4],"tags":[],"class_list":["post-58186","post","type-post","status-publish","format-standard","has-post-thumbnail","hentry","category-locales"],"yoast_head":"<!-- This site is optimized with the Yoast SEO plugin v28.3 - https:\/\/yoast.com\/product\/yoast-seo-wordpress\/ -->\n<title>GOBIERNO DEL EDOM\u00c9X CAPACITA Y CERTIFICA A SERVIDORES P\u00daBLICOS PARA UNA ATENCI\u00d3N HUMANA CONTRA LA VIOLENCIA -<\/title>\n<meta name=\"robots\" content=\"index, follow, max-snippet:-1, max-image-preview:large, max-video-preview:-1\" \/>\n<link rel=\"canonical\" href=\"https:\/\/continuamosmx.com\/index.php\/2026\/09\/01\/gobierno-del-edomex-capacita-y-certifica-a-servidores-publicos-para-una-atencion-humana-contra-la-violencia\/\" \/>\n<meta property=\"og:locale\" content=\"es_ES\" \/>\n<meta property=\"og:type\" content=\"article\" \/>\n<meta property=\"og:title\" content=\"GOBIERNO DEL EDOM\u00c9X CAPACITA Y CERTIFICA A SERVIDORES P\u00daBLICOS PARA UNA ATENCI\u00d3N HUMANA CONTRA LA VIOLENCIA -\" \/>\n<meta property=\"og:description\" content=\"*Un total de 600 servidoras y servidores p\u00fablicos obtuvieron certificaciones en 15 est\u00e1ndares de competencia laboral para garantizar un primer contacto profesional y con perspectiva de g\u00e9nero. TOLUCA, Estado de M\u00e9xico. \u2014 Con el firme prop\u00f3sito de ofrecer una atenci\u00f3n profesional, emp\u00e1tica, respetuosa y con estricto apego a los derechos humanos, el Gobierno del Estado [&hellip;]\" \/>\n<meta property=\"og:url\" content=\"https:\/\/continuamosmx.com\/index.php\/2026\/09\/01\/gobierno-del-edomex-capacita-y-certifica-a-servidores-publicos-para-una-atencion-humana-contra-la-violencia\/\" \/>\n<meta property=\"article:published_time\" content=\"2026-09-01T17:59:28+00:00\" \/>\n<meta property=\"og:image\" content=\"https:\/\/continuamosmx.com\/wp-content\/uploads\/2026\/09\/WhatsApp-Image-2026-09-01-at-10.59.08-AM-7.jpeg\" \/>\n\t<meta property=\"og:image:width\" content=\"1280\" \/>\n\t<meta property=\"og:image:height\" content=\"853\" \/>\n\t<meta property=\"og:image:type\" content=\"image\/jpeg\" \/>\n<meta name=\"author\" content=\"Continuamos MX\" \/>\n<meta name=\"twitter:card\" content=\"summary_large_image\" \/>\n<meta name=\"twitter:label1\" content=\"Escrito por\" \/>\n\t<meta name=\"twitter:data1\" content=\"Continuamos MX\" \/>\n\t<meta name=\"twitter:label2\" content=\"Tiempo de lectura\" \/>\n\t<meta name=\"twitter:data2\" content=\"2 minutos\" \/>\n<script type=\"application\/ld+json\" class=\"yoast-schema-graph\">{\"@context\":\"https:\\\/\\\/schema.org\",\"@graph\":[{\"@type\":\"Article\",\"@id\":\"https:\\\/\\\/continuamosmx.com\\\/index.php\\\/2026\\\/09\\\/01\\\/gobierno-del-edomex-capacita-y-certifica-a-servidores-publicos-para-una-atencion-humana-contra-la-violencia\\\/#article\",\"isPartOf\":{\"@id\":\"https:\\\/\\\/continuamosmx.com\\\/index.php\\\/2026\\\/09\\\/01\\\/gobierno-del-edomex-capacita-y-certifica-a-servidores-publicos-para-una-atencion-humana-contra-la-violencia\\\/\"},\"author\":{\"name\":\"Continuamos MX\",\"@id\":\"https:\\\/\\\/continuamosmx.com\\\/#\\\/schema\\\/person\\\/5eb5356acb1fad784da407d14f0e8d89\"},\"headline\":\"GOBIERNO DEL EDOM\u00c9X CAPACITA Y CERTIFICA A SERVIDORES P\u00daBLICOS PARA UNA ATENCI\u00d3N HUMANA CONTRA LA VIOLENCIA\",\"datePublished\":\"2026-09-01T17:59:28+00:00\",\"mainEntityOfPage\":{\"@id\":\"https:\\\/\\\/continuamosmx.com\\\/index.php\\\/2026\\\/09\\\/01\\\/gobierno-del-edomex-capacita-y-certifica-a-servidores-publicos-para-una-atencion-humana-contra-la-violencia\\\/\"},\"wordCount\":401,\"publisher\":{\"@id\":\"https:\\\/\\\/continuamosmx.com\\\/#organization\"},\"image\":{\"@id\":\"https:\\\/\\\/continuamosmx.com\\\/index.php\\\/2026\\\/09\\\/01\\\/gobierno-del-edomex-capacita-y-certifica-a-servidores-publicos-para-una-atencion-humana-contra-la-violencia\\\/#primaryimage\"},\"thumbnailUrl\":\"https:\\\/\\\/continuamosmx.com\\\/wp-content\\\/uploads\\\/2026\\\/09\\\/WhatsApp-Image-2026-09-01-at-10.59.08-AM-7.jpeg\",\"articleSection\":[\"LOCALES\"],\"inLanguage\":\"es\"},{\"@type\":\"WebPage\",\"@id\":\"https:\\\/\\\/continuamosmx.com\\\/index.php\\\/2026\\\/09\\\/01\\\/gobierno-del-edomex-capacita-y-certifica-a-servidores-publicos-para-una-atencion-humana-contra-la-violencia\\\/\",\"url\":\"https:\\\/\\\/continuamosmx.com\\\/index.php\\\/2026\\\/09\\\/01\\\/gobierno-del-edomex-capacita-y-certifica-a-servidores-publicos-para-una-atencion-humana-contra-la-violencia\\\/\",\"name\":\"GOBIERNO DEL EDOM\u00c9X CAPACITA Y CERTIFICA A SERVIDORES P\u00daBLICOS PARA UNA ATENCI\u00d3N HUMANA CONTRA LA VIOLENCIA -\",\"isPartOf\":{\"@id\":\"https:\\\/\\\/continuamosmx.com\\\/#website\"},\"primaryImageOfPage\":{\"@id\":\"https:\\\/\\\/continuamosmx.com\\\/index.php\\\/2026\\\/09\\\/01\\\/gobierno-del-edomex-capacita-y-certifica-a-servidores-publicos-para-una-atencion-humana-contra-la-violencia\\\/#primaryimage\"},\"image\":{\"@id\":\"https:\\\/\\\/continuamosmx.com\\\/index.php\\\/2026\\\/09\\\/01\\\/gobierno-del-edomex-capacita-y-certifica-a-servidores-publicos-para-una-atencion-humana-contra-la-violencia\\\/#primaryimage\"},\"thumbnailUrl\":\"https:\\\/\\\/continuamosmx.com\\\/wp-content\\\/uploads\\\/2026\\\/09\\\/WhatsApp-Image-2026-09-01-at-10.59.08-AM-7.jpeg\",\"datePublished\":\"2026-09-01T17:59:28+00:00\",\"breadcrumb\":{\"@id\":\"https:\\\/\\\/continuamosmx.com\\\/index.php\\\/2026\\\/09\\\/01\\\/gobierno-del-edomex-capacita-y-certifica-a-servidores-publicos-para-una-atencion-humana-contra-la-violencia\\\/#breadcrumb\"},\"inLanguage\":\"es\",\"potentialAction\":[{\"@type\":\"ReadAction\",\"target\":[\"https:\\\/\\\/continuamosmx.com\\\/index.php\\\/2026\\\/09\\\/01\\\/gobierno-del-edomex-capacita-y-certifica-a-servidores-publicos-para-una-atencion-humana-contra-la-violencia\\\/\"]}]},{\"@type\":\"ImageObject\",\"inLanguage\":\"es\",\"@id\":\"https:\\\/\\\/continuamosmx.com\\\/index.php\\\/2026\\\/09\\\/01\\\/gobierno-del-edomex-capacita-y-certifica-a-servidores-publicos-para-una-atencion-humana-contra-la-violencia\\\/#primaryimage\",\"url\":\"https:\\\/\\\/continuamosmx.com\\\/wp-content\\\/uploads\\\/2026\\\/09\\\/WhatsApp-Image-2026-09-01-at-10.59.08-AM-7.jpeg\",\"contentUrl\":\"https:\\\/\\\/continuamosmx.com\\\/wp-content\\\/uploads\\\/2026\\\/09\\\/WhatsApp-Image-2026-09-01-at-10.59.08-AM-7.jpeg\",\"width\":1280,\"height\":853},{\"@type\":\"BreadcrumbList\",\"@id\":\"https:\\\/\\\/continuamosmx.com\\\/index.php\\\/2026\\\/09\\\/01\\\/gobierno-del-edomex-capacita-y-certifica-a-servidores-publicos-para-una-atencion-humana-contra-la-violencia\\\/#breadcrumb\",\"itemListElement\":[{\"@type\":\"ListItem\",\"position\":1,\"name\":\"Inicio\",\"item\":\"https:\\\/\\\/continuamosmx.com\\\/\"},{\"@type\":\"ListItem\",\"position\":2,\"name\":\"GOBIERNO DEL EDOM\u00c9X CAPACITA Y CERTIFICA A SERVIDORES P\u00daBLICOS PARA UNA ATENCI\u00d3N HUMANA CONTRA LA VIOLENCIA\"}]},{\"@type\":\"WebSite\",\"@id\":\"https:\\\/\\\/continuamosmx.com\\\/#website\",\"url\":\"https:\\\/\\\/continuamosmx.com\\\/\",\"name\":\"www.continuamosmx.com\",\"description\":\"\",\"publisher\":{\"@id\":\"https:\\\/\\\/continuamosmx.com\\\/#organization\"},\"potentialAction\":[{\"@type\":\"SearchAction\",\"target\":{\"@type\":\"EntryPoint\",\"urlTemplate\":\"https:\\\/\\\/continuamosmx.com\\\/?s={search_term_string}\"},\"query-input\":{\"@type\":\"PropertyValueSpecification\",\"valueRequired\":true,\"valueName\":\"search_term_string\"}}],\"inLanguage\":\"es\"},{\"@type\":\"Organization\",\"@id\":\"https:\\\/\\\/continuamosmx.com\\\/#organization\",\"name\":\"ContinuamosMX\",\"url\":\"https:\\\/\\\/continuamosmx.com\\\/\",\"logo\":{\"@type\":\"ImageObject\",\"inLanguage\":\"es\",\"@id\":\"https:\\\/\\\/continuamosmx.com\\\/#\\\/schema\\\/logo\\\/image\\\/\",\"url\":\"https:\\\/\\\/continuamosmx.com\\\/wp-content\\\/uploads\\\/2023\\\/04\\\/cropped-LOGO-CONTI-NUEVO.png\",\"contentUrl\":\"https:\\\/\\\/continuamosmx.com\\\/wp-content\\\/uploads\\\/2023\\\/04\\\/cropped-LOGO-CONTI-NUEVO.png\",\"width\":1257,\"height\":430,\"caption\":\"ContinuamosMX\"},\"image\":{\"@id\":\"https:\\\/\\\/continuamosmx.com\\\/#\\\/schema\\\/logo\\\/image\\\/\"}},{\"@type\":\"Person\",\"@id\":\"https:\\\/\\\/continuamosmx.com\\\/#\\\/schema\\\/person\\\/5eb5356acb1fad784da407d14f0e8d89\",\"name\":\"Continuamos MX\",\"image\":{\"@type\":\"ImageObject\",\"inLanguage\":\"es\",\"@id\":\"https:\\\/\\\/secure.gravatar.com\\\/avatar\\\/30d4f9723476a15f4da34d35fb3501f08d2357016c76051c6a85c354c7489589?s=96&d=mm&r=g\",\"url\":\"https:\\\/\\\/secure.gravatar.com\\\/avatar\\\/30d4f9723476a15f4da34d35fb3501f08d2357016c76051c6a85c354c7489589?s=96&d=mm&r=g\",\"contentUrl\":\"https:\\\/\\\/secure.gravatar.com\\\/avatar\\\/30d4f9723476a15f4da34d35fb3501f08d2357016c76051c6a85c354c7489589?s=96&d=mm&r=g\",\"caption\":\"Continuamos MX\"},\"sameAs\":[\"http:\\\/\\\/www.continuamos.mx\"],\"url\":\"https:\\\/\\\/continuamosmx.com\\\/index.php\\\/author\\\/continuamos\\\/\"}]}<\/script>\n<!-- \/ Yoast SEO plugin. -->","yoast_head_json":{"title":"GOBIERNO DEL EDOM\u00c9X CAPACITA Y CERTIFICA A SERVIDORES P\u00daBLICOS PARA UNA ATENCI\u00d3N HUMANA CONTRA LA VIOLENCIA -","robots":{"index":"index","follow":"follow","max-snippet":"max-snippet:-1","max-image-preview":"max-image-preview:large","max-video-preview":"max-video-preview:-1"},"canonical":"https:\/\/continuamosmx.com\/index.php\/2026\/09\/01\/gobierno-del-edomex-capacita-y-certifica-a-servidores-publicos-para-una-atencion-humana-contra-la-violencia\/","og_locale":"es_ES","og_type":"article","og_title":"GOBIERNO DEL EDOM\u00c9X CAPACITA Y CERTIFICA A SERVIDORES P\u00daBLICOS PARA UNA ATENCI\u00d3N HUMANA CONTRA LA VIOLENCIA -","og_description":"*Un total de 600 servidoras y servidores p\u00fablicos obtuvieron certificaciones en 15 est\u00e1ndares de competencia laboral para garantizar un primer contacto profesional y con perspectiva de g\u00e9nero. TOLUCA, Estado de M\u00e9xico. \u2014 Con el firme prop\u00f3sito de ofrecer una atenci\u00f3n profesional, emp\u00e1tica, respetuosa y con estricto apego a los derechos humanos, el Gobierno del Estado [&hellip;]","og_url":"https:\/\/continuamosmx.com\/index.php\/2026\/09\/01\/gobierno-del-edomex-capacita-y-certifica-a-servidores-publicos-para-una-atencion-humana-contra-la-violencia\/","article_published_time":"2026-09-01T17:59:28+00:00","og_image":[{"width":1280,"height":853,"url":"https:\/\/continuamosmx.com\/wp-content\/uploads\/2026\/09\/WhatsApp-Image-2026-09-01-at-10.59.08-AM-7.jpeg","type":"image\/jpeg"}],"author":"Continuamos MX","twitter_card":"summary_large_image","twitter_misc":{"Escrito por":"Continuamos MX","Tiempo de lectura":"2 minutos"},"schema":{"@context":"https:\/\/schema.org","@graph":[{"@type":"Article","@id":"https:\/\/continuamosmx.com\/index.php\/2026\/09\/01\/gobierno-del-edomex-capacita-y-certifica-a-servidores-publicos-para-una-atencion-humana-contra-la-violencia\/#article","isPartOf":{"@id":"https:\/\/continuamosmx.com\/index.php\/2026\/09\/01\/gobierno-del-edomex-capacita-y-certifica-a-servidores-publicos-para-una-atencion-humana-contra-la-violencia\/"},"author":{"name":"Continuamos MX","@id":"https:\/\/continuamosmx.com\/#\/schema\/person\/5eb5356acb1fad784da407d14f0e8d89"},"headline":"GOBIERNO DEL EDOM\u00c9X CAPACITA Y CERTIFICA A SERVIDORES P\u00daBLICOS PARA UNA ATENCI\u00d3N HUMANA CONTRA LA VIOLENCIA","datePublished":"2026-09-01T17:59:28+00:00","mainEntityOfPage":{"@id":"https:\/\/continuamosmx.com\/index.php\/2026\/09\/01\/gobierno-del-edomex-capacita-y-certifica-a-servidores-publicos-para-una-atencion-humana-contra-la-violencia\/"},"wordCount":401,"publisher":{"@id":"https:\/\/continuamosmx.com\/#organization"},"image":{"@id":"https:\/\/continuamosmx.com\/index.php\/2026\/09\/01\/gobierno-del-edomex-capacita-y-certifica-a-servidores-publicos-para-una-atencion-humana-contra-la-violencia\/#primaryimage"},"thumbnailUrl":"https:\/\/continuamosmx.com\/wp-content\/uploads\/2026\/09\/WhatsApp-Image-2026-09-01-at-10.59.08-AM-7.jpeg","articleSection":["LOCALES"],"inLanguage":"es"},{"@type":"WebPage","@id":"https:\/\/continuamosmx.com\/index.php\/2026\/09\/01\/gobierno-del-edomex-capacita-y-certifica-a-servidores-publicos-para-una-atencion-humana-contra-la-violencia\/","url":"https:\/\/continuamosmx.com\/index.php\/2026\/09\/01\/gobierno-del-edomex-capacita-y-certifica-a-servidores-publicos-para-una-atencion-humana-contra-la-violencia\/","name":"GOBIERNO DEL EDOM\u00c9X CAPACITA Y CERTIFICA A SERVIDORES P\u00daBLICOS PARA UNA ATENCI\u00d3N HUMANA CONTRA LA VIOLENCIA -","isPartOf":{"@id":"https:\/\/continuamosmx.com\/#website"},"primaryImageOfPage":{"@id":"https:\/\/continuamosmx.com\/index.php\/2026\/09\/01\/gobierno-del-edomex-capacita-y-certifica-a-servidores-publicos-para-una-atencion-humana-contra-la-violencia\/#primaryimage"},"image":{"@id":"https:\/\/continuamosmx.com\/index.php\/2026\/09\/01\/gobierno-del-edomex-capacita-y-certifica-a-servidores-publicos-para-una-atencion-humana-contra-la-violencia\/#primaryimage"},"thumbnailUrl":"https:\/\/continuamosmx.com\/wp-content\/uploads\/2026\/09\/WhatsApp-Image-2026-09-01-at-10.59.08-AM-7.jpeg","datePublished":"2026-09-01T17:59:28+00:00","breadcrumb":{"@id":"https:\/\/continuamosmx.com\/index.php\/2026\/09\/01\/gobierno-del-edomex-capacita-y-certifica-a-servidores-publicos-para-una-atencion-humana-contra-la-violencia\/#breadcrumb"},"inLanguage":"es","potentialAction":[{"@type":"ReadAction","target":["https:\/\/continuamosmx.com\/index.php\/2026\/09\/01\/gobierno-del-edomex-capacita-y-certifica-a-servidores-publicos-para-una-atencion-humana-contra-la-violencia\/"]}]},{"@type":"ImageObject","inLanguage":"es","@id":"https:\/\/continuamosmx.com\/index.php\/2026\/09\/01\/gobierno-del-edomex-capacita-y-certifica-a-servidores-publicos-para-una-atencion-humana-contra-la-violencia\/#primaryimage","url":"https:\/\/continuamosmx.com\/wp-content\/uploads\/2026\/09\/WhatsApp-Image-2026-09-01-at-10.59.08-AM-7.jpeg","contentUrl":"https:\/\/continuamosmx.com\/wp-content\/uploads\/2026\/09\/WhatsApp-Image-2026-09-01-at-10.59.08-AM-7.jpeg","width":1280,"height":853},{"@type":"BreadcrumbList","@id":"https:\/\/continuamosmx.com\/index.php\/2026\/09\/01\/gobierno-del-edomex-capacita-y-certifica-a-servidores-publicos-para-una-atencion-humana-contra-la-violencia\/#breadcrumb","itemListElement":[{"@type":"ListItem","position":1,"name":"Inicio","item":"https:\/\/continuamosmx.com\/"},{"@type":"ListItem","position":2,"name":"GOBIERNO DEL EDOM\u00c9X CAPACITA Y CERTIFICA A SERVIDORES P\u00daBLICOS PARA UNA ATENCI\u00d3N HUMANA CONTRA LA VIOLENCIA"}]},{"@type":"WebSite","@id":"https:\/\/continuamosmx.com\/#website","url":"https:\/\/continuamosmx.com\/","name":"www.continuamosmx.com","description":"","publisher":{"@id":"https:\/\/continuamosmx.com\/#organization"},"potentialAction":[{"@type":"SearchAction","target":{"@type":"EntryPoint","urlTemplate":"https:\/\/continuamosmx.com\/?s={search_term_string}"},"query-input":{"@type":"PropertyValueSpecification","valueRequired":true,"valueName":"search_term_string"}}],"inLanguage":"es"},{"@type":"Organization","@id":"https:\/\/continuamosmx.com\/#organization","name":"ContinuamosMX","url":"https:\/\/continuamosmx.com\/","logo":{"@type":"ImageObject","inLanguage":"es","@id":"https:\/\/continuamosmx.com\/#\/schema\/logo\/image\/","url":"https:\/\/continuamosmx.com\/wp-content\/uploads\/2023\/04\/cropped-LOGO-CONTI-NUEVO.png","contentUrl":"https:\/\/continuamosmx.com\/wp-content\/uploads\/2023\/04\/cropped-LOGO-CONTI-NUEVO.png","width":1257,"height":430,"caption":"ContinuamosMX"},"image":{"@id":"https:\/\/continuamosmx.com\/#\/schema\/logo\/image\/"}},{"@type":"Person","@id":"https:\/\/continuamosmx.com\/#\/schema\/person\/5eb5356acb1fad784da407d14f0e8d89","name":"Continuamos MX","image":{"@type":"ImageObject","inLanguage":"es","@id":"https:\/\/secure.gravatar.com\/avatar\/30d4f9723476a15f4da34d35fb3501f08d2357016c76051c6a85c354c7489589?s=96&d=mm&r=g","url":"https:\/\/secure.gravatar.com\/avatar\/30d4f9723476a15f4da34d35fb3501f08d2357016c76051c6a85c354c7489589?s=96&d=mm&r=g","contentUrl":"https:\/\/secure.gravatar.com\/avatar\/30d4f9723476a15f4da34d35fb3501f08d2357016c76051c6a85c354c7489589?s=96&d=mm&r=g","caption":"Continuamos MX"},"sameAs":["http:\/\/www.continuamos.mx"],"url":"https:\/\/continuamosmx.com\/index.php\/author\/continuamos\/"}]}},"_links":{"self":[{"href":"https:\/\/continuamosmx.com\/index.php\/wp-json\/wp\/v2\/posts\/58186","targetHints":{"allow":["GET"]}}],"collection":[{"href":"https:\/\/continuamosmx.com\/index.php\/wp-json\/wp\/v2\/posts"}],"about":[{"href":"https:\/\/continuamosmx.com\/index.php\/wp-json\/wp\/v2\/types\/post"}],"author":[{"embeddable":true,"href":"https:\/\/continuamosmx.com\/index.php\/wp-json\/wp\/v2\/users\/6"}],"replies":[{"embeddable":true,"href":"https:\/\/continuamosmx.com\/index.php\/wp-json\/wp\/v2\/comments?post=58186"}],"version-history":[{"count":1,"href":"https:\/\/continuamosmx.com\/index.php\/wp-json\/wp\/v2\/posts\/58186\/revisions"}],"predecessor-version":[{"id":58188,"href":"https:\/\/continuamosmx.com\/index.php\/wp-json\/wp\/v2\/posts\/58186\/revisions\/58188"}],"wp:featuredmedia":[{"embeddable":true,"href":"https:\/\/continuamosmx.com\/index.php\/wp-json\/wp\/v2\/media\/58187"}],"wp:attachment":[{"href":"https:\/\/continuamosmx.com\/index.php\/wp-json\/wp\/v2\/media?parent=58186"}],"wp:term":[{"taxonomy":"category","embeddable":true,"href":"https:\/\/continuamosmx.com\/index.php\/wp-json\/wp\/v2\/categories?post=58186"},{"taxonomy":"post_tag","embeddable":true,"href":"https:\/\/continuamosmx.com\/index.php\/wp-json\/wp\/v2\/tags?post=58186"}],"curies":[{"name":"wp","href":"https:\/\/api.w.org\/{rel}","templated":true}]}}