{"id":58180,"date":"2026-09-01T11:49:22","date_gmt":"2026-09-01T17:49:22","guid":{"rendered":"https:\/\/continuamosmx.com\/?p=58180"},"modified":"2026-09-01T11:49:22","modified_gmt":"2026-09-01T17:49:22","slug":"gobierno-del-edomex-evalua-afectaciones-en-cultivos-del-sur-para-brindar-apoyo-a-campesinos","status":"publish","type":"post","link":"https:\/\/continuamosmx.com\/index.php\/2026\/09\/01\/gobierno-del-edomex-evalua-afectaciones-en-cultivos-del-sur-para-brindar-apoyo-a-campesinos\/","title":{"rendered":"GOBIERNO DEL EDOM\u00c9X EVAL\u00daA AFECTACIONES EN CULTIVOS DEL SUR PARA BRINDAR APOYO A CAMPESINOS"},"content":{"rendered":"\n<h3 class=\"wp-block-heading\">*<strong>Mediante el programa PASACME y una estrategia de georreferenciaci\u00f3n, autoridades estatales atienden de manera preliminar cerca de 700 hect\u00e1reas afectadas por sequ\u00eda.<\/strong><\/h3>\n\n\n\n<p class=\"wp-block-paragraph\"><strong>TEJUPILCO, Estado de M\u00e9xico.<\/strong> \u2014 Para respaldar a las y los productores agr\u00edcolas afectados por las condiciones clim\u00e1ticas adversas, el Gobierno del Estado de M\u00e9xico, a trav\u00e9s de la Secretar\u00eda del Campo (SECAMPO), mantiene presencia en la regi\u00f3n sur de la entidad. El objetivo es evaluar los da\u00f1os en cultivos de ma\u00edz de temporal e incorporar a los campesinos al Programa de Atenci\u00f3n de Siniestros Agroclim\u00e1ticos del Campo Mexiquense (PASACME).<\/p>\n\n\n\n<p class=\"wp-block-paragraph\">Como parte de la estrategia operativa implementada por la Delegaci\u00f3n Regional V Tejupilco y la Coordinaci\u00f3n de Estudios y Proyectos Especiales (CEPE), se impartieron capacitaciones dirigidas a servidores p\u00fablicos municipales del \u00e1rea de desarrollo rural y a los propios productores, explicando detalladamente las Reglas de Operaci\u00f3n del programa.<\/p>\n\n\n\n<p class=\"wp-block-paragraph\">Asimismo, se establecieron criterios estandarizados para la georreferenciaci\u00f3n de las parcelas presuntamente siniestradas, lo cual incluye:<\/p>\n\n\n\n<ul class=\"wp-block-list\">\n<li>Ubicaci\u00f3n e identificaci\u00f3n precisa de los predios.<\/li>\n\n\n\n<li>Registro de coordenadas geogr\u00e1ficas.<\/li>\n\n\n\n<li>Integraci\u00f3n de evidencia fotogr\u00e1fica de los cultivos.<\/li>\n\n\n\n<li>Recopilaci\u00f3n de documentaci\u00f3n b\u00e1sica de los productores y de las superficies afectadas.<\/li>\n<\/ul>\n\n\n\n<p class=\"wp-block-paragraph\">De acuerdo con las estimaciones preliminares, los da\u00f1os alcanzan aproximadamente <strong>700 hect\u00e1reas<\/strong> distribuidas en ocho municipios de la regi\u00f3n:<\/p>\n\n\n\n<ul class=\"wp-block-list\">\n<li>Tejupilco<\/li>\n\n\n\n<li>Luvianos<\/li>\n\n\n\n<li>Amatepec<\/li>\n\n\n\n<li>Tlatlaya<\/li>\n\n\n\n<li>Almoloya de Alquisiras<\/li>\n\n\n\n<li>San Sim\u00f3n de Guerrero<\/li>\n\n\n\n<li>Texcaltitl\u00e1n<\/li>\n\n\n\n<li>Sultepec<\/li>\n<\/ul>\n\n\n\n<p class=\"wp-block-paragraph\">Estas acciones t\u00e9cnicas buscan garantizar la transparencia y agilizar la verificaci\u00f3n de los da\u00f1os conforme a la normatividad. Para brindar orientaci\u00f3n y dar seguimiento a los reportes, la dependencia puso a disposici\u00f3n los n\u00fameros telef\u00f3nicos <strong>724 267 39 75<\/strong> y <strong>724 267 09 46<\/strong>.<\/p>\n","protected":false},"excerpt":{"rendered":"<p>*Mediante el programa PASACME y una estrategia de georreferenciaci\u00f3n, autoridades estatales atienden de manera preliminar cerca de 700 hect\u00e1reas afectadas por sequ\u00eda. TEJUPILCO, Estado de M\u00e9xico. \u2014 Para respaldar a las y los productores agr\u00edcolas afectados por las condiciones clim\u00e1ticas adversas, el Gobierno del Estado de M\u00e9xico, a trav\u00e9s de la Secretar\u00eda del Campo (SECAMPO), [&hellip;]<\/p>\n","protected":false},"author":6,"featured_media":58181,"comment_status":"closed","ping_status":"closed","sticky":false,"template":"","format":"standard","meta":{"footnotes":""},"categories":[2],"tags":[],"class_list":["post-58180","post","type-post","status-publish","format-standard","has-post-thumbnail","hentry","category-edomex"],"yoast_head":"<!-- This site is optimized with the Yoast SEO plugin v28.3 - https:\/\/yoast.com\/product\/yoast-seo-wordpress\/ -->\n<title>GOBIERNO DEL EDOM\u00c9X EVAL\u00daA AFECTACIONES EN CULTIVOS DEL SUR PARA BRINDAR APOYO A CAMPESINOS -<\/title>\n<meta name=\"robots\" content=\"index, follow, max-snippet:-1, max-image-preview:large, max-video-preview:-1\" \/>\n<link rel=\"canonical\" href=\"https:\/\/continuamosmx.com\/index.php\/2026\/09\/01\/gobierno-del-edomex-evalua-afectaciones-en-cultivos-del-sur-para-brindar-apoyo-a-campesinos\/\" \/>\n<meta property=\"og:locale\" content=\"es_ES\" \/>\n<meta property=\"og:type\" content=\"article\" \/>\n<meta property=\"og:title\" content=\"GOBIERNO DEL EDOM\u00c9X EVAL\u00daA AFECTACIONES EN CULTIVOS DEL SUR PARA BRINDAR APOYO A CAMPESINOS -\" \/>\n<meta property=\"og:description\" content=\"*Mediante el programa PASACME y una estrategia de georreferenciaci\u00f3n, autoridades estatales atienden de manera preliminar cerca de 700 hect\u00e1reas afectadas por sequ\u00eda. TEJUPILCO, Estado de M\u00e9xico. \u2014 Para respaldar a las y los productores agr\u00edcolas afectados por las condiciones clim\u00e1ticas adversas, el Gobierno del Estado de M\u00e9xico, a trav\u00e9s de la Secretar\u00eda del Campo (SECAMPO), [&hellip;]\" \/>\n<meta property=\"og:url\" content=\"https:\/\/continuamosmx.com\/index.php\/2026\/09\/01\/gobierno-del-edomex-evalua-afectaciones-en-cultivos-del-sur-para-brindar-apoyo-a-campesinos\/\" \/>\n<meta property=\"article:published_time\" content=\"2026-09-01T17:49:22+00:00\" \/>\n<meta property=\"og:image\" content=\"https:\/\/continuamosmx.com\/wp-content\/uploads\/2026\/09\/WhatsApp-Image-2026-09-01-at-10.59.08-AM-2.jpeg\" \/>\n\t<meta property=\"og:image:width\" content=\"1280\" \/>\n\t<meta property=\"og:image:height\" content=\"960\" \/>\n\t<meta property=\"og:image:type\" content=\"image\/jpeg\" \/>\n<meta name=\"author\" content=\"Continuamos MX\" \/>\n<meta name=\"twitter:card\" content=\"summary_large_image\" \/>\n<meta name=\"twitter:label1\" content=\"Escrito por\" \/>\n\t<meta name=\"twitter:data1\" content=\"Continuamos MX\" \/>\n\t<meta name=\"twitter:label2\" content=\"Tiempo de lectura\" \/>\n\t<meta name=\"twitter:data2\" content=\"2 minutos\" \/>\n<script type=\"application\/ld+json\" class=\"yoast-schema-graph\">{\"@context\":\"https:\\\/\\\/schema.org\",\"@graph\":[{\"@type\":\"Article\",\"@id\":\"https:\\\/\\\/continuamosmx.com\\\/index.php\\\/2026\\\/09\\\/01\\\/gobierno-del-edomex-evalua-afectaciones-en-cultivos-del-sur-para-brindar-apoyo-a-campesinos\\\/#article\",\"isPartOf\":{\"@id\":\"https:\\\/\\\/continuamosmx.com\\\/index.php\\\/2026\\\/09\\\/01\\\/gobierno-del-edomex-evalua-afectaciones-en-cultivos-del-sur-para-brindar-apoyo-a-campesinos\\\/\"},\"author\":{\"name\":\"Continuamos MX\",\"@id\":\"https:\\\/\\\/continuamosmx.com\\\/#\\\/schema\\\/person\\\/5eb5356acb1fad784da407d14f0e8d89\"},\"headline\":\"GOBIERNO DEL EDOM\u00c9X EVAL\u00daA AFECTACIONES EN CULTIVOS DEL SUR PARA BRINDAR APOYO A CAMPESINOS\",\"datePublished\":\"2026-09-01T17:49:22+00:00\",\"mainEntityOfPage\":{\"@id\":\"https:\\\/\\\/continuamosmx.com\\\/index.php\\\/2026\\\/09\\\/01\\\/gobierno-del-edomex-evalua-afectaciones-en-cultivos-del-sur-para-brindar-apoyo-a-campesinos\\\/\"},\"wordCount\":306,\"publisher\":{\"@id\":\"https:\\\/\\\/continuamosmx.com\\\/#organization\"},\"image\":{\"@id\":\"https:\\\/\\\/continuamosmx.com\\\/index.php\\\/2026\\\/09\\\/01\\\/gobierno-del-edomex-evalua-afectaciones-en-cultivos-del-sur-para-brindar-apoyo-a-campesinos\\\/#primaryimage\"},\"thumbnailUrl\":\"https:\\\/\\\/continuamosmx.com\\\/wp-content\\\/uploads\\\/2026\\\/09\\\/WhatsApp-Image-2026-09-01-at-10.59.08-AM-2.jpeg\",\"articleSection\":[\"EDOMEX\"],\"inLanguage\":\"es\"},{\"@type\":\"WebPage\",\"@id\":\"https:\\\/\\\/continuamosmx.com\\\/index.php\\\/2026\\\/09\\\/01\\\/gobierno-del-edomex-evalua-afectaciones-en-cultivos-del-sur-para-brindar-apoyo-a-campesinos\\\/\",\"url\":\"https:\\\/\\\/continuamosmx.com\\\/index.php\\\/2026\\\/09\\\/01\\\/gobierno-del-edomex-evalua-afectaciones-en-cultivos-del-sur-para-brindar-apoyo-a-campesinos\\\/\",\"name\":\"GOBIERNO DEL EDOM\u00c9X EVAL\u00daA AFECTACIONES EN CULTIVOS DEL SUR PARA BRINDAR APOYO A CAMPESINOS -\",\"isPartOf\":{\"@id\":\"https:\\\/\\\/continuamosmx.com\\\/#website\"},\"primaryImageOfPage\":{\"@id\":\"https:\\\/\\\/continuamosmx.com\\\/index.php\\\/2026\\\/09\\\/01\\\/gobierno-del-edomex-evalua-afectaciones-en-cultivos-del-sur-para-brindar-apoyo-a-campesinos\\\/#primaryimage\"},\"image\":{\"@id\":\"https:\\\/\\\/continuamosmx.com\\\/index.php\\\/2026\\\/09\\\/01\\\/gobierno-del-edomex-evalua-afectaciones-en-cultivos-del-sur-para-brindar-apoyo-a-campesinos\\\/#primaryimage\"},\"thumbnailUrl\":\"https:\\\/\\\/continuamosmx.com\\\/wp-content\\\/uploads\\\/2026\\\/09\\\/WhatsApp-Image-2026-09-01-at-10.59.08-AM-2.jpeg\",\"datePublished\":\"2026-09-01T17:49:22+00:00\",\"breadcrumb\":{\"@id\":\"https:\\\/\\\/continuamosmx.com\\\/index.php\\\/2026\\\/09\\\/01\\\/gobierno-del-edomex-evalua-afectaciones-en-cultivos-del-sur-para-brindar-apoyo-a-campesinos\\\/#breadcrumb\"},\"inLanguage\":\"es\",\"potentialAction\":[{\"@type\":\"ReadAction\",\"target\":[\"https:\\\/\\\/continuamosmx.com\\\/index.php\\\/2026\\\/09\\\/01\\\/gobierno-del-edomex-evalua-afectaciones-en-cultivos-del-sur-para-brindar-apoyo-a-campesinos\\\/\"]}]},{\"@type\":\"ImageObject\",\"inLanguage\":\"es\",\"@id\":\"https:\\\/\\\/continuamosmx.com\\\/index.php\\\/2026\\\/09\\\/01\\\/gobierno-del-edomex-evalua-afectaciones-en-cultivos-del-sur-para-brindar-apoyo-a-campesinos\\\/#primaryimage\",\"url\":\"https:\\\/\\\/continuamosmx.com\\\/wp-content\\\/uploads\\\/2026\\\/09\\\/WhatsApp-Image-2026-09-01-at-10.59.08-AM-2.jpeg\",\"contentUrl\":\"https:\\\/\\\/continuamosmx.com\\\/wp-content\\\/uploads\\\/2026\\\/09\\\/WhatsApp-Image-2026-09-01-at-10.59.08-AM-2.jpeg\",\"width\":1280,\"height\":960},{\"@type\":\"BreadcrumbList\",\"@id\":\"https:\\\/\\\/continuamosmx.com\\\/index.php\\\/2026\\\/09\\\/01\\\/gobierno-del-edomex-evalua-afectaciones-en-cultivos-del-sur-para-brindar-apoyo-a-campesinos\\\/#breadcrumb\",\"itemListElement\":[{\"@type\":\"ListItem\",\"position\":1,\"name\":\"Inicio\",\"item\":\"https:\\\/\\\/continuamosmx.com\\\/\"},{\"@type\":\"ListItem\",\"position\":2,\"name\":\"GOBIERNO DEL EDOM\u00c9X EVAL\u00daA AFECTACIONES EN CULTIVOS DEL SUR PARA BRINDAR APOYO A CAMPESINOS\"}]},{\"@type\":\"WebSite\",\"@id\":\"https:\\\/\\\/continuamosmx.com\\\/#website\",\"url\":\"https:\\\/\\\/continuamosmx.com\\\/\",\"name\":\"www.continuamosmx.com\",\"description\":\"\",\"publisher\":{\"@id\":\"https:\\\/\\\/continuamosmx.com\\\/#organization\"},\"potentialAction\":[{\"@type\":\"SearchAction\",\"target\":{\"@type\":\"EntryPoint\",\"urlTemplate\":\"https:\\\/\\\/continuamosmx.com\\\/?s={search_term_string}\"},\"query-input\":{\"@type\":\"PropertyValueSpecification\",\"valueRequired\":true,\"valueName\":\"search_term_string\"}}],\"inLanguage\":\"es\"},{\"@type\":\"Organization\",\"@id\":\"https:\\\/\\\/continuamosmx.com\\\/#organization\",\"name\":\"ContinuamosMX\",\"url\":\"https:\\\/\\\/continuamosmx.com\\\/\",\"logo\":{\"@type\":\"ImageObject\",\"inLanguage\":\"es\",\"@id\":\"https:\\\/\\\/continuamosmx.com\\\/#\\\/schema\\\/logo\\\/image\\\/\",\"url\":\"https:\\\/\\\/continuamosmx.com\\\/wp-content\\\/uploads\\\/2023\\\/04\\\/cropped-LOGO-CONTI-NUEVO.png\",\"contentUrl\":\"https:\\\/\\\/continuamosmx.com\\\/wp-content\\\/uploads\\\/2023\\\/04\\\/cropped-LOGO-CONTI-NUEVO.png\",\"width\":1257,\"height\":430,\"caption\":\"ContinuamosMX\"},\"image\":{\"@id\":\"https:\\\/\\\/continuamosmx.com\\\/#\\\/schema\\\/logo\\\/image\\\/\"}},{\"@type\":\"Person\",\"@id\":\"https:\\\/\\\/continuamosmx.com\\\/#\\\/schema\\\/person\\\/5eb5356acb1fad784da407d14f0e8d89\",\"name\":\"Continuamos MX\",\"image\":{\"@type\":\"ImageObject\",\"inLanguage\":\"es\",\"@id\":\"https:\\\/\\\/secure.gravatar.com\\\/avatar\\\/30d4f9723476a15f4da34d35fb3501f08d2357016c76051c6a85c354c7489589?s=96&d=mm&r=g\",\"url\":\"https:\\\/\\\/secure.gravatar.com\\\/avatar\\\/30d4f9723476a15f4da34d35fb3501f08d2357016c76051c6a85c354c7489589?s=96&d=mm&r=g\",\"contentUrl\":\"https:\\\/\\\/secure.gravatar.com\\\/avatar\\\/30d4f9723476a15f4da34d35fb3501f08d2357016c76051c6a85c354c7489589?s=96&d=mm&r=g\",\"caption\":\"Continuamos MX\"},\"sameAs\":[\"http:\\\/\\\/www.continuamos.mx\"],\"url\":\"https:\\\/\\\/continuamosmx.com\\\/index.php\\\/author\\\/continuamos\\\/\"}]}<\/script>\n<!-- \/ Yoast SEO plugin. -->","yoast_head_json":{"title":"GOBIERNO DEL EDOM\u00c9X EVAL\u00daA AFECTACIONES EN CULTIVOS DEL SUR PARA BRINDAR APOYO A CAMPESINOS -","robots":{"index":"index","follow":"follow","max-snippet":"max-snippet:-1","max-image-preview":"max-image-preview:large","max-video-preview":"max-video-preview:-1"},"canonical":"https:\/\/continuamosmx.com\/index.php\/2026\/09\/01\/gobierno-del-edomex-evalua-afectaciones-en-cultivos-del-sur-para-brindar-apoyo-a-campesinos\/","og_locale":"es_ES","og_type":"article","og_title":"GOBIERNO DEL EDOM\u00c9X EVAL\u00daA AFECTACIONES EN CULTIVOS DEL SUR PARA BRINDAR APOYO A CAMPESINOS -","og_description":"*Mediante el programa PASACME y una estrategia de georreferenciaci\u00f3n, autoridades estatales atienden de manera preliminar cerca de 700 hect\u00e1reas afectadas por sequ\u00eda. TEJUPILCO, Estado de M\u00e9xico. \u2014 Para respaldar a las y los productores agr\u00edcolas afectados por las condiciones clim\u00e1ticas adversas, el Gobierno del Estado de M\u00e9xico, a trav\u00e9s de la Secretar\u00eda del Campo (SECAMPO), [&hellip;]","og_url":"https:\/\/continuamosmx.com\/index.php\/2026\/09\/01\/gobierno-del-edomex-evalua-afectaciones-en-cultivos-del-sur-para-brindar-apoyo-a-campesinos\/","article_published_time":"2026-09-01T17:49:22+00:00","og_image":[{"width":1280,"height":960,"url":"https:\/\/continuamosmx.com\/wp-content\/uploads\/2026\/09\/WhatsApp-Image-2026-09-01-at-10.59.08-AM-2.jpeg","type":"image\/jpeg"}],"author":"Continuamos MX","twitter_card":"summary_large_image","twitter_misc":{"Escrito por":"Continuamos MX","Tiempo de lectura":"2 minutos"},"schema":{"@context":"https:\/\/schema.org","@graph":[{"@type":"Article","@id":"https:\/\/continuamosmx.com\/index.php\/2026\/09\/01\/gobierno-del-edomex-evalua-afectaciones-en-cultivos-del-sur-para-brindar-apoyo-a-campesinos\/#article","isPartOf":{"@id":"https:\/\/continuamosmx.com\/index.php\/2026\/09\/01\/gobierno-del-edomex-evalua-afectaciones-en-cultivos-del-sur-para-brindar-apoyo-a-campesinos\/"},"author":{"name":"Continuamos MX","@id":"https:\/\/continuamosmx.com\/#\/schema\/person\/5eb5356acb1fad784da407d14f0e8d89"},"headline":"GOBIERNO DEL EDOM\u00c9X EVAL\u00daA AFECTACIONES EN CULTIVOS DEL SUR PARA BRINDAR APOYO A CAMPESINOS","datePublished":"2026-09-01T17:49:22+00:00","mainEntityOfPage":{"@id":"https:\/\/continuamosmx.com\/index.php\/2026\/09\/01\/gobierno-del-edomex-evalua-afectaciones-en-cultivos-del-sur-para-brindar-apoyo-a-campesinos\/"},"wordCount":306,"publisher":{"@id":"https:\/\/continuamosmx.com\/#organization"},"image":{"@id":"https:\/\/continuamosmx.com\/index.php\/2026\/09\/01\/gobierno-del-edomex-evalua-afectaciones-en-cultivos-del-sur-para-brindar-apoyo-a-campesinos\/#primaryimage"},"thumbnailUrl":"https:\/\/continuamosmx.com\/wp-content\/uploads\/2026\/09\/WhatsApp-Image-2026-09-01-at-10.59.08-AM-2.jpeg","articleSection":["EDOMEX"],"inLanguage":"es"},{"@type":"WebPage","@id":"https:\/\/continuamosmx.com\/index.php\/2026\/09\/01\/gobierno-del-edomex-evalua-afectaciones-en-cultivos-del-sur-para-brindar-apoyo-a-campesinos\/","url":"https:\/\/continuamosmx.com\/index.php\/2026\/09\/01\/gobierno-del-edomex-evalua-afectaciones-en-cultivos-del-sur-para-brindar-apoyo-a-campesinos\/","name":"GOBIERNO DEL EDOM\u00c9X EVAL\u00daA AFECTACIONES EN CULTIVOS DEL SUR PARA BRINDAR APOYO A CAMPESINOS -","isPartOf":{"@id":"https:\/\/continuamosmx.com\/#website"},"primaryImageOfPage":{"@id":"https:\/\/continuamosmx.com\/index.php\/2026\/09\/01\/gobierno-del-edomex-evalua-afectaciones-en-cultivos-del-sur-para-brindar-apoyo-a-campesinos\/#primaryimage"},"image":{"@id":"https:\/\/continuamosmx.com\/index.php\/2026\/09\/01\/gobierno-del-edomex-evalua-afectaciones-en-cultivos-del-sur-para-brindar-apoyo-a-campesinos\/#primaryimage"},"thumbnailUrl":"https:\/\/continuamosmx.com\/wp-content\/uploads\/2026\/09\/WhatsApp-Image-2026-09-01-at-10.59.08-AM-2.jpeg","datePublished":"2026-09-01T17:49:22+00:00","breadcrumb":{"@id":"https:\/\/continuamosmx.com\/index.php\/2026\/09\/01\/gobierno-del-edomex-evalua-afectaciones-en-cultivos-del-sur-para-brindar-apoyo-a-campesinos\/#breadcrumb"},"inLanguage":"es","potentialAction":[{"@type":"ReadAction","target":["https:\/\/continuamosmx.com\/index.php\/2026\/09\/01\/gobierno-del-edomex-evalua-afectaciones-en-cultivos-del-sur-para-brindar-apoyo-a-campesinos\/"]}]},{"@type":"ImageObject","inLanguage":"es","@id":"https:\/\/continuamosmx.com\/index.php\/2026\/09\/01\/gobierno-del-edomex-evalua-afectaciones-en-cultivos-del-sur-para-brindar-apoyo-a-campesinos\/#primaryimage","url":"https:\/\/continuamosmx.com\/wp-content\/uploads\/2026\/09\/WhatsApp-Image-2026-09-01-at-10.59.08-AM-2.jpeg","contentUrl":"https:\/\/continuamosmx.com\/wp-content\/uploads\/2026\/09\/WhatsApp-Image-2026-09-01-at-10.59.08-AM-2.jpeg","width":1280,"height":960},{"@type":"BreadcrumbList","@id":"https:\/\/continuamosmx.com\/index.php\/2026\/09\/01\/gobierno-del-edomex-evalua-afectaciones-en-cultivos-del-sur-para-brindar-apoyo-a-campesinos\/#breadcrumb","itemListElement":[{"@type":"ListItem","position":1,"name":"Inicio","item":"https:\/\/continuamosmx.com\/"},{"@type":"ListItem","position":2,"name":"GOBIERNO DEL EDOM\u00c9X EVAL\u00daA AFECTACIONES EN CULTIVOS DEL SUR PARA BRINDAR APOYO A CAMPESINOS"}]},{"@type":"WebSite","@id":"https:\/\/continuamosmx.com\/#website","url":"https:\/\/continuamosmx.com\/","name":"www.continuamosmx.com","description":"","publisher":{"@id":"https:\/\/continuamosmx.com\/#organization"},"potentialAction":[{"@type":"SearchAction","target":{"@type":"EntryPoint","urlTemplate":"https:\/\/continuamosmx.com\/?s={search_term_string}"},"query-input":{"@type":"PropertyValueSpecification","valueRequired":true,"valueName":"search_term_string"}}],"inLanguage":"es"},{"@type":"Organization","@id":"https:\/\/continuamosmx.com\/#organization","name":"ContinuamosMX","url":"https:\/\/continuamosmx.com\/","logo":{"@type":"ImageObject","inLanguage":"es","@id":"https:\/\/continuamosmx.com\/#\/schema\/logo\/image\/","url":"https:\/\/continuamosmx.com\/wp-content\/uploads\/2023\/04\/cropped-LOGO-CONTI-NUEVO.png","contentUrl":"https:\/\/continuamosmx.com\/wp-content\/uploads\/2023\/04\/cropped-LOGO-CONTI-NUEVO.png","width":1257,"height":430,"caption":"ContinuamosMX"},"image":{"@id":"https:\/\/continuamosmx.com\/#\/schema\/logo\/image\/"}},{"@type":"Person","@id":"https:\/\/continuamosmx.com\/#\/schema\/person\/5eb5356acb1fad784da407d14f0e8d89","name":"Continuamos MX","image":{"@type":"ImageObject","inLanguage":"es","@id":"https:\/\/secure.gravatar.com\/avatar\/30d4f9723476a15f4da34d35fb3501f08d2357016c76051c6a85c354c7489589?s=96&d=mm&r=g","url":"https:\/\/secure.gravatar.com\/avatar\/30d4f9723476a15f4da34d35fb3501f08d2357016c76051c6a85c354c7489589?s=96&d=mm&r=g","contentUrl":"https:\/\/secure.gravatar.com\/avatar\/30d4f9723476a15f4da34d35fb3501f08d2357016c76051c6a85c354c7489589?s=96&d=mm&r=g","caption":"Continuamos MX"},"sameAs":["http:\/\/www.continuamos.mx"],"url":"https:\/\/continuamosmx.com\/index.php\/author\/continuamos\/"}]}},"_links":{"self":[{"href":"https:\/\/continuamosmx.com\/index.php\/wp-json\/wp\/v2\/posts\/58180","targetHints":{"allow":["GET"]}}],"collection":[{"href":"https:\/\/continuamosmx.com\/index.php\/wp-json\/wp\/v2\/posts"}],"about":[{"href":"https:\/\/continuamosmx.com\/index.php\/wp-json\/wp\/v2\/types\/post"}],"author":[{"embeddable":true,"href":"https:\/\/continuamosmx.com\/index.php\/wp-json\/wp\/v2\/users\/6"}],"replies":[{"embeddable":true,"href":"https:\/\/continuamosmx.com\/index.php\/wp-json\/wp\/v2\/comments?post=58180"}],"version-history":[{"count":1,"href":"https:\/\/continuamosmx.com\/index.php\/wp-json\/wp\/v2\/posts\/58180\/revisions"}],"predecessor-version":[{"id":58182,"href":"https:\/\/continuamosmx.com\/index.php\/wp-json\/wp\/v2\/posts\/58180\/revisions\/58182"}],"wp:featuredmedia":[{"embeddable":true,"href":"https:\/\/continuamosmx.com\/index.php\/wp-json\/wp\/v2\/media\/58181"}],"wp:attachment":[{"href":"https:\/\/continuamosmx.com\/index.php\/wp-json\/wp\/v2\/media?parent=58180"}],"wp:term":[{"taxonomy":"category","embeddable":true,"href":"https:\/\/continuamosmx.com\/index.php\/wp-json\/wp\/v2\/categories?post=58180"},{"taxonomy":"post_tag","embeddable":true,"href":"https:\/\/continuamosmx.com\/index.php\/wp-json\/wp\/v2\/tags?post=58180"}],"curies":[{"name":"wp","href":"https:\/\/api.w.org\/{rel}","templated":true}]}}