{"id":58177,"date":"2026-09-01T11:45:57","date_gmt":"2026-09-01T17:45:57","guid":{"rendered":"https:\/\/continuamosmx.com\/?p=58177"},"modified":"2026-09-01T11:45:58","modified_gmt":"2026-09-01T17:45:58","slug":"gobierno-del-edomex-y-defensa-refuerzan-estrategia-de-seguridad-en-mesa-de-paz","status":"publish","type":"post","link":"https:\/\/continuamosmx.com\/index.php\/2026\/09\/01\/gobierno-del-edomex-y-defensa-refuerzan-estrategia-de-seguridad-en-mesa-de-paz\/","title":{"rendered":"GOBIERNO DEL EDOM\u00c9X Y DEFENSA REFUERZAN ESTRATEGIA DE SEGURIDAD EN MESA DE PAZ"},"content":{"rendered":"\n<h3 class=\"wp-block-heading\">*<strong>Autoridades estatales y federales consolidan su alianza t\u00e1ctica por la seguridad de las familias mexiquenses.<\/strong><\/h3>\n\n\n\n<p class=\"wp-block-paragraph\"><strong>TOLUCA, Estado de M\u00e9xico.<\/strong> \u2014 Bajo la directriz de la Gobernadora Delfina G\u00f3mez \u00c1lvarez, el Secretario General de Gobierno, Horacio Duarte Olivares, encabez\u00f3 la sesi\u00f3n 166 de la Mesa de Paz en las instalaciones de la Secretar\u00eda de la Defensa Nacional (Defensa). Durante el encuentro, se ratific\u00f3 el compromiso interinstitucional de mantener una estrecha coordinaci\u00f3n con las fuerzas armadas para garantizar la paz y salvaguardar la integridad de los habitantes en la entidad.<\/p>\n\n\n\n<p class=\"wp-block-paragraph\">La reuni\u00f3n de alto nivel se desarroll\u00f3 en el marco protocolario previo a la toma de posesi\u00f3n del cargo y protesta de Bandera del General de Brigada de Estado Mayor Armando L\u00f3pez Esquivel, quien asumi\u00f3 la titularidad como nuevo Director General de Sanidad.<\/p>\n\n\n\n<p class=\"wp-block-paragraph\">En este ejercicio de gobernabilidad y estrategia participaron figuras clave del sector procurador de justicia y seguridad, entre ellos:<\/p>\n\n\n\n<ul class=\"wp-block-list\">\n<li><strong>H\u00e9ctor Macedo Garc\u00eda<\/strong>, Presidente del Poder Judicial del Estado de M\u00e9xico.<\/li>\n\n\n\n<li><strong>Jos\u00e9 Luis Cervantes Mart\u00ednez<\/strong>, Fiscal General de Justicia del Estado de M\u00e9xico.<\/li>\n\n\n\n<li><strong>Crist\u00f3bal Casta\u00f1eda Camarillo<\/strong>, Secretario de Seguridad estatal.<\/li>\n\n\n\n<li><strong>Maricela L\u00f3pez Urbina<\/strong>, Secretaria T\u00e9cnica de la Mesa de Paz.<\/li>\n<\/ul>\n\n\n\n<p class=\"wp-block-paragraph\">Asimismo, asistieron mandos y representantes de la Secretar\u00eda de la Defensa Nacional (Defensa), la Secretar\u00eda de Marina (Semar), la Guardia Nacional (GN) y el Centro Nacional de Inteligencia (CNI), consolidando un frente com\u00fan en materia de seguridad p\u00fablica.<\/p>\n","protected":false},"excerpt":{"rendered":"<p>*Autoridades estatales y federales consolidan su alianza t\u00e1ctica por la seguridad de las familias mexiquenses. TOLUCA, Estado de M\u00e9xico. \u2014 Bajo la directriz de la Gobernadora Delfina G\u00f3mez \u00c1lvarez, el Secretario General de Gobierno, Horacio Duarte Olivares, encabez\u00f3 la sesi\u00f3n 166 de la Mesa de Paz en las instalaciones de la Secretar\u00eda de la Defensa [&hellip;]<\/p>\n","protected":false},"author":6,"featured_media":58178,"comment_status":"closed","ping_status":"closed","sticky":false,"template":"","format":"standard","meta":{"footnotes":""},"categories":[2],"tags":[],"class_list":["post-58177","post","type-post","status-publish","format-standard","has-post-thumbnail","hentry","category-edomex"],"yoast_head":"<!-- This site is optimized with the Yoast SEO plugin v28.3 - https:\/\/yoast.com\/product\/yoast-seo-wordpress\/ -->\n<title>GOBIERNO DEL EDOM\u00c9X Y DEFENSA REFUERZAN ESTRATEGIA DE SEGURIDAD EN MESA DE PAZ -<\/title>\n<meta name=\"robots\" content=\"index, follow, max-snippet:-1, max-image-preview:large, max-video-preview:-1\" \/>\n<link rel=\"canonical\" href=\"https:\/\/continuamosmx.com\/index.php\/2026\/09\/01\/gobierno-del-edomex-y-defensa-refuerzan-estrategia-de-seguridad-en-mesa-de-paz\/\" \/>\n<meta property=\"og:locale\" content=\"es_ES\" \/>\n<meta property=\"og:type\" content=\"article\" \/>\n<meta property=\"og:title\" content=\"GOBIERNO DEL EDOM\u00c9X Y DEFENSA REFUERZAN ESTRATEGIA DE SEGURIDAD EN MESA DE PAZ -\" \/>\n<meta property=\"og:description\" content=\"*Autoridades estatales y federales consolidan su alianza t\u00e1ctica por la seguridad de las familias mexiquenses. TOLUCA, Estado de M\u00e9xico. \u2014 Bajo la directriz de la Gobernadora Delfina G\u00f3mez \u00c1lvarez, el Secretario General de Gobierno, Horacio Duarte Olivares, encabez\u00f3 la sesi\u00f3n 166 de la Mesa de Paz en las instalaciones de la Secretar\u00eda de la Defensa [&hellip;]\" \/>\n<meta property=\"og:url\" content=\"https:\/\/continuamosmx.com\/index.php\/2026\/09\/01\/gobierno-del-edomex-y-defensa-refuerzan-estrategia-de-seguridad-en-mesa-de-paz\/\" \/>\n<meta property=\"article:published_time\" content=\"2026-09-01T17:45:57+00:00\" \/>\n<meta property=\"article:modified_time\" content=\"2026-09-01T17:45:58+00:00\" \/>\n<meta property=\"og:image\" content=\"https:\/\/continuamosmx.com\/wp-content\/uploads\/2026\/09\/WhatsApp-Image-2026-09-01-at-10.59.09-AM-scaled.jpeg\" \/>\n\t<meta property=\"og:image:width\" content=\"2560\" \/>\n\t<meta property=\"og:image:height\" content=\"1707\" \/>\n\t<meta property=\"og:image:type\" content=\"image\/jpeg\" \/>\n<meta name=\"author\" content=\"Continuamos MX\" \/>\n<meta name=\"twitter:card\" content=\"summary_large_image\" \/>\n<meta name=\"twitter:label1\" content=\"Escrito por\" \/>\n\t<meta name=\"twitter:data1\" content=\"Continuamos MX\" \/>\n\t<meta name=\"twitter:label2\" content=\"Tiempo de lectura\" \/>\n\t<meta name=\"twitter:data2\" content=\"2 minutos\" \/>\n<script type=\"application\/ld+json\" class=\"yoast-schema-graph\">{\"@context\":\"https:\\\/\\\/schema.org\",\"@graph\":[{\"@type\":\"Article\",\"@id\":\"https:\\\/\\\/continuamosmx.com\\\/index.php\\\/2026\\\/09\\\/01\\\/gobierno-del-edomex-y-defensa-refuerzan-estrategia-de-seguridad-en-mesa-de-paz\\\/#article\",\"isPartOf\":{\"@id\":\"https:\\\/\\\/continuamosmx.com\\\/index.php\\\/2026\\\/09\\\/01\\\/gobierno-del-edomex-y-defensa-refuerzan-estrategia-de-seguridad-en-mesa-de-paz\\\/\"},\"author\":{\"name\":\"Continuamos MX\",\"@id\":\"https:\\\/\\\/continuamosmx.com\\\/#\\\/schema\\\/person\\\/5eb5356acb1fad784da407d14f0e8d89\"},\"headline\":\"GOBIERNO DEL EDOM\u00c9X Y DEFENSA REFUERZAN ESTRATEGIA DE SEGURIDAD EN MESA DE PAZ\",\"datePublished\":\"2026-09-01T17:45:57+00:00\",\"dateModified\":\"2026-09-01T17:45:58+00:00\",\"mainEntityOfPage\":{\"@id\":\"https:\\\/\\\/continuamosmx.com\\\/index.php\\\/2026\\\/09\\\/01\\\/gobierno-del-edomex-y-defensa-refuerzan-estrategia-de-seguridad-en-mesa-de-paz\\\/\"},\"wordCount\":262,\"publisher\":{\"@id\":\"https:\\\/\\\/continuamosmx.com\\\/#organization\"},\"image\":{\"@id\":\"https:\\\/\\\/continuamosmx.com\\\/index.php\\\/2026\\\/09\\\/01\\\/gobierno-del-edomex-y-defensa-refuerzan-estrategia-de-seguridad-en-mesa-de-paz\\\/#primaryimage\"},\"thumbnailUrl\":\"https:\\\/\\\/continuamosmx.com\\\/wp-content\\\/uploads\\\/2026\\\/09\\\/WhatsApp-Image-2026-09-01-at-10.59.09-AM-scaled.jpeg\",\"articleSection\":[\"EDOMEX\"],\"inLanguage\":\"es\"},{\"@type\":\"WebPage\",\"@id\":\"https:\\\/\\\/continuamosmx.com\\\/index.php\\\/2026\\\/09\\\/01\\\/gobierno-del-edomex-y-defensa-refuerzan-estrategia-de-seguridad-en-mesa-de-paz\\\/\",\"url\":\"https:\\\/\\\/continuamosmx.com\\\/index.php\\\/2026\\\/09\\\/01\\\/gobierno-del-edomex-y-defensa-refuerzan-estrategia-de-seguridad-en-mesa-de-paz\\\/\",\"name\":\"GOBIERNO DEL EDOM\u00c9X Y DEFENSA REFUERZAN ESTRATEGIA DE SEGURIDAD EN MESA DE PAZ -\",\"isPartOf\":{\"@id\":\"https:\\\/\\\/continuamosmx.com\\\/#website\"},\"primaryImageOfPage\":{\"@id\":\"https:\\\/\\\/continuamosmx.com\\\/index.php\\\/2026\\\/09\\\/01\\\/gobierno-del-edomex-y-defensa-refuerzan-estrategia-de-seguridad-en-mesa-de-paz\\\/#primaryimage\"},\"image\":{\"@id\":\"https:\\\/\\\/continuamosmx.com\\\/index.php\\\/2026\\\/09\\\/01\\\/gobierno-del-edomex-y-defensa-refuerzan-estrategia-de-seguridad-en-mesa-de-paz\\\/#primaryimage\"},\"thumbnailUrl\":\"https:\\\/\\\/continuamosmx.com\\\/wp-content\\\/uploads\\\/2026\\\/09\\\/WhatsApp-Image-2026-09-01-at-10.59.09-AM-scaled.jpeg\",\"datePublished\":\"2026-09-01T17:45:57+00:00\",\"dateModified\":\"2026-09-01T17:45:58+00:00\",\"breadcrumb\":{\"@id\":\"https:\\\/\\\/continuamosmx.com\\\/index.php\\\/2026\\\/09\\\/01\\\/gobierno-del-edomex-y-defensa-refuerzan-estrategia-de-seguridad-en-mesa-de-paz\\\/#breadcrumb\"},\"inLanguage\":\"es\",\"potentialAction\":[{\"@type\":\"ReadAction\",\"target\":[\"https:\\\/\\\/continuamosmx.com\\\/index.php\\\/2026\\\/09\\\/01\\\/gobierno-del-edomex-y-defensa-refuerzan-estrategia-de-seguridad-en-mesa-de-paz\\\/\"]}]},{\"@type\":\"ImageObject\",\"inLanguage\":\"es\",\"@id\":\"https:\\\/\\\/continuamosmx.com\\\/index.php\\\/2026\\\/09\\\/01\\\/gobierno-del-edomex-y-defensa-refuerzan-estrategia-de-seguridad-en-mesa-de-paz\\\/#primaryimage\",\"url\":\"https:\\\/\\\/continuamosmx.com\\\/wp-content\\\/uploads\\\/2026\\\/09\\\/WhatsApp-Image-2026-09-01-at-10.59.09-AM-scaled.jpeg\",\"contentUrl\":\"https:\\\/\\\/continuamosmx.com\\\/wp-content\\\/uploads\\\/2026\\\/09\\\/WhatsApp-Image-2026-09-01-at-10.59.09-AM-scaled.jpeg\",\"width\":2560,\"height\":1707},{\"@type\":\"BreadcrumbList\",\"@id\":\"https:\\\/\\\/continuamosmx.com\\\/index.php\\\/2026\\\/09\\\/01\\\/gobierno-del-edomex-y-defensa-refuerzan-estrategia-de-seguridad-en-mesa-de-paz\\\/#breadcrumb\",\"itemListElement\":[{\"@type\":\"ListItem\",\"position\":1,\"name\":\"Inicio\",\"item\":\"https:\\\/\\\/continuamosmx.com\\\/\"},{\"@type\":\"ListItem\",\"position\":2,\"name\":\"GOBIERNO DEL EDOM\u00c9X Y DEFENSA REFUERZAN ESTRATEGIA DE SEGURIDAD EN MESA DE PAZ\"}]},{\"@type\":\"WebSite\",\"@id\":\"https:\\\/\\\/continuamosmx.com\\\/#website\",\"url\":\"https:\\\/\\\/continuamosmx.com\\\/\",\"name\":\"www.continuamosmx.com\",\"description\":\"\",\"publisher\":{\"@id\":\"https:\\\/\\\/continuamosmx.com\\\/#organization\"},\"potentialAction\":[{\"@type\":\"SearchAction\",\"target\":{\"@type\":\"EntryPoint\",\"urlTemplate\":\"https:\\\/\\\/continuamosmx.com\\\/?s={search_term_string}\"},\"query-input\":{\"@type\":\"PropertyValueSpecification\",\"valueRequired\":true,\"valueName\":\"search_term_string\"}}],\"inLanguage\":\"es\"},{\"@type\":\"Organization\",\"@id\":\"https:\\\/\\\/continuamosmx.com\\\/#organization\",\"name\":\"ContinuamosMX\",\"url\":\"https:\\\/\\\/continuamosmx.com\\\/\",\"logo\":{\"@type\":\"ImageObject\",\"inLanguage\":\"es\",\"@id\":\"https:\\\/\\\/continuamosmx.com\\\/#\\\/schema\\\/logo\\\/image\\\/\",\"url\":\"https:\\\/\\\/continuamosmx.com\\\/wp-content\\\/uploads\\\/2023\\\/04\\\/cropped-LOGO-CONTI-NUEVO.png\",\"contentUrl\":\"https:\\\/\\\/continuamosmx.com\\\/wp-content\\\/uploads\\\/2023\\\/04\\\/cropped-LOGO-CONTI-NUEVO.png\",\"width\":1257,\"height\":430,\"caption\":\"ContinuamosMX\"},\"image\":{\"@id\":\"https:\\\/\\\/continuamosmx.com\\\/#\\\/schema\\\/logo\\\/image\\\/\"}},{\"@type\":\"Person\",\"@id\":\"https:\\\/\\\/continuamosmx.com\\\/#\\\/schema\\\/person\\\/5eb5356acb1fad784da407d14f0e8d89\",\"name\":\"Continuamos MX\",\"image\":{\"@type\":\"ImageObject\",\"inLanguage\":\"es\",\"@id\":\"https:\\\/\\\/secure.gravatar.com\\\/avatar\\\/30d4f9723476a15f4da34d35fb3501f08d2357016c76051c6a85c354c7489589?s=96&d=mm&r=g\",\"url\":\"https:\\\/\\\/secure.gravatar.com\\\/avatar\\\/30d4f9723476a15f4da34d35fb3501f08d2357016c76051c6a85c354c7489589?s=96&d=mm&r=g\",\"contentUrl\":\"https:\\\/\\\/secure.gravatar.com\\\/avatar\\\/30d4f9723476a15f4da34d35fb3501f08d2357016c76051c6a85c354c7489589?s=96&d=mm&r=g\",\"caption\":\"Continuamos MX\"},\"sameAs\":[\"http:\\\/\\\/www.continuamos.mx\"],\"url\":\"https:\\\/\\\/continuamosmx.com\\\/index.php\\\/author\\\/continuamos\\\/\"}]}<\/script>\n<!-- \/ Yoast SEO plugin. -->","yoast_head_json":{"title":"GOBIERNO DEL EDOM\u00c9X Y DEFENSA REFUERZAN ESTRATEGIA DE SEGURIDAD EN MESA DE PAZ -","robots":{"index":"index","follow":"follow","max-snippet":"max-snippet:-1","max-image-preview":"max-image-preview:large","max-video-preview":"max-video-preview:-1"},"canonical":"https:\/\/continuamosmx.com\/index.php\/2026\/09\/01\/gobierno-del-edomex-y-defensa-refuerzan-estrategia-de-seguridad-en-mesa-de-paz\/","og_locale":"es_ES","og_type":"article","og_title":"GOBIERNO DEL EDOM\u00c9X Y DEFENSA REFUERZAN ESTRATEGIA DE SEGURIDAD EN MESA DE PAZ -","og_description":"*Autoridades estatales y federales consolidan su alianza t\u00e1ctica por la seguridad de las familias mexiquenses. TOLUCA, Estado de M\u00e9xico. \u2014 Bajo la directriz de la Gobernadora Delfina G\u00f3mez \u00c1lvarez, el Secretario General de Gobierno, Horacio Duarte Olivares, encabez\u00f3 la sesi\u00f3n 166 de la Mesa de Paz en las instalaciones de la Secretar\u00eda de la Defensa [&hellip;]","og_url":"https:\/\/continuamosmx.com\/index.php\/2026\/09\/01\/gobierno-del-edomex-y-defensa-refuerzan-estrategia-de-seguridad-en-mesa-de-paz\/","article_published_time":"2026-09-01T17:45:57+00:00","article_modified_time":"2026-09-01T17:45:58+00:00","og_image":[{"width":2560,"height":1707,"url":"https:\/\/continuamosmx.com\/wp-content\/uploads\/2026\/09\/WhatsApp-Image-2026-09-01-at-10.59.09-AM-scaled.jpeg","type":"image\/jpeg"}],"author":"Continuamos MX","twitter_card":"summary_large_image","twitter_misc":{"Escrito por":"Continuamos MX","Tiempo de lectura":"2 minutos"},"schema":{"@context":"https:\/\/schema.org","@graph":[{"@type":"Article","@id":"https:\/\/continuamosmx.com\/index.php\/2026\/09\/01\/gobierno-del-edomex-y-defensa-refuerzan-estrategia-de-seguridad-en-mesa-de-paz\/#article","isPartOf":{"@id":"https:\/\/continuamosmx.com\/index.php\/2026\/09\/01\/gobierno-del-edomex-y-defensa-refuerzan-estrategia-de-seguridad-en-mesa-de-paz\/"},"author":{"name":"Continuamos MX","@id":"https:\/\/continuamosmx.com\/#\/schema\/person\/5eb5356acb1fad784da407d14f0e8d89"},"headline":"GOBIERNO DEL EDOM\u00c9X Y DEFENSA REFUERZAN ESTRATEGIA DE SEGURIDAD EN MESA DE PAZ","datePublished":"2026-09-01T17:45:57+00:00","dateModified":"2026-09-01T17:45:58+00:00","mainEntityOfPage":{"@id":"https:\/\/continuamosmx.com\/index.php\/2026\/09\/01\/gobierno-del-edomex-y-defensa-refuerzan-estrategia-de-seguridad-en-mesa-de-paz\/"},"wordCount":262,"publisher":{"@id":"https:\/\/continuamosmx.com\/#organization"},"image":{"@id":"https:\/\/continuamosmx.com\/index.php\/2026\/09\/01\/gobierno-del-edomex-y-defensa-refuerzan-estrategia-de-seguridad-en-mesa-de-paz\/#primaryimage"},"thumbnailUrl":"https:\/\/continuamosmx.com\/wp-content\/uploads\/2026\/09\/WhatsApp-Image-2026-09-01-at-10.59.09-AM-scaled.jpeg","articleSection":["EDOMEX"],"inLanguage":"es"},{"@type":"WebPage","@id":"https:\/\/continuamosmx.com\/index.php\/2026\/09\/01\/gobierno-del-edomex-y-defensa-refuerzan-estrategia-de-seguridad-en-mesa-de-paz\/","url":"https:\/\/continuamosmx.com\/index.php\/2026\/09\/01\/gobierno-del-edomex-y-defensa-refuerzan-estrategia-de-seguridad-en-mesa-de-paz\/","name":"GOBIERNO DEL EDOM\u00c9X Y DEFENSA REFUERZAN ESTRATEGIA DE SEGURIDAD EN MESA DE PAZ -","isPartOf":{"@id":"https:\/\/continuamosmx.com\/#website"},"primaryImageOfPage":{"@id":"https:\/\/continuamosmx.com\/index.php\/2026\/09\/01\/gobierno-del-edomex-y-defensa-refuerzan-estrategia-de-seguridad-en-mesa-de-paz\/#primaryimage"},"image":{"@id":"https:\/\/continuamosmx.com\/index.php\/2026\/09\/01\/gobierno-del-edomex-y-defensa-refuerzan-estrategia-de-seguridad-en-mesa-de-paz\/#primaryimage"},"thumbnailUrl":"https:\/\/continuamosmx.com\/wp-content\/uploads\/2026\/09\/WhatsApp-Image-2026-09-01-at-10.59.09-AM-scaled.jpeg","datePublished":"2026-09-01T17:45:57+00:00","dateModified":"2026-09-01T17:45:58+00:00","breadcrumb":{"@id":"https:\/\/continuamosmx.com\/index.php\/2026\/09\/01\/gobierno-del-edomex-y-defensa-refuerzan-estrategia-de-seguridad-en-mesa-de-paz\/#breadcrumb"},"inLanguage":"es","potentialAction":[{"@type":"ReadAction","target":["https:\/\/continuamosmx.com\/index.php\/2026\/09\/01\/gobierno-del-edomex-y-defensa-refuerzan-estrategia-de-seguridad-en-mesa-de-paz\/"]}]},{"@type":"ImageObject","inLanguage":"es","@id":"https:\/\/continuamosmx.com\/index.php\/2026\/09\/01\/gobierno-del-edomex-y-defensa-refuerzan-estrategia-de-seguridad-en-mesa-de-paz\/#primaryimage","url":"https:\/\/continuamosmx.com\/wp-content\/uploads\/2026\/09\/WhatsApp-Image-2026-09-01-at-10.59.09-AM-scaled.jpeg","contentUrl":"https:\/\/continuamosmx.com\/wp-content\/uploads\/2026\/09\/WhatsApp-Image-2026-09-01-at-10.59.09-AM-scaled.jpeg","width":2560,"height":1707},{"@type":"BreadcrumbList","@id":"https:\/\/continuamosmx.com\/index.php\/2026\/09\/01\/gobierno-del-edomex-y-defensa-refuerzan-estrategia-de-seguridad-en-mesa-de-paz\/#breadcrumb","itemListElement":[{"@type":"ListItem","position":1,"name":"Inicio","item":"https:\/\/continuamosmx.com\/"},{"@type":"ListItem","position":2,"name":"GOBIERNO DEL EDOM\u00c9X Y DEFENSA REFUERZAN ESTRATEGIA DE SEGURIDAD EN MESA DE PAZ"}]},{"@type":"WebSite","@id":"https:\/\/continuamosmx.com\/#website","url":"https:\/\/continuamosmx.com\/","name":"www.continuamosmx.com","description":"","publisher":{"@id":"https:\/\/continuamosmx.com\/#organization"},"potentialAction":[{"@type":"SearchAction","target":{"@type":"EntryPoint","urlTemplate":"https:\/\/continuamosmx.com\/?s={search_term_string}"},"query-input":{"@type":"PropertyValueSpecification","valueRequired":true,"valueName":"search_term_string"}}],"inLanguage":"es"},{"@type":"Organization","@id":"https:\/\/continuamosmx.com\/#organization","name":"ContinuamosMX","url":"https:\/\/continuamosmx.com\/","logo":{"@type":"ImageObject","inLanguage":"es","@id":"https:\/\/continuamosmx.com\/#\/schema\/logo\/image\/","url":"https:\/\/continuamosmx.com\/wp-content\/uploads\/2023\/04\/cropped-LOGO-CONTI-NUEVO.png","contentUrl":"https:\/\/continuamosmx.com\/wp-content\/uploads\/2023\/04\/cropped-LOGO-CONTI-NUEVO.png","width":1257,"height":430,"caption":"ContinuamosMX"},"image":{"@id":"https:\/\/continuamosmx.com\/#\/schema\/logo\/image\/"}},{"@type":"Person","@id":"https:\/\/continuamosmx.com\/#\/schema\/person\/5eb5356acb1fad784da407d14f0e8d89","name":"Continuamos MX","image":{"@type":"ImageObject","inLanguage":"es","@id":"https:\/\/secure.gravatar.com\/avatar\/30d4f9723476a15f4da34d35fb3501f08d2357016c76051c6a85c354c7489589?s=96&d=mm&r=g","url":"https:\/\/secure.gravatar.com\/avatar\/30d4f9723476a15f4da34d35fb3501f08d2357016c76051c6a85c354c7489589?s=96&d=mm&r=g","contentUrl":"https:\/\/secure.gravatar.com\/avatar\/30d4f9723476a15f4da34d35fb3501f08d2357016c76051c6a85c354c7489589?s=96&d=mm&r=g","caption":"Continuamos MX"},"sameAs":["http:\/\/www.continuamos.mx"],"url":"https:\/\/continuamosmx.com\/index.php\/author\/continuamos\/"}]}},"_links":{"self":[{"href":"https:\/\/continuamosmx.com\/index.php\/wp-json\/wp\/v2\/posts\/58177","targetHints":{"allow":["GET"]}}],"collection":[{"href":"https:\/\/continuamosmx.com\/index.php\/wp-json\/wp\/v2\/posts"}],"about":[{"href":"https:\/\/continuamosmx.com\/index.php\/wp-json\/wp\/v2\/types\/post"}],"author":[{"embeddable":true,"href":"https:\/\/continuamosmx.com\/index.php\/wp-json\/wp\/v2\/users\/6"}],"replies":[{"embeddable":true,"href":"https:\/\/continuamosmx.com\/index.php\/wp-json\/wp\/v2\/comments?post=58177"}],"version-history":[{"count":1,"href":"https:\/\/continuamosmx.com\/index.php\/wp-json\/wp\/v2\/posts\/58177\/revisions"}],"predecessor-version":[{"id":58179,"href":"https:\/\/continuamosmx.com\/index.php\/wp-json\/wp\/v2\/posts\/58177\/revisions\/58179"}],"wp:featuredmedia":[{"embeddable":true,"href":"https:\/\/continuamosmx.com\/index.php\/wp-json\/wp\/v2\/media\/58178"}],"wp:attachment":[{"href":"https:\/\/continuamosmx.com\/index.php\/wp-json\/wp\/v2\/media?parent=58177"}],"wp:term":[{"taxonomy":"category","embeddable":true,"href":"https:\/\/continuamosmx.com\/index.php\/wp-json\/wp\/v2\/categories?post=58177"},{"taxonomy":"post_tag","embeddable":true,"href":"https:\/\/continuamosmx.com\/index.php\/wp-json\/wp\/v2\/tags?post=58177"}],"curies":[{"name":"wp","href":"https:\/\/api.w.org\/{rel}","templated":true}]}}