{"id":58174,"date":"2026-09-01T01:04:16","date_gmt":"2026-09-01T07:04:16","guid":{"rendered":"https:\/\/continuamosmx.com\/?p=58174"},"modified":"2026-09-01T01:04:17","modified_gmt":"2026-09-01T07:04:17","slug":"celebra-jilotzingo-la-grandeza-de-sus-adultos-mayores-con-emotivo-festejo","status":"publish","type":"post","link":"https:\/\/continuamosmx.com\/index.php\/2026\/09\/01\/celebra-jilotzingo-la-grandeza-de-sus-adultos-mayores-con-emotivo-festejo\/","title":{"rendered":"CELEBRA JILOTZINGO LA GRANDEZA DE SUS ADULTOS MAYORES CON EMOTIVO FESTEJO"},"content":{"rendered":"\n<h3 class=\"wp-block-heading\">*<strong>El alcalde Raziel Chavarr\u00eda Chavarr\u00eda y el Sistema DIF Jilotzingo encabezaron una celebraci\u00f3n llena de m\u00fasica, rifas y convivencia para reconocer la experiencia y el legado de las personas de la tercera edad<\/strong><\/h3>\n\n\n\n<p class=\"wp-block-paragraph\"><strong>Jilotzingo, Estado de M\u00e9xico, septiembre de 2026.<\/strong> \u2014 Con un ambiente de alegr\u00eda, m\u00fasica y gran entusiasmo, el Gobierno de Jilotzingo, encabezado por el presidente municipal Raziel Chavarr\u00eda Chavarr\u00eda, en coordinaci\u00f3n con el Sistema DIF Jilotzingo, llev\u00f3 a cabo un emotivo festejo para honrar a las y los adultos mayores del municipio.<\/p>\n\n\n\n<p class=\"wp-block-paragraph\">El encuentro reuni\u00f3 a decenas de abuelitas y abuelitos pertenecientes a los diferentes clubes de la demarcaci\u00f3n, quienes disfrutaron de una jornada dise\u00f1ada especialmente para su bienestar y recreaci\u00f3n. Durante el evento, los asistentes compartieron de comida, pastel y rifas de regalos, adem\u00e1s de presenciar n\u00fameros art\u00edsticos que incluyeron presentaciones de baile a cargo de los propios clubes locales y la actuaci\u00f3n estelar de un cantante e imitador que puso a bailar a todos los presentes.<\/p>\n\n\n\n<blockquote class=\"wp-block-quote is-layout-flow wp-block-quote-is-layout-flow\">\n<p class=\"wp-block-paragraph\"><em>\u00abCelebrarles es reconocer la experiencia, las historias y todo lo que aportan a nuestra comunidad\u00bb<\/em>, destacaron las autoridades municipales al agradecer la participaci\u00f3n y el entusiasmo de cada uno de los asistentes que hicieron posible este memorable encuentro.<\/p>\n<\/blockquote>\n\n\n\n<p class=\"wp-block-paragraph\">El Gobierno Municipal y el DIF Jilotzingo refrendaron de esta manera su compromiso permanente con el bienestar, la inclusi\u00f3n y el reconocimiento social de las personas adultas mayores, pilares fundamentales en la construcci\u00f3n de la identidad y la historia del municipio.<\/p>\n","protected":false},"excerpt":{"rendered":"<p>*El alcalde Raziel Chavarr\u00eda Chavarr\u00eda y el Sistema DIF Jilotzingo encabezaron una celebraci\u00f3n llena de m\u00fasica, rifas y convivencia para reconocer la experiencia y el legado de las personas de la tercera edad Jilotzingo, Estado de M\u00e9xico, septiembre de 2026. \u2014 Con un ambiente de alegr\u00eda, m\u00fasica y gran entusiasmo, el Gobierno de Jilotzingo, encabezado [&hellip;]<\/p>\n","protected":false},"author":6,"featured_media":58175,"comment_status":"closed","ping_status":"closed","sticky":false,"template":"","format":"standard","meta":{"footnotes":""},"categories":[169,4],"tags":[],"class_list":["post-58174","post","type-post","status-publish","format-standard","has-post-thumbnail","hentry","category-jilotzingo","category-locales"],"yoast_head":"<!-- This site is optimized with the Yoast SEO plugin v28.3 - https:\/\/yoast.com\/product\/yoast-seo-wordpress\/ -->\n<title>CELEBRA JILOTZINGO LA GRANDEZA DE SUS ADULTOS MAYORES CON EMOTIVO FESTEJO -<\/title>\n<meta name=\"robots\" content=\"index, follow, max-snippet:-1, max-image-preview:large, max-video-preview:-1\" \/>\n<link rel=\"canonical\" href=\"https:\/\/continuamosmx.com\/index.php\/2026\/09\/01\/celebra-jilotzingo-la-grandeza-de-sus-adultos-mayores-con-emotivo-festejo\/\" \/>\n<meta property=\"og:locale\" content=\"es_ES\" \/>\n<meta property=\"og:type\" content=\"article\" \/>\n<meta property=\"og:title\" content=\"CELEBRA JILOTZINGO LA GRANDEZA DE SUS ADULTOS MAYORES CON EMOTIVO FESTEJO -\" \/>\n<meta property=\"og:description\" content=\"*El alcalde Raziel Chavarr\u00eda Chavarr\u00eda y el Sistema DIF Jilotzingo encabezaron una celebraci\u00f3n llena de m\u00fasica, rifas y convivencia para reconocer la experiencia y el legado de las personas de la tercera edad Jilotzingo, Estado de M\u00e9xico, septiembre de 2026. \u2014 Con un ambiente de alegr\u00eda, m\u00fasica y gran entusiasmo, el Gobierno de Jilotzingo, encabezado [&hellip;]\" \/>\n<meta property=\"og:url\" content=\"https:\/\/continuamosmx.com\/index.php\/2026\/09\/01\/celebra-jilotzingo-la-grandeza-de-sus-adultos-mayores-con-emotivo-festejo\/\" \/>\n<meta property=\"article:published_time\" content=\"2026-09-01T07:04:16+00:00\" \/>\n<meta property=\"article:modified_time\" content=\"2026-09-01T07:04:17+00:00\" \/>\n<meta property=\"og:image\" content=\"https:\/\/continuamosmx.com\/wp-content\/uploads\/2026\/09\/AD3.jpg\" \/>\n\t<meta property=\"og:image:width\" content=\"2048\" \/>\n\t<meta property=\"og:image:height\" content=\"1366\" \/>\n\t<meta property=\"og:image:type\" content=\"image\/jpeg\" \/>\n<meta name=\"author\" content=\"Continuamos MX\" \/>\n<meta name=\"twitter:card\" content=\"summary_large_image\" \/>\n<meta name=\"twitter:label1\" content=\"Escrito por\" \/>\n\t<meta name=\"twitter:data1\" content=\"Continuamos MX\" \/>\n\t<meta name=\"twitter:label2\" content=\"Tiempo de lectura\" \/>\n\t<meta name=\"twitter:data2\" content=\"2 minutos\" \/>\n<script type=\"application\/ld+json\" class=\"yoast-schema-graph\">{\"@context\":\"https:\\\/\\\/schema.org\",\"@graph\":[{\"@type\":\"Article\",\"@id\":\"https:\\\/\\\/continuamosmx.com\\\/index.php\\\/2026\\\/09\\\/01\\\/celebra-jilotzingo-la-grandeza-de-sus-adultos-mayores-con-emotivo-festejo\\\/#article\",\"isPartOf\":{\"@id\":\"https:\\\/\\\/continuamosmx.com\\\/index.php\\\/2026\\\/09\\\/01\\\/celebra-jilotzingo-la-grandeza-de-sus-adultos-mayores-con-emotivo-festejo\\\/\"},\"author\":{\"name\":\"Continuamos MX\",\"@id\":\"https:\\\/\\\/continuamosmx.com\\\/#\\\/schema\\\/person\\\/5eb5356acb1fad784da407d14f0e8d89\"},\"headline\":\"CELEBRA JILOTZINGO LA GRANDEZA DE SUS ADULTOS MAYORES CON EMOTIVO FESTEJO\",\"datePublished\":\"2026-09-01T07:04:16+00:00\",\"dateModified\":\"2026-09-01T07:04:17+00:00\",\"mainEntityOfPage\":{\"@id\":\"https:\\\/\\\/continuamosmx.com\\\/index.php\\\/2026\\\/09\\\/01\\\/celebra-jilotzingo-la-grandeza-de-sus-adultos-mayores-con-emotivo-festejo\\\/\"},\"wordCount\":269,\"publisher\":{\"@id\":\"https:\\\/\\\/continuamosmx.com\\\/#organization\"},\"image\":{\"@id\":\"https:\\\/\\\/continuamosmx.com\\\/index.php\\\/2026\\\/09\\\/01\\\/celebra-jilotzingo-la-grandeza-de-sus-adultos-mayores-con-emotivo-festejo\\\/#primaryimage\"},\"thumbnailUrl\":\"https:\\\/\\\/continuamosmx.com\\\/wp-content\\\/uploads\\\/2026\\\/09\\\/AD3.jpg\",\"articleSection\":[\"JILOTZINGO\",\"LOCALES\"],\"inLanguage\":\"es\"},{\"@type\":\"WebPage\",\"@id\":\"https:\\\/\\\/continuamosmx.com\\\/index.php\\\/2026\\\/09\\\/01\\\/celebra-jilotzingo-la-grandeza-de-sus-adultos-mayores-con-emotivo-festejo\\\/\",\"url\":\"https:\\\/\\\/continuamosmx.com\\\/index.php\\\/2026\\\/09\\\/01\\\/celebra-jilotzingo-la-grandeza-de-sus-adultos-mayores-con-emotivo-festejo\\\/\",\"name\":\"CELEBRA JILOTZINGO LA GRANDEZA DE SUS ADULTOS MAYORES CON EMOTIVO FESTEJO -\",\"isPartOf\":{\"@id\":\"https:\\\/\\\/continuamosmx.com\\\/#website\"},\"primaryImageOfPage\":{\"@id\":\"https:\\\/\\\/continuamosmx.com\\\/index.php\\\/2026\\\/09\\\/01\\\/celebra-jilotzingo-la-grandeza-de-sus-adultos-mayores-con-emotivo-festejo\\\/#primaryimage\"},\"image\":{\"@id\":\"https:\\\/\\\/continuamosmx.com\\\/index.php\\\/2026\\\/09\\\/01\\\/celebra-jilotzingo-la-grandeza-de-sus-adultos-mayores-con-emotivo-festejo\\\/#primaryimage\"},\"thumbnailUrl\":\"https:\\\/\\\/continuamosmx.com\\\/wp-content\\\/uploads\\\/2026\\\/09\\\/AD3.jpg\",\"datePublished\":\"2026-09-01T07:04:16+00:00\",\"dateModified\":\"2026-09-01T07:04:17+00:00\",\"breadcrumb\":{\"@id\":\"https:\\\/\\\/continuamosmx.com\\\/index.php\\\/2026\\\/09\\\/01\\\/celebra-jilotzingo-la-grandeza-de-sus-adultos-mayores-con-emotivo-festejo\\\/#breadcrumb\"},\"inLanguage\":\"es\",\"potentialAction\":[{\"@type\":\"ReadAction\",\"target\":[\"https:\\\/\\\/continuamosmx.com\\\/index.php\\\/2026\\\/09\\\/01\\\/celebra-jilotzingo-la-grandeza-de-sus-adultos-mayores-con-emotivo-festejo\\\/\"]}]},{\"@type\":\"ImageObject\",\"inLanguage\":\"es\",\"@id\":\"https:\\\/\\\/continuamosmx.com\\\/index.php\\\/2026\\\/09\\\/01\\\/celebra-jilotzingo-la-grandeza-de-sus-adultos-mayores-con-emotivo-festejo\\\/#primaryimage\",\"url\":\"https:\\\/\\\/continuamosmx.com\\\/wp-content\\\/uploads\\\/2026\\\/09\\\/AD3.jpg\",\"contentUrl\":\"https:\\\/\\\/continuamosmx.com\\\/wp-content\\\/uploads\\\/2026\\\/09\\\/AD3.jpg\",\"width\":2048,\"height\":1366},{\"@type\":\"BreadcrumbList\",\"@id\":\"https:\\\/\\\/continuamosmx.com\\\/index.php\\\/2026\\\/09\\\/01\\\/celebra-jilotzingo-la-grandeza-de-sus-adultos-mayores-con-emotivo-festejo\\\/#breadcrumb\",\"itemListElement\":[{\"@type\":\"ListItem\",\"position\":1,\"name\":\"Inicio\",\"item\":\"https:\\\/\\\/continuamosmx.com\\\/\"},{\"@type\":\"ListItem\",\"position\":2,\"name\":\"CELEBRA JILOTZINGO LA GRANDEZA DE SUS ADULTOS MAYORES CON EMOTIVO FESTEJO\"}]},{\"@type\":\"WebSite\",\"@id\":\"https:\\\/\\\/continuamosmx.com\\\/#website\",\"url\":\"https:\\\/\\\/continuamosmx.com\\\/\",\"name\":\"www.continuamosmx.com\",\"description\":\"\",\"publisher\":{\"@id\":\"https:\\\/\\\/continuamosmx.com\\\/#organization\"},\"potentialAction\":[{\"@type\":\"SearchAction\",\"target\":{\"@type\":\"EntryPoint\",\"urlTemplate\":\"https:\\\/\\\/continuamosmx.com\\\/?s={search_term_string}\"},\"query-input\":{\"@type\":\"PropertyValueSpecification\",\"valueRequired\":true,\"valueName\":\"search_term_string\"}}],\"inLanguage\":\"es\"},{\"@type\":\"Organization\",\"@id\":\"https:\\\/\\\/continuamosmx.com\\\/#organization\",\"name\":\"ContinuamosMX\",\"url\":\"https:\\\/\\\/continuamosmx.com\\\/\",\"logo\":{\"@type\":\"ImageObject\",\"inLanguage\":\"es\",\"@id\":\"https:\\\/\\\/continuamosmx.com\\\/#\\\/schema\\\/logo\\\/image\\\/\",\"url\":\"https:\\\/\\\/continuamosmx.com\\\/wp-content\\\/uploads\\\/2023\\\/04\\\/cropped-LOGO-CONTI-NUEVO.png\",\"contentUrl\":\"https:\\\/\\\/continuamosmx.com\\\/wp-content\\\/uploads\\\/2023\\\/04\\\/cropped-LOGO-CONTI-NUEVO.png\",\"width\":1257,\"height\":430,\"caption\":\"ContinuamosMX\"},\"image\":{\"@id\":\"https:\\\/\\\/continuamosmx.com\\\/#\\\/schema\\\/logo\\\/image\\\/\"}},{\"@type\":\"Person\",\"@id\":\"https:\\\/\\\/continuamosmx.com\\\/#\\\/schema\\\/person\\\/5eb5356acb1fad784da407d14f0e8d89\",\"name\":\"Continuamos MX\",\"image\":{\"@type\":\"ImageObject\",\"inLanguage\":\"es\",\"@id\":\"https:\\\/\\\/secure.gravatar.com\\\/avatar\\\/30d4f9723476a15f4da34d35fb3501f08d2357016c76051c6a85c354c7489589?s=96&d=mm&r=g\",\"url\":\"https:\\\/\\\/secure.gravatar.com\\\/avatar\\\/30d4f9723476a15f4da34d35fb3501f08d2357016c76051c6a85c354c7489589?s=96&d=mm&r=g\",\"contentUrl\":\"https:\\\/\\\/secure.gravatar.com\\\/avatar\\\/30d4f9723476a15f4da34d35fb3501f08d2357016c76051c6a85c354c7489589?s=96&d=mm&r=g\",\"caption\":\"Continuamos MX\"},\"sameAs\":[\"http:\\\/\\\/www.continuamos.mx\"],\"url\":\"https:\\\/\\\/continuamosmx.com\\\/index.php\\\/author\\\/continuamos\\\/\"}]}<\/script>\n<!-- \/ Yoast SEO plugin. -->","yoast_head_json":{"title":"CELEBRA JILOTZINGO LA GRANDEZA DE SUS ADULTOS MAYORES CON EMOTIVO FESTEJO -","robots":{"index":"index","follow":"follow","max-snippet":"max-snippet:-1","max-image-preview":"max-image-preview:large","max-video-preview":"max-video-preview:-1"},"canonical":"https:\/\/continuamosmx.com\/index.php\/2026\/09\/01\/celebra-jilotzingo-la-grandeza-de-sus-adultos-mayores-con-emotivo-festejo\/","og_locale":"es_ES","og_type":"article","og_title":"CELEBRA JILOTZINGO LA GRANDEZA DE SUS ADULTOS MAYORES CON EMOTIVO FESTEJO -","og_description":"*El alcalde Raziel Chavarr\u00eda Chavarr\u00eda y el Sistema DIF Jilotzingo encabezaron una celebraci\u00f3n llena de m\u00fasica, rifas y convivencia para reconocer la experiencia y el legado de las personas de la tercera edad Jilotzingo, Estado de M\u00e9xico, septiembre de 2026. \u2014 Con un ambiente de alegr\u00eda, m\u00fasica y gran entusiasmo, el Gobierno de Jilotzingo, encabezado [&hellip;]","og_url":"https:\/\/continuamosmx.com\/index.php\/2026\/09\/01\/celebra-jilotzingo-la-grandeza-de-sus-adultos-mayores-con-emotivo-festejo\/","article_published_time":"2026-09-01T07:04:16+00:00","article_modified_time":"2026-09-01T07:04:17+00:00","og_image":[{"width":2048,"height":1366,"url":"https:\/\/continuamosmx.com\/wp-content\/uploads\/2026\/09\/AD3.jpg","type":"image\/jpeg"}],"author":"Continuamos MX","twitter_card":"summary_large_image","twitter_misc":{"Escrito por":"Continuamos MX","Tiempo de lectura":"2 minutos"},"schema":{"@context":"https:\/\/schema.org","@graph":[{"@type":"Article","@id":"https:\/\/continuamosmx.com\/index.php\/2026\/09\/01\/celebra-jilotzingo-la-grandeza-de-sus-adultos-mayores-con-emotivo-festejo\/#article","isPartOf":{"@id":"https:\/\/continuamosmx.com\/index.php\/2026\/09\/01\/celebra-jilotzingo-la-grandeza-de-sus-adultos-mayores-con-emotivo-festejo\/"},"author":{"name":"Continuamos MX","@id":"https:\/\/continuamosmx.com\/#\/schema\/person\/5eb5356acb1fad784da407d14f0e8d89"},"headline":"CELEBRA JILOTZINGO LA GRANDEZA DE SUS ADULTOS MAYORES CON EMOTIVO FESTEJO","datePublished":"2026-09-01T07:04:16+00:00","dateModified":"2026-09-01T07:04:17+00:00","mainEntityOfPage":{"@id":"https:\/\/continuamosmx.com\/index.php\/2026\/09\/01\/celebra-jilotzingo-la-grandeza-de-sus-adultos-mayores-con-emotivo-festejo\/"},"wordCount":269,"publisher":{"@id":"https:\/\/continuamosmx.com\/#organization"},"image":{"@id":"https:\/\/continuamosmx.com\/index.php\/2026\/09\/01\/celebra-jilotzingo-la-grandeza-de-sus-adultos-mayores-con-emotivo-festejo\/#primaryimage"},"thumbnailUrl":"https:\/\/continuamosmx.com\/wp-content\/uploads\/2026\/09\/AD3.jpg","articleSection":["JILOTZINGO","LOCALES"],"inLanguage":"es"},{"@type":"WebPage","@id":"https:\/\/continuamosmx.com\/index.php\/2026\/09\/01\/celebra-jilotzingo-la-grandeza-de-sus-adultos-mayores-con-emotivo-festejo\/","url":"https:\/\/continuamosmx.com\/index.php\/2026\/09\/01\/celebra-jilotzingo-la-grandeza-de-sus-adultos-mayores-con-emotivo-festejo\/","name":"CELEBRA JILOTZINGO LA GRANDEZA DE SUS ADULTOS MAYORES CON EMOTIVO FESTEJO -","isPartOf":{"@id":"https:\/\/continuamosmx.com\/#website"},"primaryImageOfPage":{"@id":"https:\/\/continuamosmx.com\/index.php\/2026\/09\/01\/celebra-jilotzingo-la-grandeza-de-sus-adultos-mayores-con-emotivo-festejo\/#primaryimage"},"image":{"@id":"https:\/\/continuamosmx.com\/index.php\/2026\/09\/01\/celebra-jilotzingo-la-grandeza-de-sus-adultos-mayores-con-emotivo-festejo\/#primaryimage"},"thumbnailUrl":"https:\/\/continuamosmx.com\/wp-content\/uploads\/2026\/09\/AD3.jpg","datePublished":"2026-09-01T07:04:16+00:00","dateModified":"2026-09-01T07:04:17+00:00","breadcrumb":{"@id":"https:\/\/continuamosmx.com\/index.php\/2026\/09\/01\/celebra-jilotzingo-la-grandeza-de-sus-adultos-mayores-con-emotivo-festejo\/#breadcrumb"},"inLanguage":"es","potentialAction":[{"@type":"ReadAction","target":["https:\/\/continuamosmx.com\/index.php\/2026\/09\/01\/celebra-jilotzingo-la-grandeza-de-sus-adultos-mayores-con-emotivo-festejo\/"]}]},{"@type":"ImageObject","inLanguage":"es","@id":"https:\/\/continuamosmx.com\/index.php\/2026\/09\/01\/celebra-jilotzingo-la-grandeza-de-sus-adultos-mayores-con-emotivo-festejo\/#primaryimage","url":"https:\/\/continuamosmx.com\/wp-content\/uploads\/2026\/09\/AD3.jpg","contentUrl":"https:\/\/continuamosmx.com\/wp-content\/uploads\/2026\/09\/AD3.jpg","width":2048,"height":1366},{"@type":"BreadcrumbList","@id":"https:\/\/continuamosmx.com\/index.php\/2026\/09\/01\/celebra-jilotzingo-la-grandeza-de-sus-adultos-mayores-con-emotivo-festejo\/#breadcrumb","itemListElement":[{"@type":"ListItem","position":1,"name":"Inicio","item":"https:\/\/continuamosmx.com\/"},{"@type":"ListItem","position":2,"name":"CELEBRA JILOTZINGO LA GRANDEZA DE SUS ADULTOS MAYORES CON EMOTIVO FESTEJO"}]},{"@type":"WebSite","@id":"https:\/\/continuamosmx.com\/#website","url":"https:\/\/continuamosmx.com\/","name":"www.continuamosmx.com","description":"","publisher":{"@id":"https:\/\/continuamosmx.com\/#organization"},"potentialAction":[{"@type":"SearchAction","target":{"@type":"EntryPoint","urlTemplate":"https:\/\/continuamosmx.com\/?s={search_term_string}"},"query-input":{"@type":"PropertyValueSpecification","valueRequired":true,"valueName":"search_term_string"}}],"inLanguage":"es"},{"@type":"Organization","@id":"https:\/\/continuamosmx.com\/#organization","name":"ContinuamosMX","url":"https:\/\/continuamosmx.com\/","logo":{"@type":"ImageObject","inLanguage":"es","@id":"https:\/\/continuamosmx.com\/#\/schema\/logo\/image\/","url":"https:\/\/continuamosmx.com\/wp-content\/uploads\/2023\/04\/cropped-LOGO-CONTI-NUEVO.png","contentUrl":"https:\/\/continuamosmx.com\/wp-content\/uploads\/2023\/04\/cropped-LOGO-CONTI-NUEVO.png","width":1257,"height":430,"caption":"ContinuamosMX"},"image":{"@id":"https:\/\/continuamosmx.com\/#\/schema\/logo\/image\/"}},{"@type":"Person","@id":"https:\/\/continuamosmx.com\/#\/schema\/person\/5eb5356acb1fad784da407d14f0e8d89","name":"Continuamos MX","image":{"@type":"ImageObject","inLanguage":"es","@id":"https:\/\/secure.gravatar.com\/avatar\/30d4f9723476a15f4da34d35fb3501f08d2357016c76051c6a85c354c7489589?s=96&d=mm&r=g","url":"https:\/\/secure.gravatar.com\/avatar\/30d4f9723476a15f4da34d35fb3501f08d2357016c76051c6a85c354c7489589?s=96&d=mm&r=g","contentUrl":"https:\/\/secure.gravatar.com\/avatar\/30d4f9723476a15f4da34d35fb3501f08d2357016c76051c6a85c354c7489589?s=96&d=mm&r=g","caption":"Continuamos MX"},"sameAs":["http:\/\/www.continuamos.mx"],"url":"https:\/\/continuamosmx.com\/index.php\/author\/continuamos\/"}]}},"_links":{"self":[{"href":"https:\/\/continuamosmx.com\/index.php\/wp-json\/wp\/v2\/posts\/58174","targetHints":{"allow":["GET"]}}],"collection":[{"href":"https:\/\/continuamosmx.com\/index.php\/wp-json\/wp\/v2\/posts"}],"about":[{"href":"https:\/\/continuamosmx.com\/index.php\/wp-json\/wp\/v2\/types\/post"}],"author":[{"embeddable":true,"href":"https:\/\/continuamosmx.com\/index.php\/wp-json\/wp\/v2\/users\/6"}],"replies":[{"embeddable":true,"href":"https:\/\/continuamosmx.com\/index.php\/wp-json\/wp\/v2\/comments?post=58174"}],"version-history":[{"count":1,"href":"https:\/\/continuamosmx.com\/index.php\/wp-json\/wp\/v2\/posts\/58174\/revisions"}],"predecessor-version":[{"id":58176,"href":"https:\/\/continuamosmx.com\/index.php\/wp-json\/wp\/v2\/posts\/58174\/revisions\/58176"}],"wp:featuredmedia":[{"embeddable":true,"href":"https:\/\/continuamosmx.com\/index.php\/wp-json\/wp\/v2\/media\/58175"}],"wp:attachment":[{"href":"https:\/\/continuamosmx.com\/index.php\/wp-json\/wp\/v2\/media?parent=58174"}],"wp:term":[{"taxonomy":"category","embeddable":true,"href":"https:\/\/continuamosmx.com\/index.php\/wp-json\/wp\/v2\/categories?post=58174"},{"taxonomy":"post_tag","embeddable":true,"href":"https:\/\/continuamosmx.com\/index.php\/wp-json\/wp\/v2\/tags?post=58174"}],"curies":[{"name":"wp","href":"https:\/\/api.w.org\/{rel}","templated":true}]}}