{"id":58171,"date":"2026-09-01T00:54:39","date_gmt":"2026-09-01T06:54:39","guid":{"rendered":"https:\/\/continuamosmx.com\/?p=58171"},"modified":"2026-09-01T00:54:39","modified_gmt":"2026-09-01T06:54:39","slug":"concluye-huixquilucan-repavimentacion-de-la-carretera-huixquilucan-la-marquesa","status":"publish","type":"post","link":"https:\/\/continuamosmx.com\/index.php\/2026\/09\/01\/concluye-huixquilucan-repavimentacion-de-la-carretera-huixquilucan-la-marquesa\/","title":{"rendered":"CONCLUYE HUIXQUILUCAN REPAVIMENTACI\u00d3N DE LA CARRETERA HUIXQUILUCAN &#8211; LA MARQUESA"},"content":{"rendered":"\n<p class=\"wp-block-paragraph\">Su archivo PDF est\u00e1 listo<\/p>\n\n\n\n<h3 class=\"wp-block-heading\">*<strong>La presidenta municipal, Romina Contreras, entreg\u00f3 la repavimentaci\u00f3n de 14 mil 300 metros cuadrados pertenecientes al tramo La Ca\u00f1ada &#8211; La Cima, para mejorar la movilidad en la zona alta y reducir tiempos de traslado<\/strong><\/h3>\n\n\n\n<p class=\"wp-block-paragraph\"><strong>Huixquilucan, Estado de M\u00e9xico, 31 de agosto de 2026.<\/strong> \u2014 Con el firme prop\u00f3sito de optimizar la movilidad en la zona alta y agilizar los traslados diarios de miles de automovilistas, el Gobierno de Huixquilucan concluy\u00f3 con \u00e9xito los trabajos de repavimentaci\u00f3n de la carretera La Marquesa-Huixquilucan, una obra de alta relevancia estrat\u00e9gica que asegura un trayecto r\u00e1pido, seguro y eficiente hacia el Valle de Toluca.<\/p>\n\n\n\n<p class=\"wp-block-paragraph\">Al inaugurar formalmente esta vialidad, la presidenta municipal, Romina Contreras Carrasco, detall\u00f3 que los trabajos ejecutados en el tramo comprendido entre La Ca\u00f1ada y La Cima consistieron en la rehabilitaci\u00f3n integral de 14 mil 300 metros cuadrados con concreto asf\u00e1ltico de alta durabilidad, complementados con bacheo profundo mediante relleno fluido, balizamiento horizontal y vertical, adem\u00e1s de la instalaci\u00f3n de topes y vialetas. Estas medidas buscan elevar sustancialmente las condiciones de seguridad vial, prevenir accidentes y ofrecer infraestructura de calidad superior tanto para los habitantes de la regi\u00f3n como para el turismo que acude a La Marquesa.<\/p>\n\n\n\n<blockquote class=\"wp-block-quote is-layout-flow wp-block-quote-is-layout-flow\">\n<p class=\"wp-block-paragraph\"><em>\u201cHay obra en todos lados y eso es gracias a nuestras finanzas sanas. Aqu\u00ed est\u00e1n los resultados. \u00c9ste es un gobierno que trabaja y que cumple\u201d<\/em>, destac\u00f3 la alcaldesa Romina Contreras al precisar que en esta intervenci\u00f3n se destinaron cerca de 17 millones de pesos de recursos propios.<\/p>\n<\/blockquote>\n\n\n\n<p class=\"wp-block-paragraph\">La mun\u00edcipe record\u00f3 que esta acci\u00f3n forma parte de un proyecto integral que se articula con los trabajos previos realizados en 2025, donde se repavimentaron m\u00e1s de 2.7 kil\u00f3metros de la misma carretera en el tramo de Ignacio Allende, demostrando la continuidad y planeaci\u00f3n estrat\u00e9gica del Programa de Obra P\u00fablica para beneficiar a las 49 comunidades del municipio.<\/p>\n\n\n\n<p class=\"wp-block-paragraph\">Por su parte, la directora general de Infraestructura y Edificaci\u00f3n, Jessica Nabil Castillo Mart\u00ednez, enfatiz\u00f3 el impacto positivo de la obra en la din\u00e1mica diaria de la poblaci\u00f3n y agradeci\u00f3 la paciencia y respaldo de la ciudadan\u00eda durante el desarrollo de los trabajos de construcci\u00f3n.<\/p>\n\n\n\n<p class=\"wp-block-paragraph\">Con estas acciones, el Gobierno de Huixquilucan reafirma su compromiso de impulsar una inversi\u00f3n sostenida en obra p\u00fablica que mejore el entorno urbano, incremente la plusval\u00eda de las comunidades y garantice caminos dignos y transitables para todas las familias.<\/p>\n","protected":false},"excerpt":{"rendered":"<p>Su archivo PDF est\u00e1 listo *La presidenta municipal, Romina Contreras, entreg\u00f3 la repavimentaci\u00f3n de 14 mil 300 metros cuadrados pertenecientes al tramo La Ca\u00f1ada &#8211; La Cima, para mejorar la movilidad en la zona alta y reducir tiempos de traslado Huixquilucan, Estado de M\u00e9xico, 31 de agosto de 2026. \u2014 Con el firme prop\u00f3sito de [&hellip;]<\/p>\n","protected":false},"author":6,"featured_media":58172,"comment_status":"closed","ping_status":"closed","sticky":false,"template":"","format":"standard","meta":{"footnotes":""},"categories":[5,4],"tags":[],"class_list":["post-58171","post","type-post","status-publish","format-standard","has-post-thumbnail","hentry","category-huixquilucan","category-locales"],"yoast_head":"<!-- This site is optimized with the Yoast SEO plugin v28.3 - https:\/\/yoast.com\/product\/yoast-seo-wordpress\/ -->\n<title>CONCLUYE HUIXQUILUCAN REPAVIMENTACI\u00d3N DE LA CARRETERA HUIXQUILUCAN - LA MARQUESA -<\/title>\n<meta name=\"robots\" content=\"index, follow, max-snippet:-1, max-image-preview:large, max-video-preview:-1\" \/>\n<link rel=\"canonical\" href=\"https:\/\/continuamosmx.com\/index.php\/2026\/09\/01\/concluye-huixquilucan-repavimentacion-de-la-carretera-huixquilucan-la-marquesa\/\" \/>\n<meta property=\"og:locale\" content=\"es_ES\" \/>\n<meta property=\"og:type\" content=\"article\" \/>\n<meta property=\"og:title\" content=\"CONCLUYE HUIXQUILUCAN REPAVIMENTACI\u00d3N DE LA CARRETERA HUIXQUILUCAN - LA MARQUESA -\" \/>\n<meta property=\"og:description\" content=\"Su archivo PDF est\u00e1 listo *La presidenta municipal, Romina Contreras, entreg\u00f3 la repavimentaci\u00f3n de 14 mil 300 metros cuadrados pertenecientes al tramo La Ca\u00f1ada &#8211; La Cima, para mejorar la movilidad en la zona alta y reducir tiempos de traslado Huixquilucan, Estado de M\u00e9xico, 31 de agosto de 2026. \u2014 Con el firme prop\u00f3sito de [&hellip;]\" \/>\n<meta property=\"og:url\" content=\"https:\/\/continuamosmx.com\/index.php\/2026\/09\/01\/concluye-huixquilucan-repavimentacion-de-la-carretera-huixquilucan-la-marquesa\/\" \/>\n<meta property=\"article:published_time\" content=\"2026-09-01T06:54:39+00:00\" \/>\n<meta property=\"og:image\" content=\"https:\/\/continuamosmx.com\/wp-content\/uploads\/2026\/09\/WhatsApp-Image-2026-08-31-at-11.35.20-PM.jpeg\" \/>\n\t<meta property=\"og:image:width\" content=\"1488\" \/>\n\t<meta property=\"og:image:height\" content=\"992\" \/>\n\t<meta property=\"og:image:type\" content=\"image\/jpeg\" \/>\n<meta name=\"author\" content=\"Continuamos MX\" \/>\n<meta name=\"twitter:card\" content=\"summary_large_image\" \/>\n<meta name=\"twitter:label1\" content=\"Escrito por\" \/>\n\t<meta name=\"twitter:data1\" content=\"Continuamos MX\" \/>\n\t<meta name=\"twitter:label2\" content=\"Tiempo de lectura\" \/>\n\t<meta name=\"twitter:data2\" content=\"2 minutos\" \/>\n<script type=\"application\/ld+json\" class=\"yoast-schema-graph\">{\"@context\":\"https:\\\/\\\/schema.org\",\"@graph\":[{\"@type\":\"Article\",\"@id\":\"https:\\\/\\\/continuamosmx.com\\\/index.php\\\/2026\\\/09\\\/01\\\/concluye-huixquilucan-repavimentacion-de-la-carretera-huixquilucan-la-marquesa\\\/#article\",\"isPartOf\":{\"@id\":\"https:\\\/\\\/continuamosmx.com\\\/index.php\\\/2026\\\/09\\\/01\\\/concluye-huixquilucan-repavimentacion-de-la-carretera-huixquilucan-la-marquesa\\\/\"},\"author\":{\"name\":\"Continuamos MX\",\"@id\":\"https:\\\/\\\/continuamosmx.com\\\/#\\\/schema\\\/person\\\/5eb5356acb1fad784da407d14f0e8d89\"},\"headline\":\"CONCLUYE HUIXQUILUCAN REPAVIMENTACI\u00d3N DE LA CARRETERA HUIXQUILUCAN &#8211; LA MARQUESA\",\"datePublished\":\"2026-09-01T06:54:39+00:00\",\"mainEntityOfPage\":{\"@id\":\"https:\\\/\\\/continuamosmx.com\\\/index.php\\\/2026\\\/09\\\/01\\\/concluye-huixquilucan-repavimentacion-de-la-carretera-huixquilucan-la-marquesa\\\/\"},\"wordCount\":423,\"publisher\":{\"@id\":\"https:\\\/\\\/continuamosmx.com\\\/#organization\"},\"image\":{\"@id\":\"https:\\\/\\\/continuamosmx.com\\\/index.php\\\/2026\\\/09\\\/01\\\/concluye-huixquilucan-repavimentacion-de-la-carretera-huixquilucan-la-marquesa\\\/#primaryimage\"},\"thumbnailUrl\":\"https:\\\/\\\/continuamosmx.com\\\/wp-content\\\/uploads\\\/2026\\\/09\\\/WhatsApp-Image-2026-08-31-at-11.35.20-PM.jpeg\",\"articleSection\":[\"HUIXQUILUCAN\",\"LOCALES\"],\"inLanguage\":\"es\"},{\"@type\":\"WebPage\",\"@id\":\"https:\\\/\\\/continuamosmx.com\\\/index.php\\\/2026\\\/09\\\/01\\\/concluye-huixquilucan-repavimentacion-de-la-carretera-huixquilucan-la-marquesa\\\/\",\"url\":\"https:\\\/\\\/continuamosmx.com\\\/index.php\\\/2026\\\/09\\\/01\\\/concluye-huixquilucan-repavimentacion-de-la-carretera-huixquilucan-la-marquesa\\\/\",\"name\":\"CONCLUYE HUIXQUILUCAN REPAVIMENTACI\u00d3N DE LA CARRETERA HUIXQUILUCAN - LA MARQUESA -\",\"isPartOf\":{\"@id\":\"https:\\\/\\\/continuamosmx.com\\\/#website\"},\"primaryImageOfPage\":{\"@id\":\"https:\\\/\\\/continuamosmx.com\\\/index.php\\\/2026\\\/09\\\/01\\\/concluye-huixquilucan-repavimentacion-de-la-carretera-huixquilucan-la-marquesa\\\/#primaryimage\"},\"image\":{\"@id\":\"https:\\\/\\\/continuamosmx.com\\\/index.php\\\/2026\\\/09\\\/01\\\/concluye-huixquilucan-repavimentacion-de-la-carretera-huixquilucan-la-marquesa\\\/#primaryimage\"},\"thumbnailUrl\":\"https:\\\/\\\/continuamosmx.com\\\/wp-content\\\/uploads\\\/2026\\\/09\\\/WhatsApp-Image-2026-08-31-at-11.35.20-PM.jpeg\",\"datePublished\":\"2026-09-01T06:54:39+00:00\",\"breadcrumb\":{\"@id\":\"https:\\\/\\\/continuamosmx.com\\\/index.php\\\/2026\\\/09\\\/01\\\/concluye-huixquilucan-repavimentacion-de-la-carretera-huixquilucan-la-marquesa\\\/#breadcrumb\"},\"inLanguage\":\"es\",\"potentialAction\":[{\"@type\":\"ReadAction\",\"target\":[\"https:\\\/\\\/continuamosmx.com\\\/index.php\\\/2026\\\/09\\\/01\\\/concluye-huixquilucan-repavimentacion-de-la-carretera-huixquilucan-la-marquesa\\\/\"]}]},{\"@type\":\"ImageObject\",\"inLanguage\":\"es\",\"@id\":\"https:\\\/\\\/continuamosmx.com\\\/index.php\\\/2026\\\/09\\\/01\\\/concluye-huixquilucan-repavimentacion-de-la-carretera-huixquilucan-la-marquesa\\\/#primaryimage\",\"url\":\"https:\\\/\\\/continuamosmx.com\\\/wp-content\\\/uploads\\\/2026\\\/09\\\/WhatsApp-Image-2026-08-31-at-11.35.20-PM.jpeg\",\"contentUrl\":\"https:\\\/\\\/continuamosmx.com\\\/wp-content\\\/uploads\\\/2026\\\/09\\\/WhatsApp-Image-2026-08-31-at-11.35.20-PM.jpeg\",\"width\":1488,\"height\":992},{\"@type\":\"BreadcrumbList\",\"@id\":\"https:\\\/\\\/continuamosmx.com\\\/index.php\\\/2026\\\/09\\\/01\\\/concluye-huixquilucan-repavimentacion-de-la-carretera-huixquilucan-la-marquesa\\\/#breadcrumb\",\"itemListElement\":[{\"@type\":\"ListItem\",\"position\":1,\"name\":\"Inicio\",\"item\":\"https:\\\/\\\/continuamosmx.com\\\/\"},{\"@type\":\"ListItem\",\"position\":2,\"name\":\"CONCLUYE HUIXQUILUCAN REPAVIMENTACI\u00d3N DE LA CARRETERA HUIXQUILUCAN &#8211; LA MARQUESA\"}]},{\"@type\":\"WebSite\",\"@id\":\"https:\\\/\\\/continuamosmx.com\\\/#website\",\"url\":\"https:\\\/\\\/continuamosmx.com\\\/\",\"name\":\"www.continuamosmx.com\",\"description\":\"\",\"publisher\":{\"@id\":\"https:\\\/\\\/continuamosmx.com\\\/#organization\"},\"potentialAction\":[{\"@type\":\"SearchAction\",\"target\":{\"@type\":\"EntryPoint\",\"urlTemplate\":\"https:\\\/\\\/continuamosmx.com\\\/?s={search_term_string}\"},\"query-input\":{\"@type\":\"PropertyValueSpecification\",\"valueRequired\":true,\"valueName\":\"search_term_string\"}}],\"inLanguage\":\"es\"},{\"@type\":\"Organization\",\"@id\":\"https:\\\/\\\/continuamosmx.com\\\/#organization\",\"name\":\"ContinuamosMX\",\"url\":\"https:\\\/\\\/continuamosmx.com\\\/\",\"logo\":{\"@type\":\"ImageObject\",\"inLanguage\":\"es\",\"@id\":\"https:\\\/\\\/continuamosmx.com\\\/#\\\/schema\\\/logo\\\/image\\\/\",\"url\":\"https:\\\/\\\/continuamosmx.com\\\/wp-content\\\/uploads\\\/2023\\\/04\\\/cropped-LOGO-CONTI-NUEVO.png\",\"contentUrl\":\"https:\\\/\\\/continuamosmx.com\\\/wp-content\\\/uploads\\\/2023\\\/04\\\/cropped-LOGO-CONTI-NUEVO.png\",\"width\":1257,\"height\":430,\"caption\":\"ContinuamosMX\"},\"image\":{\"@id\":\"https:\\\/\\\/continuamosmx.com\\\/#\\\/schema\\\/logo\\\/image\\\/\"}},{\"@type\":\"Person\",\"@id\":\"https:\\\/\\\/continuamosmx.com\\\/#\\\/schema\\\/person\\\/5eb5356acb1fad784da407d14f0e8d89\",\"name\":\"Continuamos MX\",\"image\":{\"@type\":\"ImageObject\",\"inLanguage\":\"es\",\"@id\":\"https:\\\/\\\/secure.gravatar.com\\\/avatar\\\/30d4f9723476a15f4da34d35fb3501f08d2357016c76051c6a85c354c7489589?s=96&d=mm&r=g\",\"url\":\"https:\\\/\\\/secure.gravatar.com\\\/avatar\\\/30d4f9723476a15f4da34d35fb3501f08d2357016c76051c6a85c354c7489589?s=96&d=mm&r=g\",\"contentUrl\":\"https:\\\/\\\/secure.gravatar.com\\\/avatar\\\/30d4f9723476a15f4da34d35fb3501f08d2357016c76051c6a85c354c7489589?s=96&d=mm&r=g\",\"caption\":\"Continuamos MX\"},\"sameAs\":[\"http:\\\/\\\/www.continuamos.mx\"],\"url\":\"https:\\\/\\\/continuamosmx.com\\\/index.php\\\/author\\\/continuamos\\\/\"}]}<\/script>\n<!-- \/ Yoast SEO plugin. -->","yoast_head_json":{"title":"CONCLUYE HUIXQUILUCAN REPAVIMENTACI\u00d3N DE LA CARRETERA HUIXQUILUCAN - LA MARQUESA -","robots":{"index":"index","follow":"follow","max-snippet":"max-snippet:-1","max-image-preview":"max-image-preview:large","max-video-preview":"max-video-preview:-1"},"canonical":"https:\/\/continuamosmx.com\/index.php\/2026\/09\/01\/concluye-huixquilucan-repavimentacion-de-la-carretera-huixquilucan-la-marquesa\/","og_locale":"es_ES","og_type":"article","og_title":"CONCLUYE HUIXQUILUCAN REPAVIMENTACI\u00d3N DE LA CARRETERA HUIXQUILUCAN - LA MARQUESA -","og_description":"Su archivo PDF est\u00e1 listo *La presidenta municipal, Romina Contreras, entreg\u00f3 la repavimentaci\u00f3n de 14 mil 300 metros cuadrados pertenecientes al tramo La Ca\u00f1ada &#8211; La Cima, para mejorar la movilidad en la zona alta y reducir tiempos de traslado Huixquilucan, Estado de M\u00e9xico, 31 de agosto de 2026. \u2014 Con el firme prop\u00f3sito de [&hellip;]","og_url":"https:\/\/continuamosmx.com\/index.php\/2026\/09\/01\/concluye-huixquilucan-repavimentacion-de-la-carretera-huixquilucan-la-marquesa\/","article_published_time":"2026-09-01T06:54:39+00:00","og_image":[{"width":1488,"height":992,"url":"https:\/\/continuamosmx.com\/wp-content\/uploads\/2026\/09\/WhatsApp-Image-2026-08-31-at-11.35.20-PM.jpeg","type":"image\/jpeg"}],"author":"Continuamos MX","twitter_card":"summary_large_image","twitter_misc":{"Escrito por":"Continuamos MX","Tiempo de lectura":"2 minutos"},"schema":{"@context":"https:\/\/schema.org","@graph":[{"@type":"Article","@id":"https:\/\/continuamosmx.com\/index.php\/2026\/09\/01\/concluye-huixquilucan-repavimentacion-de-la-carretera-huixquilucan-la-marquesa\/#article","isPartOf":{"@id":"https:\/\/continuamosmx.com\/index.php\/2026\/09\/01\/concluye-huixquilucan-repavimentacion-de-la-carretera-huixquilucan-la-marquesa\/"},"author":{"name":"Continuamos MX","@id":"https:\/\/continuamosmx.com\/#\/schema\/person\/5eb5356acb1fad784da407d14f0e8d89"},"headline":"CONCLUYE HUIXQUILUCAN REPAVIMENTACI\u00d3N DE LA CARRETERA HUIXQUILUCAN &#8211; LA MARQUESA","datePublished":"2026-09-01T06:54:39+00:00","mainEntityOfPage":{"@id":"https:\/\/continuamosmx.com\/index.php\/2026\/09\/01\/concluye-huixquilucan-repavimentacion-de-la-carretera-huixquilucan-la-marquesa\/"},"wordCount":423,"publisher":{"@id":"https:\/\/continuamosmx.com\/#organization"},"image":{"@id":"https:\/\/continuamosmx.com\/index.php\/2026\/09\/01\/concluye-huixquilucan-repavimentacion-de-la-carretera-huixquilucan-la-marquesa\/#primaryimage"},"thumbnailUrl":"https:\/\/continuamosmx.com\/wp-content\/uploads\/2026\/09\/WhatsApp-Image-2026-08-31-at-11.35.20-PM.jpeg","articleSection":["HUIXQUILUCAN","LOCALES"],"inLanguage":"es"},{"@type":"WebPage","@id":"https:\/\/continuamosmx.com\/index.php\/2026\/09\/01\/concluye-huixquilucan-repavimentacion-de-la-carretera-huixquilucan-la-marquesa\/","url":"https:\/\/continuamosmx.com\/index.php\/2026\/09\/01\/concluye-huixquilucan-repavimentacion-de-la-carretera-huixquilucan-la-marquesa\/","name":"CONCLUYE HUIXQUILUCAN REPAVIMENTACI\u00d3N DE LA CARRETERA HUIXQUILUCAN - LA MARQUESA -","isPartOf":{"@id":"https:\/\/continuamosmx.com\/#website"},"primaryImageOfPage":{"@id":"https:\/\/continuamosmx.com\/index.php\/2026\/09\/01\/concluye-huixquilucan-repavimentacion-de-la-carretera-huixquilucan-la-marquesa\/#primaryimage"},"image":{"@id":"https:\/\/continuamosmx.com\/index.php\/2026\/09\/01\/concluye-huixquilucan-repavimentacion-de-la-carretera-huixquilucan-la-marquesa\/#primaryimage"},"thumbnailUrl":"https:\/\/continuamosmx.com\/wp-content\/uploads\/2026\/09\/WhatsApp-Image-2026-08-31-at-11.35.20-PM.jpeg","datePublished":"2026-09-01T06:54:39+00:00","breadcrumb":{"@id":"https:\/\/continuamosmx.com\/index.php\/2026\/09\/01\/concluye-huixquilucan-repavimentacion-de-la-carretera-huixquilucan-la-marquesa\/#breadcrumb"},"inLanguage":"es","potentialAction":[{"@type":"ReadAction","target":["https:\/\/continuamosmx.com\/index.php\/2026\/09\/01\/concluye-huixquilucan-repavimentacion-de-la-carretera-huixquilucan-la-marquesa\/"]}]},{"@type":"ImageObject","inLanguage":"es","@id":"https:\/\/continuamosmx.com\/index.php\/2026\/09\/01\/concluye-huixquilucan-repavimentacion-de-la-carretera-huixquilucan-la-marquesa\/#primaryimage","url":"https:\/\/continuamosmx.com\/wp-content\/uploads\/2026\/09\/WhatsApp-Image-2026-08-31-at-11.35.20-PM.jpeg","contentUrl":"https:\/\/continuamosmx.com\/wp-content\/uploads\/2026\/09\/WhatsApp-Image-2026-08-31-at-11.35.20-PM.jpeg","width":1488,"height":992},{"@type":"BreadcrumbList","@id":"https:\/\/continuamosmx.com\/index.php\/2026\/09\/01\/concluye-huixquilucan-repavimentacion-de-la-carretera-huixquilucan-la-marquesa\/#breadcrumb","itemListElement":[{"@type":"ListItem","position":1,"name":"Inicio","item":"https:\/\/continuamosmx.com\/"},{"@type":"ListItem","position":2,"name":"CONCLUYE HUIXQUILUCAN REPAVIMENTACI\u00d3N DE LA CARRETERA HUIXQUILUCAN &#8211; LA MARQUESA"}]},{"@type":"WebSite","@id":"https:\/\/continuamosmx.com\/#website","url":"https:\/\/continuamosmx.com\/","name":"www.continuamosmx.com","description":"","publisher":{"@id":"https:\/\/continuamosmx.com\/#organization"},"potentialAction":[{"@type":"SearchAction","target":{"@type":"EntryPoint","urlTemplate":"https:\/\/continuamosmx.com\/?s={search_term_string}"},"query-input":{"@type":"PropertyValueSpecification","valueRequired":true,"valueName":"search_term_string"}}],"inLanguage":"es"},{"@type":"Organization","@id":"https:\/\/continuamosmx.com\/#organization","name":"ContinuamosMX","url":"https:\/\/continuamosmx.com\/","logo":{"@type":"ImageObject","inLanguage":"es","@id":"https:\/\/continuamosmx.com\/#\/schema\/logo\/image\/","url":"https:\/\/continuamosmx.com\/wp-content\/uploads\/2023\/04\/cropped-LOGO-CONTI-NUEVO.png","contentUrl":"https:\/\/continuamosmx.com\/wp-content\/uploads\/2023\/04\/cropped-LOGO-CONTI-NUEVO.png","width":1257,"height":430,"caption":"ContinuamosMX"},"image":{"@id":"https:\/\/continuamosmx.com\/#\/schema\/logo\/image\/"}},{"@type":"Person","@id":"https:\/\/continuamosmx.com\/#\/schema\/person\/5eb5356acb1fad784da407d14f0e8d89","name":"Continuamos MX","image":{"@type":"ImageObject","inLanguage":"es","@id":"https:\/\/secure.gravatar.com\/avatar\/30d4f9723476a15f4da34d35fb3501f08d2357016c76051c6a85c354c7489589?s=96&d=mm&r=g","url":"https:\/\/secure.gravatar.com\/avatar\/30d4f9723476a15f4da34d35fb3501f08d2357016c76051c6a85c354c7489589?s=96&d=mm&r=g","contentUrl":"https:\/\/secure.gravatar.com\/avatar\/30d4f9723476a15f4da34d35fb3501f08d2357016c76051c6a85c354c7489589?s=96&d=mm&r=g","caption":"Continuamos MX"},"sameAs":["http:\/\/www.continuamos.mx"],"url":"https:\/\/continuamosmx.com\/index.php\/author\/continuamos\/"}]}},"_links":{"self":[{"href":"https:\/\/continuamosmx.com\/index.php\/wp-json\/wp\/v2\/posts\/58171","targetHints":{"allow":["GET"]}}],"collection":[{"href":"https:\/\/continuamosmx.com\/index.php\/wp-json\/wp\/v2\/posts"}],"about":[{"href":"https:\/\/continuamosmx.com\/index.php\/wp-json\/wp\/v2\/types\/post"}],"author":[{"embeddable":true,"href":"https:\/\/continuamosmx.com\/index.php\/wp-json\/wp\/v2\/users\/6"}],"replies":[{"embeddable":true,"href":"https:\/\/continuamosmx.com\/index.php\/wp-json\/wp\/v2\/comments?post=58171"}],"version-history":[{"count":1,"href":"https:\/\/continuamosmx.com\/index.php\/wp-json\/wp\/v2\/posts\/58171\/revisions"}],"predecessor-version":[{"id":58173,"href":"https:\/\/continuamosmx.com\/index.php\/wp-json\/wp\/v2\/posts\/58171\/revisions\/58173"}],"wp:featuredmedia":[{"embeddable":true,"href":"https:\/\/continuamosmx.com\/index.php\/wp-json\/wp\/v2\/media\/58172"}],"wp:attachment":[{"href":"https:\/\/continuamosmx.com\/index.php\/wp-json\/wp\/v2\/media?parent=58171"}],"wp:term":[{"taxonomy":"category","embeddable":true,"href":"https:\/\/continuamosmx.com\/index.php\/wp-json\/wp\/v2\/categories?post=58171"},{"taxonomy":"post_tag","embeddable":true,"href":"https:\/\/continuamosmx.com\/index.php\/wp-json\/wp\/v2\/tags?post=58171"}],"curies":[{"name":"wp","href":"https:\/\/api.w.org\/{rel}","templated":true}]}}