{"id":58168,"date":"2026-09-01T00:41:42","date_gmt":"2026-09-01T06:41:42","guid":{"rendered":"https:\/\/continuamosmx.com\/?p=58168"},"modified":"2026-09-01T00:41:43","modified_gmt":"2026-09-01T06:41:43","slug":"coyotepec-fortalece-la-seguridad-con-capacitacion-y-coordinacion-institucional","status":"publish","type":"post","link":"https:\/\/continuamosmx.com\/index.php\/2026\/09\/01\/coyotepec-fortalece-la-seguridad-con-capacitacion-y-coordinacion-institucional\/","title":{"rendered":"COYOTEPEC FORTALECE LA SEGURIDAD CON CAPACITACI\u00d3N Y COORDINACI\u00d3N INSTITUCIONAL"},"content":{"rendered":"\n<h2 class=\"wp-block-heading\">*<strong>El Gobierno Municipal encabezado por la Bi\u00f3loga Marisol Luna Cruz impulsa la profesionalizaci\u00f3n de los cuerpos de seguridad y del Juzgado C\u00edvico<\/strong><\/h2>\n\n\n\n<p class=\"wp-block-paragraph\">El Gobierno Municipal de Coyotepec llev\u00f3 a cabo la D\u00e9cima Sesi\u00f3n Ordinaria del Consejo Municipal de Seguridad P\u00fablica, un espacio en el que autoridades auxiliares, integrantes de los COPACIS y la ciudadan\u00eda conocieron los avances en materia de prevenci\u00f3n y atenci\u00f3n integral.<\/p>\n\n\n\n<p class=\"wp-block-paragraph\">Durante el encuentro, encabezado por la Presidenta Municipal, Bi\u00f3loga Marisol Luna Cruz, se destac\u00f3 la importancia de la colaboraci\u00f3n institucional. El Lic. Froylan Delgadillo Sarda\u00f1a, Jefe de Departamento Acad\u00e9mico del Plantel de Formaci\u00f3n y Actualizaci\u00f3n de Tlalnepantla de la Universidad Mexiquense de Seguridad, entreg\u00f3 constancias a elementos activos de la Comisar\u00eda de Seguridad Ciudadana y Vialidad como reconocimiento a su constante capacitaci\u00f3n y actualizaci\u00f3n profesional.<\/p>\n\n\n\n<p class=\"wp-block-paragraph\">Asimismo, se otorgaron reconocimientos a personal del Juzgado C\u00edvico 01 y a quienes participaron en el curso de Justicia C\u00edvica impartido por el Secretariado Ejecutivo del Sistema Estatal de Seguridad P\u00fablica, con el fin de optimizar el contacto directo y la atenci\u00f3n a la ciudadan\u00eda. Por su parte, el Lic. Jacobo Prieto Gardu\u00f1o, Coordinador de la Regi\u00f3n VII Zumpango, subray\u00f3 la relevancia de mantener una estrecha coordinaci\u00f3n entre las instituciones para consolidar las estrategias de seguridad en la regi\u00f3n.<\/p>\n","protected":false},"excerpt":{"rendered":"<p>*El Gobierno Municipal encabezado por la Bi\u00f3loga Marisol Luna Cruz impulsa la profesionalizaci\u00f3n de los cuerpos de seguridad y del Juzgado C\u00edvico El Gobierno Municipal de Coyotepec llev\u00f3 a cabo la D\u00e9cima Sesi\u00f3n Ordinaria del Consejo Municipal de Seguridad P\u00fablica, un espacio en el que autoridades auxiliares, integrantes de los COPACIS y la ciudadan\u00eda conocieron [&hellip;]<\/p>\n","protected":false},"author":6,"featured_media":58169,"comment_status":"closed","ping_status":"closed","sticky":false,"template":"","format":"standard","meta":{"footnotes":""},"categories":[5,4],"tags":[],"class_list":["post-58168","post","type-post","status-publish","format-standard","has-post-thumbnail","hentry","category-huixquilucan","category-locales"],"yoast_head":"<!-- This site is optimized with the Yoast SEO plugin v28.3 - https:\/\/yoast.com\/product\/yoast-seo-wordpress\/ -->\n<title>COYOTEPEC FORTALECE LA SEGURIDAD CON CAPACITACI\u00d3N Y COORDINACI\u00d3N INSTITUCIONAL -<\/title>\n<meta name=\"robots\" content=\"index, follow, max-snippet:-1, max-image-preview:large, max-video-preview:-1\" \/>\n<link rel=\"canonical\" href=\"https:\/\/continuamosmx.com\/index.php\/2026\/09\/01\/coyotepec-fortalece-la-seguridad-con-capacitacion-y-coordinacion-institucional\/\" \/>\n<meta property=\"og:locale\" content=\"es_ES\" \/>\n<meta property=\"og:type\" content=\"article\" \/>\n<meta property=\"og:title\" content=\"COYOTEPEC FORTALECE LA SEGURIDAD CON CAPACITACI\u00d3N Y COORDINACI\u00d3N INSTITUCIONAL -\" \/>\n<meta property=\"og:description\" content=\"*El Gobierno Municipal encabezado por la Bi\u00f3loga Marisol Luna Cruz impulsa la profesionalizaci\u00f3n de los cuerpos de seguridad y del Juzgado C\u00edvico El Gobierno Municipal de Coyotepec llev\u00f3 a cabo la D\u00e9cima Sesi\u00f3n Ordinaria del Consejo Municipal de Seguridad P\u00fablica, un espacio en el que autoridades auxiliares, integrantes de los COPACIS y la ciudadan\u00eda conocieron [&hellip;]\" \/>\n<meta property=\"og:url\" content=\"https:\/\/continuamosmx.com\/index.php\/2026\/09\/01\/coyotepec-fortalece-la-seguridad-con-capacitacion-y-coordinacion-institucional\/\" \/>\n<meta property=\"article:published_time\" content=\"2026-09-01T06:41:42+00:00\" \/>\n<meta property=\"article:modified_time\" content=\"2026-09-01T06:41:43+00:00\" \/>\n<meta property=\"og:image\" content=\"https:\/\/continuamosmx.com\/wp-content\/uploads\/2026\/09\/WhatsApp-Image-2026-08-31-at-8.33.46-PM-4.jpeg\" \/>\n\t<meta property=\"og:image:width\" content=\"1080\" \/>\n\t<meta property=\"og:image:height\" content=\"720\" \/>\n\t<meta property=\"og:image:type\" content=\"image\/jpeg\" \/>\n<meta name=\"author\" content=\"Continuamos MX\" \/>\n<meta name=\"twitter:card\" content=\"summary_large_image\" \/>\n<meta name=\"twitter:label1\" content=\"Escrito por\" \/>\n\t<meta name=\"twitter:data1\" content=\"Continuamos MX\" \/>\n\t<meta name=\"twitter:label2\" content=\"Tiempo de lectura\" \/>\n\t<meta name=\"twitter:data2\" content=\"2 minutos\" \/>\n<script type=\"application\/ld+json\" class=\"yoast-schema-graph\">{\"@context\":\"https:\\\/\\\/schema.org\",\"@graph\":[{\"@type\":\"Article\",\"@id\":\"https:\\\/\\\/continuamosmx.com\\\/index.php\\\/2026\\\/09\\\/01\\\/coyotepec-fortalece-la-seguridad-con-capacitacion-y-coordinacion-institucional\\\/#article\",\"isPartOf\":{\"@id\":\"https:\\\/\\\/continuamosmx.com\\\/index.php\\\/2026\\\/09\\\/01\\\/coyotepec-fortalece-la-seguridad-con-capacitacion-y-coordinacion-institucional\\\/\"},\"author\":{\"name\":\"Continuamos MX\",\"@id\":\"https:\\\/\\\/continuamosmx.com\\\/#\\\/schema\\\/person\\\/5eb5356acb1fad784da407d14f0e8d89\"},\"headline\":\"COYOTEPEC FORTALECE LA SEGURIDAD CON CAPACITACI\u00d3N Y COORDINACI\u00d3N INSTITUCIONAL\",\"datePublished\":\"2026-09-01T06:41:42+00:00\",\"dateModified\":\"2026-09-01T06:41:43+00:00\",\"mainEntityOfPage\":{\"@id\":\"https:\\\/\\\/continuamosmx.com\\\/index.php\\\/2026\\\/09\\\/01\\\/coyotepec-fortalece-la-seguridad-con-capacitacion-y-coordinacion-institucional\\\/\"},\"wordCount\":245,\"publisher\":{\"@id\":\"https:\\\/\\\/continuamosmx.com\\\/#organization\"},\"image\":{\"@id\":\"https:\\\/\\\/continuamosmx.com\\\/index.php\\\/2026\\\/09\\\/01\\\/coyotepec-fortalece-la-seguridad-con-capacitacion-y-coordinacion-institucional\\\/#primaryimage\"},\"thumbnailUrl\":\"https:\\\/\\\/continuamosmx.com\\\/wp-content\\\/uploads\\\/2026\\\/09\\\/WhatsApp-Image-2026-08-31-at-8.33.46-PM-4.jpeg\",\"articleSection\":[\"HUIXQUILUCAN\",\"LOCALES\"],\"inLanguage\":\"es\"},{\"@type\":\"WebPage\",\"@id\":\"https:\\\/\\\/continuamosmx.com\\\/index.php\\\/2026\\\/09\\\/01\\\/coyotepec-fortalece-la-seguridad-con-capacitacion-y-coordinacion-institucional\\\/\",\"url\":\"https:\\\/\\\/continuamosmx.com\\\/index.php\\\/2026\\\/09\\\/01\\\/coyotepec-fortalece-la-seguridad-con-capacitacion-y-coordinacion-institucional\\\/\",\"name\":\"COYOTEPEC FORTALECE LA SEGURIDAD CON CAPACITACI\u00d3N Y COORDINACI\u00d3N INSTITUCIONAL -\",\"isPartOf\":{\"@id\":\"https:\\\/\\\/continuamosmx.com\\\/#website\"},\"primaryImageOfPage\":{\"@id\":\"https:\\\/\\\/continuamosmx.com\\\/index.php\\\/2026\\\/09\\\/01\\\/coyotepec-fortalece-la-seguridad-con-capacitacion-y-coordinacion-institucional\\\/#primaryimage\"},\"image\":{\"@id\":\"https:\\\/\\\/continuamosmx.com\\\/index.php\\\/2026\\\/09\\\/01\\\/coyotepec-fortalece-la-seguridad-con-capacitacion-y-coordinacion-institucional\\\/#primaryimage\"},\"thumbnailUrl\":\"https:\\\/\\\/continuamosmx.com\\\/wp-content\\\/uploads\\\/2026\\\/09\\\/WhatsApp-Image-2026-08-31-at-8.33.46-PM-4.jpeg\",\"datePublished\":\"2026-09-01T06:41:42+00:00\",\"dateModified\":\"2026-09-01T06:41:43+00:00\",\"breadcrumb\":{\"@id\":\"https:\\\/\\\/continuamosmx.com\\\/index.php\\\/2026\\\/09\\\/01\\\/coyotepec-fortalece-la-seguridad-con-capacitacion-y-coordinacion-institucional\\\/#breadcrumb\"},\"inLanguage\":\"es\",\"potentialAction\":[{\"@type\":\"ReadAction\",\"target\":[\"https:\\\/\\\/continuamosmx.com\\\/index.php\\\/2026\\\/09\\\/01\\\/coyotepec-fortalece-la-seguridad-con-capacitacion-y-coordinacion-institucional\\\/\"]}]},{\"@type\":\"ImageObject\",\"inLanguage\":\"es\",\"@id\":\"https:\\\/\\\/continuamosmx.com\\\/index.php\\\/2026\\\/09\\\/01\\\/coyotepec-fortalece-la-seguridad-con-capacitacion-y-coordinacion-institucional\\\/#primaryimage\",\"url\":\"https:\\\/\\\/continuamosmx.com\\\/wp-content\\\/uploads\\\/2026\\\/09\\\/WhatsApp-Image-2026-08-31-at-8.33.46-PM-4.jpeg\",\"contentUrl\":\"https:\\\/\\\/continuamosmx.com\\\/wp-content\\\/uploads\\\/2026\\\/09\\\/WhatsApp-Image-2026-08-31-at-8.33.46-PM-4.jpeg\",\"width\":1080,\"height\":720},{\"@type\":\"BreadcrumbList\",\"@id\":\"https:\\\/\\\/continuamosmx.com\\\/index.php\\\/2026\\\/09\\\/01\\\/coyotepec-fortalece-la-seguridad-con-capacitacion-y-coordinacion-institucional\\\/#breadcrumb\",\"itemListElement\":[{\"@type\":\"ListItem\",\"position\":1,\"name\":\"Inicio\",\"item\":\"https:\\\/\\\/continuamosmx.com\\\/\"},{\"@type\":\"ListItem\",\"position\":2,\"name\":\"COYOTEPEC FORTALECE LA SEGURIDAD CON CAPACITACI\u00d3N Y COORDINACI\u00d3N INSTITUCIONAL\"}]},{\"@type\":\"WebSite\",\"@id\":\"https:\\\/\\\/continuamosmx.com\\\/#website\",\"url\":\"https:\\\/\\\/continuamosmx.com\\\/\",\"name\":\"www.continuamosmx.com\",\"description\":\"\",\"publisher\":{\"@id\":\"https:\\\/\\\/continuamosmx.com\\\/#organization\"},\"potentialAction\":[{\"@type\":\"SearchAction\",\"target\":{\"@type\":\"EntryPoint\",\"urlTemplate\":\"https:\\\/\\\/continuamosmx.com\\\/?s={search_term_string}\"},\"query-input\":{\"@type\":\"PropertyValueSpecification\",\"valueRequired\":true,\"valueName\":\"search_term_string\"}}],\"inLanguage\":\"es\"},{\"@type\":\"Organization\",\"@id\":\"https:\\\/\\\/continuamosmx.com\\\/#organization\",\"name\":\"ContinuamosMX\",\"url\":\"https:\\\/\\\/continuamosmx.com\\\/\",\"logo\":{\"@type\":\"ImageObject\",\"inLanguage\":\"es\",\"@id\":\"https:\\\/\\\/continuamosmx.com\\\/#\\\/schema\\\/logo\\\/image\\\/\",\"url\":\"https:\\\/\\\/continuamosmx.com\\\/wp-content\\\/uploads\\\/2023\\\/04\\\/cropped-LOGO-CONTI-NUEVO.png\",\"contentUrl\":\"https:\\\/\\\/continuamosmx.com\\\/wp-content\\\/uploads\\\/2023\\\/04\\\/cropped-LOGO-CONTI-NUEVO.png\",\"width\":1257,\"height\":430,\"caption\":\"ContinuamosMX\"},\"image\":{\"@id\":\"https:\\\/\\\/continuamosmx.com\\\/#\\\/schema\\\/logo\\\/image\\\/\"}},{\"@type\":\"Person\",\"@id\":\"https:\\\/\\\/continuamosmx.com\\\/#\\\/schema\\\/person\\\/5eb5356acb1fad784da407d14f0e8d89\",\"name\":\"Continuamos MX\",\"image\":{\"@type\":\"ImageObject\",\"inLanguage\":\"es\",\"@id\":\"https:\\\/\\\/secure.gravatar.com\\\/avatar\\\/30d4f9723476a15f4da34d35fb3501f08d2357016c76051c6a85c354c7489589?s=96&d=mm&r=g\",\"url\":\"https:\\\/\\\/secure.gravatar.com\\\/avatar\\\/30d4f9723476a15f4da34d35fb3501f08d2357016c76051c6a85c354c7489589?s=96&d=mm&r=g\",\"contentUrl\":\"https:\\\/\\\/secure.gravatar.com\\\/avatar\\\/30d4f9723476a15f4da34d35fb3501f08d2357016c76051c6a85c354c7489589?s=96&d=mm&r=g\",\"caption\":\"Continuamos MX\"},\"sameAs\":[\"http:\\\/\\\/www.continuamos.mx\"],\"url\":\"https:\\\/\\\/continuamosmx.com\\\/index.php\\\/author\\\/continuamos\\\/\"}]}<\/script>\n<!-- \/ Yoast SEO plugin. -->","yoast_head_json":{"title":"COYOTEPEC FORTALECE LA SEGURIDAD CON CAPACITACI\u00d3N Y COORDINACI\u00d3N INSTITUCIONAL -","robots":{"index":"index","follow":"follow","max-snippet":"max-snippet:-1","max-image-preview":"max-image-preview:large","max-video-preview":"max-video-preview:-1"},"canonical":"https:\/\/continuamosmx.com\/index.php\/2026\/09\/01\/coyotepec-fortalece-la-seguridad-con-capacitacion-y-coordinacion-institucional\/","og_locale":"es_ES","og_type":"article","og_title":"COYOTEPEC FORTALECE LA SEGURIDAD CON CAPACITACI\u00d3N Y COORDINACI\u00d3N INSTITUCIONAL -","og_description":"*El Gobierno Municipal encabezado por la Bi\u00f3loga Marisol Luna Cruz impulsa la profesionalizaci\u00f3n de los cuerpos de seguridad y del Juzgado C\u00edvico El Gobierno Municipal de Coyotepec llev\u00f3 a cabo la D\u00e9cima Sesi\u00f3n Ordinaria del Consejo Municipal de Seguridad P\u00fablica, un espacio en el que autoridades auxiliares, integrantes de los COPACIS y la ciudadan\u00eda conocieron [&hellip;]","og_url":"https:\/\/continuamosmx.com\/index.php\/2026\/09\/01\/coyotepec-fortalece-la-seguridad-con-capacitacion-y-coordinacion-institucional\/","article_published_time":"2026-09-01T06:41:42+00:00","article_modified_time":"2026-09-01T06:41:43+00:00","og_image":[{"width":1080,"height":720,"url":"https:\/\/continuamosmx.com\/wp-content\/uploads\/2026\/09\/WhatsApp-Image-2026-08-31-at-8.33.46-PM-4.jpeg","type":"image\/jpeg"}],"author":"Continuamos MX","twitter_card":"summary_large_image","twitter_misc":{"Escrito por":"Continuamos MX","Tiempo de lectura":"2 minutos"},"schema":{"@context":"https:\/\/schema.org","@graph":[{"@type":"Article","@id":"https:\/\/continuamosmx.com\/index.php\/2026\/09\/01\/coyotepec-fortalece-la-seguridad-con-capacitacion-y-coordinacion-institucional\/#article","isPartOf":{"@id":"https:\/\/continuamosmx.com\/index.php\/2026\/09\/01\/coyotepec-fortalece-la-seguridad-con-capacitacion-y-coordinacion-institucional\/"},"author":{"name":"Continuamos MX","@id":"https:\/\/continuamosmx.com\/#\/schema\/person\/5eb5356acb1fad784da407d14f0e8d89"},"headline":"COYOTEPEC FORTALECE LA SEGURIDAD CON CAPACITACI\u00d3N Y COORDINACI\u00d3N INSTITUCIONAL","datePublished":"2026-09-01T06:41:42+00:00","dateModified":"2026-09-01T06:41:43+00:00","mainEntityOfPage":{"@id":"https:\/\/continuamosmx.com\/index.php\/2026\/09\/01\/coyotepec-fortalece-la-seguridad-con-capacitacion-y-coordinacion-institucional\/"},"wordCount":245,"publisher":{"@id":"https:\/\/continuamosmx.com\/#organization"},"image":{"@id":"https:\/\/continuamosmx.com\/index.php\/2026\/09\/01\/coyotepec-fortalece-la-seguridad-con-capacitacion-y-coordinacion-institucional\/#primaryimage"},"thumbnailUrl":"https:\/\/continuamosmx.com\/wp-content\/uploads\/2026\/09\/WhatsApp-Image-2026-08-31-at-8.33.46-PM-4.jpeg","articleSection":["HUIXQUILUCAN","LOCALES"],"inLanguage":"es"},{"@type":"WebPage","@id":"https:\/\/continuamosmx.com\/index.php\/2026\/09\/01\/coyotepec-fortalece-la-seguridad-con-capacitacion-y-coordinacion-institucional\/","url":"https:\/\/continuamosmx.com\/index.php\/2026\/09\/01\/coyotepec-fortalece-la-seguridad-con-capacitacion-y-coordinacion-institucional\/","name":"COYOTEPEC FORTALECE LA SEGURIDAD CON CAPACITACI\u00d3N Y COORDINACI\u00d3N INSTITUCIONAL -","isPartOf":{"@id":"https:\/\/continuamosmx.com\/#website"},"primaryImageOfPage":{"@id":"https:\/\/continuamosmx.com\/index.php\/2026\/09\/01\/coyotepec-fortalece-la-seguridad-con-capacitacion-y-coordinacion-institucional\/#primaryimage"},"image":{"@id":"https:\/\/continuamosmx.com\/index.php\/2026\/09\/01\/coyotepec-fortalece-la-seguridad-con-capacitacion-y-coordinacion-institucional\/#primaryimage"},"thumbnailUrl":"https:\/\/continuamosmx.com\/wp-content\/uploads\/2026\/09\/WhatsApp-Image-2026-08-31-at-8.33.46-PM-4.jpeg","datePublished":"2026-09-01T06:41:42+00:00","dateModified":"2026-09-01T06:41:43+00:00","breadcrumb":{"@id":"https:\/\/continuamosmx.com\/index.php\/2026\/09\/01\/coyotepec-fortalece-la-seguridad-con-capacitacion-y-coordinacion-institucional\/#breadcrumb"},"inLanguage":"es","potentialAction":[{"@type":"ReadAction","target":["https:\/\/continuamosmx.com\/index.php\/2026\/09\/01\/coyotepec-fortalece-la-seguridad-con-capacitacion-y-coordinacion-institucional\/"]}]},{"@type":"ImageObject","inLanguage":"es","@id":"https:\/\/continuamosmx.com\/index.php\/2026\/09\/01\/coyotepec-fortalece-la-seguridad-con-capacitacion-y-coordinacion-institucional\/#primaryimage","url":"https:\/\/continuamosmx.com\/wp-content\/uploads\/2026\/09\/WhatsApp-Image-2026-08-31-at-8.33.46-PM-4.jpeg","contentUrl":"https:\/\/continuamosmx.com\/wp-content\/uploads\/2026\/09\/WhatsApp-Image-2026-08-31-at-8.33.46-PM-4.jpeg","width":1080,"height":720},{"@type":"BreadcrumbList","@id":"https:\/\/continuamosmx.com\/index.php\/2026\/09\/01\/coyotepec-fortalece-la-seguridad-con-capacitacion-y-coordinacion-institucional\/#breadcrumb","itemListElement":[{"@type":"ListItem","position":1,"name":"Inicio","item":"https:\/\/continuamosmx.com\/"},{"@type":"ListItem","position":2,"name":"COYOTEPEC FORTALECE LA SEGURIDAD CON CAPACITACI\u00d3N Y COORDINACI\u00d3N INSTITUCIONAL"}]},{"@type":"WebSite","@id":"https:\/\/continuamosmx.com\/#website","url":"https:\/\/continuamosmx.com\/","name":"www.continuamosmx.com","description":"","publisher":{"@id":"https:\/\/continuamosmx.com\/#organization"},"potentialAction":[{"@type":"SearchAction","target":{"@type":"EntryPoint","urlTemplate":"https:\/\/continuamosmx.com\/?s={search_term_string}"},"query-input":{"@type":"PropertyValueSpecification","valueRequired":true,"valueName":"search_term_string"}}],"inLanguage":"es"},{"@type":"Organization","@id":"https:\/\/continuamosmx.com\/#organization","name":"ContinuamosMX","url":"https:\/\/continuamosmx.com\/","logo":{"@type":"ImageObject","inLanguage":"es","@id":"https:\/\/continuamosmx.com\/#\/schema\/logo\/image\/","url":"https:\/\/continuamosmx.com\/wp-content\/uploads\/2023\/04\/cropped-LOGO-CONTI-NUEVO.png","contentUrl":"https:\/\/continuamosmx.com\/wp-content\/uploads\/2023\/04\/cropped-LOGO-CONTI-NUEVO.png","width":1257,"height":430,"caption":"ContinuamosMX"},"image":{"@id":"https:\/\/continuamosmx.com\/#\/schema\/logo\/image\/"}},{"@type":"Person","@id":"https:\/\/continuamosmx.com\/#\/schema\/person\/5eb5356acb1fad784da407d14f0e8d89","name":"Continuamos MX","image":{"@type":"ImageObject","inLanguage":"es","@id":"https:\/\/secure.gravatar.com\/avatar\/30d4f9723476a15f4da34d35fb3501f08d2357016c76051c6a85c354c7489589?s=96&d=mm&r=g","url":"https:\/\/secure.gravatar.com\/avatar\/30d4f9723476a15f4da34d35fb3501f08d2357016c76051c6a85c354c7489589?s=96&d=mm&r=g","contentUrl":"https:\/\/secure.gravatar.com\/avatar\/30d4f9723476a15f4da34d35fb3501f08d2357016c76051c6a85c354c7489589?s=96&d=mm&r=g","caption":"Continuamos MX"},"sameAs":["http:\/\/www.continuamos.mx"],"url":"https:\/\/continuamosmx.com\/index.php\/author\/continuamos\/"}]}},"_links":{"self":[{"href":"https:\/\/continuamosmx.com\/index.php\/wp-json\/wp\/v2\/posts\/58168","targetHints":{"allow":["GET"]}}],"collection":[{"href":"https:\/\/continuamosmx.com\/index.php\/wp-json\/wp\/v2\/posts"}],"about":[{"href":"https:\/\/continuamosmx.com\/index.php\/wp-json\/wp\/v2\/types\/post"}],"author":[{"embeddable":true,"href":"https:\/\/continuamosmx.com\/index.php\/wp-json\/wp\/v2\/users\/6"}],"replies":[{"embeddable":true,"href":"https:\/\/continuamosmx.com\/index.php\/wp-json\/wp\/v2\/comments?post=58168"}],"version-history":[{"count":1,"href":"https:\/\/continuamosmx.com\/index.php\/wp-json\/wp\/v2\/posts\/58168\/revisions"}],"predecessor-version":[{"id":58170,"href":"https:\/\/continuamosmx.com\/index.php\/wp-json\/wp\/v2\/posts\/58168\/revisions\/58170"}],"wp:featuredmedia":[{"embeddable":true,"href":"https:\/\/continuamosmx.com\/index.php\/wp-json\/wp\/v2\/media\/58169"}],"wp:attachment":[{"href":"https:\/\/continuamosmx.com\/index.php\/wp-json\/wp\/v2\/media?parent=58168"}],"wp:term":[{"taxonomy":"category","embeddable":true,"href":"https:\/\/continuamosmx.com\/index.php\/wp-json\/wp\/v2\/categories?post=58168"},{"taxonomy":"post_tag","embeddable":true,"href":"https:\/\/continuamosmx.com\/index.php\/wp-json\/wp\/v2\/tags?post=58168"}],"curies":[{"name":"wp","href":"https:\/\/api.w.org\/{rel}","templated":true}]}}