{"id":58159,"date":"2026-09-01T00:28:35","date_gmt":"2026-09-01T06:28:35","guid":{"rendered":"https:\/\/continuamosmx.com\/?p=58159"},"modified":"2026-09-01T00:28:36","modified_gmt":"2026-09-01T06:28:36","slug":"celebran-el-78-aniversario-de-tlalnepantla-con-el-festival-raices-que-transforman","status":"publish","type":"post","link":"https:\/\/continuamosmx.com\/index.php\/2026\/09\/01\/celebran-el-78-aniversario-de-tlalnepantla-con-el-festival-raices-que-transforman\/","title":{"rendered":"CELEBRAN EL 78\u00b0 ANIVERSARIO DE TLALNEPANTLA CON EL FESTIVAL \u00abRA\u00cdCES QUE TRANSFORMAN\u00bb"},"content":{"rendered":"\n<h3 class=\"wp-block-heading\">* <strong>El deportivo Edson \u00c1lvarez ser\u00e1 la sede de este gran evento familiar gratuito que reunir\u00e1 m\u00fasica, cultura y talento local este pr\u00f3ximo domingo.<\/strong><\/h3>\n\n\n\n<p class=\"wp-block-paragraph\">Tlalnepantla de Baz se prepara para conmemorar su 78\u00b0 aniversario con una gran fiesta cultural abierta a toda la comunidad.<sup><\/sup> Bajo el lema \u00abRa\u00edces que transforman\u00bb, la administraci\u00f3n municipal organiza un festival gratuito dise\u00f1ado para fortalecer la convivencia familiar y celebrar la identidad local a trav\u00e9s de la m\u00fasica y el arte.<\/p>\n\n\n\n<ul class=\"wp-block-list\">\n<li><strong>Fecha:<\/strong> Domingo 3 de septiembre.<\/li>\n\n\n\n<li><strong>Hora:<\/strong> A partir de las 15:00 horas.<\/li>\n\n\n\n<li><strong>Lugar:<\/strong> Deportivo Edson \u00c1lvarez, Tlalnepantla de Baz.<\/li>\n<\/ul>\n\n\n\n<p class=\"wp-block-paragraph\">El programa art\u00edstico de este a\u00f1o destaca por su diversidad de g\u00e9neros, ofreciendo opciones para p\u00fablicos de todas las edades. Los asistentes podr\u00e1n disfrutar de las presentaciones estelares de:<\/p>\n\n\n\n<ul class=\"wp-block-list\">\n<li><strong>Santa Fe Clal:<\/strong> Con todo el talento y la propuesta art\u00edstica que caracteriza su presentaci\u00f3n.<\/li>\n\n\n\n<li><strong>Candela Music:<\/strong> Encargados de poner el ritmo y ambiente festivo al encuentro.<\/li>\n\n\n\n<li><strong>DJ Cerveza:<\/strong> Quien aportar\u00e1 la energ\u00eda para cerrar la jornada con m\u00fasica contempor\u00e1nea.<\/li>\n<\/ul>\n\n\n\n<p class=\"wp-block-paragraph\">El Gobierno de Tlalnepantla de Baz invita a las familias del municipio y visitantes de demarcaciones vecinas a unirse a esta celebraci\u00f3n por su 78\u00b0 aniversario, reiterando su compromiso con la recuperaci\u00f3n de los espacios p\u00fablicos y la promoci\u00f3n de eventos culturales accesibles para todos. Se recomienda llegar con anticipaci\u00f3n para asegurar un buen lugar.<sup><\/sup><\/p>\n","protected":false},"excerpt":{"rendered":"<p>* El deportivo Edson \u00c1lvarez ser\u00e1 la sede de este gran evento familiar gratuito que reunir\u00e1 m\u00fasica, cultura y talento local este pr\u00f3ximo domingo. Tlalnepantla de Baz se prepara para conmemorar su 78\u00b0 aniversario con una gran fiesta cultural abierta a toda la comunidad. Bajo el lema \u00abRa\u00edces que transforman\u00bb, la administraci\u00f3n municipal organiza un [&hellip;]<\/p>\n","protected":false},"author":6,"featured_media":58160,"comment_status":"closed","ping_status":"closed","sticky":false,"template":"","format":"standard","meta":{"footnotes":""},"categories":[4,79],"tags":[],"class_list":["post-58159","post","type-post","status-publish","format-standard","has-post-thumbnail","hentry","category-locales","category-tlalne"],"yoast_head":"<!-- This site is optimized with the Yoast SEO plugin v28.3 - https:\/\/yoast.com\/product\/yoast-seo-wordpress\/ -->\n<title>CELEBRAN EL 78\u00b0 ANIVERSARIO DE TLALNEPANTLA CON EL FESTIVAL &quot;RA\u00cdCES QUE TRANSFORMAN&quot; -<\/title>\n<meta name=\"robots\" content=\"index, follow, max-snippet:-1, max-image-preview:large, max-video-preview:-1\" \/>\n<link rel=\"canonical\" href=\"https:\/\/continuamosmx.com\/index.php\/2026\/09\/01\/celebran-el-78-aniversario-de-tlalnepantla-con-el-festival-raices-que-transforman\/\" \/>\n<meta property=\"og:locale\" content=\"es_ES\" \/>\n<meta property=\"og:type\" content=\"article\" \/>\n<meta property=\"og:title\" content=\"CELEBRAN EL 78\u00b0 ANIVERSARIO DE TLALNEPANTLA CON EL FESTIVAL &quot;RA\u00cdCES QUE TRANSFORMAN&quot; -\" \/>\n<meta property=\"og:description\" content=\"* El deportivo Edson \u00c1lvarez ser\u00e1 la sede de este gran evento familiar gratuito que reunir\u00e1 m\u00fasica, cultura y talento local este pr\u00f3ximo domingo. Tlalnepantla de Baz se prepara para conmemorar su 78\u00b0 aniversario con una gran fiesta cultural abierta a toda la comunidad. Bajo el lema \u00abRa\u00edces que transforman\u00bb, la administraci\u00f3n municipal organiza un [&hellip;]\" \/>\n<meta property=\"og:url\" content=\"https:\/\/continuamosmx.com\/index.php\/2026\/09\/01\/celebran-el-78-aniversario-de-tlalnepantla-con-el-festival-raices-que-transforman\/\" \/>\n<meta property=\"article:published_time\" content=\"2026-09-01T06:28:35+00:00\" \/>\n<meta property=\"article:modified_time\" content=\"2026-09-01T06:28:36+00:00\" \/>\n<meta property=\"og:image\" content=\"https:\/\/continuamosmx.com\/wp-content\/uploads\/2026\/09\/tlalne-1024x556.png\" \/>\n\t<meta property=\"og:image:width\" content=\"1024\" \/>\n\t<meta property=\"og:image:height\" content=\"556\" \/>\n\t<meta property=\"og:image:type\" content=\"image\/png\" \/>\n<meta name=\"author\" content=\"Continuamos MX\" \/>\n<meta name=\"twitter:card\" content=\"summary_large_image\" \/>\n<meta name=\"twitter:label1\" content=\"Escrito por\" \/>\n\t<meta name=\"twitter:data1\" content=\"Continuamos MX\" \/>\n\t<meta name=\"twitter:label2\" content=\"Tiempo de lectura\" \/>\n\t<meta name=\"twitter:data2\" content=\"2 minutos\" \/>\n<script type=\"application\/ld+json\" class=\"yoast-schema-graph\">{\"@context\":\"https:\\\/\\\/schema.org\",\"@graph\":[{\"@type\":\"Article\",\"@id\":\"https:\\\/\\\/continuamosmx.com\\\/index.php\\\/2026\\\/09\\\/01\\\/celebran-el-78-aniversario-de-tlalnepantla-con-el-festival-raices-que-transforman\\\/#article\",\"isPartOf\":{\"@id\":\"https:\\\/\\\/continuamosmx.com\\\/index.php\\\/2026\\\/09\\\/01\\\/celebran-el-78-aniversario-de-tlalnepantla-con-el-festival-raices-que-transforman\\\/\"},\"author\":{\"name\":\"Continuamos MX\",\"@id\":\"https:\\\/\\\/continuamosmx.com\\\/#\\\/schema\\\/person\\\/5eb5356acb1fad784da407d14f0e8d89\"},\"headline\":\"CELEBRAN EL 78\u00b0 ANIVERSARIO DE TLALNEPANTLA CON EL FESTIVAL \u00abRA\u00cdCES QUE TRANSFORMAN\u00bb\",\"datePublished\":\"2026-09-01T06:28:35+00:00\",\"dateModified\":\"2026-09-01T06:28:36+00:00\",\"mainEntityOfPage\":{\"@id\":\"https:\\\/\\\/continuamosmx.com\\\/index.php\\\/2026\\\/09\\\/01\\\/celebran-el-78-aniversario-de-tlalnepantla-con-el-festival-raices-que-transforman\\\/\"},\"wordCount\":248,\"publisher\":{\"@id\":\"https:\\\/\\\/continuamosmx.com\\\/#organization\"},\"image\":{\"@id\":\"https:\\\/\\\/continuamosmx.com\\\/index.php\\\/2026\\\/09\\\/01\\\/celebran-el-78-aniversario-de-tlalnepantla-con-el-festival-raices-que-transforman\\\/#primaryimage\"},\"thumbnailUrl\":\"https:\\\/\\\/continuamosmx.com\\\/wp-content\\\/uploads\\\/2026\\\/09\\\/tlalne.png\",\"articleSection\":[\"LOCALES\",\"TLALNEPANTLA\"],\"inLanguage\":\"es\"},{\"@type\":\"WebPage\",\"@id\":\"https:\\\/\\\/continuamosmx.com\\\/index.php\\\/2026\\\/09\\\/01\\\/celebran-el-78-aniversario-de-tlalnepantla-con-el-festival-raices-que-transforman\\\/\",\"url\":\"https:\\\/\\\/continuamosmx.com\\\/index.php\\\/2026\\\/09\\\/01\\\/celebran-el-78-aniversario-de-tlalnepantla-con-el-festival-raices-que-transforman\\\/\",\"name\":\"CELEBRAN EL 78\u00b0 ANIVERSARIO DE TLALNEPANTLA CON EL FESTIVAL \\\"RA\u00cdCES QUE TRANSFORMAN\\\" -\",\"isPartOf\":{\"@id\":\"https:\\\/\\\/continuamosmx.com\\\/#website\"},\"primaryImageOfPage\":{\"@id\":\"https:\\\/\\\/continuamosmx.com\\\/index.php\\\/2026\\\/09\\\/01\\\/celebran-el-78-aniversario-de-tlalnepantla-con-el-festival-raices-que-transforman\\\/#primaryimage\"},\"image\":{\"@id\":\"https:\\\/\\\/continuamosmx.com\\\/index.php\\\/2026\\\/09\\\/01\\\/celebran-el-78-aniversario-de-tlalnepantla-con-el-festival-raices-que-transforman\\\/#primaryimage\"},\"thumbnailUrl\":\"https:\\\/\\\/continuamosmx.com\\\/wp-content\\\/uploads\\\/2026\\\/09\\\/tlalne.png\",\"datePublished\":\"2026-09-01T06:28:35+00:00\",\"dateModified\":\"2026-09-01T06:28:36+00:00\",\"breadcrumb\":{\"@id\":\"https:\\\/\\\/continuamosmx.com\\\/index.php\\\/2026\\\/09\\\/01\\\/celebran-el-78-aniversario-de-tlalnepantla-con-el-festival-raices-que-transforman\\\/#breadcrumb\"},\"inLanguage\":\"es\",\"potentialAction\":[{\"@type\":\"ReadAction\",\"target\":[\"https:\\\/\\\/continuamosmx.com\\\/index.php\\\/2026\\\/09\\\/01\\\/celebran-el-78-aniversario-de-tlalnepantla-con-el-festival-raices-que-transforman\\\/\"]}]},{\"@type\":\"ImageObject\",\"inLanguage\":\"es\",\"@id\":\"https:\\\/\\\/continuamosmx.com\\\/index.php\\\/2026\\\/09\\\/01\\\/celebran-el-78-aniversario-de-tlalnepantla-con-el-festival-raices-que-transforman\\\/#primaryimage\",\"url\":\"https:\\\/\\\/continuamosmx.com\\\/wp-content\\\/uploads\\\/2026\\\/09\\\/tlalne.png\",\"contentUrl\":\"https:\\\/\\\/continuamosmx.com\\\/wp-content\\\/uploads\\\/2026\\\/09\\\/tlalne.png\",\"width\":1286,\"height\":698},{\"@type\":\"BreadcrumbList\",\"@id\":\"https:\\\/\\\/continuamosmx.com\\\/index.php\\\/2026\\\/09\\\/01\\\/celebran-el-78-aniversario-de-tlalnepantla-con-el-festival-raices-que-transforman\\\/#breadcrumb\",\"itemListElement\":[{\"@type\":\"ListItem\",\"position\":1,\"name\":\"Inicio\",\"item\":\"https:\\\/\\\/continuamosmx.com\\\/\"},{\"@type\":\"ListItem\",\"position\":2,\"name\":\"CELEBRAN EL 78\u00b0 ANIVERSARIO DE TLALNEPANTLA CON EL FESTIVAL \u00abRA\u00cdCES QUE TRANSFORMAN\u00bb\"}]},{\"@type\":\"WebSite\",\"@id\":\"https:\\\/\\\/continuamosmx.com\\\/#website\",\"url\":\"https:\\\/\\\/continuamosmx.com\\\/\",\"name\":\"www.continuamosmx.com\",\"description\":\"\",\"publisher\":{\"@id\":\"https:\\\/\\\/continuamosmx.com\\\/#organization\"},\"potentialAction\":[{\"@type\":\"SearchAction\",\"target\":{\"@type\":\"EntryPoint\",\"urlTemplate\":\"https:\\\/\\\/continuamosmx.com\\\/?s={search_term_string}\"},\"query-input\":{\"@type\":\"PropertyValueSpecification\",\"valueRequired\":true,\"valueName\":\"search_term_string\"}}],\"inLanguage\":\"es\"},{\"@type\":\"Organization\",\"@id\":\"https:\\\/\\\/continuamosmx.com\\\/#organization\",\"name\":\"ContinuamosMX\",\"url\":\"https:\\\/\\\/continuamosmx.com\\\/\",\"logo\":{\"@type\":\"ImageObject\",\"inLanguage\":\"es\",\"@id\":\"https:\\\/\\\/continuamosmx.com\\\/#\\\/schema\\\/logo\\\/image\\\/\",\"url\":\"https:\\\/\\\/continuamosmx.com\\\/wp-content\\\/uploads\\\/2023\\\/04\\\/cropped-LOGO-CONTI-NUEVO.png\",\"contentUrl\":\"https:\\\/\\\/continuamosmx.com\\\/wp-content\\\/uploads\\\/2023\\\/04\\\/cropped-LOGO-CONTI-NUEVO.png\",\"width\":1257,\"height\":430,\"caption\":\"ContinuamosMX\"},\"image\":{\"@id\":\"https:\\\/\\\/continuamosmx.com\\\/#\\\/schema\\\/logo\\\/image\\\/\"}},{\"@type\":\"Person\",\"@id\":\"https:\\\/\\\/continuamosmx.com\\\/#\\\/schema\\\/person\\\/5eb5356acb1fad784da407d14f0e8d89\",\"name\":\"Continuamos MX\",\"image\":{\"@type\":\"ImageObject\",\"inLanguage\":\"es\",\"@id\":\"https:\\\/\\\/secure.gravatar.com\\\/avatar\\\/30d4f9723476a15f4da34d35fb3501f08d2357016c76051c6a85c354c7489589?s=96&d=mm&r=g\",\"url\":\"https:\\\/\\\/secure.gravatar.com\\\/avatar\\\/30d4f9723476a15f4da34d35fb3501f08d2357016c76051c6a85c354c7489589?s=96&d=mm&r=g\",\"contentUrl\":\"https:\\\/\\\/secure.gravatar.com\\\/avatar\\\/30d4f9723476a15f4da34d35fb3501f08d2357016c76051c6a85c354c7489589?s=96&d=mm&r=g\",\"caption\":\"Continuamos MX\"},\"sameAs\":[\"http:\\\/\\\/www.continuamos.mx\"],\"url\":\"https:\\\/\\\/continuamosmx.com\\\/index.php\\\/author\\\/continuamos\\\/\"}]}<\/script>\n<!-- \/ Yoast SEO plugin. -->","yoast_head_json":{"title":"CELEBRAN EL 78\u00b0 ANIVERSARIO DE TLALNEPANTLA CON EL FESTIVAL \"RA\u00cdCES QUE TRANSFORMAN\" -","robots":{"index":"index","follow":"follow","max-snippet":"max-snippet:-1","max-image-preview":"max-image-preview:large","max-video-preview":"max-video-preview:-1"},"canonical":"https:\/\/continuamosmx.com\/index.php\/2026\/09\/01\/celebran-el-78-aniversario-de-tlalnepantla-con-el-festival-raices-que-transforman\/","og_locale":"es_ES","og_type":"article","og_title":"CELEBRAN EL 78\u00b0 ANIVERSARIO DE TLALNEPANTLA CON EL FESTIVAL \"RA\u00cdCES QUE TRANSFORMAN\" -","og_description":"* El deportivo Edson \u00c1lvarez ser\u00e1 la sede de este gran evento familiar gratuito que reunir\u00e1 m\u00fasica, cultura y talento local este pr\u00f3ximo domingo. Tlalnepantla de Baz se prepara para conmemorar su 78\u00b0 aniversario con una gran fiesta cultural abierta a toda la comunidad. Bajo el lema \u00abRa\u00edces que transforman\u00bb, la administraci\u00f3n municipal organiza un [&hellip;]","og_url":"https:\/\/continuamosmx.com\/index.php\/2026\/09\/01\/celebran-el-78-aniversario-de-tlalnepantla-con-el-festival-raices-que-transforman\/","article_published_time":"2026-09-01T06:28:35+00:00","article_modified_time":"2026-09-01T06:28:36+00:00","og_image":[{"width":1024,"height":556,"url":"https:\/\/continuamosmx.com\/wp-content\/uploads\/2026\/09\/tlalne-1024x556.png","type":"image\/png"}],"author":"Continuamos MX","twitter_card":"summary_large_image","twitter_misc":{"Escrito por":"Continuamos MX","Tiempo de lectura":"2 minutos"},"schema":{"@context":"https:\/\/schema.org","@graph":[{"@type":"Article","@id":"https:\/\/continuamosmx.com\/index.php\/2026\/09\/01\/celebran-el-78-aniversario-de-tlalnepantla-con-el-festival-raices-que-transforman\/#article","isPartOf":{"@id":"https:\/\/continuamosmx.com\/index.php\/2026\/09\/01\/celebran-el-78-aniversario-de-tlalnepantla-con-el-festival-raices-que-transforman\/"},"author":{"name":"Continuamos MX","@id":"https:\/\/continuamosmx.com\/#\/schema\/person\/5eb5356acb1fad784da407d14f0e8d89"},"headline":"CELEBRAN EL 78\u00b0 ANIVERSARIO DE TLALNEPANTLA CON EL FESTIVAL \u00abRA\u00cdCES QUE TRANSFORMAN\u00bb","datePublished":"2026-09-01T06:28:35+00:00","dateModified":"2026-09-01T06:28:36+00:00","mainEntityOfPage":{"@id":"https:\/\/continuamosmx.com\/index.php\/2026\/09\/01\/celebran-el-78-aniversario-de-tlalnepantla-con-el-festival-raices-que-transforman\/"},"wordCount":248,"publisher":{"@id":"https:\/\/continuamosmx.com\/#organization"},"image":{"@id":"https:\/\/continuamosmx.com\/index.php\/2026\/09\/01\/celebran-el-78-aniversario-de-tlalnepantla-con-el-festival-raices-que-transforman\/#primaryimage"},"thumbnailUrl":"https:\/\/continuamosmx.com\/wp-content\/uploads\/2026\/09\/tlalne.png","articleSection":["LOCALES","TLALNEPANTLA"],"inLanguage":"es"},{"@type":"WebPage","@id":"https:\/\/continuamosmx.com\/index.php\/2026\/09\/01\/celebran-el-78-aniversario-de-tlalnepantla-con-el-festival-raices-que-transforman\/","url":"https:\/\/continuamosmx.com\/index.php\/2026\/09\/01\/celebran-el-78-aniversario-de-tlalnepantla-con-el-festival-raices-que-transforman\/","name":"CELEBRAN EL 78\u00b0 ANIVERSARIO DE TLALNEPANTLA CON EL FESTIVAL \"RA\u00cdCES QUE TRANSFORMAN\" -","isPartOf":{"@id":"https:\/\/continuamosmx.com\/#website"},"primaryImageOfPage":{"@id":"https:\/\/continuamosmx.com\/index.php\/2026\/09\/01\/celebran-el-78-aniversario-de-tlalnepantla-con-el-festival-raices-que-transforman\/#primaryimage"},"image":{"@id":"https:\/\/continuamosmx.com\/index.php\/2026\/09\/01\/celebran-el-78-aniversario-de-tlalnepantla-con-el-festival-raices-que-transforman\/#primaryimage"},"thumbnailUrl":"https:\/\/continuamosmx.com\/wp-content\/uploads\/2026\/09\/tlalne.png","datePublished":"2026-09-01T06:28:35+00:00","dateModified":"2026-09-01T06:28:36+00:00","breadcrumb":{"@id":"https:\/\/continuamosmx.com\/index.php\/2026\/09\/01\/celebran-el-78-aniversario-de-tlalnepantla-con-el-festival-raices-que-transforman\/#breadcrumb"},"inLanguage":"es","potentialAction":[{"@type":"ReadAction","target":["https:\/\/continuamosmx.com\/index.php\/2026\/09\/01\/celebran-el-78-aniversario-de-tlalnepantla-con-el-festival-raices-que-transforman\/"]}]},{"@type":"ImageObject","inLanguage":"es","@id":"https:\/\/continuamosmx.com\/index.php\/2026\/09\/01\/celebran-el-78-aniversario-de-tlalnepantla-con-el-festival-raices-que-transforman\/#primaryimage","url":"https:\/\/continuamosmx.com\/wp-content\/uploads\/2026\/09\/tlalne.png","contentUrl":"https:\/\/continuamosmx.com\/wp-content\/uploads\/2026\/09\/tlalne.png","width":1286,"height":698},{"@type":"BreadcrumbList","@id":"https:\/\/continuamosmx.com\/index.php\/2026\/09\/01\/celebran-el-78-aniversario-de-tlalnepantla-con-el-festival-raices-que-transforman\/#breadcrumb","itemListElement":[{"@type":"ListItem","position":1,"name":"Inicio","item":"https:\/\/continuamosmx.com\/"},{"@type":"ListItem","position":2,"name":"CELEBRAN EL 78\u00b0 ANIVERSARIO DE TLALNEPANTLA CON EL FESTIVAL \u00abRA\u00cdCES QUE TRANSFORMAN\u00bb"}]},{"@type":"WebSite","@id":"https:\/\/continuamosmx.com\/#website","url":"https:\/\/continuamosmx.com\/","name":"www.continuamosmx.com","description":"","publisher":{"@id":"https:\/\/continuamosmx.com\/#organization"},"potentialAction":[{"@type":"SearchAction","target":{"@type":"EntryPoint","urlTemplate":"https:\/\/continuamosmx.com\/?s={search_term_string}"},"query-input":{"@type":"PropertyValueSpecification","valueRequired":true,"valueName":"search_term_string"}}],"inLanguage":"es"},{"@type":"Organization","@id":"https:\/\/continuamosmx.com\/#organization","name":"ContinuamosMX","url":"https:\/\/continuamosmx.com\/","logo":{"@type":"ImageObject","inLanguage":"es","@id":"https:\/\/continuamosmx.com\/#\/schema\/logo\/image\/","url":"https:\/\/continuamosmx.com\/wp-content\/uploads\/2023\/04\/cropped-LOGO-CONTI-NUEVO.png","contentUrl":"https:\/\/continuamosmx.com\/wp-content\/uploads\/2023\/04\/cropped-LOGO-CONTI-NUEVO.png","width":1257,"height":430,"caption":"ContinuamosMX"},"image":{"@id":"https:\/\/continuamosmx.com\/#\/schema\/logo\/image\/"}},{"@type":"Person","@id":"https:\/\/continuamosmx.com\/#\/schema\/person\/5eb5356acb1fad784da407d14f0e8d89","name":"Continuamos MX","image":{"@type":"ImageObject","inLanguage":"es","@id":"https:\/\/secure.gravatar.com\/avatar\/30d4f9723476a15f4da34d35fb3501f08d2357016c76051c6a85c354c7489589?s=96&d=mm&r=g","url":"https:\/\/secure.gravatar.com\/avatar\/30d4f9723476a15f4da34d35fb3501f08d2357016c76051c6a85c354c7489589?s=96&d=mm&r=g","contentUrl":"https:\/\/secure.gravatar.com\/avatar\/30d4f9723476a15f4da34d35fb3501f08d2357016c76051c6a85c354c7489589?s=96&d=mm&r=g","caption":"Continuamos MX"},"sameAs":["http:\/\/www.continuamos.mx"],"url":"https:\/\/continuamosmx.com\/index.php\/author\/continuamos\/"}]}},"_links":{"self":[{"href":"https:\/\/continuamosmx.com\/index.php\/wp-json\/wp\/v2\/posts\/58159","targetHints":{"allow":["GET"]}}],"collection":[{"href":"https:\/\/continuamosmx.com\/index.php\/wp-json\/wp\/v2\/posts"}],"about":[{"href":"https:\/\/continuamosmx.com\/index.php\/wp-json\/wp\/v2\/types\/post"}],"author":[{"embeddable":true,"href":"https:\/\/continuamosmx.com\/index.php\/wp-json\/wp\/v2\/users\/6"}],"replies":[{"embeddable":true,"href":"https:\/\/continuamosmx.com\/index.php\/wp-json\/wp\/v2\/comments?post=58159"}],"version-history":[{"count":1,"href":"https:\/\/continuamosmx.com\/index.php\/wp-json\/wp\/v2\/posts\/58159\/revisions"}],"predecessor-version":[{"id":58161,"href":"https:\/\/continuamosmx.com\/index.php\/wp-json\/wp\/v2\/posts\/58159\/revisions\/58161"}],"wp:featuredmedia":[{"embeddable":true,"href":"https:\/\/continuamosmx.com\/index.php\/wp-json\/wp\/v2\/media\/58160"}],"wp:attachment":[{"href":"https:\/\/continuamosmx.com\/index.php\/wp-json\/wp\/v2\/media?parent=58159"}],"wp:term":[{"taxonomy":"category","embeddable":true,"href":"https:\/\/continuamosmx.com\/index.php\/wp-json\/wp\/v2\/categories?post=58159"},{"taxonomy":"post_tag","embeddable":true,"href":"https:\/\/continuamosmx.com\/index.php\/wp-json\/wp\/v2\/tags?post=58159"}],"curies":[{"name":"wp","href":"https:\/\/api.w.org\/{rel}","templated":true}]}}