{"id":58147,"date":"2026-08-31T19:09:23","date_gmt":"2026-09-01T01:09:23","guid":{"rendered":"https:\/\/continuamosmx.com\/?p=58147"},"modified":"2026-08-31T19:09:23","modified_gmt":"2026-09-01T01:09:23","slug":"reconocen-en-coyotepec-la-valentia-y-vocacion-de-servicio-de-su-cuerpo-de-bomberos","status":"publish","type":"post","link":"https:\/\/continuamosmx.com\/index.php\/2026\/08\/31\/reconocen-en-coyotepec-la-valentia-y-vocacion-de-servicio-de-su-cuerpo-de-bomberos\/","title":{"rendered":"RECONOCEN EN COYOTEPEC LA VALENT\u00cdA Y VOCACI\u00d3N DE SERVICIO DE SU CUERPO DE BOMBEROS"},"content":{"rendered":"\n<p class=\"wp-block-paragraph\">*<strong>La alcaldesa Marisol Luna Cruz encabeza homenaje a los vulcanos y anuncia la entrega de nuevos uniformes para mejorar sus condiciones laborales<\/strong><\/p>\n\n\n\n<p class=\"wp-block-paragraph\">La Presidenta Municipal de Coyotepec, Marisol Luna Cruz, encabez\u00f3 un emotivo reconocimiento a las y los integrantes del cuerpo de Bomberos del municipio, destacando su valent\u00eda, compromiso y permanente vocaci\u00f3n de servicio para salvaguardar la vida y el patrimonio de las familias locales. El evento reuni\u00f3 a las familias de los elementos en una convivencia con alimentos, m\u00fasica y entrega de regalos.<\/p>\n\n\n\n<p class=\"wp-block-paragraph\">Durante su mensaje, la alcaldesa reconoci\u00f3 la labor diaria que realizan ante situaciones de emergencia y agradeci\u00f3 especialmente a las familias de los bomberos por la paciencia, comprensi\u00f3n y fortaleza que brindan a quienes portan este uniforme. Asimismo, reafirm\u00f3 el compromiso de su administraci\u00f3n (2025-2027) para seguir fortaleciendo a la corporaci\u00f3n, anunciando que en los pr\u00f3ximos d\u00edas se realizar\u00e1 la entrega de nuevos uniformes para dotar al personal de mejores herramientas.<\/p>\n\n\n\n<p class=\"wp-block-paragraph\">En el encuentro tambi\u00e9n participaron el Presidente Honor\u00edfico del DIF Municipal, la Secretaria del Ayuntamiento y la Tercera Regidora, quienes se sumaron al agradecimiento a quienes \u00abcuidan y sirven siempre a Coyotepec\u00bb.<\/p>\n","protected":false},"excerpt":{"rendered":"<p>*La alcaldesa Marisol Luna Cruz encabeza homenaje a los vulcanos y anuncia la entrega de nuevos uniformes para mejorar sus condiciones laborales La Presidenta Municipal de Coyotepec, Marisol Luna Cruz, encabez\u00f3 un emotivo reconocimiento a las y los integrantes del cuerpo de Bomberos del municipio, destacando su valent\u00eda, compromiso y permanente vocaci\u00f3n de servicio para [&hellip;]<\/p>\n","protected":false},"author":6,"featured_media":58148,"comment_status":"closed","ping_status":"closed","sticky":false,"template":"","format":"standard","meta":{"footnotes":""},"categories":[234,4],"tags":[],"class_list":["post-58147","post","type-post","status-publish","format-standard","has-post-thumbnail","hentry","category-coyotepec","category-locales"],"yoast_head":"<!-- This site is optimized with the Yoast SEO plugin v28.3 - https:\/\/yoast.com\/product\/yoast-seo-wordpress\/ -->\n<title>RECONOCEN EN COYOTEPEC LA VALENT\u00cdA Y VOCACI\u00d3N DE SERVICIO DE SU CUERPO DE BOMBEROS -<\/title>\n<meta name=\"robots\" content=\"index, follow, max-snippet:-1, max-image-preview:large, max-video-preview:-1\" \/>\n<link rel=\"canonical\" href=\"https:\/\/continuamosmx.com\/index.php\/2026\/08\/31\/reconocen-en-coyotepec-la-valentia-y-vocacion-de-servicio-de-su-cuerpo-de-bomberos\/\" \/>\n<meta property=\"og:locale\" content=\"es_ES\" \/>\n<meta property=\"og:type\" content=\"article\" \/>\n<meta property=\"og:title\" content=\"RECONOCEN EN COYOTEPEC LA VALENT\u00cdA Y VOCACI\u00d3N DE SERVICIO DE SU CUERPO DE BOMBEROS -\" \/>\n<meta property=\"og:description\" content=\"*La alcaldesa Marisol Luna Cruz encabeza homenaje a los vulcanos y anuncia la entrega de nuevos uniformes para mejorar sus condiciones laborales La Presidenta Municipal de Coyotepec, Marisol Luna Cruz, encabez\u00f3 un emotivo reconocimiento a las y los integrantes del cuerpo de Bomberos del municipio, destacando su valent\u00eda, compromiso y permanente vocaci\u00f3n de servicio para [&hellip;]\" \/>\n<meta property=\"og:url\" content=\"https:\/\/continuamosmx.com\/index.php\/2026\/08\/31\/reconocen-en-coyotepec-la-valentia-y-vocacion-de-servicio-de-su-cuerpo-de-bomberos\/\" \/>\n<meta property=\"article:published_time\" content=\"2026-09-01T01:09:23+00:00\" \/>\n<meta property=\"og:image\" content=\"https:\/\/continuamosmx.com\/wp-content\/uploads\/2026\/08\/WhatsApp-Image-2026-08-31-at-6.31.21-PM.jpeg\" \/>\n\t<meta property=\"og:image:width\" content=\"1080\" \/>\n\t<meta property=\"og:image:height\" content=\"720\" \/>\n\t<meta property=\"og:image:type\" content=\"image\/jpeg\" \/>\n<meta name=\"author\" content=\"Continuamos MX\" \/>\n<meta name=\"twitter:card\" content=\"summary_large_image\" \/>\n<meta name=\"twitter:label1\" content=\"Escrito por\" \/>\n\t<meta name=\"twitter:data1\" content=\"Continuamos MX\" \/>\n\t<meta name=\"twitter:label2\" content=\"Tiempo de lectura\" \/>\n\t<meta name=\"twitter:data2\" content=\"2 minutos\" \/>\n<script type=\"application\/ld+json\" class=\"yoast-schema-graph\">{\"@context\":\"https:\\\/\\\/schema.org\",\"@graph\":[{\"@type\":\"Article\",\"@id\":\"https:\\\/\\\/continuamosmx.com\\\/index.php\\\/2026\\\/08\\\/31\\\/reconocen-en-coyotepec-la-valentia-y-vocacion-de-servicio-de-su-cuerpo-de-bomberos\\\/#article\",\"isPartOf\":{\"@id\":\"https:\\\/\\\/continuamosmx.com\\\/index.php\\\/2026\\\/08\\\/31\\\/reconocen-en-coyotepec-la-valentia-y-vocacion-de-servicio-de-su-cuerpo-de-bomberos\\\/\"},\"author\":{\"name\":\"Continuamos MX\",\"@id\":\"https:\\\/\\\/continuamosmx.com\\\/#\\\/schema\\\/person\\\/5eb5356acb1fad784da407d14f0e8d89\"},\"headline\":\"RECONOCEN EN COYOTEPEC LA VALENT\u00cdA Y VOCACI\u00d3N DE SERVICIO DE SU CUERPO DE BOMBEROS\",\"datePublished\":\"2026-09-01T01:09:23+00:00\",\"mainEntityOfPage\":{\"@id\":\"https:\\\/\\\/continuamosmx.com\\\/index.php\\\/2026\\\/08\\\/31\\\/reconocen-en-coyotepec-la-valentia-y-vocacion-de-servicio-de-su-cuerpo-de-bomberos\\\/\"},\"wordCount\":213,\"publisher\":{\"@id\":\"https:\\\/\\\/continuamosmx.com\\\/#organization\"},\"image\":{\"@id\":\"https:\\\/\\\/continuamosmx.com\\\/index.php\\\/2026\\\/08\\\/31\\\/reconocen-en-coyotepec-la-valentia-y-vocacion-de-servicio-de-su-cuerpo-de-bomberos\\\/#primaryimage\"},\"thumbnailUrl\":\"https:\\\/\\\/continuamosmx.com\\\/wp-content\\\/uploads\\\/2026\\\/08\\\/WhatsApp-Image-2026-08-31-at-6.31.21-PM.jpeg\",\"articleSection\":[\"COYOTEPEC\",\"LOCALES\"],\"inLanguage\":\"es\"},{\"@type\":\"WebPage\",\"@id\":\"https:\\\/\\\/continuamosmx.com\\\/index.php\\\/2026\\\/08\\\/31\\\/reconocen-en-coyotepec-la-valentia-y-vocacion-de-servicio-de-su-cuerpo-de-bomberos\\\/\",\"url\":\"https:\\\/\\\/continuamosmx.com\\\/index.php\\\/2026\\\/08\\\/31\\\/reconocen-en-coyotepec-la-valentia-y-vocacion-de-servicio-de-su-cuerpo-de-bomberos\\\/\",\"name\":\"RECONOCEN EN COYOTEPEC LA VALENT\u00cdA Y VOCACI\u00d3N DE SERVICIO DE SU CUERPO DE BOMBEROS -\",\"isPartOf\":{\"@id\":\"https:\\\/\\\/continuamosmx.com\\\/#website\"},\"primaryImageOfPage\":{\"@id\":\"https:\\\/\\\/continuamosmx.com\\\/index.php\\\/2026\\\/08\\\/31\\\/reconocen-en-coyotepec-la-valentia-y-vocacion-de-servicio-de-su-cuerpo-de-bomberos\\\/#primaryimage\"},\"image\":{\"@id\":\"https:\\\/\\\/continuamosmx.com\\\/index.php\\\/2026\\\/08\\\/31\\\/reconocen-en-coyotepec-la-valentia-y-vocacion-de-servicio-de-su-cuerpo-de-bomberos\\\/#primaryimage\"},\"thumbnailUrl\":\"https:\\\/\\\/continuamosmx.com\\\/wp-content\\\/uploads\\\/2026\\\/08\\\/WhatsApp-Image-2026-08-31-at-6.31.21-PM.jpeg\",\"datePublished\":\"2026-09-01T01:09:23+00:00\",\"breadcrumb\":{\"@id\":\"https:\\\/\\\/continuamosmx.com\\\/index.php\\\/2026\\\/08\\\/31\\\/reconocen-en-coyotepec-la-valentia-y-vocacion-de-servicio-de-su-cuerpo-de-bomberos\\\/#breadcrumb\"},\"inLanguage\":\"es\",\"potentialAction\":[{\"@type\":\"ReadAction\",\"target\":[\"https:\\\/\\\/continuamosmx.com\\\/index.php\\\/2026\\\/08\\\/31\\\/reconocen-en-coyotepec-la-valentia-y-vocacion-de-servicio-de-su-cuerpo-de-bomberos\\\/\"]}]},{\"@type\":\"ImageObject\",\"inLanguage\":\"es\",\"@id\":\"https:\\\/\\\/continuamosmx.com\\\/index.php\\\/2026\\\/08\\\/31\\\/reconocen-en-coyotepec-la-valentia-y-vocacion-de-servicio-de-su-cuerpo-de-bomberos\\\/#primaryimage\",\"url\":\"https:\\\/\\\/continuamosmx.com\\\/wp-content\\\/uploads\\\/2026\\\/08\\\/WhatsApp-Image-2026-08-31-at-6.31.21-PM.jpeg\",\"contentUrl\":\"https:\\\/\\\/continuamosmx.com\\\/wp-content\\\/uploads\\\/2026\\\/08\\\/WhatsApp-Image-2026-08-31-at-6.31.21-PM.jpeg\",\"width\":1080,\"height\":720},{\"@type\":\"BreadcrumbList\",\"@id\":\"https:\\\/\\\/continuamosmx.com\\\/index.php\\\/2026\\\/08\\\/31\\\/reconocen-en-coyotepec-la-valentia-y-vocacion-de-servicio-de-su-cuerpo-de-bomberos\\\/#breadcrumb\",\"itemListElement\":[{\"@type\":\"ListItem\",\"position\":1,\"name\":\"Inicio\",\"item\":\"https:\\\/\\\/continuamosmx.com\\\/\"},{\"@type\":\"ListItem\",\"position\":2,\"name\":\"RECONOCEN EN COYOTEPEC LA VALENT\u00cdA Y VOCACI\u00d3N DE SERVICIO DE SU CUERPO DE BOMBEROS\"}]},{\"@type\":\"WebSite\",\"@id\":\"https:\\\/\\\/continuamosmx.com\\\/#website\",\"url\":\"https:\\\/\\\/continuamosmx.com\\\/\",\"name\":\"www.continuamosmx.com\",\"description\":\"\",\"publisher\":{\"@id\":\"https:\\\/\\\/continuamosmx.com\\\/#organization\"},\"potentialAction\":[{\"@type\":\"SearchAction\",\"target\":{\"@type\":\"EntryPoint\",\"urlTemplate\":\"https:\\\/\\\/continuamosmx.com\\\/?s={search_term_string}\"},\"query-input\":{\"@type\":\"PropertyValueSpecification\",\"valueRequired\":true,\"valueName\":\"search_term_string\"}}],\"inLanguage\":\"es\"},{\"@type\":\"Organization\",\"@id\":\"https:\\\/\\\/continuamosmx.com\\\/#organization\",\"name\":\"ContinuamosMX\",\"url\":\"https:\\\/\\\/continuamosmx.com\\\/\",\"logo\":{\"@type\":\"ImageObject\",\"inLanguage\":\"es\",\"@id\":\"https:\\\/\\\/continuamosmx.com\\\/#\\\/schema\\\/logo\\\/image\\\/\",\"url\":\"https:\\\/\\\/continuamosmx.com\\\/wp-content\\\/uploads\\\/2023\\\/04\\\/cropped-LOGO-CONTI-NUEVO.png\",\"contentUrl\":\"https:\\\/\\\/continuamosmx.com\\\/wp-content\\\/uploads\\\/2023\\\/04\\\/cropped-LOGO-CONTI-NUEVO.png\",\"width\":1257,\"height\":430,\"caption\":\"ContinuamosMX\"},\"image\":{\"@id\":\"https:\\\/\\\/continuamosmx.com\\\/#\\\/schema\\\/logo\\\/image\\\/\"}},{\"@type\":\"Person\",\"@id\":\"https:\\\/\\\/continuamosmx.com\\\/#\\\/schema\\\/person\\\/5eb5356acb1fad784da407d14f0e8d89\",\"name\":\"Continuamos MX\",\"image\":{\"@type\":\"ImageObject\",\"inLanguage\":\"es\",\"@id\":\"https:\\\/\\\/secure.gravatar.com\\\/avatar\\\/30d4f9723476a15f4da34d35fb3501f08d2357016c76051c6a85c354c7489589?s=96&d=mm&r=g\",\"url\":\"https:\\\/\\\/secure.gravatar.com\\\/avatar\\\/30d4f9723476a15f4da34d35fb3501f08d2357016c76051c6a85c354c7489589?s=96&d=mm&r=g\",\"contentUrl\":\"https:\\\/\\\/secure.gravatar.com\\\/avatar\\\/30d4f9723476a15f4da34d35fb3501f08d2357016c76051c6a85c354c7489589?s=96&d=mm&r=g\",\"caption\":\"Continuamos MX\"},\"sameAs\":[\"http:\\\/\\\/www.continuamos.mx\"],\"url\":\"https:\\\/\\\/continuamosmx.com\\\/index.php\\\/author\\\/continuamos\\\/\"}]}<\/script>\n<!-- \/ Yoast SEO plugin. -->","yoast_head_json":{"title":"RECONOCEN EN COYOTEPEC LA VALENT\u00cdA Y VOCACI\u00d3N DE SERVICIO DE SU CUERPO DE BOMBEROS -","robots":{"index":"index","follow":"follow","max-snippet":"max-snippet:-1","max-image-preview":"max-image-preview:large","max-video-preview":"max-video-preview:-1"},"canonical":"https:\/\/continuamosmx.com\/index.php\/2026\/08\/31\/reconocen-en-coyotepec-la-valentia-y-vocacion-de-servicio-de-su-cuerpo-de-bomberos\/","og_locale":"es_ES","og_type":"article","og_title":"RECONOCEN EN COYOTEPEC LA VALENT\u00cdA Y VOCACI\u00d3N DE SERVICIO DE SU CUERPO DE BOMBEROS -","og_description":"*La alcaldesa Marisol Luna Cruz encabeza homenaje a los vulcanos y anuncia la entrega de nuevos uniformes para mejorar sus condiciones laborales La Presidenta Municipal de Coyotepec, Marisol Luna Cruz, encabez\u00f3 un emotivo reconocimiento a las y los integrantes del cuerpo de Bomberos del municipio, destacando su valent\u00eda, compromiso y permanente vocaci\u00f3n de servicio para [&hellip;]","og_url":"https:\/\/continuamosmx.com\/index.php\/2026\/08\/31\/reconocen-en-coyotepec-la-valentia-y-vocacion-de-servicio-de-su-cuerpo-de-bomberos\/","article_published_time":"2026-09-01T01:09:23+00:00","og_image":[{"width":1080,"height":720,"url":"https:\/\/continuamosmx.com\/wp-content\/uploads\/2026\/08\/WhatsApp-Image-2026-08-31-at-6.31.21-PM.jpeg","type":"image\/jpeg"}],"author":"Continuamos MX","twitter_card":"summary_large_image","twitter_misc":{"Escrito por":"Continuamos MX","Tiempo de lectura":"2 minutos"},"schema":{"@context":"https:\/\/schema.org","@graph":[{"@type":"Article","@id":"https:\/\/continuamosmx.com\/index.php\/2026\/08\/31\/reconocen-en-coyotepec-la-valentia-y-vocacion-de-servicio-de-su-cuerpo-de-bomberos\/#article","isPartOf":{"@id":"https:\/\/continuamosmx.com\/index.php\/2026\/08\/31\/reconocen-en-coyotepec-la-valentia-y-vocacion-de-servicio-de-su-cuerpo-de-bomberos\/"},"author":{"name":"Continuamos MX","@id":"https:\/\/continuamosmx.com\/#\/schema\/person\/5eb5356acb1fad784da407d14f0e8d89"},"headline":"RECONOCEN EN COYOTEPEC LA VALENT\u00cdA Y VOCACI\u00d3N DE SERVICIO DE SU CUERPO DE BOMBEROS","datePublished":"2026-09-01T01:09:23+00:00","mainEntityOfPage":{"@id":"https:\/\/continuamosmx.com\/index.php\/2026\/08\/31\/reconocen-en-coyotepec-la-valentia-y-vocacion-de-servicio-de-su-cuerpo-de-bomberos\/"},"wordCount":213,"publisher":{"@id":"https:\/\/continuamosmx.com\/#organization"},"image":{"@id":"https:\/\/continuamosmx.com\/index.php\/2026\/08\/31\/reconocen-en-coyotepec-la-valentia-y-vocacion-de-servicio-de-su-cuerpo-de-bomberos\/#primaryimage"},"thumbnailUrl":"https:\/\/continuamosmx.com\/wp-content\/uploads\/2026\/08\/WhatsApp-Image-2026-08-31-at-6.31.21-PM.jpeg","articleSection":["COYOTEPEC","LOCALES"],"inLanguage":"es"},{"@type":"WebPage","@id":"https:\/\/continuamosmx.com\/index.php\/2026\/08\/31\/reconocen-en-coyotepec-la-valentia-y-vocacion-de-servicio-de-su-cuerpo-de-bomberos\/","url":"https:\/\/continuamosmx.com\/index.php\/2026\/08\/31\/reconocen-en-coyotepec-la-valentia-y-vocacion-de-servicio-de-su-cuerpo-de-bomberos\/","name":"RECONOCEN EN COYOTEPEC LA VALENT\u00cdA Y VOCACI\u00d3N DE SERVICIO DE SU CUERPO DE BOMBEROS -","isPartOf":{"@id":"https:\/\/continuamosmx.com\/#website"},"primaryImageOfPage":{"@id":"https:\/\/continuamosmx.com\/index.php\/2026\/08\/31\/reconocen-en-coyotepec-la-valentia-y-vocacion-de-servicio-de-su-cuerpo-de-bomberos\/#primaryimage"},"image":{"@id":"https:\/\/continuamosmx.com\/index.php\/2026\/08\/31\/reconocen-en-coyotepec-la-valentia-y-vocacion-de-servicio-de-su-cuerpo-de-bomberos\/#primaryimage"},"thumbnailUrl":"https:\/\/continuamosmx.com\/wp-content\/uploads\/2026\/08\/WhatsApp-Image-2026-08-31-at-6.31.21-PM.jpeg","datePublished":"2026-09-01T01:09:23+00:00","breadcrumb":{"@id":"https:\/\/continuamosmx.com\/index.php\/2026\/08\/31\/reconocen-en-coyotepec-la-valentia-y-vocacion-de-servicio-de-su-cuerpo-de-bomberos\/#breadcrumb"},"inLanguage":"es","potentialAction":[{"@type":"ReadAction","target":["https:\/\/continuamosmx.com\/index.php\/2026\/08\/31\/reconocen-en-coyotepec-la-valentia-y-vocacion-de-servicio-de-su-cuerpo-de-bomberos\/"]}]},{"@type":"ImageObject","inLanguage":"es","@id":"https:\/\/continuamosmx.com\/index.php\/2026\/08\/31\/reconocen-en-coyotepec-la-valentia-y-vocacion-de-servicio-de-su-cuerpo-de-bomberos\/#primaryimage","url":"https:\/\/continuamosmx.com\/wp-content\/uploads\/2026\/08\/WhatsApp-Image-2026-08-31-at-6.31.21-PM.jpeg","contentUrl":"https:\/\/continuamosmx.com\/wp-content\/uploads\/2026\/08\/WhatsApp-Image-2026-08-31-at-6.31.21-PM.jpeg","width":1080,"height":720},{"@type":"BreadcrumbList","@id":"https:\/\/continuamosmx.com\/index.php\/2026\/08\/31\/reconocen-en-coyotepec-la-valentia-y-vocacion-de-servicio-de-su-cuerpo-de-bomberos\/#breadcrumb","itemListElement":[{"@type":"ListItem","position":1,"name":"Inicio","item":"https:\/\/continuamosmx.com\/"},{"@type":"ListItem","position":2,"name":"RECONOCEN EN COYOTEPEC LA VALENT\u00cdA Y VOCACI\u00d3N DE SERVICIO DE SU CUERPO DE BOMBEROS"}]},{"@type":"WebSite","@id":"https:\/\/continuamosmx.com\/#website","url":"https:\/\/continuamosmx.com\/","name":"www.continuamosmx.com","description":"","publisher":{"@id":"https:\/\/continuamosmx.com\/#organization"},"potentialAction":[{"@type":"SearchAction","target":{"@type":"EntryPoint","urlTemplate":"https:\/\/continuamosmx.com\/?s={search_term_string}"},"query-input":{"@type":"PropertyValueSpecification","valueRequired":true,"valueName":"search_term_string"}}],"inLanguage":"es"},{"@type":"Organization","@id":"https:\/\/continuamosmx.com\/#organization","name":"ContinuamosMX","url":"https:\/\/continuamosmx.com\/","logo":{"@type":"ImageObject","inLanguage":"es","@id":"https:\/\/continuamosmx.com\/#\/schema\/logo\/image\/","url":"https:\/\/continuamosmx.com\/wp-content\/uploads\/2023\/04\/cropped-LOGO-CONTI-NUEVO.png","contentUrl":"https:\/\/continuamosmx.com\/wp-content\/uploads\/2023\/04\/cropped-LOGO-CONTI-NUEVO.png","width":1257,"height":430,"caption":"ContinuamosMX"},"image":{"@id":"https:\/\/continuamosmx.com\/#\/schema\/logo\/image\/"}},{"@type":"Person","@id":"https:\/\/continuamosmx.com\/#\/schema\/person\/5eb5356acb1fad784da407d14f0e8d89","name":"Continuamos MX","image":{"@type":"ImageObject","inLanguage":"es","@id":"https:\/\/secure.gravatar.com\/avatar\/30d4f9723476a15f4da34d35fb3501f08d2357016c76051c6a85c354c7489589?s=96&d=mm&r=g","url":"https:\/\/secure.gravatar.com\/avatar\/30d4f9723476a15f4da34d35fb3501f08d2357016c76051c6a85c354c7489589?s=96&d=mm&r=g","contentUrl":"https:\/\/secure.gravatar.com\/avatar\/30d4f9723476a15f4da34d35fb3501f08d2357016c76051c6a85c354c7489589?s=96&d=mm&r=g","caption":"Continuamos MX"},"sameAs":["http:\/\/www.continuamos.mx"],"url":"https:\/\/continuamosmx.com\/index.php\/author\/continuamos\/"}]}},"_links":{"self":[{"href":"https:\/\/continuamosmx.com\/index.php\/wp-json\/wp\/v2\/posts\/58147","targetHints":{"allow":["GET"]}}],"collection":[{"href":"https:\/\/continuamosmx.com\/index.php\/wp-json\/wp\/v2\/posts"}],"about":[{"href":"https:\/\/continuamosmx.com\/index.php\/wp-json\/wp\/v2\/types\/post"}],"author":[{"embeddable":true,"href":"https:\/\/continuamosmx.com\/index.php\/wp-json\/wp\/v2\/users\/6"}],"replies":[{"embeddable":true,"href":"https:\/\/continuamosmx.com\/index.php\/wp-json\/wp\/v2\/comments?post=58147"}],"version-history":[{"count":1,"href":"https:\/\/continuamosmx.com\/index.php\/wp-json\/wp\/v2\/posts\/58147\/revisions"}],"predecessor-version":[{"id":58149,"href":"https:\/\/continuamosmx.com\/index.php\/wp-json\/wp\/v2\/posts\/58147\/revisions\/58149"}],"wp:featuredmedia":[{"embeddable":true,"href":"https:\/\/continuamosmx.com\/index.php\/wp-json\/wp\/v2\/media\/58148"}],"wp:attachment":[{"href":"https:\/\/continuamosmx.com\/index.php\/wp-json\/wp\/v2\/media?parent=58147"}],"wp:term":[{"taxonomy":"category","embeddable":true,"href":"https:\/\/continuamosmx.com\/index.php\/wp-json\/wp\/v2\/categories?post=58147"},{"taxonomy":"post_tag","embeddable":true,"href":"https:\/\/continuamosmx.com\/index.php\/wp-json\/wp\/v2\/tags?post=58147"}],"curies":[{"name":"wp","href":"https:\/\/api.w.org\/{rel}","templated":true}]}}