{"id":58144,"date":"2026-08-31T19:03:14","date_gmt":"2026-09-01T01:03:14","guid":{"rendered":"https:\/\/continuamosmx.com\/?p=58144"},"modified":"2026-08-31T19:03:15","modified_gmt":"2026-09-01T01:03:15","slug":"arranca-naucalpan-el-ciclo-escolar-2026-2027-con-el-programa-edomex-al-100","status":"publish","type":"post","link":"https:\/\/continuamosmx.com\/index.php\/2026\/08\/31\/arranca-naucalpan-el-ciclo-escolar-2026-2027-con-el-programa-edomex-al-100\/","title":{"rendered":"ARRANCA NAUCALPAN EL CICLO ESCOLAR 2026-2027 CON EL PROGRAMA \u00abEDOM\u00c9X AL 100\u00bb"},"content":{"rendered":"\n<p class=\"wp-block-paragraph\">*<strong>El alcalde Isaac Montoya y autoridades estatales dan la bienvenida a m\u00e1s de 4.2 millones de estudiantes en el Estado de M\u00e9xico<\/strong><\/p>\n\n\n\n<p class=\"wp-block-paragraph\">El municipio de Naucalpan fue sede del arranque oficial del ciclo escolar 2026-2027 bajo el programa \u00abEdom\u00e9x al 100 en este regreso a clases\u00bb, encabezado por el Presidente Municipal, Isaac Montoya M\u00e1rquez, acompa\u00f1ado por el secretario de Finanzas estatal, \u00d3scar Flores Jim\u00e9nez, y la directora general de Educaci\u00f3n Primaria, Juana Yescas Vega, en representaci\u00f3n de la gobernadora Delfina G\u00f3mez \u00c1lvarez<sup><\/sup>.<\/p>\n\n\n\n<p class=\"wp-block-paragraph\">Durante el evento realizado en la Telesecundaria Manuel Bernal Mej\u00eda, las autoridades destacaron el respaldo coordinado entre los niveles federal y estatal para apoyar la econom\u00eda de las familias mexiquenses mediante la entrega de \u00fatiles escolares, libros de texto gratuitos, mobiliario y operativos de seguridad como \u00abMochila de paz\u00bb<sup><\/sup>.<\/p>\n\n\n\n<p class=\"wp-block-paragraph\">Por su parte, el alcalde Isaac Montoya resalt\u00f3 que en Naucalpan se complementan estas acciones con el programa municipal \u00abImpulsando tu Escuela\u00bb, que beneficia a m\u00e1s de 20 mil alumnos con la entrega de kits escolares, mejora de espacios educativos y creaci\u00f3n de senderos seguros<sup><\/sup>. Asimismo, reconoci\u00f3 el compromiso de la Gobernadora Delfina G\u00f3mez \u2014primera maestra al frente del Ejecutivo estatal\u2014 por conocer de cerca las necesidades reales del sector educativo<sup><\/sup>.<\/p>\n","protected":false},"excerpt":{"rendered":"<p>*El alcalde Isaac Montoya y autoridades estatales dan la bienvenida a m\u00e1s de 4.2 millones de estudiantes en el Estado de M\u00e9xico El municipio de Naucalpan fue sede del arranque oficial del ciclo escolar 2026-2027 bajo el programa \u00abEdom\u00e9x al 100 en este regreso a clases\u00bb, encabezado por el Presidente Municipal, Isaac Montoya M\u00e1rquez, acompa\u00f1ado [&hellip;]<\/p>\n","protected":false},"author":6,"featured_media":58145,"comment_status":"closed","ping_status":"closed","sticky":false,"template":"","format":"standard","meta":{"footnotes":""},"categories":[4,64],"tags":[],"class_list":["post-58144","post","type-post","status-publish","format-standard","has-post-thumbnail","hentry","category-locales","category-naucalpan"],"yoast_head":"<!-- This site is optimized with the Yoast SEO plugin v28.3 - https:\/\/yoast.com\/product\/yoast-seo-wordpress\/ -->\n<title>ARRANCA NAUCALPAN EL CICLO ESCOLAR 2026-2027 CON EL PROGRAMA &quot;EDOM\u00c9X AL 100&quot; -<\/title>\n<meta name=\"robots\" content=\"index, follow, max-snippet:-1, max-image-preview:large, max-video-preview:-1\" \/>\n<link rel=\"canonical\" href=\"https:\/\/continuamosmx.com\/index.php\/2026\/08\/31\/arranca-naucalpan-el-ciclo-escolar-2026-2027-con-el-programa-edomex-al-100\/\" \/>\n<meta property=\"og:locale\" content=\"es_ES\" \/>\n<meta property=\"og:type\" content=\"article\" \/>\n<meta property=\"og:title\" content=\"ARRANCA NAUCALPAN EL CICLO ESCOLAR 2026-2027 CON EL PROGRAMA &quot;EDOM\u00c9X AL 100&quot; -\" \/>\n<meta property=\"og:description\" content=\"*El alcalde Isaac Montoya y autoridades estatales dan la bienvenida a m\u00e1s de 4.2 millones de estudiantes en el Estado de M\u00e9xico El municipio de Naucalpan fue sede del arranque oficial del ciclo escolar 2026-2027 bajo el programa \u00abEdom\u00e9x al 100 en este regreso a clases\u00bb, encabezado por el Presidente Municipal, Isaac Montoya M\u00e1rquez, acompa\u00f1ado [&hellip;]\" \/>\n<meta property=\"og:url\" content=\"https:\/\/continuamosmx.com\/index.php\/2026\/08\/31\/arranca-naucalpan-el-ciclo-escolar-2026-2027-con-el-programa-edomex-al-100\/\" \/>\n<meta property=\"article:published_time\" content=\"2026-09-01T01:03:14+00:00\" \/>\n<meta property=\"article:modified_time\" content=\"2026-09-01T01:03:15+00:00\" \/>\n<meta property=\"og:image\" content=\"https:\/\/continuamosmx.com\/wp-content\/uploads\/2026\/08\/WhatsApp-Image-2026-08-31-at-6.21.24-PM-2.jpeg\" \/>\n\t<meta property=\"og:image:width\" content=\"1600\" \/>\n\t<meta property=\"og:image:height\" content=\"1172\" \/>\n\t<meta property=\"og:image:type\" content=\"image\/jpeg\" \/>\n<meta name=\"author\" content=\"Continuamos MX\" \/>\n<meta name=\"twitter:card\" content=\"summary_large_image\" \/>\n<meta name=\"twitter:label1\" content=\"Escrito por\" \/>\n\t<meta name=\"twitter:data1\" content=\"Continuamos MX\" \/>\n\t<meta name=\"twitter:label2\" content=\"Tiempo de lectura\" \/>\n\t<meta name=\"twitter:data2\" content=\"1 minuto\" \/>\n<script type=\"application\/ld+json\" class=\"yoast-schema-graph\">{\"@context\":\"https:\\\/\\\/schema.org\",\"@graph\":[{\"@type\":\"Article\",\"@id\":\"https:\\\/\\\/continuamosmx.com\\\/index.php\\\/2026\\\/08\\\/31\\\/arranca-naucalpan-el-ciclo-escolar-2026-2027-con-el-programa-edomex-al-100\\\/#article\",\"isPartOf\":{\"@id\":\"https:\\\/\\\/continuamosmx.com\\\/index.php\\\/2026\\\/08\\\/31\\\/arranca-naucalpan-el-ciclo-escolar-2026-2027-con-el-programa-edomex-al-100\\\/\"},\"author\":{\"name\":\"Continuamos MX\",\"@id\":\"https:\\\/\\\/continuamosmx.com\\\/#\\\/schema\\\/person\\\/5eb5356acb1fad784da407d14f0e8d89\"},\"headline\":\"ARRANCA NAUCALPAN EL CICLO ESCOLAR 2026-2027 CON EL PROGRAMA \u00abEDOM\u00c9X AL 100\u00bb\",\"datePublished\":\"2026-09-01T01:03:14+00:00\",\"dateModified\":\"2026-09-01T01:03:15+00:00\",\"mainEntityOfPage\":{\"@id\":\"https:\\\/\\\/continuamosmx.com\\\/index.php\\\/2026\\\/08\\\/31\\\/arranca-naucalpan-el-ciclo-escolar-2026-2027-con-el-programa-edomex-al-100\\\/\"},\"wordCount\":225,\"publisher\":{\"@id\":\"https:\\\/\\\/continuamosmx.com\\\/#organization\"},\"image\":{\"@id\":\"https:\\\/\\\/continuamosmx.com\\\/index.php\\\/2026\\\/08\\\/31\\\/arranca-naucalpan-el-ciclo-escolar-2026-2027-con-el-programa-edomex-al-100\\\/#primaryimage\"},\"thumbnailUrl\":\"https:\\\/\\\/continuamosmx.com\\\/wp-content\\\/uploads\\\/2026\\\/08\\\/WhatsApp-Image-2026-08-31-at-6.21.24-PM-2.jpeg\",\"articleSection\":[\"LOCALES\",\"NAUCALPAN\"],\"inLanguage\":\"es\"},{\"@type\":\"WebPage\",\"@id\":\"https:\\\/\\\/continuamosmx.com\\\/index.php\\\/2026\\\/08\\\/31\\\/arranca-naucalpan-el-ciclo-escolar-2026-2027-con-el-programa-edomex-al-100\\\/\",\"url\":\"https:\\\/\\\/continuamosmx.com\\\/index.php\\\/2026\\\/08\\\/31\\\/arranca-naucalpan-el-ciclo-escolar-2026-2027-con-el-programa-edomex-al-100\\\/\",\"name\":\"ARRANCA NAUCALPAN EL CICLO ESCOLAR 2026-2027 CON EL PROGRAMA \\\"EDOM\u00c9X AL 100\\\" -\",\"isPartOf\":{\"@id\":\"https:\\\/\\\/continuamosmx.com\\\/#website\"},\"primaryImageOfPage\":{\"@id\":\"https:\\\/\\\/continuamosmx.com\\\/index.php\\\/2026\\\/08\\\/31\\\/arranca-naucalpan-el-ciclo-escolar-2026-2027-con-el-programa-edomex-al-100\\\/#primaryimage\"},\"image\":{\"@id\":\"https:\\\/\\\/continuamosmx.com\\\/index.php\\\/2026\\\/08\\\/31\\\/arranca-naucalpan-el-ciclo-escolar-2026-2027-con-el-programa-edomex-al-100\\\/#primaryimage\"},\"thumbnailUrl\":\"https:\\\/\\\/continuamosmx.com\\\/wp-content\\\/uploads\\\/2026\\\/08\\\/WhatsApp-Image-2026-08-31-at-6.21.24-PM-2.jpeg\",\"datePublished\":\"2026-09-01T01:03:14+00:00\",\"dateModified\":\"2026-09-01T01:03:15+00:00\",\"breadcrumb\":{\"@id\":\"https:\\\/\\\/continuamosmx.com\\\/index.php\\\/2026\\\/08\\\/31\\\/arranca-naucalpan-el-ciclo-escolar-2026-2027-con-el-programa-edomex-al-100\\\/#breadcrumb\"},\"inLanguage\":\"es\",\"potentialAction\":[{\"@type\":\"ReadAction\",\"target\":[\"https:\\\/\\\/continuamosmx.com\\\/index.php\\\/2026\\\/08\\\/31\\\/arranca-naucalpan-el-ciclo-escolar-2026-2027-con-el-programa-edomex-al-100\\\/\"]}]},{\"@type\":\"ImageObject\",\"inLanguage\":\"es\",\"@id\":\"https:\\\/\\\/continuamosmx.com\\\/index.php\\\/2026\\\/08\\\/31\\\/arranca-naucalpan-el-ciclo-escolar-2026-2027-con-el-programa-edomex-al-100\\\/#primaryimage\",\"url\":\"https:\\\/\\\/continuamosmx.com\\\/wp-content\\\/uploads\\\/2026\\\/08\\\/WhatsApp-Image-2026-08-31-at-6.21.24-PM-2.jpeg\",\"contentUrl\":\"https:\\\/\\\/continuamosmx.com\\\/wp-content\\\/uploads\\\/2026\\\/08\\\/WhatsApp-Image-2026-08-31-at-6.21.24-PM-2.jpeg\",\"width\":1600,\"height\":1172},{\"@type\":\"BreadcrumbList\",\"@id\":\"https:\\\/\\\/continuamosmx.com\\\/index.php\\\/2026\\\/08\\\/31\\\/arranca-naucalpan-el-ciclo-escolar-2026-2027-con-el-programa-edomex-al-100\\\/#breadcrumb\",\"itemListElement\":[{\"@type\":\"ListItem\",\"position\":1,\"name\":\"Inicio\",\"item\":\"https:\\\/\\\/continuamosmx.com\\\/\"},{\"@type\":\"ListItem\",\"position\":2,\"name\":\"ARRANCA NAUCALPAN EL CICLO ESCOLAR 2026-2027 CON EL PROGRAMA \u00abEDOM\u00c9X AL 100\u00bb\"}]},{\"@type\":\"WebSite\",\"@id\":\"https:\\\/\\\/continuamosmx.com\\\/#website\",\"url\":\"https:\\\/\\\/continuamosmx.com\\\/\",\"name\":\"www.continuamosmx.com\",\"description\":\"\",\"publisher\":{\"@id\":\"https:\\\/\\\/continuamosmx.com\\\/#organization\"},\"potentialAction\":[{\"@type\":\"SearchAction\",\"target\":{\"@type\":\"EntryPoint\",\"urlTemplate\":\"https:\\\/\\\/continuamosmx.com\\\/?s={search_term_string}\"},\"query-input\":{\"@type\":\"PropertyValueSpecification\",\"valueRequired\":true,\"valueName\":\"search_term_string\"}}],\"inLanguage\":\"es\"},{\"@type\":\"Organization\",\"@id\":\"https:\\\/\\\/continuamosmx.com\\\/#organization\",\"name\":\"ContinuamosMX\",\"url\":\"https:\\\/\\\/continuamosmx.com\\\/\",\"logo\":{\"@type\":\"ImageObject\",\"inLanguage\":\"es\",\"@id\":\"https:\\\/\\\/continuamosmx.com\\\/#\\\/schema\\\/logo\\\/image\\\/\",\"url\":\"https:\\\/\\\/continuamosmx.com\\\/wp-content\\\/uploads\\\/2023\\\/04\\\/cropped-LOGO-CONTI-NUEVO.png\",\"contentUrl\":\"https:\\\/\\\/continuamosmx.com\\\/wp-content\\\/uploads\\\/2023\\\/04\\\/cropped-LOGO-CONTI-NUEVO.png\",\"width\":1257,\"height\":430,\"caption\":\"ContinuamosMX\"},\"image\":{\"@id\":\"https:\\\/\\\/continuamosmx.com\\\/#\\\/schema\\\/logo\\\/image\\\/\"}},{\"@type\":\"Person\",\"@id\":\"https:\\\/\\\/continuamosmx.com\\\/#\\\/schema\\\/person\\\/5eb5356acb1fad784da407d14f0e8d89\",\"name\":\"Continuamos MX\",\"image\":{\"@type\":\"ImageObject\",\"inLanguage\":\"es\",\"@id\":\"https:\\\/\\\/secure.gravatar.com\\\/avatar\\\/30d4f9723476a15f4da34d35fb3501f08d2357016c76051c6a85c354c7489589?s=96&d=mm&r=g\",\"url\":\"https:\\\/\\\/secure.gravatar.com\\\/avatar\\\/30d4f9723476a15f4da34d35fb3501f08d2357016c76051c6a85c354c7489589?s=96&d=mm&r=g\",\"contentUrl\":\"https:\\\/\\\/secure.gravatar.com\\\/avatar\\\/30d4f9723476a15f4da34d35fb3501f08d2357016c76051c6a85c354c7489589?s=96&d=mm&r=g\",\"caption\":\"Continuamos MX\"},\"sameAs\":[\"http:\\\/\\\/www.continuamos.mx\"],\"url\":\"https:\\\/\\\/continuamosmx.com\\\/index.php\\\/author\\\/continuamos\\\/\"}]}<\/script>\n<!-- \/ Yoast SEO plugin. -->","yoast_head_json":{"title":"ARRANCA NAUCALPAN EL CICLO ESCOLAR 2026-2027 CON EL PROGRAMA \"EDOM\u00c9X AL 100\" -","robots":{"index":"index","follow":"follow","max-snippet":"max-snippet:-1","max-image-preview":"max-image-preview:large","max-video-preview":"max-video-preview:-1"},"canonical":"https:\/\/continuamosmx.com\/index.php\/2026\/08\/31\/arranca-naucalpan-el-ciclo-escolar-2026-2027-con-el-programa-edomex-al-100\/","og_locale":"es_ES","og_type":"article","og_title":"ARRANCA NAUCALPAN EL CICLO ESCOLAR 2026-2027 CON EL PROGRAMA \"EDOM\u00c9X AL 100\" -","og_description":"*El alcalde Isaac Montoya y autoridades estatales dan la bienvenida a m\u00e1s de 4.2 millones de estudiantes en el Estado de M\u00e9xico El municipio de Naucalpan fue sede del arranque oficial del ciclo escolar 2026-2027 bajo el programa \u00abEdom\u00e9x al 100 en este regreso a clases\u00bb, encabezado por el Presidente Municipal, Isaac Montoya M\u00e1rquez, acompa\u00f1ado [&hellip;]","og_url":"https:\/\/continuamosmx.com\/index.php\/2026\/08\/31\/arranca-naucalpan-el-ciclo-escolar-2026-2027-con-el-programa-edomex-al-100\/","article_published_time":"2026-09-01T01:03:14+00:00","article_modified_time":"2026-09-01T01:03:15+00:00","og_image":[{"width":1600,"height":1172,"url":"https:\/\/continuamosmx.com\/wp-content\/uploads\/2026\/08\/WhatsApp-Image-2026-08-31-at-6.21.24-PM-2.jpeg","type":"image\/jpeg"}],"author":"Continuamos MX","twitter_card":"summary_large_image","twitter_misc":{"Escrito por":"Continuamos MX","Tiempo de lectura":"1 minuto"},"schema":{"@context":"https:\/\/schema.org","@graph":[{"@type":"Article","@id":"https:\/\/continuamosmx.com\/index.php\/2026\/08\/31\/arranca-naucalpan-el-ciclo-escolar-2026-2027-con-el-programa-edomex-al-100\/#article","isPartOf":{"@id":"https:\/\/continuamosmx.com\/index.php\/2026\/08\/31\/arranca-naucalpan-el-ciclo-escolar-2026-2027-con-el-programa-edomex-al-100\/"},"author":{"name":"Continuamos MX","@id":"https:\/\/continuamosmx.com\/#\/schema\/person\/5eb5356acb1fad784da407d14f0e8d89"},"headline":"ARRANCA NAUCALPAN EL CICLO ESCOLAR 2026-2027 CON EL PROGRAMA \u00abEDOM\u00c9X AL 100\u00bb","datePublished":"2026-09-01T01:03:14+00:00","dateModified":"2026-09-01T01:03:15+00:00","mainEntityOfPage":{"@id":"https:\/\/continuamosmx.com\/index.php\/2026\/08\/31\/arranca-naucalpan-el-ciclo-escolar-2026-2027-con-el-programa-edomex-al-100\/"},"wordCount":225,"publisher":{"@id":"https:\/\/continuamosmx.com\/#organization"},"image":{"@id":"https:\/\/continuamosmx.com\/index.php\/2026\/08\/31\/arranca-naucalpan-el-ciclo-escolar-2026-2027-con-el-programa-edomex-al-100\/#primaryimage"},"thumbnailUrl":"https:\/\/continuamosmx.com\/wp-content\/uploads\/2026\/08\/WhatsApp-Image-2026-08-31-at-6.21.24-PM-2.jpeg","articleSection":["LOCALES","NAUCALPAN"],"inLanguage":"es"},{"@type":"WebPage","@id":"https:\/\/continuamosmx.com\/index.php\/2026\/08\/31\/arranca-naucalpan-el-ciclo-escolar-2026-2027-con-el-programa-edomex-al-100\/","url":"https:\/\/continuamosmx.com\/index.php\/2026\/08\/31\/arranca-naucalpan-el-ciclo-escolar-2026-2027-con-el-programa-edomex-al-100\/","name":"ARRANCA NAUCALPAN EL CICLO ESCOLAR 2026-2027 CON EL PROGRAMA \"EDOM\u00c9X AL 100\" -","isPartOf":{"@id":"https:\/\/continuamosmx.com\/#website"},"primaryImageOfPage":{"@id":"https:\/\/continuamosmx.com\/index.php\/2026\/08\/31\/arranca-naucalpan-el-ciclo-escolar-2026-2027-con-el-programa-edomex-al-100\/#primaryimage"},"image":{"@id":"https:\/\/continuamosmx.com\/index.php\/2026\/08\/31\/arranca-naucalpan-el-ciclo-escolar-2026-2027-con-el-programa-edomex-al-100\/#primaryimage"},"thumbnailUrl":"https:\/\/continuamosmx.com\/wp-content\/uploads\/2026\/08\/WhatsApp-Image-2026-08-31-at-6.21.24-PM-2.jpeg","datePublished":"2026-09-01T01:03:14+00:00","dateModified":"2026-09-01T01:03:15+00:00","breadcrumb":{"@id":"https:\/\/continuamosmx.com\/index.php\/2026\/08\/31\/arranca-naucalpan-el-ciclo-escolar-2026-2027-con-el-programa-edomex-al-100\/#breadcrumb"},"inLanguage":"es","potentialAction":[{"@type":"ReadAction","target":["https:\/\/continuamosmx.com\/index.php\/2026\/08\/31\/arranca-naucalpan-el-ciclo-escolar-2026-2027-con-el-programa-edomex-al-100\/"]}]},{"@type":"ImageObject","inLanguage":"es","@id":"https:\/\/continuamosmx.com\/index.php\/2026\/08\/31\/arranca-naucalpan-el-ciclo-escolar-2026-2027-con-el-programa-edomex-al-100\/#primaryimage","url":"https:\/\/continuamosmx.com\/wp-content\/uploads\/2026\/08\/WhatsApp-Image-2026-08-31-at-6.21.24-PM-2.jpeg","contentUrl":"https:\/\/continuamosmx.com\/wp-content\/uploads\/2026\/08\/WhatsApp-Image-2026-08-31-at-6.21.24-PM-2.jpeg","width":1600,"height":1172},{"@type":"BreadcrumbList","@id":"https:\/\/continuamosmx.com\/index.php\/2026\/08\/31\/arranca-naucalpan-el-ciclo-escolar-2026-2027-con-el-programa-edomex-al-100\/#breadcrumb","itemListElement":[{"@type":"ListItem","position":1,"name":"Inicio","item":"https:\/\/continuamosmx.com\/"},{"@type":"ListItem","position":2,"name":"ARRANCA NAUCALPAN EL CICLO ESCOLAR 2026-2027 CON EL PROGRAMA \u00abEDOM\u00c9X AL 100\u00bb"}]},{"@type":"WebSite","@id":"https:\/\/continuamosmx.com\/#website","url":"https:\/\/continuamosmx.com\/","name":"www.continuamosmx.com","description":"","publisher":{"@id":"https:\/\/continuamosmx.com\/#organization"},"potentialAction":[{"@type":"SearchAction","target":{"@type":"EntryPoint","urlTemplate":"https:\/\/continuamosmx.com\/?s={search_term_string}"},"query-input":{"@type":"PropertyValueSpecification","valueRequired":true,"valueName":"search_term_string"}}],"inLanguage":"es"},{"@type":"Organization","@id":"https:\/\/continuamosmx.com\/#organization","name":"ContinuamosMX","url":"https:\/\/continuamosmx.com\/","logo":{"@type":"ImageObject","inLanguage":"es","@id":"https:\/\/continuamosmx.com\/#\/schema\/logo\/image\/","url":"https:\/\/continuamosmx.com\/wp-content\/uploads\/2023\/04\/cropped-LOGO-CONTI-NUEVO.png","contentUrl":"https:\/\/continuamosmx.com\/wp-content\/uploads\/2023\/04\/cropped-LOGO-CONTI-NUEVO.png","width":1257,"height":430,"caption":"ContinuamosMX"},"image":{"@id":"https:\/\/continuamosmx.com\/#\/schema\/logo\/image\/"}},{"@type":"Person","@id":"https:\/\/continuamosmx.com\/#\/schema\/person\/5eb5356acb1fad784da407d14f0e8d89","name":"Continuamos MX","image":{"@type":"ImageObject","inLanguage":"es","@id":"https:\/\/secure.gravatar.com\/avatar\/30d4f9723476a15f4da34d35fb3501f08d2357016c76051c6a85c354c7489589?s=96&d=mm&r=g","url":"https:\/\/secure.gravatar.com\/avatar\/30d4f9723476a15f4da34d35fb3501f08d2357016c76051c6a85c354c7489589?s=96&d=mm&r=g","contentUrl":"https:\/\/secure.gravatar.com\/avatar\/30d4f9723476a15f4da34d35fb3501f08d2357016c76051c6a85c354c7489589?s=96&d=mm&r=g","caption":"Continuamos MX"},"sameAs":["http:\/\/www.continuamos.mx"],"url":"https:\/\/continuamosmx.com\/index.php\/author\/continuamos\/"}]}},"_links":{"self":[{"href":"https:\/\/continuamosmx.com\/index.php\/wp-json\/wp\/v2\/posts\/58144","targetHints":{"allow":["GET"]}}],"collection":[{"href":"https:\/\/continuamosmx.com\/index.php\/wp-json\/wp\/v2\/posts"}],"about":[{"href":"https:\/\/continuamosmx.com\/index.php\/wp-json\/wp\/v2\/types\/post"}],"author":[{"embeddable":true,"href":"https:\/\/continuamosmx.com\/index.php\/wp-json\/wp\/v2\/users\/6"}],"replies":[{"embeddable":true,"href":"https:\/\/continuamosmx.com\/index.php\/wp-json\/wp\/v2\/comments?post=58144"}],"version-history":[{"count":1,"href":"https:\/\/continuamosmx.com\/index.php\/wp-json\/wp\/v2\/posts\/58144\/revisions"}],"predecessor-version":[{"id":58146,"href":"https:\/\/continuamosmx.com\/index.php\/wp-json\/wp\/v2\/posts\/58144\/revisions\/58146"}],"wp:featuredmedia":[{"embeddable":true,"href":"https:\/\/continuamosmx.com\/index.php\/wp-json\/wp\/v2\/media\/58145"}],"wp:attachment":[{"href":"https:\/\/continuamosmx.com\/index.php\/wp-json\/wp\/v2\/media?parent=58144"}],"wp:term":[{"taxonomy":"category","embeddable":true,"href":"https:\/\/continuamosmx.com\/index.php\/wp-json\/wp\/v2\/categories?post=58144"},{"taxonomy":"post_tag","embeddable":true,"href":"https:\/\/continuamosmx.com\/index.php\/wp-json\/wp\/v2\/tags?post=58144"}],"curies":[{"name":"wp","href":"https:\/\/api.w.org\/{rel}","templated":true}]}}