{"id":58140,"date":"2026-08-31T18:50:18","date_gmt":"2026-09-01T00:50:18","guid":{"rendered":"https:\/\/continuamosmx.com\/?p=58140"},"modified":"2026-08-31T18:50:19","modified_gmt":"2026-09-01T00:50:19","slug":"inaugura-gobernadora-delfina-gomez-instalaciones-de-la-guardia-nacional-en-xalatlaco","status":"publish","type":"post","link":"https:\/\/continuamosmx.com\/index.php\/2026\/08\/31\/inaugura-gobernadora-delfina-gomez-instalaciones-de-la-guardia-nacional-en-xalatlaco\/","title":{"rendered":"INAUGURA GOBERNADORA DELFINA G\u00d3MEZ INSTALACIONES DE LA GUARDIA NACIONAL EN XALATLACO"},"content":{"rendered":"\n<p class=\"wp-block-paragraph\">*<strong>La nueva Compa\u00f1\u00eda fortalecer\u00e1 la seguridad y la coordinaci\u00f3n institucional en beneficio de cinco municipios de la regi\u00f3n<\/strong><\/p>\n\n\n\n<p class=\"wp-block-paragraph\">La Gobernadora del Estado de M\u00e9xico, Delfina G\u00f3mez \u00c1lvarez, encabez\u00f3 la inauguraci\u00f3n de las nuevas instalaciones de la Compa\u00f1\u00eda de la Guardia Nacional en Xalatlaco, con el prop\u00f3sito de ampliar la presencia de la instituci\u00f3n y reforzar la seguridad para las familias mexiquenses a trav\u00e9s de la coordinaci\u00f3n entre los tres niveles de gobierno.<\/p>\n\n\n\n<p class=\"wp-block-paragraph\">Gracias a su ubicaci\u00f3n estrat\u00e9gica, este cuartel brindar\u00e1 una atenci\u00f3n m\u00e1s eficiente y oportuna, beneficiando directamente a los municipios de Xalatlaco, Santiago Tianguistenco, Capulhuac, Almoloya del R\u00edo y Santa Cruz Atizap\u00e1n.<\/p>\n\n\n\n<p class=\"wp-block-paragraph\">Durante el evento, Adri\u00e1n Marcos Ni\u00f1o, Coordinador Interino de la 3\/a Coordinaci\u00f3n de Unidad de la Guardia Nacional, se\u00f1al\u00f3 que estas instalaciones garantizan una cobertura territorial permanente y mejores condiciones para el desempe\u00f1o de los elementos, destacando que la labor de seguridad busca generar confianza y cercan\u00eda con la ciudadan\u00eda. Asimismo, la Mandataria estatal entreg\u00f3 un reconocimiento al Comandante de la 22\/a Zona Militar, Armando L\u00f3pez Esquivel, por su compromiso con la seguridad de la entidad.<\/p>\n\n\n\n<h3 class=\"wp-block-heading\">Post para Redes Sociales<\/h3>\n","protected":false},"excerpt":{"rendered":"<p>*La nueva Compa\u00f1\u00eda fortalecer\u00e1 la seguridad y la coordinaci\u00f3n institucional en beneficio de cinco municipios de la regi\u00f3n La Gobernadora del Estado de M\u00e9xico, Delfina G\u00f3mez \u00c1lvarez, encabez\u00f3 la inauguraci\u00f3n de las nuevas instalaciones de la Compa\u00f1\u00eda de la Guardia Nacional en Xalatlaco, con el prop\u00f3sito de ampliar la presencia de la instituci\u00f3n y reforzar [&hellip;]<\/p>\n","protected":false},"author":6,"featured_media":58141,"comment_status":"closed","ping_status":"closed","sticky":false,"template":"","format":"standard","meta":{"footnotes":""},"categories":[2],"tags":[],"class_list":["post-58140","post","type-post","status-publish","format-standard","has-post-thumbnail","hentry","category-edomex"],"yoast_head":"<!-- This site is optimized with the Yoast SEO plugin v28.3 - https:\/\/yoast.com\/product\/yoast-seo-wordpress\/ -->\n<title>INAUGURA GOBERNADORA DELFINA G\u00d3MEZ INSTALACIONES DE LA GUARDIA NACIONAL EN XALATLACO -<\/title>\n<meta name=\"robots\" content=\"index, follow, max-snippet:-1, max-image-preview:large, max-video-preview:-1\" \/>\n<link rel=\"canonical\" href=\"https:\/\/continuamosmx.com\/index.php\/2026\/08\/31\/inaugura-gobernadora-delfina-gomez-instalaciones-de-la-guardia-nacional-en-xalatlaco\/\" \/>\n<meta property=\"og:locale\" content=\"es_ES\" \/>\n<meta property=\"og:type\" content=\"article\" \/>\n<meta property=\"og:title\" content=\"INAUGURA GOBERNADORA DELFINA G\u00d3MEZ INSTALACIONES DE LA GUARDIA NACIONAL EN XALATLACO -\" \/>\n<meta property=\"og:description\" content=\"*La nueva Compa\u00f1\u00eda fortalecer\u00e1 la seguridad y la coordinaci\u00f3n institucional en beneficio de cinco municipios de la regi\u00f3n La Gobernadora del Estado de M\u00e9xico, Delfina G\u00f3mez \u00c1lvarez, encabez\u00f3 la inauguraci\u00f3n de las nuevas instalaciones de la Compa\u00f1\u00eda de la Guardia Nacional en Xalatlaco, con el prop\u00f3sito de ampliar la presencia de la instituci\u00f3n y reforzar [&hellip;]\" \/>\n<meta property=\"og:url\" content=\"https:\/\/continuamosmx.com\/index.php\/2026\/08\/31\/inaugura-gobernadora-delfina-gomez-instalaciones-de-la-guardia-nacional-en-xalatlaco\/\" \/>\n<meta property=\"article:published_time\" content=\"2026-09-01T00:50:18+00:00\" \/>\n<meta property=\"article:modified_time\" content=\"2026-09-01T00:50:19+00:00\" \/>\n<meta property=\"og:image\" content=\"https:\/\/continuamosmx.com\/wp-content\/uploads\/2026\/08\/WhatsApp-Image-2026-08-31-at-5.20.02-PM-scaled.jpeg\" \/>\n\t<meta property=\"og:image:width\" content=\"2560\" \/>\n\t<meta property=\"og:image:height\" content=\"988\" \/>\n\t<meta property=\"og:image:type\" content=\"image\/jpeg\" \/>\n<meta name=\"author\" content=\"Continuamos MX\" \/>\n<meta name=\"twitter:card\" content=\"summary_large_image\" \/>\n<meta name=\"twitter:label1\" content=\"Escrito por\" \/>\n\t<meta name=\"twitter:data1\" content=\"Continuamos MX\" \/>\n\t<meta name=\"twitter:label2\" content=\"Tiempo de lectura\" \/>\n\t<meta name=\"twitter:data2\" content=\"2 minutos\" \/>\n<script type=\"application\/ld+json\" class=\"yoast-schema-graph\">{\"@context\":\"https:\\\/\\\/schema.org\",\"@graph\":[{\"@type\":\"Article\",\"@id\":\"https:\\\/\\\/continuamosmx.com\\\/index.php\\\/2026\\\/08\\\/31\\\/inaugura-gobernadora-delfina-gomez-instalaciones-de-la-guardia-nacional-en-xalatlaco\\\/#article\",\"isPartOf\":{\"@id\":\"https:\\\/\\\/continuamosmx.com\\\/index.php\\\/2026\\\/08\\\/31\\\/inaugura-gobernadora-delfina-gomez-instalaciones-de-la-guardia-nacional-en-xalatlaco\\\/\"},\"author\":{\"name\":\"Continuamos MX\",\"@id\":\"https:\\\/\\\/continuamosmx.com\\\/#\\\/schema\\\/person\\\/5eb5356acb1fad784da407d14f0e8d89\"},\"headline\":\"INAUGURA GOBERNADORA DELFINA G\u00d3MEZ INSTALACIONES DE LA GUARDIA NACIONAL EN XALATLACO\",\"datePublished\":\"2026-09-01T00:50:18+00:00\",\"dateModified\":\"2026-09-01T00:50:19+00:00\",\"mainEntityOfPage\":{\"@id\":\"https:\\\/\\\/continuamosmx.com\\\/index.php\\\/2026\\\/08\\\/31\\\/inaugura-gobernadora-delfina-gomez-instalaciones-de-la-guardia-nacional-en-xalatlaco\\\/\"},\"wordCount\":220,\"publisher\":{\"@id\":\"https:\\\/\\\/continuamosmx.com\\\/#organization\"},\"image\":{\"@id\":\"https:\\\/\\\/continuamosmx.com\\\/index.php\\\/2026\\\/08\\\/31\\\/inaugura-gobernadora-delfina-gomez-instalaciones-de-la-guardia-nacional-en-xalatlaco\\\/#primaryimage\"},\"thumbnailUrl\":\"https:\\\/\\\/continuamosmx.com\\\/wp-content\\\/uploads\\\/2026\\\/08\\\/WhatsApp-Image-2026-08-31-at-5.20.02-PM-scaled.jpeg\",\"articleSection\":[\"EDOMEX\"],\"inLanguage\":\"es\"},{\"@type\":\"WebPage\",\"@id\":\"https:\\\/\\\/continuamosmx.com\\\/index.php\\\/2026\\\/08\\\/31\\\/inaugura-gobernadora-delfina-gomez-instalaciones-de-la-guardia-nacional-en-xalatlaco\\\/\",\"url\":\"https:\\\/\\\/continuamosmx.com\\\/index.php\\\/2026\\\/08\\\/31\\\/inaugura-gobernadora-delfina-gomez-instalaciones-de-la-guardia-nacional-en-xalatlaco\\\/\",\"name\":\"INAUGURA GOBERNADORA DELFINA G\u00d3MEZ INSTALACIONES DE LA GUARDIA NACIONAL EN XALATLACO -\",\"isPartOf\":{\"@id\":\"https:\\\/\\\/continuamosmx.com\\\/#website\"},\"primaryImageOfPage\":{\"@id\":\"https:\\\/\\\/continuamosmx.com\\\/index.php\\\/2026\\\/08\\\/31\\\/inaugura-gobernadora-delfina-gomez-instalaciones-de-la-guardia-nacional-en-xalatlaco\\\/#primaryimage\"},\"image\":{\"@id\":\"https:\\\/\\\/continuamosmx.com\\\/index.php\\\/2026\\\/08\\\/31\\\/inaugura-gobernadora-delfina-gomez-instalaciones-de-la-guardia-nacional-en-xalatlaco\\\/#primaryimage\"},\"thumbnailUrl\":\"https:\\\/\\\/continuamosmx.com\\\/wp-content\\\/uploads\\\/2026\\\/08\\\/WhatsApp-Image-2026-08-31-at-5.20.02-PM-scaled.jpeg\",\"datePublished\":\"2026-09-01T00:50:18+00:00\",\"dateModified\":\"2026-09-01T00:50:19+00:00\",\"breadcrumb\":{\"@id\":\"https:\\\/\\\/continuamosmx.com\\\/index.php\\\/2026\\\/08\\\/31\\\/inaugura-gobernadora-delfina-gomez-instalaciones-de-la-guardia-nacional-en-xalatlaco\\\/#breadcrumb\"},\"inLanguage\":\"es\",\"potentialAction\":[{\"@type\":\"ReadAction\",\"target\":[\"https:\\\/\\\/continuamosmx.com\\\/index.php\\\/2026\\\/08\\\/31\\\/inaugura-gobernadora-delfina-gomez-instalaciones-de-la-guardia-nacional-en-xalatlaco\\\/\"]}]},{\"@type\":\"ImageObject\",\"inLanguage\":\"es\",\"@id\":\"https:\\\/\\\/continuamosmx.com\\\/index.php\\\/2026\\\/08\\\/31\\\/inaugura-gobernadora-delfina-gomez-instalaciones-de-la-guardia-nacional-en-xalatlaco\\\/#primaryimage\",\"url\":\"https:\\\/\\\/continuamosmx.com\\\/wp-content\\\/uploads\\\/2026\\\/08\\\/WhatsApp-Image-2026-08-31-at-5.20.02-PM-scaled.jpeg\",\"contentUrl\":\"https:\\\/\\\/continuamosmx.com\\\/wp-content\\\/uploads\\\/2026\\\/08\\\/WhatsApp-Image-2026-08-31-at-5.20.02-PM-scaled.jpeg\",\"width\":2560,\"height\":988},{\"@type\":\"BreadcrumbList\",\"@id\":\"https:\\\/\\\/continuamosmx.com\\\/index.php\\\/2026\\\/08\\\/31\\\/inaugura-gobernadora-delfina-gomez-instalaciones-de-la-guardia-nacional-en-xalatlaco\\\/#breadcrumb\",\"itemListElement\":[{\"@type\":\"ListItem\",\"position\":1,\"name\":\"Inicio\",\"item\":\"https:\\\/\\\/continuamosmx.com\\\/\"},{\"@type\":\"ListItem\",\"position\":2,\"name\":\"INAUGURA GOBERNADORA DELFINA G\u00d3MEZ INSTALACIONES DE LA GUARDIA NACIONAL EN XALATLACO\"}]},{\"@type\":\"WebSite\",\"@id\":\"https:\\\/\\\/continuamosmx.com\\\/#website\",\"url\":\"https:\\\/\\\/continuamosmx.com\\\/\",\"name\":\"www.continuamosmx.com\",\"description\":\"\",\"publisher\":{\"@id\":\"https:\\\/\\\/continuamosmx.com\\\/#organization\"},\"potentialAction\":[{\"@type\":\"SearchAction\",\"target\":{\"@type\":\"EntryPoint\",\"urlTemplate\":\"https:\\\/\\\/continuamosmx.com\\\/?s={search_term_string}\"},\"query-input\":{\"@type\":\"PropertyValueSpecification\",\"valueRequired\":true,\"valueName\":\"search_term_string\"}}],\"inLanguage\":\"es\"},{\"@type\":\"Organization\",\"@id\":\"https:\\\/\\\/continuamosmx.com\\\/#organization\",\"name\":\"ContinuamosMX\",\"url\":\"https:\\\/\\\/continuamosmx.com\\\/\",\"logo\":{\"@type\":\"ImageObject\",\"inLanguage\":\"es\",\"@id\":\"https:\\\/\\\/continuamosmx.com\\\/#\\\/schema\\\/logo\\\/image\\\/\",\"url\":\"https:\\\/\\\/continuamosmx.com\\\/wp-content\\\/uploads\\\/2023\\\/04\\\/cropped-LOGO-CONTI-NUEVO.png\",\"contentUrl\":\"https:\\\/\\\/continuamosmx.com\\\/wp-content\\\/uploads\\\/2023\\\/04\\\/cropped-LOGO-CONTI-NUEVO.png\",\"width\":1257,\"height\":430,\"caption\":\"ContinuamosMX\"},\"image\":{\"@id\":\"https:\\\/\\\/continuamosmx.com\\\/#\\\/schema\\\/logo\\\/image\\\/\"}},{\"@type\":\"Person\",\"@id\":\"https:\\\/\\\/continuamosmx.com\\\/#\\\/schema\\\/person\\\/5eb5356acb1fad784da407d14f0e8d89\",\"name\":\"Continuamos MX\",\"image\":{\"@type\":\"ImageObject\",\"inLanguage\":\"es\",\"@id\":\"https:\\\/\\\/secure.gravatar.com\\\/avatar\\\/30d4f9723476a15f4da34d35fb3501f08d2357016c76051c6a85c354c7489589?s=96&d=mm&r=g\",\"url\":\"https:\\\/\\\/secure.gravatar.com\\\/avatar\\\/30d4f9723476a15f4da34d35fb3501f08d2357016c76051c6a85c354c7489589?s=96&d=mm&r=g\",\"contentUrl\":\"https:\\\/\\\/secure.gravatar.com\\\/avatar\\\/30d4f9723476a15f4da34d35fb3501f08d2357016c76051c6a85c354c7489589?s=96&d=mm&r=g\",\"caption\":\"Continuamos MX\"},\"sameAs\":[\"http:\\\/\\\/www.continuamos.mx\"],\"url\":\"https:\\\/\\\/continuamosmx.com\\\/index.php\\\/author\\\/continuamos\\\/\"}]}<\/script>\n<!-- \/ Yoast SEO plugin. -->","yoast_head_json":{"title":"INAUGURA GOBERNADORA DELFINA G\u00d3MEZ INSTALACIONES DE LA GUARDIA NACIONAL EN XALATLACO -","robots":{"index":"index","follow":"follow","max-snippet":"max-snippet:-1","max-image-preview":"max-image-preview:large","max-video-preview":"max-video-preview:-1"},"canonical":"https:\/\/continuamosmx.com\/index.php\/2026\/08\/31\/inaugura-gobernadora-delfina-gomez-instalaciones-de-la-guardia-nacional-en-xalatlaco\/","og_locale":"es_ES","og_type":"article","og_title":"INAUGURA GOBERNADORA DELFINA G\u00d3MEZ INSTALACIONES DE LA GUARDIA NACIONAL EN XALATLACO -","og_description":"*La nueva Compa\u00f1\u00eda fortalecer\u00e1 la seguridad y la coordinaci\u00f3n institucional en beneficio de cinco municipios de la regi\u00f3n La Gobernadora del Estado de M\u00e9xico, Delfina G\u00f3mez \u00c1lvarez, encabez\u00f3 la inauguraci\u00f3n de las nuevas instalaciones de la Compa\u00f1\u00eda de la Guardia Nacional en Xalatlaco, con el prop\u00f3sito de ampliar la presencia de la instituci\u00f3n y reforzar [&hellip;]","og_url":"https:\/\/continuamosmx.com\/index.php\/2026\/08\/31\/inaugura-gobernadora-delfina-gomez-instalaciones-de-la-guardia-nacional-en-xalatlaco\/","article_published_time":"2026-09-01T00:50:18+00:00","article_modified_time":"2026-09-01T00:50:19+00:00","og_image":[{"width":2560,"height":988,"url":"https:\/\/continuamosmx.com\/wp-content\/uploads\/2026\/08\/WhatsApp-Image-2026-08-31-at-5.20.02-PM-scaled.jpeg","type":"image\/jpeg"}],"author":"Continuamos MX","twitter_card":"summary_large_image","twitter_misc":{"Escrito por":"Continuamos MX","Tiempo de lectura":"2 minutos"},"schema":{"@context":"https:\/\/schema.org","@graph":[{"@type":"Article","@id":"https:\/\/continuamosmx.com\/index.php\/2026\/08\/31\/inaugura-gobernadora-delfina-gomez-instalaciones-de-la-guardia-nacional-en-xalatlaco\/#article","isPartOf":{"@id":"https:\/\/continuamosmx.com\/index.php\/2026\/08\/31\/inaugura-gobernadora-delfina-gomez-instalaciones-de-la-guardia-nacional-en-xalatlaco\/"},"author":{"name":"Continuamos MX","@id":"https:\/\/continuamosmx.com\/#\/schema\/person\/5eb5356acb1fad784da407d14f0e8d89"},"headline":"INAUGURA GOBERNADORA DELFINA G\u00d3MEZ INSTALACIONES DE LA GUARDIA NACIONAL EN XALATLACO","datePublished":"2026-09-01T00:50:18+00:00","dateModified":"2026-09-01T00:50:19+00:00","mainEntityOfPage":{"@id":"https:\/\/continuamosmx.com\/index.php\/2026\/08\/31\/inaugura-gobernadora-delfina-gomez-instalaciones-de-la-guardia-nacional-en-xalatlaco\/"},"wordCount":220,"publisher":{"@id":"https:\/\/continuamosmx.com\/#organization"},"image":{"@id":"https:\/\/continuamosmx.com\/index.php\/2026\/08\/31\/inaugura-gobernadora-delfina-gomez-instalaciones-de-la-guardia-nacional-en-xalatlaco\/#primaryimage"},"thumbnailUrl":"https:\/\/continuamosmx.com\/wp-content\/uploads\/2026\/08\/WhatsApp-Image-2026-08-31-at-5.20.02-PM-scaled.jpeg","articleSection":["EDOMEX"],"inLanguage":"es"},{"@type":"WebPage","@id":"https:\/\/continuamosmx.com\/index.php\/2026\/08\/31\/inaugura-gobernadora-delfina-gomez-instalaciones-de-la-guardia-nacional-en-xalatlaco\/","url":"https:\/\/continuamosmx.com\/index.php\/2026\/08\/31\/inaugura-gobernadora-delfina-gomez-instalaciones-de-la-guardia-nacional-en-xalatlaco\/","name":"INAUGURA GOBERNADORA DELFINA G\u00d3MEZ INSTALACIONES DE LA GUARDIA NACIONAL EN XALATLACO -","isPartOf":{"@id":"https:\/\/continuamosmx.com\/#website"},"primaryImageOfPage":{"@id":"https:\/\/continuamosmx.com\/index.php\/2026\/08\/31\/inaugura-gobernadora-delfina-gomez-instalaciones-de-la-guardia-nacional-en-xalatlaco\/#primaryimage"},"image":{"@id":"https:\/\/continuamosmx.com\/index.php\/2026\/08\/31\/inaugura-gobernadora-delfina-gomez-instalaciones-de-la-guardia-nacional-en-xalatlaco\/#primaryimage"},"thumbnailUrl":"https:\/\/continuamosmx.com\/wp-content\/uploads\/2026\/08\/WhatsApp-Image-2026-08-31-at-5.20.02-PM-scaled.jpeg","datePublished":"2026-09-01T00:50:18+00:00","dateModified":"2026-09-01T00:50:19+00:00","breadcrumb":{"@id":"https:\/\/continuamosmx.com\/index.php\/2026\/08\/31\/inaugura-gobernadora-delfina-gomez-instalaciones-de-la-guardia-nacional-en-xalatlaco\/#breadcrumb"},"inLanguage":"es","potentialAction":[{"@type":"ReadAction","target":["https:\/\/continuamosmx.com\/index.php\/2026\/08\/31\/inaugura-gobernadora-delfina-gomez-instalaciones-de-la-guardia-nacional-en-xalatlaco\/"]}]},{"@type":"ImageObject","inLanguage":"es","@id":"https:\/\/continuamosmx.com\/index.php\/2026\/08\/31\/inaugura-gobernadora-delfina-gomez-instalaciones-de-la-guardia-nacional-en-xalatlaco\/#primaryimage","url":"https:\/\/continuamosmx.com\/wp-content\/uploads\/2026\/08\/WhatsApp-Image-2026-08-31-at-5.20.02-PM-scaled.jpeg","contentUrl":"https:\/\/continuamosmx.com\/wp-content\/uploads\/2026\/08\/WhatsApp-Image-2026-08-31-at-5.20.02-PM-scaled.jpeg","width":2560,"height":988},{"@type":"BreadcrumbList","@id":"https:\/\/continuamosmx.com\/index.php\/2026\/08\/31\/inaugura-gobernadora-delfina-gomez-instalaciones-de-la-guardia-nacional-en-xalatlaco\/#breadcrumb","itemListElement":[{"@type":"ListItem","position":1,"name":"Inicio","item":"https:\/\/continuamosmx.com\/"},{"@type":"ListItem","position":2,"name":"INAUGURA GOBERNADORA DELFINA G\u00d3MEZ INSTALACIONES DE LA GUARDIA NACIONAL EN XALATLACO"}]},{"@type":"WebSite","@id":"https:\/\/continuamosmx.com\/#website","url":"https:\/\/continuamosmx.com\/","name":"www.continuamosmx.com","description":"","publisher":{"@id":"https:\/\/continuamosmx.com\/#organization"},"potentialAction":[{"@type":"SearchAction","target":{"@type":"EntryPoint","urlTemplate":"https:\/\/continuamosmx.com\/?s={search_term_string}"},"query-input":{"@type":"PropertyValueSpecification","valueRequired":true,"valueName":"search_term_string"}}],"inLanguage":"es"},{"@type":"Organization","@id":"https:\/\/continuamosmx.com\/#organization","name":"ContinuamosMX","url":"https:\/\/continuamosmx.com\/","logo":{"@type":"ImageObject","inLanguage":"es","@id":"https:\/\/continuamosmx.com\/#\/schema\/logo\/image\/","url":"https:\/\/continuamosmx.com\/wp-content\/uploads\/2023\/04\/cropped-LOGO-CONTI-NUEVO.png","contentUrl":"https:\/\/continuamosmx.com\/wp-content\/uploads\/2023\/04\/cropped-LOGO-CONTI-NUEVO.png","width":1257,"height":430,"caption":"ContinuamosMX"},"image":{"@id":"https:\/\/continuamosmx.com\/#\/schema\/logo\/image\/"}},{"@type":"Person","@id":"https:\/\/continuamosmx.com\/#\/schema\/person\/5eb5356acb1fad784da407d14f0e8d89","name":"Continuamos MX","image":{"@type":"ImageObject","inLanguage":"es","@id":"https:\/\/secure.gravatar.com\/avatar\/30d4f9723476a15f4da34d35fb3501f08d2357016c76051c6a85c354c7489589?s=96&d=mm&r=g","url":"https:\/\/secure.gravatar.com\/avatar\/30d4f9723476a15f4da34d35fb3501f08d2357016c76051c6a85c354c7489589?s=96&d=mm&r=g","contentUrl":"https:\/\/secure.gravatar.com\/avatar\/30d4f9723476a15f4da34d35fb3501f08d2357016c76051c6a85c354c7489589?s=96&d=mm&r=g","caption":"Continuamos MX"},"sameAs":["http:\/\/www.continuamos.mx"],"url":"https:\/\/continuamosmx.com\/index.php\/author\/continuamos\/"}]}},"_links":{"self":[{"href":"https:\/\/continuamosmx.com\/index.php\/wp-json\/wp\/v2\/posts\/58140","targetHints":{"allow":["GET"]}}],"collection":[{"href":"https:\/\/continuamosmx.com\/index.php\/wp-json\/wp\/v2\/posts"}],"about":[{"href":"https:\/\/continuamosmx.com\/index.php\/wp-json\/wp\/v2\/types\/post"}],"author":[{"embeddable":true,"href":"https:\/\/continuamosmx.com\/index.php\/wp-json\/wp\/v2\/users\/6"}],"replies":[{"embeddable":true,"href":"https:\/\/continuamosmx.com\/index.php\/wp-json\/wp\/v2\/comments?post=58140"}],"version-history":[{"count":1,"href":"https:\/\/continuamosmx.com\/index.php\/wp-json\/wp\/v2\/posts\/58140\/revisions"}],"predecessor-version":[{"id":58142,"href":"https:\/\/continuamosmx.com\/index.php\/wp-json\/wp\/v2\/posts\/58140\/revisions\/58142"}],"wp:featuredmedia":[{"embeddable":true,"href":"https:\/\/continuamosmx.com\/index.php\/wp-json\/wp\/v2\/media\/58141"}],"wp:attachment":[{"href":"https:\/\/continuamosmx.com\/index.php\/wp-json\/wp\/v2\/media?parent=58140"}],"wp:term":[{"taxonomy":"category","embeddable":true,"href":"https:\/\/continuamosmx.com\/index.php\/wp-json\/wp\/v2\/categories?post=58140"},{"taxonomy":"post_tag","embeddable":true,"href":"https:\/\/continuamosmx.com\/index.php\/wp-json\/wp\/v2\/tags?post=58140"}],"curies":[{"name":"wp","href":"https:\/\/api.w.org\/{rel}","templated":true}]}}