{"id":58137,"date":"2026-08-31T18:45:16","date_gmt":"2026-09-01T00:45:16","guid":{"rendered":"https:\/\/continuamosmx.com\/?p=58137"},"modified":"2026-08-31T18:45:17","modified_gmt":"2026-09-01T00:45:17","slug":"arranca-en-cuautitlan-el-canje-de-armas-2026-para-prevenir-la-violencia-en-los-hogares","status":"publish","type":"post","link":"https:\/\/continuamosmx.com\/index.php\/2026\/08\/31\/arranca-en-cuautitlan-el-canje-de-armas-2026-para-prevenir-la-violencia-en-los-hogares\/","title":{"rendered":"ARRANCA EN CUAUTITL\u00c1N EL CANJE DE ARMAS 2026 PARA PREVENIR LA VIOLENCIA EN LOS HOGARES"},"content":{"rendered":"\n<p class=\"wp-block-paragraph\"><\/p>\n\n\n\n<p class=\"wp-block-paragraph\"><strong>El Gobierno Municipal y la Secretar\u00eda de Seguridad estatal ponen en marcha el programa para el retiro voluntario y an\u00f3nimo de armamento<\/strong><\/p>\n\n\n\n<p class=\"wp-block-paragraph\">El Gobierno Municipal de Cuautitl\u00e1n, encabezado por la presidenta municipal Juanita Carrillo, en coordinaci\u00f3n con la Secretar\u00eda de Seguridad del Estado de M\u00e9xico, dio inicio al programa Canje de Armas 2026 con el prop\u00f3sito de fortalecer la prevenci\u00f3n y construir entornos m\u00e1s seguros para las familias<sup><\/sup>. La estrategia busca retirar armas de los hogares y evitar que lleguen a las calles mediante la entrega voluntaria, an\u00f3nima y pac\u00edfica a cambio de un incentivo econ\u00f3mico<sup><\/sup>.<\/p>\n\n\n\n<p class=\"wp-block-paragraph\">Durante el arranque, la alcaldesa destac\u00f3 que la seguridad exige trabajar de manera permanente en las causas que originan la violencia y atender la recurrencia en el uso de armas para la comisi\u00f3n de il\u00edcitos<sup><\/sup>. Por ello, hizo un llamado a la ciudadan\u00eda para aprovechar este m\u00f3dulo que operar\u00e1 del 31 de agosto al 5 de septiembre en la concha ac\u00fastica del parque de la Cruz<sup><\/sup>.<\/p>\n\n\n\n<p class=\"wp-block-paragraph\">El programa consiste en la recepci\u00f3n, revisi\u00f3n especializada, valoraci\u00f3n conforme a un tabulador, registro y entrega de un incentivo econ\u00f3mico, culminando con la destrucci\u00f3n del objeto para garantizar que deje de tener vida \u00fatil<sup><\/sup>. Todo este proceso pr\u00e1ctico y r\u00e1pido mantiene el car\u00e1cter completamente an\u00f3nimo y seguro para los participantes<sup><\/sup>.<\/p>\n","protected":false},"excerpt":{"rendered":"<p>El Gobierno Municipal y la Secretar\u00eda de Seguridad estatal ponen en marcha el programa para el retiro voluntario y an\u00f3nimo de armamento El Gobierno Municipal de Cuautitl\u00e1n, encabezado por la presidenta municipal Juanita Carrillo, en coordinaci\u00f3n con la Secretar\u00eda de Seguridad del Estado de M\u00e9xico, dio inicio al programa Canje de Armas 2026 con el [&hellip;]<\/p>\n","protected":false},"author":6,"featured_media":58138,"comment_status":"closed","ping_status":"closed","sticky":false,"template":"","format":"standard","meta":{"footnotes":""},"categories":[29,4],"tags":[],"class_list":["post-58137","post","type-post","status-publish","format-standard","has-post-thumbnail","hentry","category-cuautitlan","category-locales"],"yoast_head":"<!-- This site is optimized with the Yoast SEO plugin v28.3 - https:\/\/yoast.com\/product\/yoast-seo-wordpress\/ -->\n<title>ARRANCA EN CUAUTITL\u00c1N EL CANJE DE ARMAS 2026 PARA PREVENIR LA VIOLENCIA EN LOS HOGARES -<\/title>\n<meta name=\"robots\" content=\"index, follow, max-snippet:-1, max-image-preview:large, max-video-preview:-1\" \/>\n<link rel=\"canonical\" href=\"https:\/\/continuamosmx.com\/index.php\/2026\/08\/31\/arranca-en-cuautitlan-el-canje-de-armas-2026-para-prevenir-la-violencia-en-los-hogares\/\" \/>\n<meta property=\"og:locale\" content=\"es_ES\" \/>\n<meta property=\"og:type\" content=\"article\" \/>\n<meta property=\"og:title\" content=\"ARRANCA EN CUAUTITL\u00c1N EL CANJE DE ARMAS 2026 PARA PREVENIR LA VIOLENCIA EN LOS HOGARES -\" \/>\n<meta property=\"og:description\" content=\"El Gobierno Municipal y la Secretar\u00eda de Seguridad estatal ponen en marcha el programa para el retiro voluntario y an\u00f3nimo de armamento El Gobierno Municipal de Cuautitl\u00e1n, encabezado por la presidenta municipal Juanita Carrillo, en coordinaci\u00f3n con la Secretar\u00eda de Seguridad del Estado de M\u00e9xico, dio inicio al programa Canje de Armas 2026 con el [&hellip;]\" \/>\n<meta property=\"og:url\" content=\"https:\/\/continuamosmx.com\/index.php\/2026\/08\/31\/arranca-en-cuautitlan-el-canje-de-armas-2026-para-prevenir-la-violencia-en-los-hogares\/\" \/>\n<meta property=\"article:published_time\" content=\"2026-09-01T00:45:16+00:00\" \/>\n<meta property=\"article:modified_time\" content=\"2026-09-01T00:45:17+00:00\" \/>\n<meta property=\"og:image\" content=\"https:\/\/continuamosmx.com\/wp-content\/uploads\/2026\/08\/WhatsApp-Image-2026-08-31-at-5.47.26-PM.jpeg\" \/>\n\t<meta property=\"og:image:width\" content=\"1600\" \/>\n\t<meta property=\"og:image:height\" content=\"1066\" \/>\n\t<meta property=\"og:image:type\" content=\"image\/jpeg\" \/>\n<meta name=\"author\" content=\"Continuamos MX\" \/>\n<meta name=\"twitter:card\" content=\"summary_large_image\" \/>\n<meta name=\"twitter:label1\" content=\"Escrito por\" \/>\n\t<meta name=\"twitter:data1\" content=\"Continuamos MX\" \/>\n\t<meta name=\"twitter:label2\" content=\"Tiempo de lectura\" \/>\n\t<meta name=\"twitter:data2\" content=\"2 minutos\" \/>\n<script type=\"application\/ld+json\" class=\"yoast-schema-graph\">{\"@context\":\"https:\\\/\\\/schema.org\",\"@graph\":[{\"@type\":\"Article\",\"@id\":\"https:\\\/\\\/continuamosmx.com\\\/index.php\\\/2026\\\/08\\\/31\\\/arranca-en-cuautitlan-el-canje-de-armas-2026-para-prevenir-la-violencia-en-los-hogares\\\/#article\",\"isPartOf\":{\"@id\":\"https:\\\/\\\/continuamosmx.com\\\/index.php\\\/2026\\\/08\\\/31\\\/arranca-en-cuautitlan-el-canje-de-armas-2026-para-prevenir-la-violencia-en-los-hogares\\\/\"},\"author\":{\"name\":\"Continuamos MX\",\"@id\":\"https:\\\/\\\/continuamosmx.com\\\/#\\\/schema\\\/person\\\/5eb5356acb1fad784da407d14f0e8d89\"},\"headline\":\"ARRANCA EN CUAUTITL\u00c1N EL CANJE DE ARMAS 2026 PARA PREVENIR LA VIOLENCIA EN LOS HOGARES\",\"datePublished\":\"2026-09-01T00:45:16+00:00\",\"dateModified\":\"2026-09-01T00:45:17+00:00\",\"mainEntityOfPage\":{\"@id\":\"https:\\\/\\\/continuamosmx.com\\\/index.php\\\/2026\\\/08\\\/31\\\/arranca-en-cuautitlan-el-canje-de-armas-2026-para-prevenir-la-violencia-en-los-hogares\\\/\"},\"wordCount\":250,\"publisher\":{\"@id\":\"https:\\\/\\\/continuamosmx.com\\\/#organization\"},\"image\":{\"@id\":\"https:\\\/\\\/continuamosmx.com\\\/index.php\\\/2026\\\/08\\\/31\\\/arranca-en-cuautitlan-el-canje-de-armas-2026-para-prevenir-la-violencia-en-los-hogares\\\/#primaryimage\"},\"thumbnailUrl\":\"https:\\\/\\\/continuamosmx.com\\\/wp-content\\\/uploads\\\/2026\\\/08\\\/WhatsApp-Image-2026-08-31-at-5.47.26-PM.jpeg\",\"articleSection\":[\"CUAUTITL\u00c1N\",\"LOCALES\"],\"inLanguage\":\"es\"},{\"@type\":\"WebPage\",\"@id\":\"https:\\\/\\\/continuamosmx.com\\\/index.php\\\/2026\\\/08\\\/31\\\/arranca-en-cuautitlan-el-canje-de-armas-2026-para-prevenir-la-violencia-en-los-hogares\\\/\",\"url\":\"https:\\\/\\\/continuamosmx.com\\\/index.php\\\/2026\\\/08\\\/31\\\/arranca-en-cuautitlan-el-canje-de-armas-2026-para-prevenir-la-violencia-en-los-hogares\\\/\",\"name\":\"ARRANCA EN CUAUTITL\u00c1N EL CANJE DE ARMAS 2026 PARA PREVENIR LA VIOLENCIA EN LOS HOGARES -\",\"isPartOf\":{\"@id\":\"https:\\\/\\\/continuamosmx.com\\\/#website\"},\"primaryImageOfPage\":{\"@id\":\"https:\\\/\\\/continuamosmx.com\\\/index.php\\\/2026\\\/08\\\/31\\\/arranca-en-cuautitlan-el-canje-de-armas-2026-para-prevenir-la-violencia-en-los-hogares\\\/#primaryimage\"},\"image\":{\"@id\":\"https:\\\/\\\/continuamosmx.com\\\/index.php\\\/2026\\\/08\\\/31\\\/arranca-en-cuautitlan-el-canje-de-armas-2026-para-prevenir-la-violencia-en-los-hogares\\\/#primaryimage\"},\"thumbnailUrl\":\"https:\\\/\\\/continuamosmx.com\\\/wp-content\\\/uploads\\\/2026\\\/08\\\/WhatsApp-Image-2026-08-31-at-5.47.26-PM.jpeg\",\"datePublished\":\"2026-09-01T00:45:16+00:00\",\"dateModified\":\"2026-09-01T00:45:17+00:00\",\"breadcrumb\":{\"@id\":\"https:\\\/\\\/continuamosmx.com\\\/index.php\\\/2026\\\/08\\\/31\\\/arranca-en-cuautitlan-el-canje-de-armas-2026-para-prevenir-la-violencia-en-los-hogares\\\/#breadcrumb\"},\"inLanguage\":\"es\",\"potentialAction\":[{\"@type\":\"ReadAction\",\"target\":[\"https:\\\/\\\/continuamosmx.com\\\/index.php\\\/2026\\\/08\\\/31\\\/arranca-en-cuautitlan-el-canje-de-armas-2026-para-prevenir-la-violencia-en-los-hogares\\\/\"]}]},{\"@type\":\"ImageObject\",\"inLanguage\":\"es\",\"@id\":\"https:\\\/\\\/continuamosmx.com\\\/index.php\\\/2026\\\/08\\\/31\\\/arranca-en-cuautitlan-el-canje-de-armas-2026-para-prevenir-la-violencia-en-los-hogares\\\/#primaryimage\",\"url\":\"https:\\\/\\\/continuamosmx.com\\\/wp-content\\\/uploads\\\/2026\\\/08\\\/WhatsApp-Image-2026-08-31-at-5.47.26-PM.jpeg\",\"contentUrl\":\"https:\\\/\\\/continuamosmx.com\\\/wp-content\\\/uploads\\\/2026\\\/08\\\/WhatsApp-Image-2026-08-31-at-5.47.26-PM.jpeg\",\"width\":1600,\"height\":1066},{\"@type\":\"BreadcrumbList\",\"@id\":\"https:\\\/\\\/continuamosmx.com\\\/index.php\\\/2026\\\/08\\\/31\\\/arranca-en-cuautitlan-el-canje-de-armas-2026-para-prevenir-la-violencia-en-los-hogares\\\/#breadcrumb\",\"itemListElement\":[{\"@type\":\"ListItem\",\"position\":1,\"name\":\"Inicio\",\"item\":\"https:\\\/\\\/continuamosmx.com\\\/\"},{\"@type\":\"ListItem\",\"position\":2,\"name\":\"ARRANCA EN CUAUTITL\u00c1N EL CANJE DE ARMAS 2026 PARA PREVENIR LA VIOLENCIA EN LOS HOGARES\"}]},{\"@type\":\"WebSite\",\"@id\":\"https:\\\/\\\/continuamosmx.com\\\/#website\",\"url\":\"https:\\\/\\\/continuamosmx.com\\\/\",\"name\":\"www.continuamosmx.com\",\"description\":\"\",\"publisher\":{\"@id\":\"https:\\\/\\\/continuamosmx.com\\\/#organization\"},\"potentialAction\":[{\"@type\":\"SearchAction\",\"target\":{\"@type\":\"EntryPoint\",\"urlTemplate\":\"https:\\\/\\\/continuamosmx.com\\\/?s={search_term_string}\"},\"query-input\":{\"@type\":\"PropertyValueSpecification\",\"valueRequired\":true,\"valueName\":\"search_term_string\"}}],\"inLanguage\":\"es\"},{\"@type\":\"Organization\",\"@id\":\"https:\\\/\\\/continuamosmx.com\\\/#organization\",\"name\":\"ContinuamosMX\",\"url\":\"https:\\\/\\\/continuamosmx.com\\\/\",\"logo\":{\"@type\":\"ImageObject\",\"inLanguage\":\"es\",\"@id\":\"https:\\\/\\\/continuamosmx.com\\\/#\\\/schema\\\/logo\\\/image\\\/\",\"url\":\"https:\\\/\\\/continuamosmx.com\\\/wp-content\\\/uploads\\\/2023\\\/04\\\/cropped-LOGO-CONTI-NUEVO.png\",\"contentUrl\":\"https:\\\/\\\/continuamosmx.com\\\/wp-content\\\/uploads\\\/2023\\\/04\\\/cropped-LOGO-CONTI-NUEVO.png\",\"width\":1257,\"height\":430,\"caption\":\"ContinuamosMX\"},\"image\":{\"@id\":\"https:\\\/\\\/continuamosmx.com\\\/#\\\/schema\\\/logo\\\/image\\\/\"}},{\"@type\":\"Person\",\"@id\":\"https:\\\/\\\/continuamosmx.com\\\/#\\\/schema\\\/person\\\/5eb5356acb1fad784da407d14f0e8d89\",\"name\":\"Continuamos MX\",\"image\":{\"@type\":\"ImageObject\",\"inLanguage\":\"es\",\"@id\":\"https:\\\/\\\/secure.gravatar.com\\\/avatar\\\/30d4f9723476a15f4da34d35fb3501f08d2357016c76051c6a85c354c7489589?s=96&d=mm&r=g\",\"url\":\"https:\\\/\\\/secure.gravatar.com\\\/avatar\\\/30d4f9723476a15f4da34d35fb3501f08d2357016c76051c6a85c354c7489589?s=96&d=mm&r=g\",\"contentUrl\":\"https:\\\/\\\/secure.gravatar.com\\\/avatar\\\/30d4f9723476a15f4da34d35fb3501f08d2357016c76051c6a85c354c7489589?s=96&d=mm&r=g\",\"caption\":\"Continuamos MX\"},\"sameAs\":[\"http:\\\/\\\/www.continuamos.mx\"],\"url\":\"https:\\\/\\\/continuamosmx.com\\\/index.php\\\/author\\\/continuamos\\\/\"}]}<\/script>\n<!-- \/ Yoast SEO plugin. -->","yoast_head_json":{"title":"ARRANCA EN CUAUTITL\u00c1N EL CANJE DE ARMAS 2026 PARA PREVENIR LA VIOLENCIA EN LOS HOGARES -","robots":{"index":"index","follow":"follow","max-snippet":"max-snippet:-1","max-image-preview":"max-image-preview:large","max-video-preview":"max-video-preview:-1"},"canonical":"https:\/\/continuamosmx.com\/index.php\/2026\/08\/31\/arranca-en-cuautitlan-el-canje-de-armas-2026-para-prevenir-la-violencia-en-los-hogares\/","og_locale":"es_ES","og_type":"article","og_title":"ARRANCA EN CUAUTITL\u00c1N EL CANJE DE ARMAS 2026 PARA PREVENIR LA VIOLENCIA EN LOS HOGARES -","og_description":"El Gobierno Municipal y la Secretar\u00eda de Seguridad estatal ponen en marcha el programa para el retiro voluntario y an\u00f3nimo de armamento El Gobierno Municipal de Cuautitl\u00e1n, encabezado por la presidenta municipal Juanita Carrillo, en coordinaci\u00f3n con la Secretar\u00eda de Seguridad del Estado de M\u00e9xico, dio inicio al programa Canje de Armas 2026 con el [&hellip;]","og_url":"https:\/\/continuamosmx.com\/index.php\/2026\/08\/31\/arranca-en-cuautitlan-el-canje-de-armas-2026-para-prevenir-la-violencia-en-los-hogares\/","article_published_time":"2026-09-01T00:45:16+00:00","article_modified_time":"2026-09-01T00:45:17+00:00","og_image":[{"width":1600,"height":1066,"url":"https:\/\/continuamosmx.com\/wp-content\/uploads\/2026\/08\/WhatsApp-Image-2026-08-31-at-5.47.26-PM.jpeg","type":"image\/jpeg"}],"author":"Continuamos MX","twitter_card":"summary_large_image","twitter_misc":{"Escrito por":"Continuamos MX","Tiempo de lectura":"2 minutos"},"schema":{"@context":"https:\/\/schema.org","@graph":[{"@type":"Article","@id":"https:\/\/continuamosmx.com\/index.php\/2026\/08\/31\/arranca-en-cuautitlan-el-canje-de-armas-2026-para-prevenir-la-violencia-en-los-hogares\/#article","isPartOf":{"@id":"https:\/\/continuamosmx.com\/index.php\/2026\/08\/31\/arranca-en-cuautitlan-el-canje-de-armas-2026-para-prevenir-la-violencia-en-los-hogares\/"},"author":{"name":"Continuamos MX","@id":"https:\/\/continuamosmx.com\/#\/schema\/person\/5eb5356acb1fad784da407d14f0e8d89"},"headline":"ARRANCA EN CUAUTITL\u00c1N EL CANJE DE ARMAS 2026 PARA PREVENIR LA VIOLENCIA EN LOS HOGARES","datePublished":"2026-09-01T00:45:16+00:00","dateModified":"2026-09-01T00:45:17+00:00","mainEntityOfPage":{"@id":"https:\/\/continuamosmx.com\/index.php\/2026\/08\/31\/arranca-en-cuautitlan-el-canje-de-armas-2026-para-prevenir-la-violencia-en-los-hogares\/"},"wordCount":250,"publisher":{"@id":"https:\/\/continuamosmx.com\/#organization"},"image":{"@id":"https:\/\/continuamosmx.com\/index.php\/2026\/08\/31\/arranca-en-cuautitlan-el-canje-de-armas-2026-para-prevenir-la-violencia-en-los-hogares\/#primaryimage"},"thumbnailUrl":"https:\/\/continuamosmx.com\/wp-content\/uploads\/2026\/08\/WhatsApp-Image-2026-08-31-at-5.47.26-PM.jpeg","articleSection":["CUAUTITL\u00c1N","LOCALES"],"inLanguage":"es"},{"@type":"WebPage","@id":"https:\/\/continuamosmx.com\/index.php\/2026\/08\/31\/arranca-en-cuautitlan-el-canje-de-armas-2026-para-prevenir-la-violencia-en-los-hogares\/","url":"https:\/\/continuamosmx.com\/index.php\/2026\/08\/31\/arranca-en-cuautitlan-el-canje-de-armas-2026-para-prevenir-la-violencia-en-los-hogares\/","name":"ARRANCA EN CUAUTITL\u00c1N EL CANJE DE ARMAS 2026 PARA PREVENIR LA VIOLENCIA EN LOS HOGARES -","isPartOf":{"@id":"https:\/\/continuamosmx.com\/#website"},"primaryImageOfPage":{"@id":"https:\/\/continuamosmx.com\/index.php\/2026\/08\/31\/arranca-en-cuautitlan-el-canje-de-armas-2026-para-prevenir-la-violencia-en-los-hogares\/#primaryimage"},"image":{"@id":"https:\/\/continuamosmx.com\/index.php\/2026\/08\/31\/arranca-en-cuautitlan-el-canje-de-armas-2026-para-prevenir-la-violencia-en-los-hogares\/#primaryimage"},"thumbnailUrl":"https:\/\/continuamosmx.com\/wp-content\/uploads\/2026\/08\/WhatsApp-Image-2026-08-31-at-5.47.26-PM.jpeg","datePublished":"2026-09-01T00:45:16+00:00","dateModified":"2026-09-01T00:45:17+00:00","breadcrumb":{"@id":"https:\/\/continuamosmx.com\/index.php\/2026\/08\/31\/arranca-en-cuautitlan-el-canje-de-armas-2026-para-prevenir-la-violencia-en-los-hogares\/#breadcrumb"},"inLanguage":"es","potentialAction":[{"@type":"ReadAction","target":["https:\/\/continuamosmx.com\/index.php\/2026\/08\/31\/arranca-en-cuautitlan-el-canje-de-armas-2026-para-prevenir-la-violencia-en-los-hogares\/"]}]},{"@type":"ImageObject","inLanguage":"es","@id":"https:\/\/continuamosmx.com\/index.php\/2026\/08\/31\/arranca-en-cuautitlan-el-canje-de-armas-2026-para-prevenir-la-violencia-en-los-hogares\/#primaryimage","url":"https:\/\/continuamosmx.com\/wp-content\/uploads\/2026\/08\/WhatsApp-Image-2026-08-31-at-5.47.26-PM.jpeg","contentUrl":"https:\/\/continuamosmx.com\/wp-content\/uploads\/2026\/08\/WhatsApp-Image-2026-08-31-at-5.47.26-PM.jpeg","width":1600,"height":1066},{"@type":"BreadcrumbList","@id":"https:\/\/continuamosmx.com\/index.php\/2026\/08\/31\/arranca-en-cuautitlan-el-canje-de-armas-2026-para-prevenir-la-violencia-en-los-hogares\/#breadcrumb","itemListElement":[{"@type":"ListItem","position":1,"name":"Inicio","item":"https:\/\/continuamosmx.com\/"},{"@type":"ListItem","position":2,"name":"ARRANCA EN CUAUTITL\u00c1N EL CANJE DE ARMAS 2026 PARA PREVENIR LA VIOLENCIA EN LOS HOGARES"}]},{"@type":"WebSite","@id":"https:\/\/continuamosmx.com\/#website","url":"https:\/\/continuamosmx.com\/","name":"www.continuamosmx.com","description":"","publisher":{"@id":"https:\/\/continuamosmx.com\/#organization"},"potentialAction":[{"@type":"SearchAction","target":{"@type":"EntryPoint","urlTemplate":"https:\/\/continuamosmx.com\/?s={search_term_string}"},"query-input":{"@type":"PropertyValueSpecification","valueRequired":true,"valueName":"search_term_string"}}],"inLanguage":"es"},{"@type":"Organization","@id":"https:\/\/continuamosmx.com\/#organization","name":"ContinuamosMX","url":"https:\/\/continuamosmx.com\/","logo":{"@type":"ImageObject","inLanguage":"es","@id":"https:\/\/continuamosmx.com\/#\/schema\/logo\/image\/","url":"https:\/\/continuamosmx.com\/wp-content\/uploads\/2023\/04\/cropped-LOGO-CONTI-NUEVO.png","contentUrl":"https:\/\/continuamosmx.com\/wp-content\/uploads\/2023\/04\/cropped-LOGO-CONTI-NUEVO.png","width":1257,"height":430,"caption":"ContinuamosMX"},"image":{"@id":"https:\/\/continuamosmx.com\/#\/schema\/logo\/image\/"}},{"@type":"Person","@id":"https:\/\/continuamosmx.com\/#\/schema\/person\/5eb5356acb1fad784da407d14f0e8d89","name":"Continuamos MX","image":{"@type":"ImageObject","inLanguage":"es","@id":"https:\/\/secure.gravatar.com\/avatar\/30d4f9723476a15f4da34d35fb3501f08d2357016c76051c6a85c354c7489589?s=96&d=mm&r=g","url":"https:\/\/secure.gravatar.com\/avatar\/30d4f9723476a15f4da34d35fb3501f08d2357016c76051c6a85c354c7489589?s=96&d=mm&r=g","contentUrl":"https:\/\/secure.gravatar.com\/avatar\/30d4f9723476a15f4da34d35fb3501f08d2357016c76051c6a85c354c7489589?s=96&d=mm&r=g","caption":"Continuamos MX"},"sameAs":["http:\/\/www.continuamos.mx"],"url":"https:\/\/continuamosmx.com\/index.php\/author\/continuamos\/"}]}},"_links":{"self":[{"href":"https:\/\/continuamosmx.com\/index.php\/wp-json\/wp\/v2\/posts\/58137","targetHints":{"allow":["GET"]}}],"collection":[{"href":"https:\/\/continuamosmx.com\/index.php\/wp-json\/wp\/v2\/posts"}],"about":[{"href":"https:\/\/continuamosmx.com\/index.php\/wp-json\/wp\/v2\/types\/post"}],"author":[{"embeddable":true,"href":"https:\/\/continuamosmx.com\/index.php\/wp-json\/wp\/v2\/users\/6"}],"replies":[{"embeddable":true,"href":"https:\/\/continuamosmx.com\/index.php\/wp-json\/wp\/v2\/comments?post=58137"}],"version-history":[{"count":1,"href":"https:\/\/continuamosmx.com\/index.php\/wp-json\/wp\/v2\/posts\/58137\/revisions"}],"predecessor-version":[{"id":58139,"href":"https:\/\/continuamosmx.com\/index.php\/wp-json\/wp\/v2\/posts\/58137\/revisions\/58139"}],"wp:featuredmedia":[{"embeddable":true,"href":"https:\/\/continuamosmx.com\/index.php\/wp-json\/wp\/v2\/media\/58138"}],"wp:attachment":[{"href":"https:\/\/continuamosmx.com\/index.php\/wp-json\/wp\/v2\/media?parent=58137"}],"wp:term":[{"taxonomy":"category","embeddable":true,"href":"https:\/\/continuamosmx.com\/index.php\/wp-json\/wp\/v2\/categories?post=58137"},{"taxonomy":"post_tag","embeddable":true,"href":"https:\/\/continuamosmx.com\/index.php\/wp-json\/wp\/v2\/tags?post=58137"}],"curies":[{"name":"wp","href":"https:\/\/api.w.org\/{rel}","templated":true}]}}