{"id":58134,"date":"2026-08-31T18:26:06","date_gmt":"2026-09-01T00:26:06","guid":{"rendered":"https:\/\/continuamosmx.com\/?p=58134"},"modified":"2026-08-31T18:26:07","modified_gmt":"2026-09-01T00:26:07","slug":"impulsa-nicolas-romero-la-educacion-como-mas-alta-prioridad-municipal","status":"publish","type":"post","link":"https:\/\/continuamosmx.com\/index.php\/2026\/08\/31\/impulsa-nicolas-romero-la-educacion-como-mas-alta-prioridad-municipal\/","title":{"rendered":"IMPULSA NICOL\u00c1S ROMERO LA EDUCACI\u00d3N COMO M\u00c1S ALTA PRIORIDAD MUNICIPAL"},"content":{"rendered":"\n<p class=\"wp-block-paragraph\"><strong>La alcaldesa Yoselin Mendoza encabeza el inicio del ciclo escolar 2026-2027 y anuncia la llegada de la Universidad Rosario Castellanos<\/strong><\/p>\n\n\n\n<p class=\"wp-block-paragraph\">Como invitada de honor en la inauguraci\u00f3n del ciclo escolar 2026-2027 en el campus 152 de la Universidad Pedag\u00f3gica Nacional (UPN), la alcaldesa Yoselin Mendoza refrend\u00f3 su compromiso absoluto con la educaci\u00f3n y destac\u00f3 el crecimiento de este proyecto en la regi\u00f3n. El evento cont\u00f3 con la presencia de autoridades educativas, sindicales y representantes del Gobierno del Estado de M\u00e9xico.<\/p>\n\n\n\n<p class=\"wp-block-paragraph\">Durante su mensaje a los nuevos alumnos de la UPN, la Presidenta Municipal los invit\u00f3 a sentirse orgullosos de pertenecer a una instituci\u00f3n referente y les record\u00f3 su papel fundamental como futuros formadores de nuevas generaciones. Asimismo, comparti\u00f3 que las oportunidades de superaci\u00f3n en Nicol\u00e1s Romero se multiplican con la llegada de un plantel de la Universidad Nacional Rosario Castellanos (UNRC), la cual ofrecer\u00e1 siete carreras gratuitas como una nueva alternativa para los j\u00f3venes del municipio.<\/p>\n\n\n\n<p class=\"wp-block-paragraph\">En su recorrido por la demarcaci\u00f3n, la Edil acudi\u00f3 previamente al Jard\u00edn de Ni\u00f1os Mahatma Gandhi para dar inicio al ciclo escolar, donde entreg\u00f3 calzado a los alumnos y mochilas enviadas por el Gobierno estatal. Finalmente, visit\u00f3 la Escuela Primaria Nezahualc\u00f3yotl para otorgar mochilas escolares y suministros destinados a mejorar los n\u00facleos sanitarios del plantel.<\/p>\n","protected":false},"excerpt":{"rendered":"<p>La alcaldesa Yoselin Mendoza encabeza el inicio del ciclo escolar 2026-2027 y anuncia la llegada de la Universidad Rosario Castellanos Como invitada de honor en la inauguraci\u00f3n del ciclo escolar 2026-2027 en el campus 152 de la Universidad Pedag\u00f3gica Nacional (UPN), la alcaldesa Yoselin Mendoza refrend\u00f3 su compromiso absoluto con la educaci\u00f3n y destac\u00f3 el [&hellip;]<\/p>\n","protected":false},"author":6,"featured_media":58135,"comment_status":"closed","ping_status":"closed","sticky":false,"template":"","format":"standard","meta":{"footnotes":""},"categories":[4,36],"tags":[],"class_list":["post-58134","post","type-post","status-publish","format-standard","has-post-thumbnail","hentry","category-locales","category-nicolas-romero"],"yoast_head":"<!-- This site is optimized with the Yoast SEO plugin v28.3 - https:\/\/yoast.com\/product\/yoast-seo-wordpress\/ -->\n<title>IMPULSA NICOL\u00c1S ROMERO LA EDUCACI\u00d3N COMO M\u00c1S ALTA PRIORIDAD MUNICIPAL -<\/title>\n<meta name=\"robots\" content=\"index, follow, max-snippet:-1, max-image-preview:large, max-video-preview:-1\" \/>\n<link rel=\"canonical\" href=\"https:\/\/continuamosmx.com\/index.php\/2026\/08\/31\/impulsa-nicolas-romero-la-educacion-como-mas-alta-prioridad-municipal\/\" \/>\n<meta property=\"og:locale\" content=\"es_ES\" \/>\n<meta property=\"og:type\" content=\"article\" \/>\n<meta property=\"og:title\" content=\"IMPULSA NICOL\u00c1S ROMERO LA EDUCACI\u00d3N COMO M\u00c1S ALTA PRIORIDAD MUNICIPAL -\" \/>\n<meta property=\"og:description\" content=\"La alcaldesa Yoselin Mendoza encabeza el inicio del ciclo escolar 2026-2027 y anuncia la llegada de la Universidad Rosario Castellanos Como invitada de honor en la inauguraci\u00f3n del ciclo escolar 2026-2027 en el campus 152 de la Universidad Pedag\u00f3gica Nacional (UPN), la alcaldesa Yoselin Mendoza refrend\u00f3 su compromiso absoluto con la educaci\u00f3n y destac\u00f3 el [&hellip;]\" \/>\n<meta property=\"og:url\" content=\"https:\/\/continuamosmx.com\/index.php\/2026\/08\/31\/impulsa-nicolas-romero-la-educacion-como-mas-alta-prioridad-municipal\/\" \/>\n<meta property=\"article:published_time\" content=\"2026-09-01T00:26:06+00:00\" \/>\n<meta property=\"article:modified_time\" content=\"2026-09-01T00:26:07+00:00\" \/>\n<meta property=\"og:image\" content=\"https:\/\/continuamosmx.com\/wp-content\/uploads\/2026\/08\/WhatsApp-Image-2026-08-31-at-5.37.31-PM.jpeg\" \/>\n\t<meta property=\"og:image:width\" content=\"1280\" \/>\n\t<meta property=\"og:image:height\" content=\"916\" \/>\n\t<meta property=\"og:image:type\" content=\"image\/jpeg\" \/>\n<meta name=\"author\" content=\"Continuamos MX\" \/>\n<meta name=\"twitter:card\" content=\"summary_large_image\" \/>\n<meta name=\"twitter:label1\" content=\"Escrito por\" \/>\n\t<meta name=\"twitter:data1\" content=\"Continuamos MX\" \/>\n\t<meta name=\"twitter:label2\" content=\"Tiempo de lectura\" \/>\n\t<meta name=\"twitter:data2\" content=\"2 minutos\" \/>\n<script type=\"application\/ld+json\" class=\"yoast-schema-graph\">{\"@context\":\"https:\\\/\\\/schema.org\",\"@graph\":[{\"@type\":\"Article\",\"@id\":\"https:\\\/\\\/continuamosmx.com\\\/index.php\\\/2026\\\/08\\\/31\\\/impulsa-nicolas-romero-la-educacion-como-mas-alta-prioridad-municipal\\\/#article\",\"isPartOf\":{\"@id\":\"https:\\\/\\\/continuamosmx.com\\\/index.php\\\/2026\\\/08\\\/31\\\/impulsa-nicolas-romero-la-educacion-como-mas-alta-prioridad-municipal\\\/\"},\"author\":{\"name\":\"Continuamos MX\",\"@id\":\"https:\\\/\\\/continuamosmx.com\\\/#\\\/schema\\\/person\\\/5eb5356acb1fad784da407d14f0e8d89\"},\"headline\":\"IMPULSA NICOL\u00c1S ROMERO LA EDUCACI\u00d3N COMO M\u00c1S ALTA PRIORIDAD MUNICIPAL\",\"datePublished\":\"2026-09-01T00:26:06+00:00\",\"dateModified\":\"2026-09-01T00:26:07+00:00\",\"mainEntityOfPage\":{\"@id\":\"https:\\\/\\\/continuamosmx.com\\\/index.php\\\/2026\\\/08\\\/31\\\/impulsa-nicolas-romero-la-educacion-como-mas-alta-prioridad-municipal\\\/\"},\"wordCount\":237,\"publisher\":{\"@id\":\"https:\\\/\\\/continuamosmx.com\\\/#organization\"},\"image\":{\"@id\":\"https:\\\/\\\/continuamosmx.com\\\/index.php\\\/2026\\\/08\\\/31\\\/impulsa-nicolas-romero-la-educacion-como-mas-alta-prioridad-municipal\\\/#primaryimage\"},\"thumbnailUrl\":\"https:\\\/\\\/continuamosmx.com\\\/wp-content\\\/uploads\\\/2026\\\/08\\\/WhatsApp-Image-2026-08-31-at-5.37.31-PM.jpeg\",\"articleSection\":[\"LOCALES\",\"NICOL\u00c1S ROMERO\"],\"inLanguage\":\"es\"},{\"@type\":\"WebPage\",\"@id\":\"https:\\\/\\\/continuamosmx.com\\\/index.php\\\/2026\\\/08\\\/31\\\/impulsa-nicolas-romero-la-educacion-como-mas-alta-prioridad-municipal\\\/\",\"url\":\"https:\\\/\\\/continuamosmx.com\\\/index.php\\\/2026\\\/08\\\/31\\\/impulsa-nicolas-romero-la-educacion-como-mas-alta-prioridad-municipal\\\/\",\"name\":\"IMPULSA NICOL\u00c1S ROMERO LA EDUCACI\u00d3N COMO M\u00c1S ALTA PRIORIDAD MUNICIPAL -\",\"isPartOf\":{\"@id\":\"https:\\\/\\\/continuamosmx.com\\\/#website\"},\"primaryImageOfPage\":{\"@id\":\"https:\\\/\\\/continuamosmx.com\\\/index.php\\\/2026\\\/08\\\/31\\\/impulsa-nicolas-romero-la-educacion-como-mas-alta-prioridad-municipal\\\/#primaryimage\"},\"image\":{\"@id\":\"https:\\\/\\\/continuamosmx.com\\\/index.php\\\/2026\\\/08\\\/31\\\/impulsa-nicolas-romero-la-educacion-como-mas-alta-prioridad-municipal\\\/#primaryimage\"},\"thumbnailUrl\":\"https:\\\/\\\/continuamosmx.com\\\/wp-content\\\/uploads\\\/2026\\\/08\\\/WhatsApp-Image-2026-08-31-at-5.37.31-PM.jpeg\",\"datePublished\":\"2026-09-01T00:26:06+00:00\",\"dateModified\":\"2026-09-01T00:26:07+00:00\",\"breadcrumb\":{\"@id\":\"https:\\\/\\\/continuamosmx.com\\\/index.php\\\/2026\\\/08\\\/31\\\/impulsa-nicolas-romero-la-educacion-como-mas-alta-prioridad-municipal\\\/#breadcrumb\"},\"inLanguage\":\"es\",\"potentialAction\":[{\"@type\":\"ReadAction\",\"target\":[\"https:\\\/\\\/continuamosmx.com\\\/index.php\\\/2026\\\/08\\\/31\\\/impulsa-nicolas-romero-la-educacion-como-mas-alta-prioridad-municipal\\\/\"]}]},{\"@type\":\"ImageObject\",\"inLanguage\":\"es\",\"@id\":\"https:\\\/\\\/continuamosmx.com\\\/index.php\\\/2026\\\/08\\\/31\\\/impulsa-nicolas-romero-la-educacion-como-mas-alta-prioridad-municipal\\\/#primaryimage\",\"url\":\"https:\\\/\\\/continuamosmx.com\\\/wp-content\\\/uploads\\\/2026\\\/08\\\/WhatsApp-Image-2026-08-31-at-5.37.31-PM.jpeg\",\"contentUrl\":\"https:\\\/\\\/continuamosmx.com\\\/wp-content\\\/uploads\\\/2026\\\/08\\\/WhatsApp-Image-2026-08-31-at-5.37.31-PM.jpeg\",\"width\":1280,\"height\":916},{\"@type\":\"BreadcrumbList\",\"@id\":\"https:\\\/\\\/continuamosmx.com\\\/index.php\\\/2026\\\/08\\\/31\\\/impulsa-nicolas-romero-la-educacion-como-mas-alta-prioridad-municipal\\\/#breadcrumb\",\"itemListElement\":[{\"@type\":\"ListItem\",\"position\":1,\"name\":\"Inicio\",\"item\":\"https:\\\/\\\/continuamosmx.com\\\/\"},{\"@type\":\"ListItem\",\"position\":2,\"name\":\"IMPULSA NICOL\u00c1S ROMERO LA EDUCACI\u00d3N COMO M\u00c1S ALTA PRIORIDAD MUNICIPAL\"}]},{\"@type\":\"WebSite\",\"@id\":\"https:\\\/\\\/continuamosmx.com\\\/#website\",\"url\":\"https:\\\/\\\/continuamosmx.com\\\/\",\"name\":\"www.continuamosmx.com\",\"description\":\"\",\"publisher\":{\"@id\":\"https:\\\/\\\/continuamosmx.com\\\/#organization\"},\"potentialAction\":[{\"@type\":\"SearchAction\",\"target\":{\"@type\":\"EntryPoint\",\"urlTemplate\":\"https:\\\/\\\/continuamosmx.com\\\/?s={search_term_string}\"},\"query-input\":{\"@type\":\"PropertyValueSpecification\",\"valueRequired\":true,\"valueName\":\"search_term_string\"}}],\"inLanguage\":\"es\"},{\"@type\":\"Organization\",\"@id\":\"https:\\\/\\\/continuamosmx.com\\\/#organization\",\"name\":\"ContinuamosMX\",\"url\":\"https:\\\/\\\/continuamosmx.com\\\/\",\"logo\":{\"@type\":\"ImageObject\",\"inLanguage\":\"es\",\"@id\":\"https:\\\/\\\/continuamosmx.com\\\/#\\\/schema\\\/logo\\\/image\\\/\",\"url\":\"https:\\\/\\\/continuamosmx.com\\\/wp-content\\\/uploads\\\/2023\\\/04\\\/cropped-LOGO-CONTI-NUEVO.png\",\"contentUrl\":\"https:\\\/\\\/continuamosmx.com\\\/wp-content\\\/uploads\\\/2023\\\/04\\\/cropped-LOGO-CONTI-NUEVO.png\",\"width\":1257,\"height\":430,\"caption\":\"ContinuamosMX\"},\"image\":{\"@id\":\"https:\\\/\\\/continuamosmx.com\\\/#\\\/schema\\\/logo\\\/image\\\/\"}},{\"@type\":\"Person\",\"@id\":\"https:\\\/\\\/continuamosmx.com\\\/#\\\/schema\\\/person\\\/5eb5356acb1fad784da407d14f0e8d89\",\"name\":\"Continuamos MX\",\"image\":{\"@type\":\"ImageObject\",\"inLanguage\":\"es\",\"@id\":\"https:\\\/\\\/secure.gravatar.com\\\/avatar\\\/30d4f9723476a15f4da34d35fb3501f08d2357016c76051c6a85c354c7489589?s=96&d=mm&r=g\",\"url\":\"https:\\\/\\\/secure.gravatar.com\\\/avatar\\\/30d4f9723476a15f4da34d35fb3501f08d2357016c76051c6a85c354c7489589?s=96&d=mm&r=g\",\"contentUrl\":\"https:\\\/\\\/secure.gravatar.com\\\/avatar\\\/30d4f9723476a15f4da34d35fb3501f08d2357016c76051c6a85c354c7489589?s=96&d=mm&r=g\",\"caption\":\"Continuamos MX\"},\"sameAs\":[\"http:\\\/\\\/www.continuamos.mx\"],\"url\":\"https:\\\/\\\/continuamosmx.com\\\/index.php\\\/author\\\/continuamos\\\/\"}]}<\/script>\n<!-- \/ Yoast SEO plugin. -->","yoast_head_json":{"title":"IMPULSA NICOL\u00c1S ROMERO LA EDUCACI\u00d3N COMO M\u00c1S ALTA PRIORIDAD MUNICIPAL -","robots":{"index":"index","follow":"follow","max-snippet":"max-snippet:-1","max-image-preview":"max-image-preview:large","max-video-preview":"max-video-preview:-1"},"canonical":"https:\/\/continuamosmx.com\/index.php\/2026\/08\/31\/impulsa-nicolas-romero-la-educacion-como-mas-alta-prioridad-municipal\/","og_locale":"es_ES","og_type":"article","og_title":"IMPULSA NICOL\u00c1S ROMERO LA EDUCACI\u00d3N COMO M\u00c1S ALTA PRIORIDAD MUNICIPAL -","og_description":"La alcaldesa Yoselin Mendoza encabeza el inicio del ciclo escolar 2026-2027 y anuncia la llegada de la Universidad Rosario Castellanos Como invitada de honor en la inauguraci\u00f3n del ciclo escolar 2026-2027 en el campus 152 de la Universidad Pedag\u00f3gica Nacional (UPN), la alcaldesa Yoselin Mendoza refrend\u00f3 su compromiso absoluto con la educaci\u00f3n y destac\u00f3 el [&hellip;]","og_url":"https:\/\/continuamosmx.com\/index.php\/2026\/08\/31\/impulsa-nicolas-romero-la-educacion-como-mas-alta-prioridad-municipal\/","article_published_time":"2026-09-01T00:26:06+00:00","article_modified_time":"2026-09-01T00:26:07+00:00","og_image":[{"width":1280,"height":916,"url":"https:\/\/continuamosmx.com\/wp-content\/uploads\/2026\/08\/WhatsApp-Image-2026-08-31-at-5.37.31-PM.jpeg","type":"image\/jpeg"}],"author":"Continuamos MX","twitter_card":"summary_large_image","twitter_misc":{"Escrito por":"Continuamos MX","Tiempo de lectura":"2 minutos"},"schema":{"@context":"https:\/\/schema.org","@graph":[{"@type":"Article","@id":"https:\/\/continuamosmx.com\/index.php\/2026\/08\/31\/impulsa-nicolas-romero-la-educacion-como-mas-alta-prioridad-municipal\/#article","isPartOf":{"@id":"https:\/\/continuamosmx.com\/index.php\/2026\/08\/31\/impulsa-nicolas-romero-la-educacion-como-mas-alta-prioridad-municipal\/"},"author":{"name":"Continuamos MX","@id":"https:\/\/continuamosmx.com\/#\/schema\/person\/5eb5356acb1fad784da407d14f0e8d89"},"headline":"IMPULSA NICOL\u00c1S ROMERO LA EDUCACI\u00d3N COMO M\u00c1S ALTA PRIORIDAD MUNICIPAL","datePublished":"2026-09-01T00:26:06+00:00","dateModified":"2026-09-01T00:26:07+00:00","mainEntityOfPage":{"@id":"https:\/\/continuamosmx.com\/index.php\/2026\/08\/31\/impulsa-nicolas-romero-la-educacion-como-mas-alta-prioridad-municipal\/"},"wordCount":237,"publisher":{"@id":"https:\/\/continuamosmx.com\/#organization"},"image":{"@id":"https:\/\/continuamosmx.com\/index.php\/2026\/08\/31\/impulsa-nicolas-romero-la-educacion-como-mas-alta-prioridad-municipal\/#primaryimage"},"thumbnailUrl":"https:\/\/continuamosmx.com\/wp-content\/uploads\/2026\/08\/WhatsApp-Image-2026-08-31-at-5.37.31-PM.jpeg","articleSection":["LOCALES","NICOL\u00c1S ROMERO"],"inLanguage":"es"},{"@type":"WebPage","@id":"https:\/\/continuamosmx.com\/index.php\/2026\/08\/31\/impulsa-nicolas-romero-la-educacion-como-mas-alta-prioridad-municipal\/","url":"https:\/\/continuamosmx.com\/index.php\/2026\/08\/31\/impulsa-nicolas-romero-la-educacion-como-mas-alta-prioridad-municipal\/","name":"IMPULSA NICOL\u00c1S ROMERO LA EDUCACI\u00d3N COMO M\u00c1S ALTA PRIORIDAD MUNICIPAL -","isPartOf":{"@id":"https:\/\/continuamosmx.com\/#website"},"primaryImageOfPage":{"@id":"https:\/\/continuamosmx.com\/index.php\/2026\/08\/31\/impulsa-nicolas-romero-la-educacion-como-mas-alta-prioridad-municipal\/#primaryimage"},"image":{"@id":"https:\/\/continuamosmx.com\/index.php\/2026\/08\/31\/impulsa-nicolas-romero-la-educacion-como-mas-alta-prioridad-municipal\/#primaryimage"},"thumbnailUrl":"https:\/\/continuamosmx.com\/wp-content\/uploads\/2026\/08\/WhatsApp-Image-2026-08-31-at-5.37.31-PM.jpeg","datePublished":"2026-09-01T00:26:06+00:00","dateModified":"2026-09-01T00:26:07+00:00","breadcrumb":{"@id":"https:\/\/continuamosmx.com\/index.php\/2026\/08\/31\/impulsa-nicolas-romero-la-educacion-como-mas-alta-prioridad-municipal\/#breadcrumb"},"inLanguage":"es","potentialAction":[{"@type":"ReadAction","target":["https:\/\/continuamosmx.com\/index.php\/2026\/08\/31\/impulsa-nicolas-romero-la-educacion-como-mas-alta-prioridad-municipal\/"]}]},{"@type":"ImageObject","inLanguage":"es","@id":"https:\/\/continuamosmx.com\/index.php\/2026\/08\/31\/impulsa-nicolas-romero-la-educacion-como-mas-alta-prioridad-municipal\/#primaryimage","url":"https:\/\/continuamosmx.com\/wp-content\/uploads\/2026\/08\/WhatsApp-Image-2026-08-31-at-5.37.31-PM.jpeg","contentUrl":"https:\/\/continuamosmx.com\/wp-content\/uploads\/2026\/08\/WhatsApp-Image-2026-08-31-at-5.37.31-PM.jpeg","width":1280,"height":916},{"@type":"BreadcrumbList","@id":"https:\/\/continuamosmx.com\/index.php\/2026\/08\/31\/impulsa-nicolas-romero-la-educacion-como-mas-alta-prioridad-municipal\/#breadcrumb","itemListElement":[{"@type":"ListItem","position":1,"name":"Inicio","item":"https:\/\/continuamosmx.com\/"},{"@type":"ListItem","position":2,"name":"IMPULSA NICOL\u00c1S ROMERO LA EDUCACI\u00d3N COMO M\u00c1S ALTA PRIORIDAD MUNICIPAL"}]},{"@type":"WebSite","@id":"https:\/\/continuamosmx.com\/#website","url":"https:\/\/continuamosmx.com\/","name":"www.continuamosmx.com","description":"","publisher":{"@id":"https:\/\/continuamosmx.com\/#organization"},"potentialAction":[{"@type":"SearchAction","target":{"@type":"EntryPoint","urlTemplate":"https:\/\/continuamosmx.com\/?s={search_term_string}"},"query-input":{"@type":"PropertyValueSpecification","valueRequired":true,"valueName":"search_term_string"}}],"inLanguage":"es"},{"@type":"Organization","@id":"https:\/\/continuamosmx.com\/#organization","name":"ContinuamosMX","url":"https:\/\/continuamosmx.com\/","logo":{"@type":"ImageObject","inLanguage":"es","@id":"https:\/\/continuamosmx.com\/#\/schema\/logo\/image\/","url":"https:\/\/continuamosmx.com\/wp-content\/uploads\/2023\/04\/cropped-LOGO-CONTI-NUEVO.png","contentUrl":"https:\/\/continuamosmx.com\/wp-content\/uploads\/2023\/04\/cropped-LOGO-CONTI-NUEVO.png","width":1257,"height":430,"caption":"ContinuamosMX"},"image":{"@id":"https:\/\/continuamosmx.com\/#\/schema\/logo\/image\/"}},{"@type":"Person","@id":"https:\/\/continuamosmx.com\/#\/schema\/person\/5eb5356acb1fad784da407d14f0e8d89","name":"Continuamos MX","image":{"@type":"ImageObject","inLanguage":"es","@id":"https:\/\/secure.gravatar.com\/avatar\/30d4f9723476a15f4da34d35fb3501f08d2357016c76051c6a85c354c7489589?s=96&d=mm&r=g","url":"https:\/\/secure.gravatar.com\/avatar\/30d4f9723476a15f4da34d35fb3501f08d2357016c76051c6a85c354c7489589?s=96&d=mm&r=g","contentUrl":"https:\/\/secure.gravatar.com\/avatar\/30d4f9723476a15f4da34d35fb3501f08d2357016c76051c6a85c354c7489589?s=96&d=mm&r=g","caption":"Continuamos MX"},"sameAs":["http:\/\/www.continuamos.mx"],"url":"https:\/\/continuamosmx.com\/index.php\/author\/continuamos\/"}]}},"_links":{"self":[{"href":"https:\/\/continuamosmx.com\/index.php\/wp-json\/wp\/v2\/posts\/58134","targetHints":{"allow":["GET"]}}],"collection":[{"href":"https:\/\/continuamosmx.com\/index.php\/wp-json\/wp\/v2\/posts"}],"about":[{"href":"https:\/\/continuamosmx.com\/index.php\/wp-json\/wp\/v2\/types\/post"}],"author":[{"embeddable":true,"href":"https:\/\/continuamosmx.com\/index.php\/wp-json\/wp\/v2\/users\/6"}],"replies":[{"embeddable":true,"href":"https:\/\/continuamosmx.com\/index.php\/wp-json\/wp\/v2\/comments?post=58134"}],"version-history":[{"count":1,"href":"https:\/\/continuamosmx.com\/index.php\/wp-json\/wp\/v2\/posts\/58134\/revisions"}],"predecessor-version":[{"id":58136,"href":"https:\/\/continuamosmx.com\/index.php\/wp-json\/wp\/v2\/posts\/58134\/revisions\/58136"}],"wp:featuredmedia":[{"embeddable":true,"href":"https:\/\/continuamosmx.com\/index.php\/wp-json\/wp\/v2\/media\/58135"}],"wp:attachment":[{"href":"https:\/\/continuamosmx.com\/index.php\/wp-json\/wp\/v2\/media?parent=58134"}],"wp:term":[{"taxonomy":"category","embeddable":true,"href":"https:\/\/continuamosmx.com\/index.php\/wp-json\/wp\/v2\/categories?post=58134"},{"taxonomy":"post_tag","embeddable":true,"href":"https:\/\/continuamosmx.com\/index.php\/wp-json\/wp\/v2\/tags?post=58134"}],"curies":[{"name":"wp","href":"https:\/\/api.w.org\/{rel}","templated":true}]}}