{"id":58131,"date":"2026-08-31T18:22:02","date_gmt":"2026-09-01T00:22:02","guid":{"rendered":"https:\/\/continuamosmx.com\/?p=58131"},"modified":"2026-08-31T18:22:03","modified_gmt":"2026-09-01T00:22:03","slug":"inicia-con-exito-el-ciclo-escolar-2026-2027-en-el-estado-de-mexico-con-operativo-de-seguridad","status":"publish","type":"post","link":"https:\/\/continuamosmx.com\/index.php\/2026\/08\/31\/inicia-con-exito-el-ciclo-escolar-2026-2027-en-el-estado-de-mexico-con-operativo-de-seguridad\/","title":{"rendered":"INICIA CON \u00c9XITO EL CICLO ESCOLAR 2026-2027 EN EL ESTADO DE M\u00c9XICO CON OPERATIVO DE SEGURIDAD"},"content":{"rendered":"\n<p class=\"wp-block-paragraph\">*<strong>M\u00e1s de 4.2 millones de estudiantes y 259 mil docentes regresaron a las aulas bajo la vigilancia de fuerzas estatales y herramientas tecnol\u00f3gicas<\/strong><\/p>\n\n\n\n<p class=\"wp-block-paragraph\">El Estado de M\u00e9xico dio inicio al Ciclo Escolar 2026-2027 con el regreso seguro a las aulas de m\u00e1s de 4.2 millones de estudiantes distribuidos en 24 mil 972 escuelas de la entidad. Para garantizar la integridad de la comunidad escolar, el Gobierno de la Maestra Delfina G\u00f3mez \u00c1lvarez dispuso un operativo integral de seguridad que protege a los alumnos, a 259 mil 595 docentes, as\u00ed como a madres y padres de familia.<\/p>\n\n\n\n<p class=\"wp-block-paragraph\">La Gobernadora Delfina G\u00f3mez encabez\u00f3 el arranque de este periodo escolar desde la Escuela Primaria \u201cCuauht\u00e9moc\u201d, ubicada en el municipio de Xalatlaco. Como parte del despliegue operativo, la Secretar\u00eda de Seguridad del Estado de M\u00e9xico moviliz\u00f3 desde las 6:00 horas a mil 378 elementos y 413 unidades para efectuar patrullajes preventivos, vigilancia y cortes viales en las inmediaciones de los planteles educativos.<\/p>\n\n\n\n<p class=\"wp-block-paragraph\">Para fortalecer estas labores de protecci\u00f3n, el dispositivo se apoya en 20 mil c\u00e1maras de videovigilancia conectadas a los Centros C5 de Toluca y Ecatepec. Adicionalmente, se integraron 25 binomios caninos para tareas de inspecci\u00f3n en las periferias escolares y 25 binomios equinos encargados de la vigilancia en zonas de dif\u00edcil acceso.<\/p>\n\n\n\n<p class=\"wp-block-paragraph\">Finalmente, la estrategia se complementa con la permanencia del programa \u00abMochila de Paz\u00bb durante todo el ciclo escolar, una medida preventiva orientada a propiciar entornos seguros y fomentar el bienestar de las comunidades educativas en territorio mexiquense.<\/p>\n","protected":false},"excerpt":{"rendered":"<p>*M\u00e1s de 4.2 millones de estudiantes y 259 mil docentes regresaron a las aulas bajo la vigilancia de fuerzas estatales y herramientas tecnol\u00f3gicas El Estado de M\u00e9xico dio inicio al Ciclo Escolar 2026-2027 con el regreso seguro a las aulas de m\u00e1s de 4.2 millones de estudiantes distribuidos en 24 mil 972 escuelas de la [&hellip;]<\/p>\n","protected":false},"author":6,"featured_media":58132,"comment_status":"closed","ping_status":"closed","sticky":false,"template":"","format":"standard","meta":{"footnotes":""},"categories":[2],"tags":[],"class_list":["post-58131","post","type-post","status-publish","format-standard","has-post-thumbnail","hentry","category-edomex"],"yoast_head":"<!-- This site is optimized with the Yoast SEO plugin v28.3 - https:\/\/yoast.com\/product\/yoast-seo-wordpress\/ -->\n<title>INICIA CON \u00c9XITO EL CICLO ESCOLAR 2026-2027 EN EL ESTADO DE M\u00c9XICO CON OPERATIVO DE SEGURIDAD -<\/title>\n<meta name=\"robots\" content=\"index, follow, max-snippet:-1, max-image-preview:large, max-video-preview:-1\" \/>\n<link rel=\"canonical\" href=\"https:\/\/continuamosmx.com\/index.php\/2026\/08\/31\/inicia-con-exito-el-ciclo-escolar-2026-2027-en-el-estado-de-mexico-con-operativo-de-seguridad\/\" \/>\n<meta property=\"og:locale\" content=\"es_ES\" \/>\n<meta property=\"og:type\" content=\"article\" \/>\n<meta property=\"og:title\" content=\"INICIA CON \u00c9XITO EL CICLO ESCOLAR 2026-2027 EN EL ESTADO DE M\u00c9XICO CON OPERATIVO DE SEGURIDAD -\" \/>\n<meta property=\"og:description\" content=\"*M\u00e1s de 4.2 millones de estudiantes y 259 mil docentes regresaron a las aulas bajo la vigilancia de fuerzas estatales y herramientas tecnol\u00f3gicas El Estado de M\u00e9xico dio inicio al Ciclo Escolar 2026-2027 con el regreso seguro a las aulas de m\u00e1s de 4.2 millones de estudiantes distribuidos en 24 mil 972 escuelas de la [&hellip;]\" \/>\n<meta property=\"og:url\" content=\"https:\/\/continuamosmx.com\/index.php\/2026\/08\/31\/inicia-con-exito-el-ciclo-escolar-2026-2027-en-el-estado-de-mexico-con-operativo-de-seguridad\/\" \/>\n<meta property=\"article:published_time\" content=\"2026-09-01T00:22:02+00:00\" \/>\n<meta property=\"article:modified_time\" content=\"2026-09-01T00:22:03+00:00\" \/>\n<meta property=\"og:image\" content=\"https:\/\/continuamosmx.com\/wp-content\/uploads\/2026\/08\/clases-don.png\" \/>\n\t<meta property=\"og:image:width\" content=\"777\" \/>\n\t<meta property=\"og:image:height\" content=\"521\" \/>\n\t<meta property=\"og:image:type\" content=\"image\/png\" \/>\n<meta name=\"author\" content=\"Continuamos MX\" \/>\n<meta name=\"twitter:card\" content=\"summary_large_image\" \/>\n<meta name=\"twitter:label1\" content=\"Escrito por\" \/>\n\t<meta name=\"twitter:data1\" content=\"Continuamos MX\" \/>\n\t<meta name=\"twitter:label2\" content=\"Tiempo de lectura\" \/>\n\t<meta name=\"twitter:data2\" content=\"2 minutos\" \/>\n<script type=\"application\/ld+json\" class=\"yoast-schema-graph\">{\"@context\":\"https:\\\/\\\/schema.org\",\"@graph\":[{\"@type\":\"Article\",\"@id\":\"https:\\\/\\\/continuamosmx.com\\\/index.php\\\/2026\\\/08\\\/31\\\/inicia-con-exito-el-ciclo-escolar-2026-2027-en-el-estado-de-mexico-con-operativo-de-seguridad\\\/#article\",\"isPartOf\":{\"@id\":\"https:\\\/\\\/continuamosmx.com\\\/index.php\\\/2026\\\/08\\\/31\\\/inicia-con-exito-el-ciclo-escolar-2026-2027-en-el-estado-de-mexico-con-operativo-de-seguridad\\\/\"},\"author\":{\"name\":\"Continuamos MX\",\"@id\":\"https:\\\/\\\/continuamosmx.com\\\/#\\\/schema\\\/person\\\/5eb5356acb1fad784da407d14f0e8d89\"},\"headline\":\"INICIA CON \u00c9XITO EL CICLO ESCOLAR 2026-2027 EN EL ESTADO DE M\u00c9XICO CON OPERATIVO DE SEGURIDAD\",\"datePublished\":\"2026-09-01T00:22:02+00:00\",\"dateModified\":\"2026-09-01T00:22:03+00:00\",\"mainEntityOfPage\":{\"@id\":\"https:\\\/\\\/continuamosmx.com\\\/index.php\\\/2026\\\/08\\\/31\\\/inicia-con-exito-el-ciclo-escolar-2026-2027-en-el-estado-de-mexico-con-operativo-de-seguridad\\\/\"},\"wordCount\":264,\"publisher\":{\"@id\":\"https:\\\/\\\/continuamosmx.com\\\/#organization\"},\"image\":{\"@id\":\"https:\\\/\\\/continuamosmx.com\\\/index.php\\\/2026\\\/08\\\/31\\\/inicia-con-exito-el-ciclo-escolar-2026-2027-en-el-estado-de-mexico-con-operativo-de-seguridad\\\/#primaryimage\"},\"thumbnailUrl\":\"https:\\\/\\\/continuamosmx.com\\\/wp-content\\\/uploads\\\/2026\\\/08\\\/clases-don.png\",\"articleSection\":[\"EDOMEX\"],\"inLanguage\":\"es\"},{\"@type\":\"WebPage\",\"@id\":\"https:\\\/\\\/continuamosmx.com\\\/index.php\\\/2026\\\/08\\\/31\\\/inicia-con-exito-el-ciclo-escolar-2026-2027-en-el-estado-de-mexico-con-operativo-de-seguridad\\\/\",\"url\":\"https:\\\/\\\/continuamosmx.com\\\/index.php\\\/2026\\\/08\\\/31\\\/inicia-con-exito-el-ciclo-escolar-2026-2027-en-el-estado-de-mexico-con-operativo-de-seguridad\\\/\",\"name\":\"INICIA CON \u00c9XITO EL CICLO ESCOLAR 2026-2027 EN EL ESTADO DE M\u00c9XICO CON OPERATIVO DE SEGURIDAD -\",\"isPartOf\":{\"@id\":\"https:\\\/\\\/continuamosmx.com\\\/#website\"},\"primaryImageOfPage\":{\"@id\":\"https:\\\/\\\/continuamosmx.com\\\/index.php\\\/2026\\\/08\\\/31\\\/inicia-con-exito-el-ciclo-escolar-2026-2027-en-el-estado-de-mexico-con-operativo-de-seguridad\\\/#primaryimage\"},\"image\":{\"@id\":\"https:\\\/\\\/continuamosmx.com\\\/index.php\\\/2026\\\/08\\\/31\\\/inicia-con-exito-el-ciclo-escolar-2026-2027-en-el-estado-de-mexico-con-operativo-de-seguridad\\\/#primaryimage\"},\"thumbnailUrl\":\"https:\\\/\\\/continuamosmx.com\\\/wp-content\\\/uploads\\\/2026\\\/08\\\/clases-don.png\",\"datePublished\":\"2026-09-01T00:22:02+00:00\",\"dateModified\":\"2026-09-01T00:22:03+00:00\",\"breadcrumb\":{\"@id\":\"https:\\\/\\\/continuamosmx.com\\\/index.php\\\/2026\\\/08\\\/31\\\/inicia-con-exito-el-ciclo-escolar-2026-2027-en-el-estado-de-mexico-con-operativo-de-seguridad\\\/#breadcrumb\"},\"inLanguage\":\"es\",\"potentialAction\":[{\"@type\":\"ReadAction\",\"target\":[\"https:\\\/\\\/continuamosmx.com\\\/index.php\\\/2026\\\/08\\\/31\\\/inicia-con-exito-el-ciclo-escolar-2026-2027-en-el-estado-de-mexico-con-operativo-de-seguridad\\\/\"]}]},{\"@type\":\"ImageObject\",\"inLanguage\":\"es\",\"@id\":\"https:\\\/\\\/continuamosmx.com\\\/index.php\\\/2026\\\/08\\\/31\\\/inicia-con-exito-el-ciclo-escolar-2026-2027-en-el-estado-de-mexico-con-operativo-de-seguridad\\\/#primaryimage\",\"url\":\"https:\\\/\\\/continuamosmx.com\\\/wp-content\\\/uploads\\\/2026\\\/08\\\/clases-don.png\",\"contentUrl\":\"https:\\\/\\\/continuamosmx.com\\\/wp-content\\\/uploads\\\/2026\\\/08\\\/clases-don.png\",\"width\":777,\"height\":521},{\"@type\":\"BreadcrumbList\",\"@id\":\"https:\\\/\\\/continuamosmx.com\\\/index.php\\\/2026\\\/08\\\/31\\\/inicia-con-exito-el-ciclo-escolar-2026-2027-en-el-estado-de-mexico-con-operativo-de-seguridad\\\/#breadcrumb\",\"itemListElement\":[{\"@type\":\"ListItem\",\"position\":1,\"name\":\"Inicio\",\"item\":\"https:\\\/\\\/continuamosmx.com\\\/\"},{\"@type\":\"ListItem\",\"position\":2,\"name\":\"INICIA CON \u00c9XITO EL CICLO ESCOLAR 2026-2027 EN EL ESTADO DE M\u00c9XICO CON OPERATIVO DE SEGURIDAD\"}]},{\"@type\":\"WebSite\",\"@id\":\"https:\\\/\\\/continuamosmx.com\\\/#website\",\"url\":\"https:\\\/\\\/continuamosmx.com\\\/\",\"name\":\"www.continuamosmx.com\",\"description\":\"\",\"publisher\":{\"@id\":\"https:\\\/\\\/continuamosmx.com\\\/#organization\"},\"potentialAction\":[{\"@type\":\"SearchAction\",\"target\":{\"@type\":\"EntryPoint\",\"urlTemplate\":\"https:\\\/\\\/continuamosmx.com\\\/?s={search_term_string}\"},\"query-input\":{\"@type\":\"PropertyValueSpecification\",\"valueRequired\":true,\"valueName\":\"search_term_string\"}}],\"inLanguage\":\"es\"},{\"@type\":\"Organization\",\"@id\":\"https:\\\/\\\/continuamosmx.com\\\/#organization\",\"name\":\"ContinuamosMX\",\"url\":\"https:\\\/\\\/continuamosmx.com\\\/\",\"logo\":{\"@type\":\"ImageObject\",\"inLanguage\":\"es\",\"@id\":\"https:\\\/\\\/continuamosmx.com\\\/#\\\/schema\\\/logo\\\/image\\\/\",\"url\":\"https:\\\/\\\/continuamosmx.com\\\/wp-content\\\/uploads\\\/2023\\\/04\\\/cropped-LOGO-CONTI-NUEVO.png\",\"contentUrl\":\"https:\\\/\\\/continuamosmx.com\\\/wp-content\\\/uploads\\\/2023\\\/04\\\/cropped-LOGO-CONTI-NUEVO.png\",\"width\":1257,\"height\":430,\"caption\":\"ContinuamosMX\"},\"image\":{\"@id\":\"https:\\\/\\\/continuamosmx.com\\\/#\\\/schema\\\/logo\\\/image\\\/\"}},{\"@type\":\"Person\",\"@id\":\"https:\\\/\\\/continuamosmx.com\\\/#\\\/schema\\\/person\\\/5eb5356acb1fad784da407d14f0e8d89\",\"name\":\"Continuamos MX\",\"image\":{\"@type\":\"ImageObject\",\"inLanguage\":\"es\",\"@id\":\"https:\\\/\\\/secure.gravatar.com\\\/avatar\\\/30d4f9723476a15f4da34d35fb3501f08d2357016c76051c6a85c354c7489589?s=96&d=mm&r=g\",\"url\":\"https:\\\/\\\/secure.gravatar.com\\\/avatar\\\/30d4f9723476a15f4da34d35fb3501f08d2357016c76051c6a85c354c7489589?s=96&d=mm&r=g\",\"contentUrl\":\"https:\\\/\\\/secure.gravatar.com\\\/avatar\\\/30d4f9723476a15f4da34d35fb3501f08d2357016c76051c6a85c354c7489589?s=96&d=mm&r=g\",\"caption\":\"Continuamos MX\"},\"sameAs\":[\"http:\\\/\\\/www.continuamos.mx\"],\"url\":\"https:\\\/\\\/continuamosmx.com\\\/index.php\\\/author\\\/continuamos\\\/\"}]}<\/script>\n<!-- \/ Yoast SEO plugin. -->","yoast_head_json":{"title":"INICIA CON \u00c9XITO EL CICLO ESCOLAR 2026-2027 EN EL ESTADO DE M\u00c9XICO CON OPERATIVO DE SEGURIDAD -","robots":{"index":"index","follow":"follow","max-snippet":"max-snippet:-1","max-image-preview":"max-image-preview:large","max-video-preview":"max-video-preview:-1"},"canonical":"https:\/\/continuamosmx.com\/index.php\/2026\/08\/31\/inicia-con-exito-el-ciclo-escolar-2026-2027-en-el-estado-de-mexico-con-operativo-de-seguridad\/","og_locale":"es_ES","og_type":"article","og_title":"INICIA CON \u00c9XITO EL CICLO ESCOLAR 2026-2027 EN EL ESTADO DE M\u00c9XICO CON OPERATIVO DE SEGURIDAD -","og_description":"*M\u00e1s de 4.2 millones de estudiantes y 259 mil docentes regresaron a las aulas bajo la vigilancia de fuerzas estatales y herramientas tecnol\u00f3gicas El Estado de M\u00e9xico dio inicio al Ciclo Escolar 2026-2027 con el regreso seguro a las aulas de m\u00e1s de 4.2 millones de estudiantes distribuidos en 24 mil 972 escuelas de la [&hellip;]","og_url":"https:\/\/continuamosmx.com\/index.php\/2026\/08\/31\/inicia-con-exito-el-ciclo-escolar-2026-2027-en-el-estado-de-mexico-con-operativo-de-seguridad\/","article_published_time":"2026-09-01T00:22:02+00:00","article_modified_time":"2026-09-01T00:22:03+00:00","og_image":[{"width":777,"height":521,"url":"https:\/\/continuamosmx.com\/wp-content\/uploads\/2026\/08\/clases-don.png","type":"image\/png"}],"author":"Continuamos MX","twitter_card":"summary_large_image","twitter_misc":{"Escrito por":"Continuamos MX","Tiempo de lectura":"2 minutos"},"schema":{"@context":"https:\/\/schema.org","@graph":[{"@type":"Article","@id":"https:\/\/continuamosmx.com\/index.php\/2026\/08\/31\/inicia-con-exito-el-ciclo-escolar-2026-2027-en-el-estado-de-mexico-con-operativo-de-seguridad\/#article","isPartOf":{"@id":"https:\/\/continuamosmx.com\/index.php\/2026\/08\/31\/inicia-con-exito-el-ciclo-escolar-2026-2027-en-el-estado-de-mexico-con-operativo-de-seguridad\/"},"author":{"name":"Continuamos MX","@id":"https:\/\/continuamosmx.com\/#\/schema\/person\/5eb5356acb1fad784da407d14f0e8d89"},"headline":"INICIA CON \u00c9XITO EL CICLO ESCOLAR 2026-2027 EN EL ESTADO DE M\u00c9XICO CON OPERATIVO DE SEGURIDAD","datePublished":"2026-09-01T00:22:02+00:00","dateModified":"2026-09-01T00:22:03+00:00","mainEntityOfPage":{"@id":"https:\/\/continuamosmx.com\/index.php\/2026\/08\/31\/inicia-con-exito-el-ciclo-escolar-2026-2027-en-el-estado-de-mexico-con-operativo-de-seguridad\/"},"wordCount":264,"publisher":{"@id":"https:\/\/continuamosmx.com\/#organization"},"image":{"@id":"https:\/\/continuamosmx.com\/index.php\/2026\/08\/31\/inicia-con-exito-el-ciclo-escolar-2026-2027-en-el-estado-de-mexico-con-operativo-de-seguridad\/#primaryimage"},"thumbnailUrl":"https:\/\/continuamosmx.com\/wp-content\/uploads\/2026\/08\/clases-don.png","articleSection":["EDOMEX"],"inLanguage":"es"},{"@type":"WebPage","@id":"https:\/\/continuamosmx.com\/index.php\/2026\/08\/31\/inicia-con-exito-el-ciclo-escolar-2026-2027-en-el-estado-de-mexico-con-operativo-de-seguridad\/","url":"https:\/\/continuamosmx.com\/index.php\/2026\/08\/31\/inicia-con-exito-el-ciclo-escolar-2026-2027-en-el-estado-de-mexico-con-operativo-de-seguridad\/","name":"INICIA CON \u00c9XITO EL CICLO ESCOLAR 2026-2027 EN EL ESTADO DE M\u00c9XICO CON OPERATIVO DE SEGURIDAD -","isPartOf":{"@id":"https:\/\/continuamosmx.com\/#website"},"primaryImageOfPage":{"@id":"https:\/\/continuamosmx.com\/index.php\/2026\/08\/31\/inicia-con-exito-el-ciclo-escolar-2026-2027-en-el-estado-de-mexico-con-operativo-de-seguridad\/#primaryimage"},"image":{"@id":"https:\/\/continuamosmx.com\/index.php\/2026\/08\/31\/inicia-con-exito-el-ciclo-escolar-2026-2027-en-el-estado-de-mexico-con-operativo-de-seguridad\/#primaryimage"},"thumbnailUrl":"https:\/\/continuamosmx.com\/wp-content\/uploads\/2026\/08\/clases-don.png","datePublished":"2026-09-01T00:22:02+00:00","dateModified":"2026-09-01T00:22:03+00:00","breadcrumb":{"@id":"https:\/\/continuamosmx.com\/index.php\/2026\/08\/31\/inicia-con-exito-el-ciclo-escolar-2026-2027-en-el-estado-de-mexico-con-operativo-de-seguridad\/#breadcrumb"},"inLanguage":"es","potentialAction":[{"@type":"ReadAction","target":["https:\/\/continuamosmx.com\/index.php\/2026\/08\/31\/inicia-con-exito-el-ciclo-escolar-2026-2027-en-el-estado-de-mexico-con-operativo-de-seguridad\/"]}]},{"@type":"ImageObject","inLanguage":"es","@id":"https:\/\/continuamosmx.com\/index.php\/2026\/08\/31\/inicia-con-exito-el-ciclo-escolar-2026-2027-en-el-estado-de-mexico-con-operativo-de-seguridad\/#primaryimage","url":"https:\/\/continuamosmx.com\/wp-content\/uploads\/2026\/08\/clases-don.png","contentUrl":"https:\/\/continuamosmx.com\/wp-content\/uploads\/2026\/08\/clases-don.png","width":777,"height":521},{"@type":"BreadcrumbList","@id":"https:\/\/continuamosmx.com\/index.php\/2026\/08\/31\/inicia-con-exito-el-ciclo-escolar-2026-2027-en-el-estado-de-mexico-con-operativo-de-seguridad\/#breadcrumb","itemListElement":[{"@type":"ListItem","position":1,"name":"Inicio","item":"https:\/\/continuamosmx.com\/"},{"@type":"ListItem","position":2,"name":"INICIA CON \u00c9XITO EL CICLO ESCOLAR 2026-2027 EN EL ESTADO DE M\u00c9XICO CON OPERATIVO DE SEGURIDAD"}]},{"@type":"WebSite","@id":"https:\/\/continuamosmx.com\/#website","url":"https:\/\/continuamosmx.com\/","name":"www.continuamosmx.com","description":"","publisher":{"@id":"https:\/\/continuamosmx.com\/#organization"},"potentialAction":[{"@type":"SearchAction","target":{"@type":"EntryPoint","urlTemplate":"https:\/\/continuamosmx.com\/?s={search_term_string}"},"query-input":{"@type":"PropertyValueSpecification","valueRequired":true,"valueName":"search_term_string"}}],"inLanguage":"es"},{"@type":"Organization","@id":"https:\/\/continuamosmx.com\/#organization","name":"ContinuamosMX","url":"https:\/\/continuamosmx.com\/","logo":{"@type":"ImageObject","inLanguage":"es","@id":"https:\/\/continuamosmx.com\/#\/schema\/logo\/image\/","url":"https:\/\/continuamosmx.com\/wp-content\/uploads\/2023\/04\/cropped-LOGO-CONTI-NUEVO.png","contentUrl":"https:\/\/continuamosmx.com\/wp-content\/uploads\/2023\/04\/cropped-LOGO-CONTI-NUEVO.png","width":1257,"height":430,"caption":"ContinuamosMX"},"image":{"@id":"https:\/\/continuamosmx.com\/#\/schema\/logo\/image\/"}},{"@type":"Person","@id":"https:\/\/continuamosmx.com\/#\/schema\/person\/5eb5356acb1fad784da407d14f0e8d89","name":"Continuamos MX","image":{"@type":"ImageObject","inLanguage":"es","@id":"https:\/\/secure.gravatar.com\/avatar\/30d4f9723476a15f4da34d35fb3501f08d2357016c76051c6a85c354c7489589?s=96&d=mm&r=g","url":"https:\/\/secure.gravatar.com\/avatar\/30d4f9723476a15f4da34d35fb3501f08d2357016c76051c6a85c354c7489589?s=96&d=mm&r=g","contentUrl":"https:\/\/secure.gravatar.com\/avatar\/30d4f9723476a15f4da34d35fb3501f08d2357016c76051c6a85c354c7489589?s=96&d=mm&r=g","caption":"Continuamos MX"},"sameAs":["http:\/\/www.continuamos.mx"],"url":"https:\/\/continuamosmx.com\/index.php\/author\/continuamos\/"}]}},"_links":{"self":[{"href":"https:\/\/continuamosmx.com\/index.php\/wp-json\/wp\/v2\/posts\/58131","targetHints":{"allow":["GET"]}}],"collection":[{"href":"https:\/\/continuamosmx.com\/index.php\/wp-json\/wp\/v2\/posts"}],"about":[{"href":"https:\/\/continuamosmx.com\/index.php\/wp-json\/wp\/v2\/types\/post"}],"author":[{"embeddable":true,"href":"https:\/\/continuamosmx.com\/index.php\/wp-json\/wp\/v2\/users\/6"}],"replies":[{"embeddable":true,"href":"https:\/\/continuamosmx.com\/index.php\/wp-json\/wp\/v2\/comments?post=58131"}],"version-history":[{"count":1,"href":"https:\/\/continuamosmx.com\/index.php\/wp-json\/wp\/v2\/posts\/58131\/revisions"}],"predecessor-version":[{"id":58133,"href":"https:\/\/continuamosmx.com\/index.php\/wp-json\/wp\/v2\/posts\/58131\/revisions\/58133"}],"wp:featuredmedia":[{"embeddable":true,"href":"https:\/\/continuamosmx.com\/index.php\/wp-json\/wp\/v2\/media\/58132"}],"wp:attachment":[{"href":"https:\/\/continuamosmx.com\/index.php\/wp-json\/wp\/v2\/media?parent=58131"}],"wp:term":[{"taxonomy":"category","embeddable":true,"href":"https:\/\/continuamosmx.com\/index.php\/wp-json\/wp\/v2\/categories?post=58131"},{"taxonomy":"post_tag","embeddable":true,"href":"https:\/\/continuamosmx.com\/index.php\/wp-json\/wp\/v2\/tags?post=58131"}],"curies":[{"name":"wp","href":"https:\/\/api.w.org\/{rel}","templated":true}]}}