{"id":58123,"date":"2026-08-31T17:50:58","date_gmt":"2026-08-31T23:50:58","guid":{"rendered":"https:\/\/continuamosmx.com\/?p=58123"},"modified":"2026-08-31T17:50:58","modified_gmt":"2026-08-31T23:50:58","slug":"pone-en-marcha-cuautitlan-izcalli-el-tren-de-pavimentacion-para-combatir-el-rezago-vial","status":"publish","type":"post","link":"https:\/\/continuamosmx.com\/index.php\/2026\/08\/31\/pone-en-marcha-cuautitlan-izcalli-el-tren-de-pavimentacion-para-combatir-el-rezago-vial\/","title":{"rendered":"PONE EN MARCHA CUAUTITL\u00c1N IZCALLI EL TREN DE PAVIMENTACI\u00d3N PARA COMBATIR EL REZAGO VIAL"},"content":{"rendered":"\n<p class=\"wp-block-paragraph\"><strong>Nueva maquinaria propia acelerar\u00e1 la rehabilitaci\u00f3n de calles y avenidas en beneficio de las familias izcallenses<\/strong><\/p>\n\n\n\n<p class=\"wp-block-paragraph\">El Gobierno Municipal de Cuautitl\u00e1n Izcalli arranc\u00f3 una nueva etapa en la recuperaci\u00f3n de su infraestructura urbana con la presentaci\u00f3n oficial del Tren de Pavimentaci\u00f3n, un conjunto de maquinaria especializada y propia encabezado por el alcalde Daniel Serrano<sup><\/sup>. Durante la conferencia \u00abEl Poder del Pueblo\u00bb, se detall\u00f3 que este equipo busca acelerar el paso frente al abandono vial heredado en el municipio<sup><\/sup>.<\/p>\n\n\n\n<p class=\"wp-block-paragraph\">Los trabajos iniciales de esta estrategia se pusieron en marcha en la calle Tlatlaya, donde se llev\u00f3 a cabo el reencarpetado de 2 mil 430 metros cuadrados a lo largo de 270 metros<sup><\/sup>. Para esta intervenci\u00f3n se aplicaron 321 toneladas de asfalto, con el objetivo de mejorar la movilidad y la seguridad de los habitantes de la zona<sup><\/sup>.<\/p>\n\n\n\n<p class=\"wp-block-paragraph\">Por primera vez en la historia del municipio, la administraci\u00f3n cuenta con equipo propio para estas labores, lo que deja una capacidad permanente de intervenci\u00f3n sin depender de terceros<sup><\/sup>. El Tren de Pavimentaci\u00f3n est\u00e1 integrado por dos bacheadoras, una petrolizadora, dos camiones de volteo con capacidad de 14 metros c\u00fabicos, una fresadora, una pavimentadora, una barredora y un rodillo<sup><\/sup>.<\/p>\n\n\n\n<p class=\"wp-block-paragraph\">Esta infraestructura se suma a una estrategia operativa compuesta por cuatro frentes: cuadrillas permanentes de bacheo, el tren de pavimentaci\u00f3n para obras integrales, obra por administraci\u00f3n y dos bacheadoras adicionales de gran capacidad<sup><\/sup>. Con ello, el Ayuntamiento impulsa el programa de reencarpetado m\u00e1s grande de la demarcaci\u00f3n<sup><\/sup>.<\/p>\n\n\n\n<p class=\"wp-block-paragraph\">\u00abEl abandono de a\u00f1os no se resuelve de un d\u00eda para otro, pero s\u00ed se resuelve trabajando todos los d\u00edas\u00bb, destac\u00f3 el presidente municipal Daniel Serrano al reafirmar el compromiso de transformar la red vial de Cuautitl\u00e1n Izcalli en una red m\u00e1s moderna, segura y funcional<sup><\/sup>.<\/p>\n\n\n\n<figure class=\"wp-block-gallery has-nested-images columns-default is-cropped wp-block-gallery-1 is-layout-flex wp-block-gallery-is-layout-flex\">\n<figure class=\"wp-block-image size-large\"><img loading=\"lazy\" decoding=\"async\" width=\"1024\" height=\"579\" data-id=\"58127\" src=\"https:\/\/continuamosmx.com\/wp-content\/uploads\/2026\/08\/WhatsApp-Image-2026-08-31-at-4.48.28-PM-2-1024x579.jpeg\" alt=\"\" class=\"wp-image-58127\" srcset=\"https:\/\/continuamosmx.com\/wp-content\/uploads\/2026\/08\/WhatsApp-Image-2026-08-31-at-4.48.28-PM-2-1024x579.jpeg 1024w, https:\/\/continuamosmx.com\/wp-content\/uploads\/2026\/08\/WhatsApp-Image-2026-08-31-at-4.48.28-PM-2-300x170.jpeg 300w, https:\/\/continuamosmx.com\/wp-content\/uploads\/2026\/08\/WhatsApp-Image-2026-08-31-at-4.48.28-PM-2-767x434.jpeg 767w, https:\/\/continuamosmx.com\/wp-content\/uploads\/2026\/08\/WhatsApp-Image-2026-08-31-at-4.48.28-PM-2-1536x870.jpeg 1536w, https:\/\/continuamosmx.com\/wp-content\/uploads\/2026\/08\/WhatsApp-Image-2026-08-31-at-4.48.28-PM-2-2048x1159.jpeg 2048w\" sizes=\"auto, (max-width: 1024px) 100vw, 1024px\" \/><\/figure>\n\n\n\n<figure class=\"wp-block-image size-large\"><img loading=\"lazy\" decoding=\"async\" width=\"1024\" height=\"576\" data-id=\"58125\" src=\"https:\/\/continuamosmx.com\/wp-content\/uploads\/2026\/08\/WhatsApp-Image-2026-08-31-at-4.48.28-PM-1-1024x576.jpeg\" alt=\"\" class=\"wp-image-58125\" srcset=\"https:\/\/continuamosmx.com\/wp-content\/uploads\/2026\/08\/WhatsApp-Image-2026-08-31-at-4.48.28-PM-1-1024x576.jpeg 1024w, https:\/\/continuamosmx.com\/wp-content\/uploads\/2026\/08\/WhatsApp-Image-2026-08-31-at-4.48.28-PM-1-300x169.jpeg 300w, https:\/\/continuamosmx.com\/wp-content\/uploads\/2026\/08\/WhatsApp-Image-2026-08-31-at-4.48.28-PM-1-768x432.jpeg 768w, https:\/\/continuamosmx.com\/wp-content\/uploads\/2026\/08\/WhatsApp-Image-2026-08-31-at-4.48.28-PM-1-1536x864.jpeg 1536w, https:\/\/continuamosmx.com\/wp-content\/uploads\/2026\/08\/WhatsApp-Image-2026-08-31-at-4.48.28-PM-1-2048x1152.jpeg 2048w\" sizes=\"auto, (max-width: 1024px) 100vw, 1024px\" \/><\/figure>\n\n\n\n<figure class=\"wp-block-image size-large\"><img loading=\"lazy\" decoding=\"async\" width=\"1024\" height=\"576\" data-id=\"58128\" src=\"https:\/\/continuamosmx.com\/wp-content\/uploads\/2026\/08\/WhatsApp-Image-2026-08-31-at-4.48.28-PM-1024x576.jpeg\" alt=\"\" class=\"wp-image-58128\" srcset=\"https:\/\/continuamosmx.com\/wp-content\/uploads\/2026\/08\/WhatsApp-Image-2026-08-31-at-4.48.28-PM-1024x576.jpeg 1024w, https:\/\/continuamosmx.com\/wp-content\/uploads\/2026\/08\/WhatsApp-Image-2026-08-31-at-4.48.28-PM-300x169.jpeg 300w, https:\/\/continuamosmx.com\/wp-content\/uploads\/2026\/08\/WhatsApp-Image-2026-08-31-at-4.48.28-PM-768x432.jpeg 768w, https:\/\/continuamosmx.com\/wp-content\/uploads\/2026\/08\/WhatsApp-Image-2026-08-31-at-4.48.28-PM-1536x864.jpeg 1536w, https:\/\/continuamosmx.com\/wp-content\/uploads\/2026\/08\/WhatsApp-Image-2026-08-31-at-4.48.28-PM-2048x1152.jpeg 2048w\" sizes=\"auto, (max-width: 1024px) 100vw, 1024px\" \/><\/figure>\n\n\n\n<figure class=\"wp-block-image size-large\"><img loading=\"lazy\" decoding=\"async\" width=\"1024\" height=\"576\" data-id=\"58126\" src=\"https:\/\/continuamosmx.com\/wp-content\/uploads\/2026\/08\/WhatsApp-Image-2026-08-31-at-4.48.27-PM-3-1024x576.jpeg\" alt=\"\" class=\"wp-image-58126\" srcset=\"https:\/\/continuamosmx.com\/wp-content\/uploads\/2026\/08\/WhatsApp-Image-2026-08-31-at-4.48.27-PM-3-1024x576.jpeg 1024w, https:\/\/continuamosmx.com\/wp-content\/uploads\/2026\/08\/WhatsApp-Image-2026-08-31-at-4.48.27-PM-3-300x169.jpeg 300w, https:\/\/continuamosmx.com\/wp-content\/uploads\/2026\/08\/WhatsApp-Image-2026-08-31-at-4.48.27-PM-3-768x432.jpeg 768w, https:\/\/continuamosmx.com\/wp-content\/uploads\/2026\/08\/WhatsApp-Image-2026-08-31-at-4.48.27-PM-3-1536x864.jpeg 1536w, https:\/\/continuamosmx.com\/wp-content\/uploads\/2026\/08\/WhatsApp-Image-2026-08-31-at-4.48.27-PM-3-2048x1152.jpeg 2048w\" sizes=\"auto, (max-width: 1024px) 100vw, 1024px\" \/><\/figure>\n\n\n\n<figure class=\"wp-block-image size-large\"><img loading=\"lazy\" decoding=\"async\" width=\"1024\" height=\"768\" data-id=\"58129\" src=\"https:\/\/continuamosmx.com\/wp-content\/uploads\/2026\/08\/WhatsApp-Image-2026-08-31-at-4.48.27-PM-2-1024x768.jpeg\" alt=\"\" class=\"wp-image-58129\" srcset=\"https:\/\/continuamosmx.com\/wp-content\/uploads\/2026\/08\/WhatsApp-Image-2026-08-31-at-4.48.27-PM-2-1024x768.jpeg 1024w, https:\/\/continuamosmx.com\/wp-content\/uploads\/2026\/08\/WhatsApp-Image-2026-08-31-at-4.48.27-PM-2-300x225.jpeg 300w, https:\/\/continuamosmx.com\/wp-content\/uploads\/2026\/08\/WhatsApp-Image-2026-08-31-at-4.48.27-PM-2-768x576.jpeg 768w, https:\/\/continuamosmx.com\/wp-content\/uploads\/2026\/08\/WhatsApp-Image-2026-08-31-at-4.48.27-PM-2-1536x1152.jpeg 1536w, https:\/\/continuamosmx.com\/wp-content\/uploads\/2026\/08\/WhatsApp-Image-2026-08-31-at-4.48.27-PM-2-2048x1536.jpeg 2048w\" sizes=\"auto, (max-width: 1024px) 100vw, 1024px\" \/><\/figure>\n<\/figure>\n","protected":false},"excerpt":{"rendered":"<p>Nueva maquinaria propia acelerar\u00e1 la rehabilitaci\u00f3n de calles y avenidas en beneficio de las familias izcallenses El Gobierno Municipal de Cuautitl\u00e1n Izcalli arranc\u00f3 una nueva etapa en la recuperaci\u00f3n de su infraestructura urbana con la presentaci\u00f3n oficial del Tren de Pavimentaci\u00f3n, un conjunto de maquinaria especializada y propia encabezado por el alcalde Daniel Serrano. Durante [&hellip;]<\/p>\n","protected":false},"author":6,"featured_media":58124,"comment_status":"closed","ping_status":"closed","sticky":false,"template":"","format":"standard","meta":{"footnotes":""},"categories":[4],"tags":[],"class_list":["post-58123","post","type-post","status-publish","format-standard","has-post-thumbnail","hentry","category-locales"],"yoast_head":"<!-- This site is optimized with the Yoast SEO plugin v28.3 - https:\/\/yoast.com\/product\/yoast-seo-wordpress\/ -->\n<title>PONE EN MARCHA CUAUTITL\u00c1N IZCALLI EL TREN DE PAVIMENTACI\u00d3N PARA COMBATIR EL REZAGO VIAL -<\/title>\n<meta name=\"robots\" content=\"index, follow, max-snippet:-1, max-image-preview:large, max-video-preview:-1\" \/>\n<link rel=\"canonical\" href=\"https:\/\/continuamosmx.com\/index.php\/2026\/08\/31\/pone-en-marcha-cuautitlan-izcalli-el-tren-de-pavimentacion-para-combatir-el-rezago-vial\/\" \/>\n<meta property=\"og:locale\" content=\"es_ES\" \/>\n<meta property=\"og:type\" content=\"article\" \/>\n<meta property=\"og:title\" content=\"PONE EN MARCHA CUAUTITL\u00c1N IZCALLI EL TREN DE PAVIMENTACI\u00d3N PARA COMBATIR EL REZAGO VIAL -\" \/>\n<meta property=\"og:description\" content=\"Nueva maquinaria propia acelerar\u00e1 la rehabilitaci\u00f3n de calles y avenidas en beneficio de las familias izcallenses El Gobierno Municipal de Cuautitl\u00e1n Izcalli arranc\u00f3 una nueva etapa en la recuperaci\u00f3n de su infraestructura urbana con la presentaci\u00f3n oficial del Tren de Pavimentaci\u00f3n, un conjunto de maquinaria especializada y propia encabezado por el alcalde Daniel Serrano. Durante [&hellip;]\" \/>\n<meta property=\"og:url\" content=\"https:\/\/continuamosmx.com\/index.php\/2026\/08\/31\/pone-en-marcha-cuautitlan-izcalli-el-tren-de-pavimentacion-para-combatir-el-rezago-vial\/\" \/>\n<meta property=\"article:published_time\" content=\"2026-08-31T23:50:58+00:00\" \/>\n<meta property=\"og:image\" content=\"https:\/\/continuamosmx.com\/wp-content\/uploads\/2026\/08\/WhatsApp-Image-2026-08-31-at-4.48.27-PM-scaled.jpeg\" \/>\n\t<meta property=\"og:image:width\" content=\"2560\" \/>\n\t<meta property=\"og:image:height\" content=\"1706\" \/>\n\t<meta property=\"og:image:type\" content=\"image\/jpeg\" \/>\n<meta name=\"author\" content=\"Continuamos MX\" \/>\n<meta name=\"twitter:card\" content=\"summary_large_image\" \/>\n<meta name=\"twitter:label1\" content=\"Escrito por\" \/>\n\t<meta name=\"twitter:data1\" content=\"Continuamos MX\" \/>\n\t<meta name=\"twitter:label2\" content=\"Tiempo de lectura\" \/>\n\t<meta name=\"twitter:data2\" content=\"3 minutos\" \/>\n<script type=\"application\/ld+json\" class=\"yoast-schema-graph\">{\"@context\":\"https:\\\/\\\/schema.org\",\"@graph\":[{\"@type\":\"Article\",\"@id\":\"https:\\\/\\\/continuamosmx.com\\\/index.php\\\/2026\\\/08\\\/31\\\/pone-en-marcha-cuautitlan-izcalli-el-tren-de-pavimentacion-para-combatir-el-rezago-vial\\\/#article\",\"isPartOf\":{\"@id\":\"https:\\\/\\\/continuamosmx.com\\\/index.php\\\/2026\\\/08\\\/31\\\/pone-en-marcha-cuautitlan-izcalli-el-tren-de-pavimentacion-para-combatir-el-rezago-vial\\\/\"},\"author\":{\"name\":\"Continuamos MX\",\"@id\":\"https:\\\/\\\/continuamosmx.com\\\/#\\\/schema\\\/person\\\/5eb5356acb1fad784da407d14f0e8d89\"},\"headline\":\"PONE EN MARCHA CUAUTITL\u00c1N IZCALLI EL TREN DE PAVIMENTACI\u00d3N PARA COMBATIR EL REZAGO VIAL\",\"datePublished\":\"2026-08-31T23:50:58+00:00\",\"mainEntityOfPage\":{\"@id\":\"https:\\\/\\\/continuamosmx.com\\\/index.php\\\/2026\\\/08\\\/31\\\/pone-en-marcha-cuautitlan-izcalli-el-tren-de-pavimentacion-para-combatir-el-rezago-vial\\\/\"},\"wordCount\":318,\"publisher\":{\"@id\":\"https:\\\/\\\/continuamosmx.com\\\/#organization\"},\"image\":{\"@id\":\"https:\\\/\\\/continuamosmx.com\\\/index.php\\\/2026\\\/08\\\/31\\\/pone-en-marcha-cuautitlan-izcalli-el-tren-de-pavimentacion-para-combatir-el-rezago-vial\\\/#primaryimage\"},\"thumbnailUrl\":\"https:\\\/\\\/continuamosmx.com\\\/wp-content\\\/uploads\\\/2026\\\/08\\\/WhatsApp-Image-2026-08-31-at-4.48.27-PM-scaled.jpeg\",\"articleSection\":[\"LOCALES\"],\"inLanguage\":\"es\"},{\"@type\":\"WebPage\",\"@id\":\"https:\\\/\\\/continuamosmx.com\\\/index.php\\\/2026\\\/08\\\/31\\\/pone-en-marcha-cuautitlan-izcalli-el-tren-de-pavimentacion-para-combatir-el-rezago-vial\\\/\",\"url\":\"https:\\\/\\\/continuamosmx.com\\\/index.php\\\/2026\\\/08\\\/31\\\/pone-en-marcha-cuautitlan-izcalli-el-tren-de-pavimentacion-para-combatir-el-rezago-vial\\\/\",\"name\":\"PONE EN MARCHA CUAUTITL\u00c1N IZCALLI EL TREN DE PAVIMENTACI\u00d3N PARA COMBATIR EL REZAGO VIAL -\",\"isPartOf\":{\"@id\":\"https:\\\/\\\/continuamosmx.com\\\/#website\"},\"primaryImageOfPage\":{\"@id\":\"https:\\\/\\\/continuamosmx.com\\\/index.php\\\/2026\\\/08\\\/31\\\/pone-en-marcha-cuautitlan-izcalli-el-tren-de-pavimentacion-para-combatir-el-rezago-vial\\\/#primaryimage\"},\"image\":{\"@id\":\"https:\\\/\\\/continuamosmx.com\\\/index.php\\\/2026\\\/08\\\/31\\\/pone-en-marcha-cuautitlan-izcalli-el-tren-de-pavimentacion-para-combatir-el-rezago-vial\\\/#primaryimage\"},\"thumbnailUrl\":\"https:\\\/\\\/continuamosmx.com\\\/wp-content\\\/uploads\\\/2026\\\/08\\\/WhatsApp-Image-2026-08-31-at-4.48.27-PM-scaled.jpeg\",\"datePublished\":\"2026-08-31T23:50:58+00:00\",\"breadcrumb\":{\"@id\":\"https:\\\/\\\/continuamosmx.com\\\/index.php\\\/2026\\\/08\\\/31\\\/pone-en-marcha-cuautitlan-izcalli-el-tren-de-pavimentacion-para-combatir-el-rezago-vial\\\/#breadcrumb\"},\"inLanguage\":\"es\",\"potentialAction\":[{\"@type\":\"ReadAction\",\"target\":[\"https:\\\/\\\/continuamosmx.com\\\/index.php\\\/2026\\\/08\\\/31\\\/pone-en-marcha-cuautitlan-izcalli-el-tren-de-pavimentacion-para-combatir-el-rezago-vial\\\/\"]}]},{\"@type\":\"ImageObject\",\"inLanguage\":\"es\",\"@id\":\"https:\\\/\\\/continuamosmx.com\\\/index.php\\\/2026\\\/08\\\/31\\\/pone-en-marcha-cuautitlan-izcalli-el-tren-de-pavimentacion-para-combatir-el-rezago-vial\\\/#primaryimage\",\"url\":\"https:\\\/\\\/continuamosmx.com\\\/wp-content\\\/uploads\\\/2026\\\/08\\\/WhatsApp-Image-2026-08-31-at-4.48.27-PM-scaled.jpeg\",\"contentUrl\":\"https:\\\/\\\/continuamosmx.com\\\/wp-content\\\/uploads\\\/2026\\\/08\\\/WhatsApp-Image-2026-08-31-at-4.48.27-PM-scaled.jpeg\",\"width\":2560,\"height\":1706},{\"@type\":\"BreadcrumbList\",\"@id\":\"https:\\\/\\\/continuamosmx.com\\\/index.php\\\/2026\\\/08\\\/31\\\/pone-en-marcha-cuautitlan-izcalli-el-tren-de-pavimentacion-para-combatir-el-rezago-vial\\\/#breadcrumb\",\"itemListElement\":[{\"@type\":\"ListItem\",\"position\":1,\"name\":\"Inicio\",\"item\":\"https:\\\/\\\/continuamosmx.com\\\/\"},{\"@type\":\"ListItem\",\"position\":2,\"name\":\"PONE EN MARCHA CUAUTITL\u00c1N IZCALLI EL TREN DE PAVIMENTACI\u00d3N PARA COMBATIR EL REZAGO VIAL\"}]},{\"@type\":\"WebSite\",\"@id\":\"https:\\\/\\\/continuamosmx.com\\\/#website\",\"url\":\"https:\\\/\\\/continuamosmx.com\\\/\",\"name\":\"www.continuamosmx.com\",\"description\":\"\",\"publisher\":{\"@id\":\"https:\\\/\\\/continuamosmx.com\\\/#organization\"},\"potentialAction\":[{\"@type\":\"SearchAction\",\"target\":{\"@type\":\"EntryPoint\",\"urlTemplate\":\"https:\\\/\\\/continuamosmx.com\\\/?s={search_term_string}\"},\"query-input\":{\"@type\":\"PropertyValueSpecification\",\"valueRequired\":true,\"valueName\":\"search_term_string\"}}],\"inLanguage\":\"es\"},{\"@type\":\"Organization\",\"@id\":\"https:\\\/\\\/continuamosmx.com\\\/#organization\",\"name\":\"ContinuamosMX\",\"url\":\"https:\\\/\\\/continuamosmx.com\\\/\",\"logo\":{\"@type\":\"ImageObject\",\"inLanguage\":\"es\",\"@id\":\"https:\\\/\\\/continuamosmx.com\\\/#\\\/schema\\\/logo\\\/image\\\/\",\"url\":\"https:\\\/\\\/continuamosmx.com\\\/wp-content\\\/uploads\\\/2023\\\/04\\\/cropped-LOGO-CONTI-NUEVO.png\",\"contentUrl\":\"https:\\\/\\\/continuamosmx.com\\\/wp-content\\\/uploads\\\/2023\\\/04\\\/cropped-LOGO-CONTI-NUEVO.png\",\"width\":1257,\"height\":430,\"caption\":\"ContinuamosMX\"},\"image\":{\"@id\":\"https:\\\/\\\/continuamosmx.com\\\/#\\\/schema\\\/logo\\\/image\\\/\"}},{\"@type\":\"Person\",\"@id\":\"https:\\\/\\\/continuamosmx.com\\\/#\\\/schema\\\/person\\\/5eb5356acb1fad784da407d14f0e8d89\",\"name\":\"Continuamos MX\",\"image\":{\"@type\":\"ImageObject\",\"inLanguage\":\"es\",\"@id\":\"https:\\\/\\\/secure.gravatar.com\\\/avatar\\\/30d4f9723476a15f4da34d35fb3501f08d2357016c76051c6a85c354c7489589?s=96&d=mm&r=g\",\"url\":\"https:\\\/\\\/secure.gravatar.com\\\/avatar\\\/30d4f9723476a15f4da34d35fb3501f08d2357016c76051c6a85c354c7489589?s=96&d=mm&r=g\",\"contentUrl\":\"https:\\\/\\\/secure.gravatar.com\\\/avatar\\\/30d4f9723476a15f4da34d35fb3501f08d2357016c76051c6a85c354c7489589?s=96&d=mm&r=g\",\"caption\":\"Continuamos MX\"},\"sameAs\":[\"http:\\\/\\\/www.continuamos.mx\"],\"url\":\"https:\\\/\\\/continuamosmx.com\\\/index.php\\\/author\\\/continuamos\\\/\"}]}<\/script>\n<!-- \/ Yoast SEO plugin. -->","yoast_head_json":{"title":"PONE EN MARCHA CUAUTITL\u00c1N IZCALLI EL TREN DE PAVIMENTACI\u00d3N PARA COMBATIR EL REZAGO VIAL -","robots":{"index":"index","follow":"follow","max-snippet":"max-snippet:-1","max-image-preview":"max-image-preview:large","max-video-preview":"max-video-preview:-1"},"canonical":"https:\/\/continuamosmx.com\/index.php\/2026\/08\/31\/pone-en-marcha-cuautitlan-izcalli-el-tren-de-pavimentacion-para-combatir-el-rezago-vial\/","og_locale":"es_ES","og_type":"article","og_title":"PONE EN MARCHA CUAUTITL\u00c1N IZCALLI EL TREN DE PAVIMENTACI\u00d3N PARA COMBATIR EL REZAGO VIAL -","og_description":"Nueva maquinaria propia acelerar\u00e1 la rehabilitaci\u00f3n de calles y avenidas en beneficio de las familias izcallenses El Gobierno Municipal de Cuautitl\u00e1n Izcalli arranc\u00f3 una nueva etapa en la recuperaci\u00f3n de su infraestructura urbana con la presentaci\u00f3n oficial del Tren de Pavimentaci\u00f3n, un conjunto de maquinaria especializada y propia encabezado por el alcalde Daniel Serrano. Durante [&hellip;]","og_url":"https:\/\/continuamosmx.com\/index.php\/2026\/08\/31\/pone-en-marcha-cuautitlan-izcalli-el-tren-de-pavimentacion-para-combatir-el-rezago-vial\/","article_published_time":"2026-08-31T23:50:58+00:00","og_image":[{"width":2560,"height":1706,"url":"https:\/\/continuamosmx.com\/wp-content\/uploads\/2026\/08\/WhatsApp-Image-2026-08-31-at-4.48.27-PM-scaled.jpeg","type":"image\/jpeg"}],"author":"Continuamos MX","twitter_card":"summary_large_image","twitter_misc":{"Escrito por":"Continuamos MX","Tiempo de lectura":"3 minutos"},"schema":{"@context":"https:\/\/schema.org","@graph":[{"@type":"Article","@id":"https:\/\/continuamosmx.com\/index.php\/2026\/08\/31\/pone-en-marcha-cuautitlan-izcalli-el-tren-de-pavimentacion-para-combatir-el-rezago-vial\/#article","isPartOf":{"@id":"https:\/\/continuamosmx.com\/index.php\/2026\/08\/31\/pone-en-marcha-cuautitlan-izcalli-el-tren-de-pavimentacion-para-combatir-el-rezago-vial\/"},"author":{"name":"Continuamos MX","@id":"https:\/\/continuamosmx.com\/#\/schema\/person\/5eb5356acb1fad784da407d14f0e8d89"},"headline":"PONE EN MARCHA CUAUTITL\u00c1N IZCALLI EL TREN DE PAVIMENTACI\u00d3N PARA COMBATIR EL REZAGO VIAL","datePublished":"2026-08-31T23:50:58+00:00","mainEntityOfPage":{"@id":"https:\/\/continuamosmx.com\/index.php\/2026\/08\/31\/pone-en-marcha-cuautitlan-izcalli-el-tren-de-pavimentacion-para-combatir-el-rezago-vial\/"},"wordCount":318,"publisher":{"@id":"https:\/\/continuamosmx.com\/#organization"},"image":{"@id":"https:\/\/continuamosmx.com\/index.php\/2026\/08\/31\/pone-en-marcha-cuautitlan-izcalli-el-tren-de-pavimentacion-para-combatir-el-rezago-vial\/#primaryimage"},"thumbnailUrl":"https:\/\/continuamosmx.com\/wp-content\/uploads\/2026\/08\/WhatsApp-Image-2026-08-31-at-4.48.27-PM-scaled.jpeg","articleSection":["LOCALES"],"inLanguage":"es"},{"@type":"WebPage","@id":"https:\/\/continuamosmx.com\/index.php\/2026\/08\/31\/pone-en-marcha-cuautitlan-izcalli-el-tren-de-pavimentacion-para-combatir-el-rezago-vial\/","url":"https:\/\/continuamosmx.com\/index.php\/2026\/08\/31\/pone-en-marcha-cuautitlan-izcalli-el-tren-de-pavimentacion-para-combatir-el-rezago-vial\/","name":"PONE EN MARCHA CUAUTITL\u00c1N IZCALLI EL TREN DE PAVIMENTACI\u00d3N PARA COMBATIR EL REZAGO VIAL -","isPartOf":{"@id":"https:\/\/continuamosmx.com\/#website"},"primaryImageOfPage":{"@id":"https:\/\/continuamosmx.com\/index.php\/2026\/08\/31\/pone-en-marcha-cuautitlan-izcalli-el-tren-de-pavimentacion-para-combatir-el-rezago-vial\/#primaryimage"},"image":{"@id":"https:\/\/continuamosmx.com\/index.php\/2026\/08\/31\/pone-en-marcha-cuautitlan-izcalli-el-tren-de-pavimentacion-para-combatir-el-rezago-vial\/#primaryimage"},"thumbnailUrl":"https:\/\/continuamosmx.com\/wp-content\/uploads\/2026\/08\/WhatsApp-Image-2026-08-31-at-4.48.27-PM-scaled.jpeg","datePublished":"2026-08-31T23:50:58+00:00","breadcrumb":{"@id":"https:\/\/continuamosmx.com\/index.php\/2026\/08\/31\/pone-en-marcha-cuautitlan-izcalli-el-tren-de-pavimentacion-para-combatir-el-rezago-vial\/#breadcrumb"},"inLanguage":"es","potentialAction":[{"@type":"ReadAction","target":["https:\/\/continuamosmx.com\/index.php\/2026\/08\/31\/pone-en-marcha-cuautitlan-izcalli-el-tren-de-pavimentacion-para-combatir-el-rezago-vial\/"]}]},{"@type":"ImageObject","inLanguage":"es","@id":"https:\/\/continuamosmx.com\/index.php\/2026\/08\/31\/pone-en-marcha-cuautitlan-izcalli-el-tren-de-pavimentacion-para-combatir-el-rezago-vial\/#primaryimage","url":"https:\/\/continuamosmx.com\/wp-content\/uploads\/2026\/08\/WhatsApp-Image-2026-08-31-at-4.48.27-PM-scaled.jpeg","contentUrl":"https:\/\/continuamosmx.com\/wp-content\/uploads\/2026\/08\/WhatsApp-Image-2026-08-31-at-4.48.27-PM-scaled.jpeg","width":2560,"height":1706},{"@type":"BreadcrumbList","@id":"https:\/\/continuamosmx.com\/index.php\/2026\/08\/31\/pone-en-marcha-cuautitlan-izcalli-el-tren-de-pavimentacion-para-combatir-el-rezago-vial\/#breadcrumb","itemListElement":[{"@type":"ListItem","position":1,"name":"Inicio","item":"https:\/\/continuamosmx.com\/"},{"@type":"ListItem","position":2,"name":"PONE EN MARCHA CUAUTITL\u00c1N IZCALLI EL TREN DE PAVIMENTACI\u00d3N PARA COMBATIR EL REZAGO VIAL"}]},{"@type":"WebSite","@id":"https:\/\/continuamosmx.com\/#website","url":"https:\/\/continuamosmx.com\/","name":"www.continuamosmx.com","description":"","publisher":{"@id":"https:\/\/continuamosmx.com\/#organization"},"potentialAction":[{"@type":"SearchAction","target":{"@type":"EntryPoint","urlTemplate":"https:\/\/continuamosmx.com\/?s={search_term_string}"},"query-input":{"@type":"PropertyValueSpecification","valueRequired":true,"valueName":"search_term_string"}}],"inLanguage":"es"},{"@type":"Organization","@id":"https:\/\/continuamosmx.com\/#organization","name":"ContinuamosMX","url":"https:\/\/continuamosmx.com\/","logo":{"@type":"ImageObject","inLanguage":"es","@id":"https:\/\/continuamosmx.com\/#\/schema\/logo\/image\/","url":"https:\/\/continuamosmx.com\/wp-content\/uploads\/2023\/04\/cropped-LOGO-CONTI-NUEVO.png","contentUrl":"https:\/\/continuamosmx.com\/wp-content\/uploads\/2023\/04\/cropped-LOGO-CONTI-NUEVO.png","width":1257,"height":430,"caption":"ContinuamosMX"},"image":{"@id":"https:\/\/continuamosmx.com\/#\/schema\/logo\/image\/"}},{"@type":"Person","@id":"https:\/\/continuamosmx.com\/#\/schema\/person\/5eb5356acb1fad784da407d14f0e8d89","name":"Continuamos MX","image":{"@type":"ImageObject","inLanguage":"es","@id":"https:\/\/secure.gravatar.com\/avatar\/30d4f9723476a15f4da34d35fb3501f08d2357016c76051c6a85c354c7489589?s=96&d=mm&r=g","url":"https:\/\/secure.gravatar.com\/avatar\/30d4f9723476a15f4da34d35fb3501f08d2357016c76051c6a85c354c7489589?s=96&d=mm&r=g","contentUrl":"https:\/\/secure.gravatar.com\/avatar\/30d4f9723476a15f4da34d35fb3501f08d2357016c76051c6a85c354c7489589?s=96&d=mm&r=g","caption":"Continuamos MX"},"sameAs":["http:\/\/www.continuamos.mx"],"url":"https:\/\/continuamosmx.com\/index.php\/author\/continuamos\/"}]}},"_links":{"self":[{"href":"https:\/\/continuamosmx.com\/index.php\/wp-json\/wp\/v2\/posts\/58123","targetHints":{"allow":["GET"]}}],"collection":[{"href":"https:\/\/continuamosmx.com\/index.php\/wp-json\/wp\/v2\/posts"}],"about":[{"href":"https:\/\/continuamosmx.com\/index.php\/wp-json\/wp\/v2\/types\/post"}],"author":[{"embeddable":true,"href":"https:\/\/continuamosmx.com\/index.php\/wp-json\/wp\/v2\/users\/6"}],"replies":[{"embeddable":true,"href":"https:\/\/continuamosmx.com\/index.php\/wp-json\/wp\/v2\/comments?post=58123"}],"version-history":[{"count":1,"href":"https:\/\/continuamosmx.com\/index.php\/wp-json\/wp\/v2\/posts\/58123\/revisions"}],"predecessor-version":[{"id":58130,"href":"https:\/\/continuamosmx.com\/index.php\/wp-json\/wp\/v2\/posts\/58123\/revisions\/58130"}],"wp:featuredmedia":[{"embeddable":true,"href":"https:\/\/continuamosmx.com\/index.php\/wp-json\/wp\/v2\/media\/58124"}],"wp:attachment":[{"href":"https:\/\/continuamosmx.com\/index.php\/wp-json\/wp\/v2\/media?parent=58123"}],"wp:term":[{"taxonomy":"category","embeddable":true,"href":"https:\/\/continuamosmx.com\/index.php\/wp-json\/wp\/v2\/categories?post=58123"},{"taxonomy":"post_tag","embeddable":true,"href":"https:\/\/continuamosmx.com\/index.php\/wp-json\/wp\/v2\/tags?post=58123"}],"curies":[{"name":"wp","href":"https:\/\/api.w.org\/{rel}","templated":true}]}}