{"id":58120,"date":"2026-08-31T15:36:01","date_gmt":"2026-08-31T21:36:01","guid":{"rendered":"https:\/\/continuamosmx.com\/?p=58120"},"modified":"2026-08-31T15:36:02","modified_gmt":"2026-08-31T21:36:02","slug":"gobierno-estatal-y-municipal-encabezan-el-inicio-del-ciclo-escolar-2026-2027-en-tlalnepantla-con-la-estrategia-edomex-al-100","status":"publish","type":"post","link":"https:\/\/continuamosmx.com\/index.php\/2026\/08\/31\/gobierno-estatal-y-municipal-encabezan-el-inicio-del-ciclo-escolar-2026-2027-en-tlalnepantla-con-la-estrategia-edomex-al-100\/","title":{"rendered":"GOBIERNO ESTATAL Y MUNICIPAL ENCABEZAN EL INICIO DEL CICLO ESCOLAR 2026-2027 EN TLALNEPANTLA CON LA ESTRATEGIA \u00abEDOM\u00c9X AL 100\u00bb"},"content":{"rendered":"\n<h4 class=\"wp-block-heading\">*<strong>El Presidente Raciel P\u00e9rez Cruz y la Oficial Mayor M\u00f3nica Ch\u00e1vez Dur\u00e1n pusieron en marcha el ciclo escolar en la Escuela Secundaria \u00abMois\u00e9s S\u00e1enz\u00bb, destacando nuevas inversiones educativas y la estrategia estatal de apoyo a m\u00e1s de 4.2 millones de estudiantes.<\/strong><\/h4>\n\n\n\n<p class=\"wp-block-paragraph\"><strong>Tlalnepantla de Baz, Estado de M\u00e9xico.-<\/strong> En una suma de esfuerzos interinstitucional entre el Gobierno del Estado de M\u00e9xico y el Gobierno Municipal de Tlalnepantla, se llev\u00f3 a cabo el arranque oficial del ciclo escolar 2026-2027, ratificando el compromiso prioritario con la educaci\u00f3n de la ni\u00f1ez y juventud mexiquense.<\/p>\n\n\n\n<p class=\"wp-block-paragraph\">El acto inaugural, celebrado en las instalaciones de la emblem\u00e1tica Escuela Secundaria \u00abMois\u00e9s S\u00e1enz\u00bb, estuvo encabezado por el Presidente Municipal, Raciel P\u00e9rez Cruz, y por la Oficial Mayor del Gobierno estatal, M\u00f3nica Ch\u00e1vez Dur\u00e1n. Durante el encuentro, el alcalde reafirm\u00f3 la plena corresponsabilidad de su administraci\u00f3n con la pol\u00edtica educativa impulsada a nivel federal y estatal, reconociendo el respaldo fundamental de la Presidenta de la Rep\u00fablica, Claudia Sheinbaum Pardo, y de la Gobernadora del Estado de M\u00e9xico, Delfina G\u00f3mez \u00c1lvarez, para transformar las oportunidades de desarrollo en la demarcaci\u00f3n.<\/p>\n\n\n\n<p class=\"wp-block-paragraph\">Ante la comunidad escolar, padres de familia y docentes, el edil resalt\u00f3 la gran apuesta de infraestructura emprendida en Tlalnepantla, destacando la construcci\u00f3n en marcha de dos bachilleratos \u00abMargarita Maza\u00bb, cuya conclusi\u00f3n est\u00e1 programada para el pr\u00f3ximo mes de diciembre, as\u00ed como la pr\u00f3xima llegada de la Universidad Rosario Castellanos. Estos proyectos prioritarios consolidan el objetivo municipal de elevar el nivel de formaci\u00f3n acad\u00e9mica y ampliar las opciones profesionales para los j\u00f3venes. Asimismo, en una muestra de atenci\u00f3n directa al plantel sede, el presidente municipal anunci\u00f3 la donaci\u00f3n inmediata de 15 equipos de c\u00f3mputo para el aula de inform\u00e1tica y la ejecuci\u00f3n de trabajos de mantenimiento y pintura para el patio escolar.<\/p>\n\n\n\n<p class=\"wp-block-paragraph\">Por su parte, la Oficial Mayor, M\u00f3nica Ch\u00e1vez Dur\u00e1n, subray\u00f3 que, bajo la visi\u00f3n de la Gobernadora Delfina G\u00f3mez \u00c1lvarez y el liderazgo nacional de la Presidenta Claudia Sheinbaum Pardo, la educaci\u00f3n se fortalece de manera contundente como un derecho fundamental y el eje rector de la transformaci\u00f3n en la entidad. Detall\u00f3 que la estrategia <strong>\u00abEdoM\u00e9x al 100 con este regreso a clases\u00bb<\/strong> respalda el retorno a las aulas de m\u00e1s de 4.2 millones de alumnas y alumnos, as\u00ed como de 250 mil docentes mexiquenses mediante la distribuci\u00f3n oportuna de libros de texto gratuitos en m\u00e1s de 19 mil escuelas de educaci\u00f3n b\u00e1sica, el suministro de \u00fatiles a m\u00e1s de 2.7 millones de estudiantes con una inversi\u00f3n superior a mil 255 millones de pesos, la continuidad del Protocolo Mochila de Paz y la incorporaci\u00f3n hist\u00f3rica por primera vez de un Seguro Escolar con cobertura m\u00e9dica gratuita por m\u00e1s de 56.5 millones de pesos, que se suman a una bolsa hist\u00f3rica federal y estatal superior a los 12 mil 313 millones de pesos destinados al sector educativo.<\/p>\n\n\n\n<p class=\"wp-block-paragraph\">Con la implementaci\u00f3n de estas acciones y obras de alto impacto social, el Gobierno Municipal de Tlalnepantla reafirma que la educaci\u00f3n constituye el pilar fundamental para la transformaci\u00f3n social, la prevenci\u00f3n del delito y el desarrollo integral de la comunidad. Garantizar espacios escolares dignos, una oferta acad\u00e9mica accesible y las herramientas necesarias asegura no solo la permanencia de los estudiantes en las aulas, sino que consolida a Tlalnepantla como un municipio con una s\u00f3lida visi\u00f3n de futuro.<\/p>\n","protected":false},"excerpt":{"rendered":"<p>*El Presidente Raciel P\u00e9rez Cruz y la Oficial Mayor M\u00f3nica Ch\u00e1vez Dur\u00e1n pusieron en marcha el ciclo escolar en la Escuela Secundaria \u00abMois\u00e9s S\u00e1enz\u00bb, destacando nuevas inversiones educativas y la estrategia estatal de apoyo a m\u00e1s de 4.2 millones de estudiantes. Tlalnepantla de Baz, Estado de M\u00e9xico.- En una suma de esfuerzos interinstitucional entre el [&hellip;]<\/p>\n","protected":false},"author":6,"featured_media":58121,"comment_status":"closed","ping_status":"closed","sticky":false,"template":"","format":"standard","meta":{"footnotes":""},"categories":[4,79],"tags":[],"class_list":["post-58120","post","type-post","status-publish","format-standard","has-post-thumbnail","hentry","category-locales","category-tlalne"],"yoast_head":"<!-- This site is optimized with the Yoast SEO plugin v28.3 - https:\/\/yoast.com\/product\/yoast-seo-wordpress\/ -->\n<title>GOBIERNO ESTATAL Y MUNICIPAL ENCABEZAN EL INICIO DEL CICLO ESCOLAR 2026-2027 EN TLALNEPANTLA CON LA ESTRATEGIA &quot;EDOM\u00c9X AL 100&quot; -<\/title>\n<meta name=\"robots\" content=\"index, follow, max-snippet:-1, max-image-preview:large, max-video-preview:-1\" \/>\n<link rel=\"canonical\" href=\"https:\/\/continuamosmx.com\/index.php\/2026\/08\/31\/gobierno-estatal-y-municipal-encabezan-el-inicio-del-ciclo-escolar-2026-2027-en-tlalnepantla-con-la-estrategia-edomex-al-100\/\" \/>\n<meta property=\"og:locale\" content=\"es_ES\" \/>\n<meta property=\"og:type\" content=\"article\" \/>\n<meta property=\"og:title\" content=\"GOBIERNO ESTATAL Y MUNICIPAL ENCABEZAN EL INICIO DEL CICLO ESCOLAR 2026-2027 EN TLALNEPANTLA CON LA ESTRATEGIA &quot;EDOM\u00c9X AL 100&quot; -\" \/>\n<meta property=\"og:description\" content=\"*El Presidente Raciel P\u00e9rez Cruz y la Oficial Mayor M\u00f3nica Ch\u00e1vez Dur\u00e1n pusieron en marcha el ciclo escolar en la Escuela Secundaria \u00abMois\u00e9s S\u00e1enz\u00bb, destacando nuevas inversiones educativas y la estrategia estatal de apoyo a m\u00e1s de 4.2 millones de estudiantes. Tlalnepantla de Baz, Estado de M\u00e9xico.- En una suma de esfuerzos interinstitucional entre el [&hellip;]\" \/>\n<meta property=\"og:url\" content=\"https:\/\/continuamosmx.com\/index.php\/2026\/08\/31\/gobierno-estatal-y-municipal-encabezan-el-inicio-del-ciclo-escolar-2026-2027-en-tlalnepantla-con-la-estrategia-edomex-al-100\/\" \/>\n<meta property=\"article:published_time\" content=\"2026-08-31T21:36:01+00:00\" \/>\n<meta property=\"article:modified_time\" content=\"2026-08-31T21:36:02+00:00\" \/>\n<meta property=\"og:image\" content=\"https:\/\/continuamosmx.com\/wp-content\/uploads\/2026\/08\/WhatsApp-Image-2026-08-31-at-3.30.54-PM.jpeg\" \/>\n\t<meta property=\"og:image:width\" content=\"1600\" \/>\n\t<meta property=\"og:image:height\" content=\"780\" \/>\n\t<meta property=\"og:image:type\" content=\"image\/jpeg\" \/>\n<meta name=\"author\" content=\"Continuamos MX\" \/>\n<meta name=\"twitter:card\" content=\"summary_large_image\" \/>\n<meta name=\"twitter:label1\" content=\"Escrito por\" \/>\n\t<meta name=\"twitter:data1\" content=\"Continuamos MX\" \/>\n\t<meta name=\"twitter:label2\" content=\"Tiempo de lectura\" \/>\n\t<meta name=\"twitter:data2\" content=\"3 minutos\" \/>\n<script type=\"application\/ld+json\" class=\"yoast-schema-graph\">{\"@context\":\"https:\\\/\\\/schema.org\",\"@graph\":[{\"@type\":\"Article\",\"@id\":\"https:\\\/\\\/continuamosmx.com\\\/index.php\\\/2026\\\/08\\\/31\\\/gobierno-estatal-y-municipal-encabezan-el-inicio-del-ciclo-escolar-2026-2027-en-tlalnepantla-con-la-estrategia-edomex-al-100\\\/#article\",\"isPartOf\":{\"@id\":\"https:\\\/\\\/continuamosmx.com\\\/index.php\\\/2026\\\/08\\\/31\\\/gobierno-estatal-y-municipal-encabezan-el-inicio-del-ciclo-escolar-2026-2027-en-tlalnepantla-con-la-estrategia-edomex-al-100\\\/\"},\"author\":{\"name\":\"Continuamos MX\",\"@id\":\"https:\\\/\\\/continuamosmx.com\\\/#\\\/schema\\\/person\\\/5eb5356acb1fad784da407d14f0e8d89\"},\"headline\":\"GOBIERNO ESTATAL Y MUNICIPAL ENCABEZAN EL INICIO DEL CICLO ESCOLAR 2026-2027 EN TLALNEPANTLA CON LA ESTRATEGIA \u00abEDOM\u00c9X AL 100\u00bb\",\"datePublished\":\"2026-08-31T21:36:01+00:00\",\"dateModified\":\"2026-08-31T21:36:02+00:00\",\"mainEntityOfPage\":{\"@id\":\"https:\\\/\\\/continuamosmx.com\\\/index.php\\\/2026\\\/08\\\/31\\\/gobierno-estatal-y-municipal-encabezan-el-inicio-del-ciclo-escolar-2026-2027-en-tlalnepantla-con-la-estrategia-edomex-al-100\\\/\"},\"wordCount\":616,\"publisher\":{\"@id\":\"https:\\\/\\\/continuamosmx.com\\\/#organization\"},\"image\":{\"@id\":\"https:\\\/\\\/continuamosmx.com\\\/index.php\\\/2026\\\/08\\\/31\\\/gobierno-estatal-y-municipal-encabezan-el-inicio-del-ciclo-escolar-2026-2027-en-tlalnepantla-con-la-estrategia-edomex-al-100\\\/#primaryimage\"},\"thumbnailUrl\":\"https:\\\/\\\/continuamosmx.com\\\/wp-content\\\/uploads\\\/2026\\\/08\\\/WhatsApp-Image-2026-08-31-at-3.30.54-PM.jpeg\",\"articleSection\":[\"LOCALES\",\"TLALNEPANTLA\"],\"inLanguage\":\"es\"},{\"@type\":\"WebPage\",\"@id\":\"https:\\\/\\\/continuamosmx.com\\\/index.php\\\/2026\\\/08\\\/31\\\/gobierno-estatal-y-municipal-encabezan-el-inicio-del-ciclo-escolar-2026-2027-en-tlalnepantla-con-la-estrategia-edomex-al-100\\\/\",\"url\":\"https:\\\/\\\/continuamosmx.com\\\/index.php\\\/2026\\\/08\\\/31\\\/gobierno-estatal-y-municipal-encabezan-el-inicio-del-ciclo-escolar-2026-2027-en-tlalnepantla-con-la-estrategia-edomex-al-100\\\/\",\"name\":\"GOBIERNO ESTATAL Y MUNICIPAL ENCABEZAN EL INICIO DEL CICLO ESCOLAR 2026-2027 EN TLALNEPANTLA CON LA ESTRATEGIA \\\"EDOM\u00c9X AL 100\\\" -\",\"isPartOf\":{\"@id\":\"https:\\\/\\\/continuamosmx.com\\\/#website\"},\"primaryImageOfPage\":{\"@id\":\"https:\\\/\\\/continuamosmx.com\\\/index.php\\\/2026\\\/08\\\/31\\\/gobierno-estatal-y-municipal-encabezan-el-inicio-del-ciclo-escolar-2026-2027-en-tlalnepantla-con-la-estrategia-edomex-al-100\\\/#primaryimage\"},\"image\":{\"@id\":\"https:\\\/\\\/continuamosmx.com\\\/index.php\\\/2026\\\/08\\\/31\\\/gobierno-estatal-y-municipal-encabezan-el-inicio-del-ciclo-escolar-2026-2027-en-tlalnepantla-con-la-estrategia-edomex-al-100\\\/#primaryimage\"},\"thumbnailUrl\":\"https:\\\/\\\/continuamosmx.com\\\/wp-content\\\/uploads\\\/2026\\\/08\\\/WhatsApp-Image-2026-08-31-at-3.30.54-PM.jpeg\",\"datePublished\":\"2026-08-31T21:36:01+00:00\",\"dateModified\":\"2026-08-31T21:36:02+00:00\",\"breadcrumb\":{\"@id\":\"https:\\\/\\\/continuamosmx.com\\\/index.php\\\/2026\\\/08\\\/31\\\/gobierno-estatal-y-municipal-encabezan-el-inicio-del-ciclo-escolar-2026-2027-en-tlalnepantla-con-la-estrategia-edomex-al-100\\\/#breadcrumb\"},\"inLanguage\":\"es\",\"potentialAction\":[{\"@type\":\"ReadAction\",\"target\":[\"https:\\\/\\\/continuamosmx.com\\\/index.php\\\/2026\\\/08\\\/31\\\/gobierno-estatal-y-municipal-encabezan-el-inicio-del-ciclo-escolar-2026-2027-en-tlalnepantla-con-la-estrategia-edomex-al-100\\\/\"]}]},{\"@type\":\"ImageObject\",\"inLanguage\":\"es\",\"@id\":\"https:\\\/\\\/continuamosmx.com\\\/index.php\\\/2026\\\/08\\\/31\\\/gobierno-estatal-y-municipal-encabezan-el-inicio-del-ciclo-escolar-2026-2027-en-tlalnepantla-con-la-estrategia-edomex-al-100\\\/#primaryimage\",\"url\":\"https:\\\/\\\/continuamosmx.com\\\/wp-content\\\/uploads\\\/2026\\\/08\\\/WhatsApp-Image-2026-08-31-at-3.30.54-PM.jpeg\",\"contentUrl\":\"https:\\\/\\\/continuamosmx.com\\\/wp-content\\\/uploads\\\/2026\\\/08\\\/WhatsApp-Image-2026-08-31-at-3.30.54-PM.jpeg\",\"width\":1600,\"height\":780},{\"@type\":\"BreadcrumbList\",\"@id\":\"https:\\\/\\\/continuamosmx.com\\\/index.php\\\/2026\\\/08\\\/31\\\/gobierno-estatal-y-municipal-encabezan-el-inicio-del-ciclo-escolar-2026-2027-en-tlalnepantla-con-la-estrategia-edomex-al-100\\\/#breadcrumb\",\"itemListElement\":[{\"@type\":\"ListItem\",\"position\":1,\"name\":\"Inicio\",\"item\":\"https:\\\/\\\/continuamosmx.com\\\/\"},{\"@type\":\"ListItem\",\"position\":2,\"name\":\"GOBIERNO ESTATAL Y MUNICIPAL ENCABEZAN EL INICIO DEL CICLO ESCOLAR 2026-2027 EN TLALNEPANTLA CON LA ESTRATEGIA \u00abEDOM\u00c9X AL 100\u00bb\"}]},{\"@type\":\"WebSite\",\"@id\":\"https:\\\/\\\/continuamosmx.com\\\/#website\",\"url\":\"https:\\\/\\\/continuamosmx.com\\\/\",\"name\":\"www.continuamosmx.com\",\"description\":\"\",\"publisher\":{\"@id\":\"https:\\\/\\\/continuamosmx.com\\\/#organization\"},\"potentialAction\":[{\"@type\":\"SearchAction\",\"target\":{\"@type\":\"EntryPoint\",\"urlTemplate\":\"https:\\\/\\\/continuamosmx.com\\\/?s={search_term_string}\"},\"query-input\":{\"@type\":\"PropertyValueSpecification\",\"valueRequired\":true,\"valueName\":\"search_term_string\"}}],\"inLanguage\":\"es\"},{\"@type\":\"Organization\",\"@id\":\"https:\\\/\\\/continuamosmx.com\\\/#organization\",\"name\":\"ContinuamosMX\",\"url\":\"https:\\\/\\\/continuamosmx.com\\\/\",\"logo\":{\"@type\":\"ImageObject\",\"inLanguage\":\"es\",\"@id\":\"https:\\\/\\\/continuamosmx.com\\\/#\\\/schema\\\/logo\\\/image\\\/\",\"url\":\"https:\\\/\\\/continuamosmx.com\\\/wp-content\\\/uploads\\\/2023\\\/04\\\/cropped-LOGO-CONTI-NUEVO.png\",\"contentUrl\":\"https:\\\/\\\/continuamosmx.com\\\/wp-content\\\/uploads\\\/2023\\\/04\\\/cropped-LOGO-CONTI-NUEVO.png\",\"width\":1257,\"height\":430,\"caption\":\"ContinuamosMX\"},\"image\":{\"@id\":\"https:\\\/\\\/continuamosmx.com\\\/#\\\/schema\\\/logo\\\/image\\\/\"}},{\"@type\":\"Person\",\"@id\":\"https:\\\/\\\/continuamosmx.com\\\/#\\\/schema\\\/person\\\/5eb5356acb1fad784da407d14f0e8d89\",\"name\":\"Continuamos MX\",\"image\":{\"@type\":\"ImageObject\",\"inLanguage\":\"es\",\"@id\":\"https:\\\/\\\/secure.gravatar.com\\\/avatar\\\/30d4f9723476a15f4da34d35fb3501f08d2357016c76051c6a85c354c7489589?s=96&d=mm&r=g\",\"url\":\"https:\\\/\\\/secure.gravatar.com\\\/avatar\\\/30d4f9723476a15f4da34d35fb3501f08d2357016c76051c6a85c354c7489589?s=96&d=mm&r=g\",\"contentUrl\":\"https:\\\/\\\/secure.gravatar.com\\\/avatar\\\/30d4f9723476a15f4da34d35fb3501f08d2357016c76051c6a85c354c7489589?s=96&d=mm&r=g\",\"caption\":\"Continuamos MX\"},\"sameAs\":[\"http:\\\/\\\/www.continuamos.mx\"],\"url\":\"https:\\\/\\\/continuamosmx.com\\\/index.php\\\/author\\\/continuamos\\\/\"}]}<\/script>\n<!-- \/ Yoast SEO plugin. -->","yoast_head_json":{"title":"GOBIERNO ESTATAL Y MUNICIPAL ENCABEZAN EL INICIO DEL CICLO ESCOLAR 2026-2027 EN TLALNEPANTLA CON LA ESTRATEGIA \"EDOM\u00c9X AL 100\" -","robots":{"index":"index","follow":"follow","max-snippet":"max-snippet:-1","max-image-preview":"max-image-preview:large","max-video-preview":"max-video-preview:-1"},"canonical":"https:\/\/continuamosmx.com\/index.php\/2026\/08\/31\/gobierno-estatal-y-municipal-encabezan-el-inicio-del-ciclo-escolar-2026-2027-en-tlalnepantla-con-la-estrategia-edomex-al-100\/","og_locale":"es_ES","og_type":"article","og_title":"GOBIERNO ESTATAL Y MUNICIPAL ENCABEZAN EL INICIO DEL CICLO ESCOLAR 2026-2027 EN TLALNEPANTLA CON LA ESTRATEGIA \"EDOM\u00c9X AL 100\" -","og_description":"*El Presidente Raciel P\u00e9rez Cruz y la Oficial Mayor M\u00f3nica Ch\u00e1vez Dur\u00e1n pusieron en marcha el ciclo escolar en la Escuela Secundaria \u00abMois\u00e9s S\u00e1enz\u00bb, destacando nuevas inversiones educativas y la estrategia estatal de apoyo a m\u00e1s de 4.2 millones de estudiantes. Tlalnepantla de Baz, Estado de M\u00e9xico.- En una suma de esfuerzos interinstitucional entre el [&hellip;]","og_url":"https:\/\/continuamosmx.com\/index.php\/2026\/08\/31\/gobierno-estatal-y-municipal-encabezan-el-inicio-del-ciclo-escolar-2026-2027-en-tlalnepantla-con-la-estrategia-edomex-al-100\/","article_published_time":"2026-08-31T21:36:01+00:00","article_modified_time":"2026-08-31T21:36:02+00:00","og_image":[{"width":1600,"height":780,"url":"https:\/\/continuamosmx.com\/wp-content\/uploads\/2026\/08\/WhatsApp-Image-2026-08-31-at-3.30.54-PM.jpeg","type":"image\/jpeg"}],"author":"Continuamos MX","twitter_card":"summary_large_image","twitter_misc":{"Escrito por":"Continuamos MX","Tiempo de lectura":"3 minutos"},"schema":{"@context":"https:\/\/schema.org","@graph":[{"@type":"Article","@id":"https:\/\/continuamosmx.com\/index.php\/2026\/08\/31\/gobierno-estatal-y-municipal-encabezan-el-inicio-del-ciclo-escolar-2026-2027-en-tlalnepantla-con-la-estrategia-edomex-al-100\/#article","isPartOf":{"@id":"https:\/\/continuamosmx.com\/index.php\/2026\/08\/31\/gobierno-estatal-y-municipal-encabezan-el-inicio-del-ciclo-escolar-2026-2027-en-tlalnepantla-con-la-estrategia-edomex-al-100\/"},"author":{"name":"Continuamos MX","@id":"https:\/\/continuamosmx.com\/#\/schema\/person\/5eb5356acb1fad784da407d14f0e8d89"},"headline":"GOBIERNO ESTATAL Y MUNICIPAL ENCABEZAN EL INICIO DEL CICLO ESCOLAR 2026-2027 EN TLALNEPANTLA CON LA ESTRATEGIA \u00abEDOM\u00c9X AL 100\u00bb","datePublished":"2026-08-31T21:36:01+00:00","dateModified":"2026-08-31T21:36:02+00:00","mainEntityOfPage":{"@id":"https:\/\/continuamosmx.com\/index.php\/2026\/08\/31\/gobierno-estatal-y-municipal-encabezan-el-inicio-del-ciclo-escolar-2026-2027-en-tlalnepantla-con-la-estrategia-edomex-al-100\/"},"wordCount":616,"publisher":{"@id":"https:\/\/continuamosmx.com\/#organization"},"image":{"@id":"https:\/\/continuamosmx.com\/index.php\/2026\/08\/31\/gobierno-estatal-y-municipal-encabezan-el-inicio-del-ciclo-escolar-2026-2027-en-tlalnepantla-con-la-estrategia-edomex-al-100\/#primaryimage"},"thumbnailUrl":"https:\/\/continuamosmx.com\/wp-content\/uploads\/2026\/08\/WhatsApp-Image-2026-08-31-at-3.30.54-PM.jpeg","articleSection":["LOCALES","TLALNEPANTLA"],"inLanguage":"es"},{"@type":"WebPage","@id":"https:\/\/continuamosmx.com\/index.php\/2026\/08\/31\/gobierno-estatal-y-municipal-encabezan-el-inicio-del-ciclo-escolar-2026-2027-en-tlalnepantla-con-la-estrategia-edomex-al-100\/","url":"https:\/\/continuamosmx.com\/index.php\/2026\/08\/31\/gobierno-estatal-y-municipal-encabezan-el-inicio-del-ciclo-escolar-2026-2027-en-tlalnepantla-con-la-estrategia-edomex-al-100\/","name":"GOBIERNO ESTATAL Y MUNICIPAL ENCABEZAN EL INICIO DEL CICLO ESCOLAR 2026-2027 EN TLALNEPANTLA CON LA ESTRATEGIA \"EDOM\u00c9X AL 100\" -","isPartOf":{"@id":"https:\/\/continuamosmx.com\/#website"},"primaryImageOfPage":{"@id":"https:\/\/continuamosmx.com\/index.php\/2026\/08\/31\/gobierno-estatal-y-municipal-encabezan-el-inicio-del-ciclo-escolar-2026-2027-en-tlalnepantla-con-la-estrategia-edomex-al-100\/#primaryimage"},"image":{"@id":"https:\/\/continuamosmx.com\/index.php\/2026\/08\/31\/gobierno-estatal-y-municipal-encabezan-el-inicio-del-ciclo-escolar-2026-2027-en-tlalnepantla-con-la-estrategia-edomex-al-100\/#primaryimage"},"thumbnailUrl":"https:\/\/continuamosmx.com\/wp-content\/uploads\/2026\/08\/WhatsApp-Image-2026-08-31-at-3.30.54-PM.jpeg","datePublished":"2026-08-31T21:36:01+00:00","dateModified":"2026-08-31T21:36:02+00:00","breadcrumb":{"@id":"https:\/\/continuamosmx.com\/index.php\/2026\/08\/31\/gobierno-estatal-y-municipal-encabezan-el-inicio-del-ciclo-escolar-2026-2027-en-tlalnepantla-con-la-estrategia-edomex-al-100\/#breadcrumb"},"inLanguage":"es","potentialAction":[{"@type":"ReadAction","target":["https:\/\/continuamosmx.com\/index.php\/2026\/08\/31\/gobierno-estatal-y-municipal-encabezan-el-inicio-del-ciclo-escolar-2026-2027-en-tlalnepantla-con-la-estrategia-edomex-al-100\/"]}]},{"@type":"ImageObject","inLanguage":"es","@id":"https:\/\/continuamosmx.com\/index.php\/2026\/08\/31\/gobierno-estatal-y-municipal-encabezan-el-inicio-del-ciclo-escolar-2026-2027-en-tlalnepantla-con-la-estrategia-edomex-al-100\/#primaryimage","url":"https:\/\/continuamosmx.com\/wp-content\/uploads\/2026\/08\/WhatsApp-Image-2026-08-31-at-3.30.54-PM.jpeg","contentUrl":"https:\/\/continuamosmx.com\/wp-content\/uploads\/2026\/08\/WhatsApp-Image-2026-08-31-at-3.30.54-PM.jpeg","width":1600,"height":780},{"@type":"BreadcrumbList","@id":"https:\/\/continuamosmx.com\/index.php\/2026\/08\/31\/gobierno-estatal-y-municipal-encabezan-el-inicio-del-ciclo-escolar-2026-2027-en-tlalnepantla-con-la-estrategia-edomex-al-100\/#breadcrumb","itemListElement":[{"@type":"ListItem","position":1,"name":"Inicio","item":"https:\/\/continuamosmx.com\/"},{"@type":"ListItem","position":2,"name":"GOBIERNO ESTATAL Y MUNICIPAL ENCABEZAN EL INICIO DEL CICLO ESCOLAR 2026-2027 EN TLALNEPANTLA CON LA ESTRATEGIA \u00abEDOM\u00c9X AL 100\u00bb"}]},{"@type":"WebSite","@id":"https:\/\/continuamosmx.com\/#website","url":"https:\/\/continuamosmx.com\/","name":"www.continuamosmx.com","description":"","publisher":{"@id":"https:\/\/continuamosmx.com\/#organization"},"potentialAction":[{"@type":"SearchAction","target":{"@type":"EntryPoint","urlTemplate":"https:\/\/continuamosmx.com\/?s={search_term_string}"},"query-input":{"@type":"PropertyValueSpecification","valueRequired":true,"valueName":"search_term_string"}}],"inLanguage":"es"},{"@type":"Organization","@id":"https:\/\/continuamosmx.com\/#organization","name":"ContinuamosMX","url":"https:\/\/continuamosmx.com\/","logo":{"@type":"ImageObject","inLanguage":"es","@id":"https:\/\/continuamosmx.com\/#\/schema\/logo\/image\/","url":"https:\/\/continuamosmx.com\/wp-content\/uploads\/2023\/04\/cropped-LOGO-CONTI-NUEVO.png","contentUrl":"https:\/\/continuamosmx.com\/wp-content\/uploads\/2023\/04\/cropped-LOGO-CONTI-NUEVO.png","width":1257,"height":430,"caption":"ContinuamosMX"},"image":{"@id":"https:\/\/continuamosmx.com\/#\/schema\/logo\/image\/"}},{"@type":"Person","@id":"https:\/\/continuamosmx.com\/#\/schema\/person\/5eb5356acb1fad784da407d14f0e8d89","name":"Continuamos MX","image":{"@type":"ImageObject","inLanguage":"es","@id":"https:\/\/secure.gravatar.com\/avatar\/30d4f9723476a15f4da34d35fb3501f08d2357016c76051c6a85c354c7489589?s=96&d=mm&r=g","url":"https:\/\/secure.gravatar.com\/avatar\/30d4f9723476a15f4da34d35fb3501f08d2357016c76051c6a85c354c7489589?s=96&d=mm&r=g","contentUrl":"https:\/\/secure.gravatar.com\/avatar\/30d4f9723476a15f4da34d35fb3501f08d2357016c76051c6a85c354c7489589?s=96&d=mm&r=g","caption":"Continuamos MX"},"sameAs":["http:\/\/www.continuamos.mx"],"url":"https:\/\/continuamosmx.com\/index.php\/author\/continuamos\/"}]}},"_links":{"self":[{"href":"https:\/\/continuamosmx.com\/index.php\/wp-json\/wp\/v2\/posts\/58120","targetHints":{"allow":["GET"]}}],"collection":[{"href":"https:\/\/continuamosmx.com\/index.php\/wp-json\/wp\/v2\/posts"}],"about":[{"href":"https:\/\/continuamosmx.com\/index.php\/wp-json\/wp\/v2\/types\/post"}],"author":[{"embeddable":true,"href":"https:\/\/continuamosmx.com\/index.php\/wp-json\/wp\/v2\/users\/6"}],"replies":[{"embeddable":true,"href":"https:\/\/continuamosmx.com\/index.php\/wp-json\/wp\/v2\/comments?post=58120"}],"version-history":[{"count":1,"href":"https:\/\/continuamosmx.com\/index.php\/wp-json\/wp\/v2\/posts\/58120\/revisions"}],"predecessor-version":[{"id":58122,"href":"https:\/\/continuamosmx.com\/index.php\/wp-json\/wp\/v2\/posts\/58120\/revisions\/58122"}],"wp:featuredmedia":[{"embeddable":true,"href":"https:\/\/continuamosmx.com\/index.php\/wp-json\/wp\/v2\/media\/58121"}],"wp:attachment":[{"href":"https:\/\/continuamosmx.com\/index.php\/wp-json\/wp\/v2\/media?parent=58120"}],"wp:term":[{"taxonomy":"category","embeddable":true,"href":"https:\/\/continuamosmx.com\/index.php\/wp-json\/wp\/v2\/categories?post=58120"},{"taxonomy":"post_tag","embeddable":true,"href":"https:\/\/continuamosmx.com\/index.php\/wp-json\/wp\/v2\/tags?post=58120"}],"curies":[{"name":"wp","href":"https:\/\/api.w.org\/{rel}","templated":true}]}}