{"id":58117,"date":"2026-08-31T15:31:34","date_gmt":"2026-08-31T21:31:34","guid":{"rendered":"https:\/\/continuamosmx.com\/?p=58117"},"modified":"2026-08-31T15:31:35","modified_gmt":"2026-08-31T21:31:35","slug":"huixquilucan-implementa-operativo-regreso-a-clases-para-garantizar-seguridad-y-flujo-vial","status":"publish","type":"post","link":"https:\/\/continuamosmx.com\/index.php\/2026\/08\/31\/huixquilucan-implementa-operativo-regreso-a-clases-para-garantizar-seguridad-y-flujo-vial\/","title":{"rendered":"HUIXQUILUCAN IMPLEMENTA OPERATIVO \u201cREGRESO A CLASES\u201d PARA GARANTIZAR SEGURIDAD Y FLUJO VIAL"},"content":{"rendered":"\n<h3 class=\"wp-block-heading\">*<strong>Con el despliegue total de la Polic\u00eda Municipal y el uso de tecnolog\u00eda de videovigilancia, el gobierno local busca salvaguardar a la comunidad estudiantil en este inicio de ciclo escolar.<\/strong><\/h3>\n\n\n\n<p class=\"wp-block-paragraph\"><strong>Huixquilucan, Estado de M\u00e9xico.<\/strong> Ante el inicio del ciclo escolar 2026-2027, el Gobierno de Huixquilucan puso en marcha el operativo \u201cRegreso a Clases\u201d a partir de las 05:00 horas de este lunes 31 de agosto. La estrategia tiene como prop\u00f3sito principal blindar los accesos a los planteles educativos, salvaguardar la integridad de alumnos, docentes y padres de familia, y mantener el orden vial en todo el territorio municipal.<\/p>\n\n\n\n<p class=\"wp-block-paragraph\">La presidenta municipal, Romina Contreras Carrasco, inform\u00f3 que elementos de la Direcci\u00f3n General de Seguridad P\u00fablica y Vialidad fueron desplegados de manera estrat\u00e9gica en avenidas principales, paraderos de transporte p\u00fablico y zonas escolares de alta afluencia. Asimismo, exhort\u00f3 a la ciudadan\u00eda a anticipar sus salidas para prevenir contratiempos.<\/p>\n\n\n\n<p class=\"wp-block-paragraph\">Para reforzar estas acciones de seguridad, el operativo se apoya en el monitoreo permanente desde los dos Centros de Mando municipales, el despliegue de seis torres m\u00f3viles de videovigilancia, m\u00e1s de mil c\u00e1maras operativas y nueve arcos lectores de placas ubicados en puntos estrat\u00e9gicos de entrada y salida de la demarcaci\u00f3n.<\/p>\n\n\n\n<p class=\"wp-block-paragraph\">Por su parte, el director general de Seguridad P\u00fablica y Vialidad, Luis Antonio Alarc\u00f3n Mart\u00ednez, detall\u00f3 que el estado de fuerza mantiene patrullajes a pie y en unidades m\u00f3viles, e hizo un llamado a los automovilistas a respetar el Reglamento de Tr\u00e1nsito, evitar pr\u00e1cticas como las dobles filas y conducir con precauci\u00f3n.<\/p>\n\n\n\n<p class=\"wp-block-paragraph\">Con este despliegue operativo, concluye formalmente el \u201cOperativo de Verano 2026\u201d, implementado desde el pasado 15 de julio. Ante cualquier eventualidad, las autoridades recordaron que la ciudadan\u00eda cuenta con las l\u00edneas telef\u00f3nicas de emergencia del Centro de Mando: (55) 3605 1439, (55) 3605 1440, (55) 3605 1441, (55) 5290 6064 y (55) 8284 2237, adem\u00e1s de la aplicaci\u00f3n m\u00f3vil SayVU.<\/p>\n","protected":false},"excerpt":{"rendered":"<p>*Con el despliegue total de la Polic\u00eda Municipal y el uso de tecnolog\u00eda de videovigilancia, el gobierno local busca salvaguardar a la comunidad estudiantil en este inicio de ciclo escolar. Huixquilucan, Estado de M\u00e9xico. Ante el inicio del ciclo escolar 2026-2027, el Gobierno de Huixquilucan puso en marcha el operativo \u201cRegreso a Clases\u201d a partir [&hellip;]<\/p>\n","protected":false},"author":6,"featured_media":58118,"comment_status":"closed","ping_status":"closed","sticky":false,"template":"","format":"standard","meta":{"footnotes":""},"categories":[5,4],"tags":[],"class_list":["post-58117","post","type-post","status-publish","format-standard","has-post-thumbnail","hentry","category-huixquilucan","category-locales"],"yoast_head":"<!-- This site is optimized with the Yoast SEO plugin v28.3 - https:\/\/yoast.com\/product\/yoast-seo-wordpress\/ -->\n<title>HUIXQUILUCAN IMPLEMENTA OPERATIVO \u201cREGRESO A CLASES\u201d PARA GARANTIZAR SEGURIDAD Y FLUJO VIAL -<\/title>\n<meta name=\"robots\" content=\"index, follow, max-snippet:-1, max-image-preview:large, max-video-preview:-1\" \/>\n<link rel=\"canonical\" href=\"https:\/\/continuamosmx.com\/index.php\/2026\/08\/31\/huixquilucan-implementa-operativo-regreso-a-clases-para-garantizar-seguridad-y-flujo-vial\/\" \/>\n<meta property=\"og:locale\" content=\"es_ES\" \/>\n<meta property=\"og:type\" content=\"article\" \/>\n<meta property=\"og:title\" content=\"HUIXQUILUCAN IMPLEMENTA OPERATIVO \u201cREGRESO A CLASES\u201d PARA GARANTIZAR SEGURIDAD Y FLUJO VIAL -\" \/>\n<meta property=\"og:description\" content=\"*Con el despliegue total de la Polic\u00eda Municipal y el uso de tecnolog\u00eda de videovigilancia, el gobierno local busca salvaguardar a la comunidad estudiantil en este inicio de ciclo escolar. Huixquilucan, Estado de M\u00e9xico. Ante el inicio del ciclo escolar 2026-2027, el Gobierno de Huixquilucan puso en marcha el operativo \u201cRegreso a Clases\u201d a partir [&hellip;]\" \/>\n<meta property=\"og:url\" content=\"https:\/\/continuamosmx.com\/index.php\/2026\/08\/31\/huixquilucan-implementa-operativo-regreso-a-clases-para-garantizar-seguridad-y-flujo-vial\/\" \/>\n<meta property=\"article:published_time\" content=\"2026-08-31T21:31:34+00:00\" \/>\n<meta property=\"article:modified_time\" content=\"2026-08-31T21:31:35+00:00\" \/>\n<meta property=\"og:image\" content=\"https:\/\/continuamosmx.com\/wp-content\/uploads\/2026\/08\/WhatsApp-Image-2026-08-31-at-1.54.54-PM.jpeg\" \/>\n\t<meta property=\"og:image:width\" content=\"1600\" \/>\n\t<meta property=\"og:image:height\" content=\"1200\" \/>\n\t<meta property=\"og:image:type\" content=\"image\/jpeg\" \/>\n<meta name=\"author\" content=\"Continuamos MX\" \/>\n<meta name=\"twitter:card\" content=\"summary_large_image\" \/>\n<meta name=\"twitter:label1\" content=\"Escrito por\" \/>\n\t<meta name=\"twitter:data1\" content=\"Continuamos MX\" \/>\n\t<meta name=\"twitter:label2\" content=\"Tiempo de lectura\" \/>\n\t<meta name=\"twitter:data2\" content=\"2 minutos\" \/>\n<script type=\"application\/ld+json\" class=\"yoast-schema-graph\">{\"@context\":\"https:\\\/\\\/schema.org\",\"@graph\":[{\"@type\":\"Article\",\"@id\":\"https:\\\/\\\/continuamosmx.com\\\/index.php\\\/2026\\\/08\\\/31\\\/huixquilucan-implementa-operativo-regreso-a-clases-para-garantizar-seguridad-y-flujo-vial\\\/#article\",\"isPartOf\":{\"@id\":\"https:\\\/\\\/continuamosmx.com\\\/index.php\\\/2026\\\/08\\\/31\\\/huixquilucan-implementa-operativo-regreso-a-clases-para-garantizar-seguridad-y-flujo-vial\\\/\"},\"author\":{\"name\":\"Continuamos MX\",\"@id\":\"https:\\\/\\\/continuamosmx.com\\\/#\\\/schema\\\/person\\\/5eb5356acb1fad784da407d14f0e8d89\"},\"headline\":\"HUIXQUILUCAN IMPLEMENTA OPERATIVO \u201cREGRESO A CLASES\u201d PARA GARANTIZAR SEGURIDAD Y FLUJO VIAL\",\"datePublished\":\"2026-08-31T21:31:34+00:00\",\"dateModified\":\"2026-08-31T21:31:35+00:00\",\"mainEntityOfPage\":{\"@id\":\"https:\\\/\\\/continuamosmx.com\\\/index.php\\\/2026\\\/08\\\/31\\\/huixquilucan-implementa-operativo-regreso-a-clases-para-garantizar-seguridad-y-flujo-vial\\\/\"},\"wordCount\":329,\"publisher\":{\"@id\":\"https:\\\/\\\/continuamosmx.com\\\/#organization\"},\"image\":{\"@id\":\"https:\\\/\\\/continuamosmx.com\\\/index.php\\\/2026\\\/08\\\/31\\\/huixquilucan-implementa-operativo-regreso-a-clases-para-garantizar-seguridad-y-flujo-vial\\\/#primaryimage\"},\"thumbnailUrl\":\"https:\\\/\\\/continuamosmx.com\\\/wp-content\\\/uploads\\\/2026\\\/08\\\/WhatsApp-Image-2026-08-31-at-1.54.54-PM.jpeg\",\"articleSection\":[\"HUIXQUILUCAN\",\"LOCALES\"],\"inLanguage\":\"es\"},{\"@type\":\"WebPage\",\"@id\":\"https:\\\/\\\/continuamosmx.com\\\/index.php\\\/2026\\\/08\\\/31\\\/huixquilucan-implementa-operativo-regreso-a-clases-para-garantizar-seguridad-y-flujo-vial\\\/\",\"url\":\"https:\\\/\\\/continuamosmx.com\\\/index.php\\\/2026\\\/08\\\/31\\\/huixquilucan-implementa-operativo-regreso-a-clases-para-garantizar-seguridad-y-flujo-vial\\\/\",\"name\":\"HUIXQUILUCAN IMPLEMENTA OPERATIVO \u201cREGRESO A CLASES\u201d PARA GARANTIZAR SEGURIDAD Y FLUJO VIAL -\",\"isPartOf\":{\"@id\":\"https:\\\/\\\/continuamosmx.com\\\/#website\"},\"primaryImageOfPage\":{\"@id\":\"https:\\\/\\\/continuamosmx.com\\\/index.php\\\/2026\\\/08\\\/31\\\/huixquilucan-implementa-operativo-regreso-a-clases-para-garantizar-seguridad-y-flujo-vial\\\/#primaryimage\"},\"image\":{\"@id\":\"https:\\\/\\\/continuamosmx.com\\\/index.php\\\/2026\\\/08\\\/31\\\/huixquilucan-implementa-operativo-regreso-a-clases-para-garantizar-seguridad-y-flujo-vial\\\/#primaryimage\"},\"thumbnailUrl\":\"https:\\\/\\\/continuamosmx.com\\\/wp-content\\\/uploads\\\/2026\\\/08\\\/WhatsApp-Image-2026-08-31-at-1.54.54-PM.jpeg\",\"datePublished\":\"2026-08-31T21:31:34+00:00\",\"dateModified\":\"2026-08-31T21:31:35+00:00\",\"breadcrumb\":{\"@id\":\"https:\\\/\\\/continuamosmx.com\\\/index.php\\\/2026\\\/08\\\/31\\\/huixquilucan-implementa-operativo-regreso-a-clases-para-garantizar-seguridad-y-flujo-vial\\\/#breadcrumb\"},\"inLanguage\":\"es\",\"potentialAction\":[{\"@type\":\"ReadAction\",\"target\":[\"https:\\\/\\\/continuamosmx.com\\\/index.php\\\/2026\\\/08\\\/31\\\/huixquilucan-implementa-operativo-regreso-a-clases-para-garantizar-seguridad-y-flujo-vial\\\/\"]}]},{\"@type\":\"ImageObject\",\"inLanguage\":\"es\",\"@id\":\"https:\\\/\\\/continuamosmx.com\\\/index.php\\\/2026\\\/08\\\/31\\\/huixquilucan-implementa-operativo-regreso-a-clases-para-garantizar-seguridad-y-flujo-vial\\\/#primaryimage\",\"url\":\"https:\\\/\\\/continuamosmx.com\\\/wp-content\\\/uploads\\\/2026\\\/08\\\/WhatsApp-Image-2026-08-31-at-1.54.54-PM.jpeg\",\"contentUrl\":\"https:\\\/\\\/continuamosmx.com\\\/wp-content\\\/uploads\\\/2026\\\/08\\\/WhatsApp-Image-2026-08-31-at-1.54.54-PM.jpeg\",\"width\":1600,\"height\":1200},{\"@type\":\"BreadcrumbList\",\"@id\":\"https:\\\/\\\/continuamosmx.com\\\/index.php\\\/2026\\\/08\\\/31\\\/huixquilucan-implementa-operativo-regreso-a-clases-para-garantizar-seguridad-y-flujo-vial\\\/#breadcrumb\",\"itemListElement\":[{\"@type\":\"ListItem\",\"position\":1,\"name\":\"Inicio\",\"item\":\"https:\\\/\\\/continuamosmx.com\\\/\"},{\"@type\":\"ListItem\",\"position\":2,\"name\":\"HUIXQUILUCAN IMPLEMENTA OPERATIVO \u201cREGRESO A CLASES\u201d PARA GARANTIZAR SEGURIDAD Y FLUJO VIAL\"}]},{\"@type\":\"WebSite\",\"@id\":\"https:\\\/\\\/continuamosmx.com\\\/#website\",\"url\":\"https:\\\/\\\/continuamosmx.com\\\/\",\"name\":\"www.continuamosmx.com\",\"description\":\"\",\"publisher\":{\"@id\":\"https:\\\/\\\/continuamosmx.com\\\/#organization\"},\"potentialAction\":[{\"@type\":\"SearchAction\",\"target\":{\"@type\":\"EntryPoint\",\"urlTemplate\":\"https:\\\/\\\/continuamosmx.com\\\/?s={search_term_string}\"},\"query-input\":{\"@type\":\"PropertyValueSpecification\",\"valueRequired\":true,\"valueName\":\"search_term_string\"}}],\"inLanguage\":\"es\"},{\"@type\":\"Organization\",\"@id\":\"https:\\\/\\\/continuamosmx.com\\\/#organization\",\"name\":\"ContinuamosMX\",\"url\":\"https:\\\/\\\/continuamosmx.com\\\/\",\"logo\":{\"@type\":\"ImageObject\",\"inLanguage\":\"es\",\"@id\":\"https:\\\/\\\/continuamosmx.com\\\/#\\\/schema\\\/logo\\\/image\\\/\",\"url\":\"https:\\\/\\\/continuamosmx.com\\\/wp-content\\\/uploads\\\/2023\\\/04\\\/cropped-LOGO-CONTI-NUEVO.png\",\"contentUrl\":\"https:\\\/\\\/continuamosmx.com\\\/wp-content\\\/uploads\\\/2023\\\/04\\\/cropped-LOGO-CONTI-NUEVO.png\",\"width\":1257,\"height\":430,\"caption\":\"ContinuamosMX\"},\"image\":{\"@id\":\"https:\\\/\\\/continuamosmx.com\\\/#\\\/schema\\\/logo\\\/image\\\/\"}},{\"@type\":\"Person\",\"@id\":\"https:\\\/\\\/continuamosmx.com\\\/#\\\/schema\\\/person\\\/5eb5356acb1fad784da407d14f0e8d89\",\"name\":\"Continuamos MX\",\"image\":{\"@type\":\"ImageObject\",\"inLanguage\":\"es\",\"@id\":\"https:\\\/\\\/secure.gravatar.com\\\/avatar\\\/30d4f9723476a15f4da34d35fb3501f08d2357016c76051c6a85c354c7489589?s=96&d=mm&r=g\",\"url\":\"https:\\\/\\\/secure.gravatar.com\\\/avatar\\\/30d4f9723476a15f4da34d35fb3501f08d2357016c76051c6a85c354c7489589?s=96&d=mm&r=g\",\"contentUrl\":\"https:\\\/\\\/secure.gravatar.com\\\/avatar\\\/30d4f9723476a15f4da34d35fb3501f08d2357016c76051c6a85c354c7489589?s=96&d=mm&r=g\",\"caption\":\"Continuamos MX\"},\"sameAs\":[\"http:\\\/\\\/www.continuamos.mx\"],\"url\":\"https:\\\/\\\/continuamosmx.com\\\/index.php\\\/author\\\/continuamos\\\/\"}]}<\/script>\n<!-- \/ Yoast SEO plugin. -->","yoast_head_json":{"title":"HUIXQUILUCAN IMPLEMENTA OPERATIVO \u201cREGRESO A CLASES\u201d PARA GARANTIZAR SEGURIDAD Y FLUJO VIAL -","robots":{"index":"index","follow":"follow","max-snippet":"max-snippet:-1","max-image-preview":"max-image-preview:large","max-video-preview":"max-video-preview:-1"},"canonical":"https:\/\/continuamosmx.com\/index.php\/2026\/08\/31\/huixquilucan-implementa-operativo-regreso-a-clases-para-garantizar-seguridad-y-flujo-vial\/","og_locale":"es_ES","og_type":"article","og_title":"HUIXQUILUCAN IMPLEMENTA OPERATIVO \u201cREGRESO A CLASES\u201d PARA GARANTIZAR SEGURIDAD Y FLUJO VIAL -","og_description":"*Con el despliegue total de la Polic\u00eda Municipal y el uso de tecnolog\u00eda de videovigilancia, el gobierno local busca salvaguardar a la comunidad estudiantil en este inicio de ciclo escolar. Huixquilucan, Estado de M\u00e9xico. Ante el inicio del ciclo escolar 2026-2027, el Gobierno de Huixquilucan puso en marcha el operativo \u201cRegreso a Clases\u201d a partir [&hellip;]","og_url":"https:\/\/continuamosmx.com\/index.php\/2026\/08\/31\/huixquilucan-implementa-operativo-regreso-a-clases-para-garantizar-seguridad-y-flujo-vial\/","article_published_time":"2026-08-31T21:31:34+00:00","article_modified_time":"2026-08-31T21:31:35+00:00","og_image":[{"width":1600,"height":1200,"url":"https:\/\/continuamosmx.com\/wp-content\/uploads\/2026\/08\/WhatsApp-Image-2026-08-31-at-1.54.54-PM.jpeg","type":"image\/jpeg"}],"author":"Continuamos MX","twitter_card":"summary_large_image","twitter_misc":{"Escrito por":"Continuamos MX","Tiempo de lectura":"2 minutos"},"schema":{"@context":"https:\/\/schema.org","@graph":[{"@type":"Article","@id":"https:\/\/continuamosmx.com\/index.php\/2026\/08\/31\/huixquilucan-implementa-operativo-regreso-a-clases-para-garantizar-seguridad-y-flujo-vial\/#article","isPartOf":{"@id":"https:\/\/continuamosmx.com\/index.php\/2026\/08\/31\/huixquilucan-implementa-operativo-regreso-a-clases-para-garantizar-seguridad-y-flujo-vial\/"},"author":{"name":"Continuamos MX","@id":"https:\/\/continuamosmx.com\/#\/schema\/person\/5eb5356acb1fad784da407d14f0e8d89"},"headline":"HUIXQUILUCAN IMPLEMENTA OPERATIVO \u201cREGRESO A CLASES\u201d PARA GARANTIZAR SEGURIDAD Y FLUJO VIAL","datePublished":"2026-08-31T21:31:34+00:00","dateModified":"2026-08-31T21:31:35+00:00","mainEntityOfPage":{"@id":"https:\/\/continuamosmx.com\/index.php\/2026\/08\/31\/huixquilucan-implementa-operativo-regreso-a-clases-para-garantizar-seguridad-y-flujo-vial\/"},"wordCount":329,"publisher":{"@id":"https:\/\/continuamosmx.com\/#organization"},"image":{"@id":"https:\/\/continuamosmx.com\/index.php\/2026\/08\/31\/huixquilucan-implementa-operativo-regreso-a-clases-para-garantizar-seguridad-y-flujo-vial\/#primaryimage"},"thumbnailUrl":"https:\/\/continuamosmx.com\/wp-content\/uploads\/2026\/08\/WhatsApp-Image-2026-08-31-at-1.54.54-PM.jpeg","articleSection":["HUIXQUILUCAN","LOCALES"],"inLanguage":"es"},{"@type":"WebPage","@id":"https:\/\/continuamosmx.com\/index.php\/2026\/08\/31\/huixquilucan-implementa-operativo-regreso-a-clases-para-garantizar-seguridad-y-flujo-vial\/","url":"https:\/\/continuamosmx.com\/index.php\/2026\/08\/31\/huixquilucan-implementa-operativo-regreso-a-clases-para-garantizar-seguridad-y-flujo-vial\/","name":"HUIXQUILUCAN IMPLEMENTA OPERATIVO \u201cREGRESO A CLASES\u201d PARA GARANTIZAR SEGURIDAD Y FLUJO VIAL -","isPartOf":{"@id":"https:\/\/continuamosmx.com\/#website"},"primaryImageOfPage":{"@id":"https:\/\/continuamosmx.com\/index.php\/2026\/08\/31\/huixquilucan-implementa-operativo-regreso-a-clases-para-garantizar-seguridad-y-flujo-vial\/#primaryimage"},"image":{"@id":"https:\/\/continuamosmx.com\/index.php\/2026\/08\/31\/huixquilucan-implementa-operativo-regreso-a-clases-para-garantizar-seguridad-y-flujo-vial\/#primaryimage"},"thumbnailUrl":"https:\/\/continuamosmx.com\/wp-content\/uploads\/2026\/08\/WhatsApp-Image-2026-08-31-at-1.54.54-PM.jpeg","datePublished":"2026-08-31T21:31:34+00:00","dateModified":"2026-08-31T21:31:35+00:00","breadcrumb":{"@id":"https:\/\/continuamosmx.com\/index.php\/2026\/08\/31\/huixquilucan-implementa-operativo-regreso-a-clases-para-garantizar-seguridad-y-flujo-vial\/#breadcrumb"},"inLanguage":"es","potentialAction":[{"@type":"ReadAction","target":["https:\/\/continuamosmx.com\/index.php\/2026\/08\/31\/huixquilucan-implementa-operativo-regreso-a-clases-para-garantizar-seguridad-y-flujo-vial\/"]}]},{"@type":"ImageObject","inLanguage":"es","@id":"https:\/\/continuamosmx.com\/index.php\/2026\/08\/31\/huixquilucan-implementa-operativo-regreso-a-clases-para-garantizar-seguridad-y-flujo-vial\/#primaryimage","url":"https:\/\/continuamosmx.com\/wp-content\/uploads\/2026\/08\/WhatsApp-Image-2026-08-31-at-1.54.54-PM.jpeg","contentUrl":"https:\/\/continuamosmx.com\/wp-content\/uploads\/2026\/08\/WhatsApp-Image-2026-08-31-at-1.54.54-PM.jpeg","width":1600,"height":1200},{"@type":"BreadcrumbList","@id":"https:\/\/continuamosmx.com\/index.php\/2026\/08\/31\/huixquilucan-implementa-operativo-regreso-a-clases-para-garantizar-seguridad-y-flujo-vial\/#breadcrumb","itemListElement":[{"@type":"ListItem","position":1,"name":"Inicio","item":"https:\/\/continuamosmx.com\/"},{"@type":"ListItem","position":2,"name":"HUIXQUILUCAN IMPLEMENTA OPERATIVO \u201cREGRESO A CLASES\u201d PARA GARANTIZAR SEGURIDAD Y FLUJO VIAL"}]},{"@type":"WebSite","@id":"https:\/\/continuamosmx.com\/#website","url":"https:\/\/continuamosmx.com\/","name":"www.continuamosmx.com","description":"","publisher":{"@id":"https:\/\/continuamosmx.com\/#organization"},"potentialAction":[{"@type":"SearchAction","target":{"@type":"EntryPoint","urlTemplate":"https:\/\/continuamosmx.com\/?s={search_term_string}"},"query-input":{"@type":"PropertyValueSpecification","valueRequired":true,"valueName":"search_term_string"}}],"inLanguage":"es"},{"@type":"Organization","@id":"https:\/\/continuamosmx.com\/#organization","name":"ContinuamosMX","url":"https:\/\/continuamosmx.com\/","logo":{"@type":"ImageObject","inLanguage":"es","@id":"https:\/\/continuamosmx.com\/#\/schema\/logo\/image\/","url":"https:\/\/continuamosmx.com\/wp-content\/uploads\/2023\/04\/cropped-LOGO-CONTI-NUEVO.png","contentUrl":"https:\/\/continuamosmx.com\/wp-content\/uploads\/2023\/04\/cropped-LOGO-CONTI-NUEVO.png","width":1257,"height":430,"caption":"ContinuamosMX"},"image":{"@id":"https:\/\/continuamosmx.com\/#\/schema\/logo\/image\/"}},{"@type":"Person","@id":"https:\/\/continuamosmx.com\/#\/schema\/person\/5eb5356acb1fad784da407d14f0e8d89","name":"Continuamos MX","image":{"@type":"ImageObject","inLanguage":"es","@id":"https:\/\/secure.gravatar.com\/avatar\/30d4f9723476a15f4da34d35fb3501f08d2357016c76051c6a85c354c7489589?s=96&d=mm&r=g","url":"https:\/\/secure.gravatar.com\/avatar\/30d4f9723476a15f4da34d35fb3501f08d2357016c76051c6a85c354c7489589?s=96&d=mm&r=g","contentUrl":"https:\/\/secure.gravatar.com\/avatar\/30d4f9723476a15f4da34d35fb3501f08d2357016c76051c6a85c354c7489589?s=96&d=mm&r=g","caption":"Continuamos MX"},"sameAs":["http:\/\/www.continuamos.mx"],"url":"https:\/\/continuamosmx.com\/index.php\/author\/continuamos\/"}]}},"_links":{"self":[{"href":"https:\/\/continuamosmx.com\/index.php\/wp-json\/wp\/v2\/posts\/58117","targetHints":{"allow":["GET"]}}],"collection":[{"href":"https:\/\/continuamosmx.com\/index.php\/wp-json\/wp\/v2\/posts"}],"about":[{"href":"https:\/\/continuamosmx.com\/index.php\/wp-json\/wp\/v2\/types\/post"}],"author":[{"embeddable":true,"href":"https:\/\/continuamosmx.com\/index.php\/wp-json\/wp\/v2\/users\/6"}],"replies":[{"embeddable":true,"href":"https:\/\/continuamosmx.com\/index.php\/wp-json\/wp\/v2\/comments?post=58117"}],"version-history":[{"count":1,"href":"https:\/\/continuamosmx.com\/index.php\/wp-json\/wp\/v2\/posts\/58117\/revisions"}],"predecessor-version":[{"id":58119,"href":"https:\/\/continuamosmx.com\/index.php\/wp-json\/wp\/v2\/posts\/58117\/revisions\/58119"}],"wp:featuredmedia":[{"embeddable":true,"href":"https:\/\/continuamosmx.com\/index.php\/wp-json\/wp\/v2\/media\/58118"}],"wp:attachment":[{"href":"https:\/\/continuamosmx.com\/index.php\/wp-json\/wp\/v2\/media?parent=58117"}],"wp:term":[{"taxonomy":"category","embeddable":true,"href":"https:\/\/continuamosmx.com\/index.php\/wp-json\/wp\/v2\/categories?post=58117"},{"taxonomy":"post_tag","embeddable":true,"href":"https:\/\/continuamosmx.com\/index.php\/wp-json\/wp\/v2\/tags?post=58117"}],"curies":[{"name":"wp","href":"https:\/\/api.w.org\/{rel}","templated":true}]}}