{"id":54786,"date":"2026-05-01T19:43:12","date_gmt":"2026-05-02T01:43:12","guid":{"rendered":"https:\/\/continuamosmx.com\/?p=54786"},"modified":"2026-05-01T19:43:12","modified_gmt":"2026-05-02T01:43:12","slug":"reiteran-compromiso-con-la-justicia-laboral-y-la-prosperidad-compartida-en-naucalpan","status":"publish","type":"post","link":"https:\/\/continuamosmx.com\/index.php\/2026\/05\/01\/reiteran-compromiso-con-la-justicia-laboral-y-la-prosperidad-compartida-en-naucalpan\/","title":{"rendered":"REITERAN COMPROMISO CON LA JUSTICIA LABORAL Y LA PROSPERIDAD COMPARTIDA EN NAUCALPAN"},"content":{"rendered":"\n<h3 class=\"wp-block-heading\">*<strong>El alcalde Isaac Montoya M\u00e1rquez y la dirigencia del SUTEYM estrechan lazos para dignificar el servicio p\u00fablico y saldar deudas hist\u00f3ricas en el municipio.<\/strong><\/h3>\n\n\n\n<p>NAUCALPAN DE JU\u00c1REZ, Estado de M\u00e9xico \u2013 En el marco de la conmemoraci\u00f3n del D\u00eda del Trabajo, el Presidente Municipal Isaac Montoya M\u00e1rquez reafirm\u00f3 que su administraci\u00f3n ser\u00e1 un gobierno cercano a la fuerza laboral, operando bajo los principios de justicia social y prosperidad compartida. Ante cientos de agremiados del Sindicato \u00danico de Trabajadores de los Poderes, Municipios e Instituciones Descentralizadas del Estado de M\u00e9xico (SUTEYM), el edil destac\u00f3 que la transformaci\u00f3n de Naucalpan no dejar\u00e1 a nadie atr\u00e1s, priorizando el bienestar de quienes mantienen la operatividad del municipio.<\/p>\n\n\n\n<p>Acompa\u00f1ado por el secretario de la Secci\u00f3n Naucalpan, Tom\u00e1s Palomares Parra, Montoya M\u00e1rquez subray\u00f3 que su gesti\u00f3n tomar\u00e1 decisiones con conciencia social para atender las zonas m\u00e1s rezagadas. Entre los anuncios destacados, inform\u00f3 sobre la conclusi\u00f3n de la red de drenaje y pavimentaci\u00f3n total en Lomas de los Remedios, as\u00ed como el inicio de obras viales en la Avenida San Fernando. Adem\u00e1s, como un acto simb\u00f3lico de respeto a la identidad trabajadora, se destac\u00f3 la restauraci\u00f3n y reubicaci\u00f3n del Monumento al Obrero, conocido como la Oda de Hierro.<\/p>\n\n\n\n<p>Por su parte, el l\u00edder sindical Tom\u00e1s Palomares resalt\u00f3 la estrecha colaboraci\u00f3n que existe con el Gobierno Municipal y el respaldo de la Gobernadora Delfina G\u00f3mez \u00c1lvarez. Durante el evento, en el que tambi\u00e9n particip\u00f3 la Presidenta del DIF Municipal, Adriana G. Escobar, se reconoci\u00f3 la recuperaci\u00f3n hist\u00f3rica del salario m\u00ednimo a nivel nacional. Los representantes sindicales calificaron como un hecho sin precedentes la apertura y humildad de la actual administraci\u00f3n para trabajar de la mano con la estructura laboral en beneficio de la comunidad naucalpense.<\/p>\n\n\n\n<figure class=\"wp-block-gallery has-nested-images columns-default is-cropped wp-block-gallery-1 is-layout-flex wp-block-gallery-is-layout-flex\">\n<figure class=\"wp-block-image size-large\"><img loading=\"lazy\" decoding=\"async\" width=\"1024\" height=\"724\" data-id=\"54789\" src=\"https:\/\/continuamosmx.com\/wp-content\/uploads\/2026\/05\/WhatsApp-Image-2026-05-01-at-7.32.37-PM-1024x724.jpeg\" alt=\"\" class=\"wp-image-54789\" srcset=\"https:\/\/continuamosmx.com\/wp-content\/uploads\/2026\/05\/WhatsApp-Image-2026-05-01-at-7.32.37-PM-1024x724.jpeg 1024w, https:\/\/continuamosmx.com\/wp-content\/uploads\/2026\/05\/WhatsApp-Image-2026-05-01-at-7.32.37-PM-300x212.jpeg 300w, https:\/\/continuamosmx.com\/wp-content\/uploads\/2026\/05\/WhatsApp-Image-2026-05-01-at-7.32.37-PM-768x543.jpeg 768w, https:\/\/continuamosmx.com\/wp-content\/uploads\/2026\/05\/WhatsApp-Image-2026-05-01-at-7.32.37-PM-1536x1087.jpeg 1536w, https:\/\/continuamosmx.com\/wp-content\/uploads\/2026\/05\/WhatsApp-Image-2026-05-01-at-7.32.37-PM.jpeg 1600w\" sizes=\"auto, (max-width: 1024px) 100vw, 1024px\" \/><\/figure>\n\n\n\n<figure class=\"wp-block-image size-large\"><img loading=\"lazy\" decoding=\"async\" width=\"1024\" height=\"397\" data-id=\"54787\" src=\"https:\/\/continuamosmx.com\/wp-content\/uploads\/2026\/05\/WhatsApp-Image-2026-05-01-at-7.32.37-PM-3-1024x397.jpeg\" alt=\"\" class=\"wp-image-54787\" srcset=\"https:\/\/continuamosmx.com\/wp-content\/uploads\/2026\/05\/WhatsApp-Image-2026-05-01-at-7.32.37-PM-3-1024x397.jpeg 1024w, https:\/\/continuamosmx.com\/wp-content\/uploads\/2026\/05\/WhatsApp-Image-2026-05-01-at-7.32.37-PM-3-300x116.jpeg 300w, https:\/\/continuamosmx.com\/wp-content\/uploads\/2026\/05\/WhatsApp-Image-2026-05-01-at-7.32.37-PM-3-768x298.jpeg 768w, https:\/\/continuamosmx.com\/wp-content\/uploads\/2026\/05\/WhatsApp-Image-2026-05-01-at-7.32.37-PM-3-1536x595.jpeg 1536w, https:\/\/continuamosmx.com\/wp-content\/uploads\/2026\/05\/WhatsApp-Image-2026-05-01-at-7.32.37-PM-3.jpeg 1600w\" sizes=\"auto, (max-width: 1024px) 100vw, 1024px\" \/><\/figure>\n<\/figure>\n","protected":false},"excerpt":{"rendered":"<p>*El alcalde Isaac Montoya M\u00e1rquez y la dirigencia del SUTEYM estrechan lazos para dignificar el servicio p\u00fablico y saldar deudas hist\u00f3ricas en el municipio. NAUCALPAN DE JU\u00c1REZ, Estado de M\u00e9xico \u2013 En el marco de la conmemoraci\u00f3n del D\u00eda del Trabajo, el Presidente Municipal Isaac Montoya M\u00e1rquez reafirm\u00f3 que su administraci\u00f3n ser\u00e1 un gobierno cercano [&hellip;]<\/p>\n","protected":false},"author":6,"featured_media":54788,"comment_status":"closed","ping_status":"closed","sticky":false,"template":"","format":"standard","meta":{"footnotes":""},"categories":[4,64],"tags":[],"class_list":["post-54786","post","type-post","status-publish","format-standard","has-post-thumbnail","hentry","category-locales","category-naucalpan"],"yoast_head":"<!-- This site is optimized with the Yoast SEO plugin v27.5 - https:\/\/yoast.com\/product\/yoast-seo-wordpress\/ -->\n<title>REITERAN COMPROMISO CON LA JUSTICIA LABORAL Y LA PROSPERIDAD COMPARTIDA EN NAUCALPAN -<\/title>\n<meta name=\"robots\" content=\"index, follow, max-snippet:-1, max-image-preview:large, max-video-preview:-1\" \/>\n<link rel=\"canonical\" href=\"https:\/\/continuamosmx.com\/index.php\/2026\/05\/01\/reiteran-compromiso-con-la-justicia-laboral-y-la-prosperidad-compartida-en-naucalpan\/\" \/>\n<meta property=\"og:locale\" content=\"es_ES\" \/>\n<meta property=\"og:type\" content=\"article\" \/>\n<meta property=\"og:title\" content=\"REITERAN COMPROMISO CON LA JUSTICIA LABORAL Y LA PROSPERIDAD COMPARTIDA EN NAUCALPAN -\" \/>\n<meta property=\"og:description\" content=\"*El alcalde Isaac Montoya M\u00e1rquez y la dirigencia del SUTEYM estrechan lazos para dignificar el servicio p\u00fablico y saldar deudas hist\u00f3ricas en el municipio. NAUCALPAN DE JU\u00c1REZ, Estado de M\u00e9xico \u2013 En el marco de la conmemoraci\u00f3n del D\u00eda del Trabajo, el Presidente Municipal Isaac Montoya M\u00e1rquez reafirm\u00f3 que su administraci\u00f3n ser\u00e1 un gobierno cercano [&hellip;]\" \/>\n<meta property=\"og:url\" content=\"https:\/\/continuamosmx.com\/index.php\/2026\/05\/01\/reiteran-compromiso-con-la-justicia-laboral-y-la-prosperidad-compartida-en-naucalpan\/\" \/>\n<meta property=\"article:published_time\" content=\"2026-05-02T01:43:12+00:00\" \/>\n<meta property=\"og:image\" content=\"https:\/\/continuamosmx.com\/wp-content\/uploads\/2026\/05\/WhatsApp-Image-2026-05-01-at-7.32.37-PM-1.jpeg\" \/>\n\t<meta property=\"og:image:width\" content=\"1600\" \/>\n\t<meta property=\"og:image:height\" content=\"1200\" \/>\n\t<meta property=\"og:image:type\" content=\"image\/jpeg\" \/>\n<meta name=\"author\" content=\"Continuamos MX\" \/>\n<meta name=\"twitter:card\" content=\"summary_large_image\" \/>\n<meta name=\"twitter:label1\" content=\"Escrito por\" \/>\n\t<meta name=\"twitter:data1\" content=\"Continuamos MX\" \/>\n\t<meta name=\"twitter:label2\" content=\"Tiempo de lectura\" \/>\n\t<meta name=\"twitter:data2\" content=\"2 minutos\" \/>\n<script type=\"application\/ld+json\" class=\"yoast-schema-graph\">{\"@context\":\"https:\\\/\\\/schema.org\",\"@graph\":[{\"@type\":\"Article\",\"@id\":\"https:\\\/\\\/continuamosmx.com\\\/index.php\\\/2026\\\/05\\\/01\\\/reiteran-compromiso-con-la-justicia-laboral-y-la-prosperidad-compartida-en-naucalpan\\\/#article\",\"isPartOf\":{\"@id\":\"https:\\\/\\\/continuamosmx.com\\\/index.php\\\/2026\\\/05\\\/01\\\/reiteran-compromiso-con-la-justicia-laboral-y-la-prosperidad-compartida-en-naucalpan\\\/\"},\"author\":{\"name\":\"Continuamos MX\",\"@id\":\"https:\\\/\\\/continuamosmx.com\\\/#\\\/schema\\\/person\\\/5eb5356acb1fad784da407d14f0e8d89\"},\"headline\":\"REITERAN COMPROMISO CON LA JUSTICIA LABORAL Y LA PROSPERIDAD COMPARTIDA EN NAUCALPAN\",\"datePublished\":\"2026-05-02T01:43:12+00:00\",\"mainEntityOfPage\":{\"@id\":\"https:\\\/\\\/continuamosmx.com\\\/index.php\\\/2026\\\/05\\\/01\\\/reiteran-compromiso-con-la-justicia-laboral-y-la-prosperidad-compartida-en-naucalpan\\\/\"},\"wordCount\":331,\"publisher\":{\"@id\":\"https:\\\/\\\/continuamosmx.com\\\/#organization\"},\"image\":{\"@id\":\"https:\\\/\\\/continuamosmx.com\\\/index.php\\\/2026\\\/05\\\/01\\\/reiteran-compromiso-con-la-justicia-laboral-y-la-prosperidad-compartida-en-naucalpan\\\/#primaryimage\"},\"thumbnailUrl\":\"https:\\\/\\\/continuamosmx.com\\\/wp-content\\\/uploads\\\/2026\\\/05\\\/WhatsApp-Image-2026-05-01-at-7.32.37-PM-1.jpeg\",\"articleSection\":[\"LOCALES\",\"NAUCALPAN\"],\"inLanguage\":\"es\"},{\"@type\":\"WebPage\",\"@id\":\"https:\\\/\\\/continuamosmx.com\\\/index.php\\\/2026\\\/05\\\/01\\\/reiteran-compromiso-con-la-justicia-laboral-y-la-prosperidad-compartida-en-naucalpan\\\/\",\"url\":\"https:\\\/\\\/continuamosmx.com\\\/index.php\\\/2026\\\/05\\\/01\\\/reiteran-compromiso-con-la-justicia-laboral-y-la-prosperidad-compartida-en-naucalpan\\\/\",\"name\":\"REITERAN COMPROMISO CON LA JUSTICIA LABORAL Y LA PROSPERIDAD COMPARTIDA EN NAUCALPAN -\",\"isPartOf\":{\"@id\":\"https:\\\/\\\/continuamosmx.com\\\/#website\"},\"primaryImageOfPage\":{\"@id\":\"https:\\\/\\\/continuamosmx.com\\\/index.php\\\/2026\\\/05\\\/01\\\/reiteran-compromiso-con-la-justicia-laboral-y-la-prosperidad-compartida-en-naucalpan\\\/#primaryimage\"},\"image\":{\"@id\":\"https:\\\/\\\/continuamosmx.com\\\/index.php\\\/2026\\\/05\\\/01\\\/reiteran-compromiso-con-la-justicia-laboral-y-la-prosperidad-compartida-en-naucalpan\\\/#primaryimage\"},\"thumbnailUrl\":\"https:\\\/\\\/continuamosmx.com\\\/wp-content\\\/uploads\\\/2026\\\/05\\\/WhatsApp-Image-2026-05-01-at-7.32.37-PM-1.jpeg\",\"datePublished\":\"2026-05-02T01:43:12+00:00\",\"breadcrumb\":{\"@id\":\"https:\\\/\\\/continuamosmx.com\\\/index.php\\\/2026\\\/05\\\/01\\\/reiteran-compromiso-con-la-justicia-laboral-y-la-prosperidad-compartida-en-naucalpan\\\/#breadcrumb\"},\"inLanguage\":\"es\",\"potentialAction\":[{\"@type\":\"ReadAction\",\"target\":[\"https:\\\/\\\/continuamosmx.com\\\/index.php\\\/2026\\\/05\\\/01\\\/reiteran-compromiso-con-la-justicia-laboral-y-la-prosperidad-compartida-en-naucalpan\\\/\"]}]},{\"@type\":\"ImageObject\",\"inLanguage\":\"es\",\"@id\":\"https:\\\/\\\/continuamosmx.com\\\/index.php\\\/2026\\\/05\\\/01\\\/reiteran-compromiso-con-la-justicia-laboral-y-la-prosperidad-compartida-en-naucalpan\\\/#primaryimage\",\"url\":\"https:\\\/\\\/continuamosmx.com\\\/wp-content\\\/uploads\\\/2026\\\/05\\\/WhatsApp-Image-2026-05-01-at-7.32.37-PM-1.jpeg\",\"contentUrl\":\"https:\\\/\\\/continuamosmx.com\\\/wp-content\\\/uploads\\\/2026\\\/05\\\/WhatsApp-Image-2026-05-01-at-7.32.37-PM-1.jpeg\",\"width\":1600,\"height\":1200},{\"@type\":\"BreadcrumbList\",\"@id\":\"https:\\\/\\\/continuamosmx.com\\\/index.php\\\/2026\\\/05\\\/01\\\/reiteran-compromiso-con-la-justicia-laboral-y-la-prosperidad-compartida-en-naucalpan\\\/#breadcrumb\",\"itemListElement\":[{\"@type\":\"ListItem\",\"position\":1,\"name\":\"Inicio\",\"item\":\"https:\\\/\\\/continuamosmx.com\\\/\"},{\"@type\":\"ListItem\",\"position\":2,\"name\":\"REITERAN COMPROMISO CON LA JUSTICIA LABORAL Y LA PROSPERIDAD COMPARTIDA EN NAUCALPAN\"}]},{\"@type\":\"WebSite\",\"@id\":\"https:\\\/\\\/continuamosmx.com\\\/#website\",\"url\":\"https:\\\/\\\/continuamosmx.com\\\/\",\"name\":\"www.continuamosmx.com\",\"description\":\"\",\"publisher\":{\"@id\":\"https:\\\/\\\/continuamosmx.com\\\/#organization\"},\"potentialAction\":[{\"@type\":\"SearchAction\",\"target\":{\"@type\":\"EntryPoint\",\"urlTemplate\":\"https:\\\/\\\/continuamosmx.com\\\/?s={search_term_string}\"},\"query-input\":{\"@type\":\"PropertyValueSpecification\",\"valueRequired\":true,\"valueName\":\"search_term_string\"}}],\"inLanguage\":\"es\"},{\"@type\":\"Organization\",\"@id\":\"https:\\\/\\\/continuamosmx.com\\\/#organization\",\"name\":\"ContinuamosMX\",\"url\":\"https:\\\/\\\/continuamosmx.com\\\/\",\"logo\":{\"@type\":\"ImageObject\",\"inLanguage\":\"es\",\"@id\":\"https:\\\/\\\/continuamosmx.com\\\/#\\\/schema\\\/logo\\\/image\\\/\",\"url\":\"https:\\\/\\\/continuamosmx.com\\\/wp-content\\\/uploads\\\/2023\\\/04\\\/cropped-LOGO-CONTI-NUEVO.png\",\"contentUrl\":\"https:\\\/\\\/continuamosmx.com\\\/wp-content\\\/uploads\\\/2023\\\/04\\\/cropped-LOGO-CONTI-NUEVO.png\",\"width\":1257,\"height\":430,\"caption\":\"ContinuamosMX\"},\"image\":{\"@id\":\"https:\\\/\\\/continuamosmx.com\\\/#\\\/schema\\\/logo\\\/image\\\/\"}},{\"@type\":\"Person\",\"@id\":\"https:\\\/\\\/continuamosmx.com\\\/#\\\/schema\\\/person\\\/5eb5356acb1fad784da407d14f0e8d89\",\"name\":\"Continuamos MX\",\"image\":{\"@type\":\"ImageObject\",\"inLanguage\":\"es\",\"@id\":\"https:\\\/\\\/secure.gravatar.com\\\/avatar\\\/30d4f9723476a15f4da34d35fb3501f08d2357016c76051c6a85c354c7489589?s=96&d=mm&r=g\",\"url\":\"https:\\\/\\\/secure.gravatar.com\\\/avatar\\\/30d4f9723476a15f4da34d35fb3501f08d2357016c76051c6a85c354c7489589?s=96&d=mm&r=g\",\"contentUrl\":\"https:\\\/\\\/secure.gravatar.com\\\/avatar\\\/30d4f9723476a15f4da34d35fb3501f08d2357016c76051c6a85c354c7489589?s=96&d=mm&r=g\",\"caption\":\"Continuamos MX\"},\"sameAs\":[\"http:\\\/\\\/www.continuamos.mx\"],\"url\":\"https:\\\/\\\/continuamosmx.com\\\/index.php\\\/author\\\/continuamos\\\/\"}]}<\/script>\n<!-- \/ Yoast SEO plugin. -->","yoast_head_json":{"title":"REITERAN COMPROMISO CON LA JUSTICIA LABORAL Y LA PROSPERIDAD COMPARTIDA EN NAUCALPAN -","robots":{"index":"index","follow":"follow","max-snippet":"max-snippet:-1","max-image-preview":"max-image-preview:large","max-video-preview":"max-video-preview:-1"},"canonical":"https:\/\/continuamosmx.com\/index.php\/2026\/05\/01\/reiteran-compromiso-con-la-justicia-laboral-y-la-prosperidad-compartida-en-naucalpan\/","og_locale":"es_ES","og_type":"article","og_title":"REITERAN COMPROMISO CON LA JUSTICIA LABORAL Y LA PROSPERIDAD COMPARTIDA EN NAUCALPAN -","og_description":"*El alcalde Isaac Montoya M\u00e1rquez y la dirigencia del SUTEYM estrechan lazos para dignificar el servicio p\u00fablico y saldar deudas hist\u00f3ricas en el municipio. NAUCALPAN DE JU\u00c1REZ, Estado de M\u00e9xico \u2013 En el marco de la conmemoraci\u00f3n del D\u00eda del Trabajo, el Presidente Municipal Isaac Montoya M\u00e1rquez reafirm\u00f3 que su administraci\u00f3n ser\u00e1 un gobierno cercano [&hellip;]","og_url":"https:\/\/continuamosmx.com\/index.php\/2026\/05\/01\/reiteran-compromiso-con-la-justicia-laboral-y-la-prosperidad-compartida-en-naucalpan\/","article_published_time":"2026-05-02T01:43:12+00:00","og_image":[{"width":1600,"height":1200,"url":"https:\/\/continuamosmx.com\/wp-content\/uploads\/2026\/05\/WhatsApp-Image-2026-05-01-at-7.32.37-PM-1.jpeg","type":"image\/jpeg"}],"author":"Continuamos MX","twitter_card":"summary_large_image","twitter_misc":{"Escrito por":"Continuamos MX","Tiempo de lectura":"2 minutos"},"schema":{"@context":"https:\/\/schema.org","@graph":[{"@type":"Article","@id":"https:\/\/continuamosmx.com\/index.php\/2026\/05\/01\/reiteran-compromiso-con-la-justicia-laboral-y-la-prosperidad-compartida-en-naucalpan\/#article","isPartOf":{"@id":"https:\/\/continuamosmx.com\/index.php\/2026\/05\/01\/reiteran-compromiso-con-la-justicia-laboral-y-la-prosperidad-compartida-en-naucalpan\/"},"author":{"name":"Continuamos MX","@id":"https:\/\/continuamosmx.com\/#\/schema\/person\/5eb5356acb1fad784da407d14f0e8d89"},"headline":"REITERAN COMPROMISO CON LA JUSTICIA LABORAL Y LA PROSPERIDAD COMPARTIDA EN NAUCALPAN","datePublished":"2026-05-02T01:43:12+00:00","mainEntityOfPage":{"@id":"https:\/\/continuamosmx.com\/index.php\/2026\/05\/01\/reiteran-compromiso-con-la-justicia-laboral-y-la-prosperidad-compartida-en-naucalpan\/"},"wordCount":331,"publisher":{"@id":"https:\/\/continuamosmx.com\/#organization"},"image":{"@id":"https:\/\/continuamosmx.com\/index.php\/2026\/05\/01\/reiteran-compromiso-con-la-justicia-laboral-y-la-prosperidad-compartida-en-naucalpan\/#primaryimage"},"thumbnailUrl":"https:\/\/continuamosmx.com\/wp-content\/uploads\/2026\/05\/WhatsApp-Image-2026-05-01-at-7.32.37-PM-1.jpeg","articleSection":["LOCALES","NAUCALPAN"],"inLanguage":"es"},{"@type":"WebPage","@id":"https:\/\/continuamosmx.com\/index.php\/2026\/05\/01\/reiteran-compromiso-con-la-justicia-laboral-y-la-prosperidad-compartida-en-naucalpan\/","url":"https:\/\/continuamosmx.com\/index.php\/2026\/05\/01\/reiteran-compromiso-con-la-justicia-laboral-y-la-prosperidad-compartida-en-naucalpan\/","name":"REITERAN COMPROMISO CON LA JUSTICIA LABORAL Y LA PROSPERIDAD COMPARTIDA EN NAUCALPAN -","isPartOf":{"@id":"https:\/\/continuamosmx.com\/#website"},"primaryImageOfPage":{"@id":"https:\/\/continuamosmx.com\/index.php\/2026\/05\/01\/reiteran-compromiso-con-la-justicia-laboral-y-la-prosperidad-compartida-en-naucalpan\/#primaryimage"},"image":{"@id":"https:\/\/continuamosmx.com\/index.php\/2026\/05\/01\/reiteran-compromiso-con-la-justicia-laboral-y-la-prosperidad-compartida-en-naucalpan\/#primaryimage"},"thumbnailUrl":"https:\/\/continuamosmx.com\/wp-content\/uploads\/2026\/05\/WhatsApp-Image-2026-05-01-at-7.32.37-PM-1.jpeg","datePublished":"2026-05-02T01:43:12+00:00","breadcrumb":{"@id":"https:\/\/continuamosmx.com\/index.php\/2026\/05\/01\/reiteran-compromiso-con-la-justicia-laboral-y-la-prosperidad-compartida-en-naucalpan\/#breadcrumb"},"inLanguage":"es","potentialAction":[{"@type":"ReadAction","target":["https:\/\/continuamosmx.com\/index.php\/2026\/05\/01\/reiteran-compromiso-con-la-justicia-laboral-y-la-prosperidad-compartida-en-naucalpan\/"]}]},{"@type":"ImageObject","inLanguage":"es","@id":"https:\/\/continuamosmx.com\/index.php\/2026\/05\/01\/reiteran-compromiso-con-la-justicia-laboral-y-la-prosperidad-compartida-en-naucalpan\/#primaryimage","url":"https:\/\/continuamosmx.com\/wp-content\/uploads\/2026\/05\/WhatsApp-Image-2026-05-01-at-7.32.37-PM-1.jpeg","contentUrl":"https:\/\/continuamosmx.com\/wp-content\/uploads\/2026\/05\/WhatsApp-Image-2026-05-01-at-7.32.37-PM-1.jpeg","width":1600,"height":1200},{"@type":"BreadcrumbList","@id":"https:\/\/continuamosmx.com\/index.php\/2026\/05\/01\/reiteran-compromiso-con-la-justicia-laboral-y-la-prosperidad-compartida-en-naucalpan\/#breadcrumb","itemListElement":[{"@type":"ListItem","position":1,"name":"Inicio","item":"https:\/\/continuamosmx.com\/"},{"@type":"ListItem","position":2,"name":"REITERAN COMPROMISO CON LA JUSTICIA LABORAL Y LA PROSPERIDAD COMPARTIDA EN NAUCALPAN"}]},{"@type":"WebSite","@id":"https:\/\/continuamosmx.com\/#website","url":"https:\/\/continuamosmx.com\/","name":"www.continuamosmx.com","description":"","publisher":{"@id":"https:\/\/continuamosmx.com\/#organization"},"potentialAction":[{"@type":"SearchAction","target":{"@type":"EntryPoint","urlTemplate":"https:\/\/continuamosmx.com\/?s={search_term_string}"},"query-input":{"@type":"PropertyValueSpecification","valueRequired":true,"valueName":"search_term_string"}}],"inLanguage":"es"},{"@type":"Organization","@id":"https:\/\/continuamosmx.com\/#organization","name":"ContinuamosMX","url":"https:\/\/continuamosmx.com\/","logo":{"@type":"ImageObject","inLanguage":"es","@id":"https:\/\/continuamosmx.com\/#\/schema\/logo\/image\/","url":"https:\/\/continuamosmx.com\/wp-content\/uploads\/2023\/04\/cropped-LOGO-CONTI-NUEVO.png","contentUrl":"https:\/\/continuamosmx.com\/wp-content\/uploads\/2023\/04\/cropped-LOGO-CONTI-NUEVO.png","width":1257,"height":430,"caption":"ContinuamosMX"},"image":{"@id":"https:\/\/continuamosmx.com\/#\/schema\/logo\/image\/"}},{"@type":"Person","@id":"https:\/\/continuamosmx.com\/#\/schema\/person\/5eb5356acb1fad784da407d14f0e8d89","name":"Continuamos MX","image":{"@type":"ImageObject","inLanguage":"es","@id":"https:\/\/secure.gravatar.com\/avatar\/30d4f9723476a15f4da34d35fb3501f08d2357016c76051c6a85c354c7489589?s=96&d=mm&r=g","url":"https:\/\/secure.gravatar.com\/avatar\/30d4f9723476a15f4da34d35fb3501f08d2357016c76051c6a85c354c7489589?s=96&d=mm&r=g","contentUrl":"https:\/\/secure.gravatar.com\/avatar\/30d4f9723476a15f4da34d35fb3501f08d2357016c76051c6a85c354c7489589?s=96&d=mm&r=g","caption":"Continuamos MX"},"sameAs":["http:\/\/www.continuamos.mx"],"url":"https:\/\/continuamosmx.com\/index.php\/author\/continuamos\/"}]}},"_links":{"self":[{"href":"https:\/\/continuamosmx.com\/index.php\/wp-json\/wp\/v2\/posts\/54786","targetHints":{"allow":["GET"]}}],"collection":[{"href":"https:\/\/continuamosmx.com\/index.php\/wp-json\/wp\/v2\/posts"}],"about":[{"href":"https:\/\/continuamosmx.com\/index.php\/wp-json\/wp\/v2\/types\/post"}],"author":[{"embeddable":true,"href":"https:\/\/continuamosmx.com\/index.php\/wp-json\/wp\/v2\/users\/6"}],"replies":[{"embeddable":true,"href":"https:\/\/continuamosmx.com\/index.php\/wp-json\/wp\/v2\/comments?post=54786"}],"version-history":[{"count":1,"href":"https:\/\/continuamosmx.com\/index.php\/wp-json\/wp\/v2\/posts\/54786\/revisions"}],"predecessor-version":[{"id":54790,"href":"https:\/\/continuamosmx.com\/index.php\/wp-json\/wp\/v2\/posts\/54786\/revisions\/54790"}],"wp:featuredmedia":[{"embeddable":true,"href":"https:\/\/continuamosmx.com\/index.php\/wp-json\/wp\/v2\/media\/54788"}],"wp:attachment":[{"href":"https:\/\/continuamosmx.com\/index.php\/wp-json\/wp\/v2\/media?parent=54786"}],"wp:term":[{"taxonomy":"category","embeddable":true,"href":"https:\/\/continuamosmx.com\/index.php\/wp-json\/wp\/v2\/categories?post=54786"},{"taxonomy":"post_tag","embeddable":true,"href":"https:\/\/continuamosmx.com\/index.php\/wp-json\/wp\/v2\/tags?post=54786"}],"curies":[{"name":"wp","href":"https:\/\/api.w.org\/{rel}","templated":true}]}}