{"id":54783,"date":"2026-05-01T19:38:59","date_gmt":"2026-05-02T01:38:59","guid":{"rendered":"https:\/\/continuamosmx.com\/?p=54783"},"modified":"2026-05-01T19:38:59","modified_gmt":"2026-05-02T01:38:59","slug":"reivindican-en-tlalnepantla-140-anos-de-la-lucha-obrera-ante-miles-de-trabajadores","status":"publish","type":"post","link":"https:\/\/continuamosmx.com\/index.php\/2026\/05\/01\/reivindican-en-tlalnepantla-140-anos-de-la-lucha-obrera-ante-miles-de-trabajadores\/","title":{"rendered":"REIVINDICAN EN TLALNEPANTLA 140 A\u00d1OS DE LA LUCHA OBRERA ANTE MILES DE TRABAJADORES"},"content":{"rendered":"\n<h3 class=\"wp-block-heading\">*<strong>Autoridades estatales y municipales, junto a diversos liderazgos sindicales, conmemoraron el D\u00eda del Trabajo destacando los avances en derechos laborales y la justicia social en el Estado de M\u00e9xico.<\/strong><\/h3>\n\n\n\n<p>TLALNEPANTLA DE BAZ, Estado de M\u00e9xico \u2013 En un acto masivo celebrado en la explanada municipal, el alcalde Raciel P\u00e9rez Cruz y el Secretario del Trabajo mexiquense, Norberto Morales Poblete, encabezaron la conmemoraci\u00f3n de los 140 a\u00f1os de la lucha obrera. Ante miles de integrantes de diversas organizaciones sindicales, se reivindic\u00f3 el compromiso hist\u00f3rico por dignificar las condiciones de vida de la clase trabajadora y fortalecer el marco legal que protege sus derechos fundamentales.<\/p>\n\n\n\n<p>Durante el encuentro, que reuni\u00f3 a contingentes del SUTEyM, CTM, COCEM, CTC, CROM y CROC, P\u00e9rez Cruz calific\u00f3 el contexto actual como una aut\u00e9ntica primavera laboral. Se\u00f1al\u00f3 que, tras d\u00e9cadas de estancamiento salarial y precarizaci\u00f3n, hoy se vive una etapa de transformaci\u00f3n que prioriza el bienestar de quienes mueven la econom\u00eda del pa\u00eds. El mun\u00edcipe enfatiz\u00f3 que la lucha por los derechos laborales es irreversible y forma parte esencial de la justicia social en el municipio.<\/p>\n\n\n\n<p>Por su parte, Norberto Morales Poblete record\u00f3 que esta fecha honra a quienes enfrentaron la explotaci\u00f3n para legar salarios justos y jornadas dignas. En el evento se destacaron logros recientes como el incremento al salario m\u00ednimo, la implementaci\u00f3n de la Ley Silla, la ruta hacia la reducci\u00f3n de la jornada laboral de 40 horas y el combate a la subcontrataci\u00f3n abusiva, elementos que los l\u00edderes sindicales presentes calificaron como reflejos de los anhelos del M\u00e9xico moderno plasmados en la Constituci\u00f3n.<\/p>\n","protected":false},"excerpt":{"rendered":"<p>*Autoridades estatales y municipales, junto a diversos liderazgos sindicales, conmemoraron el D\u00eda del Trabajo destacando los avances en derechos laborales y la justicia social en el Estado de M\u00e9xico. TLALNEPANTLA DE BAZ, Estado de M\u00e9xico \u2013 En un acto masivo celebrado en la explanada municipal, el alcalde Raciel P\u00e9rez Cruz y el Secretario del Trabajo [&hellip;]<\/p>\n","protected":false},"author":6,"featured_media":54784,"comment_status":"closed","ping_status":"closed","sticky":false,"template":"","format":"standard","meta":{"footnotes":""},"categories":[4,79],"tags":[],"class_list":["post-54783","post","type-post","status-publish","format-standard","has-post-thumbnail","hentry","category-locales","category-tlalne"],"yoast_head":"<!-- This site is optimized with the Yoast SEO plugin v27.5 - https:\/\/yoast.com\/product\/yoast-seo-wordpress\/ -->\n<title>REIVINDICAN EN TLALNEPANTLA 140 A\u00d1OS DE LA LUCHA OBRERA ANTE MILES DE TRABAJADORES -<\/title>\n<meta name=\"robots\" content=\"index, follow, max-snippet:-1, max-image-preview:large, max-video-preview:-1\" \/>\n<link rel=\"canonical\" href=\"https:\/\/continuamosmx.com\/index.php\/2026\/05\/01\/reivindican-en-tlalnepantla-140-anos-de-la-lucha-obrera-ante-miles-de-trabajadores\/\" \/>\n<meta property=\"og:locale\" content=\"es_ES\" \/>\n<meta property=\"og:type\" content=\"article\" \/>\n<meta property=\"og:title\" content=\"REIVINDICAN EN TLALNEPANTLA 140 A\u00d1OS DE LA LUCHA OBRERA ANTE MILES DE TRABAJADORES -\" \/>\n<meta property=\"og:description\" content=\"*Autoridades estatales y municipales, junto a diversos liderazgos sindicales, conmemoraron el D\u00eda del Trabajo destacando los avances en derechos laborales y la justicia social en el Estado de M\u00e9xico. TLALNEPANTLA DE BAZ, Estado de M\u00e9xico \u2013 En un acto masivo celebrado en la explanada municipal, el alcalde Raciel P\u00e9rez Cruz y el Secretario del Trabajo [&hellip;]\" \/>\n<meta property=\"og:url\" content=\"https:\/\/continuamosmx.com\/index.php\/2026\/05\/01\/reivindican-en-tlalnepantla-140-anos-de-la-lucha-obrera-ante-miles-de-trabajadores\/\" \/>\n<meta property=\"article:published_time\" content=\"2026-05-02T01:38:59+00:00\" \/>\n<meta property=\"og:image\" content=\"https:\/\/continuamosmx.com\/wp-content\/uploads\/2026\/05\/WhatsApp-Image-2026-05-01-at-3.09.14-PM.jpeg\" \/>\n\t<meta property=\"og:image:width\" content=\"1280\" \/>\n\t<meta property=\"og:image:height\" content=\"854\" \/>\n\t<meta property=\"og:image:type\" content=\"image\/jpeg\" \/>\n<meta name=\"author\" content=\"Continuamos MX\" \/>\n<meta name=\"twitter:card\" content=\"summary_large_image\" \/>\n<meta name=\"twitter:label1\" content=\"Escrito por\" \/>\n\t<meta name=\"twitter:data1\" content=\"Continuamos MX\" \/>\n\t<meta name=\"twitter:label2\" content=\"Tiempo de lectura\" \/>\n\t<meta name=\"twitter:data2\" content=\"2 minutos\" \/>\n<script type=\"application\/ld+json\" class=\"yoast-schema-graph\">{\"@context\":\"https:\\\/\\\/schema.org\",\"@graph\":[{\"@type\":\"Article\",\"@id\":\"https:\\\/\\\/continuamosmx.com\\\/index.php\\\/2026\\\/05\\\/01\\\/reivindican-en-tlalnepantla-140-anos-de-la-lucha-obrera-ante-miles-de-trabajadores\\\/#article\",\"isPartOf\":{\"@id\":\"https:\\\/\\\/continuamosmx.com\\\/index.php\\\/2026\\\/05\\\/01\\\/reivindican-en-tlalnepantla-140-anos-de-la-lucha-obrera-ante-miles-de-trabajadores\\\/\"},\"author\":{\"name\":\"Continuamos MX\",\"@id\":\"https:\\\/\\\/continuamosmx.com\\\/#\\\/schema\\\/person\\\/5eb5356acb1fad784da407d14f0e8d89\"},\"headline\":\"REIVINDICAN EN TLALNEPANTLA 140 A\u00d1OS DE LA LUCHA OBRERA ANTE MILES DE TRABAJADORES\",\"datePublished\":\"2026-05-02T01:38:59+00:00\",\"mainEntityOfPage\":{\"@id\":\"https:\\\/\\\/continuamosmx.com\\\/index.php\\\/2026\\\/05\\\/01\\\/reivindican-en-tlalnepantla-140-anos-de-la-lucha-obrera-ante-miles-de-trabajadores\\\/\"},\"wordCount\":293,\"publisher\":{\"@id\":\"https:\\\/\\\/continuamosmx.com\\\/#organization\"},\"image\":{\"@id\":\"https:\\\/\\\/continuamosmx.com\\\/index.php\\\/2026\\\/05\\\/01\\\/reivindican-en-tlalnepantla-140-anos-de-la-lucha-obrera-ante-miles-de-trabajadores\\\/#primaryimage\"},\"thumbnailUrl\":\"https:\\\/\\\/continuamosmx.com\\\/wp-content\\\/uploads\\\/2026\\\/05\\\/WhatsApp-Image-2026-05-01-at-3.09.14-PM.jpeg\",\"articleSection\":[\"LOCALES\",\"TLALNEPANTLA\"],\"inLanguage\":\"es\"},{\"@type\":\"WebPage\",\"@id\":\"https:\\\/\\\/continuamosmx.com\\\/index.php\\\/2026\\\/05\\\/01\\\/reivindican-en-tlalnepantla-140-anos-de-la-lucha-obrera-ante-miles-de-trabajadores\\\/\",\"url\":\"https:\\\/\\\/continuamosmx.com\\\/index.php\\\/2026\\\/05\\\/01\\\/reivindican-en-tlalnepantla-140-anos-de-la-lucha-obrera-ante-miles-de-trabajadores\\\/\",\"name\":\"REIVINDICAN EN TLALNEPANTLA 140 A\u00d1OS DE LA LUCHA OBRERA ANTE MILES DE TRABAJADORES -\",\"isPartOf\":{\"@id\":\"https:\\\/\\\/continuamosmx.com\\\/#website\"},\"primaryImageOfPage\":{\"@id\":\"https:\\\/\\\/continuamosmx.com\\\/index.php\\\/2026\\\/05\\\/01\\\/reivindican-en-tlalnepantla-140-anos-de-la-lucha-obrera-ante-miles-de-trabajadores\\\/#primaryimage\"},\"image\":{\"@id\":\"https:\\\/\\\/continuamosmx.com\\\/index.php\\\/2026\\\/05\\\/01\\\/reivindican-en-tlalnepantla-140-anos-de-la-lucha-obrera-ante-miles-de-trabajadores\\\/#primaryimage\"},\"thumbnailUrl\":\"https:\\\/\\\/continuamosmx.com\\\/wp-content\\\/uploads\\\/2026\\\/05\\\/WhatsApp-Image-2026-05-01-at-3.09.14-PM.jpeg\",\"datePublished\":\"2026-05-02T01:38:59+00:00\",\"breadcrumb\":{\"@id\":\"https:\\\/\\\/continuamosmx.com\\\/index.php\\\/2026\\\/05\\\/01\\\/reivindican-en-tlalnepantla-140-anos-de-la-lucha-obrera-ante-miles-de-trabajadores\\\/#breadcrumb\"},\"inLanguage\":\"es\",\"potentialAction\":[{\"@type\":\"ReadAction\",\"target\":[\"https:\\\/\\\/continuamosmx.com\\\/index.php\\\/2026\\\/05\\\/01\\\/reivindican-en-tlalnepantla-140-anos-de-la-lucha-obrera-ante-miles-de-trabajadores\\\/\"]}]},{\"@type\":\"ImageObject\",\"inLanguage\":\"es\",\"@id\":\"https:\\\/\\\/continuamosmx.com\\\/index.php\\\/2026\\\/05\\\/01\\\/reivindican-en-tlalnepantla-140-anos-de-la-lucha-obrera-ante-miles-de-trabajadores\\\/#primaryimage\",\"url\":\"https:\\\/\\\/continuamosmx.com\\\/wp-content\\\/uploads\\\/2026\\\/05\\\/WhatsApp-Image-2026-05-01-at-3.09.14-PM.jpeg\",\"contentUrl\":\"https:\\\/\\\/continuamosmx.com\\\/wp-content\\\/uploads\\\/2026\\\/05\\\/WhatsApp-Image-2026-05-01-at-3.09.14-PM.jpeg\",\"width\":1280,\"height\":854},{\"@type\":\"BreadcrumbList\",\"@id\":\"https:\\\/\\\/continuamosmx.com\\\/index.php\\\/2026\\\/05\\\/01\\\/reivindican-en-tlalnepantla-140-anos-de-la-lucha-obrera-ante-miles-de-trabajadores\\\/#breadcrumb\",\"itemListElement\":[{\"@type\":\"ListItem\",\"position\":1,\"name\":\"Inicio\",\"item\":\"https:\\\/\\\/continuamosmx.com\\\/\"},{\"@type\":\"ListItem\",\"position\":2,\"name\":\"REIVINDICAN EN TLALNEPANTLA 140 A\u00d1OS DE LA LUCHA OBRERA ANTE MILES DE TRABAJADORES\"}]},{\"@type\":\"WebSite\",\"@id\":\"https:\\\/\\\/continuamosmx.com\\\/#website\",\"url\":\"https:\\\/\\\/continuamosmx.com\\\/\",\"name\":\"www.continuamosmx.com\",\"description\":\"\",\"publisher\":{\"@id\":\"https:\\\/\\\/continuamosmx.com\\\/#organization\"},\"potentialAction\":[{\"@type\":\"SearchAction\",\"target\":{\"@type\":\"EntryPoint\",\"urlTemplate\":\"https:\\\/\\\/continuamosmx.com\\\/?s={search_term_string}\"},\"query-input\":{\"@type\":\"PropertyValueSpecification\",\"valueRequired\":true,\"valueName\":\"search_term_string\"}}],\"inLanguage\":\"es\"},{\"@type\":\"Organization\",\"@id\":\"https:\\\/\\\/continuamosmx.com\\\/#organization\",\"name\":\"ContinuamosMX\",\"url\":\"https:\\\/\\\/continuamosmx.com\\\/\",\"logo\":{\"@type\":\"ImageObject\",\"inLanguage\":\"es\",\"@id\":\"https:\\\/\\\/continuamosmx.com\\\/#\\\/schema\\\/logo\\\/image\\\/\",\"url\":\"https:\\\/\\\/continuamosmx.com\\\/wp-content\\\/uploads\\\/2023\\\/04\\\/cropped-LOGO-CONTI-NUEVO.png\",\"contentUrl\":\"https:\\\/\\\/continuamosmx.com\\\/wp-content\\\/uploads\\\/2023\\\/04\\\/cropped-LOGO-CONTI-NUEVO.png\",\"width\":1257,\"height\":430,\"caption\":\"ContinuamosMX\"},\"image\":{\"@id\":\"https:\\\/\\\/continuamosmx.com\\\/#\\\/schema\\\/logo\\\/image\\\/\"}},{\"@type\":\"Person\",\"@id\":\"https:\\\/\\\/continuamosmx.com\\\/#\\\/schema\\\/person\\\/5eb5356acb1fad784da407d14f0e8d89\",\"name\":\"Continuamos MX\",\"image\":{\"@type\":\"ImageObject\",\"inLanguage\":\"es\",\"@id\":\"https:\\\/\\\/secure.gravatar.com\\\/avatar\\\/30d4f9723476a15f4da34d35fb3501f08d2357016c76051c6a85c354c7489589?s=96&d=mm&r=g\",\"url\":\"https:\\\/\\\/secure.gravatar.com\\\/avatar\\\/30d4f9723476a15f4da34d35fb3501f08d2357016c76051c6a85c354c7489589?s=96&d=mm&r=g\",\"contentUrl\":\"https:\\\/\\\/secure.gravatar.com\\\/avatar\\\/30d4f9723476a15f4da34d35fb3501f08d2357016c76051c6a85c354c7489589?s=96&d=mm&r=g\",\"caption\":\"Continuamos MX\"},\"sameAs\":[\"http:\\\/\\\/www.continuamos.mx\"],\"url\":\"https:\\\/\\\/continuamosmx.com\\\/index.php\\\/author\\\/continuamos\\\/\"}]}<\/script>\n<!-- \/ Yoast SEO plugin. -->","yoast_head_json":{"title":"REIVINDICAN EN TLALNEPANTLA 140 A\u00d1OS DE LA LUCHA OBRERA ANTE MILES DE TRABAJADORES -","robots":{"index":"index","follow":"follow","max-snippet":"max-snippet:-1","max-image-preview":"max-image-preview:large","max-video-preview":"max-video-preview:-1"},"canonical":"https:\/\/continuamosmx.com\/index.php\/2026\/05\/01\/reivindican-en-tlalnepantla-140-anos-de-la-lucha-obrera-ante-miles-de-trabajadores\/","og_locale":"es_ES","og_type":"article","og_title":"REIVINDICAN EN TLALNEPANTLA 140 A\u00d1OS DE LA LUCHA OBRERA ANTE MILES DE TRABAJADORES -","og_description":"*Autoridades estatales y municipales, junto a diversos liderazgos sindicales, conmemoraron el D\u00eda del Trabajo destacando los avances en derechos laborales y la justicia social en el Estado de M\u00e9xico. TLALNEPANTLA DE BAZ, Estado de M\u00e9xico \u2013 En un acto masivo celebrado en la explanada municipal, el alcalde Raciel P\u00e9rez Cruz y el Secretario del Trabajo [&hellip;]","og_url":"https:\/\/continuamosmx.com\/index.php\/2026\/05\/01\/reivindican-en-tlalnepantla-140-anos-de-la-lucha-obrera-ante-miles-de-trabajadores\/","article_published_time":"2026-05-02T01:38:59+00:00","og_image":[{"width":1280,"height":854,"url":"https:\/\/continuamosmx.com\/wp-content\/uploads\/2026\/05\/WhatsApp-Image-2026-05-01-at-3.09.14-PM.jpeg","type":"image\/jpeg"}],"author":"Continuamos MX","twitter_card":"summary_large_image","twitter_misc":{"Escrito por":"Continuamos MX","Tiempo de lectura":"2 minutos"},"schema":{"@context":"https:\/\/schema.org","@graph":[{"@type":"Article","@id":"https:\/\/continuamosmx.com\/index.php\/2026\/05\/01\/reivindican-en-tlalnepantla-140-anos-de-la-lucha-obrera-ante-miles-de-trabajadores\/#article","isPartOf":{"@id":"https:\/\/continuamosmx.com\/index.php\/2026\/05\/01\/reivindican-en-tlalnepantla-140-anos-de-la-lucha-obrera-ante-miles-de-trabajadores\/"},"author":{"name":"Continuamos MX","@id":"https:\/\/continuamosmx.com\/#\/schema\/person\/5eb5356acb1fad784da407d14f0e8d89"},"headline":"REIVINDICAN EN TLALNEPANTLA 140 A\u00d1OS DE LA LUCHA OBRERA ANTE MILES DE TRABAJADORES","datePublished":"2026-05-02T01:38:59+00:00","mainEntityOfPage":{"@id":"https:\/\/continuamosmx.com\/index.php\/2026\/05\/01\/reivindican-en-tlalnepantla-140-anos-de-la-lucha-obrera-ante-miles-de-trabajadores\/"},"wordCount":293,"publisher":{"@id":"https:\/\/continuamosmx.com\/#organization"},"image":{"@id":"https:\/\/continuamosmx.com\/index.php\/2026\/05\/01\/reivindican-en-tlalnepantla-140-anos-de-la-lucha-obrera-ante-miles-de-trabajadores\/#primaryimage"},"thumbnailUrl":"https:\/\/continuamosmx.com\/wp-content\/uploads\/2026\/05\/WhatsApp-Image-2026-05-01-at-3.09.14-PM.jpeg","articleSection":["LOCALES","TLALNEPANTLA"],"inLanguage":"es"},{"@type":"WebPage","@id":"https:\/\/continuamosmx.com\/index.php\/2026\/05\/01\/reivindican-en-tlalnepantla-140-anos-de-la-lucha-obrera-ante-miles-de-trabajadores\/","url":"https:\/\/continuamosmx.com\/index.php\/2026\/05\/01\/reivindican-en-tlalnepantla-140-anos-de-la-lucha-obrera-ante-miles-de-trabajadores\/","name":"REIVINDICAN EN TLALNEPANTLA 140 A\u00d1OS DE LA LUCHA OBRERA ANTE MILES DE TRABAJADORES -","isPartOf":{"@id":"https:\/\/continuamosmx.com\/#website"},"primaryImageOfPage":{"@id":"https:\/\/continuamosmx.com\/index.php\/2026\/05\/01\/reivindican-en-tlalnepantla-140-anos-de-la-lucha-obrera-ante-miles-de-trabajadores\/#primaryimage"},"image":{"@id":"https:\/\/continuamosmx.com\/index.php\/2026\/05\/01\/reivindican-en-tlalnepantla-140-anos-de-la-lucha-obrera-ante-miles-de-trabajadores\/#primaryimage"},"thumbnailUrl":"https:\/\/continuamosmx.com\/wp-content\/uploads\/2026\/05\/WhatsApp-Image-2026-05-01-at-3.09.14-PM.jpeg","datePublished":"2026-05-02T01:38:59+00:00","breadcrumb":{"@id":"https:\/\/continuamosmx.com\/index.php\/2026\/05\/01\/reivindican-en-tlalnepantla-140-anos-de-la-lucha-obrera-ante-miles-de-trabajadores\/#breadcrumb"},"inLanguage":"es","potentialAction":[{"@type":"ReadAction","target":["https:\/\/continuamosmx.com\/index.php\/2026\/05\/01\/reivindican-en-tlalnepantla-140-anos-de-la-lucha-obrera-ante-miles-de-trabajadores\/"]}]},{"@type":"ImageObject","inLanguage":"es","@id":"https:\/\/continuamosmx.com\/index.php\/2026\/05\/01\/reivindican-en-tlalnepantla-140-anos-de-la-lucha-obrera-ante-miles-de-trabajadores\/#primaryimage","url":"https:\/\/continuamosmx.com\/wp-content\/uploads\/2026\/05\/WhatsApp-Image-2026-05-01-at-3.09.14-PM.jpeg","contentUrl":"https:\/\/continuamosmx.com\/wp-content\/uploads\/2026\/05\/WhatsApp-Image-2026-05-01-at-3.09.14-PM.jpeg","width":1280,"height":854},{"@type":"BreadcrumbList","@id":"https:\/\/continuamosmx.com\/index.php\/2026\/05\/01\/reivindican-en-tlalnepantla-140-anos-de-la-lucha-obrera-ante-miles-de-trabajadores\/#breadcrumb","itemListElement":[{"@type":"ListItem","position":1,"name":"Inicio","item":"https:\/\/continuamosmx.com\/"},{"@type":"ListItem","position":2,"name":"REIVINDICAN EN TLALNEPANTLA 140 A\u00d1OS DE LA LUCHA OBRERA ANTE MILES DE TRABAJADORES"}]},{"@type":"WebSite","@id":"https:\/\/continuamosmx.com\/#website","url":"https:\/\/continuamosmx.com\/","name":"www.continuamosmx.com","description":"","publisher":{"@id":"https:\/\/continuamosmx.com\/#organization"},"potentialAction":[{"@type":"SearchAction","target":{"@type":"EntryPoint","urlTemplate":"https:\/\/continuamosmx.com\/?s={search_term_string}"},"query-input":{"@type":"PropertyValueSpecification","valueRequired":true,"valueName":"search_term_string"}}],"inLanguage":"es"},{"@type":"Organization","@id":"https:\/\/continuamosmx.com\/#organization","name":"ContinuamosMX","url":"https:\/\/continuamosmx.com\/","logo":{"@type":"ImageObject","inLanguage":"es","@id":"https:\/\/continuamosmx.com\/#\/schema\/logo\/image\/","url":"https:\/\/continuamosmx.com\/wp-content\/uploads\/2023\/04\/cropped-LOGO-CONTI-NUEVO.png","contentUrl":"https:\/\/continuamosmx.com\/wp-content\/uploads\/2023\/04\/cropped-LOGO-CONTI-NUEVO.png","width":1257,"height":430,"caption":"ContinuamosMX"},"image":{"@id":"https:\/\/continuamosmx.com\/#\/schema\/logo\/image\/"}},{"@type":"Person","@id":"https:\/\/continuamosmx.com\/#\/schema\/person\/5eb5356acb1fad784da407d14f0e8d89","name":"Continuamos MX","image":{"@type":"ImageObject","inLanguage":"es","@id":"https:\/\/secure.gravatar.com\/avatar\/30d4f9723476a15f4da34d35fb3501f08d2357016c76051c6a85c354c7489589?s=96&d=mm&r=g","url":"https:\/\/secure.gravatar.com\/avatar\/30d4f9723476a15f4da34d35fb3501f08d2357016c76051c6a85c354c7489589?s=96&d=mm&r=g","contentUrl":"https:\/\/secure.gravatar.com\/avatar\/30d4f9723476a15f4da34d35fb3501f08d2357016c76051c6a85c354c7489589?s=96&d=mm&r=g","caption":"Continuamos MX"},"sameAs":["http:\/\/www.continuamos.mx"],"url":"https:\/\/continuamosmx.com\/index.php\/author\/continuamos\/"}]}},"_links":{"self":[{"href":"https:\/\/continuamosmx.com\/index.php\/wp-json\/wp\/v2\/posts\/54783","targetHints":{"allow":["GET"]}}],"collection":[{"href":"https:\/\/continuamosmx.com\/index.php\/wp-json\/wp\/v2\/posts"}],"about":[{"href":"https:\/\/continuamosmx.com\/index.php\/wp-json\/wp\/v2\/types\/post"}],"author":[{"embeddable":true,"href":"https:\/\/continuamosmx.com\/index.php\/wp-json\/wp\/v2\/users\/6"}],"replies":[{"embeddable":true,"href":"https:\/\/continuamosmx.com\/index.php\/wp-json\/wp\/v2\/comments?post=54783"}],"version-history":[{"count":1,"href":"https:\/\/continuamosmx.com\/index.php\/wp-json\/wp\/v2\/posts\/54783\/revisions"}],"predecessor-version":[{"id":54785,"href":"https:\/\/continuamosmx.com\/index.php\/wp-json\/wp\/v2\/posts\/54783\/revisions\/54785"}],"wp:featuredmedia":[{"embeddable":true,"href":"https:\/\/continuamosmx.com\/index.php\/wp-json\/wp\/v2\/media\/54784"}],"wp:attachment":[{"href":"https:\/\/continuamosmx.com\/index.php\/wp-json\/wp\/v2\/media?parent=54783"}],"wp:term":[{"taxonomy":"category","embeddable":true,"href":"https:\/\/continuamosmx.com\/index.php\/wp-json\/wp\/v2\/categories?post=54783"},{"taxonomy":"post_tag","embeddable":true,"href":"https:\/\/continuamosmx.com\/index.php\/wp-json\/wp\/v2\/tags?post=54783"}],"curies":[{"name":"wp","href":"https:\/\/api.w.org\/{rel}","templated":true}]}}