{"id":54777,"date":"2026-05-01T14:45:01","date_gmt":"2026-05-01T20:45:01","guid":{"rendered":"https:\/\/continuamosmx.com\/?p=54777"},"modified":"2026-05-01T14:45:02","modified_gmt":"2026-05-01T20:45:02","slug":"entrega-del-monumento-oda-de-hierro-un-tributo-a-la-historia-obrera-de-naucalpan","status":"publish","type":"post","link":"https:\/\/continuamosmx.com\/index.php\/2026\/05\/01\/entrega-del-monumento-oda-de-hierro-un-tributo-a-la-historia-obrera-de-naucalpan\/","title":{"rendered":"ENTREGA DEL MONUMENTO ODA DE HIERRO: UN TRIBUTO A LA HISTORIA OBRERA DE NAUCALPAN"},"content":{"rendered":"\n<h3 class=\"wp-block-heading\">*<strong>El alcalde Isaac Montoya encabeza la recuperaci\u00f3n de espacios p\u00fablicos que dignifican el legado industrial del municipio<\/strong><\/h3>\n\n\n\n<p>En el marco de la conmemoraci\u00f3n del D\u00eda del Trabajo, el Gobierno de Naucalpan, liderado por el alcalde Isaac Montoya, llev\u00f3 a cabo la entrega de la renovada \u00abOda de Hierro\u00bb, un espacio emblem\u00e1tico dise\u00f1ado para honrar la trayectoria de las generaciones que han cimentado el desarrollo de esta demarcaci\u00f3n. La iniciativa busca reconocer el esfuerzo de hombres y mujeres cuyo trabajo manual y compromiso han transformado a Naucalpan en un pilar industrial del pa\u00eds.<\/p>\n\n\n\n<p>Durante el evento, se destac\u00f3 que la Oda de Hierro trasciende su naturaleza como monumento, convirti\u00e9ndose en un testimonio vivo de la dignidad obrera. A trav\u00e9s del programa Huellas de la Transformaci\u00f3n, la administraci\u00f3n municipal ha priorizado la recuperaci\u00f3n de este s\u00edmbolo, devolvi\u00e9ndole su relevancia en el entorno urbano y otorgando el reconocimiento p\u00fablico que hist\u00f3ricamente se le deb\u00eda a la fuerza laboral local. Esta acci\u00f3n reafirma el compromiso de las autoridades con la memoria hist\u00f3rica y el respeto a quienes sostienen el motor econ\u00f3mico de la ciudad.<\/p>\n","protected":false},"excerpt":{"rendered":"<p>*El alcalde Isaac Montoya encabeza la recuperaci\u00f3n de espacios p\u00fablicos que dignifican el legado industrial del municipio En el marco de la conmemoraci\u00f3n del D\u00eda del Trabajo, el Gobierno de Naucalpan, liderado por el alcalde Isaac Montoya, llev\u00f3 a cabo la entrega de la renovada \u00abOda de Hierro\u00bb, un espacio emblem\u00e1tico dise\u00f1ado para honrar la [&hellip;]<\/p>\n","protected":false},"author":6,"featured_media":54778,"comment_status":"closed","ping_status":"closed","sticky":false,"template":"","format":"standard","meta":{"footnotes":""},"categories":[4,64],"tags":[],"class_list":["post-54777","post","type-post","status-publish","format-standard","has-post-thumbnail","hentry","category-locales","category-naucalpan"],"yoast_head":"<!-- This site is optimized with the Yoast SEO plugin v27.5 - https:\/\/yoast.com\/product\/yoast-seo-wordpress\/ -->\n<title>ENTREGA DEL MONUMENTO ODA DE HIERRO: UN TRIBUTO A LA HISTORIA OBRERA DE NAUCALPAN -<\/title>\n<meta name=\"robots\" content=\"index, follow, max-snippet:-1, max-image-preview:large, max-video-preview:-1\" \/>\n<link rel=\"canonical\" href=\"https:\/\/continuamosmx.com\/index.php\/2026\/05\/01\/entrega-del-monumento-oda-de-hierro-un-tributo-a-la-historia-obrera-de-naucalpan\/\" \/>\n<meta property=\"og:locale\" content=\"es_ES\" \/>\n<meta property=\"og:type\" content=\"article\" \/>\n<meta property=\"og:title\" content=\"ENTREGA DEL MONUMENTO ODA DE HIERRO: UN TRIBUTO A LA HISTORIA OBRERA DE NAUCALPAN -\" \/>\n<meta property=\"og:description\" content=\"*El alcalde Isaac Montoya encabeza la recuperaci\u00f3n de espacios p\u00fablicos que dignifican el legado industrial del municipio En el marco de la conmemoraci\u00f3n del D\u00eda del Trabajo, el Gobierno de Naucalpan, liderado por el alcalde Isaac Montoya, llev\u00f3 a cabo la entrega de la renovada \u00abOda de Hierro\u00bb, un espacio emblem\u00e1tico dise\u00f1ado para honrar la [&hellip;]\" \/>\n<meta property=\"og:url\" content=\"https:\/\/continuamosmx.com\/index.php\/2026\/05\/01\/entrega-del-monumento-oda-de-hierro-un-tributo-a-la-historia-obrera-de-naucalpan\/\" \/>\n<meta property=\"article:published_time\" content=\"2026-05-01T20:45:01+00:00\" \/>\n<meta property=\"article:modified_time\" content=\"2026-05-01T20:45:02+00:00\" \/>\n<meta property=\"og:image\" content=\"https:\/\/continuamosmx.com\/wp-content\/uploads\/2026\/05\/oda-de-hierro.png\" \/>\n\t<meta property=\"og:image:width\" content=\"1077\" \/>\n\t<meta property=\"og:image:height\" content=\"494\" \/>\n\t<meta property=\"og:image:type\" content=\"image\/png\" \/>\n<meta name=\"author\" content=\"Continuamos MX\" \/>\n<meta name=\"twitter:card\" content=\"summary_large_image\" \/>\n<meta name=\"twitter:label1\" content=\"Escrito por\" \/>\n\t<meta name=\"twitter:data1\" content=\"Continuamos MX\" \/>\n\t<meta name=\"twitter:label2\" content=\"Tiempo de lectura\" \/>\n\t<meta name=\"twitter:data2\" content=\"2 minutos\" \/>\n<script type=\"application\/ld+json\" class=\"yoast-schema-graph\">{\"@context\":\"https:\\\/\\\/schema.org\",\"@graph\":[{\"@type\":\"Article\",\"@id\":\"https:\\\/\\\/continuamosmx.com\\\/index.php\\\/2026\\\/05\\\/01\\\/entrega-del-monumento-oda-de-hierro-un-tributo-a-la-historia-obrera-de-naucalpan\\\/#article\",\"isPartOf\":{\"@id\":\"https:\\\/\\\/continuamosmx.com\\\/index.php\\\/2026\\\/05\\\/01\\\/entrega-del-monumento-oda-de-hierro-un-tributo-a-la-historia-obrera-de-naucalpan\\\/\"},\"author\":{\"name\":\"Continuamos MX\",\"@id\":\"https:\\\/\\\/continuamosmx.com\\\/#\\\/schema\\\/person\\\/5eb5356acb1fad784da407d14f0e8d89\"},\"headline\":\"ENTREGA DEL MONUMENTO ODA DE HIERRO: UN TRIBUTO A LA HISTORIA OBRERA DE NAUCALPAN\",\"datePublished\":\"2026-05-01T20:45:01+00:00\",\"dateModified\":\"2026-05-01T20:45:02+00:00\",\"mainEntityOfPage\":{\"@id\":\"https:\\\/\\\/continuamosmx.com\\\/index.php\\\/2026\\\/05\\\/01\\\/entrega-del-monumento-oda-de-hierro-un-tributo-a-la-historia-obrera-de-naucalpan\\\/\"},\"wordCount\":215,\"publisher\":{\"@id\":\"https:\\\/\\\/continuamosmx.com\\\/#organization\"},\"image\":{\"@id\":\"https:\\\/\\\/continuamosmx.com\\\/index.php\\\/2026\\\/05\\\/01\\\/entrega-del-monumento-oda-de-hierro-un-tributo-a-la-historia-obrera-de-naucalpan\\\/#primaryimage\"},\"thumbnailUrl\":\"https:\\\/\\\/continuamosmx.com\\\/wp-content\\\/uploads\\\/2026\\\/05\\\/oda-de-hierro.png\",\"articleSection\":[\"LOCALES\",\"NAUCALPAN\"],\"inLanguage\":\"es\"},{\"@type\":\"WebPage\",\"@id\":\"https:\\\/\\\/continuamosmx.com\\\/index.php\\\/2026\\\/05\\\/01\\\/entrega-del-monumento-oda-de-hierro-un-tributo-a-la-historia-obrera-de-naucalpan\\\/\",\"url\":\"https:\\\/\\\/continuamosmx.com\\\/index.php\\\/2026\\\/05\\\/01\\\/entrega-del-monumento-oda-de-hierro-un-tributo-a-la-historia-obrera-de-naucalpan\\\/\",\"name\":\"ENTREGA DEL MONUMENTO ODA DE HIERRO: UN TRIBUTO A LA HISTORIA OBRERA DE NAUCALPAN -\",\"isPartOf\":{\"@id\":\"https:\\\/\\\/continuamosmx.com\\\/#website\"},\"primaryImageOfPage\":{\"@id\":\"https:\\\/\\\/continuamosmx.com\\\/index.php\\\/2026\\\/05\\\/01\\\/entrega-del-monumento-oda-de-hierro-un-tributo-a-la-historia-obrera-de-naucalpan\\\/#primaryimage\"},\"image\":{\"@id\":\"https:\\\/\\\/continuamosmx.com\\\/index.php\\\/2026\\\/05\\\/01\\\/entrega-del-monumento-oda-de-hierro-un-tributo-a-la-historia-obrera-de-naucalpan\\\/#primaryimage\"},\"thumbnailUrl\":\"https:\\\/\\\/continuamosmx.com\\\/wp-content\\\/uploads\\\/2026\\\/05\\\/oda-de-hierro.png\",\"datePublished\":\"2026-05-01T20:45:01+00:00\",\"dateModified\":\"2026-05-01T20:45:02+00:00\",\"breadcrumb\":{\"@id\":\"https:\\\/\\\/continuamosmx.com\\\/index.php\\\/2026\\\/05\\\/01\\\/entrega-del-monumento-oda-de-hierro-un-tributo-a-la-historia-obrera-de-naucalpan\\\/#breadcrumb\"},\"inLanguage\":\"es\",\"potentialAction\":[{\"@type\":\"ReadAction\",\"target\":[\"https:\\\/\\\/continuamosmx.com\\\/index.php\\\/2026\\\/05\\\/01\\\/entrega-del-monumento-oda-de-hierro-un-tributo-a-la-historia-obrera-de-naucalpan\\\/\"]}]},{\"@type\":\"ImageObject\",\"inLanguage\":\"es\",\"@id\":\"https:\\\/\\\/continuamosmx.com\\\/index.php\\\/2026\\\/05\\\/01\\\/entrega-del-monumento-oda-de-hierro-un-tributo-a-la-historia-obrera-de-naucalpan\\\/#primaryimage\",\"url\":\"https:\\\/\\\/continuamosmx.com\\\/wp-content\\\/uploads\\\/2026\\\/05\\\/oda-de-hierro.png\",\"contentUrl\":\"https:\\\/\\\/continuamosmx.com\\\/wp-content\\\/uploads\\\/2026\\\/05\\\/oda-de-hierro.png\",\"width\":1077,\"height\":494},{\"@type\":\"BreadcrumbList\",\"@id\":\"https:\\\/\\\/continuamosmx.com\\\/index.php\\\/2026\\\/05\\\/01\\\/entrega-del-monumento-oda-de-hierro-un-tributo-a-la-historia-obrera-de-naucalpan\\\/#breadcrumb\",\"itemListElement\":[{\"@type\":\"ListItem\",\"position\":1,\"name\":\"Inicio\",\"item\":\"https:\\\/\\\/continuamosmx.com\\\/\"},{\"@type\":\"ListItem\",\"position\":2,\"name\":\"ENTREGA DEL MONUMENTO ODA DE HIERRO: UN TRIBUTO A LA HISTORIA OBRERA DE NAUCALPAN\"}]},{\"@type\":\"WebSite\",\"@id\":\"https:\\\/\\\/continuamosmx.com\\\/#website\",\"url\":\"https:\\\/\\\/continuamosmx.com\\\/\",\"name\":\"www.continuamosmx.com\",\"description\":\"\",\"publisher\":{\"@id\":\"https:\\\/\\\/continuamosmx.com\\\/#organization\"},\"potentialAction\":[{\"@type\":\"SearchAction\",\"target\":{\"@type\":\"EntryPoint\",\"urlTemplate\":\"https:\\\/\\\/continuamosmx.com\\\/?s={search_term_string}\"},\"query-input\":{\"@type\":\"PropertyValueSpecification\",\"valueRequired\":true,\"valueName\":\"search_term_string\"}}],\"inLanguage\":\"es\"},{\"@type\":\"Organization\",\"@id\":\"https:\\\/\\\/continuamosmx.com\\\/#organization\",\"name\":\"ContinuamosMX\",\"url\":\"https:\\\/\\\/continuamosmx.com\\\/\",\"logo\":{\"@type\":\"ImageObject\",\"inLanguage\":\"es\",\"@id\":\"https:\\\/\\\/continuamosmx.com\\\/#\\\/schema\\\/logo\\\/image\\\/\",\"url\":\"https:\\\/\\\/continuamosmx.com\\\/wp-content\\\/uploads\\\/2023\\\/04\\\/cropped-LOGO-CONTI-NUEVO.png\",\"contentUrl\":\"https:\\\/\\\/continuamosmx.com\\\/wp-content\\\/uploads\\\/2023\\\/04\\\/cropped-LOGO-CONTI-NUEVO.png\",\"width\":1257,\"height\":430,\"caption\":\"ContinuamosMX\"},\"image\":{\"@id\":\"https:\\\/\\\/continuamosmx.com\\\/#\\\/schema\\\/logo\\\/image\\\/\"}},{\"@type\":\"Person\",\"@id\":\"https:\\\/\\\/continuamosmx.com\\\/#\\\/schema\\\/person\\\/5eb5356acb1fad784da407d14f0e8d89\",\"name\":\"Continuamos MX\",\"image\":{\"@type\":\"ImageObject\",\"inLanguage\":\"es\",\"@id\":\"https:\\\/\\\/secure.gravatar.com\\\/avatar\\\/30d4f9723476a15f4da34d35fb3501f08d2357016c76051c6a85c354c7489589?s=96&d=mm&r=g\",\"url\":\"https:\\\/\\\/secure.gravatar.com\\\/avatar\\\/30d4f9723476a15f4da34d35fb3501f08d2357016c76051c6a85c354c7489589?s=96&d=mm&r=g\",\"contentUrl\":\"https:\\\/\\\/secure.gravatar.com\\\/avatar\\\/30d4f9723476a15f4da34d35fb3501f08d2357016c76051c6a85c354c7489589?s=96&d=mm&r=g\",\"caption\":\"Continuamos MX\"},\"sameAs\":[\"http:\\\/\\\/www.continuamos.mx\"],\"url\":\"https:\\\/\\\/continuamosmx.com\\\/index.php\\\/author\\\/continuamos\\\/\"}]}<\/script>\n<!-- \/ Yoast SEO plugin. -->","yoast_head_json":{"title":"ENTREGA DEL MONUMENTO ODA DE HIERRO: UN TRIBUTO A LA HISTORIA OBRERA DE NAUCALPAN -","robots":{"index":"index","follow":"follow","max-snippet":"max-snippet:-1","max-image-preview":"max-image-preview:large","max-video-preview":"max-video-preview:-1"},"canonical":"https:\/\/continuamosmx.com\/index.php\/2026\/05\/01\/entrega-del-monumento-oda-de-hierro-un-tributo-a-la-historia-obrera-de-naucalpan\/","og_locale":"es_ES","og_type":"article","og_title":"ENTREGA DEL MONUMENTO ODA DE HIERRO: UN TRIBUTO A LA HISTORIA OBRERA DE NAUCALPAN -","og_description":"*El alcalde Isaac Montoya encabeza la recuperaci\u00f3n de espacios p\u00fablicos que dignifican el legado industrial del municipio En el marco de la conmemoraci\u00f3n del D\u00eda del Trabajo, el Gobierno de Naucalpan, liderado por el alcalde Isaac Montoya, llev\u00f3 a cabo la entrega de la renovada \u00abOda de Hierro\u00bb, un espacio emblem\u00e1tico dise\u00f1ado para honrar la [&hellip;]","og_url":"https:\/\/continuamosmx.com\/index.php\/2026\/05\/01\/entrega-del-monumento-oda-de-hierro-un-tributo-a-la-historia-obrera-de-naucalpan\/","article_published_time":"2026-05-01T20:45:01+00:00","article_modified_time":"2026-05-01T20:45:02+00:00","og_image":[{"width":1077,"height":494,"url":"https:\/\/continuamosmx.com\/wp-content\/uploads\/2026\/05\/oda-de-hierro.png","type":"image\/png"}],"author":"Continuamos MX","twitter_card":"summary_large_image","twitter_misc":{"Escrito por":"Continuamos MX","Tiempo de lectura":"2 minutos"},"schema":{"@context":"https:\/\/schema.org","@graph":[{"@type":"Article","@id":"https:\/\/continuamosmx.com\/index.php\/2026\/05\/01\/entrega-del-monumento-oda-de-hierro-un-tributo-a-la-historia-obrera-de-naucalpan\/#article","isPartOf":{"@id":"https:\/\/continuamosmx.com\/index.php\/2026\/05\/01\/entrega-del-monumento-oda-de-hierro-un-tributo-a-la-historia-obrera-de-naucalpan\/"},"author":{"name":"Continuamos MX","@id":"https:\/\/continuamosmx.com\/#\/schema\/person\/5eb5356acb1fad784da407d14f0e8d89"},"headline":"ENTREGA DEL MONUMENTO ODA DE HIERRO: UN TRIBUTO A LA HISTORIA OBRERA DE NAUCALPAN","datePublished":"2026-05-01T20:45:01+00:00","dateModified":"2026-05-01T20:45:02+00:00","mainEntityOfPage":{"@id":"https:\/\/continuamosmx.com\/index.php\/2026\/05\/01\/entrega-del-monumento-oda-de-hierro-un-tributo-a-la-historia-obrera-de-naucalpan\/"},"wordCount":215,"publisher":{"@id":"https:\/\/continuamosmx.com\/#organization"},"image":{"@id":"https:\/\/continuamosmx.com\/index.php\/2026\/05\/01\/entrega-del-monumento-oda-de-hierro-un-tributo-a-la-historia-obrera-de-naucalpan\/#primaryimage"},"thumbnailUrl":"https:\/\/continuamosmx.com\/wp-content\/uploads\/2026\/05\/oda-de-hierro.png","articleSection":["LOCALES","NAUCALPAN"],"inLanguage":"es"},{"@type":"WebPage","@id":"https:\/\/continuamosmx.com\/index.php\/2026\/05\/01\/entrega-del-monumento-oda-de-hierro-un-tributo-a-la-historia-obrera-de-naucalpan\/","url":"https:\/\/continuamosmx.com\/index.php\/2026\/05\/01\/entrega-del-monumento-oda-de-hierro-un-tributo-a-la-historia-obrera-de-naucalpan\/","name":"ENTREGA DEL MONUMENTO ODA DE HIERRO: UN TRIBUTO A LA HISTORIA OBRERA DE NAUCALPAN -","isPartOf":{"@id":"https:\/\/continuamosmx.com\/#website"},"primaryImageOfPage":{"@id":"https:\/\/continuamosmx.com\/index.php\/2026\/05\/01\/entrega-del-monumento-oda-de-hierro-un-tributo-a-la-historia-obrera-de-naucalpan\/#primaryimage"},"image":{"@id":"https:\/\/continuamosmx.com\/index.php\/2026\/05\/01\/entrega-del-monumento-oda-de-hierro-un-tributo-a-la-historia-obrera-de-naucalpan\/#primaryimage"},"thumbnailUrl":"https:\/\/continuamosmx.com\/wp-content\/uploads\/2026\/05\/oda-de-hierro.png","datePublished":"2026-05-01T20:45:01+00:00","dateModified":"2026-05-01T20:45:02+00:00","breadcrumb":{"@id":"https:\/\/continuamosmx.com\/index.php\/2026\/05\/01\/entrega-del-monumento-oda-de-hierro-un-tributo-a-la-historia-obrera-de-naucalpan\/#breadcrumb"},"inLanguage":"es","potentialAction":[{"@type":"ReadAction","target":["https:\/\/continuamosmx.com\/index.php\/2026\/05\/01\/entrega-del-monumento-oda-de-hierro-un-tributo-a-la-historia-obrera-de-naucalpan\/"]}]},{"@type":"ImageObject","inLanguage":"es","@id":"https:\/\/continuamosmx.com\/index.php\/2026\/05\/01\/entrega-del-monumento-oda-de-hierro-un-tributo-a-la-historia-obrera-de-naucalpan\/#primaryimage","url":"https:\/\/continuamosmx.com\/wp-content\/uploads\/2026\/05\/oda-de-hierro.png","contentUrl":"https:\/\/continuamosmx.com\/wp-content\/uploads\/2026\/05\/oda-de-hierro.png","width":1077,"height":494},{"@type":"BreadcrumbList","@id":"https:\/\/continuamosmx.com\/index.php\/2026\/05\/01\/entrega-del-monumento-oda-de-hierro-un-tributo-a-la-historia-obrera-de-naucalpan\/#breadcrumb","itemListElement":[{"@type":"ListItem","position":1,"name":"Inicio","item":"https:\/\/continuamosmx.com\/"},{"@type":"ListItem","position":2,"name":"ENTREGA DEL MONUMENTO ODA DE HIERRO: UN TRIBUTO A LA HISTORIA OBRERA DE NAUCALPAN"}]},{"@type":"WebSite","@id":"https:\/\/continuamosmx.com\/#website","url":"https:\/\/continuamosmx.com\/","name":"www.continuamosmx.com","description":"","publisher":{"@id":"https:\/\/continuamosmx.com\/#organization"},"potentialAction":[{"@type":"SearchAction","target":{"@type":"EntryPoint","urlTemplate":"https:\/\/continuamosmx.com\/?s={search_term_string}"},"query-input":{"@type":"PropertyValueSpecification","valueRequired":true,"valueName":"search_term_string"}}],"inLanguage":"es"},{"@type":"Organization","@id":"https:\/\/continuamosmx.com\/#organization","name":"ContinuamosMX","url":"https:\/\/continuamosmx.com\/","logo":{"@type":"ImageObject","inLanguage":"es","@id":"https:\/\/continuamosmx.com\/#\/schema\/logo\/image\/","url":"https:\/\/continuamosmx.com\/wp-content\/uploads\/2023\/04\/cropped-LOGO-CONTI-NUEVO.png","contentUrl":"https:\/\/continuamosmx.com\/wp-content\/uploads\/2023\/04\/cropped-LOGO-CONTI-NUEVO.png","width":1257,"height":430,"caption":"ContinuamosMX"},"image":{"@id":"https:\/\/continuamosmx.com\/#\/schema\/logo\/image\/"}},{"@type":"Person","@id":"https:\/\/continuamosmx.com\/#\/schema\/person\/5eb5356acb1fad784da407d14f0e8d89","name":"Continuamos MX","image":{"@type":"ImageObject","inLanguage":"es","@id":"https:\/\/secure.gravatar.com\/avatar\/30d4f9723476a15f4da34d35fb3501f08d2357016c76051c6a85c354c7489589?s=96&d=mm&r=g","url":"https:\/\/secure.gravatar.com\/avatar\/30d4f9723476a15f4da34d35fb3501f08d2357016c76051c6a85c354c7489589?s=96&d=mm&r=g","contentUrl":"https:\/\/secure.gravatar.com\/avatar\/30d4f9723476a15f4da34d35fb3501f08d2357016c76051c6a85c354c7489589?s=96&d=mm&r=g","caption":"Continuamos MX"},"sameAs":["http:\/\/www.continuamos.mx"],"url":"https:\/\/continuamosmx.com\/index.php\/author\/continuamos\/"}]}},"_links":{"self":[{"href":"https:\/\/continuamosmx.com\/index.php\/wp-json\/wp\/v2\/posts\/54777","targetHints":{"allow":["GET"]}}],"collection":[{"href":"https:\/\/continuamosmx.com\/index.php\/wp-json\/wp\/v2\/posts"}],"about":[{"href":"https:\/\/continuamosmx.com\/index.php\/wp-json\/wp\/v2\/types\/post"}],"author":[{"embeddable":true,"href":"https:\/\/continuamosmx.com\/index.php\/wp-json\/wp\/v2\/users\/6"}],"replies":[{"embeddable":true,"href":"https:\/\/continuamosmx.com\/index.php\/wp-json\/wp\/v2\/comments?post=54777"}],"version-history":[{"count":1,"href":"https:\/\/continuamosmx.com\/index.php\/wp-json\/wp\/v2\/posts\/54777\/revisions"}],"predecessor-version":[{"id":54779,"href":"https:\/\/continuamosmx.com\/index.php\/wp-json\/wp\/v2\/posts\/54777\/revisions\/54779"}],"wp:featuredmedia":[{"embeddable":true,"href":"https:\/\/continuamosmx.com\/index.php\/wp-json\/wp\/v2\/media\/54778"}],"wp:attachment":[{"href":"https:\/\/continuamosmx.com\/index.php\/wp-json\/wp\/v2\/media?parent=54777"}],"wp:term":[{"taxonomy":"category","embeddable":true,"href":"https:\/\/continuamosmx.com\/index.php\/wp-json\/wp\/v2\/categories?post=54777"},{"taxonomy":"post_tag","embeddable":true,"href":"https:\/\/continuamosmx.com\/index.php\/wp-json\/wp\/v2\/tags?post=54777"}],"curies":[{"name":"wp","href":"https:\/\/api.w.org\/{rel}","templated":true}]}}