{"id":54752,"date":"2026-04-30T20:56:44","date_gmt":"2026-05-01T02:56:44","guid":{"rendered":"https:\/\/continuamosmx.com\/?p=54752"},"modified":"2026-04-30T20:56:45","modified_gmt":"2026-05-01T02:56:45","slug":"gobierno-de-nicolas-romero-festeja-el-dia-de-la-ninez-con-magno-evento-y-compromisos-sociales","status":"publish","type":"post","link":"https:\/\/continuamosmx.com\/index.php\/2026\/04\/30\/gobierno-de-nicolas-romero-festeja-el-dia-de-la-ninez-con-magno-evento-y-compromisos-sociales\/","title":{"rendered":"GOBIERNO DE NICOL\u00c1S ROMERO FESTEJA EL D\u00cdA DE LA NI\u00d1EZ CON MAGNO EVENTO Y COMPROMISOS SOCIALES"},"content":{"rendered":"\n<p><strong>*La alcaldesa Yoselin Mendoza anunci\u00f3 la creaci\u00f3n de un segundo Centro Municipal de Salud Mental durante la celebraci\u00f3n.<\/strong><\/p>\n\n\n\n<p>NICOL\u00c1S ROMERO.- En un ambiente de j\u00fabilo y convivencia familiar, el Gobierno Municipal de Nicol\u00e1s Romero, liderado por la alcaldesa Yoselin Mendoza, llev\u00f3 a cabo un magno festival para conmemorar el D\u00eda de la Ni\u00f1ez. La explanada municipal luci\u00f3 abarrotada por cientos de ni\u00f1as, ni\u00f1os y j\u00f3venes, quienes disfrutaron de una jornada dise\u00f1ada para reconocer su importancia como el activo m\u00e1s valioso de la demarcaci\u00f3n.<\/p>\n\n\n\n<p>Durante el evento, la presidenta municipal reafirm\u00f3 que la ni\u00f1ez es una prioridad absoluta para su administraci\u00f3n, destacando que su talento e imaginaci\u00f3n son los motores que transformar\u00e1n la ciudad. En este contexto, se realiz\u00f3 previamente el Segundo Cabildo Infantil, un espacio donde estudiantes de nivel primaria y secundaria presentaron propuestas enfocadas en el cuidado del medio ambiente, la gesti\u00f3n del agua, la alimentaci\u00f3n saludable y el bienestar animal.<\/p>\n\n\n\n<p>Como respuesta directa a las inquietudes planteadas por los menores, Mendoza asegur\u00f3 que su gobierno integrar\u00e1 estas propuestas a la agenda de trabajo. Asimismo, anunci\u00f3 el proyecto para la creaci\u00f3n del segundo Centro Municipal de Salud Mental, reforzando el compromiso con la estabilidad emocional y el desarrollo integral de la poblaci\u00f3n joven.<\/p>\n\n\n\n<p>La celebraci\u00f3n incluy\u00f3 atracciones de alto nivel como el espect\u00e1culo \u201cInvasi\u00f3n Jur\u00e1sica\u201d, paseos recreativos en motocicletas de la Direcci\u00f3n de Seguridad P\u00fablica, rifas de bicicletas y diversas amenidades. El cierre del festival estuvo a cargo de las guerreras de la pel\u00edcula \u201cK-Pop Demon Hunters\u201d, espect\u00e1culo que fue recibido con gran entusiasmo por los asistentes. Finalmente, la alcaldesa inform\u00f3 que los festejos se extender\u00e1n directamente a las diversas comunidades del municipio en los pr\u00f3ximos d\u00edas.<\/p>\n","protected":false},"excerpt":{"rendered":"<p>*La alcaldesa Yoselin Mendoza anunci\u00f3 la creaci\u00f3n de un segundo Centro Municipal de Salud Mental durante la celebraci\u00f3n. NICOL\u00c1S ROMERO.- En un ambiente de j\u00fabilo y convivencia familiar, el Gobierno Municipal de Nicol\u00e1s Romero, liderado por la alcaldesa Yoselin Mendoza, llev\u00f3 a cabo un magno festival para conmemorar el D\u00eda de la Ni\u00f1ez. La explanada [&hellip;]<\/p>\n","protected":false},"author":6,"featured_media":54753,"comment_status":"closed","ping_status":"closed","sticky":false,"template":"","format":"standard","meta":{"footnotes":""},"categories":[4,36],"tags":[],"class_list":["post-54752","post","type-post","status-publish","format-standard","has-post-thumbnail","hentry","category-locales","category-nicolas-romero"],"yoast_head":"<!-- This site is optimized with the Yoast SEO plugin v27.5 - https:\/\/yoast.com\/product\/yoast-seo-wordpress\/ -->\n<title>GOBIERNO DE NICOL\u00c1S ROMERO FESTEJA EL D\u00cdA DE LA NI\u00d1EZ CON MAGNO EVENTO Y COMPROMISOS SOCIALES -<\/title>\n<meta name=\"robots\" content=\"index, follow, max-snippet:-1, max-image-preview:large, max-video-preview:-1\" \/>\n<link rel=\"canonical\" href=\"https:\/\/continuamosmx.com\/index.php\/2026\/04\/30\/gobierno-de-nicolas-romero-festeja-el-dia-de-la-ninez-con-magno-evento-y-compromisos-sociales\/\" \/>\n<meta property=\"og:locale\" content=\"es_ES\" \/>\n<meta property=\"og:type\" content=\"article\" \/>\n<meta property=\"og:title\" content=\"GOBIERNO DE NICOL\u00c1S ROMERO FESTEJA EL D\u00cdA DE LA NI\u00d1EZ CON MAGNO EVENTO Y COMPROMISOS SOCIALES -\" \/>\n<meta property=\"og:description\" content=\"*La alcaldesa Yoselin Mendoza anunci\u00f3 la creaci\u00f3n de un segundo Centro Municipal de Salud Mental durante la celebraci\u00f3n. NICOL\u00c1S ROMERO.- En un ambiente de j\u00fabilo y convivencia familiar, el Gobierno Municipal de Nicol\u00e1s Romero, liderado por la alcaldesa Yoselin Mendoza, llev\u00f3 a cabo un magno festival para conmemorar el D\u00eda de la Ni\u00f1ez. La explanada [&hellip;]\" \/>\n<meta property=\"og:url\" content=\"https:\/\/continuamosmx.com\/index.php\/2026\/04\/30\/gobierno-de-nicolas-romero-festeja-el-dia-de-la-ninez-con-magno-evento-y-compromisos-sociales\/\" \/>\n<meta property=\"article:published_time\" content=\"2026-05-01T02:56:44+00:00\" \/>\n<meta property=\"article:modified_time\" content=\"2026-05-01T02:56:45+00:00\" \/>\n<meta property=\"og:image\" content=\"https:\/\/continuamosmx.com\/wp-content\/uploads\/2026\/04\/WhatsApp-Image-2026-04-30-at-8.39.04-PM-6.jpeg\" \/>\n\t<meta property=\"og:image:width\" content=\"1280\" \/>\n\t<meta property=\"og:image:height\" content=\"854\" \/>\n\t<meta property=\"og:image:type\" content=\"image\/jpeg\" \/>\n<meta name=\"author\" content=\"Continuamos MX\" \/>\n<meta name=\"twitter:card\" content=\"summary_large_image\" \/>\n<meta name=\"twitter:label1\" content=\"Escrito por\" \/>\n\t<meta name=\"twitter:data1\" content=\"Continuamos MX\" \/>\n\t<meta name=\"twitter:label2\" content=\"Tiempo de lectura\" \/>\n\t<meta name=\"twitter:data2\" content=\"2 minutos\" \/>\n<script type=\"application\/ld+json\" class=\"yoast-schema-graph\">{\"@context\":\"https:\\\/\\\/schema.org\",\"@graph\":[{\"@type\":\"Article\",\"@id\":\"https:\\\/\\\/continuamosmx.com\\\/index.php\\\/2026\\\/04\\\/30\\\/gobierno-de-nicolas-romero-festeja-el-dia-de-la-ninez-con-magno-evento-y-compromisos-sociales\\\/#article\",\"isPartOf\":{\"@id\":\"https:\\\/\\\/continuamosmx.com\\\/index.php\\\/2026\\\/04\\\/30\\\/gobierno-de-nicolas-romero-festeja-el-dia-de-la-ninez-con-magno-evento-y-compromisos-sociales\\\/\"},\"author\":{\"name\":\"Continuamos MX\",\"@id\":\"https:\\\/\\\/continuamosmx.com\\\/#\\\/schema\\\/person\\\/5eb5356acb1fad784da407d14f0e8d89\"},\"headline\":\"GOBIERNO DE NICOL\u00c1S ROMERO FESTEJA EL D\u00cdA DE LA NI\u00d1EZ CON MAGNO EVENTO Y COMPROMISOS SOCIALES\",\"datePublished\":\"2026-05-01T02:56:44+00:00\",\"dateModified\":\"2026-05-01T02:56:45+00:00\",\"mainEntityOfPage\":{\"@id\":\"https:\\\/\\\/continuamosmx.com\\\/index.php\\\/2026\\\/04\\\/30\\\/gobierno-de-nicolas-romero-festeja-el-dia-de-la-ninez-con-magno-evento-y-compromisos-sociales\\\/\"},\"wordCount\":330,\"publisher\":{\"@id\":\"https:\\\/\\\/continuamosmx.com\\\/#organization\"},\"image\":{\"@id\":\"https:\\\/\\\/continuamosmx.com\\\/index.php\\\/2026\\\/04\\\/30\\\/gobierno-de-nicolas-romero-festeja-el-dia-de-la-ninez-con-magno-evento-y-compromisos-sociales\\\/#primaryimage\"},\"thumbnailUrl\":\"https:\\\/\\\/continuamosmx.com\\\/wp-content\\\/uploads\\\/2026\\\/04\\\/WhatsApp-Image-2026-04-30-at-8.39.04-PM-6.jpeg\",\"articleSection\":[\"LOCALES\",\"NICOL\u00c1S ROMERO\"],\"inLanguage\":\"es\"},{\"@type\":\"WebPage\",\"@id\":\"https:\\\/\\\/continuamosmx.com\\\/index.php\\\/2026\\\/04\\\/30\\\/gobierno-de-nicolas-romero-festeja-el-dia-de-la-ninez-con-magno-evento-y-compromisos-sociales\\\/\",\"url\":\"https:\\\/\\\/continuamosmx.com\\\/index.php\\\/2026\\\/04\\\/30\\\/gobierno-de-nicolas-romero-festeja-el-dia-de-la-ninez-con-magno-evento-y-compromisos-sociales\\\/\",\"name\":\"GOBIERNO DE NICOL\u00c1S ROMERO FESTEJA EL D\u00cdA DE LA NI\u00d1EZ CON MAGNO EVENTO Y COMPROMISOS SOCIALES -\",\"isPartOf\":{\"@id\":\"https:\\\/\\\/continuamosmx.com\\\/#website\"},\"primaryImageOfPage\":{\"@id\":\"https:\\\/\\\/continuamosmx.com\\\/index.php\\\/2026\\\/04\\\/30\\\/gobierno-de-nicolas-romero-festeja-el-dia-de-la-ninez-con-magno-evento-y-compromisos-sociales\\\/#primaryimage\"},\"image\":{\"@id\":\"https:\\\/\\\/continuamosmx.com\\\/index.php\\\/2026\\\/04\\\/30\\\/gobierno-de-nicolas-romero-festeja-el-dia-de-la-ninez-con-magno-evento-y-compromisos-sociales\\\/#primaryimage\"},\"thumbnailUrl\":\"https:\\\/\\\/continuamosmx.com\\\/wp-content\\\/uploads\\\/2026\\\/04\\\/WhatsApp-Image-2026-04-30-at-8.39.04-PM-6.jpeg\",\"datePublished\":\"2026-05-01T02:56:44+00:00\",\"dateModified\":\"2026-05-01T02:56:45+00:00\",\"breadcrumb\":{\"@id\":\"https:\\\/\\\/continuamosmx.com\\\/index.php\\\/2026\\\/04\\\/30\\\/gobierno-de-nicolas-romero-festeja-el-dia-de-la-ninez-con-magno-evento-y-compromisos-sociales\\\/#breadcrumb\"},\"inLanguage\":\"es\",\"potentialAction\":[{\"@type\":\"ReadAction\",\"target\":[\"https:\\\/\\\/continuamosmx.com\\\/index.php\\\/2026\\\/04\\\/30\\\/gobierno-de-nicolas-romero-festeja-el-dia-de-la-ninez-con-magno-evento-y-compromisos-sociales\\\/\"]}]},{\"@type\":\"ImageObject\",\"inLanguage\":\"es\",\"@id\":\"https:\\\/\\\/continuamosmx.com\\\/index.php\\\/2026\\\/04\\\/30\\\/gobierno-de-nicolas-romero-festeja-el-dia-de-la-ninez-con-magno-evento-y-compromisos-sociales\\\/#primaryimage\",\"url\":\"https:\\\/\\\/continuamosmx.com\\\/wp-content\\\/uploads\\\/2026\\\/04\\\/WhatsApp-Image-2026-04-30-at-8.39.04-PM-6.jpeg\",\"contentUrl\":\"https:\\\/\\\/continuamosmx.com\\\/wp-content\\\/uploads\\\/2026\\\/04\\\/WhatsApp-Image-2026-04-30-at-8.39.04-PM-6.jpeg\",\"width\":1280,\"height\":854},{\"@type\":\"BreadcrumbList\",\"@id\":\"https:\\\/\\\/continuamosmx.com\\\/index.php\\\/2026\\\/04\\\/30\\\/gobierno-de-nicolas-romero-festeja-el-dia-de-la-ninez-con-magno-evento-y-compromisos-sociales\\\/#breadcrumb\",\"itemListElement\":[{\"@type\":\"ListItem\",\"position\":1,\"name\":\"Inicio\",\"item\":\"https:\\\/\\\/continuamosmx.com\\\/\"},{\"@type\":\"ListItem\",\"position\":2,\"name\":\"GOBIERNO DE NICOL\u00c1S ROMERO FESTEJA EL D\u00cdA DE LA NI\u00d1EZ CON MAGNO EVENTO Y COMPROMISOS SOCIALES\"}]},{\"@type\":\"WebSite\",\"@id\":\"https:\\\/\\\/continuamosmx.com\\\/#website\",\"url\":\"https:\\\/\\\/continuamosmx.com\\\/\",\"name\":\"www.continuamosmx.com\",\"description\":\"\",\"publisher\":{\"@id\":\"https:\\\/\\\/continuamosmx.com\\\/#organization\"},\"potentialAction\":[{\"@type\":\"SearchAction\",\"target\":{\"@type\":\"EntryPoint\",\"urlTemplate\":\"https:\\\/\\\/continuamosmx.com\\\/?s={search_term_string}\"},\"query-input\":{\"@type\":\"PropertyValueSpecification\",\"valueRequired\":true,\"valueName\":\"search_term_string\"}}],\"inLanguage\":\"es\"},{\"@type\":\"Organization\",\"@id\":\"https:\\\/\\\/continuamosmx.com\\\/#organization\",\"name\":\"ContinuamosMX\",\"url\":\"https:\\\/\\\/continuamosmx.com\\\/\",\"logo\":{\"@type\":\"ImageObject\",\"inLanguage\":\"es\",\"@id\":\"https:\\\/\\\/continuamosmx.com\\\/#\\\/schema\\\/logo\\\/image\\\/\",\"url\":\"https:\\\/\\\/continuamosmx.com\\\/wp-content\\\/uploads\\\/2023\\\/04\\\/cropped-LOGO-CONTI-NUEVO.png\",\"contentUrl\":\"https:\\\/\\\/continuamosmx.com\\\/wp-content\\\/uploads\\\/2023\\\/04\\\/cropped-LOGO-CONTI-NUEVO.png\",\"width\":1257,\"height\":430,\"caption\":\"ContinuamosMX\"},\"image\":{\"@id\":\"https:\\\/\\\/continuamosmx.com\\\/#\\\/schema\\\/logo\\\/image\\\/\"}},{\"@type\":\"Person\",\"@id\":\"https:\\\/\\\/continuamosmx.com\\\/#\\\/schema\\\/person\\\/5eb5356acb1fad784da407d14f0e8d89\",\"name\":\"Continuamos MX\",\"image\":{\"@type\":\"ImageObject\",\"inLanguage\":\"es\",\"@id\":\"https:\\\/\\\/secure.gravatar.com\\\/avatar\\\/30d4f9723476a15f4da34d35fb3501f08d2357016c76051c6a85c354c7489589?s=96&d=mm&r=g\",\"url\":\"https:\\\/\\\/secure.gravatar.com\\\/avatar\\\/30d4f9723476a15f4da34d35fb3501f08d2357016c76051c6a85c354c7489589?s=96&d=mm&r=g\",\"contentUrl\":\"https:\\\/\\\/secure.gravatar.com\\\/avatar\\\/30d4f9723476a15f4da34d35fb3501f08d2357016c76051c6a85c354c7489589?s=96&d=mm&r=g\",\"caption\":\"Continuamos MX\"},\"sameAs\":[\"http:\\\/\\\/www.continuamos.mx\"],\"url\":\"https:\\\/\\\/continuamosmx.com\\\/index.php\\\/author\\\/continuamos\\\/\"}]}<\/script>\n<!-- \/ Yoast SEO plugin. -->","yoast_head_json":{"title":"GOBIERNO DE NICOL\u00c1S ROMERO FESTEJA EL D\u00cdA DE LA NI\u00d1EZ CON MAGNO EVENTO Y COMPROMISOS SOCIALES -","robots":{"index":"index","follow":"follow","max-snippet":"max-snippet:-1","max-image-preview":"max-image-preview:large","max-video-preview":"max-video-preview:-1"},"canonical":"https:\/\/continuamosmx.com\/index.php\/2026\/04\/30\/gobierno-de-nicolas-romero-festeja-el-dia-de-la-ninez-con-magno-evento-y-compromisos-sociales\/","og_locale":"es_ES","og_type":"article","og_title":"GOBIERNO DE NICOL\u00c1S ROMERO FESTEJA EL D\u00cdA DE LA NI\u00d1EZ CON MAGNO EVENTO Y COMPROMISOS SOCIALES -","og_description":"*La alcaldesa Yoselin Mendoza anunci\u00f3 la creaci\u00f3n de un segundo Centro Municipal de Salud Mental durante la celebraci\u00f3n. NICOL\u00c1S ROMERO.- En un ambiente de j\u00fabilo y convivencia familiar, el Gobierno Municipal de Nicol\u00e1s Romero, liderado por la alcaldesa Yoselin Mendoza, llev\u00f3 a cabo un magno festival para conmemorar el D\u00eda de la Ni\u00f1ez. La explanada [&hellip;]","og_url":"https:\/\/continuamosmx.com\/index.php\/2026\/04\/30\/gobierno-de-nicolas-romero-festeja-el-dia-de-la-ninez-con-magno-evento-y-compromisos-sociales\/","article_published_time":"2026-05-01T02:56:44+00:00","article_modified_time":"2026-05-01T02:56:45+00:00","og_image":[{"width":1280,"height":854,"url":"https:\/\/continuamosmx.com\/wp-content\/uploads\/2026\/04\/WhatsApp-Image-2026-04-30-at-8.39.04-PM-6.jpeg","type":"image\/jpeg"}],"author":"Continuamos MX","twitter_card":"summary_large_image","twitter_misc":{"Escrito por":"Continuamos MX","Tiempo de lectura":"2 minutos"},"schema":{"@context":"https:\/\/schema.org","@graph":[{"@type":"Article","@id":"https:\/\/continuamosmx.com\/index.php\/2026\/04\/30\/gobierno-de-nicolas-romero-festeja-el-dia-de-la-ninez-con-magno-evento-y-compromisos-sociales\/#article","isPartOf":{"@id":"https:\/\/continuamosmx.com\/index.php\/2026\/04\/30\/gobierno-de-nicolas-romero-festeja-el-dia-de-la-ninez-con-magno-evento-y-compromisos-sociales\/"},"author":{"name":"Continuamos MX","@id":"https:\/\/continuamosmx.com\/#\/schema\/person\/5eb5356acb1fad784da407d14f0e8d89"},"headline":"GOBIERNO DE NICOL\u00c1S ROMERO FESTEJA EL D\u00cdA DE LA NI\u00d1EZ CON MAGNO EVENTO Y COMPROMISOS SOCIALES","datePublished":"2026-05-01T02:56:44+00:00","dateModified":"2026-05-01T02:56:45+00:00","mainEntityOfPage":{"@id":"https:\/\/continuamosmx.com\/index.php\/2026\/04\/30\/gobierno-de-nicolas-romero-festeja-el-dia-de-la-ninez-con-magno-evento-y-compromisos-sociales\/"},"wordCount":330,"publisher":{"@id":"https:\/\/continuamosmx.com\/#organization"},"image":{"@id":"https:\/\/continuamosmx.com\/index.php\/2026\/04\/30\/gobierno-de-nicolas-romero-festeja-el-dia-de-la-ninez-con-magno-evento-y-compromisos-sociales\/#primaryimage"},"thumbnailUrl":"https:\/\/continuamosmx.com\/wp-content\/uploads\/2026\/04\/WhatsApp-Image-2026-04-30-at-8.39.04-PM-6.jpeg","articleSection":["LOCALES","NICOL\u00c1S ROMERO"],"inLanguage":"es"},{"@type":"WebPage","@id":"https:\/\/continuamosmx.com\/index.php\/2026\/04\/30\/gobierno-de-nicolas-romero-festeja-el-dia-de-la-ninez-con-magno-evento-y-compromisos-sociales\/","url":"https:\/\/continuamosmx.com\/index.php\/2026\/04\/30\/gobierno-de-nicolas-romero-festeja-el-dia-de-la-ninez-con-magno-evento-y-compromisos-sociales\/","name":"GOBIERNO DE NICOL\u00c1S ROMERO FESTEJA EL D\u00cdA DE LA NI\u00d1EZ CON MAGNO EVENTO Y COMPROMISOS SOCIALES -","isPartOf":{"@id":"https:\/\/continuamosmx.com\/#website"},"primaryImageOfPage":{"@id":"https:\/\/continuamosmx.com\/index.php\/2026\/04\/30\/gobierno-de-nicolas-romero-festeja-el-dia-de-la-ninez-con-magno-evento-y-compromisos-sociales\/#primaryimage"},"image":{"@id":"https:\/\/continuamosmx.com\/index.php\/2026\/04\/30\/gobierno-de-nicolas-romero-festeja-el-dia-de-la-ninez-con-magno-evento-y-compromisos-sociales\/#primaryimage"},"thumbnailUrl":"https:\/\/continuamosmx.com\/wp-content\/uploads\/2026\/04\/WhatsApp-Image-2026-04-30-at-8.39.04-PM-6.jpeg","datePublished":"2026-05-01T02:56:44+00:00","dateModified":"2026-05-01T02:56:45+00:00","breadcrumb":{"@id":"https:\/\/continuamosmx.com\/index.php\/2026\/04\/30\/gobierno-de-nicolas-romero-festeja-el-dia-de-la-ninez-con-magno-evento-y-compromisos-sociales\/#breadcrumb"},"inLanguage":"es","potentialAction":[{"@type":"ReadAction","target":["https:\/\/continuamosmx.com\/index.php\/2026\/04\/30\/gobierno-de-nicolas-romero-festeja-el-dia-de-la-ninez-con-magno-evento-y-compromisos-sociales\/"]}]},{"@type":"ImageObject","inLanguage":"es","@id":"https:\/\/continuamosmx.com\/index.php\/2026\/04\/30\/gobierno-de-nicolas-romero-festeja-el-dia-de-la-ninez-con-magno-evento-y-compromisos-sociales\/#primaryimage","url":"https:\/\/continuamosmx.com\/wp-content\/uploads\/2026\/04\/WhatsApp-Image-2026-04-30-at-8.39.04-PM-6.jpeg","contentUrl":"https:\/\/continuamosmx.com\/wp-content\/uploads\/2026\/04\/WhatsApp-Image-2026-04-30-at-8.39.04-PM-6.jpeg","width":1280,"height":854},{"@type":"BreadcrumbList","@id":"https:\/\/continuamosmx.com\/index.php\/2026\/04\/30\/gobierno-de-nicolas-romero-festeja-el-dia-de-la-ninez-con-magno-evento-y-compromisos-sociales\/#breadcrumb","itemListElement":[{"@type":"ListItem","position":1,"name":"Inicio","item":"https:\/\/continuamosmx.com\/"},{"@type":"ListItem","position":2,"name":"GOBIERNO DE NICOL\u00c1S ROMERO FESTEJA EL D\u00cdA DE LA NI\u00d1EZ CON MAGNO EVENTO Y COMPROMISOS SOCIALES"}]},{"@type":"WebSite","@id":"https:\/\/continuamosmx.com\/#website","url":"https:\/\/continuamosmx.com\/","name":"www.continuamosmx.com","description":"","publisher":{"@id":"https:\/\/continuamosmx.com\/#organization"},"potentialAction":[{"@type":"SearchAction","target":{"@type":"EntryPoint","urlTemplate":"https:\/\/continuamosmx.com\/?s={search_term_string}"},"query-input":{"@type":"PropertyValueSpecification","valueRequired":true,"valueName":"search_term_string"}}],"inLanguage":"es"},{"@type":"Organization","@id":"https:\/\/continuamosmx.com\/#organization","name":"ContinuamosMX","url":"https:\/\/continuamosmx.com\/","logo":{"@type":"ImageObject","inLanguage":"es","@id":"https:\/\/continuamosmx.com\/#\/schema\/logo\/image\/","url":"https:\/\/continuamosmx.com\/wp-content\/uploads\/2023\/04\/cropped-LOGO-CONTI-NUEVO.png","contentUrl":"https:\/\/continuamosmx.com\/wp-content\/uploads\/2023\/04\/cropped-LOGO-CONTI-NUEVO.png","width":1257,"height":430,"caption":"ContinuamosMX"},"image":{"@id":"https:\/\/continuamosmx.com\/#\/schema\/logo\/image\/"}},{"@type":"Person","@id":"https:\/\/continuamosmx.com\/#\/schema\/person\/5eb5356acb1fad784da407d14f0e8d89","name":"Continuamos MX","image":{"@type":"ImageObject","inLanguage":"es","@id":"https:\/\/secure.gravatar.com\/avatar\/30d4f9723476a15f4da34d35fb3501f08d2357016c76051c6a85c354c7489589?s=96&d=mm&r=g","url":"https:\/\/secure.gravatar.com\/avatar\/30d4f9723476a15f4da34d35fb3501f08d2357016c76051c6a85c354c7489589?s=96&d=mm&r=g","contentUrl":"https:\/\/secure.gravatar.com\/avatar\/30d4f9723476a15f4da34d35fb3501f08d2357016c76051c6a85c354c7489589?s=96&d=mm&r=g","caption":"Continuamos MX"},"sameAs":["http:\/\/www.continuamos.mx"],"url":"https:\/\/continuamosmx.com\/index.php\/author\/continuamos\/"}]}},"_links":{"self":[{"href":"https:\/\/continuamosmx.com\/index.php\/wp-json\/wp\/v2\/posts\/54752","targetHints":{"allow":["GET"]}}],"collection":[{"href":"https:\/\/continuamosmx.com\/index.php\/wp-json\/wp\/v2\/posts"}],"about":[{"href":"https:\/\/continuamosmx.com\/index.php\/wp-json\/wp\/v2\/types\/post"}],"author":[{"embeddable":true,"href":"https:\/\/continuamosmx.com\/index.php\/wp-json\/wp\/v2\/users\/6"}],"replies":[{"embeddable":true,"href":"https:\/\/continuamosmx.com\/index.php\/wp-json\/wp\/v2\/comments?post=54752"}],"version-history":[{"count":1,"href":"https:\/\/continuamosmx.com\/index.php\/wp-json\/wp\/v2\/posts\/54752\/revisions"}],"predecessor-version":[{"id":54754,"href":"https:\/\/continuamosmx.com\/index.php\/wp-json\/wp\/v2\/posts\/54752\/revisions\/54754"}],"wp:featuredmedia":[{"embeddable":true,"href":"https:\/\/continuamosmx.com\/index.php\/wp-json\/wp\/v2\/media\/54753"}],"wp:attachment":[{"href":"https:\/\/continuamosmx.com\/index.php\/wp-json\/wp\/v2\/media?parent=54752"}],"wp:term":[{"taxonomy":"category","embeddable":true,"href":"https:\/\/continuamosmx.com\/index.php\/wp-json\/wp\/v2\/categories?post=54752"},{"taxonomy":"post_tag","embeddable":true,"href":"https:\/\/continuamosmx.com\/index.php\/wp-json\/wp\/v2\/tags?post=54752"}],"curies":[{"name":"wp","href":"https:\/\/api.w.org\/{rel}","templated":true}]}}