{"id":54747,"date":"2026-04-30T19:56:36","date_gmt":"2026-05-01T01:56:36","guid":{"rendered":"https:\/\/continuamosmx.com\/?p=54747"},"modified":"2026-04-30T19:56:37","modified_gmt":"2026-05-01T01:56:37","slug":"naucalpan-apuesta-por-la-ninez-rehabilitara-parque-revolucion-y-recupera-espacios-publicos","status":"publish","type":"post","link":"https:\/\/continuamosmx.com\/index.php\/2026\/04\/30\/naucalpan-apuesta-por-la-ninez-rehabilitara-parque-revolucion-y-recupera-espacios-publicos\/","title":{"rendered":"NAUCALPAN APUESTA POR LA NI\u00d1EZ: REHABILITAR\u00c1 PARQUE REVOLUCI\u00d3N Y RECUPERA ESPACIOS P\u00daBLICOS"},"content":{"rendered":"\n<p><strong>M\u00e1s de mil asistentes en festival infantil; gobierno anuncia reconstrucci\u00f3n de parque con enfoque inclusivo.<\/strong><\/p>\n\n\n\n<p>Naucalpan de Ju\u00e1rez,  En el marco del D\u00eda de la Ni\u00f1a y el Ni\u00f1o, el gobierno municipal encabezado por Isaac Montoya M\u00e1rquez anunci\u00f3 la reconstrucci\u00f3n del Parque Revoluci\u00f3n, como parte de una estrategia integral de rescate de espacios p\u00fablicos y fortalecimiento del tejido social.<\/p>\n\n\n\n<p>Durante el festival \u201cSonrisas que dejan Huella\u201d, realizado en la Plaza Revoluci\u00f3n de San Bartolo, el edil destac\u00f3 que las acciones de su administraci\u00f3n priorizan el bienestar de la infancia, al considerar que el desarrollo comunitario inicia con entornos adecuados para ni\u00f1as y ni\u00f1os.<\/p>\n\n\n\n<p>El evento reuni\u00f3 a cerca de mil asistentes, quienes participaron en actividades recreativas, rifas, espect\u00e1culos y din\u00e1micas familiares, en un ambiente orientado a la convivencia y el esparcimiento.<\/p>\n\n\n\n<p>Como parte de los anuncios, el alcalde detall\u00f3 que el nuevo Parque Revoluci\u00f3n contar\u00e1 con \u00e1reas verdes ampliadas, un kiosco central, espacios de juego y un dise\u00f1o incluyente, en respuesta a una demanda constante de los habitantes de la zona.<\/p>\n\n\n\n<p>Asimismo, subray\u00f3 que los espacios p\u00fablicos recuperados no ser\u00e1n privatizados, y reiter\u00f3 que las intervenciones se realizar\u00e1n con enfoque comunitario, priorizando el acceso libre y el uso colectivo.<\/p>\n\n\n\n<p>Las acciones forman parte de una pol\u00edtica p\u00fablica que contempla la rehabilitaci\u00f3n de parques y zonas recreativas en distintas comunidades, como Chimalpa, Izcalli Chamapa y Valle Dorado.<\/p>\n\n\n\n<p>El evento cont\u00f3 con la participaci\u00f3n del Sistema Municipal DIF, encabezado por Adriana G. Escobar, que coordin\u00f3 actividades dirigidas a la infancia, incluyendo juegos mec\u00e1nicos, espect\u00e1culos en vivo y distribuci\u00f3n de alimentos.<\/p>\n\n\n\n<p>Con estas iniciativas, el gobierno local busca garantizar el derecho al juego, fomentar la convivencia familiar y fortalecer la cohesi\u00f3n social en el municipio.<\/p>\n","protected":false},"excerpt":{"rendered":"<p>M\u00e1s de mil asistentes en festival infantil; gobierno anuncia reconstrucci\u00f3n de parque con enfoque inclusivo. Naucalpan de Ju\u00e1rez, En el marco del D\u00eda de la Ni\u00f1a y el Ni\u00f1o, el gobierno municipal encabezado por Isaac Montoya M\u00e1rquez anunci\u00f3 la reconstrucci\u00f3n del Parque Revoluci\u00f3n, como parte de una estrategia integral de rescate de espacios p\u00fablicos y [&hellip;]<\/p>\n","protected":false},"author":6,"featured_media":54748,"comment_status":"closed","ping_status":"closed","sticky":false,"template":"","format":"standard","meta":{"footnotes":""},"categories":[4,64],"tags":[],"class_list":["post-54747","post","type-post","status-publish","format-standard","has-post-thumbnail","hentry","category-locales","category-naucalpan"],"yoast_head":"<!-- This site is optimized with the Yoast SEO plugin v27.5 - https:\/\/yoast.com\/product\/yoast-seo-wordpress\/ -->\n<title>NAUCALPAN APUESTA POR LA NI\u00d1EZ: REHABILITAR\u00c1 PARQUE REVOLUCI\u00d3N Y RECUPERA ESPACIOS P\u00daBLICOS -<\/title>\n<meta name=\"robots\" content=\"index, follow, max-snippet:-1, max-image-preview:large, max-video-preview:-1\" \/>\n<link rel=\"canonical\" href=\"https:\/\/continuamosmx.com\/index.php\/2026\/04\/30\/naucalpan-apuesta-por-la-ninez-rehabilitara-parque-revolucion-y-recupera-espacios-publicos\/\" \/>\n<meta property=\"og:locale\" content=\"es_ES\" \/>\n<meta property=\"og:type\" content=\"article\" \/>\n<meta property=\"og:title\" content=\"NAUCALPAN APUESTA POR LA NI\u00d1EZ: REHABILITAR\u00c1 PARQUE REVOLUCI\u00d3N Y RECUPERA ESPACIOS P\u00daBLICOS -\" \/>\n<meta property=\"og:description\" content=\"M\u00e1s de mil asistentes en festival infantil; gobierno anuncia reconstrucci\u00f3n de parque con enfoque inclusivo. Naucalpan de Ju\u00e1rez, En el marco del D\u00eda de la Ni\u00f1a y el Ni\u00f1o, el gobierno municipal encabezado por Isaac Montoya M\u00e1rquez anunci\u00f3 la reconstrucci\u00f3n del Parque Revoluci\u00f3n, como parte de una estrategia integral de rescate de espacios p\u00fablicos y [&hellip;]\" \/>\n<meta property=\"og:url\" content=\"https:\/\/continuamosmx.com\/index.php\/2026\/04\/30\/naucalpan-apuesta-por-la-ninez-rehabilitara-parque-revolucion-y-recupera-espacios-publicos\/\" \/>\n<meta property=\"article:published_time\" content=\"2026-05-01T01:56:36+00:00\" \/>\n<meta property=\"article:modified_time\" content=\"2026-05-01T01:56:37+00:00\" \/>\n<meta property=\"og:image\" content=\"https:\/\/continuamosmx.com\/wp-content\/uploads\/2026\/04\/nnnn.jpg\" \/>\n\t<meta property=\"og:image:width\" content=\"1600\" \/>\n\t<meta property=\"og:image:height\" content=\"1124\" \/>\n\t<meta property=\"og:image:type\" content=\"image\/jpeg\" \/>\n<meta name=\"author\" content=\"Continuamos MX\" \/>\n<meta name=\"twitter:card\" content=\"summary_large_image\" \/>\n<meta name=\"twitter:label1\" content=\"Escrito por\" \/>\n\t<meta name=\"twitter:data1\" content=\"Continuamos MX\" \/>\n\t<meta name=\"twitter:label2\" content=\"Tiempo de lectura\" \/>\n\t<meta name=\"twitter:data2\" content=\"2 minutos\" \/>\n<script type=\"application\/ld+json\" class=\"yoast-schema-graph\">{\"@context\":\"https:\\\/\\\/schema.org\",\"@graph\":[{\"@type\":\"Article\",\"@id\":\"https:\\\/\\\/continuamosmx.com\\\/index.php\\\/2026\\\/04\\\/30\\\/naucalpan-apuesta-por-la-ninez-rehabilitara-parque-revolucion-y-recupera-espacios-publicos\\\/#article\",\"isPartOf\":{\"@id\":\"https:\\\/\\\/continuamosmx.com\\\/index.php\\\/2026\\\/04\\\/30\\\/naucalpan-apuesta-por-la-ninez-rehabilitara-parque-revolucion-y-recupera-espacios-publicos\\\/\"},\"author\":{\"name\":\"Continuamos MX\",\"@id\":\"https:\\\/\\\/continuamosmx.com\\\/#\\\/schema\\\/person\\\/5eb5356acb1fad784da407d14f0e8d89\"},\"headline\":\"NAUCALPAN APUESTA POR LA NI\u00d1EZ: REHABILITAR\u00c1 PARQUE REVOLUCI\u00d3N Y RECUPERA ESPACIOS P\u00daBLICOS\",\"datePublished\":\"2026-05-01T01:56:36+00:00\",\"dateModified\":\"2026-05-01T01:56:37+00:00\",\"mainEntityOfPage\":{\"@id\":\"https:\\\/\\\/continuamosmx.com\\\/index.php\\\/2026\\\/04\\\/30\\\/naucalpan-apuesta-por-la-ninez-rehabilitara-parque-revolucion-y-recupera-espacios-publicos\\\/\"},\"wordCount\":326,\"publisher\":{\"@id\":\"https:\\\/\\\/continuamosmx.com\\\/#organization\"},\"image\":{\"@id\":\"https:\\\/\\\/continuamosmx.com\\\/index.php\\\/2026\\\/04\\\/30\\\/naucalpan-apuesta-por-la-ninez-rehabilitara-parque-revolucion-y-recupera-espacios-publicos\\\/#primaryimage\"},\"thumbnailUrl\":\"https:\\\/\\\/continuamosmx.com\\\/wp-content\\\/uploads\\\/2026\\\/04\\\/nnnn.jpg\",\"articleSection\":[\"LOCALES\",\"NAUCALPAN\"],\"inLanguage\":\"es\"},{\"@type\":\"WebPage\",\"@id\":\"https:\\\/\\\/continuamosmx.com\\\/index.php\\\/2026\\\/04\\\/30\\\/naucalpan-apuesta-por-la-ninez-rehabilitara-parque-revolucion-y-recupera-espacios-publicos\\\/\",\"url\":\"https:\\\/\\\/continuamosmx.com\\\/index.php\\\/2026\\\/04\\\/30\\\/naucalpan-apuesta-por-la-ninez-rehabilitara-parque-revolucion-y-recupera-espacios-publicos\\\/\",\"name\":\"NAUCALPAN APUESTA POR LA NI\u00d1EZ: REHABILITAR\u00c1 PARQUE REVOLUCI\u00d3N Y RECUPERA ESPACIOS P\u00daBLICOS -\",\"isPartOf\":{\"@id\":\"https:\\\/\\\/continuamosmx.com\\\/#website\"},\"primaryImageOfPage\":{\"@id\":\"https:\\\/\\\/continuamosmx.com\\\/index.php\\\/2026\\\/04\\\/30\\\/naucalpan-apuesta-por-la-ninez-rehabilitara-parque-revolucion-y-recupera-espacios-publicos\\\/#primaryimage\"},\"image\":{\"@id\":\"https:\\\/\\\/continuamosmx.com\\\/index.php\\\/2026\\\/04\\\/30\\\/naucalpan-apuesta-por-la-ninez-rehabilitara-parque-revolucion-y-recupera-espacios-publicos\\\/#primaryimage\"},\"thumbnailUrl\":\"https:\\\/\\\/continuamosmx.com\\\/wp-content\\\/uploads\\\/2026\\\/04\\\/nnnn.jpg\",\"datePublished\":\"2026-05-01T01:56:36+00:00\",\"dateModified\":\"2026-05-01T01:56:37+00:00\",\"breadcrumb\":{\"@id\":\"https:\\\/\\\/continuamosmx.com\\\/index.php\\\/2026\\\/04\\\/30\\\/naucalpan-apuesta-por-la-ninez-rehabilitara-parque-revolucion-y-recupera-espacios-publicos\\\/#breadcrumb\"},\"inLanguage\":\"es\",\"potentialAction\":[{\"@type\":\"ReadAction\",\"target\":[\"https:\\\/\\\/continuamosmx.com\\\/index.php\\\/2026\\\/04\\\/30\\\/naucalpan-apuesta-por-la-ninez-rehabilitara-parque-revolucion-y-recupera-espacios-publicos\\\/\"]}]},{\"@type\":\"ImageObject\",\"inLanguage\":\"es\",\"@id\":\"https:\\\/\\\/continuamosmx.com\\\/index.php\\\/2026\\\/04\\\/30\\\/naucalpan-apuesta-por-la-ninez-rehabilitara-parque-revolucion-y-recupera-espacios-publicos\\\/#primaryimage\",\"url\":\"https:\\\/\\\/continuamosmx.com\\\/wp-content\\\/uploads\\\/2026\\\/04\\\/nnnn.jpg\",\"contentUrl\":\"https:\\\/\\\/continuamosmx.com\\\/wp-content\\\/uploads\\\/2026\\\/04\\\/nnnn.jpg\",\"width\":1600,\"height\":1124},{\"@type\":\"BreadcrumbList\",\"@id\":\"https:\\\/\\\/continuamosmx.com\\\/index.php\\\/2026\\\/04\\\/30\\\/naucalpan-apuesta-por-la-ninez-rehabilitara-parque-revolucion-y-recupera-espacios-publicos\\\/#breadcrumb\",\"itemListElement\":[{\"@type\":\"ListItem\",\"position\":1,\"name\":\"Inicio\",\"item\":\"https:\\\/\\\/continuamosmx.com\\\/\"},{\"@type\":\"ListItem\",\"position\":2,\"name\":\"NAUCALPAN APUESTA POR LA NI\u00d1EZ: REHABILITAR\u00c1 PARQUE REVOLUCI\u00d3N Y RECUPERA ESPACIOS P\u00daBLICOS\"}]},{\"@type\":\"WebSite\",\"@id\":\"https:\\\/\\\/continuamosmx.com\\\/#website\",\"url\":\"https:\\\/\\\/continuamosmx.com\\\/\",\"name\":\"www.continuamosmx.com\",\"description\":\"\",\"publisher\":{\"@id\":\"https:\\\/\\\/continuamosmx.com\\\/#organization\"},\"potentialAction\":[{\"@type\":\"SearchAction\",\"target\":{\"@type\":\"EntryPoint\",\"urlTemplate\":\"https:\\\/\\\/continuamosmx.com\\\/?s={search_term_string}\"},\"query-input\":{\"@type\":\"PropertyValueSpecification\",\"valueRequired\":true,\"valueName\":\"search_term_string\"}}],\"inLanguage\":\"es\"},{\"@type\":\"Organization\",\"@id\":\"https:\\\/\\\/continuamosmx.com\\\/#organization\",\"name\":\"ContinuamosMX\",\"url\":\"https:\\\/\\\/continuamosmx.com\\\/\",\"logo\":{\"@type\":\"ImageObject\",\"inLanguage\":\"es\",\"@id\":\"https:\\\/\\\/continuamosmx.com\\\/#\\\/schema\\\/logo\\\/image\\\/\",\"url\":\"https:\\\/\\\/continuamosmx.com\\\/wp-content\\\/uploads\\\/2023\\\/04\\\/cropped-LOGO-CONTI-NUEVO.png\",\"contentUrl\":\"https:\\\/\\\/continuamosmx.com\\\/wp-content\\\/uploads\\\/2023\\\/04\\\/cropped-LOGO-CONTI-NUEVO.png\",\"width\":1257,\"height\":430,\"caption\":\"ContinuamosMX\"},\"image\":{\"@id\":\"https:\\\/\\\/continuamosmx.com\\\/#\\\/schema\\\/logo\\\/image\\\/\"}},{\"@type\":\"Person\",\"@id\":\"https:\\\/\\\/continuamosmx.com\\\/#\\\/schema\\\/person\\\/5eb5356acb1fad784da407d14f0e8d89\",\"name\":\"Continuamos MX\",\"image\":{\"@type\":\"ImageObject\",\"inLanguage\":\"es\",\"@id\":\"https:\\\/\\\/secure.gravatar.com\\\/avatar\\\/30d4f9723476a15f4da34d35fb3501f08d2357016c76051c6a85c354c7489589?s=96&d=mm&r=g\",\"url\":\"https:\\\/\\\/secure.gravatar.com\\\/avatar\\\/30d4f9723476a15f4da34d35fb3501f08d2357016c76051c6a85c354c7489589?s=96&d=mm&r=g\",\"contentUrl\":\"https:\\\/\\\/secure.gravatar.com\\\/avatar\\\/30d4f9723476a15f4da34d35fb3501f08d2357016c76051c6a85c354c7489589?s=96&d=mm&r=g\",\"caption\":\"Continuamos MX\"},\"sameAs\":[\"http:\\\/\\\/www.continuamos.mx\"],\"url\":\"https:\\\/\\\/continuamosmx.com\\\/index.php\\\/author\\\/continuamos\\\/\"}]}<\/script>\n<!-- \/ Yoast SEO plugin. -->","yoast_head_json":{"title":"NAUCALPAN APUESTA POR LA NI\u00d1EZ: REHABILITAR\u00c1 PARQUE REVOLUCI\u00d3N Y RECUPERA ESPACIOS P\u00daBLICOS -","robots":{"index":"index","follow":"follow","max-snippet":"max-snippet:-1","max-image-preview":"max-image-preview:large","max-video-preview":"max-video-preview:-1"},"canonical":"https:\/\/continuamosmx.com\/index.php\/2026\/04\/30\/naucalpan-apuesta-por-la-ninez-rehabilitara-parque-revolucion-y-recupera-espacios-publicos\/","og_locale":"es_ES","og_type":"article","og_title":"NAUCALPAN APUESTA POR LA NI\u00d1EZ: REHABILITAR\u00c1 PARQUE REVOLUCI\u00d3N Y RECUPERA ESPACIOS P\u00daBLICOS -","og_description":"M\u00e1s de mil asistentes en festival infantil; gobierno anuncia reconstrucci\u00f3n de parque con enfoque inclusivo. Naucalpan de Ju\u00e1rez, En el marco del D\u00eda de la Ni\u00f1a y el Ni\u00f1o, el gobierno municipal encabezado por Isaac Montoya M\u00e1rquez anunci\u00f3 la reconstrucci\u00f3n del Parque Revoluci\u00f3n, como parte de una estrategia integral de rescate de espacios p\u00fablicos y [&hellip;]","og_url":"https:\/\/continuamosmx.com\/index.php\/2026\/04\/30\/naucalpan-apuesta-por-la-ninez-rehabilitara-parque-revolucion-y-recupera-espacios-publicos\/","article_published_time":"2026-05-01T01:56:36+00:00","article_modified_time":"2026-05-01T01:56:37+00:00","og_image":[{"width":1600,"height":1124,"url":"https:\/\/continuamosmx.com\/wp-content\/uploads\/2026\/04\/nnnn.jpg","type":"image\/jpeg"}],"author":"Continuamos MX","twitter_card":"summary_large_image","twitter_misc":{"Escrito por":"Continuamos MX","Tiempo de lectura":"2 minutos"},"schema":{"@context":"https:\/\/schema.org","@graph":[{"@type":"Article","@id":"https:\/\/continuamosmx.com\/index.php\/2026\/04\/30\/naucalpan-apuesta-por-la-ninez-rehabilitara-parque-revolucion-y-recupera-espacios-publicos\/#article","isPartOf":{"@id":"https:\/\/continuamosmx.com\/index.php\/2026\/04\/30\/naucalpan-apuesta-por-la-ninez-rehabilitara-parque-revolucion-y-recupera-espacios-publicos\/"},"author":{"name":"Continuamos MX","@id":"https:\/\/continuamosmx.com\/#\/schema\/person\/5eb5356acb1fad784da407d14f0e8d89"},"headline":"NAUCALPAN APUESTA POR LA NI\u00d1EZ: REHABILITAR\u00c1 PARQUE REVOLUCI\u00d3N Y RECUPERA ESPACIOS P\u00daBLICOS","datePublished":"2026-05-01T01:56:36+00:00","dateModified":"2026-05-01T01:56:37+00:00","mainEntityOfPage":{"@id":"https:\/\/continuamosmx.com\/index.php\/2026\/04\/30\/naucalpan-apuesta-por-la-ninez-rehabilitara-parque-revolucion-y-recupera-espacios-publicos\/"},"wordCount":326,"publisher":{"@id":"https:\/\/continuamosmx.com\/#organization"},"image":{"@id":"https:\/\/continuamosmx.com\/index.php\/2026\/04\/30\/naucalpan-apuesta-por-la-ninez-rehabilitara-parque-revolucion-y-recupera-espacios-publicos\/#primaryimage"},"thumbnailUrl":"https:\/\/continuamosmx.com\/wp-content\/uploads\/2026\/04\/nnnn.jpg","articleSection":["LOCALES","NAUCALPAN"],"inLanguage":"es"},{"@type":"WebPage","@id":"https:\/\/continuamosmx.com\/index.php\/2026\/04\/30\/naucalpan-apuesta-por-la-ninez-rehabilitara-parque-revolucion-y-recupera-espacios-publicos\/","url":"https:\/\/continuamosmx.com\/index.php\/2026\/04\/30\/naucalpan-apuesta-por-la-ninez-rehabilitara-parque-revolucion-y-recupera-espacios-publicos\/","name":"NAUCALPAN APUESTA POR LA NI\u00d1EZ: REHABILITAR\u00c1 PARQUE REVOLUCI\u00d3N Y RECUPERA ESPACIOS P\u00daBLICOS -","isPartOf":{"@id":"https:\/\/continuamosmx.com\/#website"},"primaryImageOfPage":{"@id":"https:\/\/continuamosmx.com\/index.php\/2026\/04\/30\/naucalpan-apuesta-por-la-ninez-rehabilitara-parque-revolucion-y-recupera-espacios-publicos\/#primaryimage"},"image":{"@id":"https:\/\/continuamosmx.com\/index.php\/2026\/04\/30\/naucalpan-apuesta-por-la-ninez-rehabilitara-parque-revolucion-y-recupera-espacios-publicos\/#primaryimage"},"thumbnailUrl":"https:\/\/continuamosmx.com\/wp-content\/uploads\/2026\/04\/nnnn.jpg","datePublished":"2026-05-01T01:56:36+00:00","dateModified":"2026-05-01T01:56:37+00:00","breadcrumb":{"@id":"https:\/\/continuamosmx.com\/index.php\/2026\/04\/30\/naucalpan-apuesta-por-la-ninez-rehabilitara-parque-revolucion-y-recupera-espacios-publicos\/#breadcrumb"},"inLanguage":"es","potentialAction":[{"@type":"ReadAction","target":["https:\/\/continuamosmx.com\/index.php\/2026\/04\/30\/naucalpan-apuesta-por-la-ninez-rehabilitara-parque-revolucion-y-recupera-espacios-publicos\/"]}]},{"@type":"ImageObject","inLanguage":"es","@id":"https:\/\/continuamosmx.com\/index.php\/2026\/04\/30\/naucalpan-apuesta-por-la-ninez-rehabilitara-parque-revolucion-y-recupera-espacios-publicos\/#primaryimage","url":"https:\/\/continuamosmx.com\/wp-content\/uploads\/2026\/04\/nnnn.jpg","contentUrl":"https:\/\/continuamosmx.com\/wp-content\/uploads\/2026\/04\/nnnn.jpg","width":1600,"height":1124},{"@type":"BreadcrumbList","@id":"https:\/\/continuamosmx.com\/index.php\/2026\/04\/30\/naucalpan-apuesta-por-la-ninez-rehabilitara-parque-revolucion-y-recupera-espacios-publicos\/#breadcrumb","itemListElement":[{"@type":"ListItem","position":1,"name":"Inicio","item":"https:\/\/continuamosmx.com\/"},{"@type":"ListItem","position":2,"name":"NAUCALPAN APUESTA POR LA NI\u00d1EZ: REHABILITAR\u00c1 PARQUE REVOLUCI\u00d3N Y RECUPERA ESPACIOS P\u00daBLICOS"}]},{"@type":"WebSite","@id":"https:\/\/continuamosmx.com\/#website","url":"https:\/\/continuamosmx.com\/","name":"www.continuamosmx.com","description":"","publisher":{"@id":"https:\/\/continuamosmx.com\/#organization"},"potentialAction":[{"@type":"SearchAction","target":{"@type":"EntryPoint","urlTemplate":"https:\/\/continuamosmx.com\/?s={search_term_string}"},"query-input":{"@type":"PropertyValueSpecification","valueRequired":true,"valueName":"search_term_string"}}],"inLanguage":"es"},{"@type":"Organization","@id":"https:\/\/continuamosmx.com\/#organization","name":"ContinuamosMX","url":"https:\/\/continuamosmx.com\/","logo":{"@type":"ImageObject","inLanguage":"es","@id":"https:\/\/continuamosmx.com\/#\/schema\/logo\/image\/","url":"https:\/\/continuamosmx.com\/wp-content\/uploads\/2023\/04\/cropped-LOGO-CONTI-NUEVO.png","contentUrl":"https:\/\/continuamosmx.com\/wp-content\/uploads\/2023\/04\/cropped-LOGO-CONTI-NUEVO.png","width":1257,"height":430,"caption":"ContinuamosMX"},"image":{"@id":"https:\/\/continuamosmx.com\/#\/schema\/logo\/image\/"}},{"@type":"Person","@id":"https:\/\/continuamosmx.com\/#\/schema\/person\/5eb5356acb1fad784da407d14f0e8d89","name":"Continuamos MX","image":{"@type":"ImageObject","inLanguage":"es","@id":"https:\/\/secure.gravatar.com\/avatar\/30d4f9723476a15f4da34d35fb3501f08d2357016c76051c6a85c354c7489589?s=96&d=mm&r=g","url":"https:\/\/secure.gravatar.com\/avatar\/30d4f9723476a15f4da34d35fb3501f08d2357016c76051c6a85c354c7489589?s=96&d=mm&r=g","contentUrl":"https:\/\/secure.gravatar.com\/avatar\/30d4f9723476a15f4da34d35fb3501f08d2357016c76051c6a85c354c7489589?s=96&d=mm&r=g","caption":"Continuamos MX"},"sameAs":["http:\/\/www.continuamos.mx"],"url":"https:\/\/continuamosmx.com\/index.php\/author\/continuamos\/"}]}},"_links":{"self":[{"href":"https:\/\/continuamosmx.com\/index.php\/wp-json\/wp\/v2\/posts\/54747","targetHints":{"allow":["GET"]}}],"collection":[{"href":"https:\/\/continuamosmx.com\/index.php\/wp-json\/wp\/v2\/posts"}],"about":[{"href":"https:\/\/continuamosmx.com\/index.php\/wp-json\/wp\/v2\/types\/post"}],"author":[{"embeddable":true,"href":"https:\/\/continuamosmx.com\/index.php\/wp-json\/wp\/v2\/users\/6"}],"replies":[{"embeddable":true,"href":"https:\/\/continuamosmx.com\/index.php\/wp-json\/wp\/v2\/comments?post=54747"}],"version-history":[{"count":1,"href":"https:\/\/continuamosmx.com\/index.php\/wp-json\/wp\/v2\/posts\/54747\/revisions"}],"predecessor-version":[{"id":54749,"href":"https:\/\/continuamosmx.com\/index.php\/wp-json\/wp\/v2\/posts\/54747\/revisions\/54749"}],"wp:featuredmedia":[{"embeddable":true,"href":"https:\/\/continuamosmx.com\/index.php\/wp-json\/wp\/v2\/media\/54748"}],"wp:attachment":[{"href":"https:\/\/continuamosmx.com\/index.php\/wp-json\/wp\/v2\/media?parent=54747"}],"wp:term":[{"taxonomy":"category","embeddable":true,"href":"https:\/\/continuamosmx.com\/index.php\/wp-json\/wp\/v2\/categories?post=54747"},{"taxonomy":"post_tag","embeddable":true,"href":"https:\/\/continuamosmx.com\/index.php\/wp-json\/wp\/v2\/tags?post=54747"}],"curies":[{"name":"wp","href":"https:\/\/api.w.org\/{rel}","templated":true}]}}