{"id":54741,"date":"2026-04-30T19:30:29","date_gmt":"2026-05-01T01:30:29","guid":{"rendered":"https:\/\/continuamosmx.com\/?p=54741"},"modified":"2026-04-30T19:30:30","modified_gmt":"2026-05-01T01:30:30","slug":"el-ser-y-la-nada-esencia-y-tiempo-20","status":"publish","type":"post","link":"https:\/\/continuamosmx.com\/index.php\/2026\/04\/30\/el-ser-y-la-nada-esencia-y-tiempo-20\/","title":{"rendered":"EL SER Y LA NADA. ESENCIA Y TIEMPO"},"content":{"rendered":"\n<p><strong>Meditaciones de Marco Aurelio o la paradoja de gobernarse a uno mismo en un mundo que no obedece<\/strong><\/p>\n\n\n\n<p>Por: Fernando Lira Flores*<\/p>\n\n\n\n<p>\u00a1Hola de nuevo! Bienvenidos a esta entrega de <em>El Ser y la Nada. Esencia y Tiempo<\/em>.<\/p>\n\n\n\n<p>Debo comentar que, he finalizado la lectura de un libro, el cual, como todo texto, te deja una ense\u00f1anza profunda -o simple-, pero ense\u00f1anza al fin.<\/p>\n\n\n\n<p>La lectura del libro de Meditaciones de Marco Aurelio, me ha dejado un excelente sabor de boca que quiero encausar en este art\u00edculo de opini\u00f3n.<\/p>\n\n\n\n<p><strong>NOTA:<\/strong> En Meditaciones, el lector encontrar\u00e1 reflexiones \u00edntimas sobre el dominio de uno mismo, la disciplina del pensamiento y la aceptaci\u00f3n del destino; todo esto mediante un ejercicio constante de autogobierno frente a la adversidad cotidiana.<\/p>\n\n\n\n<p><strong>Continuamos\u2026<\/strong><\/p>\n\n\n\n<p>En nuestra vida, la expectativa de que todo deber\u00eda salir conforme a nuestros planes; y, cuando esto no ocurre -y casi siempre nunca pasa as\u00ed-, aparece la frustraci\u00f3n.<\/p>\n\n\n\n<p>Es aqu\u00ed cuando iniciamos con la voz de Marco Aurelio, que <strong>no ofrece consuelo f\u00e1cil<\/strong>, sino una advertencia l\u00facida.<\/p>\n\n\n\n<p>En Meditaciones (Libro II, \u00a71) escribe: <em>\u201cHoy me encontrar\u00e9 con personas entrometidas, ingratas, arrogantes\u2026\u201d<\/em>. No es una queja, m\u00e1s bien es un entrenamiento mental.<\/p>\n\n\n\n<p>Por ejemplo: en el entorno laboral, esto cobra forma cuando un jefe desestima una idea bien trabajada, o un compa\u00f1ero se atribuye m\u00e9ritos ajenos. Y, la reacci\u00f3n inmediata suele ser la indignaci\u00f3n.<\/p>\n\n\n\n<p>La Estoica, sin embargo, nos indica que debemos aceptar que eso forma parte de la condici\u00f3n humana, y habr\u00e1 que decidir no contaminarse con ello.<\/p>\n\n\n\n<p>Por ende, surge una cuesti\u00f3n que ser\u00eda: \u00bfqu\u00e9 tanto de tu malestar diario proviene realmente de lo que ocurre\u2026 y qu\u00e9 tanto de la expectativa de que las personas deber\u00edan actuar como t\u00fa quisieras?<\/p>\n\n\n\n<p>As\u00ed la filosof\u00eda estoica que practicaba el emperador, no elimina el conflicto; lo interioriza y se desplaza hacia un eje de que ya no se trata de controlar lo que ocurre, sino de gobernar lo que pensamos sobre ello.<\/p>\n\n\n\n<p>Otro aspecto que quiero tratar de esta obra es que en el libro VI, \u00a78, Marco Aurelio es tajante: <em>\u201cLa felicidad de tu vida depende de la calidad de tus pensamientos\u201d<\/em>. Esto resuena con la crudeza existencial -espero-, que de esta columna del Ser y la Nada, emana, en donde, indicamos que no hay refugio en lo externo, solo responsabilidad radical sobre la propia conciencia.<\/p>\n\n\n\n<p>Al respecto, pensemos en un estudiante que enfrenta un examen decisivo. Este, puede ceder al discurso interno de incapacidad o asumir -como propone Marco Aurelio-, que el reto no es un enemigo, sino una ocasi\u00f3n para forjar el car\u00e1cter.<\/p>\n\n\n\n<p>Una m\u00e1xima m\u00e1s, tomada del texto es la del libro V, \u00a720: <em>\u201cLo que se interpone en el camino se convierte en el camino\u201d<\/em>. El fracaso, entonces, deja de ser un final y se convierte en un m\u00e9todo para comenzar.<\/p>\n\n\n\n<p><strong>Esto puede ser interpretado como c<\/strong>uando enfrentas un obst\u00e1culo, \u00bflo dilucidas como una prueba de tus l\u00edmites\u2026 o como una oportunidad para expandirlos?<\/p>\n\n\n\n<p>As\u00ed, en la vida cotidiana, esta postura exige una disciplina poco popular que es dejar de culpar.<\/p>\n\n\n\n<p>Por ejemplo: el tr\u00e1nsito no desaparecer\u00e1 por nuestra prisa; la carga de trabajo no disminuir\u00e1 por nuestra queja y el profesor no acceder\u00e1 a mis ideas, sugerencias y m\u00e1s por puro capricho propio.<\/p>\n\n\n\n<p>Sin embargo, algo s\u00ed puede transformarse en la manera en que habitamos y abordamos esas circunstancias.<\/p>\n\n\n\n<p>En casa, esto se traduce en responder con mesura en medio de tensiones familiares; en el trabajo, en cumplir con integridad, aunque nadie observe; en el estudio, en persistir cuando la motivaci\u00f3n se ha agotado.<\/p>\n\n\n\n<p>Por lo tanto, esto no es optimismo ingenuo, es realismo activo. Y, si eliminaras la queja de tu rutina diaria, \u00bfqu\u00e9 acciones concretas tomar\u00edas en su lugar?<\/p>\n\n\n\n<p>Recuerda que, Marco Aurelio no escribe para inspirar multitudes, sino para sostenerse a s\u00ed mismo. Quiz\u00e1 por eso su pensamiento se considerar\u00eda impertinente, ya que no promete recompensas externas, m\u00e1s bien, exige coherencia interna.<\/p>\n\n\n\n<p>En el libro IV, \u00a73, deja una idea que hoy resulta casi revolucionaria, e indica que: \u201c<em>En ning\u00fan lugar puede el hombre encontrar un retiro m\u00e1s tranquilo que en su propia alma\u201d<\/em>.<\/p>\n\n\n\n<p>Y actualmente, en una \u00e9poca obsesionada con la validaci\u00f3n externa, esta afirmaci\u00f3n obliga a mirar hacia dentro, donde no hay excusas ni distracciones.<\/p>\n\n\n\n<p>Pongamos unos ejemplos simples al respecto: un profesionista que trabaja sin reconocimiento, un estudiante que se esfuerza sin resultados inmediatos, una persona que enfrenta conflictos familiares.<\/p>\n\n\n\n<p>Todos comparten un punto en com\u00fan que ser\u00eda: la tentaci\u00f3n de abandonar su centro interior y depender de lo externo.<\/p>\n\n\n\n<p>Ahora te pregunto: \u00bfEn qu\u00e9 medida tu paz depende de factores que no controlas? \u00bfQu\u00e9 pasar\u00eda si comenzaras a construirla desde dentro?<\/p>\n\n\n\n<p>Por lo tanto, podemos indicar que la relevancia del libro de Meditaciones de Marco Aurelio, y la filosof\u00eda del estoicismo no est\u00e1n en su antig\u00fcedad, sino que est\u00e1n vigentes.<\/p>\n\n\n\n<p>En un mundo que no obedece, la \u00fanica forma de libertad real es el dominio de uno mismo. Y eso, lejos de ser una teor\u00eda, es una pr\u00e1ctica diaria y profundamente transformadora.<\/p>\n\n\n\n<p><strong>Para finalizar, les dejo con la siguiente reflexi\u00f3n:<\/strong> Si hoy decidieras gobernarte a ti mismo con la misma disciplina que exiges del mundo, \u00bfqu\u00e9 cambiar\u00eda primero: tus circunstancias\u2026 o tu forma de vivirlas?<\/p>\n\n\n\n<p>Si este art\u00edculo despert\u00f3 alguna idea, una duda o incluso una inquietud\u2026 entonces ya vali\u00f3 la pena. Te invito a compartir tu punto de vista en Continuamos.mx, en la secci\u00f3n <em>El Ser y la Nada. Esencia y Tiempo<\/em>. Porque, tu voz tambi\u00e9n construye este espacio.<\/p>\n\n\n\n<p>Hasta el siguiente art\u00edculo del Ser y la Nada, Esencia y Tiempo, En donde la cuesti\u00f3n ser\u00eda\u2026 \u00bfseguir\u00e1s esperando que el mundo cambie\u2026 o comenzar\u00e1s, por fin, a gobernarte a ti mismo?<\/p>\n\n\n\n<p><em>*Administrador de Baldemart y Asociados S.C. y docente desde bachillerato hasta posgrados en instituciones educativas p\u00fablicas y privadas.<\/em><\/p>\n\n\n\n<figure class=\"wp-block-audio\"><audio controls src=\"https:\/\/continuamosmx.com\/wp-content\/uploads\/2026\/04\/art.-13.mp3\"><\/audio><\/figure>\n","protected":false},"excerpt":{"rendered":"<p>Meditaciones de Marco Aurelio o la paradoja de gobernarse a uno mismo en un mundo que no obedece Por: Fernando Lira Flores* \u00a1Hola de nuevo! Bienvenidos a esta entrega de El Ser y la Nada. Esencia y Tiempo. Debo comentar que, he finalizado la lectura de un libro, el cual, como todo texto, te deja [&hellip;]<\/p>\n","protected":false},"author":6,"featured_media":53879,"comment_status":"closed","ping_status":"closed","sticky":false,"template":"","format":"standard","meta":{"footnotes":""},"categories":[10,9],"tags":[],"class_list":["post-54741","post","type-post","status-publish","format-standard","has-post-thumbnail","hentry","category-articulo-de-contenido","category-columnas"],"yoast_head":"<!-- This site is optimized with the Yoast SEO plugin v27.5 - https:\/\/yoast.com\/product\/yoast-seo-wordpress\/ -->\n<title>EL SER Y LA NADA. ESENCIA Y TIEMPO -<\/title>\n<meta name=\"robots\" content=\"index, follow, max-snippet:-1, max-image-preview:large, max-video-preview:-1\" \/>\n<link rel=\"canonical\" href=\"https:\/\/continuamosmx.com\/index.php\/2026\/04\/30\/el-ser-y-la-nada-esencia-y-tiempo-20\/\" \/>\n<meta property=\"og:locale\" content=\"es_ES\" \/>\n<meta property=\"og:type\" content=\"article\" \/>\n<meta property=\"og:title\" content=\"EL SER Y LA NADA. ESENCIA Y TIEMPO -\" \/>\n<meta property=\"og:description\" content=\"Meditaciones de Marco Aurelio o la paradoja de gobernarse a uno mismo en un mundo que no obedece Por: Fernando Lira Flores* \u00a1Hola de nuevo! Bienvenidos a esta entrega de El Ser y la Nada. Esencia y Tiempo. Debo comentar que, he finalizado la lectura de un libro, el cual, como todo texto, te deja [&hellip;]\" \/>\n<meta property=\"og:url\" content=\"https:\/\/continuamosmx.com\/index.php\/2026\/04\/30\/el-ser-y-la-nada-esencia-y-tiempo-20\/\" \/>\n<meta property=\"article:published_time\" content=\"2026-05-01T01:30:29+00:00\" \/>\n<meta property=\"article:modified_time\" content=\"2026-05-01T01:30:30+00:00\" \/>\n<meta property=\"og:image\" content=\"https:\/\/continuamosmx.com\/wp-content\/uploads\/2026\/03\/lira.png\" \/>\n\t<meta property=\"og:image:width\" content=\"348\" \/>\n\t<meta property=\"og:image:height\" content=\"397\" \/>\n\t<meta property=\"og:image:type\" content=\"image\/png\" \/>\n<meta name=\"author\" content=\"Continuamos MX\" \/>\n<meta name=\"twitter:card\" content=\"summary_large_image\" \/>\n<meta name=\"twitter:label1\" content=\"Escrito por\" \/>\n\t<meta name=\"twitter:data1\" content=\"Continuamos MX\" \/>\n\t<meta name=\"twitter:label2\" content=\"Tiempo de lectura\" \/>\n\t<meta name=\"twitter:data2\" content=\"5 minutos\" \/>\n<script type=\"application\/ld+json\" class=\"yoast-schema-graph\">{\"@context\":\"https:\\\/\\\/schema.org\",\"@graph\":[{\"@type\":\"Article\",\"@id\":\"https:\\\/\\\/continuamosmx.com\\\/index.php\\\/2026\\\/04\\\/30\\\/el-ser-y-la-nada-esencia-y-tiempo-20\\\/#article\",\"isPartOf\":{\"@id\":\"https:\\\/\\\/continuamosmx.com\\\/index.php\\\/2026\\\/04\\\/30\\\/el-ser-y-la-nada-esencia-y-tiempo-20\\\/\"},\"author\":{\"name\":\"Continuamos MX\",\"@id\":\"https:\\\/\\\/continuamosmx.com\\\/#\\\/schema\\\/person\\\/5eb5356acb1fad784da407d14f0e8d89\"},\"headline\":\"EL SER Y LA NADA. ESENCIA Y TIEMPO\",\"datePublished\":\"2026-05-01T01:30:29+00:00\",\"dateModified\":\"2026-05-01T01:30:30+00:00\",\"mainEntityOfPage\":{\"@id\":\"https:\\\/\\\/continuamosmx.com\\\/index.php\\\/2026\\\/04\\\/30\\\/el-ser-y-la-nada-esencia-y-tiempo-20\\\/\"},\"wordCount\":1032,\"publisher\":{\"@id\":\"https:\\\/\\\/continuamosmx.com\\\/#organization\"},\"image\":{\"@id\":\"https:\\\/\\\/continuamosmx.com\\\/index.php\\\/2026\\\/04\\\/30\\\/el-ser-y-la-nada-esencia-y-tiempo-20\\\/#primaryimage\"},\"thumbnailUrl\":\"https:\\\/\\\/continuamosmx.com\\\/wp-content\\\/uploads\\\/2026\\\/03\\\/lira.png\",\"articleSection\":[\"ART\u00cdCULO DE CONTENIDO\",\"COLUMNAS\"],\"inLanguage\":\"es\"},{\"@type\":\"WebPage\",\"@id\":\"https:\\\/\\\/continuamosmx.com\\\/index.php\\\/2026\\\/04\\\/30\\\/el-ser-y-la-nada-esencia-y-tiempo-20\\\/\",\"url\":\"https:\\\/\\\/continuamosmx.com\\\/index.php\\\/2026\\\/04\\\/30\\\/el-ser-y-la-nada-esencia-y-tiempo-20\\\/\",\"name\":\"EL SER Y LA NADA. ESENCIA Y TIEMPO -\",\"isPartOf\":{\"@id\":\"https:\\\/\\\/continuamosmx.com\\\/#website\"},\"primaryImageOfPage\":{\"@id\":\"https:\\\/\\\/continuamosmx.com\\\/index.php\\\/2026\\\/04\\\/30\\\/el-ser-y-la-nada-esencia-y-tiempo-20\\\/#primaryimage\"},\"image\":{\"@id\":\"https:\\\/\\\/continuamosmx.com\\\/index.php\\\/2026\\\/04\\\/30\\\/el-ser-y-la-nada-esencia-y-tiempo-20\\\/#primaryimage\"},\"thumbnailUrl\":\"https:\\\/\\\/continuamosmx.com\\\/wp-content\\\/uploads\\\/2026\\\/03\\\/lira.png\",\"datePublished\":\"2026-05-01T01:30:29+00:00\",\"dateModified\":\"2026-05-01T01:30:30+00:00\",\"breadcrumb\":{\"@id\":\"https:\\\/\\\/continuamosmx.com\\\/index.php\\\/2026\\\/04\\\/30\\\/el-ser-y-la-nada-esencia-y-tiempo-20\\\/#breadcrumb\"},\"inLanguage\":\"es\",\"potentialAction\":[{\"@type\":\"ReadAction\",\"target\":[\"https:\\\/\\\/continuamosmx.com\\\/index.php\\\/2026\\\/04\\\/30\\\/el-ser-y-la-nada-esencia-y-tiempo-20\\\/\"]}]},{\"@type\":\"ImageObject\",\"inLanguage\":\"es\",\"@id\":\"https:\\\/\\\/continuamosmx.com\\\/index.php\\\/2026\\\/04\\\/30\\\/el-ser-y-la-nada-esencia-y-tiempo-20\\\/#primaryimage\",\"url\":\"https:\\\/\\\/continuamosmx.com\\\/wp-content\\\/uploads\\\/2026\\\/03\\\/lira.png\",\"contentUrl\":\"https:\\\/\\\/continuamosmx.com\\\/wp-content\\\/uploads\\\/2026\\\/03\\\/lira.png\",\"width\":348,\"height\":397},{\"@type\":\"BreadcrumbList\",\"@id\":\"https:\\\/\\\/continuamosmx.com\\\/index.php\\\/2026\\\/04\\\/30\\\/el-ser-y-la-nada-esencia-y-tiempo-20\\\/#breadcrumb\",\"itemListElement\":[{\"@type\":\"ListItem\",\"position\":1,\"name\":\"Inicio\",\"item\":\"https:\\\/\\\/continuamosmx.com\\\/\"},{\"@type\":\"ListItem\",\"position\":2,\"name\":\"EL SER Y LA NADA. ESENCIA Y TIEMPO\"}]},{\"@type\":\"WebSite\",\"@id\":\"https:\\\/\\\/continuamosmx.com\\\/#website\",\"url\":\"https:\\\/\\\/continuamosmx.com\\\/\",\"name\":\"www.continuamosmx.com\",\"description\":\"\",\"publisher\":{\"@id\":\"https:\\\/\\\/continuamosmx.com\\\/#organization\"},\"potentialAction\":[{\"@type\":\"SearchAction\",\"target\":{\"@type\":\"EntryPoint\",\"urlTemplate\":\"https:\\\/\\\/continuamosmx.com\\\/?s={search_term_string}\"},\"query-input\":{\"@type\":\"PropertyValueSpecification\",\"valueRequired\":true,\"valueName\":\"search_term_string\"}}],\"inLanguage\":\"es\"},{\"@type\":\"Organization\",\"@id\":\"https:\\\/\\\/continuamosmx.com\\\/#organization\",\"name\":\"ContinuamosMX\",\"url\":\"https:\\\/\\\/continuamosmx.com\\\/\",\"logo\":{\"@type\":\"ImageObject\",\"inLanguage\":\"es\",\"@id\":\"https:\\\/\\\/continuamosmx.com\\\/#\\\/schema\\\/logo\\\/image\\\/\",\"url\":\"https:\\\/\\\/continuamosmx.com\\\/wp-content\\\/uploads\\\/2023\\\/04\\\/cropped-LOGO-CONTI-NUEVO.png\",\"contentUrl\":\"https:\\\/\\\/continuamosmx.com\\\/wp-content\\\/uploads\\\/2023\\\/04\\\/cropped-LOGO-CONTI-NUEVO.png\",\"width\":1257,\"height\":430,\"caption\":\"ContinuamosMX\"},\"image\":{\"@id\":\"https:\\\/\\\/continuamosmx.com\\\/#\\\/schema\\\/logo\\\/image\\\/\"}},{\"@type\":\"Person\",\"@id\":\"https:\\\/\\\/continuamosmx.com\\\/#\\\/schema\\\/person\\\/5eb5356acb1fad784da407d14f0e8d89\",\"name\":\"Continuamos MX\",\"image\":{\"@type\":\"ImageObject\",\"inLanguage\":\"es\",\"@id\":\"https:\\\/\\\/secure.gravatar.com\\\/avatar\\\/30d4f9723476a15f4da34d35fb3501f08d2357016c76051c6a85c354c7489589?s=96&d=mm&r=g\",\"url\":\"https:\\\/\\\/secure.gravatar.com\\\/avatar\\\/30d4f9723476a15f4da34d35fb3501f08d2357016c76051c6a85c354c7489589?s=96&d=mm&r=g\",\"contentUrl\":\"https:\\\/\\\/secure.gravatar.com\\\/avatar\\\/30d4f9723476a15f4da34d35fb3501f08d2357016c76051c6a85c354c7489589?s=96&d=mm&r=g\",\"caption\":\"Continuamos MX\"},\"sameAs\":[\"http:\\\/\\\/www.continuamos.mx\"],\"url\":\"https:\\\/\\\/continuamosmx.com\\\/index.php\\\/author\\\/continuamos\\\/\"}]}<\/script>\n<!-- \/ Yoast SEO plugin. -->","yoast_head_json":{"title":"EL SER Y LA NADA. ESENCIA Y TIEMPO -","robots":{"index":"index","follow":"follow","max-snippet":"max-snippet:-1","max-image-preview":"max-image-preview:large","max-video-preview":"max-video-preview:-1"},"canonical":"https:\/\/continuamosmx.com\/index.php\/2026\/04\/30\/el-ser-y-la-nada-esencia-y-tiempo-20\/","og_locale":"es_ES","og_type":"article","og_title":"EL SER Y LA NADA. ESENCIA Y TIEMPO -","og_description":"Meditaciones de Marco Aurelio o la paradoja de gobernarse a uno mismo en un mundo que no obedece Por: Fernando Lira Flores* \u00a1Hola de nuevo! Bienvenidos a esta entrega de El Ser y la Nada. Esencia y Tiempo. Debo comentar que, he finalizado la lectura de un libro, el cual, como todo texto, te deja [&hellip;]","og_url":"https:\/\/continuamosmx.com\/index.php\/2026\/04\/30\/el-ser-y-la-nada-esencia-y-tiempo-20\/","article_published_time":"2026-05-01T01:30:29+00:00","article_modified_time":"2026-05-01T01:30:30+00:00","og_image":[{"width":348,"height":397,"url":"https:\/\/continuamosmx.com\/wp-content\/uploads\/2026\/03\/lira.png","type":"image\/png"}],"author":"Continuamos MX","twitter_card":"summary_large_image","twitter_misc":{"Escrito por":"Continuamos MX","Tiempo de lectura":"5 minutos"},"schema":{"@context":"https:\/\/schema.org","@graph":[{"@type":"Article","@id":"https:\/\/continuamosmx.com\/index.php\/2026\/04\/30\/el-ser-y-la-nada-esencia-y-tiempo-20\/#article","isPartOf":{"@id":"https:\/\/continuamosmx.com\/index.php\/2026\/04\/30\/el-ser-y-la-nada-esencia-y-tiempo-20\/"},"author":{"name":"Continuamos MX","@id":"https:\/\/continuamosmx.com\/#\/schema\/person\/5eb5356acb1fad784da407d14f0e8d89"},"headline":"EL SER Y LA NADA. ESENCIA Y TIEMPO","datePublished":"2026-05-01T01:30:29+00:00","dateModified":"2026-05-01T01:30:30+00:00","mainEntityOfPage":{"@id":"https:\/\/continuamosmx.com\/index.php\/2026\/04\/30\/el-ser-y-la-nada-esencia-y-tiempo-20\/"},"wordCount":1032,"publisher":{"@id":"https:\/\/continuamosmx.com\/#organization"},"image":{"@id":"https:\/\/continuamosmx.com\/index.php\/2026\/04\/30\/el-ser-y-la-nada-esencia-y-tiempo-20\/#primaryimage"},"thumbnailUrl":"https:\/\/continuamosmx.com\/wp-content\/uploads\/2026\/03\/lira.png","articleSection":["ART\u00cdCULO DE CONTENIDO","COLUMNAS"],"inLanguage":"es"},{"@type":"WebPage","@id":"https:\/\/continuamosmx.com\/index.php\/2026\/04\/30\/el-ser-y-la-nada-esencia-y-tiempo-20\/","url":"https:\/\/continuamosmx.com\/index.php\/2026\/04\/30\/el-ser-y-la-nada-esencia-y-tiempo-20\/","name":"EL SER Y LA NADA. ESENCIA Y TIEMPO -","isPartOf":{"@id":"https:\/\/continuamosmx.com\/#website"},"primaryImageOfPage":{"@id":"https:\/\/continuamosmx.com\/index.php\/2026\/04\/30\/el-ser-y-la-nada-esencia-y-tiempo-20\/#primaryimage"},"image":{"@id":"https:\/\/continuamosmx.com\/index.php\/2026\/04\/30\/el-ser-y-la-nada-esencia-y-tiempo-20\/#primaryimage"},"thumbnailUrl":"https:\/\/continuamosmx.com\/wp-content\/uploads\/2026\/03\/lira.png","datePublished":"2026-05-01T01:30:29+00:00","dateModified":"2026-05-01T01:30:30+00:00","breadcrumb":{"@id":"https:\/\/continuamosmx.com\/index.php\/2026\/04\/30\/el-ser-y-la-nada-esencia-y-tiempo-20\/#breadcrumb"},"inLanguage":"es","potentialAction":[{"@type":"ReadAction","target":["https:\/\/continuamosmx.com\/index.php\/2026\/04\/30\/el-ser-y-la-nada-esencia-y-tiempo-20\/"]}]},{"@type":"ImageObject","inLanguage":"es","@id":"https:\/\/continuamosmx.com\/index.php\/2026\/04\/30\/el-ser-y-la-nada-esencia-y-tiempo-20\/#primaryimage","url":"https:\/\/continuamosmx.com\/wp-content\/uploads\/2026\/03\/lira.png","contentUrl":"https:\/\/continuamosmx.com\/wp-content\/uploads\/2026\/03\/lira.png","width":348,"height":397},{"@type":"BreadcrumbList","@id":"https:\/\/continuamosmx.com\/index.php\/2026\/04\/30\/el-ser-y-la-nada-esencia-y-tiempo-20\/#breadcrumb","itemListElement":[{"@type":"ListItem","position":1,"name":"Inicio","item":"https:\/\/continuamosmx.com\/"},{"@type":"ListItem","position":2,"name":"EL SER Y LA NADA. ESENCIA Y TIEMPO"}]},{"@type":"WebSite","@id":"https:\/\/continuamosmx.com\/#website","url":"https:\/\/continuamosmx.com\/","name":"www.continuamosmx.com","description":"","publisher":{"@id":"https:\/\/continuamosmx.com\/#organization"},"potentialAction":[{"@type":"SearchAction","target":{"@type":"EntryPoint","urlTemplate":"https:\/\/continuamosmx.com\/?s={search_term_string}"},"query-input":{"@type":"PropertyValueSpecification","valueRequired":true,"valueName":"search_term_string"}}],"inLanguage":"es"},{"@type":"Organization","@id":"https:\/\/continuamosmx.com\/#organization","name":"ContinuamosMX","url":"https:\/\/continuamosmx.com\/","logo":{"@type":"ImageObject","inLanguage":"es","@id":"https:\/\/continuamosmx.com\/#\/schema\/logo\/image\/","url":"https:\/\/continuamosmx.com\/wp-content\/uploads\/2023\/04\/cropped-LOGO-CONTI-NUEVO.png","contentUrl":"https:\/\/continuamosmx.com\/wp-content\/uploads\/2023\/04\/cropped-LOGO-CONTI-NUEVO.png","width":1257,"height":430,"caption":"ContinuamosMX"},"image":{"@id":"https:\/\/continuamosmx.com\/#\/schema\/logo\/image\/"}},{"@type":"Person","@id":"https:\/\/continuamosmx.com\/#\/schema\/person\/5eb5356acb1fad784da407d14f0e8d89","name":"Continuamos MX","image":{"@type":"ImageObject","inLanguage":"es","@id":"https:\/\/secure.gravatar.com\/avatar\/30d4f9723476a15f4da34d35fb3501f08d2357016c76051c6a85c354c7489589?s=96&d=mm&r=g","url":"https:\/\/secure.gravatar.com\/avatar\/30d4f9723476a15f4da34d35fb3501f08d2357016c76051c6a85c354c7489589?s=96&d=mm&r=g","contentUrl":"https:\/\/secure.gravatar.com\/avatar\/30d4f9723476a15f4da34d35fb3501f08d2357016c76051c6a85c354c7489589?s=96&d=mm&r=g","caption":"Continuamos MX"},"sameAs":["http:\/\/www.continuamos.mx"],"url":"https:\/\/continuamosmx.com\/index.php\/author\/continuamos\/"}]}},"_links":{"self":[{"href":"https:\/\/continuamosmx.com\/index.php\/wp-json\/wp\/v2\/posts\/54741","targetHints":{"allow":["GET"]}}],"collection":[{"href":"https:\/\/continuamosmx.com\/index.php\/wp-json\/wp\/v2\/posts"}],"about":[{"href":"https:\/\/continuamosmx.com\/index.php\/wp-json\/wp\/v2\/types\/post"}],"author":[{"embeddable":true,"href":"https:\/\/continuamosmx.com\/index.php\/wp-json\/wp\/v2\/users\/6"}],"replies":[{"embeddable":true,"href":"https:\/\/continuamosmx.com\/index.php\/wp-json\/wp\/v2\/comments?post=54741"}],"version-history":[{"count":1,"href":"https:\/\/continuamosmx.com\/index.php\/wp-json\/wp\/v2\/posts\/54741\/revisions"}],"predecessor-version":[{"id":54743,"href":"https:\/\/continuamosmx.com\/index.php\/wp-json\/wp\/v2\/posts\/54741\/revisions\/54743"}],"wp:featuredmedia":[{"embeddable":true,"href":"https:\/\/continuamosmx.com\/index.php\/wp-json\/wp\/v2\/media\/53879"}],"wp:attachment":[{"href":"https:\/\/continuamosmx.com\/index.php\/wp-json\/wp\/v2\/media?parent=54741"}],"wp:term":[{"taxonomy":"category","embeddable":true,"href":"https:\/\/continuamosmx.com\/index.php\/wp-json\/wp\/v2\/categories?post=54741"},{"taxonomy":"post_tag","embeddable":true,"href":"https:\/\/continuamosmx.com\/index.php\/wp-json\/wp\/v2\/tags?post=54741"}],"curies":[{"name":"wp","href":"https:\/\/api.w.org\/{rel}","templated":true}]}}